{"id":187267,"date":"2024-04-09T08:54:00","date_gmt":"2024-04-09T15:54:00","guid":{"rendered":"https:\/\/www.sonoraenequipo.com.mx\/?p=187267"},"modified":"2024-04-09T19:35:48","modified_gmt":"2024-04-10T02:35:48","slug":"cancilleres-de-la-celac-se-reuniran-para-debatir-violaciones-de-ecuador-a-embajada-mexicana","status":"publish","type":"post","link":"https:\/\/www.sonoraenequipo.com.mx\/cancilleres-de-la-celac-se-reuniran-para-debatir-violaciones-de-ecuador-a-embajada-mexicana\/","title":{"rendered":"Cancilleres de la Celac se reunir\u00e1n para debatir violaciones de Ecuador a embajada mexicana"},"content":{"rendered":"<p><strong>HONDURAS. \u2014<\/strong> La presidenta pro tempore de la Comunidad de Estados Latinoamericanos y caribe\u00f1os (Celac) y mandataria de Honduras, Xiomara Castro, anunci\u00f3 que <strong>este martes 9 de abril<\/strong> se reunir\u00e1n los cancilleres de los Estados miembros de cara a la Cumbre Presidencial que tomar\u00e1 decisiones respecto a las violaciones que cometi\u00f3 Ecuador tras el asalto de la embajada de M\u00e9xico en Quito.<\/p>\n<p>&nbsp;<\/p>\n<p> <\/p>\n<p>A trav\u00e9s de su red social, Castro inform\u00f3 de la Tro\u00efka de CELAC que se celebr\u00f3 este lunes, se <strong><em>\u201clogr\u00f3 consenso para realizar la reuni\u00f3n virtual de Cancilleres \u201c,<\/em> <\/strong>de los pa\u00edses miembros de la Comunidad, a partir de las 10 de la ma\u00f1ana, hora de Honduras.<\/p>\n<p>&nbsp;<\/p>\n<p>&nbsp;<\/p>\n<p>En la referida plataforma social, comparti\u00f3 im\u00e1genes de la agenda propuesta por la Presidencia Pro Tempore (PPP). En el comunicado resalta varias propuestas a la Cumbre de presidentes.<\/p>\n<p>&nbsp;<\/p>\n<p>&nbsp;<\/p>\n<p>Entre las cuales subrayan <strong><em>\u201cla firme condena de la CELAC al Estado de Ecuador por el ingreso ilegal de las fuerzas de seguridad a la Embajada de M\u00e9xico en Quito, haciendo uso indebido de la fuerza violentando el principio de inviolabilidad de las sedes diplom\u00e1ticas y el secuestro del exvicepresidente Jorge Glas, ocurrido el pasado 5 de abril de 2024\u201c.<\/em><\/strong><\/p>\n<p>&nbsp;<\/p>\n<h3>\nPermitir proceso de asilo a Jorge Glas<\/h3>\n<p>&nbsp;<\/p>\n<p>Asimismo, sugieren organizar un grupo de un m\u00e1ximo de 7 Estados de la CELAC, \u201cpara definir acciones con el prop\u00f3sito de requerir al Gobierno del Ecuador la rectificaci\u00f3n por los hechos ocurridos \u201c.<\/p>\n<p>&nbsp;<\/p>\n<p>&nbsp;<\/p>\n<p>En el documento, la PPP del mecanismo regional explica que esta medida instar\u00e1 al presidente Daniel Noboa \u201creconducir el procedimiento adecuado de las normas de Asilo solicitado por el exvicepresidente Jorge Glas \u201c. As\u00ed como \u201cpromover el di\u00e1logo para normalizar las relaciones con M\u00e9xico \u201c.<\/p>\n<p>&nbsp;<\/p>\n<p>&nbsp;<\/p>\n<p>Finalmente, en la propuesta acent\u00faa que, en caso contrario, la Cumbre de presidentes podr\u00eda<strong><em> \u201ctomar posiciones pol\u00edticas, ya sean estas en conjunto, bilaterales o en organismo multilaterales para obligarle a su cumplimiento \u201c.<\/em><\/strong><\/p>\n<p>&nbsp;<\/p>\n<p>Cabe acotar que la presidente Xiomara Castro convocar\u00e1 a la Cumbre de presidentes de la CELAC el pr\u00f3ximo viernes 12 de abril.<\/p>\n<p>&nbsp;<\/p>\n<p>&nbsp;<\/p>\n<p>PUBLICADO EL 08 DE ABRIL DE 2024\/ Con informaci\u00f3n de Press Venezuela)<\/p>\n","protected":false},"excerpt":{"rendered":"<p>HONDURAS. \u2014 La presidenta pro tempore de la Comunidad de Estados Latinoamericanos y caribe\u00f1os (Celac)&#8230;<\/p>\n","protected":false},"author":1,"featured_media":187268,"comment_status":"open","ping_status":"open","sticky":false,"template":"","format":"standard","meta":{"_monsterinsights_skip_tracking":false,"_monsterinsights_sitenote_active":false,"_monsterinsights_sitenote_note":"","_monsterinsights_sitenote_category":0,"footnotes":""},"categories":[3,5],"tags":[],"class_list":["post"],"yoast_head":" \n<title>Sonora en Equipo. Cancilleres de la Celac se reunir\u00e1n para debatir violaciones de Ecuador a embajada mexicana MUNDO<\/title>\n<meta name=\"description\" content=\"HONDURAS. \u2014 La presidenta pro tempore de la Comunidad de Estados Latinoamericanos y caribe\u00f1os (Celac) y mandataria de Honduras, Xiomara Castro, anunci\u00f3 En Sonora en Equipo publicamos toda la informaci\u00f3n de Sonora, M\u00e9xico y el Mundo de manera oportuna y busca que la libertad de expresi\u00f3n sea real. Visita nuestro medio informativo publicado desde Hermosillo, Sonora. %\" \/>\n<meta name=\"robots\" content=\"index, follow, max-snippet:-1, max-image-preview:large, max-video-preview:-1\" \/>\n<link rel=\"canonical\" href=\"https:\/\/www.sonoraenequipo.com.mx\/cancilleres-de-la-celac-se-reuniran-para-debatir-violaciones-de-ecuador-a-embajada-mexicana\/\" \/>\n<meta property=\"og:locale\" content=\"es_ES\" \/>\n<meta property=\"og:type\" content=\"article\" \/>\n<meta property=\"og:title\" content=\"Sonora en Equipo. Cancilleres de la Celac se reunir\u00e1n para debatir violaciones de Ecuador a embajada mexicana MUNDO\" \/>\n<meta property=\"og:description\" content=\"HONDURAS. \u2014 La presidenta pro tempore de la Comunidad de Estados Latinoamericanos y caribe\u00f1os (Celac) y mandataria de Honduras, Xiomara Castro, anunci\u00f3 En Sonora en Equipo publicamos toda la informaci\u00f3n de Sonora, M\u00e9xico y el Mundo de manera oportuna y busca que la libertad de expresi\u00f3n sea real. Visita nuestro medio informativo publicado desde Hermosillo, Sonora. %\" \/>\n<meta property=\"og:url\" content=\"https:\/\/www.sonoraenequipo.com.mx\/cancilleres-de-la-celac-se-reuniran-para-debatir-violaciones-de-ecuador-a-embajada-mexicana\/\" \/>\n<meta property=\"og:site_name\" content=\"Sonora en Equipo.\" \/>\n<meta property=\"article:publisher\" content=\"https:\/\/www.facebook.com\/SonoraEE\/\" \/>\n<meta property=\"article:author\" content=\"https:\/\/www.facebook.com\/SonoraEE\" \/>\n<meta property=\"article:published_time\" content=\"2024-04-09T15:54:00+00:00\" \/>\n<meta property=\"article:modified_time\" content=\"2024-04-10T02:35:48+00:00\" \/>\n<meta property=\"og:image\" content=\"https:\/\/www.sonoraenequipo.com.mx\/storage\/2024\/04\/celac-reunion-min.jpg\" \/>\n\t<meta property=\"og:image:width\" content=\"1536\" \/>\n\t<meta property=\"og:image:height\" content=\"864\" \/>\n\t<meta property=\"og:image:type\" content=\"image\/jpeg\" \/>\n<meta name=\"author\" content=\"enequipo\" \/>\n<meta name=\"twitter:card\" content=\"summary_large_image\" \/>\n<meta name=\"twitter:creator\" content=\"@sonoraenequipo\" \/>\n<meta name=\"twitter:site\" content=\"@sonoraenequipo\" \/>\n<meta name=\"twitter:label1\" content=\"Escrito por\" \/>\n\t<meta name=\"twitter:data1\" content=\"enequipo\" \/>\n\t<meta name=\"twitter:label2\" content=\"Tiempo de lectura\" \/>\n\t<meta name=\"twitter:data2\" content=\"2 minutos\" \/>\n<script type=\"application\/ld+json\" class=\"yoast-schema-graph\">{\"@context\":\"https:\/\/schema.org\",\"@graph\":[{\"@type\":\"Article\",\"@id\":\"https:\/\/www.sonoraenequipo.com.mx\/cancilleres-de-la-celac-se-reuniran-para-debatir-violaciones-de-ecuador-a-embajada-mexicana\/#article\",\"isPartOf\":{\"@id\":\"https:\/\/www.sonoraenequipo.com.mx\/cancilleres-de-la-celac-se-reuniran-para-debatir-violaciones-de-ecuador-a-embajada-mexicana\/\"},\"author\":{\"name\":\"enequipo\",\"@id\":\"https:\/\/www.sonoraenequipo.com.mx\/#\/schema\/person\/50102df0fb23a8fa9e8effad8fa81386\"},\"headline\":\"Cancilleres de la Celac se reunir\u00e1n para debatir violaciones de Ecuador a embajada mexicana\",\"datePublished\":\"2024-04-09T15:54:00+00:00\",\"dateModified\":\"2024-04-10T02:35:48+00:00\",\"mainEntityOfPage\":{\"@id\":\"https:\/\/www.sonoraenequipo.com.mx\/cancilleres-de-la-celac-se-reuniran-para-debatir-violaciones-de-ecuador-a-embajada-mexicana\/\"},\"wordCount\":385,\"commentCount\":0,\"publisher\":{\"@id\":\"https:\/\/www.sonoraenequipo.com.mx\/#organization\"},\"image\":{\"@id\":\"https:\/\/www.sonoraenequipo.com.mx\/cancilleres-de-la-celac-se-reuniran-para-debatir-violaciones-de-ecuador-a-embajada-mexicana\/#primaryimage\"},\"thumbnailUrl\":\"https:\/\/www.sonoraenequipo.com.mx\/storage\/2024\/04\/celac-reunion-min.jpg\",\"articleSection\":[\"MUNDO\",\"Rep\u00fablica\"],\"inLanguage\":\"es\",\"potentialAction\":[{\"@type\":\"CommentAction\",\"name\":\"Comment\",\"target\":[\"https:\/\/www.sonoraenequipo.com.mx\/cancilleres-de-la-celac-se-reuniran-para-debatir-violaciones-de-ecuador-a-embajada-mexicana\/#respond\"]}]},{\"@type\":\"WebPage\",\"@id\":\"https:\/\/www.sonoraenequipo.com.mx\/cancilleres-de-la-celac-se-reuniran-para-debatir-violaciones-de-ecuador-a-embajada-mexicana\/\",\"url\":\"https:\/\/www.sonoraenequipo.com.mx\/cancilleres-de-la-celac-se-reuniran-para-debatir-violaciones-de-ecuador-a-embajada-mexicana\/\",\"name\":\"Sonora en Equipo. Cancilleres de la Celac se reunir\u00e1n para debatir violaciones de Ecuador a embajada mexicana MUNDO\",\"isPartOf\":{\"@id\":\"https:\/\/www.sonoraenequipo.com.mx\/#website\"},\"primaryImageOfPage\":{\"@id\":\"https:\/\/www.sonoraenequipo.com.mx\/cancilleres-de-la-celac-se-reuniran-para-debatir-violaciones-de-ecuador-a-embajada-mexicana\/#primaryimage\"},\"image\":{\"@id\":\"https:\/\/www.sonoraenequipo.com.mx\/cancilleres-de-la-celac-se-reuniran-para-debatir-violaciones-de-ecuador-a-embajada-mexicana\/#primaryimage\"},\"thumbnailUrl\":\"https:\/\/www.sonoraenequipo.com.mx\/storage\/2024\/04\/celac-reunion-min.jpg\",\"datePublished\":\"2024-04-09T15:54:00+00:00\",\"dateModified\":\"2024-04-10T02:35:48+00:00\",\"description\":\"HONDURAS. \u2014 La presidenta pro tempore de la Comunidad de Estados Latinoamericanos y caribe\u00f1os (Celac) y mandataria de Honduras, Xiomara Castro, anunci\u00f3 En Sonora en Equipo publicamos toda la informaci\u00f3n de Sonora, M\u00e9xico y el Mundo de manera oportuna y busca que la libertad de expresi\u00f3n sea real. Visita nuestro medio informativo publicado desde Hermosillo, Sonora. %\",\"breadcrumb\":{\"@id\":\"https:\/\/www.sonoraenequipo.com.mx\/cancilleres-de-la-celac-se-reuniran-para-debatir-violaciones-de-ecuador-a-embajada-mexicana\/#breadcrumb\"},\"inLanguage\":\"es\",\"potentialAction\":[{\"@type\":\"ReadAction\",\"target\":[\"https:\/\/www.sonoraenequipo.com.mx\/cancilleres-de-la-celac-se-reuniran-para-debatir-violaciones-de-ecuador-a-embajada-mexicana\/\"]}]},{\"@type\":\"ImageObject\",\"inLanguage\":\"es\",\"@id\":\"https:\/\/www.sonoraenequipo.com.mx\/cancilleres-de-la-celac-se-reuniran-para-debatir-violaciones-de-ecuador-a-embajada-mexicana\/#primaryimage\",\"url\":\"https:\/\/www.sonoraenequipo.com.mx\/storage\/2024\/04\/celac-reunion-min.jpg\",\"contentUrl\":\"https:\/\/www.sonoraenequipo.com.mx\/storage\/2024\/04\/celac-reunion-min.jpg\",\"width\":1536,\"height\":864},{\"@type\":\"BreadcrumbList\",\"@id\":\"https:\/\/www.sonoraenequipo.com.mx\/cancilleres-de-la-celac-se-reuniran-para-debatir-violaciones-de-ecuador-a-embajada-mexicana\/#breadcrumb\",\"itemListElement\":[{\"@type\":\"ListItem\",\"position\":1,\"name\":\"Portada\",\"item\":\"https:\/\/www.sonoraenequipo.com.mx\/\"},{\"@type\":\"ListItem\",\"position\":2,\"name\":\"Cancilleres de la Celac se reunir\u00e1n para debatir violaciones de Ecuador a embajada mexicana\"}]},{\"@type\":\"WebSite\",\"@id\":\"https:\/\/www.sonoraenequipo.com.mx\/#website\",\"url\":\"https:\/\/www.sonoraenequipo.com.mx\/\",\"name\":\"Sonora en Equipo.\",\"description\":\"Diario en l\u00ednea con Noticias desde Hermosillo, Sonora\",\"publisher\":{\"@id\":\"https:\/\/www.sonoraenequipo.com.mx\/#organization\"},\"potentialAction\":[{\"@type\":\"SearchAction\",\"target\":{\"@type\":\"EntryPoint\",\"urlTemplate\":\"https:\/\/www.sonoraenequipo.com.mx\/?s={search_term_string}\"},\"query-input\":{\"@type\":\"PropertyValueSpecification\",\"valueRequired\":true,\"valueName\":\"search_term_string\"}}],\"inLanguage\":\"es\"},{\"@type\":\"Organization\",\"@id\":\"https:\/\/www.sonoraenequipo.com.mx\/#organization\",\"name\":\"Sonoraenequipo.com.mx\",\"url\":\"https:\/\/www.sonoraenequipo.com.mx\/\",\"logo\":{\"@type\":\"ImageObject\",\"inLanguage\":\"es\",\"@id\":\"https:\/\/www.sonoraenequipo.com.mx\/#\/schema\/logo\/image\/\",\"url\":\"https:\/\/www.sonoraenequipo.com.mx\/storage\/2019\/01\/sonoraenequipo_opt.png\",\"contentUrl\":\"https:\/\/www.sonoraenequipo.com.mx\/storage\/2019\/01\/sonoraenequipo_opt.png\",\"width\":375,\"height\":125,\"caption\":\"Sonoraenequipo.com.mx\"},\"image\":{\"@id\":\"https:\/\/www.sonoraenequipo.com.mx\/#\/schema\/logo\/image\/\"},\"sameAs\":[\"https:\/\/www.facebook.com\/SonoraEE\/\",\"https:\/\/x.com\/sonoraenequipo\",\"https:\/\/www.youtube.com\/channel\/UC338nW-lPEYmJQs4ZABQ1SQ\"]},{\"@type\":\"Person\",\"@id\":\"https:\/\/www.sonoraenequipo.com.mx\/#\/schema\/person\/50102df0fb23a8fa9e8effad8fa81386\",\"name\":\"enequipo\",\"image\":{\"@type\":\"ImageObject\",\"inLanguage\":\"es\",\"@id\":\"https:\/\/www.sonoraenequipo.com.mx\/#\/schema\/person\/image\/\",\"url\":\"https:\/\/secure.gravatar.com\/avatar\/049821681b589dabc0bc20695993ccebb09f5b5d4d790cd9251b97faac7c652b?s=96&d=blank&r=g\",\"contentUrl\":\"https:\/\/secure.gravatar.com\/avatar\/049821681b589dabc0bc20695993ccebb09f5b5d4d790cd9251b97faac7c652b?s=96&d=blank&r=g\",\"caption\":\"enequipo\"},\"sameAs\":[\"https:\/\/www.facebook.com\/SonoraEE\"]}]}<\/script>\n ","yoast_head_json":{"title":"Sonora en Equipo. Cancilleres de la Celac se reunir\u00e1n para debatir violaciones de Ecuador a embajada mexicana MUNDO","description":"HONDURAS. \u2014 La presidenta pro tempore de la Comunidad de Estados Latinoamericanos y caribe\u00f1os (Celac) y mandataria de Honduras, Xiomara Castro, anunci\u00f3 En Sonora en Equipo publicamos toda la informaci\u00f3n de Sonora, M\u00e9xico y el Mundo de manera oportuna y busca que la libertad de expresi\u00f3n sea real. Visita nuestro medio informativo publicado desde Hermosillo, Sonora. %","robots":{"index":"index","follow":"follow","max-snippet":"max-snippet:-1","max-image-preview":"max-image-preview:large","max-video-preview":"max-video-preview:-1"},"canonical":"https:\/\/www.sonoraenequipo.com.mx\/cancilleres-de-la-celac-se-reuniran-para-debatir-violaciones-de-ecuador-a-embajada-mexicana\/","og_locale":"es_ES","og_type":"article","og_title":"Sonora en Equipo. Cancilleres de la Celac se reunir\u00e1n para debatir violaciones de Ecuador a embajada mexicana MUNDO","og_description":"HONDURAS. \u2014 La presidenta pro tempore de la Comunidad de Estados Latinoamericanos y caribe\u00f1os (Celac) y mandataria de Honduras, Xiomara Castro, anunci\u00f3 En Sonora en Equipo publicamos toda la informaci\u00f3n de Sonora, M\u00e9xico y el Mundo de manera oportuna y busca que la libertad de expresi\u00f3n sea real. Visita nuestro medio informativo publicado desde Hermosillo, Sonora. %","og_url":"https:\/\/www.sonoraenequipo.com.mx\/cancilleres-de-la-celac-se-reuniran-para-debatir-violaciones-de-ecuador-a-embajada-mexicana\/","og_site_name":"Sonora en Equipo.","article_publisher":"https:\/\/www.facebook.com\/SonoraEE\/","article_author":"https:\/\/www.facebook.com\/SonoraEE","article_published_time":"2024-04-09T15:54:00+00:00","article_modified_time":"2024-04-10T02:35:48+00:00","og_image":[{"width":1536,"height":864,"url":"https:\/\/www.sonoraenequipo.com.mx\/storage\/2024\/04\/celac-reunion-min.jpg","type":"image\/jpeg"}],"author":"enequipo","twitter_card":"summary_large_image","twitter_creator":"@sonoraenequipo","twitter_site":"@sonoraenequipo","twitter_misc":{"Escrito por":"enequipo","Tiempo de lectura":"2 minutos"},"schema":{"@context":"https:\/\/schema.org","@graph":[{"@type":"Article","@id":"https:\/\/www.sonoraenequipo.com.mx\/cancilleres-de-la-celac-se-reuniran-para-debatir-violaciones-de-ecuador-a-embajada-mexicana\/#article","isPartOf":{"@id":"https:\/\/www.sonoraenequipo.com.mx\/cancilleres-de-la-celac-se-reuniran-para-debatir-violaciones-de-ecuador-a-embajada-mexicana\/"},"author":{"name":"enequipo","@id":"https:\/\/www.sonoraenequipo.com.mx\/#\/schema\/person\/50102df0fb23a8fa9e8effad8fa81386"},"headline":"Cancilleres de la Celac se reunir\u00e1n para debatir violaciones de Ecuador a embajada mexicana","datePublished":"2024-04-09T15:54:00+00:00","dateModified":"2024-04-10T02:35:48+00:00","mainEntityOfPage":{"@id":"https:\/\/www.sonoraenequipo.com.mx\/cancilleres-de-la-celac-se-reuniran-para-debatir-violaciones-de-ecuador-a-embajada-mexicana\/"},"wordCount":385,"commentCount":0,"publisher":{"@id":"https:\/\/www.sonoraenequipo.com.mx\/#organization"},"image":{"@id":"https:\/\/www.sonoraenequipo.com.mx\/cancilleres-de-la-celac-se-reuniran-para-debatir-violaciones-de-ecuador-a-embajada-mexicana\/#primaryimage"},"thumbnailUrl":"https:\/\/www.sonoraenequipo.com.mx\/storage\/2024\/04\/celac-reunion-min.jpg","articleSection":["MUNDO","Rep\u00fablica"],"inLanguage":"es","potentialAction":[{"@type":"CommentAction","name":"Comment","target":["https:\/\/www.sonoraenequipo.com.mx\/cancilleres-de-la-celac-se-reuniran-para-debatir-violaciones-de-ecuador-a-embajada-mexicana\/#respond"]}]},{"@type":"WebPage","@id":"https:\/\/www.sonoraenequipo.com.mx\/cancilleres-de-la-celac-se-reuniran-para-debatir-violaciones-de-ecuador-a-embajada-mexicana\/","url":"https:\/\/www.sonoraenequipo.com.mx\/cancilleres-de-la-celac-se-reuniran-para-debatir-violaciones-de-ecuador-a-embajada-mexicana\/","name":"Sonora en Equipo. Cancilleres de la Celac se reunir\u00e1n para debatir violaciones de Ecuador a embajada mexicana MUNDO","isPartOf":{"@id":"https:\/\/www.sonoraenequipo.com.mx\/#website"},"primaryImageOfPage":{"@id":"https:\/\/www.sonoraenequipo.com.mx\/cancilleres-de-la-celac-se-reuniran-para-debatir-violaciones-de-ecuador-a-embajada-mexicana\/#primaryimage"},"image":{"@id":"https:\/\/www.sonoraenequipo.com.mx\/cancilleres-de-la-celac-se-reuniran-para-debatir-violaciones-de-ecuador-a-embajada-mexicana\/#primaryimage"},"thumbnailUrl":"https:\/\/www.sonoraenequipo.com.mx\/storage\/2024\/04\/celac-reunion-min.jpg","datePublished":"2024-04-09T15:54:00+00:00","dateModified":"2024-04-10T02:35:48+00:00","description":"HONDURAS. \u2014 La presidenta pro tempore de la Comunidad de Estados Latinoamericanos y caribe\u00f1os (Celac) y mandataria de Honduras, Xiomara Castro, anunci\u00f3 En Sonora en Equipo publicamos toda la informaci\u00f3n de Sonora, M\u00e9xico y el Mundo de manera oportuna y busca que la libertad de expresi\u00f3n sea real. Visita nuestro medio informativo publicado desde Hermosillo, Sonora. %","breadcrumb":{"@id":"https:\/\/www.sonoraenequipo.com.mx\/cancilleres-de-la-celac-se-reuniran-para-debatir-violaciones-de-ecuador-a-embajada-mexicana\/#breadcrumb"},"inLanguage":"es","potentialAction":[{"@type":"ReadAction","target":["https:\/\/www.sonoraenequipo.com.mx\/cancilleres-de-la-celac-se-reuniran-para-debatir-violaciones-de-ecuador-a-embajada-mexicana\/"]}]},{"@type":"ImageObject","inLanguage":"es","@id":"https:\/\/www.sonoraenequipo.com.mx\/cancilleres-de-la-celac-se-reuniran-para-debatir-violaciones-de-ecuador-a-embajada-mexicana\/#primaryimage","url":"https:\/\/www.sonoraenequipo.com.mx\/storage\/2024\/04\/celac-reunion-min.jpg","contentUrl":"https:\/\/www.sonoraenequipo.com.mx\/storage\/2024\/04\/celac-reunion-min.jpg","width":1536,"height":864},{"@type":"BreadcrumbList","@id":"https:\/\/www.sonoraenequipo.com.mx\/cancilleres-de-la-celac-se-reuniran-para-debatir-violaciones-de-ecuador-a-embajada-mexicana\/#breadcrumb","itemListElement":[{"@type":"ListItem","position":1,"name":"Portada","item":"https:\/\/www.sonoraenequipo.com.mx\/"},{"@type":"ListItem","position":2,"name":"Cancilleres de la Celac se reunir\u00e1n para debatir violaciones de Ecuador a embajada mexicana"}]},{"@type":"WebSite","@id":"https:\/\/www.sonoraenequipo.com.mx\/#website","url":"https:\/\/www.sonoraenequipo.com.mx\/","name":"Sonora en Equipo.","description":"Diario en l\u00ednea con Noticias desde Hermosillo, Sonora","publisher":{"@id":"https:\/\/www.sonoraenequipo.com.mx\/#organization"},"potentialAction":[{"@type":"SearchAction","target":{"@type":"EntryPoint","urlTemplate":"https:\/\/www.sonoraenequipo.com.mx\/?s={search_term_string}"},"query-input":{"@type":"PropertyValueSpecification","valueRequired":true,"valueName":"search_term_string"}}],"inLanguage":"es"},{"@type":"Organization","@id":"https:\/\/www.sonoraenequipo.com.mx\/#organization","name":"Sonoraenequipo.com.mx","url":"https:\/\/www.sonoraenequipo.com.mx\/","logo":{"@type":"ImageObject","inLanguage":"es","@id":"https:\/\/www.sonoraenequipo.com.mx\/#\/schema\/logo\/image\/","url":"https:\/\/www.sonoraenequipo.com.mx\/storage\/2019\/01\/sonoraenequipo_opt.png","contentUrl":"https:\/\/www.sonoraenequipo.com.mx\/storage\/2019\/01\/sonoraenequipo_opt.png","width":375,"height":125,"caption":"Sonoraenequipo.com.mx"},"image":{"@id":"https:\/\/www.sonoraenequipo.com.mx\/#\/schema\/logo\/image\/"},"sameAs":["https:\/\/www.facebook.com\/SonoraEE\/","https:\/\/x.com\/sonoraenequipo","https:\/\/www.youtube.com\/channel\/UC338nW-lPEYmJQs4ZABQ1SQ"]},{"@type":"Person","@id":"https:\/\/www.sonoraenequipo.com.mx\/#\/schema\/person\/50102df0fb23a8fa9e8effad8fa81386","name":"enequipo","image":{"@type":"ImageObject","inLanguage":"es","@id":"https:\/\/www.sonoraenequipo.com.mx\/#\/schema\/person\/image\/","url":"https:\/\/secure.gravatar.com\/avatar\/049821681b589dabc0bc20695993ccebb09f5b5d4d790cd9251b97faac7c652b?s=96&d=blank&r=g","contentUrl":"https:\/\/secure.gravatar.com\/avatar\/049821681b589dabc0bc20695993ccebb09f5b5d4d790cd9251b97faac7c652b?s=96&d=blank&r=g","caption":"enequipo"},"sameAs":["https:\/\/www.facebook.com\/SonoraEE"]}]}},"jetpack_featured_media_url":"https:\/\/www.sonoraenequipo.com.mx\/storage\/2024\/04\/celac-reunion-min.jpg","_links":{"self":[{"href":"https:\/\/www.sonoraenequipo.com.mx\/api\/wp\/v2\/posts\/187267","targetHints":{"allow":["GET"]}}],"collection":[{"href":"https:\/\/www.sonoraenequipo.com.mx\/api\/wp\/v2\/posts"}],"about":[{"href":"https:\/\/www.sonoraenequipo.com.mx\/api\/wp\/v2\/types\/post"}],"author":[{"embeddable":true,"href":"https:\/\/www.sonoraenequipo.com.mx\/api\/wp\/v2\/users\/1"}],"replies":[{"embeddable":true,"href":"https:\/\/www.sonoraenequipo.com.mx\/api\/wp\/v2\/comments?post=187267"}],"version-history":[{"count":1,"href":"https:\/\/www.sonoraenequipo.com.mx\/api\/wp\/v2\/posts\/187267\/revisions"}],"predecessor-version":[{"id":187269,"href":"https:\/\/www.sonoraenequipo.com.mx\/api\/wp\/v2\/posts\/187267\/revisions\/187269"}],"wp:featuredmedia":[{"embeddable":true,"href":"https:\/\/www.sonoraenequipo.com.mx\/api\/wp\/v2\/media\/187268"}],"wp:attachment":[{"href":"https:\/\/www.sonoraenequipo.com.mx\/api\/wp\/v2\/media?parent=187267"}],"wp:term":[{"taxonomy":"category","embeddable":true,"href":"https:\/\/www.sonoraenequipo.com.mx\/api\/wp\/v2\/categories?post=187267"},{"taxonomy":"post_tag","embeddable":true,"href":"https:\/\/www.sonoraenequipo.com.mx\/api\/wp\/v2\/tags?post=187267"}],"curies":[{"name":"wp","href":"https:\/\/api.w.org\/{rel}","templated":true}]}}