{"id":187276,"date":"2024-04-08T22:15:00","date_gmt":"2024-04-09T05:15:00","guid":{"rendered":"https:\/\/www.sonoraenequipo.com.mx\/?p=187276"},"modified":"2024-04-09T22:39:48","modified_gmt":"2024-04-10T05:39:48","slug":"187276-2","status":"publish","type":"post","link":"https:\/\/www.sonoraenequipo.com.mx\/187276-2\/","title":{"rendered":"La educaci\u00f3n como un derecho, ser\u00e1 el segundo piso de la 4T: Sheinbaum"},"content":{"rendered":"<p><strong>CIUDAD DE M\u00c9XICO. MX. \u2014<\/strong> Desde la primaria hasta la universidad, el derecho a una educaci\u00f3n universal, gratuita y de calidad ser\u00e1 el eje central del pr\u00f3ximo gobierno para avanzar en el desarrollo del pa\u00eds, indic\u00f3 la candidata por la coalici\u00f3n Sigamos Haciendo Historia, Claudia Sheinbaum Pardo.<\/p>\n<p> <br \/>\n<em><strong>\u201cLa educaci\u00f3n como derecho va a ser la esencia del pr\u00f3ximo gobierno. Vamos a crear m\u00e1s preparatorias, m\u00e1s universidades y vamos a hacer la universidad y los institutos t\u00e9cnicos totalmente gratuitos, p\u00fablicos. Para que todo joven que quiere estudiar la universidad tenga esa posibilidad\u201d.<\/strong><\/em><\/p>\n<p>En las instalaciones del Instituto Polit\u00e9cnico Nacional (IPN), la doctora Sheinbaum se present\u00f3, con el objetivo de dialogar sobre las estrategias de educaci\u00f3n que impulsar\u00e1 al llegar a la presidencia de la Rep\u00fablica, tales como la eliminaci\u00f3n del examen de admisi\u00f3n al bachillerato de la Comisi\u00f3n Metropolitana de Instituciones P\u00fablicas de Educaci\u00f3n Media Superior (Comipems).<\/p>\n<p><strong><em>\u201c\u00bfPor qu\u00e9 un joven de secundaria o un adolescente de secundaria que tiene 15 a\u00f1os no puede ir a la educaci\u00f3n media superior que le quede m\u00e1s cerca de su casa? [\u2026] \u00bfPor qu\u00e9 tiene que hacer un examen de admisi\u00f3n? [\u2026] Por eso, vamos a echar atr\u00e1s el examen del Comipems, porque todos los estudiantes deben entrar a la preparatoria que le quede m\u00e1s cerca de su casa. Porque queremos a los j\u00f3venes en la escuela. No queremos a los j\u00f3venes en la calle\u201d.<\/em><\/strong><\/p>\n<p>Igualmente, indic\u00f3 que, en el segundo piso de la cuarta transformaci\u00f3n, las universidades Rosario Castellanos y de la Salud ser\u00e1n nacionales. Con ello, se mitigar\u00e1 la deserci\u00f3n de j\u00f3venes que no logran ingresar a universidades p\u00fablicas debido al sistema neoliberal.<\/p>\n<p><em><strong>\u201cEsa palabra que marc\u00f3 el inicio del periodo neoliberal en nuestro pa\u00eds fue el cierre de los espacios educativos. Esta idea de que la excelencia educativa ven\u00eda del cierre del ingreso, que cerrar el espacio y hacer ex\u00e1menes de admisi\u00f3n para que los estudiantes fueran cada vez m\u00e1s excelentes. [\u2026] Y en realidad, s\u00ed se fijan, es una idea profundamente individualista\u201d.<\/strong><\/em><\/p>\n<p>En compa\u00f1\u00eda de la candidata a jefa de gobierno de la Ciudad de M\u00e9xico, Clara Brugada, y del cuerpo universitario, la doctora Sheinbaum reiter\u00f3 la importancia del humanismo mexicano para brindar los derechos que fueron olvidados debido a los intereses de privatizaci\u00f3n. Igualmente, extern\u00f3 que en su plan de gobierno ampliar\u00e1 la inversi\u00f3n de infraestructura para los espacios educativos, adem\u00e1s de que incluir\u00e1 las artes, la literatura y la educaci\u00f3n f\u00edsica en el aprendizaje.<\/p>\n<p>Con el prop\u00f3sito de conseguir el derecho a la educaci\u00f3n, la candidata presidencial prometi\u00f3 ampliar el n\u00famero de plazas a maestros, eliminar las colegiaturas en el sector de educaci\u00f3n p\u00fablica y ampliar becas en el nivel b\u00e1sico, as\u00ed como en el medio superior.<\/p>\n<p>Entre v\u00edtores, record\u00f3 la lucha de los j\u00f3venes de 1968, quienes fueron masacrados en Tlatelolco por las fuerzas armadas del entonces presidente, Gustavo D\u00edaz Ordaz. <em><strong>\u201cSi no rememoramos de d\u00f3nde venimos, tenemos la terrible posibilidad de que no sabemos a d\u00f3nde vamos y por qu\u00e9 luchamos\u201d.<\/strong><\/em><\/p>\n<p>PUBLICADO EL 09 DE ABRIL DE 2024\/ Con informaci\u00f3n de Contral\u00ednea)<\/p>\n","protected":false},"excerpt":{"rendered":"<p>CIUDAD DE M\u00c9XICO. MX. \u2014 Desde la primaria hasta la universidad, el derecho a una&#8230;<\/p>\n","protected":false},"author":1,"featured_media":187279,"comment_status":"open","ping_status":"open","sticky":false,"template":"","format":"standard","meta":{"_monsterinsights_skip_tracking":false,"_monsterinsights_sitenote_active":false,"_monsterinsights_sitenote_note":"","_monsterinsights_sitenote_category":0,"footnotes":""},"categories":[9400],"tags":[],"class_list":["post"],"yoast_head":" \n<title>Sonora en Equipo. La educaci\u00f3n como un derecho, ser\u00e1 el segundo piso de la 4T: Sheinbaum ELECCI\u00d3NES<\/title>\n<meta name=\"description\" content=\"CIUDAD DE M\u00c9XICO. MX. \u2014 Desde la primaria hasta la universidad, el derecho a una educaci\u00f3n universal, gratuita y de calidad ser\u00e1 el eje central del En Sonora en Equipo publicamos toda la informaci\u00f3n de Sonora, M\u00e9xico y el Mundo de manera oportuna y busca que la libertad de expresi\u00f3n sea real. Visita nuestro medio informativo publicado desde Hermosillo, Sonora. %\" \/>\n<meta name=\"robots\" content=\"index, follow, max-snippet:-1, max-image-preview:large, max-video-preview:-1\" \/>\n<link rel=\"canonical\" href=\"https:\/\/www.sonoraenequipo.com.mx\/187276-2\/\" \/>\n<meta property=\"og:locale\" content=\"es_ES\" \/>\n<meta property=\"og:type\" content=\"article\" \/>\n<meta property=\"og:title\" content=\"Sonora en Equipo. La educaci\u00f3n como un derecho, ser\u00e1 el segundo piso de la 4T: Sheinbaum ELECCI\u00d3NES\" \/>\n<meta property=\"og:description\" content=\"CIUDAD DE M\u00c9XICO. MX. \u2014 Desde la primaria hasta la universidad, el derecho a una educaci\u00f3n universal, gratuita y de calidad ser\u00e1 el eje central del En Sonora en Equipo publicamos toda la informaci\u00f3n de Sonora, M\u00e9xico y el Mundo de manera oportuna y busca que la libertad de expresi\u00f3n sea real. Visita nuestro medio informativo publicado desde Hermosillo, Sonora. %\" \/>\n<meta property=\"og:url\" content=\"https:\/\/www.sonoraenequipo.com.mx\/187276-2\/\" \/>\n<meta property=\"og:site_name\" content=\"Sonora en Equipo.\" \/>\n<meta property=\"article:publisher\" content=\"https:\/\/www.facebook.com\/SonoraEE\/\" \/>\n<meta property=\"article:author\" content=\"https:\/\/www.facebook.com\/SonoraEE\" \/>\n<meta property=\"article:published_time\" content=\"2024-04-09T05:15:00+00:00\" \/>\n<meta property=\"article:modified_time\" content=\"2024-04-10T05:39:48+00:00\" \/>\n<meta property=\"og:image\" content=\"https:\/\/www.sonoraenequipo.com.mx\/storage\/2024\/04\/claudia-sheinbaum.-educacion-min.jpg\" \/>\n\t<meta property=\"og:image:width\" content=\"900\" \/>\n\t<meta property=\"og:image:height\" content=\"506\" \/>\n\t<meta property=\"og:image:type\" content=\"image\/jpeg\" \/>\n<meta name=\"author\" content=\"enequipo\" \/>\n<meta name=\"twitter:card\" content=\"summary_large_image\" \/>\n<meta name=\"twitter:creator\" content=\"@sonoraenequipo\" \/>\n<meta name=\"twitter:site\" content=\"@sonoraenequipo\" \/>\n<meta name=\"twitter:label1\" content=\"Escrito por\" \/>\n\t<meta name=\"twitter:data1\" content=\"enequipo\" \/>\n\t<meta name=\"twitter:label2\" content=\"Tiempo de lectura\" \/>\n\t<meta name=\"twitter:data2\" content=\"3 minutos\" \/>\n<script type=\"application\/ld+json\" class=\"yoast-schema-graph\">{\"@context\":\"https:\/\/schema.org\",\"@graph\":[{\"@type\":\"Article\",\"@id\":\"https:\/\/www.sonoraenequipo.com.mx\/187276-2\/#article\",\"isPartOf\":{\"@id\":\"https:\/\/www.sonoraenequipo.com.mx\/187276-2\/\"},\"author\":{\"name\":\"enequipo\",\"@id\":\"https:\/\/www.sonoraenequipo.com.mx\/#\/schema\/person\/50102df0fb23a8fa9e8effad8fa81386\"},\"headline\":\"La educaci\u00f3n como un derecho, ser\u00e1 el segundo piso de la 4T: Sheinbaum\",\"datePublished\":\"2024-04-09T05:15:00+00:00\",\"dateModified\":\"2024-04-10T05:39:48+00:00\",\"mainEntityOfPage\":{\"@id\":\"https:\/\/www.sonoraenequipo.com.mx\/187276-2\/\"},\"wordCount\":569,\"commentCount\":0,\"publisher\":{\"@id\":\"https:\/\/www.sonoraenequipo.com.mx\/#organization\"},\"image\":{\"@id\":\"https:\/\/www.sonoraenequipo.com.mx\/187276-2\/#primaryimage\"},\"thumbnailUrl\":\"https:\/\/www.sonoraenequipo.com.mx\/storage\/2024\/04\/claudia-sheinbaum.-educacion-min.jpg\",\"articleSection\":[\"ELECCI\u00d3NES\"],\"inLanguage\":\"es\",\"potentialAction\":[{\"@type\":\"CommentAction\",\"name\":\"Comment\",\"target\":[\"https:\/\/www.sonoraenequipo.com.mx\/187276-2\/#respond\"]}]},{\"@type\":\"WebPage\",\"@id\":\"https:\/\/www.sonoraenequipo.com.mx\/187276-2\/\",\"url\":\"https:\/\/www.sonoraenequipo.com.mx\/187276-2\/\",\"name\":\"Sonora en Equipo. La educaci\u00f3n como un derecho, ser\u00e1 el segundo piso de la 4T: Sheinbaum ELECCI\u00d3NES\",\"isPartOf\":{\"@id\":\"https:\/\/www.sonoraenequipo.com.mx\/#website\"},\"primaryImageOfPage\":{\"@id\":\"https:\/\/www.sonoraenequipo.com.mx\/187276-2\/#primaryimage\"},\"image\":{\"@id\":\"https:\/\/www.sonoraenequipo.com.mx\/187276-2\/#primaryimage\"},\"thumbnailUrl\":\"https:\/\/www.sonoraenequipo.com.mx\/storage\/2024\/04\/claudia-sheinbaum.-educacion-min.jpg\",\"datePublished\":\"2024-04-09T05:15:00+00:00\",\"dateModified\":\"2024-04-10T05:39:48+00:00\",\"description\":\"CIUDAD DE M\u00c9XICO. MX. \u2014 Desde la primaria hasta la universidad, el derecho a una educaci\u00f3n universal, gratuita y de calidad ser\u00e1 el eje central del En Sonora en Equipo publicamos toda la informaci\u00f3n de Sonora, M\u00e9xico y el Mundo de manera oportuna y busca que la libertad de expresi\u00f3n sea real. Visita nuestro medio informativo publicado desde Hermosillo, Sonora. %\",\"breadcrumb\":{\"@id\":\"https:\/\/www.sonoraenequipo.com.mx\/187276-2\/#breadcrumb\"},\"inLanguage\":\"es\",\"potentialAction\":[{\"@type\":\"ReadAction\",\"target\":[\"https:\/\/www.sonoraenequipo.com.mx\/187276-2\/\"]}]},{\"@type\":\"ImageObject\",\"inLanguage\":\"es\",\"@id\":\"https:\/\/www.sonoraenequipo.com.mx\/187276-2\/#primaryimage\",\"url\":\"https:\/\/www.sonoraenequipo.com.mx\/storage\/2024\/04\/claudia-sheinbaum.-educacion-min.jpg\",\"contentUrl\":\"https:\/\/www.sonoraenequipo.com.mx\/storage\/2024\/04\/claudia-sheinbaum.-educacion-min.jpg\",\"width\":900,\"height\":506},{\"@type\":\"BreadcrumbList\",\"@id\":\"https:\/\/www.sonoraenequipo.com.mx\/187276-2\/#breadcrumb\",\"itemListElement\":[{\"@type\":\"ListItem\",\"position\":1,\"name\":\"Portada\",\"item\":\"https:\/\/www.sonoraenequipo.com.mx\/\"},{\"@type\":\"ListItem\",\"position\":2,\"name\":\"La educaci\u00f3n como un derecho, ser\u00e1 el segundo piso de la 4T: Sheinbaum\"}]},{\"@type\":\"WebSite\",\"@id\":\"https:\/\/www.sonoraenequipo.com.mx\/#website\",\"url\":\"https:\/\/www.sonoraenequipo.com.mx\/\",\"name\":\"Sonora en Equipo.\",\"description\":\"Diario en l\u00ednea con Noticias desde Hermosillo, Sonora\",\"publisher\":{\"@id\":\"https:\/\/www.sonoraenequipo.com.mx\/#organization\"},\"potentialAction\":[{\"@type\":\"SearchAction\",\"target\":{\"@type\":\"EntryPoint\",\"urlTemplate\":\"https:\/\/www.sonoraenequipo.com.mx\/?s={search_term_string}\"},\"query-input\":{\"@type\":\"PropertyValueSpecification\",\"valueRequired\":true,\"valueName\":\"search_term_string\"}}],\"inLanguage\":\"es\"},{\"@type\":\"Organization\",\"@id\":\"https:\/\/www.sonoraenequipo.com.mx\/#organization\",\"name\":\"Sonoraenequipo.com.mx\",\"url\":\"https:\/\/www.sonoraenequipo.com.mx\/\",\"logo\":{\"@type\":\"ImageObject\",\"inLanguage\":\"es\",\"@id\":\"https:\/\/www.sonoraenequipo.com.mx\/#\/schema\/logo\/image\/\",\"url\":\"https:\/\/www.sonoraenequipo.com.mx\/storage\/2019\/01\/sonoraenequipo_opt.png\",\"contentUrl\":\"https:\/\/www.sonoraenequipo.com.mx\/storage\/2019\/01\/sonoraenequipo_opt.png\",\"width\":375,\"height\":125,\"caption\":\"Sonoraenequipo.com.mx\"},\"image\":{\"@id\":\"https:\/\/www.sonoraenequipo.com.mx\/#\/schema\/logo\/image\/\"},\"sameAs\":[\"https:\/\/www.facebook.com\/SonoraEE\/\",\"https:\/\/x.com\/sonoraenequipo\",\"https:\/\/www.youtube.com\/channel\/UC338nW-lPEYmJQs4ZABQ1SQ\"]},{\"@type\":\"Person\",\"@id\":\"https:\/\/www.sonoraenequipo.com.mx\/#\/schema\/person\/50102df0fb23a8fa9e8effad8fa81386\",\"name\":\"enequipo\",\"image\":{\"@type\":\"ImageObject\",\"inLanguage\":\"es\",\"@id\":\"https:\/\/www.sonoraenequipo.com.mx\/#\/schema\/person\/image\/\",\"url\":\"https:\/\/secure.gravatar.com\/avatar\/049821681b589dabc0bc20695993ccebb09f5b5d4d790cd9251b97faac7c652b?s=96&d=blank&r=g\",\"contentUrl\":\"https:\/\/secure.gravatar.com\/avatar\/049821681b589dabc0bc20695993ccebb09f5b5d4d790cd9251b97faac7c652b?s=96&d=blank&r=g\",\"caption\":\"enequipo\"},\"sameAs\":[\"https:\/\/www.facebook.com\/SonoraEE\"]}]}<\/script>\n ","yoast_head_json":{"title":"Sonora en Equipo. La educaci\u00f3n como un derecho, ser\u00e1 el segundo piso de la 4T: Sheinbaum ELECCI\u00d3NES","description":"CIUDAD DE M\u00c9XICO. MX. \u2014 Desde la primaria hasta la universidad, el derecho a una educaci\u00f3n universal, gratuita y de calidad ser\u00e1 el eje central del En Sonora en Equipo publicamos toda la informaci\u00f3n de Sonora, M\u00e9xico y el Mundo de manera oportuna y busca que la libertad de expresi\u00f3n sea real. Visita nuestro medio informativo publicado desde Hermosillo, Sonora. %","robots":{"index":"index","follow":"follow","max-snippet":"max-snippet:-1","max-image-preview":"max-image-preview:large","max-video-preview":"max-video-preview:-1"},"canonical":"https:\/\/www.sonoraenequipo.com.mx\/187276-2\/","og_locale":"es_ES","og_type":"article","og_title":"Sonora en Equipo. La educaci\u00f3n como un derecho, ser\u00e1 el segundo piso de la 4T: Sheinbaum ELECCI\u00d3NES","og_description":"CIUDAD DE M\u00c9XICO. MX. \u2014 Desde la primaria hasta la universidad, el derecho a una educaci\u00f3n universal, gratuita y de calidad ser\u00e1 el eje central del En Sonora en Equipo publicamos toda la informaci\u00f3n de Sonora, M\u00e9xico y el Mundo de manera oportuna y busca que la libertad de expresi\u00f3n sea real. Visita nuestro medio informativo publicado desde Hermosillo, Sonora. %","og_url":"https:\/\/www.sonoraenequipo.com.mx\/187276-2\/","og_site_name":"Sonora en Equipo.","article_publisher":"https:\/\/www.facebook.com\/SonoraEE\/","article_author":"https:\/\/www.facebook.com\/SonoraEE","article_published_time":"2024-04-09T05:15:00+00:00","article_modified_time":"2024-04-10T05:39:48+00:00","og_image":[{"width":900,"height":506,"url":"https:\/\/www.sonoraenequipo.com.mx\/storage\/2024\/04\/claudia-sheinbaum.-educacion-min.jpg","type":"image\/jpeg"}],"author":"enequipo","twitter_card":"summary_large_image","twitter_creator":"@sonoraenequipo","twitter_site":"@sonoraenequipo","twitter_misc":{"Escrito por":"enequipo","Tiempo de lectura":"3 minutos"},"schema":{"@context":"https:\/\/schema.org","@graph":[{"@type":"Article","@id":"https:\/\/www.sonoraenequipo.com.mx\/187276-2\/#article","isPartOf":{"@id":"https:\/\/www.sonoraenequipo.com.mx\/187276-2\/"},"author":{"name":"enequipo","@id":"https:\/\/www.sonoraenequipo.com.mx\/#\/schema\/person\/50102df0fb23a8fa9e8effad8fa81386"},"headline":"La educaci\u00f3n como un derecho, ser\u00e1 el segundo piso de la 4T: Sheinbaum","datePublished":"2024-04-09T05:15:00+00:00","dateModified":"2024-04-10T05:39:48+00:00","mainEntityOfPage":{"@id":"https:\/\/www.sonoraenequipo.com.mx\/187276-2\/"},"wordCount":569,"commentCount":0,"publisher":{"@id":"https:\/\/www.sonoraenequipo.com.mx\/#organization"},"image":{"@id":"https:\/\/www.sonoraenequipo.com.mx\/187276-2\/#primaryimage"},"thumbnailUrl":"https:\/\/www.sonoraenequipo.com.mx\/storage\/2024\/04\/claudia-sheinbaum.-educacion-min.jpg","articleSection":["ELECCI\u00d3NES"],"inLanguage":"es","potentialAction":[{"@type":"CommentAction","name":"Comment","target":["https:\/\/www.sonoraenequipo.com.mx\/187276-2\/#respond"]}]},{"@type":"WebPage","@id":"https:\/\/www.sonoraenequipo.com.mx\/187276-2\/","url":"https:\/\/www.sonoraenequipo.com.mx\/187276-2\/","name":"Sonora en Equipo. La educaci\u00f3n como un derecho, ser\u00e1 el segundo piso de la 4T: Sheinbaum ELECCI\u00d3NES","isPartOf":{"@id":"https:\/\/www.sonoraenequipo.com.mx\/#website"},"primaryImageOfPage":{"@id":"https:\/\/www.sonoraenequipo.com.mx\/187276-2\/#primaryimage"},"image":{"@id":"https:\/\/www.sonoraenequipo.com.mx\/187276-2\/#primaryimage"},"thumbnailUrl":"https:\/\/www.sonoraenequipo.com.mx\/storage\/2024\/04\/claudia-sheinbaum.-educacion-min.jpg","datePublished":"2024-04-09T05:15:00+00:00","dateModified":"2024-04-10T05:39:48+00:00","description":"CIUDAD DE M\u00c9XICO. MX. \u2014 Desde la primaria hasta la universidad, el derecho a una educaci\u00f3n universal, gratuita y de calidad ser\u00e1 el eje central del En Sonora en Equipo publicamos toda la informaci\u00f3n de Sonora, M\u00e9xico y el Mundo de manera oportuna y busca que la libertad de expresi\u00f3n sea real. Visita nuestro medio informativo publicado desde Hermosillo, Sonora. %","breadcrumb":{"@id":"https:\/\/www.sonoraenequipo.com.mx\/187276-2\/#breadcrumb"},"inLanguage":"es","potentialAction":[{"@type":"ReadAction","target":["https:\/\/www.sonoraenequipo.com.mx\/187276-2\/"]}]},{"@type":"ImageObject","inLanguage":"es","@id":"https:\/\/www.sonoraenequipo.com.mx\/187276-2\/#primaryimage","url":"https:\/\/www.sonoraenequipo.com.mx\/storage\/2024\/04\/claudia-sheinbaum.-educacion-min.jpg","contentUrl":"https:\/\/www.sonoraenequipo.com.mx\/storage\/2024\/04\/claudia-sheinbaum.-educacion-min.jpg","width":900,"height":506},{"@type":"BreadcrumbList","@id":"https:\/\/www.sonoraenequipo.com.mx\/187276-2\/#breadcrumb","itemListElement":[{"@type":"ListItem","position":1,"name":"Portada","item":"https:\/\/www.sonoraenequipo.com.mx\/"},{"@type":"ListItem","position":2,"name":"La educaci\u00f3n como un derecho, ser\u00e1 el segundo piso de la 4T: Sheinbaum"}]},{"@type":"WebSite","@id":"https:\/\/www.sonoraenequipo.com.mx\/#website","url":"https:\/\/www.sonoraenequipo.com.mx\/","name":"Sonora en Equipo.","description":"Diario en l\u00ednea con Noticias desde Hermosillo, Sonora","publisher":{"@id":"https:\/\/www.sonoraenequipo.com.mx\/#organization"},"potentialAction":[{"@type":"SearchAction","target":{"@type":"EntryPoint","urlTemplate":"https:\/\/www.sonoraenequipo.com.mx\/?s={search_term_string}"},"query-input":{"@type":"PropertyValueSpecification","valueRequired":true,"valueName":"search_term_string"}}],"inLanguage":"es"},{"@type":"Organization","@id":"https:\/\/www.sonoraenequipo.com.mx\/#organization","name":"Sonoraenequipo.com.mx","url":"https:\/\/www.sonoraenequipo.com.mx\/","logo":{"@type":"ImageObject","inLanguage":"es","@id":"https:\/\/www.sonoraenequipo.com.mx\/#\/schema\/logo\/image\/","url":"https:\/\/www.sonoraenequipo.com.mx\/storage\/2019\/01\/sonoraenequipo_opt.png","contentUrl":"https:\/\/www.sonoraenequipo.com.mx\/storage\/2019\/01\/sonoraenequipo_opt.png","width":375,"height":125,"caption":"Sonoraenequipo.com.mx"},"image":{"@id":"https:\/\/www.sonoraenequipo.com.mx\/#\/schema\/logo\/image\/"},"sameAs":["https:\/\/www.facebook.com\/SonoraEE\/","https:\/\/x.com\/sonoraenequipo","https:\/\/www.youtube.com\/channel\/UC338nW-lPEYmJQs4ZABQ1SQ"]},{"@type":"Person","@id":"https:\/\/www.sonoraenequipo.com.mx\/#\/schema\/person\/50102df0fb23a8fa9e8effad8fa81386","name":"enequipo","image":{"@type":"ImageObject","inLanguage":"es","@id":"https:\/\/www.sonoraenequipo.com.mx\/#\/schema\/person\/image\/","url":"https:\/\/secure.gravatar.com\/avatar\/049821681b589dabc0bc20695993ccebb09f5b5d4d790cd9251b97faac7c652b?s=96&d=blank&r=g","contentUrl":"https:\/\/secure.gravatar.com\/avatar\/049821681b589dabc0bc20695993ccebb09f5b5d4d790cd9251b97faac7c652b?s=96&d=blank&r=g","caption":"enequipo"},"sameAs":["https:\/\/www.facebook.com\/SonoraEE"]}]}},"jetpack_featured_media_url":"https:\/\/www.sonoraenequipo.com.mx\/storage\/2024\/04\/claudia-sheinbaum.-educacion-min.jpg","_links":{"self":[{"href":"https:\/\/www.sonoraenequipo.com.mx\/api\/wp\/v2\/posts\/187276","targetHints":{"allow":["GET"]}}],"collection":[{"href":"https:\/\/www.sonoraenequipo.com.mx\/api\/wp\/v2\/posts"}],"about":[{"href":"https:\/\/www.sonoraenequipo.com.mx\/api\/wp\/v2\/types\/post"}],"author":[{"embeddable":true,"href":"https:\/\/www.sonoraenequipo.com.mx\/api\/wp\/v2\/users\/1"}],"replies":[{"embeddable":true,"href":"https:\/\/www.sonoraenequipo.com.mx\/api\/wp\/v2\/comments?post=187276"}],"version-history":[{"count":2,"href":"https:\/\/www.sonoraenequipo.com.mx\/api\/wp\/v2\/posts\/187276\/revisions"}],"predecessor-version":[{"id":187281,"href":"https:\/\/www.sonoraenequipo.com.mx\/api\/wp\/v2\/posts\/187276\/revisions\/187281"}],"wp:featuredmedia":[{"embeddable":true,"href":"https:\/\/www.sonoraenequipo.com.mx\/api\/wp\/v2\/media\/187279"}],"wp:attachment":[{"href":"https:\/\/www.sonoraenequipo.com.mx\/api\/wp\/v2\/media?parent=187276"}],"wp:term":[{"taxonomy":"category","embeddable":true,"href":"https:\/\/www.sonoraenequipo.com.mx\/api\/wp\/v2\/categories?post=187276"},{"taxonomy":"post_tag","embeddable":true,"href":"https:\/\/www.sonoraenequipo.com.mx\/api\/wp\/v2\/tags?post=187276"}],"curies":[{"name":"wp","href":"https:\/\/api.w.org\/{rel}","templated":true}]}}