{"id":187288,"date":"2024-04-10T13:16:59","date_gmt":"2024-04-10T20:16:59","guid":{"rendered":"https:\/\/www.sonoraenequipo.com.mx\/?p=187288"},"modified":"2024-04-10T18:55:11","modified_gmt":"2024-04-11T01:55:11","slug":"es-importante-que-las-iglesias-tambien-apoyen-en-la-atencion-a-las-causas-claudia-sheinbaum","status":"publish","type":"post","link":"https:\/\/www.sonoraenequipo.com.mx\/es-importante-que-las-iglesias-tambien-apoyen-en-la-atencion-a-las-causas-claudia-sheinbaum\/","title":{"rendered":"Es importante que las iglesias tambi\u00e9n apoyen en la atenci\u00f3n a las causas: Claudia Sheinbaum"},"content":{"rendered":"<p>Es importante que las iglesias tambi\u00e9n apoyen en la atenci\u00f3n a las causas: Claudia Sheinbaum<\/p>\n<p><strong>CUAUTITL\u00c1N IZCALLI, ESTADO DE M\u00c9XICO. &#8212; Las <\/strong>iglesias de todas las religiones juegan un papel importante para atender las causas y de esta manera alejar a los j\u00f3venes de la delincuencia, reconoci\u00f3 la candidata de la coalici\u00f3n \u201cSigamos Haciendo Historia\u201d (Morena, PT y PVEM) a la Presidencia de la Rep\u00fablica, Claudia Sheinbaum Pardo, tras reunirse con la Conferencia del Episcopado Mexicano (CEM).<\/p>\n<p>\u201cA\u00fan cuando vivimos en un Estado laico que respeta todas las religiones, es importante tambi\u00e9n que las religiones y las iglesias, en su espacio de actuaci\u00f3n, puedan apoyar tambi\u00e9n en todo lo que tiene que ver con la atenci\u00f3n a las causas\u201d, inform\u00f3 posteriormente ante medios de comunicaci\u00f3n.<\/p>\n<p>Reconoci\u00f3 que los obispos est\u00e1n muy cerca de la gente para escuchar las necesidades m\u00e1s importantes de la poblaci\u00f3n y dio a conocer que en este encuentro se abordaron diversos temas como la seguridad, la educaci\u00f3n y la salud.<\/p>\n<p>\u201cLos obispos est\u00e1n muy cerca de la gente y tienen preocupaciones que escuchan de la poblaci\u00f3n. Hablamos de temas de seguridad, temas de educaci\u00f3n, temas de salud, temas de desarrollo del pa\u00eds, contest\u00e9 a diversas preguntas y siempre planteando el di\u00e1logo como un elemento central\u201d, detall\u00f3.<\/p>\n<p>Ante pregunta expresa sobre la solicitud de la oposici\u00f3n para suspender las conferencias \u201cma\u00f1aneras\u201d del Presidente, Andr\u00e9s Manuel L\u00f3pez Obrador, Claudia Sheinbaum la calific\u00f3 como un acto autoritario y record\u00f3 que es una solicitud que ya resolvi\u00f3 el Tribunal Electoral del Poder Judicial de la Federaci\u00f3n (TEPJF).<\/p>\n<p>\u201cEs un acto autoritario, ellos son autoritarios, ellos dicen que defienden la democracia, pero est\u00e1n pidiendo un acto autoritario, es decir, que el Presidente no pueda informar al pueblo de M\u00e9xico como lo ha hecho durante todo su periodo, adem\u00e1s ya lo resolvi\u00f3 el Tribunal, est\u00e1n pidiendo algo que ya fue resuelto\u201d, opin\u00f3. **<\/p>\n<p>Finalmente, anunci\u00f3 que en la pr\u00f3xima reuni\u00f3n con el Instituto Nacional Electoral (INE) de cara a lo que ser\u00e1 el segundo debate presidencial, su equipo pedir\u00e1 unos ajustes para mejorar las condiciones del debate, como son preguntas m\u00e1s generales y ajustes a la bolsa de tiempo para que haya m\u00e1s oportunidad de presentar propuestas, debatir y responder se\u00f1alamientos.<\/p>\n<p>\u201cMi opini\u00f3n personal y es la que estamos planteando llevar a la siguiente mesa del debate, es que en la medida de lo posible sean preguntas m\u00e1s generales y que en la bolsa de tiempo se permita exponer nuestras propuestas y si recuerdan los debates del 2018, hab\u00eda espacio para debatir y hab\u00eda espacio para refutar alg\u00fan tema. Si se organiza mejor el debate nos va a dar un poco m\u00e1s de tiempo para todo\u201d, concluy\u00f3.<\/p>\n<p><strong>Fecha de publicaci\u00f3n mi\u00e9rcoles 10 de abril de 2024<\/strong><\/p>\n","protected":false},"excerpt":{"rendered":"<p>Es importante que las iglesias tambi\u00e9n apoyen en la atenci\u00f3n a las causas: Claudia Sheinbaum&#8230;<\/p>\n","protected":false},"author":1,"featured_media":187290,"comment_status":"open","ping_status":"open","sticky":false,"template":"","format":"standard","meta":{"_monsterinsights_skip_tracking":false,"_monsterinsights_sitenote_active":false,"_monsterinsights_sitenote_note":"","_monsterinsights_sitenote_category":0,"footnotes":""},"categories":[9400],"tags":[2432],"class_list":["post"],"yoast_head":" \n<title>Sonora en Equipo. Es importante que las iglesias tambi\u00e9n apoyen en la atenci\u00f3n a las causas: Claudia Sheinbaum ELECCI\u00d3NES<\/title>\n<meta name=\"description\" content=\"Es importante que las iglesias tambi\u00e9n apoyen en la atenci\u00f3n a las causas: Claudia Sheinbaum CUAUTITL\u00c1N IZCALLI, ESTADO DE M\u00c9XICO. --- Las iglesias de En Sonora en Equipo publicamos toda la informaci\u00f3n de Sonora, M\u00e9xico y el Mundo de manera oportuna y busca que la libertad de expresi\u00f3n sea real. Visita nuestro medio informativo publicado desde Hermosillo, Sonora. %\" \/>\n<meta name=\"robots\" content=\"index, follow, max-snippet:-1, max-image-preview:large, max-video-preview:-1\" \/>\n<link rel=\"canonical\" href=\"https:\/\/www.sonoraenequipo.com.mx\/es-importante-que-las-iglesias-tambien-apoyen-en-la-atencion-a-las-causas-claudia-sheinbaum\/\" \/>\n<meta property=\"og:locale\" content=\"es_ES\" \/>\n<meta property=\"og:type\" content=\"article\" \/>\n<meta property=\"og:title\" content=\"Sonora en Equipo. Es importante que las iglesias tambi\u00e9n apoyen en la atenci\u00f3n a las causas: Claudia Sheinbaum ELECCI\u00d3NES\" \/>\n<meta property=\"og:description\" content=\"Es importante que las iglesias tambi\u00e9n apoyen en la atenci\u00f3n a las causas: Claudia Sheinbaum CUAUTITL\u00c1N IZCALLI, ESTADO DE M\u00c9XICO. --- Las iglesias de En Sonora en Equipo publicamos toda la informaci\u00f3n de Sonora, M\u00e9xico y el Mundo de manera oportuna y busca que la libertad de expresi\u00f3n sea real. Visita nuestro medio informativo publicado desde Hermosillo, Sonora. %\" \/>\n<meta property=\"og:url\" content=\"https:\/\/www.sonoraenequipo.com.mx\/es-importante-que-las-iglesias-tambien-apoyen-en-la-atencion-a-las-causas-claudia-sheinbaum\/\" \/>\n<meta property=\"og:site_name\" content=\"Sonora en Equipo.\" \/>\n<meta property=\"article:publisher\" content=\"https:\/\/www.facebook.com\/SonoraEE\/\" \/>\n<meta property=\"article:author\" content=\"https:\/\/www.facebook.com\/SonoraEE\" \/>\n<meta property=\"article:published_time\" content=\"2024-04-10T20:16:59+00:00\" \/>\n<meta property=\"article:modified_time\" content=\"2024-04-11T01:55:11+00:00\" \/>\n<meta property=\"og:image\" content=\"https:\/\/www.sonoraenequipo.com.mx\/storage\/2024\/04\/csp-cem.jpg\" \/>\n\t<meta property=\"og:image:width\" content=\"900\" \/>\n\t<meta property=\"og:image:height\" content=\"599\" \/>\n\t<meta property=\"og:image:type\" content=\"image\/jpeg\" \/>\n<meta name=\"author\" content=\"enequipo\" \/>\n<meta name=\"twitter:card\" content=\"summary_large_image\" \/>\n<meta name=\"twitter:creator\" content=\"@sonoraenequipo\" \/>\n<meta name=\"twitter:site\" content=\"@sonoraenequipo\" \/>\n<meta name=\"twitter:label1\" content=\"Escrito por\" \/>\n\t<meta name=\"twitter:data1\" content=\"enequipo\" \/>\n\t<meta name=\"twitter:label2\" content=\"Tiempo de lectura\" \/>\n\t<meta name=\"twitter:data2\" content=\"2 minutos\" \/>\n<script type=\"application\/ld+json\" class=\"yoast-schema-graph\">{\"@context\":\"https:\/\/schema.org\",\"@graph\":[{\"@type\":\"Article\",\"@id\":\"https:\/\/www.sonoraenequipo.com.mx\/es-importante-que-las-iglesias-tambien-apoyen-en-la-atencion-a-las-causas-claudia-sheinbaum\/#article\",\"isPartOf\":{\"@id\":\"https:\/\/www.sonoraenequipo.com.mx\/es-importante-que-las-iglesias-tambien-apoyen-en-la-atencion-a-las-causas-claudia-sheinbaum\/\"},\"author\":{\"name\":\"enequipo\",\"@id\":\"https:\/\/www.sonoraenequipo.com.mx\/#\/schema\/person\/50102df0fb23a8fa9e8effad8fa81386\"},\"headline\":\"Es importante que las iglesias tambi\u00e9n apoyen en la atenci\u00f3n a las causas: Claudia Sheinbaum\",\"datePublished\":\"2024-04-10T20:16:59+00:00\",\"dateModified\":\"2024-04-11T01:55:11+00:00\",\"mainEntityOfPage\":{\"@id\":\"https:\/\/www.sonoraenequipo.com.mx\/es-importante-que-las-iglesias-tambien-apoyen-en-la-atencion-a-las-causas-claudia-sheinbaum\/\"},\"wordCount\":511,\"commentCount\":0,\"publisher\":{\"@id\":\"https:\/\/www.sonoraenequipo.com.mx\/#organization\"},\"image\":{\"@id\":\"https:\/\/www.sonoraenequipo.com.mx\/es-importante-que-las-iglesias-tambien-apoyen-en-la-atencion-a-las-causas-claudia-sheinbaum\/#primaryimage\"},\"thumbnailUrl\":\"https:\/\/www.sonoraenequipo.com.mx\/storage\/2024\/04\/csp-cem.jpg\",\"keywords\":[\"Claudia Sheinbaum\"],\"articleSection\":[\"ELECCI\u00d3NES\"],\"inLanguage\":\"es\",\"potentialAction\":[{\"@type\":\"CommentAction\",\"name\":\"Comment\",\"target\":[\"https:\/\/www.sonoraenequipo.com.mx\/es-importante-que-las-iglesias-tambien-apoyen-en-la-atencion-a-las-causas-claudia-sheinbaum\/#respond\"]}]},{\"@type\":\"WebPage\",\"@id\":\"https:\/\/www.sonoraenequipo.com.mx\/es-importante-que-las-iglesias-tambien-apoyen-en-la-atencion-a-las-causas-claudia-sheinbaum\/\",\"url\":\"https:\/\/www.sonoraenequipo.com.mx\/es-importante-que-las-iglesias-tambien-apoyen-en-la-atencion-a-las-causas-claudia-sheinbaum\/\",\"name\":\"Sonora en Equipo. Es importante que las iglesias tambi\u00e9n apoyen en la atenci\u00f3n a las causas: Claudia Sheinbaum ELECCI\u00d3NES\",\"isPartOf\":{\"@id\":\"https:\/\/www.sonoraenequipo.com.mx\/#website\"},\"primaryImageOfPage\":{\"@id\":\"https:\/\/www.sonoraenequipo.com.mx\/es-importante-que-las-iglesias-tambien-apoyen-en-la-atencion-a-las-causas-claudia-sheinbaum\/#primaryimage\"},\"image\":{\"@id\":\"https:\/\/www.sonoraenequipo.com.mx\/es-importante-que-las-iglesias-tambien-apoyen-en-la-atencion-a-las-causas-claudia-sheinbaum\/#primaryimage\"},\"thumbnailUrl\":\"https:\/\/www.sonoraenequipo.com.mx\/storage\/2024\/04\/csp-cem.jpg\",\"datePublished\":\"2024-04-10T20:16:59+00:00\",\"dateModified\":\"2024-04-11T01:55:11+00:00\",\"description\":\"Es importante que las iglesias tambi\u00e9n apoyen en la atenci\u00f3n a las causas: Claudia Sheinbaum CUAUTITL\u00c1N IZCALLI, ESTADO DE M\u00c9XICO. --- Las iglesias de En Sonora en Equipo publicamos toda la informaci\u00f3n de Sonora, M\u00e9xico y el Mundo de manera oportuna y busca que la libertad de expresi\u00f3n sea real. Visita nuestro medio informativo publicado desde Hermosillo, Sonora. %\",\"breadcrumb\":{\"@id\":\"https:\/\/www.sonoraenequipo.com.mx\/es-importante-que-las-iglesias-tambien-apoyen-en-la-atencion-a-las-causas-claudia-sheinbaum\/#breadcrumb\"},\"inLanguage\":\"es\",\"potentialAction\":[{\"@type\":\"ReadAction\",\"target\":[\"https:\/\/www.sonoraenequipo.com.mx\/es-importante-que-las-iglesias-tambien-apoyen-en-la-atencion-a-las-causas-claudia-sheinbaum\/\"]}]},{\"@type\":\"ImageObject\",\"inLanguage\":\"es\",\"@id\":\"https:\/\/www.sonoraenequipo.com.mx\/es-importante-que-las-iglesias-tambien-apoyen-en-la-atencion-a-las-causas-claudia-sheinbaum\/#primaryimage\",\"url\":\"https:\/\/www.sonoraenequipo.com.mx\/storage\/2024\/04\/csp-cem.jpg\",\"contentUrl\":\"https:\/\/www.sonoraenequipo.com.mx\/storage\/2024\/04\/csp-cem.jpg\",\"width\":900,\"height\":599},{\"@type\":\"BreadcrumbList\",\"@id\":\"https:\/\/www.sonoraenequipo.com.mx\/es-importante-que-las-iglesias-tambien-apoyen-en-la-atencion-a-las-causas-claudia-sheinbaum\/#breadcrumb\",\"itemListElement\":[{\"@type\":\"ListItem\",\"position\":1,\"name\":\"Portada\",\"item\":\"https:\/\/www.sonoraenequipo.com.mx\/\"},{\"@type\":\"ListItem\",\"position\":2,\"name\":\"Es importante que las iglesias tambi\u00e9n apoyen en la atenci\u00f3n a las causas: Claudia Sheinbaum\"}]},{\"@type\":\"WebSite\",\"@id\":\"https:\/\/www.sonoraenequipo.com.mx\/#website\",\"url\":\"https:\/\/www.sonoraenequipo.com.mx\/\",\"name\":\"Sonora en Equipo.\",\"description\":\"Diario en l\u00ednea con Noticias desde Hermosillo, Sonora\",\"publisher\":{\"@id\":\"https:\/\/www.sonoraenequipo.com.mx\/#organization\"},\"potentialAction\":[{\"@type\":\"SearchAction\",\"target\":{\"@type\":\"EntryPoint\",\"urlTemplate\":\"https:\/\/www.sonoraenequipo.com.mx\/?s={search_term_string}\"},\"query-input\":{\"@type\":\"PropertyValueSpecification\",\"valueRequired\":true,\"valueName\":\"search_term_string\"}}],\"inLanguage\":\"es\"},{\"@type\":\"Organization\",\"@id\":\"https:\/\/www.sonoraenequipo.com.mx\/#organization\",\"name\":\"Sonoraenequipo.com.mx\",\"url\":\"https:\/\/www.sonoraenequipo.com.mx\/\",\"logo\":{\"@type\":\"ImageObject\",\"inLanguage\":\"es\",\"@id\":\"https:\/\/www.sonoraenequipo.com.mx\/#\/schema\/logo\/image\/\",\"url\":\"https:\/\/www.sonoraenequipo.com.mx\/storage\/2019\/01\/sonoraenequipo_opt.png\",\"contentUrl\":\"https:\/\/www.sonoraenequipo.com.mx\/storage\/2019\/01\/sonoraenequipo_opt.png\",\"width\":375,\"height\":125,\"caption\":\"Sonoraenequipo.com.mx\"},\"image\":{\"@id\":\"https:\/\/www.sonoraenequipo.com.mx\/#\/schema\/logo\/image\/\"},\"sameAs\":[\"https:\/\/www.facebook.com\/SonoraEE\/\",\"https:\/\/x.com\/sonoraenequipo\",\"https:\/\/www.youtube.com\/channel\/UC338nW-lPEYmJQs4ZABQ1SQ\"]},{\"@type\":\"Person\",\"@id\":\"https:\/\/www.sonoraenequipo.com.mx\/#\/schema\/person\/50102df0fb23a8fa9e8effad8fa81386\",\"name\":\"enequipo\",\"image\":{\"@type\":\"ImageObject\",\"inLanguage\":\"es\",\"@id\":\"https:\/\/www.sonoraenequipo.com.mx\/#\/schema\/person\/image\/\",\"url\":\"https:\/\/secure.gravatar.com\/avatar\/049821681b589dabc0bc20695993ccebb09f5b5d4d790cd9251b97faac7c652b?s=96&d=blank&r=g\",\"contentUrl\":\"https:\/\/secure.gravatar.com\/avatar\/049821681b589dabc0bc20695993ccebb09f5b5d4d790cd9251b97faac7c652b?s=96&d=blank&r=g\",\"caption\":\"enequipo\"},\"sameAs\":[\"https:\/\/www.facebook.com\/SonoraEE\"]}]}<\/script>\n ","yoast_head_json":{"title":"Sonora en Equipo. Es importante que las iglesias tambi\u00e9n apoyen en la atenci\u00f3n a las causas: Claudia Sheinbaum ELECCI\u00d3NES","description":"Es importante que las iglesias tambi\u00e9n apoyen en la atenci\u00f3n a las causas: Claudia Sheinbaum CUAUTITL\u00c1N IZCALLI, ESTADO DE M\u00c9XICO. --- Las iglesias de En Sonora en Equipo publicamos toda la informaci\u00f3n de Sonora, M\u00e9xico y el Mundo de manera oportuna y busca que la libertad de expresi\u00f3n sea real. Visita nuestro medio informativo publicado desde Hermosillo, Sonora. %","robots":{"index":"index","follow":"follow","max-snippet":"max-snippet:-1","max-image-preview":"max-image-preview:large","max-video-preview":"max-video-preview:-1"},"canonical":"https:\/\/www.sonoraenequipo.com.mx\/es-importante-que-las-iglesias-tambien-apoyen-en-la-atencion-a-las-causas-claudia-sheinbaum\/","og_locale":"es_ES","og_type":"article","og_title":"Sonora en Equipo. Es importante que las iglesias tambi\u00e9n apoyen en la atenci\u00f3n a las causas: Claudia Sheinbaum ELECCI\u00d3NES","og_description":"Es importante que las iglesias tambi\u00e9n apoyen en la atenci\u00f3n a las causas: Claudia Sheinbaum CUAUTITL\u00c1N IZCALLI, ESTADO DE M\u00c9XICO. --- Las iglesias de En Sonora en Equipo publicamos toda la informaci\u00f3n de Sonora, M\u00e9xico y el Mundo de manera oportuna y busca que la libertad de expresi\u00f3n sea real. Visita nuestro medio informativo publicado desde Hermosillo, Sonora. %","og_url":"https:\/\/www.sonoraenequipo.com.mx\/es-importante-que-las-iglesias-tambien-apoyen-en-la-atencion-a-las-causas-claudia-sheinbaum\/","og_site_name":"Sonora en Equipo.","article_publisher":"https:\/\/www.facebook.com\/SonoraEE\/","article_author":"https:\/\/www.facebook.com\/SonoraEE","article_published_time":"2024-04-10T20:16:59+00:00","article_modified_time":"2024-04-11T01:55:11+00:00","og_image":[{"width":900,"height":599,"url":"https:\/\/www.sonoraenequipo.com.mx\/storage\/2024\/04\/csp-cem.jpg","type":"image\/jpeg"}],"author":"enequipo","twitter_card":"summary_large_image","twitter_creator":"@sonoraenequipo","twitter_site":"@sonoraenequipo","twitter_misc":{"Escrito por":"enequipo","Tiempo de lectura":"2 minutos"},"schema":{"@context":"https:\/\/schema.org","@graph":[{"@type":"Article","@id":"https:\/\/www.sonoraenequipo.com.mx\/es-importante-que-las-iglesias-tambien-apoyen-en-la-atencion-a-las-causas-claudia-sheinbaum\/#article","isPartOf":{"@id":"https:\/\/www.sonoraenequipo.com.mx\/es-importante-que-las-iglesias-tambien-apoyen-en-la-atencion-a-las-causas-claudia-sheinbaum\/"},"author":{"name":"enequipo","@id":"https:\/\/www.sonoraenequipo.com.mx\/#\/schema\/person\/50102df0fb23a8fa9e8effad8fa81386"},"headline":"Es importante que las iglesias tambi\u00e9n apoyen en la atenci\u00f3n a las causas: Claudia Sheinbaum","datePublished":"2024-04-10T20:16:59+00:00","dateModified":"2024-04-11T01:55:11+00:00","mainEntityOfPage":{"@id":"https:\/\/www.sonoraenequipo.com.mx\/es-importante-que-las-iglesias-tambien-apoyen-en-la-atencion-a-las-causas-claudia-sheinbaum\/"},"wordCount":511,"commentCount":0,"publisher":{"@id":"https:\/\/www.sonoraenequipo.com.mx\/#organization"},"image":{"@id":"https:\/\/www.sonoraenequipo.com.mx\/es-importante-que-las-iglesias-tambien-apoyen-en-la-atencion-a-las-causas-claudia-sheinbaum\/#primaryimage"},"thumbnailUrl":"https:\/\/www.sonoraenequipo.com.mx\/storage\/2024\/04\/csp-cem.jpg","keywords":["Claudia Sheinbaum"],"articleSection":["ELECCI\u00d3NES"],"inLanguage":"es","potentialAction":[{"@type":"CommentAction","name":"Comment","target":["https:\/\/www.sonoraenequipo.com.mx\/es-importante-que-las-iglesias-tambien-apoyen-en-la-atencion-a-las-causas-claudia-sheinbaum\/#respond"]}]},{"@type":"WebPage","@id":"https:\/\/www.sonoraenequipo.com.mx\/es-importante-que-las-iglesias-tambien-apoyen-en-la-atencion-a-las-causas-claudia-sheinbaum\/","url":"https:\/\/www.sonoraenequipo.com.mx\/es-importante-que-las-iglesias-tambien-apoyen-en-la-atencion-a-las-causas-claudia-sheinbaum\/","name":"Sonora en Equipo. Es importante que las iglesias tambi\u00e9n apoyen en la atenci\u00f3n a las causas: Claudia Sheinbaum ELECCI\u00d3NES","isPartOf":{"@id":"https:\/\/www.sonoraenequipo.com.mx\/#website"},"primaryImageOfPage":{"@id":"https:\/\/www.sonoraenequipo.com.mx\/es-importante-que-las-iglesias-tambien-apoyen-en-la-atencion-a-las-causas-claudia-sheinbaum\/#primaryimage"},"image":{"@id":"https:\/\/www.sonoraenequipo.com.mx\/es-importante-que-las-iglesias-tambien-apoyen-en-la-atencion-a-las-causas-claudia-sheinbaum\/#primaryimage"},"thumbnailUrl":"https:\/\/www.sonoraenequipo.com.mx\/storage\/2024\/04\/csp-cem.jpg","datePublished":"2024-04-10T20:16:59+00:00","dateModified":"2024-04-11T01:55:11+00:00","description":"Es importante que las iglesias tambi\u00e9n apoyen en la atenci\u00f3n a las causas: Claudia Sheinbaum CUAUTITL\u00c1N IZCALLI, ESTADO DE M\u00c9XICO. --- Las iglesias de En Sonora en Equipo publicamos toda la informaci\u00f3n de Sonora, M\u00e9xico y el Mundo de manera oportuna y busca que la libertad de expresi\u00f3n sea real. Visita nuestro medio informativo publicado desde Hermosillo, Sonora. %","breadcrumb":{"@id":"https:\/\/www.sonoraenequipo.com.mx\/es-importante-que-las-iglesias-tambien-apoyen-en-la-atencion-a-las-causas-claudia-sheinbaum\/#breadcrumb"},"inLanguage":"es","potentialAction":[{"@type":"ReadAction","target":["https:\/\/www.sonoraenequipo.com.mx\/es-importante-que-las-iglesias-tambien-apoyen-en-la-atencion-a-las-causas-claudia-sheinbaum\/"]}]},{"@type":"ImageObject","inLanguage":"es","@id":"https:\/\/www.sonoraenequipo.com.mx\/es-importante-que-las-iglesias-tambien-apoyen-en-la-atencion-a-las-causas-claudia-sheinbaum\/#primaryimage","url":"https:\/\/www.sonoraenequipo.com.mx\/storage\/2024\/04\/csp-cem.jpg","contentUrl":"https:\/\/www.sonoraenequipo.com.mx\/storage\/2024\/04\/csp-cem.jpg","width":900,"height":599},{"@type":"BreadcrumbList","@id":"https:\/\/www.sonoraenequipo.com.mx\/es-importante-que-las-iglesias-tambien-apoyen-en-la-atencion-a-las-causas-claudia-sheinbaum\/#breadcrumb","itemListElement":[{"@type":"ListItem","position":1,"name":"Portada","item":"https:\/\/www.sonoraenequipo.com.mx\/"},{"@type":"ListItem","position":2,"name":"Es importante que las iglesias tambi\u00e9n apoyen en la atenci\u00f3n a las causas: Claudia Sheinbaum"}]},{"@type":"WebSite","@id":"https:\/\/www.sonoraenequipo.com.mx\/#website","url":"https:\/\/www.sonoraenequipo.com.mx\/","name":"Sonora en Equipo.","description":"Diario en l\u00ednea con Noticias desde Hermosillo, Sonora","publisher":{"@id":"https:\/\/www.sonoraenequipo.com.mx\/#organization"},"potentialAction":[{"@type":"SearchAction","target":{"@type":"EntryPoint","urlTemplate":"https:\/\/www.sonoraenequipo.com.mx\/?s={search_term_string}"},"query-input":{"@type":"PropertyValueSpecification","valueRequired":true,"valueName":"search_term_string"}}],"inLanguage":"es"},{"@type":"Organization","@id":"https:\/\/www.sonoraenequipo.com.mx\/#organization","name":"Sonoraenequipo.com.mx","url":"https:\/\/www.sonoraenequipo.com.mx\/","logo":{"@type":"ImageObject","inLanguage":"es","@id":"https:\/\/www.sonoraenequipo.com.mx\/#\/schema\/logo\/image\/","url":"https:\/\/www.sonoraenequipo.com.mx\/storage\/2019\/01\/sonoraenequipo_opt.png","contentUrl":"https:\/\/www.sonoraenequipo.com.mx\/storage\/2019\/01\/sonoraenequipo_opt.png","width":375,"height":125,"caption":"Sonoraenequipo.com.mx"},"image":{"@id":"https:\/\/www.sonoraenequipo.com.mx\/#\/schema\/logo\/image\/"},"sameAs":["https:\/\/www.facebook.com\/SonoraEE\/","https:\/\/x.com\/sonoraenequipo","https:\/\/www.youtube.com\/channel\/UC338nW-lPEYmJQs4ZABQ1SQ"]},{"@type":"Person","@id":"https:\/\/www.sonoraenequipo.com.mx\/#\/schema\/person\/50102df0fb23a8fa9e8effad8fa81386","name":"enequipo","image":{"@type":"ImageObject","inLanguage":"es","@id":"https:\/\/www.sonoraenequipo.com.mx\/#\/schema\/person\/image\/","url":"https:\/\/secure.gravatar.com\/avatar\/049821681b589dabc0bc20695993ccebb09f5b5d4d790cd9251b97faac7c652b?s=96&d=blank&r=g","contentUrl":"https:\/\/secure.gravatar.com\/avatar\/049821681b589dabc0bc20695993ccebb09f5b5d4d790cd9251b97faac7c652b?s=96&d=blank&r=g","caption":"enequipo"},"sameAs":["https:\/\/www.facebook.com\/SonoraEE"]}]}},"jetpack_featured_media_url":"https:\/\/www.sonoraenequipo.com.mx\/storage\/2024\/04\/csp-cem.jpg","_links":{"self":[{"href":"https:\/\/www.sonoraenequipo.com.mx\/api\/wp\/v2\/posts\/187288","targetHints":{"allow":["GET"]}}],"collection":[{"href":"https:\/\/www.sonoraenequipo.com.mx\/api\/wp\/v2\/posts"}],"about":[{"href":"https:\/\/www.sonoraenequipo.com.mx\/api\/wp\/v2\/types\/post"}],"author":[{"embeddable":true,"href":"https:\/\/www.sonoraenequipo.com.mx\/api\/wp\/v2\/users\/1"}],"replies":[{"embeddable":true,"href":"https:\/\/www.sonoraenequipo.com.mx\/api\/wp\/v2\/comments?post=187288"}],"version-history":[{"count":2,"href":"https:\/\/www.sonoraenequipo.com.mx\/api\/wp\/v2\/posts\/187288\/revisions"}],"predecessor-version":[{"id":187336,"href":"https:\/\/www.sonoraenequipo.com.mx\/api\/wp\/v2\/posts\/187288\/revisions\/187336"}],"wp:featuredmedia":[{"embeddable":true,"href":"https:\/\/www.sonoraenequipo.com.mx\/api\/wp\/v2\/media\/187290"}],"wp:attachment":[{"href":"https:\/\/www.sonoraenequipo.com.mx\/api\/wp\/v2\/media?parent=187288"}],"wp:term":[{"taxonomy":"category","embeddable":true,"href":"https:\/\/www.sonoraenequipo.com.mx\/api\/wp\/v2\/categories?post=187288"},{"taxonomy":"post_tag","embeddable":true,"href":"https:\/\/www.sonoraenequipo.com.mx\/api\/wp\/v2\/tags?post=187288"}],"curies":[{"name":"wp","href":"https:\/\/api.w.org\/{rel}","templated":true}]}}