{"id":187289,"date":"2024-04-09T10:28:00","date_gmt":"2024-04-09T17:28:00","guid":{"rendered":"https:\/\/www.sonoraenequipo.com.mx\/?p=187289"},"modified":"2024-04-10T13:30:22","modified_gmt":"2024-04-10T20:30:22","slug":"derecho-a-la-salud-sera-realidad-antes-de-terminar-sexenio-presidente","status":"publish","type":"post","link":"https:\/\/www.sonoraenequipo.com.mx\/derecho-a-la-salud-sera-realidad-antes-de-terminar-sexenio-presidente\/","title":{"rendered":"Derecho a la salud ser\u00e1 realidad antes de terminar sexenio: presidente."},"content":{"rendered":"<p><strong>CIUDAD DE M\u00c9XICO. MX. \u2014<\/strong> El presidente Andr\u00e9s Manuel L\u00f3pez Obrador reafirm\u00f3 que el derecho a la salud, tal como lo establece en el art\u00edculo 4\u00b0 de la Constituci\u00f3n, ser\u00e1 realidad antes de concluir su mandato, el pr\u00f3ximo 30 de septiembre.<\/p>\n<p> <br \/>\n\u201cEs todo un desaf\u00edo y decidimos aceptar el reto. (\u2026) Vamos a tener en M\u00e9xico el mejor sistema de salud p\u00fablica del mundo, aunque parezca ut\u00f3pico, incre\u00edble, fantasioso. Nada de eso. Los compromisos se cumplen y vamos a tener este sistema de salud\u201d, asegur\u00f3 en compa\u00f1\u00eda de 23 gobernadoras y gobernadores de estados incorporados al sistema IMSS Bienestar.<\/p>\n<p>El jefe del Ejecutivo se\u00f1al\u00f3 que el esfuerzo por recuperar lo p\u00fablico deriva de la suma de voluntades de las administraciones locales en Baja California, Baja California Sur, Campeche, Chiapas, Colima, Ciudad de M\u00e9xico, Hidalgo, Estado de M\u00e9xico, Guerrero, Michoac\u00e1n, Morelos, Nayarit, Oaxaca, Puebla, Quintana Roo, San Luis Potos\u00ed, Sinaloa, Sonora, Tabasco, Tamaulipas, Tlaxcala, Veracruz y Zacatecas.<\/p>\n<p>\u201cAgradecemos mucho a gobernadoras, gobernadores, el que se haya decidido hacer este pacto en 23 estados y esto va a llevar no s\u00f3lo a mejorar sustancialmente el sistema de salud p\u00fablica, sino a terminar de limpiar de corrupci\u00f3n al sector salud porque hab\u00edan llegado al extremo de hacer negocios con la salud del pueblo\u201d, expres\u00f3.<\/p>\n<p>En conferencia de prensa matutina mencion\u00f3 que no hay l\u00edmites en garantizar al pueblo el servicio de salud gratuito, universal y de calidad, principalmente en las comunidades m\u00e1s apartadas y marginadas del pa\u00eds \u201cporque no hay mexicanos de primera y de segunda; todos tenemos el mismo derecho a la salud\u201d.<\/p>\n<p>El secretario de Salud, Jorge Alcocer Varela, resalt\u00f3 que la atenci\u00f3n m\u00e9dica de primer nivel mejora la calidad de vida, la percepci\u00f3n de la salud, la autoestima y el autocuidado bajo una visi\u00f3n social.<\/p>\n<p>Adicionalmente dio a conocer que en 2022 las principales causas de fallecimiento fueron enfermedades del coraz\u00f3n, diabetes mellitus, enfermedades respiratorias y COVID-19, as\u00ed como c\u00e1ncer, por lo que el IMSS Bienestar se fortalece para prevenir y atender estos padecimientos.<\/p>\n<p>La gobernadora de Tlaxcala, Lorena Cu\u00e9llar Cisneros, y los gobernadores de Nayarit, Miguel \u00c1ngel Navarro Quintero, y de Tamaulipas, Am\u00e9rico Villarreal Anaya, dieron cuenta de la aplicaci\u00f3n del IMSS Bienestar en sus estados.<\/p>\n<p>El director general del Instituto Mexicano del Seguro Social (IMSS), Zo\u00e9 Robledo Aburto, anunci\u00f3 la convocatoria IMSS Bienestar para m\u00e9dicas y m\u00e9dicos generales y especialistas. Inicia este martes 9 de abril a partir de las 17:00 horas y terminar\u00e1 el pr\u00f3ximo 23 de abril a las 23:59 horas. Con esta medida el personal de salud llegar\u00e1 a las poblaciones m\u00e1s alejadas del pa\u00eds.<\/p>\n<p>El presidente L\u00f3pez Obrador plante\u00f3 que el informe integral sobre IMSS Bienestar se presente de forma mensual o bimestral.<\/p>\n<p>Estuvieron en el pres\u00eddium: la subsecretaria de la Funci\u00f3n P\u00fablica, Thal\u00eda Concepci\u00f3n Lagunas Arag\u00f3n y los directores generales de IMSS Bienestar, Alejandro Calder\u00f3n Alipi y de Laboratorios de Biol\u00f3gicos y Reactivos de M\u00e9xico (Birmex), Jens Pedro Lohmann Iturburu.<\/p>\n<p>PUBLICADO EL 09 DE ABRIL DE 2024\/ Con informaci\u00f3n de Conferencia matutina presidencial)<\/p>\n","protected":false},"excerpt":{"rendered":"<p>CIUDAD DE M\u00c9XICO. MX. \u2014 El presidente Andr\u00e9s Manuel L\u00f3pez Obrador reafirm\u00f3 que el derecho&#8230;<\/p>\n","protected":false},"author":1,"featured_media":187292,"comment_status":"open","ping_status":"open","sticky":false,"template":"","format":"standard","meta":{"_monsterinsights_skip_tracking":false,"_monsterinsights_sitenote_active":false,"_monsterinsights_sitenote_note":"","_monsterinsights_sitenote_category":0,"footnotes":""},"categories":[5],"tags":[],"class_list":["post"],"yoast_head":" \n<title>Sonora en Equipo. Derecho a la salud ser\u00e1 realidad antes de terminar sexenio: presidente. Rep\u00fablica<\/title>\n<meta name=\"description\" content=\"CIUDAD DE M\u00c9XICO. MX. \u2014 El presidente Andr\u00e9s Manuel L\u00f3pez Obrador reafirm\u00f3 que el derecho a la salud, tal como lo establece en el art\u00edculo 4\u00b0 de la En Sonora en Equipo publicamos toda la informaci\u00f3n de Sonora, M\u00e9xico y el Mundo de manera oportuna y busca que la libertad de expresi\u00f3n sea real. Visita nuestro medio informativo publicado desde Hermosillo, Sonora. %\" \/>\n<meta name=\"robots\" content=\"index, follow, max-snippet:-1, max-image-preview:large, max-video-preview:-1\" \/>\n<link rel=\"canonical\" href=\"https:\/\/www.sonoraenequipo.com.mx\/derecho-a-la-salud-sera-realidad-antes-de-terminar-sexenio-presidente\/\" \/>\n<meta property=\"og:locale\" content=\"es_ES\" \/>\n<meta property=\"og:type\" content=\"article\" \/>\n<meta property=\"og:title\" content=\"Sonora en Equipo. Derecho a la salud ser\u00e1 realidad antes de terminar sexenio: presidente. Rep\u00fablica\" \/>\n<meta property=\"og:description\" content=\"CIUDAD DE M\u00c9XICO. MX. \u2014 El presidente Andr\u00e9s Manuel L\u00f3pez Obrador reafirm\u00f3 que el derecho a la salud, tal como lo establece en el art\u00edculo 4\u00b0 de la En Sonora en Equipo publicamos toda la informaci\u00f3n de Sonora, M\u00e9xico y el Mundo de manera oportuna y busca que la libertad de expresi\u00f3n sea real. Visita nuestro medio informativo publicado desde Hermosillo, Sonora. %\" \/>\n<meta property=\"og:url\" content=\"https:\/\/www.sonoraenequipo.com.mx\/derecho-a-la-salud-sera-realidad-antes-de-terminar-sexenio-presidente\/\" \/>\n<meta property=\"og:site_name\" content=\"Sonora en Equipo.\" \/>\n<meta property=\"article:publisher\" content=\"https:\/\/www.facebook.com\/SonoraEE\/\" \/>\n<meta property=\"article:author\" content=\"https:\/\/www.facebook.com\/SonoraEE\" \/>\n<meta property=\"article:published_time\" content=\"2024-04-09T17:28:00+00:00\" \/>\n<meta property=\"article:modified_time\" content=\"2024-04-10T20:30:22+00:00\" \/>\n<meta property=\"og:image\" content=\"https:\/\/www.sonoraenequipo.com.mx\/storage\/2024\/04\/derecho-a-la-salud-min-scaled.jpg\" \/>\n\t<meta property=\"og:image:width\" content=\"2560\" \/>\n\t<meta property=\"og:image:height\" content=\"1707\" \/>\n\t<meta property=\"og:image:type\" content=\"image\/jpeg\" \/>\n<meta name=\"author\" content=\"enequipo\" \/>\n<meta name=\"twitter:card\" content=\"summary_large_image\" \/>\n<meta name=\"twitter:creator\" content=\"@sonoraenequipo\" \/>\n<meta name=\"twitter:site\" content=\"@sonoraenequipo\" \/>\n<meta name=\"twitter:label1\" content=\"Escrito por\" \/>\n\t<meta name=\"twitter:data1\" content=\"enequipo\" \/>\n\t<meta name=\"twitter:label2\" content=\"Tiempo de lectura\" \/>\n\t<meta name=\"twitter:data2\" content=\"3 minutos\" \/>\n<script type=\"application\/ld+json\" class=\"yoast-schema-graph\">{\"@context\":\"https:\/\/schema.org\",\"@graph\":[{\"@type\":\"Article\",\"@id\":\"https:\/\/www.sonoraenequipo.com.mx\/derecho-a-la-salud-sera-realidad-antes-de-terminar-sexenio-presidente\/#article\",\"isPartOf\":{\"@id\":\"https:\/\/www.sonoraenequipo.com.mx\/derecho-a-la-salud-sera-realidad-antes-de-terminar-sexenio-presidente\/\"},\"author\":{\"name\":\"enequipo\",\"@id\":\"https:\/\/www.sonoraenequipo.com.mx\/#\/schema\/person\/50102df0fb23a8fa9e8effad8fa81386\"},\"headline\":\"Derecho a la salud ser\u00e1 realidad antes de terminar sexenio: presidente.\",\"datePublished\":\"2024-04-09T17:28:00+00:00\",\"dateModified\":\"2024-04-10T20:30:22+00:00\",\"mainEntityOfPage\":{\"@id\":\"https:\/\/www.sonoraenequipo.com.mx\/derecho-a-la-salud-sera-realidad-antes-de-terminar-sexenio-presidente\/\"},\"wordCount\":547,\"commentCount\":0,\"publisher\":{\"@id\":\"https:\/\/www.sonoraenequipo.com.mx\/#organization\"},\"image\":{\"@id\":\"https:\/\/www.sonoraenequipo.com.mx\/derecho-a-la-salud-sera-realidad-antes-de-terminar-sexenio-presidente\/#primaryimage\"},\"thumbnailUrl\":\"https:\/\/www.sonoraenequipo.com.mx\/storage\/2024\/04\/derecho-a-la-salud-min-scaled.jpg\",\"articleSection\":[\"Rep\u00fablica\"],\"inLanguage\":\"es\",\"potentialAction\":[{\"@type\":\"CommentAction\",\"name\":\"Comment\",\"target\":[\"https:\/\/www.sonoraenequipo.com.mx\/derecho-a-la-salud-sera-realidad-antes-de-terminar-sexenio-presidente\/#respond\"]}]},{\"@type\":\"WebPage\",\"@id\":\"https:\/\/www.sonoraenequipo.com.mx\/derecho-a-la-salud-sera-realidad-antes-de-terminar-sexenio-presidente\/\",\"url\":\"https:\/\/www.sonoraenequipo.com.mx\/derecho-a-la-salud-sera-realidad-antes-de-terminar-sexenio-presidente\/\",\"name\":\"Sonora en Equipo. Derecho a la salud ser\u00e1 realidad antes de terminar sexenio: presidente. Rep\u00fablica\",\"isPartOf\":{\"@id\":\"https:\/\/www.sonoraenequipo.com.mx\/#website\"},\"primaryImageOfPage\":{\"@id\":\"https:\/\/www.sonoraenequipo.com.mx\/derecho-a-la-salud-sera-realidad-antes-de-terminar-sexenio-presidente\/#primaryimage\"},\"image\":{\"@id\":\"https:\/\/www.sonoraenequipo.com.mx\/derecho-a-la-salud-sera-realidad-antes-de-terminar-sexenio-presidente\/#primaryimage\"},\"thumbnailUrl\":\"https:\/\/www.sonoraenequipo.com.mx\/storage\/2024\/04\/derecho-a-la-salud-min-scaled.jpg\",\"datePublished\":\"2024-04-09T17:28:00+00:00\",\"dateModified\":\"2024-04-10T20:30:22+00:00\",\"description\":\"CIUDAD DE M\u00c9XICO. MX. \u2014 El presidente Andr\u00e9s Manuel L\u00f3pez Obrador reafirm\u00f3 que el derecho a la salud, tal como lo establece en el art\u00edculo 4\u00b0 de la En Sonora en Equipo publicamos toda la informaci\u00f3n de Sonora, M\u00e9xico y el Mundo de manera oportuna y busca que la libertad de expresi\u00f3n sea real. Visita nuestro medio informativo publicado desde Hermosillo, Sonora. %\",\"breadcrumb\":{\"@id\":\"https:\/\/www.sonoraenequipo.com.mx\/derecho-a-la-salud-sera-realidad-antes-de-terminar-sexenio-presidente\/#breadcrumb\"},\"inLanguage\":\"es\",\"potentialAction\":[{\"@type\":\"ReadAction\",\"target\":[\"https:\/\/www.sonoraenequipo.com.mx\/derecho-a-la-salud-sera-realidad-antes-de-terminar-sexenio-presidente\/\"]}]},{\"@type\":\"ImageObject\",\"inLanguage\":\"es\",\"@id\":\"https:\/\/www.sonoraenequipo.com.mx\/derecho-a-la-salud-sera-realidad-antes-de-terminar-sexenio-presidente\/#primaryimage\",\"url\":\"https:\/\/www.sonoraenequipo.com.mx\/storage\/2024\/04\/derecho-a-la-salud-min-scaled.jpg\",\"contentUrl\":\"https:\/\/www.sonoraenequipo.com.mx\/storage\/2024\/04\/derecho-a-la-salud-min-scaled.jpg\",\"width\":2560,\"height\":1707},{\"@type\":\"BreadcrumbList\",\"@id\":\"https:\/\/www.sonoraenequipo.com.mx\/derecho-a-la-salud-sera-realidad-antes-de-terminar-sexenio-presidente\/#breadcrumb\",\"itemListElement\":[{\"@type\":\"ListItem\",\"position\":1,\"name\":\"Portada\",\"item\":\"https:\/\/www.sonoraenequipo.com.mx\/\"},{\"@type\":\"ListItem\",\"position\":2,\"name\":\"Derecho a la salud ser\u00e1 realidad antes de terminar sexenio: presidente.\"}]},{\"@type\":\"WebSite\",\"@id\":\"https:\/\/www.sonoraenequipo.com.mx\/#website\",\"url\":\"https:\/\/www.sonoraenequipo.com.mx\/\",\"name\":\"Sonora en Equipo.\",\"description\":\"Diario en l\u00ednea con Noticias desde Hermosillo, Sonora\",\"publisher\":{\"@id\":\"https:\/\/www.sonoraenequipo.com.mx\/#organization\"},\"potentialAction\":[{\"@type\":\"SearchAction\",\"target\":{\"@type\":\"EntryPoint\",\"urlTemplate\":\"https:\/\/www.sonoraenequipo.com.mx\/?s={search_term_string}\"},\"query-input\":{\"@type\":\"PropertyValueSpecification\",\"valueRequired\":true,\"valueName\":\"search_term_string\"}}],\"inLanguage\":\"es\"},{\"@type\":\"Organization\",\"@id\":\"https:\/\/www.sonoraenequipo.com.mx\/#organization\",\"name\":\"Sonoraenequipo.com.mx\",\"url\":\"https:\/\/www.sonoraenequipo.com.mx\/\",\"logo\":{\"@type\":\"ImageObject\",\"inLanguage\":\"es\",\"@id\":\"https:\/\/www.sonoraenequipo.com.mx\/#\/schema\/logo\/image\/\",\"url\":\"https:\/\/www.sonoraenequipo.com.mx\/storage\/2019\/01\/sonoraenequipo_opt.png\",\"contentUrl\":\"https:\/\/www.sonoraenequipo.com.mx\/storage\/2019\/01\/sonoraenequipo_opt.png\",\"width\":375,\"height\":125,\"caption\":\"Sonoraenequipo.com.mx\"},\"image\":{\"@id\":\"https:\/\/www.sonoraenequipo.com.mx\/#\/schema\/logo\/image\/\"},\"sameAs\":[\"https:\/\/www.facebook.com\/SonoraEE\/\",\"https:\/\/x.com\/sonoraenequipo\",\"https:\/\/www.youtube.com\/channel\/UC338nW-lPEYmJQs4ZABQ1SQ\"]},{\"@type\":\"Person\",\"@id\":\"https:\/\/www.sonoraenequipo.com.mx\/#\/schema\/person\/50102df0fb23a8fa9e8effad8fa81386\",\"name\":\"enequipo\",\"image\":{\"@type\":\"ImageObject\",\"inLanguage\":\"es\",\"@id\":\"https:\/\/www.sonoraenequipo.com.mx\/#\/schema\/person\/image\/\",\"url\":\"https:\/\/secure.gravatar.com\/avatar\/049821681b589dabc0bc20695993ccebb09f5b5d4d790cd9251b97faac7c652b?s=96&d=blank&r=g\",\"contentUrl\":\"https:\/\/secure.gravatar.com\/avatar\/049821681b589dabc0bc20695993ccebb09f5b5d4d790cd9251b97faac7c652b?s=96&d=blank&r=g\",\"caption\":\"enequipo\"},\"sameAs\":[\"https:\/\/www.facebook.com\/SonoraEE\"]}]}<\/script>\n ","yoast_head_json":{"title":"Sonora en Equipo. Derecho a la salud ser\u00e1 realidad antes de terminar sexenio: presidente. Rep\u00fablica","description":"CIUDAD DE M\u00c9XICO. MX. \u2014 El presidente Andr\u00e9s Manuel L\u00f3pez Obrador reafirm\u00f3 que el derecho a la salud, tal como lo establece en el art\u00edculo 4\u00b0 de la En Sonora en Equipo publicamos toda la informaci\u00f3n de Sonora, M\u00e9xico y el Mundo de manera oportuna y busca que la libertad de expresi\u00f3n sea real. Visita nuestro medio informativo publicado desde Hermosillo, Sonora. %","robots":{"index":"index","follow":"follow","max-snippet":"max-snippet:-1","max-image-preview":"max-image-preview:large","max-video-preview":"max-video-preview:-1"},"canonical":"https:\/\/www.sonoraenequipo.com.mx\/derecho-a-la-salud-sera-realidad-antes-de-terminar-sexenio-presidente\/","og_locale":"es_ES","og_type":"article","og_title":"Sonora en Equipo. Derecho a la salud ser\u00e1 realidad antes de terminar sexenio: presidente. Rep\u00fablica","og_description":"CIUDAD DE M\u00c9XICO. MX. \u2014 El presidente Andr\u00e9s Manuel L\u00f3pez Obrador reafirm\u00f3 que el derecho a la salud, tal como lo establece en el art\u00edculo 4\u00b0 de la En Sonora en Equipo publicamos toda la informaci\u00f3n de Sonora, M\u00e9xico y el Mundo de manera oportuna y busca que la libertad de expresi\u00f3n sea real. Visita nuestro medio informativo publicado desde Hermosillo, Sonora. %","og_url":"https:\/\/www.sonoraenequipo.com.mx\/derecho-a-la-salud-sera-realidad-antes-de-terminar-sexenio-presidente\/","og_site_name":"Sonora en Equipo.","article_publisher":"https:\/\/www.facebook.com\/SonoraEE\/","article_author":"https:\/\/www.facebook.com\/SonoraEE","article_published_time":"2024-04-09T17:28:00+00:00","article_modified_time":"2024-04-10T20:30:22+00:00","og_image":[{"width":2560,"height":1707,"url":"https:\/\/www.sonoraenequipo.com.mx\/storage\/2024\/04\/derecho-a-la-salud-min-scaled.jpg","type":"image\/jpeg"}],"author":"enequipo","twitter_card":"summary_large_image","twitter_creator":"@sonoraenequipo","twitter_site":"@sonoraenequipo","twitter_misc":{"Escrito por":"enequipo","Tiempo de lectura":"3 minutos"},"schema":{"@context":"https:\/\/schema.org","@graph":[{"@type":"Article","@id":"https:\/\/www.sonoraenequipo.com.mx\/derecho-a-la-salud-sera-realidad-antes-de-terminar-sexenio-presidente\/#article","isPartOf":{"@id":"https:\/\/www.sonoraenequipo.com.mx\/derecho-a-la-salud-sera-realidad-antes-de-terminar-sexenio-presidente\/"},"author":{"name":"enequipo","@id":"https:\/\/www.sonoraenequipo.com.mx\/#\/schema\/person\/50102df0fb23a8fa9e8effad8fa81386"},"headline":"Derecho a la salud ser\u00e1 realidad antes de terminar sexenio: presidente.","datePublished":"2024-04-09T17:28:00+00:00","dateModified":"2024-04-10T20:30:22+00:00","mainEntityOfPage":{"@id":"https:\/\/www.sonoraenequipo.com.mx\/derecho-a-la-salud-sera-realidad-antes-de-terminar-sexenio-presidente\/"},"wordCount":547,"commentCount":0,"publisher":{"@id":"https:\/\/www.sonoraenequipo.com.mx\/#organization"},"image":{"@id":"https:\/\/www.sonoraenequipo.com.mx\/derecho-a-la-salud-sera-realidad-antes-de-terminar-sexenio-presidente\/#primaryimage"},"thumbnailUrl":"https:\/\/www.sonoraenequipo.com.mx\/storage\/2024\/04\/derecho-a-la-salud-min-scaled.jpg","articleSection":["Rep\u00fablica"],"inLanguage":"es","potentialAction":[{"@type":"CommentAction","name":"Comment","target":["https:\/\/www.sonoraenequipo.com.mx\/derecho-a-la-salud-sera-realidad-antes-de-terminar-sexenio-presidente\/#respond"]}]},{"@type":"WebPage","@id":"https:\/\/www.sonoraenequipo.com.mx\/derecho-a-la-salud-sera-realidad-antes-de-terminar-sexenio-presidente\/","url":"https:\/\/www.sonoraenequipo.com.mx\/derecho-a-la-salud-sera-realidad-antes-de-terminar-sexenio-presidente\/","name":"Sonora en Equipo. Derecho a la salud ser\u00e1 realidad antes de terminar sexenio: presidente. Rep\u00fablica","isPartOf":{"@id":"https:\/\/www.sonoraenequipo.com.mx\/#website"},"primaryImageOfPage":{"@id":"https:\/\/www.sonoraenequipo.com.mx\/derecho-a-la-salud-sera-realidad-antes-de-terminar-sexenio-presidente\/#primaryimage"},"image":{"@id":"https:\/\/www.sonoraenequipo.com.mx\/derecho-a-la-salud-sera-realidad-antes-de-terminar-sexenio-presidente\/#primaryimage"},"thumbnailUrl":"https:\/\/www.sonoraenequipo.com.mx\/storage\/2024\/04\/derecho-a-la-salud-min-scaled.jpg","datePublished":"2024-04-09T17:28:00+00:00","dateModified":"2024-04-10T20:30:22+00:00","description":"CIUDAD DE M\u00c9XICO. MX. \u2014 El presidente Andr\u00e9s Manuel L\u00f3pez Obrador reafirm\u00f3 que el derecho a la salud, tal como lo establece en el art\u00edculo 4\u00b0 de la En Sonora en Equipo publicamos toda la informaci\u00f3n de Sonora, M\u00e9xico y el Mundo de manera oportuna y busca que la libertad de expresi\u00f3n sea real. Visita nuestro medio informativo publicado desde Hermosillo, Sonora. %","breadcrumb":{"@id":"https:\/\/www.sonoraenequipo.com.mx\/derecho-a-la-salud-sera-realidad-antes-de-terminar-sexenio-presidente\/#breadcrumb"},"inLanguage":"es","potentialAction":[{"@type":"ReadAction","target":["https:\/\/www.sonoraenequipo.com.mx\/derecho-a-la-salud-sera-realidad-antes-de-terminar-sexenio-presidente\/"]}]},{"@type":"ImageObject","inLanguage":"es","@id":"https:\/\/www.sonoraenequipo.com.mx\/derecho-a-la-salud-sera-realidad-antes-de-terminar-sexenio-presidente\/#primaryimage","url":"https:\/\/www.sonoraenequipo.com.mx\/storage\/2024\/04\/derecho-a-la-salud-min-scaled.jpg","contentUrl":"https:\/\/www.sonoraenequipo.com.mx\/storage\/2024\/04\/derecho-a-la-salud-min-scaled.jpg","width":2560,"height":1707},{"@type":"BreadcrumbList","@id":"https:\/\/www.sonoraenequipo.com.mx\/derecho-a-la-salud-sera-realidad-antes-de-terminar-sexenio-presidente\/#breadcrumb","itemListElement":[{"@type":"ListItem","position":1,"name":"Portada","item":"https:\/\/www.sonoraenequipo.com.mx\/"},{"@type":"ListItem","position":2,"name":"Derecho a la salud ser\u00e1 realidad antes de terminar sexenio: presidente."}]},{"@type":"WebSite","@id":"https:\/\/www.sonoraenequipo.com.mx\/#website","url":"https:\/\/www.sonoraenequipo.com.mx\/","name":"Sonora en Equipo.","description":"Diario en l\u00ednea con Noticias desde Hermosillo, Sonora","publisher":{"@id":"https:\/\/www.sonoraenequipo.com.mx\/#organization"},"potentialAction":[{"@type":"SearchAction","target":{"@type":"EntryPoint","urlTemplate":"https:\/\/www.sonoraenequipo.com.mx\/?s={search_term_string}"},"query-input":{"@type":"PropertyValueSpecification","valueRequired":true,"valueName":"search_term_string"}}],"inLanguage":"es"},{"@type":"Organization","@id":"https:\/\/www.sonoraenequipo.com.mx\/#organization","name":"Sonoraenequipo.com.mx","url":"https:\/\/www.sonoraenequipo.com.mx\/","logo":{"@type":"ImageObject","inLanguage":"es","@id":"https:\/\/www.sonoraenequipo.com.mx\/#\/schema\/logo\/image\/","url":"https:\/\/www.sonoraenequipo.com.mx\/storage\/2019\/01\/sonoraenequipo_opt.png","contentUrl":"https:\/\/www.sonoraenequipo.com.mx\/storage\/2019\/01\/sonoraenequipo_opt.png","width":375,"height":125,"caption":"Sonoraenequipo.com.mx"},"image":{"@id":"https:\/\/www.sonoraenequipo.com.mx\/#\/schema\/logo\/image\/"},"sameAs":["https:\/\/www.facebook.com\/SonoraEE\/","https:\/\/x.com\/sonoraenequipo","https:\/\/www.youtube.com\/channel\/UC338nW-lPEYmJQs4ZABQ1SQ"]},{"@type":"Person","@id":"https:\/\/www.sonoraenequipo.com.mx\/#\/schema\/person\/50102df0fb23a8fa9e8effad8fa81386","name":"enequipo","image":{"@type":"ImageObject","inLanguage":"es","@id":"https:\/\/www.sonoraenequipo.com.mx\/#\/schema\/person\/image\/","url":"https:\/\/secure.gravatar.com\/avatar\/049821681b589dabc0bc20695993ccebb09f5b5d4d790cd9251b97faac7c652b?s=96&d=blank&r=g","contentUrl":"https:\/\/secure.gravatar.com\/avatar\/049821681b589dabc0bc20695993ccebb09f5b5d4d790cd9251b97faac7c652b?s=96&d=blank&r=g","caption":"enequipo"},"sameAs":["https:\/\/www.facebook.com\/SonoraEE"]}]}},"jetpack_featured_media_url":"https:\/\/www.sonoraenequipo.com.mx\/storage\/2024\/04\/derecho-a-la-salud-min-scaled.jpg","_links":{"self":[{"href":"https:\/\/www.sonoraenequipo.com.mx\/api\/wp\/v2\/posts\/187289","targetHints":{"allow":["GET"]}}],"collection":[{"href":"https:\/\/www.sonoraenequipo.com.mx\/api\/wp\/v2\/posts"}],"about":[{"href":"https:\/\/www.sonoraenequipo.com.mx\/api\/wp\/v2\/types\/post"}],"author":[{"embeddable":true,"href":"https:\/\/www.sonoraenequipo.com.mx\/api\/wp\/v2\/users\/1"}],"replies":[{"embeddable":true,"href":"https:\/\/www.sonoraenequipo.com.mx\/api\/wp\/v2\/comments?post=187289"}],"version-history":[{"count":1,"href":"https:\/\/www.sonoraenequipo.com.mx\/api\/wp\/v2\/posts\/187289\/revisions"}],"predecessor-version":[{"id":187295,"href":"https:\/\/www.sonoraenequipo.com.mx\/api\/wp\/v2\/posts\/187289\/revisions\/187295"}],"wp:featuredmedia":[{"embeddable":true,"href":"https:\/\/www.sonoraenequipo.com.mx\/api\/wp\/v2\/media\/187292"}],"wp:attachment":[{"href":"https:\/\/www.sonoraenequipo.com.mx\/api\/wp\/v2\/media?parent=187289"}],"wp:term":[{"taxonomy":"category","embeddable":true,"href":"https:\/\/www.sonoraenequipo.com.mx\/api\/wp\/v2\/categories?post=187289"},{"taxonomy":"post_tag","embeddable":true,"href":"https:\/\/www.sonoraenequipo.com.mx\/api\/wp\/v2\/tags?post=187289"}],"curies":[{"name":"wp","href":"https:\/\/api.w.org\/{rel}","templated":true}]}}