{"id":187293,"date":"2024-04-10T13:33:22","date_gmt":"2024-04-10T20:33:22","guid":{"rendered":"https:\/\/www.sonoraenequipo.com.mx\/?p=187293"},"modified":"2024-04-10T13:33:45","modified_gmt":"2024-04-10T20:33:45","slug":"capturan-y-vinculan-a-proceso-a-sujetopor-tentativa-de-feminicidio-e-infanticidio","status":"publish","type":"post","link":"https:\/\/www.sonoraenequipo.com.mx\/capturan-y-vinculan-a-proceso-a-sujetopor-tentativa-de-feminicidio-e-infanticidio\/","title":{"rendered":"Capturan y vinculan a proceso a sujeto por tentativa de feminicidio e infanticidio"},"content":{"rendered":"<p><strong>NAVOJOA, SONORA, MX.\u02d7\u02d7\u02d7 <\/strong>En la importante lucha contra la violencia de g\u00e9nero y la protecci\u00f3n de los m\u00e1s vulnerables, la Fiscal\u00eda General de Justicia del Estado de Sonora (FGJES) logr\u00f3 la detenci\u00f3n y posterior vinculaci\u00f3n a proceso de Jos\u00e9 Luis \u201cN\u201d, imputado por los delitos de tentativa de feminicidio en agravio de Martha Denicia \u201cN\u201d y homicidio infantil en grado de tentativa, dirigido hacia una menor dos meses de edad.<\/p>\n<p>&nbsp;<\/p>\n<p>Los hechos que condujeron a esta acci\u00f3n judicial ocurrieron el 3 de abril de 2024, aproximadamente a las 18:30 horas, cuando el imputado, armado y a bordo de un veh\u00edculo, se present\u00f3 en el exterior del domicilio de su pareja, ubicado en la colonia Rosales, en Navojoa, Sonora, lugar en donde se encontraba Martha Denicia \u201cN\u201d acompa\u00f1ada de su hija de dos meses, tambi\u00e9n dentro de un veh\u00edculo.<\/p>\n<p>&nbsp;<\/p>\n<p>Seg\u00fan se reporta, Jos\u00e9 Luis \u201cN\u201d intent\u00f3 persuadir a Martha Denicia \u201cN\u201d de regresar con \u00e9l, y ante la negativa de la v\u00edctima, el imputado dispar\u00f3 en varias ocasiones, intentando sin \u00e9xito consumar el delito por la acci\u00f3n defensiva de Martha Denicia \u201cN\u201d, quien logr\u00f3 protegerse a s\u00ed misma y a su hija.<\/p>\n<p>&nbsp;<\/p>\n<p>La solicitud de una orden de aprehensi\u00f3n, respaldada por pruebas contundentes, y la ejecuci\u00f3n de un cateo permitieron la captura de Jos\u00e9 Luis \u201cN\u201d, quien enfrenta la justicia bajo prisi\u00f3n preventiva como medida cautelar, garantizando as\u00ed su presencia para el proceso judicial.<\/p>\n<p>&nbsp;<\/p>\n<p>En este sentido, la Fiscal\u00eda General de Justicia del Estado de Sonora (FGJES) reafirma su compromiso con la erradicaci\u00f3n de la violencia hacia las mujeres y los menores, para lo cual buscar\u00e1 la condena m\u00e1s altas en derecho procedentes durante las siguientes etapas del proceso penal.<\/p>\n<p><strong>Fecha de publicaci\u00f3n mi\u00e9rcoles 10 de abril de 2024<\/strong><\/p>\n","protected":false},"excerpt":{"rendered":"<p>NAVOJOA, SONORA, MX.\u02d7\u02d7\u02d7 En la importante lucha contra la violencia de g\u00e9nero y la protecci\u00f3n&#8230;<\/p>\n","protected":false},"author":1,"featured_media":187296,"comment_status":"open","ping_status":"open","sticky":false,"template":"","format":"standard","meta":{"_monsterinsights_skip_tracking":false,"_monsterinsights_sitenote_active":false,"_monsterinsights_sitenote_note":"","_monsterinsights_sitenote_category":0,"footnotes":""},"categories":[3144],"tags":[299,3119,15],"class_list":["post"],"yoast_head":" \n<title>Sonora en Equipo. Capturan y vinculan a proceso a sujeto por tentativa de feminicidio e infanticidio Polic\u00edaca<\/title>\n<meta name=\"description\" content=\"NAVOJOA, SONORA, MX.\u02d7\u02d7\u02d7 En la importante lucha contra la violencia de g\u00e9nero y la protecci\u00f3n de los m\u00e1s vulnerables, la Fiscal\u00eda General de Justicia del En Sonora en Equipo publicamos toda la informaci\u00f3n de Sonora, M\u00e9xico y el Mundo de manera oportuna y busca que la libertad de expresi\u00f3n sea real. Visita nuestro medio informativo publicado desde Hermosillo, Sonora. %\" \/>\n<meta name=\"robots\" content=\"index, follow, max-snippet:-1, max-image-preview:large, max-video-preview:-1\" \/>\n<link rel=\"canonical\" href=\"https:\/\/www.sonoraenequipo.com.mx\/capturan-y-vinculan-a-proceso-a-sujetopor-tentativa-de-feminicidio-e-infanticidio\/\" \/>\n<meta property=\"og:locale\" content=\"es_ES\" \/>\n<meta property=\"og:type\" content=\"article\" \/>\n<meta property=\"og:title\" content=\"Sonora en Equipo. Capturan y vinculan a proceso a sujeto por tentativa de feminicidio e infanticidio Polic\u00edaca\" \/>\n<meta property=\"og:description\" content=\"NAVOJOA, SONORA, MX.\u02d7\u02d7\u02d7 En la importante lucha contra la violencia de g\u00e9nero y la protecci\u00f3n de los m\u00e1s vulnerables, la Fiscal\u00eda General de Justicia del En Sonora en Equipo publicamos toda la informaci\u00f3n de Sonora, M\u00e9xico y el Mundo de manera oportuna y busca que la libertad de expresi\u00f3n sea real. Visita nuestro medio informativo publicado desde Hermosillo, Sonora. %\" \/>\n<meta property=\"og:url\" content=\"https:\/\/www.sonoraenequipo.com.mx\/capturan-y-vinculan-a-proceso-a-sujetopor-tentativa-de-feminicidio-e-infanticidio\/\" \/>\n<meta property=\"og:site_name\" content=\"Sonora en Equipo.\" \/>\n<meta property=\"article:publisher\" content=\"https:\/\/www.facebook.com\/SonoraEE\/\" \/>\n<meta property=\"article:author\" content=\"https:\/\/www.facebook.com\/SonoraEE\" \/>\n<meta property=\"article:published_time\" content=\"2024-04-10T20:33:22+00:00\" \/>\n<meta property=\"article:modified_time\" content=\"2024-04-10T20:33:45+00:00\" \/>\n<meta property=\"og:image\" content=\"https:\/\/www.sonoraenequipo.com.mx\/storage\/2024\/04\/infanticida.jpg\" \/>\n\t<meta property=\"og:image:width\" content=\"900\" \/>\n\t<meta property=\"og:image:height\" content=\"600\" \/>\n\t<meta property=\"og:image:type\" content=\"image\/jpeg\" \/>\n<meta name=\"author\" content=\"enequipo\" \/>\n<meta name=\"twitter:card\" content=\"summary_large_image\" \/>\n<meta name=\"twitter:creator\" content=\"@sonoraenequipo\" \/>\n<meta name=\"twitter:site\" content=\"@sonoraenequipo\" \/>\n<meta name=\"twitter:label1\" content=\"Escrito por\" \/>\n\t<meta name=\"twitter:data1\" content=\"enequipo\" \/>\n\t<meta name=\"twitter:label2\" content=\"Tiempo de lectura\" \/>\n\t<meta name=\"twitter:data2\" content=\"2 minutos\" \/>\n<script type=\"application\/ld+json\" class=\"yoast-schema-graph\">{\"@context\":\"https:\/\/schema.org\",\"@graph\":[{\"@type\":\"Article\",\"@id\":\"https:\/\/www.sonoraenequipo.com.mx\/capturan-y-vinculan-a-proceso-a-sujetopor-tentativa-de-feminicidio-e-infanticidio\/#article\",\"isPartOf\":{\"@id\":\"https:\/\/www.sonoraenequipo.com.mx\/capturan-y-vinculan-a-proceso-a-sujetopor-tentativa-de-feminicidio-e-infanticidio\/\"},\"author\":{\"name\":\"enequipo\",\"@id\":\"https:\/\/www.sonoraenequipo.com.mx\/#\/schema\/person\/50102df0fb23a8fa9e8effad8fa81386\"},\"headline\":\"Capturan y vinculan a proceso a sujeto por tentativa de feminicidio e infanticidio\",\"datePublished\":\"2024-04-10T20:33:22+00:00\",\"dateModified\":\"2024-04-10T20:33:45+00:00\",\"mainEntityOfPage\":{\"@id\":\"https:\/\/www.sonoraenequipo.com.mx\/capturan-y-vinculan-a-proceso-a-sujetopor-tentativa-de-feminicidio-e-infanticidio\/\"},\"wordCount\":322,\"commentCount\":0,\"publisher\":{\"@id\":\"https:\/\/www.sonoraenequipo.com.mx\/#organization\"},\"image\":{\"@id\":\"https:\/\/www.sonoraenequipo.com.mx\/capturan-y-vinculan-a-proceso-a-sujetopor-tentativa-de-feminicidio-e-infanticidio\/#primaryimage\"},\"thumbnailUrl\":\"https:\/\/www.sonoraenequipo.com.mx\/storage\/2024\/04\/infanticida.jpg\",\"keywords\":[\"inseguridad\",\"navojoa\",\"Sonora\"],\"articleSection\":[\"Polic\u00edaca\"],\"inLanguage\":\"es\",\"potentialAction\":[{\"@type\":\"CommentAction\",\"name\":\"Comment\",\"target\":[\"https:\/\/www.sonoraenequipo.com.mx\/capturan-y-vinculan-a-proceso-a-sujetopor-tentativa-de-feminicidio-e-infanticidio\/#respond\"]}]},{\"@type\":\"WebPage\",\"@id\":\"https:\/\/www.sonoraenequipo.com.mx\/capturan-y-vinculan-a-proceso-a-sujetopor-tentativa-de-feminicidio-e-infanticidio\/\",\"url\":\"https:\/\/www.sonoraenequipo.com.mx\/capturan-y-vinculan-a-proceso-a-sujetopor-tentativa-de-feminicidio-e-infanticidio\/\",\"name\":\"Sonora en Equipo. Capturan y vinculan a proceso a sujeto por tentativa de feminicidio e infanticidio Polic\u00edaca\",\"isPartOf\":{\"@id\":\"https:\/\/www.sonoraenequipo.com.mx\/#website\"},\"primaryImageOfPage\":{\"@id\":\"https:\/\/www.sonoraenequipo.com.mx\/capturan-y-vinculan-a-proceso-a-sujetopor-tentativa-de-feminicidio-e-infanticidio\/#primaryimage\"},\"image\":{\"@id\":\"https:\/\/www.sonoraenequipo.com.mx\/capturan-y-vinculan-a-proceso-a-sujetopor-tentativa-de-feminicidio-e-infanticidio\/#primaryimage\"},\"thumbnailUrl\":\"https:\/\/www.sonoraenequipo.com.mx\/storage\/2024\/04\/infanticida.jpg\",\"datePublished\":\"2024-04-10T20:33:22+00:00\",\"dateModified\":\"2024-04-10T20:33:45+00:00\",\"description\":\"NAVOJOA, SONORA, MX.\u02d7\u02d7\u02d7 En la importante lucha contra la violencia de g\u00e9nero y la protecci\u00f3n de los m\u00e1s vulnerables, la Fiscal\u00eda General de Justicia del En Sonora en Equipo publicamos toda la informaci\u00f3n de Sonora, M\u00e9xico y el Mundo de manera oportuna y busca que la libertad de expresi\u00f3n sea real. Visita nuestro medio informativo publicado desde Hermosillo, Sonora. %\",\"breadcrumb\":{\"@id\":\"https:\/\/www.sonoraenequipo.com.mx\/capturan-y-vinculan-a-proceso-a-sujetopor-tentativa-de-feminicidio-e-infanticidio\/#breadcrumb\"},\"inLanguage\":\"es\",\"potentialAction\":[{\"@type\":\"ReadAction\",\"target\":[\"https:\/\/www.sonoraenequipo.com.mx\/capturan-y-vinculan-a-proceso-a-sujetopor-tentativa-de-feminicidio-e-infanticidio\/\"]}]},{\"@type\":\"ImageObject\",\"inLanguage\":\"es\",\"@id\":\"https:\/\/www.sonoraenequipo.com.mx\/capturan-y-vinculan-a-proceso-a-sujetopor-tentativa-de-feminicidio-e-infanticidio\/#primaryimage\",\"url\":\"https:\/\/www.sonoraenequipo.com.mx\/storage\/2024\/04\/infanticida.jpg\",\"contentUrl\":\"https:\/\/www.sonoraenequipo.com.mx\/storage\/2024\/04\/infanticida.jpg\",\"width\":900,\"height\":600},{\"@type\":\"BreadcrumbList\",\"@id\":\"https:\/\/www.sonoraenequipo.com.mx\/capturan-y-vinculan-a-proceso-a-sujetopor-tentativa-de-feminicidio-e-infanticidio\/#breadcrumb\",\"itemListElement\":[{\"@type\":\"ListItem\",\"position\":1,\"name\":\"Portada\",\"item\":\"https:\/\/www.sonoraenequipo.com.mx\/\"},{\"@type\":\"ListItem\",\"position\":2,\"name\":\"Capturan y vinculan a proceso a sujeto por tentativa de feminicidio e infanticidio\"}]},{\"@type\":\"WebSite\",\"@id\":\"https:\/\/www.sonoraenequipo.com.mx\/#website\",\"url\":\"https:\/\/www.sonoraenequipo.com.mx\/\",\"name\":\"Sonora en Equipo.\",\"description\":\"Diario en l\u00ednea con Noticias desde Hermosillo, Sonora\",\"publisher\":{\"@id\":\"https:\/\/www.sonoraenequipo.com.mx\/#organization\"},\"potentialAction\":[{\"@type\":\"SearchAction\",\"target\":{\"@type\":\"EntryPoint\",\"urlTemplate\":\"https:\/\/www.sonoraenequipo.com.mx\/?s={search_term_string}\"},\"query-input\":{\"@type\":\"PropertyValueSpecification\",\"valueRequired\":true,\"valueName\":\"search_term_string\"}}],\"inLanguage\":\"es\"},{\"@type\":\"Organization\",\"@id\":\"https:\/\/www.sonoraenequipo.com.mx\/#organization\",\"name\":\"Sonoraenequipo.com.mx\",\"url\":\"https:\/\/www.sonoraenequipo.com.mx\/\",\"logo\":{\"@type\":\"ImageObject\",\"inLanguage\":\"es\",\"@id\":\"https:\/\/www.sonoraenequipo.com.mx\/#\/schema\/logo\/image\/\",\"url\":\"https:\/\/www.sonoraenequipo.com.mx\/storage\/2019\/01\/sonoraenequipo_opt.png\",\"contentUrl\":\"https:\/\/www.sonoraenequipo.com.mx\/storage\/2019\/01\/sonoraenequipo_opt.png\",\"width\":375,\"height\":125,\"caption\":\"Sonoraenequipo.com.mx\"},\"image\":{\"@id\":\"https:\/\/www.sonoraenequipo.com.mx\/#\/schema\/logo\/image\/\"},\"sameAs\":[\"https:\/\/www.facebook.com\/SonoraEE\/\",\"https:\/\/x.com\/sonoraenequipo\",\"https:\/\/www.youtube.com\/channel\/UC338nW-lPEYmJQs4ZABQ1SQ\"]},{\"@type\":\"Person\",\"@id\":\"https:\/\/www.sonoraenequipo.com.mx\/#\/schema\/person\/50102df0fb23a8fa9e8effad8fa81386\",\"name\":\"enequipo\",\"image\":{\"@type\":\"ImageObject\",\"inLanguage\":\"es\",\"@id\":\"https:\/\/www.sonoraenequipo.com.mx\/#\/schema\/person\/image\/\",\"url\":\"https:\/\/secure.gravatar.com\/avatar\/049821681b589dabc0bc20695993ccebb09f5b5d4d790cd9251b97faac7c652b?s=96&d=blank&r=g\",\"contentUrl\":\"https:\/\/secure.gravatar.com\/avatar\/049821681b589dabc0bc20695993ccebb09f5b5d4d790cd9251b97faac7c652b?s=96&d=blank&r=g\",\"caption\":\"enequipo\"},\"sameAs\":[\"https:\/\/www.facebook.com\/SonoraEE\"]}]}<\/script>\n ","yoast_head_json":{"title":"Sonora en Equipo. Capturan y vinculan a proceso a sujeto por tentativa de feminicidio e infanticidio Polic\u00edaca","description":"NAVOJOA, SONORA, MX.\u02d7\u02d7\u02d7 En la importante lucha contra la violencia de g\u00e9nero y la protecci\u00f3n de los m\u00e1s vulnerables, la Fiscal\u00eda General de Justicia del En Sonora en Equipo publicamos toda la informaci\u00f3n de Sonora, M\u00e9xico y el Mundo de manera oportuna y busca que la libertad de expresi\u00f3n sea real. Visita nuestro medio informativo publicado desde Hermosillo, Sonora. %","robots":{"index":"index","follow":"follow","max-snippet":"max-snippet:-1","max-image-preview":"max-image-preview:large","max-video-preview":"max-video-preview:-1"},"canonical":"https:\/\/www.sonoraenequipo.com.mx\/capturan-y-vinculan-a-proceso-a-sujetopor-tentativa-de-feminicidio-e-infanticidio\/","og_locale":"es_ES","og_type":"article","og_title":"Sonora en Equipo. Capturan y vinculan a proceso a sujeto por tentativa de feminicidio e infanticidio Polic\u00edaca","og_description":"NAVOJOA, SONORA, MX.\u02d7\u02d7\u02d7 En la importante lucha contra la violencia de g\u00e9nero y la protecci\u00f3n de los m\u00e1s vulnerables, la Fiscal\u00eda General de Justicia del En Sonora en Equipo publicamos toda la informaci\u00f3n de Sonora, M\u00e9xico y el Mundo de manera oportuna y busca que la libertad de expresi\u00f3n sea real. Visita nuestro medio informativo publicado desde Hermosillo, Sonora. %","og_url":"https:\/\/www.sonoraenequipo.com.mx\/capturan-y-vinculan-a-proceso-a-sujetopor-tentativa-de-feminicidio-e-infanticidio\/","og_site_name":"Sonora en Equipo.","article_publisher":"https:\/\/www.facebook.com\/SonoraEE\/","article_author":"https:\/\/www.facebook.com\/SonoraEE","article_published_time":"2024-04-10T20:33:22+00:00","article_modified_time":"2024-04-10T20:33:45+00:00","og_image":[{"width":900,"height":600,"url":"https:\/\/www.sonoraenequipo.com.mx\/storage\/2024\/04\/infanticida.jpg","type":"image\/jpeg"}],"author":"enequipo","twitter_card":"summary_large_image","twitter_creator":"@sonoraenequipo","twitter_site":"@sonoraenequipo","twitter_misc":{"Escrito por":"enequipo","Tiempo de lectura":"2 minutos"},"schema":{"@context":"https:\/\/schema.org","@graph":[{"@type":"Article","@id":"https:\/\/www.sonoraenequipo.com.mx\/capturan-y-vinculan-a-proceso-a-sujetopor-tentativa-de-feminicidio-e-infanticidio\/#article","isPartOf":{"@id":"https:\/\/www.sonoraenequipo.com.mx\/capturan-y-vinculan-a-proceso-a-sujetopor-tentativa-de-feminicidio-e-infanticidio\/"},"author":{"name":"enequipo","@id":"https:\/\/www.sonoraenequipo.com.mx\/#\/schema\/person\/50102df0fb23a8fa9e8effad8fa81386"},"headline":"Capturan y vinculan a proceso a sujeto por tentativa de feminicidio e infanticidio","datePublished":"2024-04-10T20:33:22+00:00","dateModified":"2024-04-10T20:33:45+00:00","mainEntityOfPage":{"@id":"https:\/\/www.sonoraenequipo.com.mx\/capturan-y-vinculan-a-proceso-a-sujetopor-tentativa-de-feminicidio-e-infanticidio\/"},"wordCount":322,"commentCount":0,"publisher":{"@id":"https:\/\/www.sonoraenequipo.com.mx\/#organization"},"image":{"@id":"https:\/\/www.sonoraenequipo.com.mx\/capturan-y-vinculan-a-proceso-a-sujetopor-tentativa-de-feminicidio-e-infanticidio\/#primaryimage"},"thumbnailUrl":"https:\/\/www.sonoraenequipo.com.mx\/storage\/2024\/04\/infanticida.jpg","keywords":["inseguridad","navojoa","Sonora"],"articleSection":["Polic\u00edaca"],"inLanguage":"es","potentialAction":[{"@type":"CommentAction","name":"Comment","target":["https:\/\/www.sonoraenequipo.com.mx\/capturan-y-vinculan-a-proceso-a-sujetopor-tentativa-de-feminicidio-e-infanticidio\/#respond"]}]},{"@type":"WebPage","@id":"https:\/\/www.sonoraenequipo.com.mx\/capturan-y-vinculan-a-proceso-a-sujetopor-tentativa-de-feminicidio-e-infanticidio\/","url":"https:\/\/www.sonoraenequipo.com.mx\/capturan-y-vinculan-a-proceso-a-sujetopor-tentativa-de-feminicidio-e-infanticidio\/","name":"Sonora en Equipo. Capturan y vinculan a proceso a sujeto por tentativa de feminicidio e infanticidio Polic\u00edaca","isPartOf":{"@id":"https:\/\/www.sonoraenequipo.com.mx\/#website"},"primaryImageOfPage":{"@id":"https:\/\/www.sonoraenequipo.com.mx\/capturan-y-vinculan-a-proceso-a-sujetopor-tentativa-de-feminicidio-e-infanticidio\/#primaryimage"},"image":{"@id":"https:\/\/www.sonoraenequipo.com.mx\/capturan-y-vinculan-a-proceso-a-sujetopor-tentativa-de-feminicidio-e-infanticidio\/#primaryimage"},"thumbnailUrl":"https:\/\/www.sonoraenequipo.com.mx\/storage\/2024\/04\/infanticida.jpg","datePublished":"2024-04-10T20:33:22+00:00","dateModified":"2024-04-10T20:33:45+00:00","description":"NAVOJOA, SONORA, MX.\u02d7\u02d7\u02d7 En la importante lucha contra la violencia de g\u00e9nero y la protecci\u00f3n de los m\u00e1s vulnerables, la Fiscal\u00eda General de Justicia del En Sonora en Equipo publicamos toda la informaci\u00f3n de Sonora, M\u00e9xico y el Mundo de manera oportuna y busca que la libertad de expresi\u00f3n sea real. Visita nuestro medio informativo publicado desde Hermosillo, Sonora. %","breadcrumb":{"@id":"https:\/\/www.sonoraenequipo.com.mx\/capturan-y-vinculan-a-proceso-a-sujetopor-tentativa-de-feminicidio-e-infanticidio\/#breadcrumb"},"inLanguage":"es","potentialAction":[{"@type":"ReadAction","target":["https:\/\/www.sonoraenequipo.com.mx\/capturan-y-vinculan-a-proceso-a-sujetopor-tentativa-de-feminicidio-e-infanticidio\/"]}]},{"@type":"ImageObject","inLanguage":"es","@id":"https:\/\/www.sonoraenequipo.com.mx\/capturan-y-vinculan-a-proceso-a-sujetopor-tentativa-de-feminicidio-e-infanticidio\/#primaryimage","url":"https:\/\/www.sonoraenequipo.com.mx\/storage\/2024\/04\/infanticida.jpg","contentUrl":"https:\/\/www.sonoraenequipo.com.mx\/storage\/2024\/04\/infanticida.jpg","width":900,"height":600},{"@type":"BreadcrumbList","@id":"https:\/\/www.sonoraenequipo.com.mx\/capturan-y-vinculan-a-proceso-a-sujetopor-tentativa-de-feminicidio-e-infanticidio\/#breadcrumb","itemListElement":[{"@type":"ListItem","position":1,"name":"Portada","item":"https:\/\/www.sonoraenequipo.com.mx\/"},{"@type":"ListItem","position":2,"name":"Capturan y vinculan a proceso a sujeto por tentativa de feminicidio e infanticidio"}]},{"@type":"WebSite","@id":"https:\/\/www.sonoraenequipo.com.mx\/#website","url":"https:\/\/www.sonoraenequipo.com.mx\/","name":"Sonora en Equipo.","description":"Diario en l\u00ednea con Noticias desde Hermosillo, Sonora","publisher":{"@id":"https:\/\/www.sonoraenequipo.com.mx\/#organization"},"potentialAction":[{"@type":"SearchAction","target":{"@type":"EntryPoint","urlTemplate":"https:\/\/www.sonoraenequipo.com.mx\/?s={search_term_string}"},"query-input":{"@type":"PropertyValueSpecification","valueRequired":true,"valueName":"search_term_string"}}],"inLanguage":"es"},{"@type":"Organization","@id":"https:\/\/www.sonoraenequipo.com.mx\/#organization","name":"Sonoraenequipo.com.mx","url":"https:\/\/www.sonoraenequipo.com.mx\/","logo":{"@type":"ImageObject","inLanguage":"es","@id":"https:\/\/www.sonoraenequipo.com.mx\/#\/schema\/logo\/image\/","url":"https:\/\/www.sonoraenequipo.com.mx\/storage\/2019\/01\/sonoraenequipo_opt.png","contentUrl":"https:\/\/www.sonoraenequipo.com.mx\/storage\/2019\/01\/sonoraenequipo_opt.png","width":375,"height":125,"caption":"Sonoraenequipo.com.mx"},"image":{"@id":"https:\/\/www.sonoraenequipo.com.mx\/#\/schema\/logo\/image\/"},"sameAs":["https:\/\/www.facebook.com\/SonoraEE\/","https:\/\/x.com\/sonoraenequipo","https:\/\/www.youtube.com\/channel\/UC338nW-lPEYmJQs4ZABQ1SQ"]},{"@type":"Person","@id":"https:\/\/www.sonoraenequipo.com.mx\/#\/schema\/person\/50102df0fb23a8fa9e8effad8fa81386","name":"enequipo","image":{"@type":"ImageObject","inLanguage":"es","@id":"https:\/\/www.sonoraenequipo.com.mx\/#\/schema\/person\/image\/","url":"https:\/\/secure.gravatar.com\/avatar\/049821681b589dabc0bc20695993ccebb09f5b5d4d790cd9251b97faac7c652b?s=96&d=blank&r=g","contentUrl":"https:\/\/secure.gravatar.com\/avatar\/049821681b589dabc0bc20695993ccebb09f5b5d4d790cd9251b97faac7c652b?s=96&d=blank&r=g","caption":"enequipo"},"sameAs":["https:\/\/www.facebook.com\/SonoraEE"]}]}},"jetpack_featured_media_url":"https:\/\/www.sonoraenequipo.com.mx\/storage\/2024\/04\/infanticida.jpg","_links":{"self":[{"href":"https:\/\/www.sonoraenequipo.com.mx\/api\/wp\/v2\/posts\/187293","targetHints":{"allow":["GET"]}}],"collection":[{"href":"https:\/\/www.sonoraenequipo.com.mx\/api\/wp\/v2\/posts"}],"about":[{"href":"https:\/\/www.sonoraenequipo.com.mx\/api\/wp\/v2\/types\/post"}],"author":[{"embeddable":true,"href":"https:\/\/www.sonoraenequipo.com.mx\/api\/wp\/v2\/users\/1"}],"replies":[{"embeddable":true,"href":"https:\/\/www.sonoraenequipo.com.mx\/api\/wp\/v2\/comments?post=187293"}],"version-history":[{"count":2,"href":"https:\/\/www.sonoraenequipo.com.mx\/api\/wp\/v2\/posts\/187293\/revisions"}],"predecessor-version":[{"id":187299,"href":"https:\/\/www.sonoraenequipo.com.mx\/api\/wp\/v2\/posts\/187293\/revisions\/187299"}],"wp:featuredmedia":[{"embeddable":true,"href":"https:\/\/www.sonoraenequipo.com.mx\/api\/wp\/v2\/media\/187296"}],"wp:attachment":[{"href":"https:\/\/www.sonoraenequipo.com.mx\/api\/wp\/v2\/media?parent=187293"}],"wp:term":[{"taxonomy":"category","embeddable":true,"href":"https:\/\/www.sonoraenequipo.com.mx\/api\/wp\/v2\/categories?post=187293"},{"taxonomy":"post_tag","embeddable":true,"href":"https:\/\/www.sonoraenequipo.com.mx\/api\/wp\/v2\/tags?post=187293"}],"curies":[{"name":"wp","href":"https:\/\/api.w.org\/{rel}","templated":true}]}}