{"id":187298,"date":"2024-04-10T07:33:24","date_gmt":"2024-04-10T14:33:24","guid":{"rendered":"https:\/\/www.sonoraenequipo.com.mx\/?p=187298"},"modified":"2024-04-10T15:59:17","modified_gmt":"2024-04-10T22:59:17","slug":"la-casa-blanca-sube-de-tono-la-condena-por-asalto-a-la-embajada-de-mexico-en-quito","status":"publish","type":"post","link":"https:\/\/www.sonoraenequipo.com.mx\/la-casa-blanca-sube-de-tono-la-condena-por-asalto-a-la-embajada-de-mexico-en-quito\/","title":{"rendered":"La Casa Blanca sube de tono la condena por asalto a la Embajada de M\u00e9xico en Quito"},"content":{"rendered":"<p><strong>WASHINGTON, ESTADOS UNIDOS. \u2014<\/strong> La Casa Blanca volvi\u00f3 a condenar el asalto a la Embajada de M\u00e9xico en Quito, perpetrado la semana pasada por la Polic\u00eda Nacional del Ecuador, subiendo esta vez de tono y tachando las acciones de la parte ecuatoriana de \u00abequivocadas\u00bb. La declaraci\u00f3n llega despu\u00e9s de que Washington revisara los videos de la irrupci\u00f3n en el edificio de la misi\u00f3n diplom\u00e1tica mexicana.<\/p>\n<p> <\/p>\n<p><em><strong>\u00abCondenamos esta violaci\u00f3n de la Convenci\u00f3n de Viena sobre Relaciones Diplom\u00e1ticas, incluido el uso de la fuerza contra funcionarios de la Embajada [mexicana]. Hemos revisado las im\u00e1genes de las c\u00e1maras de seguridad de la Embajada de M\u00e9xico y creemos que estas acciones estuvieron equivocadas\u00bb,<\/strong><\/em> anunci\u00f3 este martes en una rueda de prensa el asesor de Seguridad Nacional de EE.UU., Jake Sullivan.<\/p>\n<p>En este contexto, el funcionario estadounidense recalc\u00f3 que <strong><em>\u00abel Gobierno ecuatoriano ignor\u00f3 sus obligaciones bajo el derecho internacional como Estado anfitri\u00f3n de respetar la inviolabilidad de las misiones diplom\u00e1ticas y puso en peligro el fundamento de las normas diplom\u00e1ticas b\u00e1sicas en las relaciones\u00bb.<\/em><\/strong><\/p>\n<p><em><strong>\u00abLe hemos pedido a Ecuador que trabaje con M\u00e9xico para encontrar una soluci\u00f3n a esta disputa diplom\u00e1tica\u00bb, dijo Sullivan y con fin de \u00abalcanzar una soluci\u00f3n diplom\u00e1tica pac\u00edfica<\/strong><\/em>\u00bb le dio la bienvenida a una reuni\u00f3n de la Organizaci\u00f3n de los Estados Americanos (OEA), que ya se celebr\u00f3 este martes en la sede del organismo en Washington.<\/p>\n<p>Anteriormente, el presidente de M\u00e9xico, Andr\u00e9s Manuel L\u00f3pez Obrador, fustig\u00f3 las \u00abposturas ambiguas\u00bb de sus vecinos, EE.UU. y Canad\u00e1, sobre el asalto a la Embajada mexicana en Ecuador. En su declaraci\u00f3n anterior, Washington, a pesar de condenar \u00abcualquier violaci\u00f3n de la Convenci\u00f3n de Viena sobre Relaciones Diplom\u00e1ticas\u00bb, subray\u00f3 que \u00abM\u00e9xico y Ecuador son socios cr\u00edticos de EE.UU.\u00bb, sin mencionar que se trataron de acciones violentas.<\/p>\n<p>PUBLICADO EL 10 DE ABRIL DE 2024\/ Con informaci\u00f3n de RT)<\/p>\n","protected":false},"excerpt":{"rendered":"<p>WASHINGTON, ESTADOS UNIDOS. \u2014 La Casa Blanca volvi\u00f3 a condenar el asalto a la Embajada&#8230;<\/p>\n","protected":false},"author":1,"featured_media":187303,"comment_status":"open","ping_status":"open","sticky":false,"template":"","format":"standard","meta":{"_monsterinsights_skip_tracking":false,"_monsterinsights_sitenote_active":false,"_monsterinsights_sitenote_note":"","_monsterinsights_sitenote_category":0,"footnotes":""},"categories":[3],"tags":[],"class_list":["post"],"yoast_head":" \n<title>Sonora en Equipo. La Casa Blanca sube de tono la condena por asalto a la Embajada de M\u00e9xico en Quito MUNDO<\/title>\n<meta name=\"description\" content=\"WASHINGTON, ESTADOS UNIDOS. \u2014 La Casa Blanca volvi\u00f3 a condenar el asalto a la Embajada de M\u00e9xico en Quito, perpetrado la semana pasada por la Polic\u00eda En Sonora en Equipo publicamos toda la informaci\u00f3n de Sonora, M\u00e9xico y el Mundo de manera oportuna y busca que la libertad de expresi\u00f3n sea real. Visita nuestro medio informativo publicado desde Hermosillo, Sonora. %\" \/>\n<meta name=\"robots\" content=\"index, follow, max-snippet:-1, max-image-preview:large, max-video-preview:-1\" \/>\n<link rel=\"canonical\" href=\"https:\/\/www.sonoraenequipo.com.mx\/la-casa-blanca-sube-de-tono-la-condena-por-asalto-a-la-embajada-de-mexico-en-quito\/\" \/>\n<meta property=\"og:locale\" content=\"es_ES\" \/>\n<meta property=\"og:type\" content=\"article\" \/>\n<meta property=\"og:title\" content=\"Sonora en Equipo. La Casa Blanca sube de tono la condena por asalto a la Embajada de M\u00e9xico en Quito MUNDO\" \/>\n<meta property=\"og:description\" content=\"WASHINGTON, ESTADOS UNIDOS. \u2014 La Casa Blanca volvi\u00f3 a condenar el asalto a la Embajada de M\u00e9xico en Quito, perpetrado la semana pasada por la Polic\u00eda En Sonora en Equipo publicamos toda la informaci\u00f3n de Sonora, M\u00e9xico y el Mundo de manera oportuna y busca que la libertad de expresi\u00f3n sea real. Visita nuestro medio informativo publicado desde Hermosillo, Sonora. %\" \/>\n<meta property=\"og:url\" content=\"https:\/\/www.sonoraenequipo.com.mx\/la-casa-blanca-sube-de-tono-la-condena-por-asalto-a-la-embajada-de-mexico-en-quito\/\" \/>\n<meta property=\"og:site_name\" content=\"Sonora en Equipo.\" \/>\n<meta property=\"article:publisher\" content=\"https:\/\/www.facebook.com\/SonoraEE\/\" \/>\n<meta property=\"article:author\" content=\"https:\/\/www.facebook.com\/SonoraEE\" \/>\n<meta property=\"article:published_time\" content=\"2024-04-10T14:33:24+00:00\" \/>\n<meta property=\"article:modified_time\" content=\"2024-04-10T22:59:17+00:00\" \/>\n<meta property=\"og:image\" content=\"https:\/\/www.sonoraenequipo.com.mx\/storage\/2024\/04\/ecuador.invasion-a-embajada.jpg-min.jpg\" \/>\n\t<meta property=\"og:image:width\" content=\"1104\" \/>\n\t<meta property=\"og:image:height\" content=\"622\" \/>\n\t<meta property=\"og:image:type\" content=\"image\/jpeg\" \/>\n<meta name=\"author\" content=\"enequipo\" \/>\n<meta name=\"twitter:card\" content=\"summary_large_image\" \/>\n<meta name=\"twitter:creator\" content=\"@sonoraenequipo\" \/>\n<meta name=\"twitter:site\" content=\"@sonoraenequipo\" \/>\n<meta name=\"twitter:label1\" content=\"Escrito por\" \/>\n\t<meta name=\"twitter:data1\" content=\"enequipo\" \/>\n\t<meta name=\"twitter:label2\" content=\"Tiempo de lectura\" \/>\n\t<meta name=\"twitter:data2\" content=\"2 minutos\" \/>\n<script type=\"application\/ld+json\" class=\"yoast-schema-graph\">{\"@context\":\"https:\/\/schema.org\",\"@graph\":[{\"@type\":\"Article\",\"@id\":\"https:\/\/www.sonoraenequipo.com.mx\/la-casa-blanca-sube-de-tono-la-condena-por-asalto-a-la-embajada-de-mexico-en-quito\/#article\",\"isPartOf\":{\"@id\":\"https:\/\/www.sonoraenequipo.com.mx\/la-casa-blanca-sube-de-tono-la-condena-por-asalto-a-la-embajada-de-mexico-en-quito\/\"},\"author\":{\"name\":\"enequipo\",\"@id\":\"https:\/\/www.sonoraenequipo.com.mx\/#\/schema\/person\/50102df0fb23a8fa9e8effad8fa81386\"},\"headline\":\"La Casa Blanca sube de tono la condena por asalto a la Embajada de M\u00e9xico en Quito\",\"datePublished\":\"2024-04-10T14:33:24+00:00\",\"dateModified\":\"2024-04-10T22:59:17+00:00\",\"mainEntityOfPage\":{\"@id\":\"https:\/\/www.sonoraenequipo.com.mx\/la-casa-blanca-sube-de-tono-la-condena-por-asalto-a-la-embajada-de-mexico-en-quito\/\"},\"wordCount\":354,\"commentCount\":0,\"publisher\":{\"@id\":\"https:\/\/www.sonoraenequipo.com.mx\/#organization\"},\"image\":{\"@id\":\"https:\/\/www.sonoraenequipo.com.mx\/la-casa-blanca-sube-de-tono-la-condena-por-asalto-a-la-embajada-de-mexico-en-quito\/#primaryimage\"},\"thumbnailUrl\":\"https:\/\/www.sonoraenequipo.com.mx\/storage\/2024\/04\/ecuador.invasion-a-embajada.jpg-min.jpg\",\"articleSection\":[\"MUNDO\"],\"inLanguage\":\"es\",\"potentialAction\":[{\"@type\":\"CommentAction\",\"name\":\"Comment\",\"target\":[\"https:\/\/www.sonoraenequipo.com.mx\/la-casa-blanca-sube-de-tono-la-condena-por-asalto-a-la-embajada-de-mexico-en-quito\/#respond\"]}]},{\"@type\":\"WebPage\",\"@id\":\"https:\/\/www.sonoraenequipo.com.mx\/la-casa-blanca-sube-de-tono-la-condena-por-asalto-a-la-embajada-de-mexico-en-quito\/\",\"url\":\"https:\/\/www.sonoraenequipo.com.mx\/la-casa-blanca-sube-de-tono-la-condena-por-asalto-a-la-embajada-de-mexico-en-quito\/\",\"name\":\"Sonora en Equipo. La Casa Blanca sube de tono la condena por asalto a la Embajada de M\u00e9xico en Quito MUNDO\",\"isPartOf\":{\"@id\":\"https:\/\/www.sonoraenequipo.com.mx\/#website\"},\"primaryImageOfPage\":{\"@id\":\"https:\/\/www.sonoraenequipo.com.mx\/la-casa-blanca-sube-de-tono-la-condena-por-asalto-a-la-embajada-de-mexico-en-quito\/#primaryimage\"},\"image\":{\"@id\":\"https:\/\/www.sonoraenequipo.com.mx\/la-casa-blanca-sube-de-tono-la-condena-por-asalto-a-la-embajada-de-mexico-en-quito\/#primaryimage\"},\"thumbnailUrl\":\"https:\/\/www.sonoraenequipo.com.mx\/storage\/2024\/04\/ecuador.invasion-a-embajada.jpg-min.jpg\",\"datePublished\":\"2024-04-10T14:33:24+00:00\",\"dateModified\":\"2024-04-10T22:59:17+00:00\",\"description\":\"WASHINGTON, ESTADOS UNIDOS. \u2014 La Casa Blanca volvi\u00f3 a condenar el asalto a la Embajada de M\u00e9xico en Quito, perpetrado la semana pasada por la Polic\u00eda En Sonora en Equipo publicamos toda la informaci\u00f3n de Sonora, M\u00e9xico y el Mundo de manera oportuna y busca que la libertad de expresi\u00f3n sea real. Visita nuestro medio informativo publicado desde Hermosillo, Sonora. %\",\"breadcrumb\":{\"@id\":\"https:\/\/www.sonoraenequipo.com.mx\/la-casa-blanca-sube-de-tono-la-condena-por-asalto-a-la-embajada-de-mexico-en-quito\/#breadcrumb\"},\"inLanguage\":\"es\",\"potentialAction\":[{\"@type\":\"ReadAction\",\"target\":[\"https:\/\/www.sonoraenequipo.com.mx\/la-casa-blanca-sube-de-tono-la-condena-por-asalto-a-la-embajada-de-mexico-en-quito\/\"]}]},{\"@type\":\"ImageObject\",\"inLanguage\":\"es\",\"@id\":\"https:\/\/www.sonoraenequipo.com.mx\/la-casa-blanca-sube-de-tono-la-condena-por-asalto-a-la-embajada-de-mexico-en-quito\/#primaryimage\",\"url\":\"https:\/\/www.sonoraenequipo.com.mx\/storage\/2024\/04\/ecuador.invasion-a-embajada.jpg-min.jpg\",\"contentUrl\":\"https:\/\/www.sonoraenequipo.com.mx\/storage\/2024\/04\/ecuador.invasion-a-embajada.jpg-min.jpg\",\"width\":1104,\"height\":622},{\"@type\":\"BreadcrumbList\",\"@id\":\"https:\/\/www.sonoraenequipo.com.mx\/la-casa-blanca-sube-de-tono-la-condena-por-asalto-a-la-embajada-de-mexico-en-quito\/#breadcrumb\",\"itemListElement\":[{\"@type\":\"ListItem\",\"position\":1,\"name\":\"Portada\",\"item\":\"https:\/\/www.sonoraenequipo.com.mx\/\"},{\"@type\":\"ListItem\",\"position\":2,\"name\":\"La Casa Blanca sube de tono la condena por asalto a la Embajada de M\u00e9xico en Quito\"}]},{\"@type\":\"WebSite\",\"@id\":\"https:\/\/www.sonoraenequipo.com.mx\/#website\",\"url\":\"https:\/\/www.sonoraenequipo.com.mx\/\",\"name\":\"Sonora en Equipo.\",\"description\":\"Diario en l\u00ednea con Noticias desde Hermosillo, Sonora\",\"publisher\":{\"@id\":\"https:\/\/www.sonoraenequipo.com.mx\/#organization\"},\"potentialAction\":[{\"@type\":\"SearchAction\",\"target\":{\"@type\":\"EntryPoint\",\"urlTemplate\":\"https:\/\/www.sonoraenequipo.com.mx\/?s={search_term_string}\"},\"query-input\":{\"@type\":\"PropertyValueSpecification\",\"valueRequired\":true,\"valueName\":\"search_term_string\"}}],\"inLanguage\":\"es\"},{\"@type\":\"Organization\",\"@id\":\"https:\/\/www.sonoraenequipo.com.mx\/#organization\",\"name\":\"Sonoraenequipo.com.mx\",\"url\":\"https:\/\/www.sonoraenequipo.com.mx\/\",\"logo\":{\"@type\":\"ImageObject\",\"inLanguage\":\"es\",\"@id\":\"https:\/\/www.sonoraenequipo.com.mx\/#\/schema\/logo\/image\/\",\"url\":\"https:\/\/www.sonoraenequipo.com.mx\/storage\/2019\/01\/sonoraenequipo_opt.png\",\"contentUrl\":\"https:\/\/www.sonoraenequipo.com.mx\/storage\/2019\/01\/sonoraenequipo_opt.png\",\"width\":375,\"height\":125,\"caption\":\"Sonoraenequipo.com.mx\"},\"image\":{\"@id\":\"https:\/\/www.sonoraenequipo.com.mx\/#\/schema\/logo\/image\/\"},\"sameAs\":[\"https:\/\/www.facebook.com\/SonoraEE\/\",\"https:\/\/x.com\/sonoraenequipo\",\"https:\/\/www.youtube.com\/channel\/UC338nW-lPEYmJQs4ZABQ1SQ\"]},{\"@type\":\"Person\",\"@id\":\"https:\/\/www.sonoraenequipo.com.mx\/#\/schema\/person\/50102df0fb23a8fa9e8effad8fa81386\",\"name\":\"enequipo\",\"image\":{\"@type\":\"ImageObject\",\"inLanguage\":\"es\",\"@id\":\"https:\/\/www.sonoraenequipo.com.mx\/#\/schema\/person\/image\/\",\"url\":\"https:\/\/secure.gravatar.com\/avatar\/049821681b589dabc0bc20695993ccebb09f5b5d4d790cd9251b97faac7c652b?s=96&d=blank&r=g\",\"contentUrl\":\"https:\/\/secure.gravatar.com\/avatar\/049821681b589dabc0bc20695993ccebb09f5b5d4d790cd9251b97faac7c652b?s=96&d=blank&r=g\",\"caption\":\"enequipo\"},\"sameAs\":[\"https:\/\/www.facebook.com\/SonoraEE\"]}]}<\/script>\n ","yoast_head_json":{"title":"Sonora en Equipo. La Casa Blanca sube de tono la condena por asalto a la Embajada de M\u00e9xico en Quito MUNDO","description":"WASHINGTON, ESTADOS UNIDOS. \u2014 La Casa Blanca volvi\u00f3 a condenar el asalto a la Embajada de M\u00e9xico en Quito, perpetrado la semana pasada por la Polic\u00eda En Sonora en Equipo publicamos toda la informaci\u00f3n de Sonora, M\u00e9xico y el Mundo de manera oportuna y busca que la libertad de expresi\u00f3n sea real. Visita nuestro medio informativo publicado desde Hermosillo, Sonora. %","robots":{"index":"index","follow":"follow","max-snippet":"max-snippet:-1","max-image-preview":"max-image-preview:large","max-video-preview":"max-video-preview:-1"},"canonical":"https:\/\/www.sonoraenequipo.com.mx\/la-casa-blanca-sube-de-tono-la-condena-por-asalto-a-la-embajada-de-mexico-en-quito\/","og_locale":"es_ES","og_type":"article","og_title":"Sonora en Equipo. La Casa Blanca sube de tono la condena por asalto a la Embajada de M\u00e9xico en Quito MUNDO","og_description":"WASHINGTON, ESTADOS UNIDOS. \u2014 La Casa Blanca volvi\u00f3 a condenar el asalto a la Embajada de M\u00e9xico en Quito, perpetrado la semana pasada por la Polic\u00eda En Sonora en Equipo publicamos toda la informaci\u00f3n de Sonora, M\u00e9xico y el Mundo de manera oportuna y busca que la libertad de expresi\u00f3n sea real. Visita nuestro medio informativo publicado desde Hermosillo, Sonora. %","og_url":"https:\/\/www.sonoraenequipo.com.mx\/la-casa-blanca-sube-de-tono-la-condena-por-asalto-a-la-embajada-de-mexico-en-quito\/","og_site_name":"Sonora en Equipo.","article_publisher":"https:\/\/www.facebook.com\/SonoraEE\/","article_author":"https:\/\/www.facebook.com\/SonoraEE","article_published_time":"2024-04-10T14:33:24+00:00","article_modified_time":"2024-04-10T22:59:17+00:00","og_image":[{"width":1104,"height":622,"url":"https:\/\/www.sonoraenequipo.com.mx\/storage\/2024\/04\/ecuador.invasion-a-embajada.jpg-min.jpg","type":"image\/jpeg"}],"author":"enequipo","twitter_card":"summary_large_image","twitter_creator":"@sonoraenequipo","twitter_site":"@sonoraenequipo","twitter_misc":{"Escrito por":"enequipo","Tiempo de lectura":"2 minutos"},"schema":{"@context":"https:\/\/schema.org","@graph":[{"@type":"Article","@id":"https:\/\/www.sonoraenequipo.com.mx\/la-casa-blanca-sube-de-tono-la-condena-por-asalto-a-la-embajada-de-mexico-en-quito\/#article","isPartOf":{"@id":"https:\/\/www.sonoraenequipo.com.mx\/la-casa-blanca-sube-de-tono-la-condena-por-asalto-a-la-embajada-de-mexico-en-quito\/"},"author":{"name":"enequipo","@id":"https:\/\/www.sonoraenequipo.com.mx\/#\/schema\/person\/50102df0fb23a8fa9e8effad8fa81386"},"headline":"La Casa Blanca sube de tono la condena por asalto a la Embajada de M\u00e9xico en Quito","datePublished":"2024-04-10T14:33:24+00:00","dateModified":"2024-04-10T22:59:17+00:00","mainEntityOfPage":{"@id":"https:\/\/www.sonoraenequipo.com.mx\/la-casa-blanca-sube-de-tono-la-condena-por-asalto-a-la-embajada-de-mexico-en-quito\/"},"wordCount":354,"commentCount":0,"publisher":{"@id":"https:\/\/www.sonoraenequipo.com.mx\/#organization"},"image":{"@id":"https:\/\/www.sonoraenequipo.com.mx\/la-casa-blanca-sube-de-tono-la-condena-por-asalto-a-la-embajada-de-mexico-en-quito\/#primaryimage"},"thumbnailUrl":"https:\/\/www.sonoraenequipo.com.mx\/storage\/2024\/04\/ecuador.invasion-a-embajada.jpg-min.jpg","articleSection":["MUNDO"],"inLanguage":"es","potentialAction":[{"@type":"CommentAction","name":"Comment","target":["https:\/\/www.sonoraenequipo.com.mx\/la-casa-blanca-sube-de-tono-la-condena-por-asalto-a-la-embajada-de-mexico-en-quito\/#respond"]}]},{"@type":"WebPage","@id":"https:\/\/www.sonoraenequipo.com.mx\/la-casa-blanca-sube-de-tono-la-condena-por-asalto-a-la-embajada-de-mexico-en-quito\/","url":"https:\/\/www.sonoraenequipo.com.mx\/la-casa-blanca-sube-de-tono-la-condena-por-asalto-a-la-embajada-de-mexico-en-quito\/","name":"Sonora en Equipo. La Casa Blanca sube de tono la condena por asalto a la Embajada de M\u00e9xico en Quito MUNDO","isPartOf":{"@id":"https:\/\/www.sonoraenequipo.com.mx\/#website"},"primaryImageOfPage":{"@id":"https:\/\/www.sonoraenequipo.com.mx\/la-casa-blanca-sube-de-tono-la-condena-por-asalto-a-la-embajada-de-mexico-en-quito\/#primaryimage"},"image":{"@id":"https:\/\/www.sonoraenequipo.com.mx\/la-casa-blanca-sube-de-tono-la-condena-por-asalto-a-la-embajada-de-mexico-en-quito\/#primaryimage"},"thumbnailUrl":"https:\/\/www.sonoraenequipo.com.mx\/storage\/2024\/04\/ecuador.invasion-a-embajada.jpg-min.jpg","datePublished":"2024-04-10T14:33:24+00:00","dateModified":"2024-04-10T22:59:17+00:00","description":"WASHINGTON, ESTADOS UNIDOS. \u2014 La Casa Blanca volvi\u00f3 a condenar el asalto a la Embajada de M\u00e9xico en Quito, perpetrado la semana pasada por la Polic\u00eda En Sonora en Equipo publicamos toda la informaci\u00f3n de Sonora, M\u00e9xico y el Mundo de manera oportuna y busca que la libertad de expresi\u00f3n sea real. Visita nuestro medio informativo publicado desde Hermosillo, Sonora. %","breadcrumb":{"@id":"https:\/\/www.sonoraenequipo.com.mx\/la-casa-blanca-sube-de-tono-la-condena-por-asalto-a-la-embajada-de-mexico-en-quito\/#breadcrumb"},"inLanguage":"es","potentialAction":[{"@type":"ReadAction","target":["https:\/\/www.sonoraenequipo.com.mx\/la-casa-blanca-sube-de-tono-la-condena-por-asalto-a-la-embajada-de-mexico-en-quito\/"]}]},{"@type":"ImageObject","inLanguage":"es","@id":"https:\/\/www.sonoraenequipo.com.mx\/la-casa-blanca-sube-de-tono-la-condena-por-asalto-a-la-embajada-de-mexico-en-quito\/#primaryimage","url":"https:\/\/www.sonoraenequipo.com.mx\/storage\/2024\/04\/ecuador.invasion-a-embajada.jpg-min.jpg","contentUrl":"https:\/\/www.sonoraenequipo.com.mx\/storage\/2024\/04\/ecuador.invasion-a-embajada.jpg-min.jpg","width":1104,"height":622},{"@type":"BreadcrumbList","@id":"https:\/\/www.sonoraenequipo.com.mx\/la-casa-blanca-sube-de-tono-la-condena-por-asalto-a-la-embajada-de-mexico-en-quito\/#breadcrumb","itemListElement":[{"@type":"ListItem","position":1,"name":"Portada","item":"https:\/\/www.sonoraenequipo.com.mx\/"},{"@type":"ListItem","position":2,"name":"La Casa Blanca sube de tono la condena por asalto a la Embajada de M\u00e9xico en Quito"}]},{"@type":"WebSite","@id":"https:\/\/www.sonoraenequipo.com.mx\/#website","url":"https:\/\/www.sonoraenequipo.com.mx\/","name":"Sonora en Equipo.","description":"Diario en l\u00ednea con Noticias desde Hermosillo, Sonora","publisher":{"@id":"https:\/\/www.sonoraenequipo.com.mx\/#organization"},"potentialAction":[{"@type":"SearchAction","target":{"@type":"EntryPoint","urlTemplate":"https:\/\/www.sonoraenequipo.com.mx\/?s={search_term_string}"},"query-input":{"@type":"PropertyValueSpecification","valueRequired":true,"valueName":"search_term_string"}}],"inLanguage":"es"},{"@type":"Organization","@id":"https:\/\/www.sonoraenequipo.com.mx\/#organization","name":"Sonoraenequipo.com.mx","url":"https:\/\/www.sonoraenequipo.com.mx\/","logo":{"@type":"ImageObject","inLanguage":"es","@id":"https:\/\/www.sonoraenequipo.com.mx\/#\/schema\/logo\/image\/","url":"https:\/\/www.sonoraenequipo.com.mx\/storage\/2019\/01\/sonoraenequipo_opt.png","contentUrl":"https:\/\/www.sonoraenequipo.com.mx\/storage\/2019\/01\/sonoraenequipo_opt.png","width":375,"height":125,"caption":"Sonoraenequipo.com.mx"},"image":{"@id":"https:\/\/www.sonoraenequipo.com.mx\/#\/schema\/logo\/image\/"},"sameAs":["https:\/\/www.facebook.com\/SonoraEE\/","https:\/\/x.com\/sonoraenequipo","https:\/\/www.youtube.com\/channel\/UC338nW-lPEYmJQs4ZABQ1SQ"]},{"@type":"Person","@id":"https:\/\/www.sonoraenequipo.com.mx\/#\/schema\/person\/50102df0fb23a8fa9e8effad8fa81386","name":"enequipo","image":{"@type":"ImageObject","inLanguage":"es","@id":"https:\/\/www.sonoraenequipo.com.mx\/#\/schema\/person\/image\/","url":"https:\/\/secure.gravatar.com\/avatar\/049821681b589dabc0bc20695993ccebb09f5b5d4d790cd9251b97faac7c652b?s=96&d=blank&r=g","contentUrl":"https:\/\/secure.gravatar.com\/avatar\/049821681b589dabc0bc20695993ccebb09f5b5d4d790cd9251b97faac7c652b?s=96&d=blank&r=g","caption":"enequipo"},"sameAs":["https:\/\/www.facebook.com\/SonoraEE"]}]}},"jetpack_featured_media_url":"https:\/\/www.sonoraenequipo.com.mx\/storage\/2024\/04\/ecuador.invasion-a-embajada.jpg-min.jpg","_links":{"self":[{"href":"https:\/\/www.sonoraenequipo.com.mx\/api\/wp\/v2\/posts\/187298","targetHints":{"allow":["GET"]}}],"collection":[{"href":"https:\/\/www.sonoraenequipo.com.mx\/api\/wp\/v2\/posts"}],"about":[{"href":"https:\/\/www.sonoraenequipo.com.mx\/api\/wp\/v2\/types\/post"}],"author":[{"embeddable":true,"href":"https:\/\/www.sonoraenequipo.com.mx\/api\/wp\/v2\/users\/1"}],"replies":[{"embeddable":true,"href":"https:\/\/www.sonoraenequipo.com.mx\/api\/wp\/v2\/comments?post=187298"}],"version-history":[{"count":2,"href":"https:\/\/www.sonoraenequipo.com.mx\/api\/wp\/v2\/posts\/187298\/revisions"}],"predecessor-version":[{"id":187305,"href":"https:\/\/www.sonoraenequipo.com.mx\/api\/wp\/v2\/posts\/187298\/revisions\/187305"}],"wp:featuredmedia":[{"embeddable":true,"href":"https:\/\/www.sonoraenequipo.com.mx\/api\/wp\/v2\/media\/187303"}],"wp:attachment":[{"href":"https:\/\/www.sonoraenequipo.com.mx\/api\/wp\/v2\/media?parent=187298"}],"wp:term":[{"taxonomy":"category","embeddable":true,"href":"https:\/\/www.sonoraenequipo.com.mx\/api\/wp\/v2\/categories?post=187298"},{"taxonomy":"post_tag","embeddable":true,"href":"https:\/\/www.sonoraenequipo.com.mx\/api\/wp\/v2\/tags?post=187298"}],"curies":[{"name":"wp","href":"https:\/\/api.w.org\/{rel}","templated":true}]}}