{"id":187300,"date":"2024-04-10T15:51:24","date_gmt":"2024-04-10T22:51:24","guid":{"rendered":"https:\/\/www.sonoraenequipo.com.mx\/?p=187300"},"modified":"2024-04-10T15:51:24","modified_gmt":"2024-04-10T22:51:24","slug":"ac-presenta-plataforma-para-que-propuestas-de-votantes-sean-tomadas-en-cuenta-por-candidatos-a-la-alcaldia-de-hermosillo","status":"publish","type":"post","link":"https:\/\/www.sonoraenequipo.com.mx\/ac-presenta-plataforma-para-que-propuestas-de-votantes-sean-tomadas-en-cuenta-por-candidatos-a-la-alcaldia-de-hermosillo\/","title":{"rendered":"AC \u00a0presenta plataforma para que propuestas de votantes sean tomadas en cuenta por candidatos a la alcald\u00eda de Hermosillo"},"content":{"rendered":"<p><strong>HERMOSILLO, SONORA, MX.\u02d7\u02d7\u02d7 <\/strong>Con el objetivo de abrir una v\u00eda de comunicaci\u00f3n directa entre la ciudadan\u00eda y aspirantes a la presidencia municipal de la capital de Sonora, la organizaci\u00f3n ciudadana Hermosillo \u00bfC\u00f3mo Vamos?, desarroll\u00f3 la plataforma de participaci\u00f3n \u00abLa H Propone\u00bb, una herramienta mediante la cual se podr\u00e1n visibilizar las problem\u00e1ticas que afectan nuestra comunidad y desde donde se podr\u00e1 proponer soluciones a las mismas.<\/p>\n<p>&nbsp;<\/p>\n<p>&nbsp;<\/p>\n<p>&nbsp;<\/p>\n<p>Ernesto Urbina Miranda, director de la asociaci\u00f3n, inform\u00f3 que \u00abLa H Propone\u00bb es una consulta p\u00fablica apartidista, \u00e1gil y sencilla, v\u00eda WhatsApp, que tiene como prop\u00f3sito fomentar el involucramiento y participaci\u00f3n de la ciudadan\u00eda en el pr\u00f3ximo proceso electoral pero tambi\u00e9n en la resoluci\u00f3n de los problemas p\u00fablicos que afectan nuestra calidad de vida.<\/p>\n<p>&nbsp;<\/p>\n<p>&nbsp;<\/p>\n<p>&nbsp;<\/p>\n<p>\u00abLa encuesta es breve y f\u00e1cil de responder, y adem\u00e1s, cuenta con el apoyo de inteligencia artificial para el an\u00e1lisis sistem\u00e1tico de datos. Los ciudadanos podr\u00e1n exponer las problem\u00e1ticas que les afectan, tales como calles y pavimentaci\u00f3n, seguridad, transporte p\u00fablico, \u00e1reas verdes y espacios p\u00fablicos, entre otros temas les parezcan relevantes para nuestra comunidad\u00bb, enfatiz\u00f3.<\/p>\n<p>&nbsp;<\/p>\n<p>&nbsp;<\/p>\n<p>&nbsp;<\/p>\n<p>Por su parte, Roc\u00edo Rodr\u00edguez Gonz\u00e1lez, directora de vinculaci\u00f3n de la organizaci\u00f3n expres\u00f3 que con esta plataforma de participaci\u00f3n, se busca promover un debate p\u00fablico en el pr\u00f3ximo proceso electoral que est\u00e9 basado en evidencia y enfocado a las necesidades y propuestas de la ciudadan\u00eda.<\/p>\n<p>&nbsp;<\/p>\n<p>&nbsp;<\/p>\n<p>&nbsp;<\/p>\n<p>Durante la presentaci\u00f3n se dio a conocer que se estar\u00e1n presentando cortes de informaci\u00f3n de manera peri\u00f3dica para dar a conocer avances en la participaci\u00f3n y los temas que est\u00e1 reportando quienes participen. Al final de la consulta, programada para el 13 de mayo, se elaborar\u00e1 un informe detallado que se entregar\u00e1 a las y los aspirantes a la alcald\u00eda de Hermosillo.<\/p>\n<p>&nbsp;<\/p>\n<p>&nbsp;<\/p>\n<p>&nbsp;<\/p>\n<p>&nbsp;<\/p>\n<p>&nbsp;<\/p>\n<p>El reto de la participaci\u00f3n ciudadana<\/p>\n<p>&nbsp;<\/p>\n<p>&nbsp;<\/p>\n<p>&nbsp;<\/p>\n<p>La Dra. Jennifer Espinoza Ramos, investigadora de Hermosillo \u00bfC\u00f3mo Vamos?, expuso que de acuerdo con informaci\u00f3n del Instituto Nacional Electoral (INE), Sonora y Hermosillo enfrentan rezagos importantes en materia de participaci\u00f3n de la ciudadan\u00eda en los procesos electorales.<\/p>\n<p>&nbsp;<\/p>\n<p>&nbsp;<\/p>\n<p>&nbsp;<\/p>\n<p>Seg\u00fan los datos, en las elecciones de 2021 particip\u00f3 el 43.8% del padr\u00f3n electoral registrado en la entidad, colocando a Sonora en el tercer lugar nacional con menor nivel de participaci\u00f3n ciudadana en elecciones, s\u00f3lo despu\u00e9s de Durango y Baja California. M\u00e1s preocupante a\u00fan, Sonora ocup\u00f3 el pen\u00faltimo lugar nacional en participaci\u00f3n ciudadana en j\u00f3venes de 18 y 29 a\u00f1os de edad.<\/p>\n<p>&nbsp;<\/p>\n<p>&nbsp;<\/p>\n<p>&nbsp;<\/p>\n<p>En este escenario, expuso que los distritos \u201cHermosillo Norte\u201d y \u201cHermosillo Sur\u201d se ubican entre las cinco delimitaciones con menor participaci\u00f3n en la entidad, con 40.7% y 45.9%, respectivamente, s\u00f3lo detr\u00e1s de San Luis R\u00edo Colorado (36.4%), Nogales (38.1%) y Cd. Obreg\u00f3n (40.2%).<\/p>\n<p>&nbsp;<\/p>\n<p>&nbsp;<\/p>\n<p>&nbsp;<\/p>\n<p>Para concluir, invitaron a la ciudadan\u00eda a participar desde el mi\u00e9rcoles 10 de abril hasta el lunes 13 de mayo respondiendo a la consulta la cual est\u00e1 disponible en el portal: www.lahpropone.org, v\u00eda mensaje de WhatsApp al (662) 433 5508 y en las redes sociales de la organizaci\u00f3n.<\/p>\n<p>&nbsp;<\/p>\n<p>&nbsp;<\/p>\n<p>&nbsp;<\/p>\n<p>Tambi\u00e9n, convocaron a formar parte de este proyecto a instituciones educativas, organizaciones ciudadanas, empresas y grupos vecinales, promoviendo la consulta entre sus integrantes, para lo cual se solicit\u00f3 a las y los interesados a enviar un correo electr\u00f3nico a: <a href=\"mailto:vinculacion@hermosillocomovamos.mx\">vinculacion@hermosillocomovamos.mx<\/a><\/p>\n<p><strong>Fecha de publicaci\u00f3n mi\u00e9rcoles 10 de abril de 2024<\/strong><\/p>\n","protected":false},"excerpt":{"rendered":"<p>HERMOSILLO, SONORA, MX.\u02d7\u02d7\u02d7 Con el objetivo de abrir una v\u00eda de comunicaci\u00f3n directa entre la&#8230;<\/p>\n","protected":false},"author":1,"featured_media":187301,"comment_status":"open","ping_status":"open","sticky":false,"template":"","format":"standard","meta":{"_monsterinsights_skip_tracking":false,"_monsterinsights_sitenote_active":false,"_monsterinsights_sitenote_note":"","_monsterinsights_sitenote_category":0,"footnotes":""},"categories":[9400],"tags":[7497,111,15],"class_list":["post"],"yoast_head":" \n<title>Sonora en Equipo. AC \u00a0presenta plataforma para que propuestas de votantes sean tomadas en cuenta por candidatos a la alcald\u00eda de Hermosillo ELECCI\u00d3NES<\/title>\n<meta name=\"description\" content=\"HERMOSILLO, SONORA, MX.\u02d7\u02d7\u02d7 Con el objetivo de abrir una v\u00eda de comunicaci\u00f3n directa entre la ciudadan\u00eda y aspirantes a la presidencia municipal de la En Sonora en Equipo publicamos toda la informaci\u00f3n de Sonora, M\u00e9xico y el Mundo de manera oportuna y busca que la libertad de expresi\u00f3n sea real. Visita nuestro medio informativo publicado desde Hermosillo, Sonora. %\" \/>\n<meta name=\"robots\" content=\"index, follow, max-snippet:-1, max-image-preview:large, max-video-preview:-1\" \/>\n<link rel=\"canonical\" href=\"https:\/\/www.sonoraenequipo.com.mx\/ac-presenta-plataforma-para-que-propuestas-de-votantes-sean-tomadas-en-cuenta-por-candidatos-a-la-alcaldia-de-hermosillo\/\" \/>\n<meta property=\"og:locale\" content=\"es_ES\" \/>\n<meta property=\"og:type\" content=\"article\" \/>\n<meta property=\"og:title\" content=\"Sonora en Equipo. AC \u00a0presenta plataforma para que propuestas de votantes sean tomadas en cuenta por candidatos a la alcald\u00eda de Hermosillo ELECCI\u00d3NES\" \/>\n<meta property=\"og:description\" content=\"HERMOSILLO, SONORA, MX.\u02d7\u02d7\u02d7 Con el objetivo de abrir una v\u00eda de comunicaci\u00f3n directa entre la ciudadan\u00eda y aspirantes a la presidencia municipal de la En Sonora en Equipo publicamos toda la informaci\u00f3n de Sonora, M\u00e9xico y el Mundo de manera oportuna y busca que la libertad de expresi\u00f3n sea real. Visita nuestro medio informativo publicado desde Hermosillo, Sonora. %\" \/>\n<meta property=\"og:url\" content=\"https:\/\/www.sonoraenequipo.com.mx\/ac-presenta-plataforma-para-que-propuestas-de-votantes-sean-tomadas-en-cuenta-por-candidatos-a-la-alcaldia-de-hermosillo\/\" \/>\n<meta property=\"og:site_name\" content=\"Sonora en Equipo.\" \/>\n<meta property=\"article:publisher\" content=\"https:\/\/www.facebook.com\/SonoraEE\/\" \/>\n<meta property=\"article:author\" content=\"https:\/\/www.facebook.com\/SonoraEE\" \/>\n<meta property=\"article:published_time\" content=\"2024-04-10T22:51:24+00:00\" \/>\n<meta property=\"og:image\" content=\"https:\/\/www.sonoraenequipo.com.mx\/storage\/2024\/04\/H.jpg\" \/>\n\t<meta property=\"og:image:width\" content=\"900\" \/>\n\t<meta property=\"og:image:height\" content=\"600\" \/>\n\t<meta property=\"og:image:type\" content=\"image\/jpeg\" \/>\n<meta name=\"author\" content=\"enequipo\" \/>\n<meta name=\"twitter:card\" content=\"summary_large_image\" \/>\n<meta name=\"twitter:creator\" content=\"@sonoraenequipo\" \/>\n<meta name=\"twitter:site\" content=\"@sonoraenequipo\" \/>\n<meta name=\"twitter:label1\" content=\"Escrito por\" \/>\n\t<meta name=\"twitter:data1\" content=\"enequipo\" \/>\n\t<meta name=\"twitter:label2\" content=\"Tiempo de lectura\" \/>\n\t<meta name=\"twitter:data2\" content=\"3 minutos\" \/>\n<script type=\"application\/ld+json\" class=\"yoast-schema-graph\">{\"@context\":\"https:\/\/schema.org\",\"@graph\":[{\"@type\":\"Article\",\"@id\":\"https:\/\/www.sonoraenequipo.com.mx\/ac-presenta-plataforma-para-que-propuestas-de-votantes-sean-tomadas-en-cuenta-por-candidatos-a-la-alcaldia-de-hermosillo\/#article\",\"isPartOf\":{\"@id\":\"https:\/\/www.sonoraenequipo.com.mx\/ac-presenta-plataforma-para-que-propuestas-de-votantes-sean-tomadas-en-cuenta-por-candidatos-a-la-alcaldia-de-hermosillo\/\"},\"author\":{\"name\":\"enequipo\",\"@id\":\"https:\/\/www.sonoraenequipo.com.mx\/#\/schema\/person\/50102df0fb23a8fa9e8effad8fa81386\"},\"headline\":\"AC \u00a0presenta plataforma para que propuestas de votantes sean tomadas en cuenta por candidatos a la alcald\u00eda de Hermosillo\",\"datePublished\":\"2024-04-10T22:51:24+00:00\",\"mainEntityOfPage\":{\"@id\":\"https:\/\/www.sonoraenequipo.com.mx\/ac-presenta-plataforma-para-que-propuestas-de-votantes-sean-tomadas-en-cuenta-por-candidatos-a-la-alcaldia-de-hermosillo\/\"},\"wordCount\":637,\"commentCount\":0,\"publisher\":{\"@id\":\"https:\/\/www.sonoraenequipo.com.mx\/#organization\"},\"image\":{\"@id\":\"https:\/\/www.sonoraenequipo.com.mx\/ac-presenta-plataforma-para-que-propuestas-de-votantes-sean-tomadas-en-cuenta-por-candidatos-a-la-alcaldia-de-hermosillo\/#primaryimage\"},\"thumbnailUrl\":\"https:\/\/www.sonoraenequipo.com.mx\/storage\/2024\/04\/H.jpg\",\"keywords\":[\"2024\",\"elecciones\",\"Sonora\"],\"articleSection\":[\"ELECCI\u00d3NES\"],\"inLanguage\":\"es\",\"potentialAction\":[{\"@type\":\"CommentAction\",\"name\":\"Comment\",\"target\":[\"https:\/\/www.sonoraenequipo.com.mx\/ac-presenta-plataforma-para-que-propuestas-de-votantes-sean-tomadas-en-cuenta-por-candidatos-a-la-alcaldia-de-hermosillo\/#respond\"]}]},{\"@type\":\"WebPage\",\"@id\":\"https:\/\/www.sonoraenequipo.com.mx\/ac-presenta-plataforma-para-que-propuestas-de-votantes-sean-tomadas-en-cuenta-por-candidatos-a-la-alcaldia-de-hermosillo\/\",\"url\":\"https:\/\/www.sonoraenequipo.com.mx\/ac-presenta-plataforma-para-que-propuestas-de-votantes-sean-tomadas-en-cuenta-por-candidatos-a-la-alcaldia-de-hermosillo\/\",\"name\":\"Sonora en Equipo. AC \u00a0presenta plataforma para que propuestas de votantes sean tomadas en cuenta por candidatos a la alcald\u00eda de Hermosillo ELECCI\u00d3NES\",\"isPartOf\":{\"@id\":\"https:\/\/www.sonoraenequipo.com.mx\/#website\"},\"primaryImageOfPage\":{\"@id\":\"https:\/\/www.sonoraenequipo.com.mx\/ac-presenta-plataforma-para-que-propuestas-de-votantes-sean-tomadas-en-cuenta-por-candidatos-a-la-alcaldia-de-hermosillo\/#primaryimage\"},\"image\":{\"@id\":\"https:\/\/www.sonoraenequipo.com.mx\/ac-presenta-plataforma-para-que-propuestas-de-votantes-sean-tomadas-en-cuenta-por-candidatos-a-la-alcaldia-de-hermosillo\/#primaryimage\"},\"thumbnailUrl\":\"https:\/\/www.sonoraenequipo.com.mx\/storage\/2024\/04\/H.jpg\",\"datePublished\":\"2024-04-10T22:51:24+00:00\",\"description\":\"HERMOSILLO, SONORA, MX.\u02d7\u02d7\u02d7 Con el objetivo de abrir una v\u00eda de comunicaci\u00f3n directa entre la ciudadan\u00eda y aspirantes a la presidencia municipal de la En Sonora en Equipo publicamos toda la informaci\u00f3n de Sonora, M\u00e9xico y el Mundo de manera oportuna y busca que la libertad de expresi\u00f3n sea real. Visita nuestro medio informativo publicado desde Hermosillo, Sonora. %\",\"breadcrumb\":{\"@id\":\"https:\/\/www.sonoraenequipo.com.mx\/ac-presenta-plataforma-para-que-propuestas-de-votantes-sean-tomadas-en-cuenta-por-candidatos-a-la-alcaldia-de-hermosillo\/#breadcrumb\"},\"inLanguage\":\"es\",\"potentialAction\":[{\"@type\":\"ReadAction\",\"target\":[\"https:\/\/www.sonoraenequipo.com.mx\/ac-presenta-plataforma-para-que-propuestas-de-votantes-sean-tomadas-en-cuenta-por-candidatos-a-la-alcaldia-de-hermosillo\/\"]}]},{\"@type\":\"ImageObject\",\"inLanguage\":\"es\",\"@id\":\"https:\/\/www.sonoraenequipo.com.mx\/ac-presenta-plataforma-para-que-propuestas-de-votantes-sean-tomadas-en-cuenta-por-candidatos-a-la-alcaldia-de-hermosillo\/#primaryimage\",\"url\":\"https:\/\/www.sonoraenequipo.com.mx\/storage\/2024\/04\/H.jpg\",\"contentUrl\":\"https:\/\/www.sonoraenequipo.com.mx\/storage\/2024\/04\/H.jpg\",\"width\":900,\"height\":600},{\"@type\":\"BreadcrumbList\",\"@id\":\"https:\/\/www.sonoraenequipo.com.mx\/ac-presenta-plataforma-para-que-propuestas-de-votantes-sean-tomadas-en-cuenta-por-candidatos-a-la-alcaldia-de-hermosillo\/#breadcrumb\",\"itemListElement\":[{\"@type\":\"ListItem\",\"position\":1,\"name\":\"Portada\",\"item\":\"https:\/\/www.sonoraenequipo.com.mx\/\"},{\"@type\":\"ListItem\",\"position\":2,\"name\":\"AC \u00a0presenta plataforma para que propuestas de votantes sean tomadas en cuenta por candidatos a la alcald\u00eda de Hermosillo\"}]},{\"@type\":\"WebSite\",\"@id\":\"https:\/\/www.sonoraenequipo.com.mx\/#website\",\"url\":\"https:\/\/www.sonoraenequipo.com.mx\/\",\"name\":\"Sonora en Equipo.\",\"description\":\"Diario en l\u00ednea con Noticias desde Hermosillo, Sonora\",\"publisher\":{\"@id\":\"https:\/\/www.sonoraenequipo.com.mx\/#organization\"},\"potentialAction\":[{\"@type\":\"SearchAction\",\"target\":{\"@type\":\"EntryPoint\",\"urlTemplate\":\"https:\/\/www.sonoraenequipo.com.mx\/?s={search_term_string}\"},\"query-input\":{\"@type\":\"PropertyValueSpecification\",\"valueRequired\":true,\"valueName\":\"search_term_string\"}}],\"inLanguage\":\"es\"},{\"@type\":\"Organization\",\"@id\":\"https:\/\/www.sonoraenequipo.com.mx\/#organization\",\"name\":\"Sonoraenequipo.com.mx\",\"url\":\"https:\/\/www.sonoraenequipo.com.mx\/\",\"logo\":{\"@type\":\"ImageObject\",\"inLanguage\":\"es\",\"@id\":\"https:\/\/www.sonoraenequipo.com.mx\/#\/schema\/logo\/image\/\",\"url\":\"https:\/\/www.sonoraenequipo.com.mx\/storage\/2019\/01\/sonoraenequipo_opt.png\",\"contentUrl\":\"https:\/\/www.sonoraenequipo.com.mx\/storage\/2019\/01\/sonoraenequipo_opt.png\",\"width\":375,\"height\":125,\"caption\":\"Sonoraenequipo.com.mx\"},\"image\":{\"@id\":\"https:\/\/www.sonoraenequipo.com.mx\/#\/schema\/logo\/image\/\"},\"sameAs\":[\"https:\/\/www.facebook.com\/SonoraEE\/\",\"https:\/\/x.com\/sonoraenequipo\",\"https:\/\/www.youtube.com\/channel\/UC338nW-lPEYmJQs4ZABQ1SQ\"]},{\"@type\":\"Person\",\"@id\":\"https:\/\/www.sonoraenequipo.com.mx\/#\/schema\/person\/50102df0fb23a8fa9e8effad8fa81386\",\"name\":\"enequipo\",\"image\":{\"@type\":\"ImageObject\",\"inLanguage\":\"es\",\"@id\":\"https:\/\/www.sonoraenequipo.com.mx\/#\/schema\/person\/image\/\",\"url\":\"https:\/\/secure.gravatar.com\/avatar\/049821681b589dabc0bc20695993ccebb09f5b5d4d790cd9251b97faac7c652b?s=96&d=blank&r=g\",\"contentUrl\":\"https:\/\/secure.gravatar.com\/avatar\/049821681b589dabc0bc20695993ccebb09f5b5d4d790cd9251b97faac7c652b?s=96&d=blank&r=g\",\"caption\":\"enequipo\"},\"sameAs\":[\"https:\/\/www.facebook.com\/SonoraEE\"]}]}<\/script>\n ","yoast_head_json":{"title":"Sonora en Equipo. AC \u00a0presenta plataforma para que propuestas de votantes sean tomadas en cuenta por candidatos a la alcald\u00eda de Hermosillo ELECCI\u00d3NES","description":"HERMOSILLO, SONORA, MX.\u02d7\u02d7\u02d7 Con el objetivo de abrir una v\u00eda de comunicaci\u00f3n directa entre la ciudadan\u00eda y aspirantes a la presidencia municipal de la En Sonora en Equipo publicamos toda la informaci\u00f3n de Sonora, M\u00e9xico y el Mundo de manera oportuna y busca que la libertad de expresi\u00f3n sea real. Visita nuestro medio informativo publicado desde Hermosillo, Sonora. %","robots":{"index":"index","follow":"follow","max-snippet":"max-snippet:-1","max-image-preview":"max-image-preview:large","max-video-preview":"max-video-preview:-1"},"canonical":"https:\/\/www.sonoraenequipo.com.mx\/ac-presenta-plataforma-para-que-propuestas-de-votantes-sean-tomadas-en-cuenta-por-candidatos-a-la-alcaldia-de-hermosillo\/","og_locale":"es_ES","og_type":"article","og_title":"Sonora en Equipo. AC \u00a0presenta plataforma para que propuestas de votantes sean tomadas en cuenta por candidatos a la alcald\u00eda de Hermosillo ELECCI\u00d3NES","og_description":"HERMOSILLO, SONORA, MX.\u02d7\u02d7\u02d7 Con el objetivo de abrir una v\u00eda de comunicaci\u00f3n directa entre la ciudadan\u00eda y aspirantes a la presidencia municipal de la En Sonora en Equipo publicamos toda la informaci\u00f3n de Sonora, M\u00e9xico y el Mundo de manera oportuna y busca que la libertad de expresi\u00f3n sea real. Visita nuestro medio informativo publicado desde Hermosillo, Sonora. %","og_url":"https:\/\/www.sonoraenequipo.com.mx\/ac-presenta-plataforma-para-que-propuestas-de-votantes-sean-tomadas-en-cuenta-por-candidatos-a-la-alcaldia-de-hermosillo\/","og_site_name":"Sonora en Equipo.","article_publisher":"https:\/\/www.facebook.com\/SonoraEE\/","article_author":"https:\/\/www.facebook.com\/SonoraEE","article_published_time":"2024-04-10T22:51:24+00:00","og_image":[{"width":900,"height":600,"url":"https:\/\/www.sonoraenequipo.com.mx\/storage\/2024\/04\/H.jpg","type":"image\/jpeg"}],"author":"enequipo","twitter_card":"summary_large_image","twitter_creator":"@sonoraenequipo","twitter_site":"@sonoraenequipo","twitter_misc":{"Escrito por":"enequipo","Tiempo de lectura":"3 minutos"},"schema":{"@context":"https:\/\/schema.org","@graph":[{"@type":"Article","@id":"https:\/\/www.sonoraenequipo.com.mx\/ac-presenta-plataforma-para-que-propuestas-de-votantes-sean-tomadas-en-cuenta-por-candidatos-a-la-alcaldia-de-hermosillo\/#article","isPartOf":{"@id":"https:\/\/www.sonoraenequipo.com.mx\/ac-presenta-plataforma-para-que-propuestas-de-votantes-sean-tomadas-en-cuenta-por-candidatos-a-la-alcaldia-de-hermosillo\/"},"author":{"name":"enequipo","@id":"https:\/\/www.sonoraenequipo.com.mx\/#\/schema\/person\/50102df0fb23a8fa9e8effad8fa81386"},"headline":"AC \u00a0presenta plataforma para que propuestas de votantes sean tomadas en cuenta por candidatos a la alcald\u00eda de Hermosillo","datePublished":"2024-04-10T22:51:24+00:00","mainEntityOfPage":{"@id":"https:\/\/www.sonoraenequipo.com.mx\/ac-presenta-plataforma-para-que-propuestas-de-votantes-sean-tomadas-en-cuenta-por-candidatos-a-la-alcaldia-de-hermosillo\/"},"wordCount":637,"commentCount":0,"publisher":{"@id":"https:\/\/www.sonoraenequipo.com.mx\/#organization"},"image":{"@id":"https:\/\/www.sonoraenequipo.com.mx\/ac-presenta-plataforma-para-que-propuestas-de-votantes-sean-tomadas-en-cuenta-por-candidatos-a-la-alcaldia-de-hermosillo\/#primaryimage"},"thumbnailUrl":"https:\/\/www.sonoraenequipo.com.mx\/storage\/2024\/04\/H.jpg","keywords":["2024","elecciones","Sonora"],"articleSection":["ELECCI\u00d3NES"],"inLanguage":"es","potentialAction":[{"@type":"CommentAction","name":"Comment","target":["https:\/\/www.sonoraenequipo.com.mx\/ac-presenta-plataforma-para-que-propuestas-de-votantes-sean-tomadas-en-cuenta-por-candidatos-a-la-alcaldia-de-hermosillo\/#respond"]}]},{"@type":"WebPage","@id":"https:\/\/www.sonoraenequipo.com.mx\/ac-presenta-plataforma-para-que-propuestas-de-votantes-sean-tomadas-en-cuenta-por-candidatos-a-la-alcaldia-de-hermosillo\/","url":"https:\/\/www.sonoraenequipo.com.mx\/ac-presenta-plataforma-para-que-propuestas-de-votantes-sean-tomadas-en-cuenta-por-candidatos-a-la-alcaldia-de-hermosillo\/","name":"Sonora en Equipo. AC \u00a0presenta plataforma para que propuestas de votantes sean tomadas en cuenta por candidatos a la alcald\u00eda de Hermosillo ELECCI\u00d3NES","isPartOf":{"@id":"https:\/\/www.sonoraenequipo.com.mx\/#website"},"primaryImageOfPage":{"@id":"https:\/\/www.sonoraenequipo.com.mx\/ac-presenta-plataforma-para-que-propuestas-de-votantes-sean-tomadas-en-cuenta-por-candidatos-a-la-alcaldia-de-hermosillo\/#primaryimage"},"image":{"@id":"https:\/\/www.sonoraenequipo.com.mx\/ac-presenta-plataforma-para-que-propuestas-de-votantes-sean-tomadas-en-cuenta-por-candidatos-a-la-alcaldia-de-hermosillo\/#primaryimage"},"thumbnailUrl":"https:\/\/www.sonoraenequipo.com.mx\/storage\/2024\/04\/H.jpg","datePublished":"2024-04-10T22:51:24+00:00","description":"HERMOSILLO, SONORA, MX.\u02d7\u02d7\u02d7 Con el objetivo de abrir una v\u00eda de comunicaci\u00f3n directa entre la ciudadan\u00eda y aspirantes a la presidencia municipal de la En Sonora en Equipo publicamos toda la informaci\u00f3n de Sonora, M\u00e9xico y el Mundo de manera oportuna y busca que la libertad de expresi\u00f3n sea real. Visita nuestro medio informativo publicado desde Hermosillo, Sonora. %","breadcrumb":{"@id":"https:\/\/www.sonoraenequipo.com.mx\/ac-presenta-plataforma-para-que-propuestas-de-votantes-sean-tomadas-en-cuenta-por-candidatos-a-la-alcaldia-de-hermosillo\/#breadcrumb"},"inLanguage":"es","potentialAction":[{"@type":"ReadAction","target":["https:\/\/www.sonoraenequipo.com.mx\/ac-presenta-plataforma-para-que-propuestas-de-votantes-sean-tomadas-en-cuenta-por-candidatos-a-la-alcaldia-de-hermosillo\/"]}]},{"@type":"ImageObject","inLanguage":"es","@id":"https:\/\/www.sonoraenequipo.com.mx\/ac-presenta-plataforma-para-que-propuestas-de-votantes-sean-tomadas-en-cuenta-por-candidatos-a-la-alcaldia-de-hermosillo\/#primaryimage","url":"https:\/\/www.sonoraenequipo.com.mx\/storage\/2024\/04\/H.jpg","contentUrl":"https:\/\/www.sonoraenequipo.com.mx\/storage\/2024\/04\/H.jpg","width":900,"height":600},{"@type":"BreadcrumbList","@id":"https:\/\/www.sonoraenequipo.com.mx\/ac-presenta-plataforma-para-que-propuestas-de-votantes-sean-tomadas-en-cuenta-por-candidatos-a-la-alcaldia-de-hermosillo\/#breadcrumb","itemListElement":[{"@type":"ListItem","position":1,"name":"Portada","item":"https:\/\/www.sonoraenequipo.com.mx\/"},{"@type":"ListItem","position":2,"name":"AC \u00a0presenta plataforma para que propuestas de votantes sean tomadas en cuenta por candidatos a la alcald\u00eda de Hermosillo"}]},{"@type":"WebSite","@id":"https:\/\/www.sonoraenequipo.com.mx\/#website","url":"https:\/\/www.sonoraenequipo.com.mx\/","name":"Sonora en Equipo.","description":"Diario en l\u00ednea con Noticias desde Hermosillo, Sonora","publisher":{"@id":"https:\/\/www.sonoraenequipo.com.mx\/#organization"},"potentialAction":[{"@type":"SearchAction","target":{"@type":"EntryPoint","urlTemplate":"https:\/\/www.sonoraenequipo.com.mx\/?s={search_term_string}"},"query-input":{"@type":"PropertyValueSpecification","valueRequired":true,"valueName":"search_term_string"}}],"inLanguage":"es"},{"@type":"Organization","@id":"https:\/\/www.sonoraenequipo.com.mx\/#organization","name":"Sonoraenequipo.com.mx","url":"https:\/\/www.sonoraenequipo.com.mx\/","logo":{"@type":"ImageObject","inLanguage":"es","@id":"https:\/\/www.sonoraenequipo.com.mx\/#\/schema\/logo\/image\/","url":"https:\/\/www.sonoraenequipo.com.mx\/storage\/2019\/01\/sonoraenequipo_opt.png","contentUrl":"https:\/\/www.sonoraenequipo.com.mx\/storage\/2019\/01\/sonoraenequipo_opt.png","width":375,"height":125,"caption":"Sonoraenequipo.com.mx"},"image":{"@id":"https:\/\/www.sonoraenequipo.com.mx\/#\/schema\/logo\/image\/"},"sameAs":["https:\/\/www.facebook.com\/SonoraEE\/","https:\/\/x.com\/sonoraenequipo","https:\/\/www.youtube.com\/channel\/UC338nW-lPEYmJQs4ZABQ1SQ"]},{"@type":"Person","@id":"https:\/\/www.sonoraenequipo.com.mx\/#\/schema\/person\/50102df0fb23a8fa9e8effad8fa81386","name":"enequipo","image":{"@type":"ImageObject","inLanguage":"es","@id":"https:\/\/www.sonoraenequipo.com.mx\/#\/schema\/person\/image\/","url":"https:\/\/secure.gravatar.com\/avatar\/049821681b589dabc0bc20695993ccebb09f5b5d4d790cd9251b97faac7c652b?s=96&d=blank&r=g","contentUrl":"https:\/\/secure.gravatar.com\/avatar\/049821681b589dabc0bc20695993ccebb09f5b5d4d790cd9251b97faac7c652b?s=96&d=blank&r=g","caption":"enequipo"},"sameAs":["https:\/\/www.facebook.com\/SonoraEE"]}]}},"jetpack_featured_media_url":"https:\/\/www.sonoraenequipo.com.mx\/storage\/2024\/04\/H.jpg","_links":{"self":[{"href":"https:\/\/www.sonoraenequipo.com.mx\/api\/wp\/v2\/posts\/187300","targetHints":{"allow":["GET"]}}],"collection":[{"href":"https:\/\/www.sonoraenequipo.com.mx\/api\/wp\/v2\/posts"}],"about":[{"href":"https:\/\/www.sonoraenequipo.com.mx\/api\/wp\/v2\/types\/post"}],"author":[{"embeddable":true,"href":"https:\/\/www.sonoraenequipo.com.mx\/api\/wp\/v2\/users\/1"}],"replies":[{"embeddable":true,"href":"https:\/\/www.sonoraenequipo.com.mx\/api\/wp\/v2\/comments?post=187300"}],"version-history":[{"count":1,"href":"https:\/\/www.sonoraenequipo.com.mx\/api\/wp\/v2\/posts\/187300\/revisions"}],"predecessor-version":[{"id":187302,"href":"https:\/\/www.sonoraenequipo.com.mx\/api\/wp\/v2\/posts\/187300\/revisions\/187302"}],"wp:featuredmedia":[{"embeddable":true,"href":"https:\/\/www.sonoraenequipo.com.mx\/api\/wp\/v2\/media\/187301"}],"wp:attachment":[{"href":"https:\/\/www.sonoraenequipo.com.mx\/api\/wp\/v2\/media?parent=187300"}],"wp:term":[{"taxonomy":"category","embeddable":true,"href":"https:\/\/www.sonoraenequipo.com.mx\/api\/wp\/v2\/categories?post=187300"},{"taxonomy":"post_tag","embeddable":true,"href":"https:\/\/www.sonoraenequipo.com.mx\/api\/wp\/v2\/tags?post=187300"}],"curies":[{"name":"wp","href":"https:\/\/api.w.org\/{rel}","templated":true}]}}