{"id":187313,"date":"2024-04-10T10:08:43","date_gmt":"2024-04-10T17:08:43","guid":{"rendered":"https:\/\/www.sonoraenequipo.com.mx\/?p=187313"},"modified":"2024-04-10T16:52:05","modified_gmt":"2024-04-10T23:52:05","slug":"karina-milei-consolida-su-poder-politico-en-argentina-con-la-construccion-del-partido-libertario","status":"publish","type":"post","link":"https:\/\/www.sonoraenequipo.com.mx\/karina-milei-consolida-su-poder-politico-en-argentina-con-la-construccion-del-partido-libertario\/","title":{"rendered":"Karina Milei consolida su poder pol\u00edtico en Argentina con la construcci\u00f3n del partido libertario"},"content":{"rendered":"<p><strong>BUENOS AIRES, ARGENTINA.<\/strong> \u2014 En solo cuatro meses, Karina Milei, hermana del presidente de Argentina, Javier Milei, consolid\u00f3 su papel como la mujer m\u00e1s poderosa de ese pa\u00eds porque, adem\u00e1s del cargo que desempe\u00f1a en el gabinete, comenz\u00f3 a fortalecer al partido La Libertad Avanza (LLA).<\/p>\n<p> <\/p>\n<p>La secretaria general de la presidencia encabez\u00f3 el pasado fin de semana el evento de afiliaci\u00f3n para registrar a LLA en la ciudad de Buenos Aires, uno de los distritos m\u00e1s estrat\u00e9gicos del pa\u00eds.<\/p>\n<p>Durante el evento se formaron largas filas de entusiastas seguidores que se sumaron formalmente al partido oficial que hoy es liderado por la hermana presidencial.<\/p>\n<p>De esta manera, Karina inici\u00f3 el proyecto de nacionalizaci\u00f3n del partido con el que Milei gan\u00f3 sorpresivamente la presidencia, ya que era una formaci\u00f3n nueva que carec\u00eda de presencia en todas las provincias.<\/p>\n<p>https:\/\/twitter.com\/KariMilei\/status\/1777464290347196590<\/p>\n<p>La meta son las elecciones legislativas de 2025, en las que LLA intenta revertir la situaci\u00f3n de bancadas minoritarias que actualmente tiene tanto en la C\u00e1mara de Diputados como en el Senado. En ese af\u00e1n, Karina ser\u00eda candidata al Congreso.<\/p>\n<p>Si el partido libertario logra aumentar el n\u00famero de curules, ello le permitir\u00e1 a Milei encarar con mayor tranquilidad la segunda parte de su mandato y prepararse para la campa\u00f1a por la reelecci\u00f3n en 2027.<\/p>\n<p>En ese proceso, al igual que ha ocurrido durante su breve y exitosa carrera pol\u00edtica, su hermana es fundamental, ya que es pr\u00e1cticamente la \u00fanica persona en la que conf\u00eda y a la que consulta todas las decisiones de Gobierno.<\/p>\n<blockquote class=\"twitter-tweet\" data-width=\"550\" data-dnt=\"true\">\n<p lang=\"es\" dir=\"ltr\">Vendedora de tortas &#8211; m\u00e9dium de animales muertos &#8211; mesa chica de un espacio nuevo &#8211; coarmadora nacional &#8211; el jefe &#8211; la mujer m\u00e1s temida del Gobierno &#8211; l\u00edder del partido.<\/p>\n<p>El arco narrativo de Karina Milei es a\u00fan m\u00e1s impresionante que el de su hermano: todo esto pas\u00f3 en 7 a\u00f1os. <a href=\"https:\/\/t.co\/D5yt7SXBBF\">pic.twitter.com\/D5yt7SXBBF<\/a><\/p>\n<p>&mdash; Juan Luis Gonz\u00e1lez (@juanelegonzalez) <a href=\"https:\/\/twitter.com\/juanelegonzalez\/status\/1777123805879558377?ref_src=twsrc%5Etfw\">April 7, 2024<\/a><\/p><\/blockquote>\n<p><script async src=\"https:\/\/platform.twitter.com\/widgets.js\" charset=\"utf-8\"><\/script><\/p>\n<p>Influencia<\/p>\n<p>Desde que su hermano empez\u00f3 a gobernar el pasado 10 de diciembre, Karina Milei ha mantenido el papel discreto con el que actu\u00f3 durante la campa\u00f1a. A diferencia de Javier, no habla con la prensa, no da discursos p\u00fablicos ni usa de manera compulsiva sus redes sociales. Pero s\u00ed lo acompa\u00f1a en todos sus eventos y giras, siempre en un segundo plano.<\/p>\n<p>La primera vez que se escuch\u00f3 su voz en p\u00fablico fue precisamente la noche del 19 de noviembre, cuando su hermano gan\u00f3 las elecciones y ella se plant\u00f3 en el escenario para presentarlo como el nuevo presidente.<\/p>\n<p>Despu\u00e9s, solo ofreci\u00f3 una entrevista a un canal de televisi\u00f3n y regres\u00f3 a su estrategia de silencio, que rompi\u00f3 de manera provocadora el pasado 8 de marzo, D\u00eda Internacional de la Mujer, al anunciar a trav\u00e9s de un video el pol\u00e9mico cierre del Sal\u00f3n de las Mujeres que hab\u00eda en la presidencial Casa Rosada, para sustituirlo por un Sal\u00f3n de los Pr\u00f3ceres, conformado \u00fanicamente por varones.<\/p>\n<p>Pero, aunque no se escuche su voz en p\u00fablico, es m\u00e1s que conocido el peso que tiene su opini\u00f3n. De hecho, varias de las renuncias o despidos en el gabinete en este breve lapso de Gobierno se deben a la inconformidad de Karina con funcionarios que terminan degradados o expulsados de la gesti\u00f3n.<\/p>\n<p>El \u00faltimo ejemplo es el de Eduardo Serenellini, secretario de Comunicaci\u00f3n y Prensa, quien a partir de esta semana ya no podr\u00e1 participar en las reuniones de gabinete porque su oficina fue rebajada de rango por orden de la hermana presidencial.<\/p>\n<p>En marzo, tambi\u00e9n por \u00f3rdenes de Karina, fue apartado de su cargo al coronel Alejandro Guglielmi, jefe de la Casa Militar, que se encarga de la seguridad de la Casa Rosada y del presidente.<\/p>\n<p>La creciente influencia pol\u00edtica de la hermana de Milei se evidencia tambi\u00e9n en las frecuentes reuniones privadas que mantiene con el expresidente Mauricio Macri, de las que nunca se informa oficialmente, y en la tensi\u00f3n que mantiene con Victoria Villarruel, la vicepresidenta, que ya reconoci\u00f3 las fricciones que hay entre ambas.<\/p>\n<p>El caudal de poder que ejerce actualmente Karina era inimaginable hace solo tres a\u00f1os, cuando solo era una relacionista p\u00fablica y creyente del tarot, a la que su afici\u00f3n a la pasteler\u00eda la hab\u00eda llevado a vender tortas a trav\u00e9s de sus redes sociales.<\/p>\n<p>Pero entonces, su hermano decidi\u00f3 lanzarse a la pol\u00edtica, obtuvo una diputaci\u00f3n y ella se convirti\u00f3 en su principal asesora.<\/p>\n<p>Karina es la persona en quien m\u00e1s conf\u00eda Milei, quien est\u00e1 convencido de que gobernar es una misi\u00f3n divina que le enconmend\u00f3 Dios y que su hermana es la reencarnaci\u00f3n de Mois\u00e9s. Por eso la llama &#8216;El jefe&#8217;, en masculino.<\/p>\n<p>Karina Elizabeth Milei tiene 52 a\u00f1os, dos menos que el mandatario, y ambos son los \u00fanicos hijos de Norberto Milei y Alicia Luj\u00e1n Lucich, una pareja de clase media de Buenos Aires que los maltrat\u00f3 f\u00edsica y psicol\u00f3gicamente cuando eran ni\u00f1os, seg\u00fan han denunciado ellos mismos.<\/p>\n<p>En el libro <strong><em>\u00abEl Loco. La vida desconocida de Javier Milei\u00bb,<\/em><\/strong> la biograf\u00eda m\u00e1s exhaustiva del presidente, el periodista Jos\u00e9 Luis Gonz\u00e1lez detalla la dependencia afectiva de los hermanos, ya que ninguno de los dos tiene hijos.<\/p>\n<p>De hecho, Karina incluso tom\u00f3 cursos para hablar telep\u00e1ticamente con Conan, el perro muerto y clonado al que Javier tanto quer\u00eda, y del que sigue hablando como si aun estuviera vivo. Es uno m\u00e1s de los roles fundamentales que ejerce para su hermano.<\/p>\n<p>PUBLICADO EL 10 DE ABRIL DE 2024\/ Con informaci\u00f3n de AFP)<\/p>\n","protected":false},"excerpt":{"rendered":"<p>BUENOS AIRES, ARGENTINA. \u2014 En solo cuatro meses, Karina Milei, hermana del presidente de Argentina,&#8230;<\/p>\n","protected":false},"author":1,"featured_media":187314,"comment_status":"open","ping_status":"open","sticky":false,"template":"","format":"standard","meta":{"_monsterinsights_skip_tracking":false,"_monsterinsights_sitenote_active":false,"_monsterinsights_sitenote_note":"","_monsterinsights_sitenote_category":0,"footnotes":""},"categories":[3],"tags":[],"class_list":["post"],"yoast_head":" \n<title>Sonora en Equipo. Karina Milei consolida su poder pol\u00edtico en Argentina con la construcci\u00f3n del partido libertario MUNDO<\/title>\n<meta name=\"description\" content=\"BUENOS AIRES, ARGENTINA. \u2014 En solo cuatro meses, Karina Milei, hermana del presidente de Argentina, Javier Milei, consolid\u00f3 su papel como la mujer m\u00e1s En Sonora en Equipo publicamos toda la informaci\u00f3n de Sonora, M\u00e9xico y el Mundo de manera oportuna y busca que la libertad de expresi\u00f3n sea real. Visita nuestro medio informativo publicado desde Hermosillo, Sonora. %\" \/>\n<meta name=\"robots\" content=\"index, follow, max-snippet:-1, max-image-preview:large, max-video-preview:-1\" \/>\n<link rel=\"canonical\" href=\"https:\/\/www.sonoraenequipo.com.mx\/karina-milei-consolida-su-poder-politico-en-argentina-con-la-construccion-del-partido-libertario\/\" \/>\n<meta property=\"og:locale\" content=\"es_ES\" \/>\n<meta property=\"og:type\" content=\"article\" \/>\n<meta property=\"og:title\" content=\"Sonora en Equipo. Karina Milei consolida su poder pol\u00edtico en Argentina con la construcci\u00f3n del partido libertario MUNDO\" \/>\n<meta property=\"og:description\" content=\"BUENOS AIRES, ARGENTINA. \u2014 En solo cuatro meses, Karina Milei, hermana del presidente de Argentina, Javier Milei, consolid\u00f3 su papel como la mujer m\u00e1s En Sonora en Equipo publicamos toda la informaci\u00f3n de Sonora, M\u00e9xico y el Mundo de manera oportuna y busca que la libertad de expresi\u00f3n sea real. Visita nuestro medio informativo publicado desde Hermosillo, Sonora. %\" \/>\n<meta property=\"og:url\" content=\"https:\/\/www.sonoraenequipo.com.mx\/karina-milei-consolida-su-poder-politico-en-argentina-con-la-construccion-del-partido-libertario\/\" \/>\n<meta property=\"og:site_name\" content=\"Sonora en Equipo.\" \/>\n<meta property=\"article:publisher\" content=\"https:\/\/www.facebook.com\/SonoraEE\/\" \/>\n<meta property=\"article:author\" content=\"https:\/\/www.facebook.com\/SonoraEE\" \/>\n<meta property=\"article:published_time\" content=\"2024-04-10T17:08:43+00:00\" \/>\n<meta property=\"article:modified_time\" content=\"2024-04-10T23:52:05+00:00\" \/>\n<meta property=\"og:image\" content=\"https:\/\/www.sonoraenequipo.com.mx\/storage\/2024\/04\/karina-milei-min.jpg\" \/>\n\t<meta property=\"og:image:width\" content=\"900\" \/>\n\t<meta property=\"og:image:height\" content=\"507\" \/>\n\t<meta property=\"og:image:type\" content=\"image\/jpeg\" \/>\n<meta name=\"author\" content=\"enequipo\" \/>\n<meta name=\"twitter:card\" content=\"summary_large_image\" \/>\n<meta name=\"twitter:creator\" content=\"@sonoraenequipo\" \/>\n<meta name=\"twitter:site\" content=\"@sonoraenequipo\" \/>\n<meta name=\"twitter:label1\" content=\"Escrito por\" \/>\n\t<meta name=\"twitter:data1\" content=\"enequipo\" \/>\n\t<meta name=\"twitter:label2\" content=\"Tiempo de lectura\" \/>\n\t<meta name=\"twitter:data2\" content=\"5 minutos\" \/>\n<script type=\"application\/ld+json\" class=\"yoast-schema-graph\">{\"@context\":\"https:\/\/schema.org\",\"@graph\":[{\"@type\":\"Article\",\"@id\":\"https:\/\/www.sonoraenequipo.com.mx\/karina-milei-consolida-su-poder-politico-en-argentina-con-la-construccion-del-partido-libertario\/#article\",\"isPartOf\":{\"@id\":\"https:\/\/www.sonoraenequipo.com.mx\/karina-milei-consolida-su-poder-politico-en-argentina-con-la-construccion-del-partido-libertario\/\"},\"author\":{\"name\":\"enequipo\",\"@id\":\"https:\/\/www.sonoraenequipo.com.mx\/#\/schema\/person\/50102df0fb23a8fa9e8effad8fa81386\"},\"headline\":\"Karina Milei consolida su poder pol\u00edtico en Argentina con la construcci\u00f3n del partido libertario\",\"datePublished\":\"2024-04-10T17:08:43+00:00\",\"dateModified\":\"2024-04-10T23:52:05+00:00\",\"mainEntityOfPage\":{\"@id\":\"https:\/\/www.sonoraenequipo.com.mx\/karina-milei-consolida-su-poder-politico-en-argentina-con-la-construccion-del-partido-libertario\/\"},\"wordCount\":925,\"commentCount\":0,\"publisher\":{\"@id\":\"https:\/\/www.sonoraenequipo.com.mx\/#organization\"},\"image\":{\"@id\":\"https:\/\/www.sonoraenequipo.com.mx\/karina-milei-consolida-su-poder-politico-en-argentina-con-la-construccion-del-partido-libertario\/#primaryimage\"},\"thumbnailUrl\":\"https:\/\/www.sonoraenequipo.com.mx\/storage\/2024\/04\/karina-milei-min.jpg\",\"articleSection\":[\"MUNDO\"],\"inLanguage\":\"es\",\"potentialAction\":[{\"@type\":\"CommentAction\",\"name\":\"Comment\",\"target\":[\"https:\/\/www.sonoraenequipo.com.mx\/karina-milei-consolida-su-poder-politico-en-argentina-con-la-construccion-del-partido-libertario\/#respond\"]}]},{\"@type\":\"WebPage\",\"@id\":\"https:\/\/www.sonoraenequipo.com.mx\/karina-milei-consolida-su-poder-politico-en-argentina-con-la-construccion-del-partido-libertario\/\",\"url\":\"https:\/\/www.sonoraenequipo.com.mx\/karina-milei-consolida-su-poder-politico-en-argentina-con-la-construccion-del-partido-libertario\/\",\"name\":\"Sonora en Equipo. Karina Milei consolida su poder pol\u00edtico en Argentina con la construcci\u00f3n del partido libertario MUNDO\",\"isPartOf\":{\"@id\":\"https:\/\/www.sonoraenequipo.com.mx\/#website\"},\"primaryImageOfPage\":{\"@id\":\"https:\/\/www.sonoraenequipo.com.mx\/karina-milei-consolida-su-poder-politico-en-argentina-con-la-construccion-del-partido-libertario\/#primaryimage\"},\"image\":{\"@id\":\"https:\/\/www.sonoraenequipo.com.mx\/karina-milei-consolida-su-poder-politico-en-argentina-con-la-construccion-del-partido-libertario\/#primaryimage\"},\"thumbnailUrl\":\"https:\/\/www.sonoraenequipo.com.mx\/storage\/2024\/04\/karina-milei-min.jpg\",\"datePublished\":\"2024-04-10T17:08:43+00:00\",\"dateModified\":\"2024-04-10T23:52:05+00:00\",\"description\":\"BUENOS AIRES, ARGENTINA. \u2014 En solo cuatro meses, Karina Milei, hermana del presidente de Argentina, Javier Milei, consolid\u00f3 su papel como la mujer m\u00e1s En Sonora en Equipo publicamos toda la informaci\u00f3n de Sonora, M\u00e9xico y el Mundo de manera oportuna y busca que la libertad de expresi\u00f3n sea real. Visita nuestro medio informativo publicado desde Hermosillo, Sonora. %\",\"breadcrumb\":{\"@id\":\"https:\/\/www.sonoraenequipo.com.mx\/karina-milei-consolida-su-poder-politico-en-argentina-con-la-construccion-del-partido-libertario\/#breadcrumb\"},\"inLanguage\":\"es\",\"potentialAction\":[{\"@type\":\"ReadAction\",\"target\":[\"https:\/\/www.sonoraenequipo.com.mx\/karina-milei-consolida-su-poder-politico-en-argentina-con-la-construccion-del-partido-libertario\/\"]}]},{\"@type\":\"ImageObject\",\"inLanguage\":\"es\",\"@id\":\"https:\/\/www.sonoraenequipo.com.mx\/karina-milei-consolida-su-poder-politico-en-argentina-con-la-construccion-del-partido-libertario\/#primaryimage\",\"url\":\"https:\/\/www.sonoraenequipo.com.mx\/storage\/2024\/04\/karina-milei-min.jpg\",\"contentUrl\":\"https:\/\/www.sonoraenequipo.com.mx\/storage\/2024\/04\/karina-milei-min.jpg\",\"width\":900,\"height\":507},{\"@type\":\"BreadcrumbList\",\"@id\":\"https:\/\/www.sonoraenequipo.com.mx\/karina-milei-consolida-su-poder-politico-en-argentina-con-la-construccion-del-partido-libertario\/#breadcrumb\",\"itemListElement\":[{\"@type\":\"ListItem\",\"position\":1,\"name\":\"Portada\",\"item\":\"https:\/\/www.sonoraenequipo.com.mx\/\"},{\"@type\":\"ListItem\",\"position\":2,\"name\":\"Karina Milei consolida su poder pol\u00edtico en Argentina con la construcci\u00f3n del partido libertario\"}]},{\"@type\":\"WebSite\",\"@id\":\"https:\/\/www.sonoraenequipo.com.mx\/#website\",\"url\":\"https:\/\/www.sonoraenequipo.com.mx\/\",\"name\":\"Sonora en Equipo.\",\"description\":\"Diario en l\u00ednea con Noticias desde Hermosillo, Sonora\",\"publisher\":{\"@id\":\"https:\/\/www.sonoraenequipo.com.mx\/#organization\"},\"potentialAction\":[{\"@type\":\"SearchAction\",\"target\":{\"@type\":\"EntryPoint\",\"urlTemplate\":\"https:\/\/www.sonoraenequipo.com.mx\/?s={search_term_string}\"},\"query-input\":{\"@type\":\"PropertyValueSpecification\",\"valueRequired\":true,\"valueName\":\"search_term_string\"}}],\"inLanguage\":\"es\"},{\"@type\":\"Organization\",\"@id\":\"https:\/\/www.sonoraenequipo.com.mx\/#organization\",\"name\":\"Sonoraenequipo.com.mx\",\"url\":\"https:\/\/www.sonoraenequipo.com.mx\/\",\"logo\":{\"@type\":\"ImageObject\",\"inLanguage\":\"es\",\"@id\":\"https:\/\/www.sonoraenequipo.com.mx\/#\/schema\/logo\/image\/\",\"url\":\"https:\/\/www.sonoraenequipo.com.mx\/storage\/2019\/01\/sonoraenequipo_opt.png\",\"contentUrl\":\"https:\/\/www.sonoraenequipo.com.mx\/storage\/2019\/01\/sonoraenequipo_opt.png\",\"width\":375,\"height\":125,\"caption\":\"Sonoraenequipo.com.mx\"},\"image\":{\"@id\":\"https:\/\/www.sonoraenequipo.com.mx\/#\/schema\/logo\/image\/\"},\"sameAs\":[\"https:\/\/www.facebook.com\/SonoraEE\/\",\"https:\/\/x.com\/sonoraenequipo\",\"https:\/\/www.youtube.com\/channel\/UC338nW-lPEYmJQs4ZABQ1SQ\"]},{\"@type\":\"Person\",\"@id\":\"https:\/\/www.sonoraenequipo.com.mx\/#\/schema\/person\/50102df0fb23a8fa9e8effad8fa81386\",\"name\":\"enequipo\",\"image\":{\"@type\":\"ImageObject\",\"inLanguage\":\"es\",\"@id\":\"https:\/\/www.sonoraenequipo.com.mx\/#\/schema\/person\/image\/\",\"url\":\"https:\/\/secure.gravatar.com\/avatar\/049821681b589dabc0bc20695993ccebb09f5b5d4d790cd9251b97faac7c652b?s=96&d=blank&r=g\",\"contentUrl\":\"https:\/\/secure.gravatar.com\/avatar\/049821681b589dabc0bc20695993ccebb09f5b5d4d790cd9251b97faac7c652b?s=96&d=blank&r=g\",\"caption\":\"enequipo\"},\"sameAs\":[\"https:\/\/www.facebook.com\/SonoraEE\"]}]}<\/script>\n ","yoast_head_json":{"title":"Sonora en Equipo. Karina Milei consolida su poder pol\u00edtico en Argentina con la construcci\u00f3n del partido libertario MUNDO","description":"BUENOS AIRES, ARGENTINA. \u2014 En solo cuatro meses, Karina Milei, hermana del presidente de Argentina, Javier Milei, consolid\u00f3 su papel como la mujer m\u00e1s En Sonora en Equipo publicamos toda la informaci\u00f3n de Sonora, M\u00e9xico y el Mundo de manera oportuna y busca que la libertad de expresi\u00f3n sea real. Visita nuestro medio informativo publicado desde Hermosillo, Sonora. %","robots":{"index":"index","follow":"follow","max-snippet":"max-snippet:-1","max-image-preview":"max-image-preview:large","max-video-preview":"max-video-preview:-1"},"canonical":"https:\/\/www.sonoraenequipo.com.mx\/karina-milei-consolida-su-poder-politico-en-argentina-con-la-construccion-del-partido-libertario\/","og_locale":"es_ES","og_type":"article","og_title":"Sonora en Equipo. Karina Milei consolida su poder pol\u00edtico en Argentina con la construcci\u00f3n del partido libertario MUNDO","og_description":"BUENOS AIRES, ARGENTINA. \u2014 En solo cuatro meses, Karina Milei, hermana del presidente de Argentina, Javier Milei, consolid\u00f3 su papel como la mujer m\u00e1s En Sonora en Equipo publicamos toda la informaci\u00f3n de Sonora, M\u00e9xico y el Mundo de manera oportuna y busca que la libertad de expresi\u00f3n sea real. Visita nuestro medio informativo publicado desde Hermosillo, Sonora. %","og_url":"https:\/\/www.sonoraenequipo.com.mx\/karina-milei-consolida-su-poder-politico-en-argentina-con-la-construccion-del-partido-libertario\/","og_site_name":"Sonora en Equipo.","article_publisher":"https:\/\/www.facebook.com\/SonoraEE\/","article_author":"https:\/\/www.facebook.com\/SonoraEE","article_published_time":"2024-04-10T17:08:43+00:00","article_modified_time":"2024-04-10T23:52:05+00:00","og_image":[{"width":900,"height":507,"url":"https:\/\/www.sonoraenequipo.com.mx\/storage\/2024\/04\/karina-milei-min.jpg","type":"image\/jpeg"}],"author":"enequipo","twitter_card":"summary_large_image","twitter_creator":"@sonoraenequipo","twitter_site":"@sonoraenequipo","twitter_misc":{"Escrito por":"enequipo","Tiempo de lectura":"5 minutos"},"schema":{"@context":"https:\/\/schema.org","@graph":[{"@type":"Article","@id":"https:\/\/www.sonoraenequipo.com.mx\/karina-milei-consolida-su-poder-politico-en-argentina-con-la-construccion-del-partido-libertario\/#article","isPartOf":{"@id":"https:\/\/www.sonoraenequipo.com.mx\/karina-milei-consolida-su-poder-politico-en-argentina-con-la-construccion-del-partido-libertario\/"},"author":{"name":"enequipo","@id":"https:\/\/www.sonoraenequipo.com.mx\/#\/schema\/person\/50102df0fb23a8fa9e8effad8fa81386"},"headline":"Karina Milei consolida su poder pol\u00edtico en Argentina con la construcci\u00f3n del partido libertario","datePublished":"2024-04-10T17:08:43+00:00","dateModified":"2024-04-10T23:52:05+00:00","mainEntityOfPage":{"@id":"https:\/\/www.sonoraenequipo.com.mx\/karina-milei-consolida-su-poder-politico-en-argentina-con-la-construccion-del-partido-libertario\/"},"wordCount":925,"commentCount":0,"publisher":{"@id":"https:\/\/www.sonoraenequipo.com.mx\/#organization"},"image":{"@id":"https:\/\/www.sonoraenequipo.com.mx\/karina-milei-consolida-su-poder-politico-en-argentina-con-la-construccion-del-partido-libertario\/#primaryimage"},"thumbnailUrl":"https:\/\/www.sonoraenequipo.com.mx\/storage\/2024\/04\/karina-milei-min.jpg","articleSection":["MUNDO"],"inLanguage":"es","potentialAction":[{"@type":"CommentAction","name":"Comment","target":["https:\/\/www.sonoraenequipo.com.mx\/karina-milei-consolida-su-poder-politico-en-argentina-con-la-construccion-del-partido-libertario\/#respond"]}]},{"@type":"WebPage","@id":"https:\/\/www.sonoraenequipo.com.mx\/karina-milei-consolida-su-poder-politico-en-argentina-con-la-construccion-del-partido-libertario\/","url":"https:\/\/www.sonoraenequipo.com.mx\/karina-milei-consolida-su-poder-politico-en-argentina-con-la-construccion-del-partido-libertario\/","name":"Sonora en Equipo. Karina Milei consolida su poder pol\u00edtico en Argentina con la construcci\u00f3n del partido libertario MUNDO","isPartOf":{"@id":"https:\/\/www.sonoraenequipo.com.mx\/#website"},"primaryImageOfPage":{"@id":"https:\/\/www.sonoraenequipo.com.mx\/karina-milei-consolida-su-poder-politico-en-argentina-con-la-construccion-del-partido-libertario\/#primaryimage"},"image":{"@id":"https:\/\/www.sonoraenequipo.com.mx\/karina-milei-consolida-su-poder-politico-en-argentina-con-la-construccion-del-partido-libertario\/#primaryimage"},"thumbnailUrl":"https:\/\/www.sonoraenequipo.com.mx\/storage\/2024\/04\/karina-milei-min.jpg","datePublished":"2024-04-10T17:08:43+00:00","dateModified":"2024-04-10T23:52:05+00:00","description":"BUENOS AIRES, ARGENTINA. \u2014 En solo cuatro meses, Karina Milei, hermana del presidente de Argentina, Javier Milei, consolid\u00f3 su papel como la mujer m\u00e1s En Sonora en Equipo publicamos toda la informaci\u00f3n de Sonora, M\u00e9xico y el Mundo de manera oportuna y busca que la libertad de expresi\u00f3n sea real. Visita nuestro medio informativo publicado desde Hermosillo, Sonora. %","breadcrumb":{"@id":"https:\/\/www.sonoraenequipo.com.mx\/karina-milei-consolida-su-poder-politico-en-argentina-con-la-construccion-del-partido-libertario\/#breadcrumb"},"inLanguage":"es","potentialAction":[{"@type":"ReadAction","target":["https:\/\/www.sonoraenequipo.com.mx\/karina-milei-consolida-su-poder-politico-en-argentina-con-la-construccion-del-partido-libertario\/"]}]},{"@type":"ImageObject","inLanguage":"es","@id":"https:\/\/www.sonoraenequipo.com.mx\/karina-milei-consolida-su-poder-politico-en-argentina-con-la-construccion-del-partido-libertario\/#primaryimage","url":"https:\/\/www.sonoraenequipo.com.mx\/storage\/2024\/04\/karina-milei-min.jpg","contentUrl":"https:\/\/www.sonoraenequipo.com.mx\/storage\/2024\/04\/karina-milei-min.jpg","width":900,"height":507},{"@type":"BreadcrumbList","@id":"https:\/\/www.sonoraenequipo.com.mx\/karina-milei-consolida-su-poder-politico-en-argentina-con-la-construccion-del-partido-libertario\/#breadcrumb","itemListElement":[{"@type":"ListItem","position":1,"name":"Portada","item":"https:\/\/www.sonoraenequipo.com.mx\/"},{"@type":"ListItem","position":2,"name":"Karina Milei consolida su poder pol\u00edtico en Argentina con la construcci\u00f3n del partido libertario"}]},{"@type":"WebSite","@id":"https:\/\/www.sonoraenequipo.com.mx\/#website","url":"https:\/\/www.sonoraenequipo.com.mx\/","name":"Sonora en Equipo.","description":"Diario en l\u00ednea con Noticias desde Hermosillo, Sonora","publisher":{"@id":"https:\/\/www.sonoraenequipo.com.mx\/#organization"},"potentialAction":[{"@type":"SearchAction","target":{"@type":"EntryPoint","urlTemplate":"https:\/\/www.sonoraenequipo.com.mx\/?s={search_term_string}"},"query-input":{"@type":"PropertyValueSpecification","valueRequired":true,"valueName":"search_term_string"}}],"inLanguage":"es"},{"@type":"Organization","@id":"https:\/\/www.sonoraenequipo.com.mx\/#organization","name":"Sonoraenequipo.com.mx","url":"https:\/\/www.sonoraenequipo.com.mx\/","logo":{"@type":"ImageObject","inLanguage":"es","@id":"https:\/\/www.sonoraenequipo.com.mx\/#\/schema\/logo\/image\/","url":"https:\/\/www.sonoraenequipo.com.mx\/storage\/2019\/01\/sonoraenequipo_opt.png","contentUrl":"https:\/\/www.sonoraenequipo.com.mx\/storage\/2019\/01\/sonoraenequipo_opt.png","width":375,"height":125,"caption":"Sonoraenequipo.com.mx"},"image":{"@id":"https:\/\/www.sonoraenequipo.com.mx\/#\/schema\/logo\/image\/"},"sameAs":["https:\/\/www.facebook.com\/SonoraEE\/","https:\/\/x.com\/sonoraenequipo","https:\/\/www.youtube.com\/channel\/UC338nW-lPEYmJQs4ZABQ1SQ"]},{"@type":"Person","@id":"https:\/\/www.sonoraenequipo.com.mx\/#\/schema\/person\/50102df0fb23a8fa9e8effad8fa81386","name":"enequipo","image":{"@type":"ImageObject","inLanguage":"es","@id":"https:\/\/www.sonoraenequipo.com.mx\/#\/schema\/person\/image\/","url":"https:\/\/secure.gravatar.com\/avatar\/049821681b589dabc0bc20695993ccebb09f5b5d4d790cd9251b97faac7c652b?s=96&d=blank&r=g","contentUrl":"https:\/\/secure.gravatar.com\/avatar\/049821681b589dabc0bc20695993ccebb09f5b5d4d790cd9251b97faac7c652b?s=96&d=blank&r=g","caption":"enequipo"},"sameAs":["https:\/\/www.facebook.com\/SonoraEE"]}]}},"jetpack_featured_media_url":"https:\/\/www.sonoraenequipo.com.mx\/storage\/2024\/04\/karina-milei-min.jpg","_links":{"self":[{"href":"https:\/\/www.sonoraenequipo.com.mx\/api\/wp\/v2\/posts\/187313","targetHints":{"allow":["GET"]}}],"collection":[{"href":"https:\/\/www.sonoraenequipo.com.mx\/api\/wp\/v2\/posts"}],"about":[{"href":"https:\/\/www.sonoraenequipo.com.mx\/api\/wp\/v2\/types\/post"}],"author":[{"embeddable":true,"href":"https:\/\/www.sonoraenequipo.com.mx\/api\/wp\/v2\/users\/1"}],"replies":[{"embeddable":true,"href":"https:\/\/www.sonoraenequipo.com.mx\/api\/wp\/v2\/comments?post=187313"}],"version-history":[{"count":2,"href":"https:\/\/www.sonoraenequipo.com.mx\/api\/wp\/v2\/posts\/187313\/revisions"}],"predecessor-version":[{"id":187318,"href":"https:\/\/www.sonoraenequipo.com.mx\/api\/wp\/v2\/posts\/187313\/revisions\/187318"}],"wp:featuredmedia":[{"embeddable":true,"href":"https:\/\/www.sonoraenequipo.com.mx\/api\/wp\/v2\/media\/187314"}],"wp:attachment":[{"href":"https:\/\/www.sonoraenequipo.com.mx\/api\/wp\/v2\/media?parent=187313"}],"wp:term":[{"taxonomy":"category","embeddable":true,"href":"https:\/\/www.sonoraenequipo.com.mx\/api\/wp\/v2\/categories?post=187313"},{"taxonomy":"post_tag","embeddable":true,"href":"https:\/\/www.sonoraenequipo.com.mx\/api\/wp\/v2\/tags?post=187313"}],"curies":[{"name":"wp","href":"https:\/\/api.w.org\/{rel}","templated":true}]}}