{"id":187597,"date":"2024-04-15T17:37:41","date_gmt":"2024-04-16T00:37:41","guid":{"rendered":"https:\/\/www.sonoraenequipo.com.mx\/?p=187597"},"modified":"2024-04-15T17:37:41","modified_gmt":"2024-04-16T00:37:41","slug":"avanza-construccion-de-segunda-etapa-del-centro-estatal-de-identificacion-genetica-y-panteon-forense","status":"publish","type":"post","link":"https:\/\/www.sonoraenequipo.com.mx\/avanza-construccion-de-segunda-etapa-del-centro-estatal-de-identificacion-genetica-y-panteon-forense\/","title":{"rendered":"Avanza construcci\u00f3n de segunda etapa del Centro Estatal de Identificaci\u00f3n Gen\u00e9tica y Pante\u00f3n Forense"},"content":{"rendered":"<p><strong>HERMOSILLO, SONORA, MX.\u02d7\u02d7\u02d7 <\/strong>Para dar seguimiento a la construcci\u00f3n del Centro Estatal de Identificaci\u00f3n Gen\u00e9tica y Pante\u00f3n Forense, el gobernador Alfonso Durazo Monta\u00f1o realiz\u00f3 una supervisi\u00f3n de la segunda etapa de este proyecto, el cual da cumplimiento a los acuerdos efectuados con los diferentes colectivos de b\u00fasqueda en la entidad.<\/p>\n<p>&nbsp;<\/p>\n<p>El mandatario estatal, fue acompa\u00f1ado por Javier Ignacio D\u00edaz Ballesteros, titular de la Comisi\u00f3n de B\u00fasqueda de Personas para el Estado de Sonora, para continuar con la obra de este proyecto, el cual inici\u00f3 en 2023 y que en su primera etapa se construyeron las \u00e1reas de atenci\u00f3n ciudadana, salas de entrevista y seguimiento a v\u00edctimas, las salas de atenci\u00f3n a grupos y v\u00edctimas, oficinas de investigadores, direcci\u00f3n general, laboratorio forense, perfil gen\u00e9tico, \u00e1reas de servicio, estacionamiento de personal, biodigestor y subestaci\u00f3n.<\/p>\n<p>&nbsp;<\/p>\n<p>En esta segunda etapa, que se encuentra en un 98 por ciento de avance, se construyeron las \u00e1reas de osteoteca, pante\u00f3n forense con 290 gavetas, bodega de equipo de b\u00fasqueda, caseta de vigilancia, servicios, calles de acceso con infraestructura, estacionamiento general y barda perimetral.<\/p>\n<p>&nbsp;<\/p>\n<p>En el Centro Estatal de Identificaci\u00f3n Gen\u00e9tica y Pante\u00f3n Forense se utilizar\u00e1 la m\u00e1s avanzada tecnolog\u00eda para la identificaci\u00f3n de cuerpos, y se dar\u00e1 atenci\u00f3n a grupos de b\u00fasqueda de personas desaparecidas del noroeste del pa\u00eds.<\/p>\n<p><strong>Fecha de publicaci\u00f3n lunes 15 de abril de 2024<\/strong><\/p>\n","protected":false},"excerpt":{"rendered":"<p>HERMOSILLO, SONORA, MX.\u02d7\u02d7\u02d7 Para dar seguimiento a la construcci\u00f3n del Centro Estatal de Identificaci\u00f3n Gen\u00e9tica&#8230;<\/p>\n","protected":false},"author":1,"featured_media":187598,"comment_status":"open","ping_status":"open","sticky":false,"template":"","format":"standard","meta":{"_monsterinsights_skip_tracking":false,"_monsterinsights_sitenote_active":false,"_monsterinsights_sitenote_note":"","_monsterinsights_sitenote_category":0,"footnotes":""},"categories":[22],"tags":[9534,9532,9533],"class_list":["post"],"yoast_head":" \n<title>Sonora en Equipo. Avanza construcci\u00f3n de segunda etapa del Centro Estatal de Identificaci\u00f3n Gen\u00e9tica y Pante\u00f3n Forense Sonora<\/title>\n<meta name=\"description\" content=\"HERMOSILLO, SONORA, MX.\u02d7\u02d7\u02d7 Para dar seguimiento a la construcci\u00f3n del Centro Estatal de Identificaci\u00f3n Gen\u00e9tica y Pante\u00f3n Forense, el gobernador Alfonso En Sonora en Equipo publicamos toda la informaci\u00f3n de Sonora, M\u00e9xico y el Mundo de manera oportuna y busca que la libertad de expresi\u00f3n sea real. Visita nuestro medio informativo publicado desde Hermosillo, Sonora. %\" \/>\n<meta name=\"robots\" content=\"index, follow, max-snippet:-1, max-image-preview:large, max-video-preview:-1\" \/>\n<link rel=\"canonical\" href=\"https:\/\/www.sonoraenequipo.com.mx\/avanza-construccion-de-segunda-etapa-del-centro-estatal-de-identificacion-genetica-y-panteon-forense\/\" \/>\n<meta property=\"og:locale\" content=\"es_ES\" \/>\n<meta property=\"og:type\" content=\"article\" \/>\n<meta property=\"og:title\" content=\"Sonora en Equipo. Avanza construcci\u00f3n de segunda etapa del Centro Estatal de Identificaci\u00f3n Gen\u00e9tica y Pante\u00f3n Forense Sonora\" \/>\n<meta property=\"og:description\" content=\"HERMOSILLO, SONORA, MX.\u02d7\u02d7\u02d7 Para dar seguimiento a la construcci\u00f3n del Centro Estatal de Identificaci\u00f3n Gen\u00e9tica y Pante\u00f3n Forense, el gobernador Alfonso En Sonora en Equipo publicamos toda la informaci\u00f3n de Sonora, M\u00e9xico y el Mundo de manera oportuna y busca que la libertad de expresi\u00f3n sea real. Visita nuestro medio informativo publicado desde Hermosillo, Sonora. %\" \/>\n<meta property=\"og:url\" content=\"https:\/\/www.sonoraenequipo.com.mx\/avanza-construccion-de-segunda-etapa-del-centro-estatal-de-identificacion-genetica-y-panteon-forense\/\" \/>\n<meta property=\"og:site_name\" content=\"Sonora en Equipo.\" \/>\n<meta property=\"article:publisher\" content=\"https:\/\/www.facebook.com\/SonoraEE\/\" \/>\n<meta property=\"article:author\" content=\"https:\/\/www.facebook.com\/SonoraEE\" \/>\n<meta property=\"article:published_time\" content=\"2024-04-16T00:37:41+00:00\" \/>\n<meta property=\"og:image\" content=\"https:\/\/www.sonoraenequipo.com.mx\/storage\/2024\/04\/panteon.jpg\" \/>\n\t<meta property=\"og:image:width\" content=\"850\" \/>\n\t<meta property=\"og:image:height\" content=\"600\" \/>\n\t<meta property=\"og:image:type\" content=\"image\/jpeg\" \/>\n<meta name=\"author\" content=\"enequipo\" \/>\n<meta name=\"twitter:card\" content=\"summary_large_image\" \/>\n<meta name=\"twitter:creator\" content=\"@sonoraenequipo\" \/>\n<meta name=\"twitter:site\" content=\"@sonoraenequipo\" \/>\n<meta name=\"twitter:label1\" content=\"Escrito por\" \/>\n\t<meta name=\"twitter:data1\" content=\"enequipo\" \/>\n\t<meta name=\"twitter:label2\" content=\"Tiempo de lectura\" \/>\n\t<meta name=\"twitter:data2\" content=\"1 minuto\" \/>\n<script type=\"application\/ld+json\" class=\"yoast-schema-graph\">{\"@context\":\"https:\/\/schema.org\",\"@graph\":[{\"@type\":\"Article\",\"@id\":\"https:\/\/www.sonoraenequipo.com.mx\/avanza-construccion-de-segunda-etapa-del-centro-estatal-de-identificacion-genetica-y-panteon-forense\/#article\",\"isPartOf\":{\"@id\":\"https:\/\/www.sonoraenequipo.com.mx\/avanza-construccion-de-segunda-etapa-del-centro-estatal-de-identificacion-genetica-y-panteon-forense\/\"},\"author\":{\"name\":\"enequipo\",\"@id\":\"https:\/\/www.sonoraenequipo.com.mx\/#\/schema\/person\/50102df0fb23a8fa9e8effad8fa81386\"},\"headline\":\"Avanza construcci\u00f3n de segunda etapa del Centro Estatal de Identificaci\u00f3n Gen\u00e9tica y Pante\u00f3n Forense\",\"datePublished\":\"2024-04-16T00:37:41+00:00\",\"mainEntityOfPage\":{\"@id\":\"https:\/\/www.sonoraenequipo.com.mx\/avanza-construccion-de-segunda-etapa-del-centro-estatal-de-identificacion-genetica-y-panteon-forense\/\"},\"wordCount\":267,\"commentCount\":0,\"publisher\":{\"@id\":\"https:\/\/www.sonoraenequipo.com.mx\/#organization\"},\"image\":{\"@id\":\"https:\/\/www.sonoraenequipo.com.mx\/avanza-construccion-de-segunda-etapa-del-centro-estatal-de-identificacion-genetica-y-panteon-forense\/#primaryimage\"},\"thumbnailUrl\":\"https:\/\/www.sonoraenequipo.com.mx\/storage\/2024\/04\/panteon.jpg\",\"keywords\":[\"forense\",\"genetica\",\"pante\u00f3n\"],\"articleSection\":[\"Sonora\"],\"inLanguage\":\"es\",\"potentialAction\":[{\"@type\":\"CommentAction\",\"name\":\"Comment\",\"target\":[\"https:\/\/www.sonoraenequipo.com.mx\/avanza-construccion-de-segunda-etapa-del-centro-estatal-de-identificacion-genetica-y-panteon-forense\/#respond\"]}]},{\"@type\":\"WebPage\",\"@id\":\"https:\/\/www.sonoraenequipo.com.mx\/avanza-construccion-de-segunda-etapa-del-centro-estatal-de-identificacion-genetica-y-panteon-forense\/\",\"url\":\"https:\/\/www.sonoraenequipo.com.mx\/avanza-construccion-de-segunda-etapa-del-centro-estatal-de-identificacion-genetica-y-panteon-forense\/\",\"name\":\"Sonora en Equipo. Avanza construcci\u00f3n de segunda etapa del Centro Estatal de Identificaci\u00f3n Gen\u00e9tica y Pante\u00f3n Forense Sonora\",\"isPartOf\":{\"@id\":\"https:\/\/www.sonoraenequipo.com.mx\/#website\"},\"primaryImageOfPage\":{\"@id\":\"https:\/\/www.sonoraenequipo.com.mx\/avanza-construccion-de-segunda-etapa-del-centro-estatal-de-identificacion-genetica-y-panteon-forense\/#primaryimage\"},\"image\":{\"@id\":\"https:\/\/www.sonoraenequipo.com.mx\/avanza-construccion-de-segunda-etapa-del-centro-estatal-de-identificacion-genetica-y-panteon-forense\/#primaryimage\"},\"thumbnailUrl\":\"https:\/\/www.sonoraenequipo.com.mx\/storage\/2024\/04\/panteon.jpg\",\"datePublished\":\"2024-04-16T00:37:41+00:00\",\"description\":\"HERMOSILLO, SONORA, MX.\u02d7\u02d7\u02d7 Para dar seguimiento a la construcci\u00f3n del Centro Estatal de Identificaci\u00f3n Gen\u00e9tica y Pante\u00f3n Forense, el gobernador Alfonso En Sonora en Equipo publicamos toda la informaci\u00f3n de Sonora, M\u00e9xico y el Mundo de manera oportuna y busca que la libertad de expresi\u00f3n sea real. Visita nuestro medio informativo publicado desde Hermosillo, Sonora. %\",\"breadcrumb\":{\"@id\":\"https:\/\/www.sonoraenequipo.com.mx\/avanza-construccion-de-segunda-etapa-del-centro-estatal-de-identificacion-genetica-y-panteon-forense\/#breadcrumb\"},\"inLanguage\":\"es\",\"potentialAction\":[{\"@type\":\"ReadAction\",\"target\":[\"https:\/\/www.sonoraenequipo.com.mx\/avanza-construccion-de-segunda-etapa-del-centro-estatal-de-identificacion-genetica-y-panteon-forense\/\"]}]},{\"@type\":\"ImageObject\",\"inLanguage\":\"es\",\"@id\":\"https:\/\/www.sonoraenequipo.com.mx\/avanza-construccion-de-segunda-etapa-del-centro-estatal-de-identificacion-genetica-y-panteon-forense\/#primaryimage\",\"url\":\"https:\/\/www.sonoraenequipo.com.mx\/storage\/2024\/04\/panteon.jpg\",\"contentUrl\":\"https:\/\/www.sonoraenequipo.com.mx\/storage\/2024\/04\/panteon.jpg\",\"width\":850,\"height\":600},{\"@type\":\"BreadcrumbList\",\"@id\":\"https:\/\/www.sonoraenequipo.com.mx\/avanza-construccion-de-segunda-etapa-del-centro-estatal-de-identificacion-genetica-y-panteon-forense\/#breadcrumb\",\"itemListElement\":[{\"@type\":\"ListItem\",\"position\":1,\"name\":\"Portada\",\"item\":\"https:\/\/www.sonoraenequipo.com.mx\/\"},{\"@type\":\"ListItem\",\"position\":2,\"name\":\"Avanza construcci\u00f3n de segunda etapa del Centro Estatal de Identificaci\u00f3n Gen\u00e9tica y Pante\u00f3n Forense\"}]},{\"@type\":\"WebSite\",\"@id\":\"https:\/\/www.sonoraenequipo.com.mx\/#website\",\"url\":\"https:\/\/www.sonoraenequipo.com.mx\/\",\"name\":\"Sonora en Equipo.\",\"description\":\"Diario en l\u00ednea con Noticias desde Hermosillo, Sonora\",\"publisher\":{\"@id\":\"https:\/\/www.sonoraenequipo.com.mx\/#organization\"},\"potentialAction\":[{\"@type\":\"SearchAction\",\"target\":{\"@type\":\"EntryPoint\",\"urlTemplate\":\"https:\/\/www.sonoraenequipo.com.mx\/?s={search_term_string}\"},\"query-input\":{\"@type\":\"PropertyValueSpecification\",\"valueRequired\":true,\"valueName\":\"search_term_string\"}}],\"inLanguage\":\"es\"},{\"@type\":\"Organization\",\"@id\":\"https:\/\/www.sonoraenequipo.com.mx\/#organization\",\"name\":\"Sonoraenequipo.com.mx\",\"url\":\"https:\/\/www.sonoraenequipo.com.mx\/\",\"logo\":{\"@type\":\"ImageObject\",\"inLanguage\":\"es\",\"@id\":\"https:\/\/www.sonoraenequipo.com.mx\/#\/schema\/logo\/image\/\",\"url\":\"https:\/\/www.sonoraenequipo.com.mx\/storage\/2019\/01\/sonoraenequipo_opt.png\",\"contentUrl\":\"https:\/\/www.sonoraenequipo.com.mx\/storage\/2019\/01\/sonoraenequipo_opt.png\",\"width\":375,\"height\":125,\"caption\":\"Sonoraenequipo.com.mx\"},\"image\":{\"@id\":\"https:\/\/www.sonoraenequipo.com.mx\/#\/schema\/logo\/image\/\"},\"sameAs\":[\"https:\/\/www.facebook.com\/SonoraEE\/\",\"https:\/\/x.com\/sonoraenequipo\",\"https:\/\/www.youtube.com\/channel\/UC338nW-lPEYmJQs4ZABQ1SQ\"]},{\"@type\":\"Person\",\"@id\":\"https:\/\/www.sonoraenequipo.com.mx\/#\/schema\/person\/50102df0fb23a8fa9e8effad8fa81386\",\"name\":\"enequipo\",\"image\":{\"@type\":\"ImageObject\",\"inLanguage\":\"es\",\"@id\":\"https:\/\/www.sonoraenequipo.com.mx\/#\/schema\/person\/image\/\",\"url\":\"https:\/\/secure.gravatar.com\/avatar\/049821681b589dabc0bc20695993ccebb09f5b5d4d790cd9251b97faac7c652b?s=96&d=blank&r=g\",\"contentUrl\":\"https:\/\/secure.gravatar.com\/avatar\/049821681b589dabc0bc20695993ccebb09f5b5d4d790cd9251b97faac7c652b?s=96&d=blank&r=g\",\"caption\":\"enequipo\"},\"sameAs\":[\"https:\/\/www.facebook.com\/SonoraEE\"]}]}<\/script>\n ","yoast_head_json":{"title":"Sonora en Equipo. Avanza construcci\u00f3n de segunda etapa del Centro Estatal de Identificaci\u00f3n Gen\u00e9tica y Pante\u00f3n Forense Sonora","description":"HERMOSILLO, SONORA, MX.\u02d7\u02d7\u02d7 Para dar seguimiento a la construcci\u00f3n del Centro Estatal de Identificaci\u00f3n Gen\u00e9tica y Pante\u00f3n Forense, el gobernador Alfonso En Sonora en Equipo publicamos toda la informaci\u00f3n de Sonora, M\u00e9xico y el Mundo de manera oportuna y busca que la libertad de expresi\u00f3n sea real. Visita nuestro medio informativo publicado desde Hermosillo, Sonora. %","robots":{"index":"index","follow":"follow","max-snippet":"max-snippet:-1","max-image-preview":"max-image-preview:large","max-video-preview":"max-video-preview:-1"},"canonical":"https:\/\/www.sonoraenequipo.com.mx\/avanza-construccion-de-segunda-etapa-del-centro-estatal-de-identificacion-genetica-y-panteon-forense\/","og_locale":"es_ES","og_type":"article","og_title":"Sonora en Equipo. Avanza construcci\u00f3n de segunda etapa del Centro Estatal de Identificaci\u00f3n Gen\u00e9tica y Pante\u00f3n Forense Sonora","og_description":"HERMOSILLO, SONORA, MX.\u02d7\u02d7\u02d7 Para dar seguimiento a la construcci\u00f3n del Centro Estatal de Identificaci\u00f3n Gen\u00e9tica y Pante\u00f3n Forense, el gobernador Alfonso En Sonora en Equipo publicamos toda la informaci\u00f3n de Sonora, M\u00e9xico y el Mundo de manera oportuna y busca que la libertad de expresi\u00f3n sea real. Visita nuestro medio informativo publicado desde Hermosillo, Sonora. %","og_url":"https:\/\/www.sonoraenequipo.com.mx\/avanza-construccion-de-segunda-etapa-del-centro-estatal-de-identificacion-genetica-y-panteon-forense\/","og_site_name":"Sonora en Equipo.","article_publisher":"https:\/\/www.facebook.com\/SonoraEE\/","article_author":"https:\/\/www.facebook.com\/SonoraEE","article_published_time":"2024-04-16T00:37:41+00:00","og_image":[{"width":850,"height":600,"url":"https:\/\/www.sonoraenequipo.com.mx\/storage\/2024\/04\/panteon.jpg","type":"image\/jpeg"}],"author":"enequipo","twitter_card":"summary_large_image","twitter_creator":"@sonoraenequipo","twitter_site":"@sonoraenequipo","twitter_misc":{"Escrito por":"enequipo","Tiempo de lectura":"1 minuto"},"schema":{"@context":"https:\/\/schema.org","@graph":[{"@type":"Article","@id":"https:\/\/www.sonoraenequipo.com.mx\/avanza-construccion-de-segunda-etapa-del-centro-estatal-de-identificacion-genetica-y-panteon-forense\/#article","isPartOf":{"@id":"https:\/\/www.sonoraenequipo.com.mx\/avanza-construccion-de-segunda-etapa-del-centro-estatal-de-identificacion-genetica-y-panteon-forense\/"},"author":{"name":"enequipo","@id":"https:\/\/www.sonoraenequipo.com.mx\/#\/schema\/person\/50102df0fb23a8fa9e8effad8fa81386"},"headline":"Avanza construcci\u00f3n de segunda etapa del Centro Estatal de Identificaci\u00f3n Gen\u00e9tica y Pante\u00f3n Forense","datePublished":"2024-04-16T00:37:41+00:00","mainEntityOfPage":{"@id":"https:\/\/www.sonoraenequipo.com.mx\/avanza-construccion-de-segunda-etapa-del-centro-estatal-de-identificacion-genetica-y-panteon-forense\/"},"wordCount":267,"commentCount":0,"publisher":{"@id":"https:\/\/www.sonoraenequipo.com.mx\/#organization"},"image":{"@id":"https:\/\/www.sonoraenequipo.com.mx\/avanza-construccion-de-segunda-etapa-del-centro-estatal-de-identificacion-genetica-y-panteon-forense\/#primaryimage"},"thumbnailUrl":"https:\/\/www.sonoraenequipo.com.mx\/storage\/2024\/04\/panteon.jpg","keywords":["forense","genetica","pante\u00f3n"],"articleSection":["Sonora"],"inLanguage":"es","potentialAction":[{"@type":"CommentAction","name":"Comment","target":["https:\/\/www.sonoraenequipo.com.mx\/avanza-construccion-de-segunda-etapa-del-centro-estatal-de-identificacion-genetica-y-panteon-forense\/#respond"]}]},{"@type":"WebPage","@id":"https:\/\/www.sonoraenequipo.com.mx\/avanza-construccion-de-segunda-etapa-del-centro-estatal-de-identificacion-genetica-y-panteon-forense\/","url":"https:\/\/www.sonoraenequipo.com.mx\/avanza-construccion-de-segunda-etapa-del-centro-estatal-de-identificacion-genetica-y-panteon-forense\/","name":"Sonora en Equipo. Avanza construcci\u00f3n de segunda etapa del Centro Estatal de Identificaci\u00f3n Gen\u00e9tica y Pante\u00f3n Forense Sonora","isPartOf":{"@id":"https:\/\/www.sonoraenequipo.com.mx\/#website"},"primaryImageOfPage":{"@id":"https:\/\/www.sonoraenequipo.com.mx\/avanza-construccion-de-segunda-etapa-del-centro-estatal-de-identificacion-genetica-y-panteon-forense\/#primaryimage"},"image":{"@id":"https:\/\/www.sonoraenequipo.com.mx\/avanza-construccion-de-segunda-etapa-del-centro-estatal-de-identificacion-genetica-y-panteon-forense\/#primaryimage"},"thumbnailUrl":"https:\/\/www.sonoraenequipo.com.mx\/storage\/2024\/04\/panteon.jpg","datePublished":"2024-04-16T00:37:41+00:00","description":"HERMOSILLO, SONORA, MX.\u02d7\u02d7\u02d7 Para dar seguimiento a la construcci\u00f3n del Centro Estatal de Identificaci\u00f3n Gen\u00e9tica y Pante\u00f3n Forense, el gobernador Alfonso En Sonora en Equipo publicamos toda la informaci\u00f3n de Sonora, M\u00e9xico y el Mundo de manera oportuna y busca que la libertad de expresi\u00f3n sea real. Visita nuestro medio informativo publicado desde Hermosillo, Sonora. %","breadcrumb":{"@id":"https:\/\/www.sonoraenequipo.com.mx\/avanza-construccion-de-segunda-etapa-del-centro-estatal-de-identificacion-genetica-y-panteon-forense\/#breadcrumb"},"inLanguage":"es","potentialAction":[{"@type":"ReadAction","target":["https:\/\/www.sonoraenequipo.com.mx\/avanza-construccion-de-segunda-etapa-del-centro-estatal-de-identificacion-genetica-y-panteon-forense\/"]}]},{"@type":"ImageObject","inLanguage":"es","@id":"https:\/\/www.sonoraenequipo.com.mx\/avanza-construccion-de-segunda-etapa-del-centro-estatal-de-identificacion-genetica-y-panteon-forense\/#primaryimage","url":"https:\/\/www.sonoraenequipo.com.mx\/storage\/2024\/04\/panteon.jpg","contentUrl":"https:\/\/www.sonoraenequipo.com.mx\/storage\/2024\/04\/panteon.jpg","width":850,"height":600},{"@type":"BreadcrumbList","@id":"https:\/\/www.sonoraenequipo.com.mx\/avanza-construccion-de-segunda-etapa-del-centro-estatal-de-identificacion-genetica-y-panteon-forense\/#breadcrumb","itemListElement":[{"@type":"ListItem","position":1,"name":"Portada","item":"https:\/\/www.sonoraenequipo.com.mx\/"},{"@type":"ListItem","position":2,"name":"Avanza construcci\u00f3n de segunda etapa del Centro Estatal de Identificaci\u00f3n Gen\u00e9tica y Pante\u00f3n Forense"}]},{"@type":"WebSite","@id":"https:\/\/www.sonoraenequipo.com.mx\/#website","url":"https:\/\/www.sonoraenequipo.com.mx\/","name":"Sonora en Equipo.","description":"Diario en l\u00ednea con Noticias desde Hermosillo, Sonora","publisher":{"@id":"https:\/\/www.sonoraenequipo.com.mx\/#organization"},"potentialAction":[{"@type":"SearchAction","target":{"@type":"EntryPoint","urlTemplate":"https:\/\/www.sonoraenequipo.com.mx\/?s={search_term_string}"},"query-input":{"@type":"PropertyValueSpecification","valueRequired":true,"valueName":"search_term_string"}}],"inLanguage":"es"},{"@type":"Organization","@id":"https:\/\/www.sonoraenequipo.com.mx\/#organization","name":"Sonoraenequipo.com.mx","url":"https:\/\/www.sonoraenequipo.com.mx\/","logo":{"@type":"ImageObject","inLanguage":"es","@id":"https:\/\/www.sonoraenequipo.com.mx\/#\/schema\/logo\/image\/","url":"https:\/\/www.sonoraenequipo.com.mx\/storage\/2019\/01\/sonoraenequipo_opt.png","contentUrl":"https:\/\/www.sonoraenequipo.com.mx\/storage\/2019\/01\/sonoraenequipo_opt.png","width":375,"height":125,"caption":"Sonoraenequipo.com.mx"},"image":{"@id":"https:\/\/www.sonoraenequipo.com.mx\/#\/schema\/logo\/image\/"},"sameAs":["https:\/\/www.facebook.com\/SonoraEE\/","https:\/\/x.com\/sonoraenequipo","https:\/\/www.youtube.com\/channel\/UC338nW-lPEYmJQs4ZABQ1SQ"]},{"@type":"Person","@id":"https:\/\/www.sonoraenequipo.com.mx\/#\/schema\/person\/50102df0fb23a8fa9e8effad8fa81386","name":"enequipo","image":{"@type":"ImageObject","inLanguage":"es","@id":"https:\/\/www.sonoraenequipo.com.mx\/#\/schema\/person\/image\/","url":"https:\/\/secure.gravatar.com\/avatar\/049821681b589dabc0bc20695993ccebb09f5b5d4d790cd9251b97faac7c652b?s=96&d=blank&r=g","contentUrl":"https:\/\/secure.gravatar.com\/avatar\/049821681b589dabc0bc20695993ccebb09f5b5d4d790cd9251b97faac7c652b?s=96&d=blank&r=g","caption":"enequipo"},"sameAs":["https:\/\/www.facebook.com\/SonoraEE"]}]}},"jetpack_featured_media_url":"https:\/\/www.sonoraenequipo.com.mx\/storage\/2024\/04\/panteon.jpg","_links":{"self":[{"href":"https:\/\/www.sonoraenequipo.com.mx\/api\/wp\/v2\/posts\/187597","targetHints":{"allow":["GET"]}}],"collection":[{"href":"https:\/\/www.sonoraenequipo.com.mx\/api\/wp\/v2\/posts"}],"about":[{"href":"https:\/\/www.sonoraenequipo.com.mx\/api\/wp\/v2\/types\/post"}],"author":[{"embeddable":true,"href":"https:\/\/www.sonoraenequipo.com.mx\/api\/wp\/v2\/users\/1"}],"replies":[{"embeddable":true,"href":"https:\/\/www.sonoraenequipo.com.mx\/api\/wp\/v2\/comments?post=187597"}],"version-history":[{"count":1,"href":"https:\/\/www.sonoraenequipo.com.mx\/api\/wp\/v2\/posts\/187597\/revisions"}],"predecessor-version":[{"id":187599,"href":"https:\/\/www.sonoraenequipo.com.mx\/api\/wp\/v2\/posts\/187597\/revisions\/187599"}],"wp:featuredmedia":[{"embeddable":true,"href":"https:\/\/www.sonoraenequipo.com.mx\/api\/wp\/v2\/media\/187598"}],"wp:attachment":[{"href":"https:\/\/www.sonoraenequipo.com.mx\/api\/wp\/v2\/media?parent=187597"}],"wp:term":[{"taxonomy":"category","embeddable":true,"href":"https:\/\/www.sonoraenequipo.com.mx\/api\/wp\/v2\/categories?post=187597"},{"taxonomy":"post_tag","embeddable":true,"href":"https:\/\/www.sonoraenequipo.com.mx\/api\/wp\/v2\/tags?post=187597"}],"curies":[{"name":"wp","href":"https:\/\/api.w.org\/{rel}","templated":true}]}}