{"id":187639,"date":"2024-04-16T09:04:46","date_gmt":"2024-04-16T16:04:46","guid":{"rendered":"https:\/\/www.sonoraenequipo.com.mx\/?p=187639"},"modified":"2024-04-16T12:04:45","modified_gmt":"2024-04-16T19:04:45","slug":"gobierno-de-mexico-presenta-informe-de-seguridad-al-corte-de-marzo","status":"publish","type":"post","link":"https:\/\/www.sonoraenequipo.com.mx\/gobierno-de-mexico-presenta-informe-de-seguridad-al-corte-de-marzo\/","title":{"rendered":"Gobierno de M\u00e9xico presenta informe de seguridad al corte de marzo"},"content":{"rendered":"<p><strong>CIUDAD DE M\u00c9XICO. MX. \u2014<\/strong> 26El presidente Andr\u00e9s Manuel L\u00f3pez Obrador encabez\u00f3 este martes el informe del Gabinete de Seguridad al corte de marzo. Datos del Secretariado Ejecutivo del Sistema Nacional de Seguridad P\u00fablica reportan que ese mes registr\u00f3 la disminuci\u00f3n de 21.4 por ciento en homicidios dolosos a nivel nacional.<\/p>\n<p>&nbsp;<\/p>\n<p> <br \/>\nLa secretaria de Seguridad y Protecci\u00f3n Ciudadana (SSPC), Rosa Icela Rodr\u00edguez Vel\u00e1zquez, detall\u00f3 que el promedio diario de v\u00edctimas de homicidio doloso se redujo a 79 hechos el mes pasado. El n\u00famero de homicidios dolosos en los 50 municipios prioritarios del pa\u00eds disminuy\u00f3 23 por ciento.<\/p>\n<p>&nbsp;<\/p>\n<p>&nbsp;<\/p>\n<p>Guanajuato, Estado de M\u00e9xico, Baja California, Chihuahua, Jalisco y Michoac\u00e1n concentraron el 46.9 por ciento del homicidio doloso; las dem\u00e1s entidades federativas reportaron tendencia a la baja.<\/p>\n<p>&nbsp;<\/p>\n<p>&nbsp;<\/p>\n<p>En marzo, el secuestro tuvo 82 por ciento menos v\u00edctimas, mientras que el feminicidio baj\u00f3 29.7 por ciento, indic\u00f3 la titular de SSPC en conferencia de prensa matutina.<\/p>\n<p>&nbsp;<\/p>\n<p>&nbsp;<\/p>\n<p>El robo de veh\u00edculo automotor decreci\u00f3 49.3 por ciento en marzo y el robo total fue a la baja con 31.2 por ciento, de acuerdo con la informaci\u00f3n recabada de las 32 fiscal\u00edas estatales. El robo de combustible disminuy\u00f3 94.2 por ciento.<\/p>\n<p>&nbsp;<\/p>\n<p>&nbsp;<\/p>\n<p>Los delitos del fuero com\u00fan se redujeron, particularmente en el robo de ganado, robo en transporte p\u00fablico colectivo, robo a casa habitaci\u00f3n, robo a transportista, robo en transporte p\u00fablico individual y robo a transe\u00fante. Los robos a negocio y en transporte individual son atendidos mediante la coordinaci\u00f3n con autoridades estatales.<\/p>\n<p>&nbsp;<\/p>\n<p>&nbsp;<\/p>\n<p>En tanto, los delitos correspondientes al fuero federal mantuvieron una disminuci\u00f3n del 28.2 por ciento en el mes pasado; la incidencia baj\u00f3 en delitos financieros, contra la salud y relacionados con armas de fuego y explosivos. La federaci\u00f3n atiende el aumento en il\u00edcitos fiscales y de delincuencia organizada, asegur\u00f3 la funcionaria.<\/p>\n<p>&nbsp;<\/p>\n<p>&nbsp;<\/p>\n<p>Con el objetivo de garantizar la seguridad en carreteras del pa\u00eds la Guardia Nacional mantiene permanentemente tareas de vigilancia y prevenci\u00f3n del delito de robo al autotransporte de carga en 50 mil 38 kil\u00f3metros a partir de un despliegue de 7 mil 190 elementos y 4 mil 602 veh\u00edculos, dio a conocer el comandante de la Guardia Nacional, David C\u00f3rdova Campos.<\/p>\n<p>&nbsp;<\/p>\n<p>&nbsp;<\/p>\n<p>En el informe conjunto de seguridad del 2 al 15 de abril explic\u00f3 que la corporaci\u00f3n refuerza los operativos en Estado de M\u00e9xico, Guanajuato, Guerrero, Jalisco, Michoac\u00e1n, Morelos, Nuevo Le\u00f3n, Oaxaca, Puebla, Quer\u00e9taro, San Luis Potos\u00ed y Tlaxcala.<\/p>\n<p>&nbsp;<\/p>\n<p>&nbsp;<\/p>\n<p>El secretario de Marina, Jos\u00e9 Rafael Ojeda Dur\u00e1n, destac\u00f3 que el pa\u00eds tiene una fuerza total de 281 mil 209 elementos del Ej\u00e9rcito y Fuerza A\u00e9rea Mexicana, de la Secretar\u00eda de Marina y de la Guardia Nacional, quienes cumplen 15 misiones.<\/p>\n<p>&nbsp;<\/p>\n<p>&nbsp;<\/p>\n<p>Entre las principales labores encomendadas resaltan la Estrategia Nacional de Seguridad, el fortalecimiento de aduanas y puertos, la vigilancia del territorio y espacio a\u00e9reo nacional y la erradicaci\u00f3n intensiva de plant\u00edos il\u00edcitos.<\/p>\n<p>&nbsp;<\/p>\n<p>&nbsp;<\/p>\n<p>El titular de Marina resalt\u00f3 la detenci\u00f3n de generadores de violencia, los aseguramientos de armas de fuego, cargadores, granadas, cartuchos, drogas qu\u00edmicas, entre ellas, fentanilo, metanfetamina y coca\u00edna, el decomiso de moneda nacional y d\u00f3lares americanos.<\/p>\n<p>&nbsp;<\/p>\n<p>&nbsp;<\/p>\n<p>Asistieron al reporte de seguridad: la secretaria de Gobernaci\u00f3n, Luisa Mar\u00eda Alcalde Luj\u00e1n; el secretario de la Defensa Nacional, Luis Cresencio Sandoval Gonz\u00e1lez y el subsecretario de Seguridad P\u00fablica de la SSPC, Luis Rodr\u00edguez Bucio.<\/p>\n<p>&nbsp;<\/p>\n<p>&nbsp;<\/p>\n<p>PUBLICADO EL 16 DE ABRIL DE 2024\/ Con informaci\u00f3n de conferencia matutina presidencial)<\/p>\n","protected":false},"excerpt":{"rendered":"<p>CIUDAD DE M\u00c9XICO. MX. \u2014 26El presidente Andr\u00e9s Manuel L\u00f3pez Obrador encabez\u00f3 este martes el&#8230;<\/p>\n","protected":false},"author":1,"featured_media":187640,"comment_status":"open","ping_status":"open","sticky":false,"template":"","format":"standard","meta":{"_monsterinsights_skip_tracking":false,"_monsterinsights_sitenote_active":false,"_monsterinsights_sitenote_note":"","_monsterinsights_sitenote_category":0,"footnotes":""},"categories":[5],"tags":[],"class_list":["post"],"yoast_head":" \n<title>Sonora en Equipo. Gobierno de M\u00e9xico presenta informe de seguridad al corte de marzo Rep\u00fablica<\/title>\n<meta name=\"description\" content=\"CIUDAD DE M\u00c9XICO. MX. \u2014 26El presidente Andr\u00e9s Manuel L\u00f3pez Obrador encabez\u00f3 este martes el informe del Gabinete de Seguridad al corte de marzo. Datos del En Sonora en Equipo publicamos toda la informaci\u00f3n de Sonora, M\u00e9xico y el Mundo de manera oportuna y busca que la libertad de expresi\u00f3n sea real. Visita nuestro medio informativo publicado desde Hermosillo, Sonora. %\" \/>\n<meta name=\"robots\" content=\"index, follow, max-snippet:-1, max-image-preview:large, max-video-preview:-1\" \/>\n<link rel=\"canonical\" href=\"https:\/\/www.sonoraenequipo.com.mx\/gobierno-de-mexico-presenta-informe-de-seguridad-al-corte-de-marzo\/\" \/>\n<meta property=\"og:locale\" content=\"es_ES\" \/>\n<meta property=\"og:type\" content=\"article\" \/>\n<meta property=\"og:title\" content=\"Sonora en Equipo. Gobierno de M\u00e9xico presenta informe de seguridad al corte de marzo Rep\u00fablica\" \/>\n<meta property=\"og:description\" content=\"CIUDAD DE M\u00c9XICO. MX. \u2014 26El presidente Andr\u00e9s Manuel L\u00f3pez Obrador encabez\u00f3 este martes el informe del Gabinete de Seguridad al corte de marzo. Datos del En Sonora en Equipo publicamos toda la informaci\u00f3n de Sonora, M\u00e9xico y el Mundo de manera oportuna y busca que la libertad de expresi\u00f3n sea real. Visita nuestro medio informativo publicado desde Hermosillo, Sonora. %\" \/>\n<meta property=\"og:url\" content=\"https:\/\/www.sonoraenequipo.com.mx\/gobierno-de-mexico-presenta-informe-de-seguridad-al-corte-de-marzo\/\" \/>\n<meta property=\"og:site_name\" content=\"Sonora en Equipo.\" \/>\n<meta property=\"article:publisher\" content=\"https:\/\/www.facebook.com\/SonoraEE\/\" \/>\n<meta property=\"article:author\" content=\"https:\/\/www.facebook.com\/SonoraEE\" \/>\n<meta property=\"article:published_time\" content=\"2024-04-16T16:04:46+00:00\" \/>\n<meta property=\"article:modified_time\" content=\"2024-04-16T19:04:45+00:00\" \/>\n<meta property=\"og:image\" content=\"https:\/\/www.sonoraenequipo.com.mx\/storage\/2024\/04\/2024-04-16-Conferencia-de-prensa-min.jpg\" \/>\n\t<meta property=\"og:image:width\" content=\"898\" \/>\n\t<meta property=\"og:image:height\" content=\"497\" \/>\n\t<meta property=\"og:image:type\" content=\"image\/jpeg\" \/>\n<meta name=\"author\" content=\"enequipo\" \/>\n<meta name=\"twitter:card\" content=\"summary_large_image\" \/>\n<meta name=\"twitter:creator\" content=\"@sonoraenequipo\" \/>\n<meta name=\"twitter:site\" content=\"@sonoraenequipo\" \/>\n<meta name=\"twitter:label1\" content=\"Escrito por\" \/>\n\t<meta name=\"twitter:data1\" content=\"enequipo\" \/>\n\t<meta name=\"twitter:label2\" content=\"Tiempo de lectura\" \/>\n\t<meta name=\"twitter:data2\" content=\"3 minutos\" \/>\n<script type=\"application\/ld+json\" class=\"yoast-schema-graph\">{\"@context\":\"https:\/\/schema.org\",\"@graph\":[{\"@type\":\"Article\",\"@id\":\"https:\/\/www.sonoraenequipo.com.mx\/gobierno-de-mexico-presenta-informe-de-seguridad-al-corte-de-marzo\/#article\",\"isPartOf\":{\"@id\":\"https:\/\/www.sonoraenequipo.com.mx\/gobierno-de-mexico-presenta-informe-de-seguridad-al-corte-de-marzo\/\"},\"author\":{\"name\":\"enequipo\",\"@id\":\"https:\/\/www.sonoraenequipo.com.mx\/#\/schema\/person\/50102df0fb23a8fa9e8effad8fa81386\"},\"headline\":\"Gobierno de M\u00e9xico presenta informe de seguridad al corte de marzo\",\"datePublished\":\"2024-04-16T16:04:46+00:00\",\"dateModified\":\"2024-04-16T19:04:45+00:00\",\"mainEntityOfPage\":{\"@id\":\"https:\/\/www.sonoraenequipo.com.mx\/gobierno-de-mexico-presenta-informe-de-seguridad-al-corte-de-marzo\/\"},\"wordCount\":619,\"commentCount\":0,\"publisher\":{\"@id\":\"https:\/\/www.sonoraenequipo.com.mx\/#organization\"},\"image\":{\"@id\":\"https:\/\/www.sonoraenequipo.com.mx\/gobierno-de-mexico-presenta-informe-de-seguridad-al-corte-de-marzo\/#primaryimage\"},\"thumbnailUrl\":\"https:\/\/www.sonoraenequipo.com.mx\/storage\/2024\/04\/2024-04-16-Conferencia-de-prensa-min.jpg\",\"articleSection\":[\"Rep\u00fablica\"],\"inLanguage\":\"es\",\"potentialAction\":[{\"@type\":\"CommentAction\",\"name\":\"Comment\",\"target\":[\"https:\/\/www.sonoraenequipo.com.mx\/gobierno-de-mexico-presenta-informe-de-seguridad-al-corte-de-marzo\/#respond\"]}]},{\"@type\":\"WebPage\",\"@id\":\"https:\/\/www.sonoraenequipo.com.mx\/gobierno-de-mexico-presenta-informe-de-seguridad-al-corte-de-marzo\/\",\"url\":\"https:\/\/www.sonoraenequipo.com.mx\/gobierno-de-mexico-presenta-informe-de-seguridad-al-corte-de-marzo\/\",\"name\":\"Sonora en Equipo. Gobierno de M\u00e9xico presenta informe de seguridad al corte de marzo Rep\u00fablica\",\"isPartOf\":{\"@id\":\"https:\/\/www.sonoraenequipo.com.mx\/#website\"},\"primaryImageOfPage\":{\"@id\":\"https:\/\/www.sonoraenequipo.com.mx\/gobierno-de-mexico-presenta-informe-de-seguridad-al-corte-de-marzo\/#primaryimage\"},\"image\":{\"@id\":\"https:\/\/www.sonoraenequipo.com.mx\/gobierno-de-mexico-presenta-informe-de-seguridad-al-corte-de-marzo\/#primaryimage\"},\"thumbnailUrl\":\"https:\/\/www.sonoraenequipo.com.mx\/storage\/2024\/04\/2024-04-16-Conferencia-de-prensa-min.jpg\",\"datePublished\":\"2024-04-16T16:04:46+00:00\",\"dateModified\":\"2024-04-16T19:04:45+00:00\",\"description\":\"CIUDAD DE M\u00c9XICO. MX. \u2014 26El presidente Andr\u00e9s Manuel L\u00f3pez Obrador encabez\u00f3 este martes el informe del Gabinete de Seguridad al corte de marzo. Datos del En Sonora en Equipo publicamos toda la informaci\u00f3n de Sonora, M\u00e9xico y el Mundo de manera oportuna y busca que la libertad de expresi\u00f3n sea real. Visita nuestro medio informativo publicado desde Hermosillo, Sonora. %\",\"breadcrumb\":{\"@id\":\"https:\/\/www.sonoraenequipo.com.mx\/gobierno-de-mexico-presenta-informe-de-seguridad-al-corte-de-marzo\/#breadcrumb\"},\"inLanguage\":\"es\",\"potentialAction\":[{\"@type\":\"ReadAction\",\"target\":[\"https:\/\/www.sonoraenequipo.com.mx\/gobierno-de-mexico-presenta-informe-de-seguridad-al-corte-de-marzo\/\"]}]},{\"@type\":\"ImageObject\",\"inLanguage\":\"es\",\"@id\":\"https:\/\/www.sonoraenequipo.com.mx\/gobierno-de-mexico-presenta-informe-de-seguridad-al-corte-de-marzo\/#primaryimage\",\"url\":\"https:\/\/www.sonoraenequipo.com.mx\/storage\/2024\/04\/2024-04-16-Conferencia-de-prensa-min.jpg\",\"contentUrl\":\"https:\/\/www.sonoraenequipo.com.mx\/storage\/2024\/04\/2024-04-16-Conferencia-de-prensa-min.jpg\",\"width\":898,\"height\":497},{\"@type\":\"BreadcrumbList\",\"@id\":\"https:\/\/www.sonoraenequipo.com.mx\/gobierno-de-mexico-presenta-informe-de-seguridad-al-corte-de-marzo\/#breadcrumb\",\"itemListElement\":[{\"@type\":\"ListItem\",\"position\":1,\"name\":\"Portada\",\"item\":\"https:\/\/www.sonoraenequipo.com.mx\/\"},{\"@type\":\"ListItem\",\"position\":2,\"name\":\"Gobierno de M\u00e9xico presenta informe de seguridad al corte de marzo\"}]},{\"@type\":\"WebSite\",\"@id\":\"https:\/\/www.sonoraenequipo.com.mx\/#website\",\"url\":\"https:\/\/www.sonoraenequipo.com.mx\/\",\"name\":\"Sonora en Equipo.\",\"description\":\"Diario en l\u00ednea con Noticias desde Hermosillo, Sonora\",\"publisher\":{\"@id\":\"https:\/\/www.sonoraenequipo.com.mx\/#organization\"},\"potentialAction\":[{\"@type\":\"SearchAction\",\"target\":{\"@type\":\"EntryPoint\",\"urlTemplate\":\"https:\/\/www.sonoraenequipo.com.mx\/?s={search_term_string}\"},\"query-input\":{\"@type\":\"PropertyValueSpecification\",\"valueRequired\":true,\"valueName\":\"search_term_string\"}}],\"inLanguage\":\"es\"},{\"@type\":\"Organization\",\"@id\":\"https:\/\/www.sonoraenequipo.com.mx\/#organization\",\"name\":\"Sonoraenequipo.com.mx\",\"url\":\"https:\/\/www.sonoraenequipo.com.mx\/\",\"logo\":{\"@type\":\"ImageObject\",\"inLanguage\":\"es\",\"@id\":\"https:\/\/www.sonoraenequipo.com.mx\/#\/schema\/logo\/image\/\",\"url\":\"https:\/\/www.sonoraenequipo.com.mx\/storage\/2019\/01\/sonoraenequipo_opt.png\",\"contentUrl\":\"https:\/\/www.sonoraenequipo.com.mx\/storage\/2019\/01\/sonoraenequipo_opt.png\",\"width\":375,\"height\":125,\"caption\":\"Sonoraenequipo.com.mx\"},\"image\":{\"@id\":\"https:\/\/www.sonoraenequipo.com.mx\/#\/schema\/logo\/image\/\"},\"sameAs\":[\"https:\/\/www.facebook.com\/SonoraEE\/\",\"https:\/\/x.com\/sonoraenequipo\",\"https:\/\/www.youtube.com\/channel\/UC338nW-lPEYmJQs4ZABQ1SQ\"]},{\"@type\":\"Person\",\"@id\":\"https:\/\/www.sonoraenequipo.com.mx\/#\/schema\/person\/50102df0fb23a8fa9e8effad8fa81386\",\"name\":\"enequipo\",\"image\":{\"@type\":\"ImageObject\",\"inLanguage\":\"es\",\"@id\":\"https:\/\/www.sonoraenequipo.com.mx\/#\/schema\/person\/image\/\",\"url\":\"https:\/\/secure.gravatar.com\/avatar\/049821681b589dabc0bc20695993ccebb09f5b5d4d790cd9251b97faac7c652b?s=96&d=blank&r=g\",\"contentUrl\":\"https:\/\/secure.gravatar.com\/avatar\/049821681b589dabc0bc20695993ccebb09f5b5d4d790cd9251b97faac7c652b?s=96&d=blank&r=g\",\"caption\":\"enequipo\"},\"sameAs\":[\"https:\/\/www.facebook.com\/SonoraEE\"]}]}<\/script>\n ","yoast_head_json":{"title":"Sonora en Equipo. Gobierno de M\u00e9xico presenta informe de seguridad al corte de marzo Rep\u00fablica","description":"CIUDAD DE M\u00c9XICO. MX. \u2014 26El presidente Andr\u00e9s Manuel L\u00f3pez Obrador encabez\u00f3 este martes el informe del Gabinete de Seguridad al corte de marzo. Datos del En Sonora en Equipo publicamos toda la informaci\u00f3n de Sonora, M\u00e9xico y el Mundo de manera oportuna y busca que la libertad de expresi\u00f3n sea real. Visita nuestro medio informativo publicado desde Hermosillo, Sonora. %","robots":{"index":"index","follow":"follow","max-snippet":"max-snippet:-1","max-image-preview":"max-image-preview:large","max-video-preview":"max-video-preview:-1"},"canonical":"https:\/\/www.sonoraenequipo.com.mx\/gobierno-de-mexico-presenta-informe-de-seguridad-al-corte-de-marzo\/","og_locale":"es_ES","og_type":"article","og_title":"Sonora en Equipo. Gobierno de M\u00e9xico presenta informe de seguridad al corte de marzo Rep\u00fablica","og_description":"CIUDAD DE M\u00c9XICO. MX. \u2014 26El presidente Andr\u00e9s Manuel L\u00f3pez Obrador encabez\u00f3 este martes el informe del Gabinete de Seguridad al corte de marzo. Datos del En Sonora en Equipo publicamos toda la informaci\u00f3n de Sonora, M\u00e9xico y el Mundo de manera oportuna y busca que la libertad de expresi\u00f3n sea real. Visita nuestro medio informativo publicado desde Hermosillo, Sonora. %","og_url":"https:\/\/www.sonoraenequipo.com.mx\/gobierno-de-mexico-presenta-informe-de-seguridad-al-corte-de-marzo\/","og_site_name":"Sonora en Equipo.","article_publisher":"https:\/\/www.facebook.com\/SonoraEE\/","article_author":"https:\/\/www.facebook.com\/SonoraEE","article_published_time":"2024-04-16T16:04:46+00:00","article_modified_time":"2024-04-16T19:04:45+00:00","og_image":[{"width":898,"height":497,"url":"https:\/\/www.sonoraenequipo.com.mx\/storage\/2024\/04\/2024-04-16-Conferencia-de-prensa-min.jpg","type":"image\/jpeg"}],"author":"enequipo","twitter_card":"summary_large_image","twitter_creator":"@sonoraenequipo","twitter_site":"@sonoraenequipo","twitter_misc":{"Escrito por":"enequipo","Tiempo de lectura":"3 minutos"},"schema":{"@context":"https:\/\/schema.org","@graph":[{"@type":"Article","@id":"https:\/\/www.sonoraenequipo.com.mx\/gobierno-de-mexico-presenta-informe-de-seguridad-al-corte-de-marzo\/#article","isPartOf":{"@id":"https:\/\/www.sonoraenequipo.com.mx\/gobierno-de-mexico-presenta-informe-de-seguridad-al-corte-de-marzo\/"},"author":{"name":"enequipo","@id":"https:\/\/www.sonoraenequipo.com.mx\/#\/schema\/person\/50102df0fb23a8fa9e8effad8fa81386"},"headline":"Gobierno de M\u00e9xico presenta informe de seguridad al corte de marzo","datePublished":"2024-04-16T16:04:46+00:00","dateModified":"2024-04-16T19:04:45+00:00","mainEntityOfPage":{"@id":"https:\/\/www.sonoraenequipo.com.mx\/gobierno-de-mexico-presenta-informe-de-seguridad-al-corte-de-marzo\/"},"wordCount":619,"commentCount":0,"publisher":{"@id":"https:\/\/www.sonoraenequipo.com.mx\/#organization"},"image":{"@id":"https:\/\/www.sonoraenequipo.com.mx\/gobierno-de-mexico-presenta-informe-de-seguridad-al-corte-de-marzo\/#primaryimage"},"thumbnailUrl":"https:\/\/www.sonoraenequipo.com.mx\/storage\/2024\/04\/2024-04-16-Conferencia-de-prensa-min.jpg","articleSection":["Rep\u00fablica"],"inLanguage":"es","potentialAction":[{"@type":"CommentAction","name":"Comment","target":["https:\/\/www.sonoraenequipo.com.mx\/gobierno-de-mexico-presenta-informe-de-seguridad-al-corte-de-marzo\/#respond"]}]},{"@type":"WebPage","@id":"https:\/\/www.sonoraenequipo.com.mx\/gobierno-de-mexico-presenta-informe-de-seguridad-al-corte-de-marzo\/","url":"https:\/\/www.sonoraenequipo.com.mx\/gobierno-de-mexico-presenta-informe-de-seguridad-al-corte-de-marzo\/","name":"Sonora en Equipo. Gobierno de M\u00e9xico presenta informe de seguridad al corte de marzo Rep\u00fablica","isPartOf":{"@id":"https:\/\/www.sonoraenequipo.com.mx\/#website"},"primaryImageOfPage":{"@id":"https:\/\/www.sonoraenequipo.com.mx\/gobierno-de-mexico-presenta-informe-de-seguridad-al-corte-de-marzo\/#primaryimage"},"image":{"@id":"https:\/\/www.sonoraenequipo.com.mx\/gobierno-de-mexico-presenta-informe-de-seguridad-al-corte-de-marzo\/#primaryimage"},"thumbnailUrl":"https:\/\/www.sonoraenequipo.com.mx\/storage\/2024\/04\/2024-04-16-Conferencia-de-prensa-min.jpg","datePublished":"2024-04-16T16:04:46+00:00","dateModified":"2024-04-16T19:04:45+00:00","description":"CIUDAD DE M\u00c9XICO. MX. \u2014 26El presidente Andr\u00e9s Manuel L\u00f3pez Obrador encabez\u00f3 este martes el informe del Gabinete de Seguridad al corte de marzo. Datos del En Sonora en Equipo publicamos toda la informaci\u00f3n de Sonora, M\u00e9xico y el Mundo de manera oportuna y busca que la libertad de expresi\u00f3n sea real. Visita nuestro medio informativo publicado desde Hermosillo, Sonora. %","breadcrumb":{"@id":"https:\/\/www.sonoraenequipo.com.mx\/gobierno-de-mexico-presenta-informe-de-seguridad-al-corte-de-marzo\/#breadcrumb"},"inLanguage":"es","potentialAction":[{"@type":"ReadAction","target":["https:\/\/www.sonoraenequipo.com.mx\/gobierno-de-mexico-presenta-informe-de-seguridad-al-corte-de-marzo\/"]}]},{"@type":"ImageObject","inLanguage":"es","@id":"https:\/\/www.sonoraenequipo.com.mx\/gobierno-de-mexico-presenta-informe-de-seguridad-al-corte-de-marzo\/#primaryimage","url":"https:\/\/www.sonoraenequipo.com.mx\/storage\/2024\/04\/2024-04-16-Conferencia-de-prensa-min.jpg","contentUrl":"https:\/\/www.sonoraenequipo.com.mx\/storage\/2024\/04\/2024-04-16-Conferencia-de-prensa-min.jpg","width":898,"height":497},{"@type":"BreadcrumbList","@id":"https:\/\/www.sonoraenequipo.com.mx\/gobierno-de-mexico-presenta-informe-de-seguridad-al-corte-de-marzo\/#breadcrumb","itemListElement":[{"@type":"ListItem","position":1,"name":"Portada","item":"https:\/\/www.sonoraenequipo.com.mx\/"},{"@type":"ListItem","position":2,"name":"Gobierno de M\u00e9xico presenta informe de seguridad al corte de marzo"}]},{"@type":"WebSite","@id":"https:\/\/www.sonoraenequipo.com.mx\/#website","url":"https:\/\/www.sonoraenequipo.com.mx\/","name":"Sonora en Equipo.","description":"Diario en l\u00ednea con Noticias desde Hermosillo, Sonora","publisher":{"@id":"https:\/\/www.sonoraenequipo.com.mx\/#organization"},"potentialAction":[{"@type":"SearchAction","target":{"@type":"EntryPoint","urlTemplate":"https:\/\/www.sonoraenequipo.com.mx\/?s={search_term_string}"},"query-input":{"@type":"PropertyValueSpecification","valueRequired":true,"valueName":"search_term_string"}}],"inLanguage":"es"},{"@type":"Organization","@id":"https:\/\/www.sonoraenequipo.com.mx\/#organization","name":"Sonoraenequipo.com.mx","url":"https:\/\/www.sonoraenequipo.com.mx\/","logo":{"@type":"ImageObject","inLanguage":"es","@id":"https:\/\/www.sonoraenequipo.com.mx\/#\/schema\/logo\/image\/","url":"https:\/\/www.sonoraenequipo.com.mx\/storage\/2019\/01\/sonoraenequipo_opt.png","contentUrl":"https:\/\/www.sonoraenequipo.com.mx\/storage\/2019\/01\/sonoraenequipo_opt.png","width":375,"height":125,"caption":"Sonoraenequipo.com.mx"},"image":{"@id":"https:\/\/www.sonoraenequipo.com.mx\/#\/schema\/logo\/image\/"},"sameAs":["https:\/\/www.facebook.com\/SonoraEE\/","https:\/\/x.com\/sonoraenequipo","https:\/\/www.youtube.com\/channel\/UC338nW-lPEYmJQs4ZABQ1SQ"]},{"@type":"Person","@id":"https:\/\/www.sonoraenequipo.com.mx\/#\/schema\/person\/50102df0fb23a8fa9e8effad8fa81386","name":"enequipo","image":{"@type":"ImageObject","inLanguage":"es","@id":"https:\/\/www.sonoraenequipo.com.mx\/#\/schema\/person\/image\/","url":"https:\/\/secure.gravatar.com\/avatar\/049821681b589dabc0bc20695993ccebb09f5b5d4d790cd9251b97faac7c652b?s=96&d=blank&r=g","contentUrl":"https:\/\/secure.gravatar.com\/avatar\/049821681b589dabc0bc20695993ccebb09f5b5d4d790cd9251b97faac7c652b?s=96&d=blank&r=g","caption":"enequipo"},"sameAs":["https:\/\/www.facebook.com\/SonoraEE"]}]}},"jetpack_featured_media_url":"https:\/\/www.sonoraenequipo.com.mx\/storage\/2024\/04\/2024-04-16-Conferencia-de-prensa-min.jpg","_links":{"self":[{"href":"https:\/\/www.sonoraenequipo.com.mx\/api\/wp\/v2\/posts\/187639","targetHints":{"allow":["GET"]}}],"collection":[{"href":"https:\/\/www.sonoraenequipo.com.mx\/api\/wp\/v2\/posts"}],"about":[{"href":"https:\/\/www.sonoraenequipo.com.mx\/api\/wp\/v2\/types\/post"}],"author":[{"embeddable":true,"href":"https:\/\/www.sonoraenequipo.com.mx\/api\/wp\/v2\/users\/1"}],"replies":[{"embeddable":true,"href":"https:\/\/www.sonoraenequipo.com.mx\/api\/wp\/v2\/comments?post=187639"}],"version-history":[{"count":1,"href":"https:\/\/www.sonoraenequipo.com.mx\/api\/wp\/v2\/posts\/187639\/revisions"}],"predecessor-version":[{"id":187641,"href":"https:\/\/www.sonoraenequipo.com.mx\/api\/wp\/v2\/posts\/187639\/revisions\/187641"}],"wp:featuredmedia":[{"embeddable":true,"href":"https:\/\/www.sonoraenequipo.com.mx\/api\/wp\/v2\/media\/187640"}],"wp:attachment":[{"href":"https:\/\/www.sonoraenequipo.com.mx\/api\/wp\/v2\/media?parent=187639"}],"wp:term":[{"taxonomy":"category","embeddable":true,"href":"https:\/\/www.sonoraenequipo.com.mx\/api\/wp\/v2\/categories?post=187639"},{"taxonomy":"post_tag","embeddable":true,"href":"https:\/\/www.sonoraenequipo.com.mx\/api\/wp\/v2\/tags?post=187639"}],"curies":[{"name":"wp","href":"https:\/\/api.w.org\/{rel}","templated":true}]}}