{"id":187649,"date":"2024-04-16T12:31:46","date_gmt":"2024-04-16T19:31:46","guid":{"rendered":"https:\/\/www.sonoraenequipo.com.mx\/?p=187649"},"modified":"2024-04-16T12:34:40","modified_gmt":"2024-04-16T19:34:40","slug":"nahuel-guzman-podria-recibir-fuerte-sancion-por-usar-laser-para-molestar-a-portero-de-rayados-en-clasico-regio","status":"publish","type":"post","link":"https:\/\/www.sonoraenequipo.com.mx\/nahuel-guzman-podria-recibir-fuerte-sancion-por-usar-laser-para-molestar-a-portero-de-rayados-en-clasico-regio\/","title":{"rendered":"Nahuel Guzm\u00e1n podr\u00eda recibir fuerte sanci\u00f3n por usar l\u00e1ser para molestar a portero de Rayados en cl\u00e1sico regio"},"content":{"rendered":"<p>El nombre de Nahuel Guzm\u00e1n ha sido uno de los m\u00e1s pronunciados durante los \u00faltimos d\u00edas, luego de la pol\u00e9mica en la que se meti\u00f3 el mismo, durante el Cl\u00e1sico Regio entre Rayados de Monterrey y Tigres, que se disput\u00f3 el pasado fin de semana en el Estadio BBVA. De la ciudad de Monterrey<\/p>\n<p>&nbsp;<\/p>\n<p>El arquero felino se encuentra lesionado actualmente, por lo que acudi\u00f3 al Gigante de Acero a apoyar a Tigres desde las gradas, y fue ah\u00ed en donde ocup\u00f3 un l\u00e1ser para molestar a Esteban Andrada, portero de los Rayados del Monterrey, acci\u00f3n que no pas\u00f3 por desapercibida.<\/p>\n<p>Si bien Nahuel ya ofreci\u00f3 disculpas p\u00fablicas y Tigres se pronunci\u00f3 al respecto, dicho acontecimiento no pas\u00f3 tampoco por desapercibido por la Comisi\u00f3n Disciplinaria, que abri\u00f3 una investigaci\u00f3n sobre el arquero argentino, quien seguramente ser\u00e1 castigado.<\/p>\n<p>&nbsp;<\/p>\n<p>La dura sanci\u00f3n que podr\u00eda recibir Nahuel Guzm\u00e1n<\/p>\n<p>De acuerdo con la informaci\u00f3n de Francisco Arredondo en su columna para TUDN, la Federaci\u00f3n Mexicana de Futbol analiza la sanci\u00f3n que le impondr\u00edan al arquero argentino, la cual no ser\u00e1 \u00fanicamente econ\u00f3mica, sino que tambi\u00e9n deber\u00e1 pagar con una serie de partidos de suspensi\u00f3n.<\/p>\n<p>&nbsp;<\/p>\n<p>La fuente se\u00f1ala que la multa econ\u00f3mica podr\u00eda ir desde los 32 mil 571 pesos, hasta los 434 mil 289 pesos, mismos que se le cobrar\u00e1n directamente a Tigres y depender\u00e1 de ellos si decide cobr\u00e1rselos a Nahuel Guzm\u00e1n o saldr\u00e1 directamente del bolsillo del equipo.<\/p>\n<p>En cuanto a partidos de suspensi\u00f3n, podr\u00eda afrontar hasta cuatro encuentros, aunque es importante mencionar que el argentino se encuentra lesionado, raz\u00f3n por la que no ha estado dentro del campo y no lo estar\u00e1 por lo que resta del actual certamen futbol\u00edstico.<\/p>\n<p>\u00bfQu\u00e9 dijo Tigres al respecto?<\/p>\n<p>El equipo regiomontano se manifest\u00f3 en redes sociales, luego de las disculpas p\u00fablicas que ofreci\u00f3 su portero. \u201cNos unimos a las disculpas ofrecidas por Nahuel Guzm\u00e1n al Club de Futbol Monterrey y a todos los afectados, ya que esas acciones no representan los valores de esta instituci\u00f3n\u201d.<\/p>\n<p><strong>Fecha de publicaci\u00f3n martes 16 de abril de 2024<\/strong><\/p>\n","protected":false},"excerpt":{"rendered":"<p>El nombre de Nahuel Guzm\u00e1n ha sido uno de los m\u00e1s pronunciados durante los \u00faltimos&#8230;<\/p>\n","protected":false},"author":1,"featured_media":187650,"comment_status":"open","ping_status":"open","sticky":false,"template":"","format":"standard","meta":{"_monsterinsights_skip_tracking":false,"_monsterinsights_sitenote_active":false,"_monsterinsights_sitenote_note":"","_monsterinsights_sitenote_category":0,"footnotes":""},"categories":[10],"tags":[9538,9539,564,9537,9536,9540],"class_list":["post"],"yoast_head":" \n<title>Sonora en Equipo. Nahuel Guzm\u00e1n podr\u00eda recibir fuerte sanci\u00f3n por usar l\u00e1ser para molestar a portero de Rayados en cl\u00e1sico regio Deportes<\/title>\n<meta name=\"description\" content=\"El nombre de Nahuel Guzm\u00e1n ha sido uno de los m\u00e1s pronunciados durante los \u00faltimos d\u00edas, luego de la pol\u00e9mica en la que se meti\u00f3 el mismo, durante el En Sonora en Equipo publicamos toda la informaci\u00f3n de Sonora, M\u00e9xico y el Mundo de manera oportuna y busca que la libertad de expresi\u00f3n sea real. Visita nuestro medio informativo publicado desde Hermosillo, Sonora. %\" \/>\n<meta name=\"robots\" content=\"index, follow, max-snippet:-1, max-image-preview:large, max-video-preview:-1\" \/>\n<link rel=\"canonical\" href=\"https:\/\/www.sonoraenequipo.com.mx\/nahuel-guzman-podria-recibir-fuerte-sancion-por-usar-laser-para-molestar-a-portero-de-rayados-en-clasico-regio\/\" \/>\n<meta property=\"og:locale\" content=\"es_ES\" \/>\n<meta property=\"og:type\" content=\"article\" \/>\n<meta property=\"og:title\" content=\"Sonora en Equipo. Nahuel Guzm\u00e1n podr\u00eda recibir fuerte sanci\u00f3n por usar l\u00e1ser para molestar a portero de Rayados en cl\u00e1sico regio Deportes\" \/>\n<meta property=\"og:description\" content=\"El nombre de Nahuel Guzm\u00e1n ha sido uno de los m\u00e1s pronunciados durante los \u00faltimos d\u00edas, luego de la pol\u00e9mica en la que se meti\u00f3 el mismo, durante el En Sonora en Equipo publicamos toda la informaci\u00f3n de Sonora, M\u00e9xico y el Mundo de manera oportuna y busca que la libertad de expresi\u00f3n sea real. Visita nuestro medio informativo publicado desde Hermosillo, Sonora. %\" \/>\n<meta property=\"og:url\" content=\"https:\/\/www.sonoraenequipo.com.mx\/nahuel-guzman-podria-recibir-fuerte-sancion-por-usar-laser-para-molestar-a-portero-de-rayados-en-clasico-regio\/\" \/>\n<meta property=\"og:site_name\" content=\"Sonora en Equipo.\" \/>\n<meta property=\"article:publisher\" content=\"https:\/\/www.facebook.com\/SonoraEE\/\" \/>\n<meta property=\"article:author\" content=\"https:\/\/www.facebook.com\/SonoraEE\" \/>\n<meta property=\"article:published_time\" content=\"2024-04-16T19:31:46+00:00\" \/>\n<meta property=\"article:modified_time\" content=\"2024-04-16T19:34:40+00:00\" \/>\n<meta property=\"og:image\" content=\"https:\/\/www.sonoraenequipo.com.mx\/storage\/2024\/04\/nahuel.jpg\" \/>\n\t<meta property=\"og:image:width\" content=\"900\" \/>\n\t<meta property=\"og:image:height\" content=\"600\" \/>\n\t<meta property=\"og:image:type\" content=\"image\/jpeg\" \/>\n<meta name=\"author\" content=\"enequipo\" \/>\n<meta name=\"twitter:card\" content=\"summary_large_image\" \/>\n<meta name=\"twitter:creator\" content=\"@sonoraenequipo\" \/>\n<meta name=\"twitter:site\" content=\"@sonoraenequipo\" \/>\n<meta name=\"twitter:label1\" content=\"Escrito por\" \/>\n\t<meta name=\"twitter:data1\" content=\"enequipo\" \/>\n\t<meta name=\"twitter:label2\" content=\"Tiempo de lectura\" \/>\n\t<meta name=\"twitter:data2\" content=\"2 minutos\" \/>\n<script type=\"application\/ld+json\" class=\"yoast-schema-graph\">{\"@context\":\"https:\/\/schema.org\",\"@graph\":[{\"@type\":\"Article\",\"@id\":\"https:\/\/www.sonoraenequipo.com.mx\/nahuel-guzman-podria-recibir-fuerte-sancion-por-usar-laser-para-molestar-a-portero-de-rayados-en-clasico-regio\/#article\",\"isPartOf\":{\"@id\":\"https:\/\/www.sonoraenequipo.com.mx\/nahuel-guzman-podria-recibir-fuerte-sancion-por-usar-laser-para-molestar-a-portero-de-rayados-en-clasico-regio\/\"},\"author\":{\"name\":\"enequipo\",\"@id\":\"https:\/\/www.sonoraenequipo.com.mx\/#\/schema\/person\/50102df0fb23a8fa9e8effad8fa81386\"},\"headline\":\"Nahuel Guzm\u00e1n podr\u00eda recibir fuerte sanci\u00f3n por usar l\u00e1ser para molestar a portero de Rayados en cl\u00e1sico regio\",\"datePublished\":\"2024-04-16T19:31:46+00:00\",\"dateModified\":\"2024-04-16T19:34:40+00:00\",\"mainEntityOfPage\":{\"@id\":\"https:\/\/www.sonoraenequipo.com.mx\/nahuel-guzman-podria-recibir-fuerte-sancion-por-usar-laser-para-molestar-a-portero-de-rayados-en-clasico-regio\/\"},\"wordCount\":394,\"commentCount\":0,\"publisher\":{\"@id\":\"https:\/\/www.sonoraenequipo.com.mx\/#organization\"},\"image\":{\"@id\":\"https:\/\/www.sonoraenequipo.com.mx\/nahuel-guzman-podria-recibir-fuerte-sancion-por-usar-laser-para-molestar-a-portero-de-rayados-en-clasico-regio\/#primaryimage\"},\"thumbnailUrl\":\"https:\/\/www.sonoraenequipo.com.mx\/storage\/2024\/04\/nahuel.jpg\",\"keywords\":[\"andrde\",\"clasico\",\"Guzman\",\"laser\",\"nahuel\",\"regio\"],\"articleSection\":[\"Deportes\"],\"inLanguage\":\"es\",\"potentialAction\":[{\"@type\":\"CommentAction\",\"name\":\"Comment\",\"target\":[\"https:\/\/www.sonoraenequipo.com.mx\/nahuel-guzman-podria-recibir-fuerte-sancion-por-usar-laser-para-molestar-a-portero-de-rayados-en-clasico-regio\/#respond\"]}]},{\"@type\":\"WebPage\",\"@id\":\"https:\/\/www.sonoraenequipo.com.mx\/nahuel-guzman-podria-recibir-fuerte-sancion-por-usar-laser-para-molestar-a-portero-de-rayados-en-clasico-regio\/\",\"url\":\"https:\/\/www.sonoraenequipo.com.mx\/nahuel-guzman-podria-recibir-fuerte-sancion-por-usar-laser-para-molestar-a-portero-de-rayados-en-clasico-regio\/\",\"name\":\"Sonora en Equipo. Nahuel Guzm\u00e1n podr\u00eda recibir fuerte sanci\u00f3n por usar l\u00e1ser para molestar a portero de Rayados en cl\u00e1sico regio Deportes\",\"isPartOf\":{\"@id\":\"https:\/\/www.sonoraenequipo.com.mx\/#website\"},\"primaryImageOfPage\":{\"@id\":\"https:\/\/www.sonoraenequipo.com.mx\/nahuel-guzman-podria-recibir-fuerte-sancion-por-usar-laser-para-molestar-a-portero-de-rayados-en-clasico-regio\/#primaryimage\"},\"image\":{\"@id\":\"https:\/\/www.sonoraenequipo.com.mx\/nahuel-guzman-podria-recibir-fuerte-sancion-por-usar-laser-para-molestar-a-portero-de-rayados-en-clasico-regio\/#primaryimage\"},\"thumbnailUrl\":\"https:\/\/www.sonoraenequipo.com.mx\/storage\/2024\/04\/nahuel.jpg\",\"datePublished\":\"2024-04-16T19:31:46+00:00\",\"dateModified\":\"2024-04-16T19:34:40+00:00\",\"description\":\"El nombre de Nahuel Guzm\u00e1n ha sido uno de los m\u00e1s pronunciados durante los \u00faltimos d\u00edas, luego de la pol\u00e9mica en la que se meti\u00f3 el mismo, durante el En Sonora en Equipo publicamos toda la informaci\u00f3n de Sonora, M\u00e9xico y el Mundo de manera oportuna y busca que la libertad de expresi\u00f3n sea real. Visita nuestro medio informativo publicado desde Hermosillo, Sonora. %\",\"breadcrumb\":{\"@id\":\"https:\/\/www.sonoraenequipo.com.mx\/nahuel-guzman-podria-recibir-fuerte-sancion-por-usar-laser-para-molestar-a-portero-de-rayados-en-clasico-regio\/#breadcrumb\"},\"inLanguage\":\"es\",\"potentialAction\":[{\"@type\":\"ReadAction\",\"target\":[\"https:\/\/www.sonoraenequipo.com.mx\/nahuel-guzman-podria-recibir-fuerte-sancion-por-usar-laser-para-molestar-a-portero-de-rayados-en-clasico-regio\/\"]}]},{\"@type\":\"ImageObject\",\"inLanguage\":\"es\",\"@id\":\"https:\/\/www.sonoraenequipo.com.mx\/nahuel-guzman-podria-recibir-fuerte-sancion-por-usar-laser-para-molestar-a-portero-de-rayados-en-clasico-regio\/#primaryimage\",\"url\":\"https:\/\/www.sonoraenequipo.com.mx\/storage\/2024\/04\/nahuel.jpg\",\"contentUrl\":\"https:\/\/www.sonoraenequipo.com.mx\/storage\/2024\/04\/nahuel.jpg\",\"width\":900,\"height\":600},{\"@type\":\"BreadcrumbList\",\"@id\":\"https:\/\/www.sonoraenequipo.com.mx\/nahuel-guzman-podria-recibir-fuerte-sancion-por-usar-laser-para-molestar-a-portero-de-rayados-en-clasico-regio\/#breadcrumb\",\"itemListElement\":[{\"@type\":\"ListItem\",\"position\":1,\"name\":\"Portada\",\"item\":\"https:\/\/www.sonoraenequipo.com.mx\/\"},{\"@type\":\"ListItem\",\"position\":2,\"name\":\"Nahuel Guzm\u00e1n podr\u00eda recibir fuerte sanci\u00f3n por usar l\u00e1ser para molestar a portero de Rayados en cl\u00e1sico regio\"}]},{\"@type\":\"WebSite\",\"@id\":\"https:\/\/www.sonoraenequipo.com.mx\/#website\",\"url\":\"https:\/\/www.sonoraenequipo.com.mx\/\",\"name\":\"Sonora en Equipo.\",\"description\":\"Diario en l\u00ednea con Noticias desde Hermosillo, Sonora\",\"publisher\":{\"@id\":\"https:\/\/www.sonoraenequipo.com.mx\/#organization\"},\"potentialAction\":[{\"@type\":\"SearchAction\",\"target\":{\"@type\":\"EntryPoint\",\"urlTemplate\":\"https:\/\/www.sonoraenequipo.com.mx\/?s={search_term_string}\"},\"query-input\":{\"@type\":\"PropertyValueSpecification\",\"valueRequired\":true,\"valueName\":\"search_term_string\"}}],\"inLanguage\":\"es\"},{\"@type\":\"Organization\",\"@id\":\"https:\/\/www.sonoraenequipo.com.mx\/#organization\",\"name\":\"Sonoraenequipo.com.mx\",\"url\":\"https:\/\/www.sonoraenequipo.com.mx\/\",\"logo\":{\"@type\":\"ImageObject\",\"inLanguage\":\"es\",\"@id\":\"https:\/\/www.sonoraenequipo.com.mx\/#\/schema\/logo\/image\/\",\"url\":\"https:\/\/www.sonoraenequipo.com.mx\/storage\/2019\/01\/sonoraenequipo_opt.png\",\"contentUrl\":\"https:\/\/www.sonoraenequipo.com.mx\/storage\/2019\/01\/sonoraenequipo_opt.png\",\"width\":375,\"height\":125,\"caption\":\"Sonoraenequipo.com.mx\"},\"image\":{\"@id\":\"https:\/\/www.sonoraenequipo.com.mx\/#\/schema\/logo\/image\/\"},\"sameAs\":[\"https:\/\/www.facebook.com\/SonoraEE\/\",\"https:\/\/x.com\/sonoraenequipo\",\"https:\/\/www.youtube.com\/channel\/UC338nW-lPEYmJQs4ZABQ1SQ\"]},{\"@type\":\"Person\",\"@id\":\"https:\/\/www.sonoraenequipo.com.mx\/#\/schema\/person\/50102df0fb23a8fa9e8effad8fa81386\",\"name\":\"enequipo\",\"image\":{\"@type\":\"ImageObject\",\"inLanguage\":\"es\",\"@id\":\"https:\/\/www.sonoraenequipo.com.mx\/#\/schema\/person\/image\/\",\"url\":\"https:\/\/secure.gravatar.com\/avatar\/049821681b589dabc0bc20695993ccebb09f5b5d4d790cd9251b97faac7c652b?s=96&d=blank&r=g\",\"contentUrl\":\"https:\/\/secure.gravatar.com\/avatar\/049821681b589dabc0bc20695993ccebb09f5b5d4d790cd9251b97faac7c652b?s=96&d=blank&r=g\",\"caption\":\"enequipo\"},\"sameAs\":[\"https:\/\/www.facebook.com\/SonoraEE\"]}]}<\/script>\n ","yoast_head_json":{"title":"Sonora en Equipo. Nahuel Guzm\u00e1n podr\u00eda recibir fuerte sanci\u00f3n por usar l\u00e1ser para molestar a portero de Rayados en cl\u00e1sico regio Deportes","description":"El nombre de Nahuel Guzm\u00e1n ha sido uno de los m\u00e1s pronunciados durante los \u00faltimos d\u00edas, luego de la pol\u00e9mica en la que se meti\u00f3 el mismo, durante el En Sonora en Equipo publicamos toda la informaci\u00f3n de Sonora, M\u00e9xico y el Mundo de manera oportuna y busca que la libertad de expresi\u00f3n sea real. Visita nuestro medio informativo publicado desde Hermosillo, Sonora. %","robots":{"index":"index","follow":"follow","max-snippet":"max-snippet:-1","max-image-preview":"max-image-preview:large","max-video-preview":"max-video-preview:-1"},"canonical":"https:\/\/www.sonoraenequipo.com.mx\/nahuel-guzman-podria-recibir-fuerte-sancion-por-usar-laser-para-molestar-a-portero-de-rayados-en-clasico-regio\/","og_locale":"es_ES","og_type":"article","og_title":"Sonora en Equipo. Nahuel Guzm\u00e1n podr\u00eda recibir fuerte sanci\u00f3n por usar l\u00e1ser para molestar a portero de Rayados en cl\u00e1sico regio Deportes","og_description":"El nombre de Nahuel Guzm\u00e1n ha sido uno de los m\u00e1s pronunciados durante los \u00faltimos d\u00edas, luego de la pol\u00e9mica en la que se meti\u00f3 el mismo, durante el En Sonora en Equipo publicamos toda la informaci\u00f3n de Sonora, M\u00e9xico y el Mundo de manera oportuna y busca que la libertad de expresi\u00f3n sea real. Visita nuestro medio informativo publicado desde Hermosillo, Sonora. %","og_url":"https:\/\/www.sonoraenequipo.com.mx\/nahuel-guzman-podria-recibir-fuerte-sancion-por-usar-laser-para-molestar-a-portero-de-rayados-en-clasico-regio\/","og_site_name":"Sonora en Equipo.","article_publisher":"https:\/\/www.facebook.com\/SonoraEE\/","article_author":"https:\/\/www.facebook.com\/SonoraEE","article_published_time":"2024-04-16T19:31:46+00:00","article_modified_time":"2024-04-16T19:34:40+00:00","og_image":[{"width":900,"height":600,"url":"https:\/\/www.sonoraenequipo.com.mx\/storage\/2024\/04\/nahuel.jpg","type":"image\/jpeg"}],"author":"enequipo","twitter_card":"summary_large_image","twitter_creator":"@sonoraenequipo","twitter_site":"@sonoraenequipo","twitter_misc":{"Escrito por":"enequipo","Tiempo de lectura":"2 minutos"},"schema":{"@context":"https:\/\/schema.org","@graph":[{"@type":"Article","@id":"https:\/\/www.sonoraenequipo.com.mx\/nahuel-guzman-podria-recibir-fuerte-sancion-por-usar-laser-para-molestar-a-portero-de-rayados-en-clasico-regio\/#article","isPartOf":{"@id":"https:\/\/www.sonoraenequipo.com.mx\/nahuel-guzman-podria-recibir-fuerte-sancion-por-usar-laser-para-molestar-a-portero-de-rayados-en-clasico-regio\/"},"author":{"name":"enequipo","@id":"https:\/\/www.sonoraenequipo.com.mx\/#\/schema\/person\/50102df0fb23a8fa9e8effad8fa81386"},"headline":"Nahuel Guzm\u00e1n podr\u00eda recibir fuerte sanci\u00f3n por usar l\u00e1ser para molestar a portero de Rayados en cl\u00e1sico regio","datePublished":"2024-04-16T19:31:46+00:00","dateModified":"2024-04-16T19:34:40+00:00","mainEntityOfPage":{"@id":"https:\/\/www.sonoraenequipo.com.mx\/nahuel-guzman-podria-recibir-fuerte-sancion-por-usar-laser-para-molestar-a-portero-de-rayados-en-clasico-regio\/"},"wordCount":394,"commentCount":0,"publisher":{"@id":"https:\/\/www.sonoraenequipo.com.mx\/#organization"},"image":{"@id":"https:\/\/www.sonoraenequipo.com.mx\/nahuel-guzman-podria-recibir-fuerte-sancion-por-usar-laser-para-molestar-a-portero-de-rayados-en-clasico-regio\/#primaryimage"},"thumbnailUrl":"https:\/\/www.sonoraenequipo.com.mx\/storage\/2024\/04\/nahuel.jpg","keywords":["andrde","clasico","Guzman","laser","nahuel","regio"],"articleSection":["Deportes"],"inLanguage":"es","potentialAction":[{"@type":"CommentAction","name":"Comment","target":["https:\/\/www.sonoraenequipo.com.mx\/nahuel-guzman-podria-recibir-fuerte-sancion-por-usar-laser-para-molestar-a-portero-de-rayados-en-clasico-regio\/#respond"]}]},{"@type":"WebPage","@id":"https:\/\/www.sonoraenequipo.com.mx\/nahuel-guzman-podria-recibir-fuerte-sancion-por-usar-laser-para-molestar-a-portero-de-rayados-en-clasico-regio\/","url":"https:\/\/www.sonoraenequipo.com.mx\/nahuel-guzman-podria-recibir-fuerte-sancion-por-usar-laser-para-molestar-a-portero-de-rayados-en-clasico-regio\/","name":"Sonora en Equipo. Nahuel Guzm\u00e1n podr\u00eda recibir fuerte sanci\u00f3n por usar l\u00e1ser para molestar a portero de Rayados en cl\u00e1sico regio Deportes","isPartOf":{"@id":"https:\/\/www.sonoraenequipo.com.mx\/#website"},"primaryImageOfPage":{"@id":"https:\/\/www.sonoraenequipo.com.mx\/nahuel-guzman-podria-recibir-fuerte-sancion-por-usar-laser-para-molestar-a-portero-de-rayados-en-clasico-regio\/#primaryimage"},"image":{"@id":"https:\/\/www.sonoraenequipo.com.mx\/nahuel-guzman-podria-recibir-fuerte-sancion-por-usar-laser-para-molestar-a-portero-de-rayados-en-clasico-regio\/#primaryimage"},"thumbnailUrl":"https:\/\/www.sonoraenequipo.com.mx\/storage\/2024\/04\/nahuel.jpg","datePublished":"2024-04-16T19:31:46+00:00","dateModified":"2024-04-16T19:34:40+00:00","description":"El nombre de Nahuel Guzm\u00e1n ha sido uno de los m\u00e1s pronunciados durante los \u00faltimos d\u00edas, luego de la pol\u00e9mica en la que se meti\u00f3 el mismo, durante el En Sonora en Equipo publicamos toda la informaci\u00f3n de Sonora, M\u00e9xico y el Mundo de manera oportuna y busca que la libertad de expresi\u00f3n sea real. Visita nuestro medio informativo publicado desde Hermosillo, Sonora. %","breadcrumb":{"@id":"https:\/\/www.sonoraenequipo.com.mx\/nahuel-guzman-podria-recibir-fuerte-sancion-por-usar-laser-para-molestar-a-portero-de-rayados-en-clasico-regio\/#breadcrumb"},"inLanguage":"es","potentialAction":[{"@type":"ReadAction","target":["https:\/\/www.sonoraenequipo.com.mx\/nahuel-guzman-podria-recibir-fuerte-sancion-por-usar-laser-para-molestar-a-portero-de-rayados-en-clasico-regio\/"]}]},{"@type":"ImageObject","inLanguage":"es","@id":"https:\/\/www.sonoraenequipo.com.mx\/nahuel-guzman-podria-recibir-fuerte-sancion-por-usar-laser-para-molestar-a-portero-de-rayados-en-clasico-regio\/#primaryimage","url":"https:\/\/www.sonoraenequipo.com.mx\/storage\/2024\/04\/nahuel.jpg","contentUrl":"https:\/\/www.sonoraenequipo.com.mx\/storage\/2024\/04\/nahuel.jpg","width":900,"height":600},{"@type":"BreadcrumbList","@id":"https:\/\/www.sonoraenequipo.com.mx\/nahuel-guzman-podria-recibir-fuerte-sancion-por-usar-laser-para-molestar-a-portero-de-rayados-en-clasico-regio\/#breadcrumb","itemListElement":[{"@type":"ListItem","position":1,"name":"Portada","item":"https:\/\/www.sonoraenequipo.com.mx\/"},{"@type":"ListItem","position":2,"name":"Nahuel Guzm\u00e1n podr\u00eda recibir fuerte sanci\u00f3n por usar l\u00e1ser para molestar a portero de Rayados en cl\u00e1sico regio"}]},{"@type":"WebSite","@id":"https:\/\/www.sonoraenequipo.com.mx\/#website","url":"https:\/\/www.sonoraenequipo.com.mx\/","name":"Sonora en Equipo.","description":"Diario en l\u00ednea con Noticias desde Hermosillo, Sonora","publisher":{"@id":"https:\/\/www.sonoraenequipo.com.mx\/#organization"},"potentialAction":[{"@type":"SearchAction","target":{"@type":"EntryPoint","urlTemplate":"https:\/\/www.sonoraenequipo.com.mx\/?s={search_term_string}"},"query-input":{"@type":"PropertyValueSpecification","valueRequired":true,"valueName":"search_term_string"}}],"inLanguage":"es"},{"@type":"Organization","@id":"https:\/\/www.sonoraenequipo.com.mx\/#organization","name":"Sonoraenequipo.com.mx","url":"https:\/\/www.sonoraenequipo.com.mx\/","logo":{"@type":"ImageObject","inLanguage":"es","@id":"https:\/\/www.sonoraenequipo.com.mx\/#\/schema\/logo\/image\/","url":"https:\/\/www.sonoraenequipo.com.mx\/storage\/2019\/01\/sonoraenequipo_opt.png","contentUrl":"https:\/\/www.sonoraenequipo.com.mx\/storage\/2019\/01\/sonoraenequipo_opt.png","width":375,"height":125,"caption":"Sonoraenequipo.com.mx"},"image":{"@id":"https:\/\/www.sonoraenequipo.com.mx\/#\/schema\/logo\/image\/"},"sameAs":["https:\/\/www.facebook.com\/SonoraEE\/","https:\/\/x.com\/sonoraenequipo","https:\/\/www.youtube.com\/channel\/UC338nW-lPEYmJQs4ZABQ1SQ"]},{"@type":"Person","@id":"https:\/\/www.sonoraenequipo.com.mx\/#\/schema\/person\/50102df0fb23a8fa9e8effad8fa81386","name":"enequipo","image":{"@type":"ImageObject","inLanguage":"es","@id":"https:\/\/www.sonoraenequipo.com.mx\/#\/schema\/person\/image\/","url":"https:\/\/secure.gravatar.com\/avatar\/049821681b589dabc0bc20695993ccebb09f5b5d4d790cd9251b97faac7c652b?s=96&d=blank&r=g","contentUrl":"https:\/\/secure.gravatar.com\/avatar\/049821681b589dabc0bc20695993ccebb09f5b5d4d790cd9251b97faac7c652b?s=96&d=blank&r=g","caption":"enequipo"},"sameAs":["https:\/\/www.facebook.com\/SonoraEE"]}]}},"jetpack_featured_media_url":"https:\/\/www.sonoraenequipo.com.mx\/storage\/2024\/04\/nahuel.jpg","_links":{"self":[{"href":"https:\/\/www.sonoraenequipo.com.mx\/api\/wp\/v2\/posts\/187649","targetHints":{"allow":["GET"]}}],"collection":[{"href":"https:\/\/www.sonoraenequipo.com.mx\/api\/wp\/v2\/posts"}],"about":[{"href":"https:\/\/www.sonoraenequipo.com.mx\/api\/wp\/v2\/types\/post"}],"author":[{"embeddable":true,"href":"https:\/\/www.sonoraenequipo.com.mx\/api\/wp\/v2\/users\/1"}],"replies":[{"embeddable":true,"href":"https:\/\/www.sonoraenequipo.com.mx\/api\/wp\/v2\/comments?post=187649"}],"version-history":[{"count":1,"href":"https:\/\/www.sonoraenequipo.com.mx\/api\/wp\/v2\/posts\/187649\/revisions"}],"predecessor-version":[{"id":187651,"href":"https:\/\/www.sonoraenequipo.com.mx\/api\/wp\/v2\/posts\/187649\/revisions\/187651"}],"wp:featuredmedia":[{"embeddable":true,"href":"https:\/\/www.sonoraenequipo.com.mx\/api\/wp\/v2\/media\/187650"}],"wp:attachment":[{"href":"https:\/\/www.sonoraenequipo.com.mx\/api\/wp\/v2\/media?parent=187649"}],"wp:term":[{"taxonomy":"category","embeddable":true,"href":"https:\/\/www.sonoraenequipo.com.mx\/api\/wp\/v2\/categories?post=187649"},{"taxonomy":"post_tag","embeddable":true,"href":"https:\/\/www.sonoraenequipo.com.mx\/api\/wp\/v2\/tags?post=187649"}],"curies":[{"name":"wp","href":"https:\/\/api.w.org\/{rel}","templated":true}]}}