{"id":187666,"date":"2024-04-16T11:59:00","date_gmt":"2024-04-16T18:59:00","guid":{"rendered":"https:\/\/www.sonoraenequipo.com.mx\/?p=187666"},"modified":"2024-04-16T13:03:33","modified_gmt":"2024-04-16T20:03:33","slug":"casi-la-mitad-de-los-15-126-desaparecidos-en-espana-en-2023-son-menores","status":"publish","type":"post","link":"https:\/\/www.sonoraenequipo.com.mx\/casi-la-mitad-de-los-15-126-desaparecidos-en-espana-en-2023-son-menores\/","title":{"rendered":"Casi la mitad de los 15.126 desaparecidos en Espa\u00f1a en 2023 son menores"},"content":{"rendered":"<p><strong>MADRID, ESPA\u00d1A. \u2014<\/strong> El pasado a\u00f1o desaparecieron en Espa\u00f1a 15.126 personas, la mayor\u00eda, hombres adultos de nacionalidad espa\u00f1ola y lo hicieron de forma voluntaria. Las denuncias han bajado un 5,5% con respecto a 2022 y los menores de edad, entre 13 y 17 a\u00f1os, representan el 48,9% del total.<\/p>\n<p>&nbsp;<\/p>\n<p> <\/p>\n<p>En un 66% las desapariciones fueron resueltas en una semana y solo en un 1%, el desenlace de las mismas fue el fallecimiento por suicidio o muerte natural como causas m\u00e1s frecuentes. El informe tambi\u00e9n constata que en 2023 se han identificado 294 cad\u00e1veres que permanec\u00edan sin identificar.<\/p>\n<p>&nbsp;<\/p>\n<blockquote class=\"twitter-tweet\" data-width=\"550\" data-dnt=\"true\">\n<p lang=\"es\" dir=\"ltr\"><a href=\"https:\/\/twitter.com\/hashtag\/CndesOficial?src=hash&amp;ref_src=twsrc%5Etfw\">#CndesOficial<\/a> PRESENTA HOY \ud83d\udcc6 su Informe Anual de personas desaparecidas en 2023<br \/>\ud83d\udcc924.581 denuncias \/ 15.126 personas<br \/>\ud83d\udcca5,5% menos denuncias que en 2022<br \/>\u2699\ufe0f95,4 % resuelto <br \/>\ud83d\udeb6\u200d\u2642\ufe0f88,2 % son voluntarias<br \/>\u2705Perfil Desaparecido:\ud83c\uddea\ud83c\uddf8Espa\u00f1ol\u2642\ufe0fHombre\ud83d\udc68Adulto<br \/>Cons\u00faltalo\ud83d\udc49<a href=\"https:\/\/t.co\/mmPBoTEgkL\">https:\/\/t.co\/mmPBoTEgkL<\/a> <a href=\"https:\/\/t.co\/zHFw9SBtgo\">pic.twitter.com\/zHFw9SBtgo<\/a><\/p>\n<p>&mdash; CNDES (@cndes_oficial) <a href=\"https:\/\/twitter.com\/cndes_oficial\/status\/1780204205442994252?ref_src=twsrc%5Etfw\">April 16, 2024<\/a><\/p><\/blockquote>\n<p><script async src=\"https:\/\/platform.twitter.com\/widgets.js\" charset=\"utf-8\"><\/script><\/p>\n<p>Son algunos de los datos m\u00e1s destacados del informe anual de personas desaparecidas correspondiente de 2023 presentado este martes por la directora del Centro Nacional de Desaparecidos (CNDES), Pilar Minuesa, junto con el ministro del Interior, Fernando Grande-Marlaska.<\/p>\n<p>&nbsp;<\/p>\n<p>&nbsp;<\/p>\n<p>Ante ellos varias familias de desaparecidos que, al t\u00e9rmino de la presentaci\u00f3n, han relatado su caso y han aprovechado para pedir a Marlaska un impulso al prometido estatuto del desaparecido que incorpore reformas legislativas necesarias para cubrir los vac\u00edos existentes en la normativa espa\u00f1ola, especialmente en las desapariciones de larga duraci\u00f3n.<\/p>\n<p>&nbsp;<\/p>\n<p>&nbsp;<\/p>\n<p>Sobre estos casos, las familias han reclamado una revisi\u00f3n de sus casos o que se ponga fin al alto coste de las tasas cuando tienen que declarar fallecido a su desaparecido.<\/p>\n<p>&nbsp;<\/p>\n<p>&nbsp;<\/p>\n<h3>Menos denuncias pero m\u00e1s de la mitad de reincidentes<\/h3>\n<p>&nbsp;<\/p>\n<p>El pasado a\u00f1o las fuerzas y cuerpos de seguridad recogieron 24.581 denuncias, un 5,5% menos que en 2022: 10.729 de ellas eran de personas denunciadas por primera vez; el resto, 13.852 denuncias, aglutinan a 4.397 personas cuyos familiares denunciaron una media de tres veces.<\/p>\n<p>&nbsp;<\/p>\n<p>&nbsp;<\/p>\n<p>Minuesa ha destacado que a 31 de diciembre de 2023 se resolvieron el 95% de las denuncias, por lo que a esa fecha quedaban activas 6.001 denuncias, que suponen un 2%, aunque hay otras 7.000 de menores ausentados de los centros de menores y que se estudian de forma independiente para no distorsionar la realidad del fen\u00f3meno.<\/p>\n<p>&nbsp;<\/p>\n<p>&nbsp;<\/p>\n<p>La directora del centro ha destacado que el pasado a\u00f1o se ha registrado un cambio de tendencia en el perfil del desaparecido. Si en 2022 el retrato mayoritario era el un menor extranjero, en 2023 la fotograf\u00eda que se extrae de las estad\u00edsticas es el de un hombre adulto y espa\u00f1ol. En ambos a\u00f1os, predomina la desaparici\u00f3n voluntaria y una resoluci\u00f3n de la desaparici\u00f3n r\u00e1pida.<\/p>\n<p>&nbsp;<\/p>\n<p>&nbsp;<\/p>\n<p>En la primera semana se resolvieron el 66% de las desapariciones<\/p>\n<p>&nbsp;<\/p>\n<p>As\u00ed, en los tres primeros d\u00edas se resolvieron el 48,4% de las desapariciones, porcentaje que se eleva al 66% en los siete d\u00edas desde que se interpone la denuncia.<\/p>\n<p>&nbsp;<\/p>\n<p>&nbsp;<\/p>\n<p>Los motivos del cierre del caso son el regreso voluntario o la retirada de la denuncia y, en el caso de los menores, la vuelta al centro donde est\u00e1n tutelados.<\/p>\n<p>&nbsp;<\/p>\n<p>&nbsp;<\/p>\n<p>Minuesa ha subrayado que solo el 1% de las desapariciones tienen un desenlace fatal. El suicidio es la causa m\u00e1s frecuente, por delante de la muerte natural y la accidental. La muerte violenta solo est\u00e1 detr\u00e1s del 3% de estos casos.<\/p>\n<p>&nbsp;<\/p>\n<p>&nbsp;<\/p>\n<p>Madrid, Barcelona y Las Palmas son las provincias con un mayor n\u00famero de casos registrados, representando respectivamente un 14%, 12% y 7% sobre el total de casos a nivel nacional.<\/p>\n<p>&nbsp;<\/p>\n<p>&nbsp;<\/p>\n<p>PUBLICADO EL 16 DE ABRIL DE 2024\/ Con informaci\u00f3n de RTV)<\/p>\n","protected":false},"excerpt":{"rendered":"<p>MADRID, ESPA\u00d1A. \u2014 El pasado a\u00f1o desaparecieron en Espa\u00f1a 15.126 personas, la mayor\u00eda, hombres adultos&#8230;<\/p>\n","protected":false},"author":1,"featured_media":187658,"comment_status":"open","ping_status":"open","sticky":false,"template":"","format":"standard","meta":{"_monsterinsights_skip_tracking":false,"_monsterinsights_sitenote_active":false,"_monsterinsights_sitenote_note":"","_monsterinsights_sitenote_category":0,"footnotes":""},"categories":[3],"tags":[],"class_list":["post"],"yoast_head":" \n<title>Sonora en Equipo. Casi la mitad de los 15.126 desaparecidos en Espa\u00f1a en 2023 son menores MUNDO<\/title>\n<meta name=\"description\" content=\"MADRID, ESPA\u00d1A. \u2014 El pasado a\u00f1o desaparecieron en Espa\u00f1a 15.126 personas, la mayor\u00eda, hombres adultos de nacionalidad espa\u00f1ola y lo hicieron de forma En Sonora en Equipo publicamos toda la informaci\u00f3n de Sonora, M\u00e9xico y el Mundo de manera oportuna y busca que la libertad de expresi\u00f3n sea real. Visita nuestro medio informativo publicado desde Hermosillo, Sonora. %\" \/>\n<meta name=\"robots\" content=\"index, follow, max-snippet:-1, max-image-preview:large, max-video-preview:-1\" \/>\n<link rel=\"canonical\" href=\"https:\/\/www.sonoraenequipo.com.mx\/casi-la-mitad-de-los-15-126-desaparecidos-en-espana-en-2023-son-menores\/\" \/>\n<meta property=\"og:locale\" content=\"es_ES\" \/>\n<meta property=\"og:type\" content=\"article\" \/>\n<meta property=\"og:title\" content=\"Sonora en Equipo. Casi la mitad de los 15.126 desaparecidos en Espa\u00f1a en 2023 son menores MUNDO\" \/>\n<meta property=\"og:description\" content=\"MADRID, ESPA\u00d1A. \u2014 El pasado a\u00f1o desaparecieron en Espa\u00f1a 15.126 personas, la mayor\u00eda, hombres adultos de nacionalidad espa\u00f1ola y lo hicieron de forma En Sonora en Equipo publicamos toda la informaci\u00f3n de Sonora, M\u00e9xico y el Mundo de manera oportuna y busca que la libertad de expresi\u00f3n sea real. Visita nuestro medio informativo publicado desde Hermosillo, Sonora. %\" \/>\n<meta property=\"og:url\" content=\"https:\/\/www.sonoraenequipo.com.mx\/casi-la-mitad-de-los-15-126-desaparecidos-en-espana-en-2023-son-menores\/\" \/>\n<meta property=\"og:site_name\" content=\"Sonora en Equipo.\" \/>\n<meta property=\"article:publisher\" content=\"https:\/\/www.facebook.com\/SonoraEE\/\" \/>\n<meta property=\"article:author\" content=\"https:\/\/www.facebook.com\/SonoraEE\" \/>\n<meta property=\"article:published_time\" content=\"2024-04-16T18:59:00+00:00\" \/>\n<meta property=\"article:modified_time\" content=\"2024-04-16T20:03:33+00:00\" \/>\n<meta property=\"og:image\" content=\"https:\/\/www.sonoraenequipo.com.mx\/storage\/2024\/04\/ninos-desaparecidos-min.jpg\" \/>\n\t<meta property=\"og:image:width\" content=\"900\" \/>\n\t<meta property=\"og:image:height\" content=\"506\" \/>\n\t<meta property=\"og:image:type\" content=\"image\/jpeg\" \/>\n<meta name=\"author\" content=\"enequipo\" \/>\n<meta name=\"twitter:card\" content=\"summary_large_image\" \/>\n<meta name=\"twitter:creator\" content=\"@sonoraenequipo\" \/>\n<meta name=\"twitter:site\" content=\"@sonoraenequipo\" \/>\n<meta name=\"twitter:label1\" content=\"Escrito por\" \/>\n\t<meta name=\"twitter:data1\" content=\"enequipo\" \/>\n\t<meta name=\"twitter:label2\" content=\"Tiempo de lectura\" \/>\n\t<meta name=\"twitter:data2\" content=\"3 minutos\" \/>\n<script type=\"application\/ld+json\" class=\"yoast-schema-graph\">{\"@context\":\"https:\/\/schema.org\",\"@graph\":[{\"@type\":\"Article\",\"@id\":\"https:\/\/www.sonoraenequipo.com.mx\/casi-la-mitad-de-los-15-126-desaparecidos-en-espana-en-2023-son-menores\/#article\",\"isPartOf\":{\"@id\":\"https:\/\/www.sonoraenequipo.com.mx\/casi-la-mitad-de-los-15-126-desaparecidos-en-espana-en-2023-son-menores\/\"},\"author\":{\"name\":\"enequipo\",\"@id\":\"https:\/\/www.sonoraenequipo.com.mx\/#\/schema\/person\/50102df0fb23a8fa9e8effad8fa81386\"},\"headline\":\"Casi la mitad de los 15.126 desaparecidos en Espa\u00f1a en 2023 son menores\",\"datePublished\":\"2024-04-16T18:59:00+00:00\",\"dateModified\":\"2024-04-16T20:03:33+00:00\",\"mainEntityOfPage\":{\"@id\":\"https:\/\/www.sonoraenequipo.com.mx\/casi-la-mitad-de-los-15-126-desaparecidos-en-espana-en-2023-son-menores\/\"},\"wordCount\":586,\"commentCount\":0,\"publisher\":{\"@id\":\"https:\/\/www.sonoraenequipo.com.mx\/#organization\"},\"image\":{\"@id\":\"https:\/\/www.sonoraenequipo.com.mx\/casi-la-mitad-de-los-15-126-desaparecidos-en-espana-en-2023-son-menores\/#primaryimage\"},\"thumbnailUrl\":\"https:\/\/www.sonoraenequipo.com.mx\/storage\/2024\/04\/ninos-desaparecidos-min.jpg\",\"articleSection\":[\"MUNDO\"],\"inLanguage\":\"es\",\"potentialAction\":[{\"@type\":\"CommentAction\",\"name\":\"Comment\",\"target\":[\"https:\/\/www.sonoraenequipo.com.mx\/casi-la-mitad-de-los-15-126-desaparecidos-en-espana-en-2023-son-menores\/#respond\"]}]},{\"@type\":\"WebPage\",\"@id\":\"https:\/\/www.sonoraenequipo.com.mx\/casi-la-mitad-de-los-15-126-desaparecidos-en-espana-en-2023-son-menores\/\",\"url\":\"https:\/\/www.sonoraenequipo.com.mx\/casi-la-mitad-de-los-15-126-desaparecidos-en-espana-en-2023-son-menores\/\",\"name\":\"Sonora en Equipo. Casi la mitad de los 15.126 desaparecidos en Espa\u00f1a en 2023 son menores MUNDO\",\"isPartOf\":{\"@id\":\"https:\/\/www.sonoraenequipo.com.mx\/#website\"},\"primaryImageOfPage\":{\"@id\":\"https:\/\/www.sonoraenequipo.com.mx\/casi-la-mitad-de-los-15-126-desaparecidos-en-espana-en-2023-son-menores\/#primaryimage\"},\"image\":{\"@id\":\"https:\/\/www.sonoraenequipo.com.mx\/casi-la-mitad-de-los-15-126-desaparecidos-en-espana-en-2023-son-menores\/#primaryimage\"},\"thumbnailUrl\":\"https:\/\/www.sonoraenequipo.com.mx\/storage\/2024\/04\/ninos-desaparecidos-min.jpg\",\"datePublished\":\"2024-04-16T18:59:00+00:00\",\"dateModified\":\"2024-04-16T20:03:33+00:00\",\"description\":\"MADRID, ESPA\u00d1A. \u2014 El pasado a\u00f1o desaparecieron en Espa\u00f1a 15.126 personas, la mayor\u00eda, hombres adultos de nacionalidad espa\u00f1ola y lo hicieron de forma En Sonora en Equipo publicamos toda la informaci\u00f3n de Sonora, M\u00e9xico y el Mundo de manera oportuna y busca que la libertad de expresi\u00f3n sea real. Visita nuestro medio informativo publicado desde Hermosillo, Sonora. %\",\"breadcrumb\":{\"@id\":\"https:\/\/www.sonoraenequipo.com.mx\/casi-la-mitad-de-los-15-126-desaparecidos-en-espana-en-2023-son-menores\/#breadcrumb\"},\"inLanguage\":\"es\",\"potentialAction\":[{\"@type\":\"ReadAction\",\"target\":[\"https:\/\/www.sonoraenequipo.com.mx\/casi-la-mitad-de-los-15-126-desaparecidos-en-espana-en-2023-son-menores\/\"]}]},{\"@type\":\"ImageObject\",\"inLanguage\":\"es\",\"@id\":\"https:\/\/www.sonoraenequipo.com.mx\/casi-la-mitad-de-los-15-126-desaparecidos-en-espana-en-2023-son-menores\/#primaryimage\",\"url\":\"https:\/\/www.sonoraenequipo.com.mx\/storage\/2024\/04\/ninos-desaparecidos-min.jpg\",\"contentUrl\":\"https:\/\/www.sonoraenequipo.com.mx\/storage\/2024\/04\/ninos-desaparecidos-min.jpg\",\"width\":900,\"height\":506},{\"@type\":\"BreadcrumbList\",\"@id\":\"https:\/\/www.sonoraenequipo.com.mx\/casi-la-mitad-de-los-15-126-desaparecidos-en-espana-en-2023-son-menores\/#breadcrumb\",\"itemListElement\":[{\"@type\":\"ListItem\",\"position\":1,\"name\":\"Portada\",\"item\":\"https:\/\/www.sonoraenequipo.com.mx\/\"},{\"@type\":\"ListItem\",\"position\":2,\"name\":\"Casi la mitad de los 15.126 desaparecidos en Espa\u00f1a en 2023 son menores\"}]},{\"@type\":\"WebSite\",\"@id\":\"https:\/\/www.sonoraenequipo.com.mx\/#website\",\"url\":\"https:\/\/www.sonoraenequipo.com.mx\/\",\"name\":\"Sonora en Equipo.\",\"description\":\"Diario en l\u00ednea con Noticias desde Hermosillo, Sonora\",\"publisher\":{\"@id\":\"https:\/\/www.sonoraenequipo.com.mx\/#organization\"},\"potentialAction\":[{\"@type\":\"SearchAction\",\"target\":{\"@type\":\"EntryPoint\",\"urlTemplate\":\"https:\/\/www.sonoraenequipo.com.mx\/?s={search_term_string}\"},\"query-input\":{\"@type\":\"PropertyValueSpecification\",\"valueRequired\":true,\"valueName\":\"search_term_string\"}}],\"inLanguage\":\"es\"},{\"@type\":\"Organization\",\"@id\":\"https:\/\/www.sonoraenequipo.com.mx\/#organization\",\"name\":\"Sonoraenequipo.com.mx\",\"url\":\"https:\/\/www.sonoraenequipo.com.mx\/\",\"logo\":{\"@type\":\"ImageObject\",\"inLanguage\":\"es\",\"@id\":\"https:\/\/www.sonoraenequipo.com.mx\/#\/schema\/logo\/image\/\",\"url\":\"https:\/\/www.sonoraenequipo.com.mx\/storage\/2019\/01\/sonoraenequipo_opt.png\",\"contentUrl\":\"https:\/\/www.sonoraenequipo.com.mx\/storage\/2019\/01\/sonoraenequipo_opt.png\",\"width\":375,\"height\":125,\"caption\":\"Sonoraenequipo.com.mx\"},\"image\":{\"@id\":\"https:\/\/www.sonoraenequipo.com.mx\/#\/schema\/logo\/image\/\"},\"sameAs\":[\"https:\/\/www.facebook.com\/SonoraEE\/\",\"https:\/\/x.com\/sonoraenequipo\",\"https:\/\/www.youtube.com\/channel\/UC338nW-lPEYmJQs4ZABQ1SQ\"]},{\"@type\":\"Person\",\"@id\":\"https:\/\/www.sonoraenequipo.com.mx\/#\/schema\/person\/50102df0fb23a8fa9e8effad8fa81386\",\"name\":\"enequipo\",\"image\":{\"@type\":\"ImageObject\",\"inLanguage\":\"es\",\"@id\":\"https:\/\/www.sonoraenequipo.com.mx\/#\/schema\/person\/image\/\",\"url\":\"https:\/\/secure.gravatar.com\/avatar\/049821681b589dabc0bc20695993ccebb09f5b5d4d790cd9251b97faac7c652b?s=96&d=blank&r=g\",\"contentUrl\":\"https:\/\/secure.gravatar.com\/avatar\/049821681b589dabc0bc20695993ccebb09f5b5d4d790cd9251b97faac7c652b?s=96&d=blank&r=g\",\"caption\":\"enequipo\"},\"sameAs\":[\"https:\/\/www.facebook.com\/SonoraEE\"]}]}<\/script>\n ","yoast_head_json":{"title":"Sonora en Equipo. Casi la mitad de los 15.126 desaparecidos en Espa\u00f1a en 2023 son menores MUNDO","description":"MADRID, ESPA\u00d1A. \u2014 El pasado a\u00f1o desaparecieron en Espa\u00f1a 15.126 personas, la mayor\u00eda, hombres adultos de nacionalidad espa\u00f1ola y lo hicieron de forma En Sonora en Equipo publicamos toda la informaci\u00f3n de Sonora, M\u00e9xico y el Mundo de manera oportuna y busca que la libertad de expresi\u00f3n sea real. Visita nuestro medio informativo publicado desde Hermosillo, Sonora. %","robots":{"index":"index","follow":"follow","max-snippet":"max-snippet:-1","max-image-preview":"max-image-preview:large","max-video-preview":"max-video-preview:-1"},"canonical":"https:\/\/www.sonoraenequipo.com.mx\/casi-la-mitad-de-los-15-126-desaparecidos-en-espana-en-2023-son-menores\/","og_locale":"es_ES","og_type":"article","og_title":"Sonora en Equipo. Casi la mitad de los 15.126 desaparecidos en Espa\u00f1a en 2023 son menores MUNDO","og_description":"MADRID, ESPA\u00d1A. \u2014 El pasado a\u00f1o desaparecieron en Espa\u00f1a 15.126 personas, la mayor\u00eda, hombres adultos de nacionalidad espa\u00f1ola y lo hicieron de forma En Sonora en Equipo publicamos toda la informaci\u00f3n de Sonora, M\u00e9xico y el Mundo de manera oportuna y busca que la libertad de expresi\u00f3n sea real. Visita nuestro medio informativo publicado desde Hermosillo, Sonora. %","og_url":"https:\/\/www.sonoraenequipo.com.mx\/casi-la-mitad-de-los-15-126-desaparecidos-en-espana-en-2023-son-menores\/","og_site_name":"Sonora en Equipo.","article_publisher":"https:\/\/www.facebook.com\/SonoraEE\/","article_author":"https:\/\/www.facebook.com\/SonoraEE","article_published_time":"2024-04-16T18:59:00+00:00","article_modified_time":"2024-04-16T20:03:33+00:00","og_image":[{"width":900,"height":506,"url":"https:\/\/www.sonoraenequipo.com.mx\/storage\/2024\/04\/ninos-desaparecidos-min.jpg","type":"image\/jpeg"}],"author":"enequipo","twitter_card":"summary_large_image","twitter_creator":"@sonoraenequipo","twitter_site":"@sonoraenequipo","twitter_misc":{"Escrito por":"enequipo","Tiempo de lectura":"3 minutos"},"schema":{"@context":"https:\/\/schema.org","@graph":[{"@type":"Article","@id":"https:\/\/www.sonoraenequipo.com.mx\/casi-la-mitad-de-los-15-126-desaparecidos-en-espana-en-2023-son-menores\/#article","isPartOf":{"@id":"https:\/\/www.sonoraenequipo.com.mx\/casi-la-mitad-de-los-15-126-desaparecidos-en-espana-en-2023-son-menores\/"},"author":{"name":"enequipo","@id":"https:\/\/www.sonoraenequipo.com.mx\/#\/schema\/person\/50102df0fb23a8fa9e8effad8fa81386"},"headline":"Casi la mitad de los 15.126 desaparecidos en Espa\u00f1a en 2023 son menores","datePublished":"2024-04-16T18:59:00+00:00","dateModified":"2024-04-16T20:03:33+00:00","mainEntityOfPage":{"@id":"https:\/\/www.sonoraenequipo.com.mx\/casi-la-mitad-de-los-15-126-desaparecidos-en-espana-en-2023-son-menores\/"},"wordCount":586,"commentCount":0,"publisher":{"@id":"https:\/\/www.sonoraenequipo.com.mx\/#organization"},"image":{"@id":"https:\/\/www.sonoraenequipo.com.mx\/casi-la-mitad-de-los-15-126-desaparecidos-en-espana-en-2023-son-menores\/#primaryimage"},"thumbnailUrl":"https:\/\/www.sonoraenequipo.com.mx\/storage\/2024\/04\/ninos-desaparecidos-min.jpg","articleSection":["MUNDO"],"inLanguage":"es","potentialAction":[{"@type":"CommentAction","name":"Comment","target":["https:\/\/www.sonoraenequipo.com.mx\/casi-la-mitad-de-los-15-126-desaparecidos-en-espana-en-2023-son-menores\/#respond"]}]},{"@type":"WebPage","@id":"https:\/\/www.sonoraenequipo.com.mx\/casi-la-mitad-de-los-15-126-desaparecidos-en-espana-en-2023-son-menores\/","url":"https:\/\/www.sonoraenequipo.com.mx\/casi-la-mitad-de-los-15-126-desaparecidos-en-espana-en-2023-son-menores\/","name":"Sonora en Equipo. Casi la mitad de los 15.126 desaparecidos en Espa\u00f1a en 2023 son menores MUNDO","isPartOf":{"@id":"https:\/\/www.sonoraenequipo.com.mx\/#website"},"primaryImageOfPage":{"@id":"https:\/\/www.sonoraenequipo.com.mx\/casi-la-mitad-de-los-15-126-desaparecidos-en-espana-en-2023-son-menores\/#primaryimage"},"image":{"@id":"https:\/\/www.sonoraenequipo.com.mx\/casi-la-mitad-de-los-15-126-desaparecidos-en-espana-en-2023-son-menores\/#primaryimage"},"thumbnailUrl":"https:\/\/www.sonoraenequipo.com.mx\/storage\/2024\/04\/ninos-desaparecidos-min.jpg","datePublished":"2024-04-16T18:59:00+00:00","dateModified":"2024-04-16T20:03:33+00:00","description":"MADRID, ESPA\u00d1A. \u2014 El pasado a\u00f1o desaparecieron en Espa\u00f1a 15.126 personas, la mayor\u00eda, hombres adultos de nacionalidad espa\u00f1ola y lo hicieron de forma En Sonora en Equipo publicamos toda la informaci\u00f3n de Sonora, M\u00e9xico y el Mundo de manera oportuna y busca que la libertad de expresi\u00f3n sea real. Visita nuestro medio informativo publicado desde Hermosillo, Sonora. %","breadcrumb":{"@id":"https:\/\/www.sonoraenequipo.com.mx\/casi-la-mitad-de-los-15-126-desaparecidos-en-espana-en-2023-son-menores\/#breadcrumb"},"inLanguage":"es","potentialAction":[{"@type":"ReadAction","target":["https:\/\/www.sonoraenequipo.com.mx\/casi-la-mitad-de-los-15-126-desaparecidos-en-espana-en-2023-son-menores\/"]}]},{"@type":"ImageObject","inLanguage":"es","@id":"https:\/\/www.sonoraenequipo.com.mx\/casi-la-mitad-de-los-15-126-desaparecidos-en-espana-en-2023-son-menores\/#primaryimage","url":"https:\/\/www.sonoraenequipo.com.mx\/storage\/2024\/04\/ninos-desaparecidos-min.jpg","contentUrl":"https:\/\/www.sonoraenequipo.com.mx\/storage\/2024\/04\/ninos-desaparecidos-min.jpg","width":900,"height":506},{"@type":"BreadcrumbList","@id":"https:\/\/www.sonoraenequipo.com.mx\/casi-la-mitad-de-los-15-126-desaparecidos-en-espana-en-2023-son-menores\/#breadcrumb","itemListElement":[{"@type":"ListItem","position":1,"name":"Portada","item":"https:\/\/www.sonoraenequipo.com.mx\/"},{"@type":"ListItem","position":2,"name":"Casi la mitad de los 15.126 desaparecidos en Espa\u00f1a en 2023 son menores"}]},{"@type":"WebSite","@id":"https:\/\/www.sonoraenequipo.com.mx\/#website","url":"https:\/\/www.sonoraenequipo.com.mx\/","name":"Sonora en Equipo.","description":"Diario en l\u00ednea con Noticias desde Hermosillo, Sonora","publisher":{"@id":"https:\/\/www.sonoraenequipo.com.mx\/#organization"},"potentialAction":[{"@type":"SearchAction","target":{"@type":"EntryPoint","urlTemplate":"https:\/\/www.sonoraenequipo.com.mx\/?s={search_term_string}"},"query-input":{"@type":"PropertyValueSpecification","valueRequired":true,"valueName":"search_term_string"}}],"inLanguage":"es"},{"@type":"Organization","@id":"https:\/\/www.sonoraenequipo.com.mx\/#organization","name":"Sonoraenequipo.com.mx","url":"https:\/\/www.sonoraenequipo.com.mx\/","logo":{"@type":"ImageObject","inLanguage":"es","@id":"https:\/\/www.sonoraenequipo.com.mx\/#\/schema\/logo\/image\/","url":"https:\/\/www.sonoraenequipo.com.mx\/storage\/2019\/01\/sonoraenequipo_opt.png","contentUrl":"https:\/\/www.sonoraenequipo.com.mx\/storage\/2019\/01\/sonoraenequipo_opt.png","width":375,"height":125,"caption":"Sonoraenequipo.com.mx"},"image":{"@id":"https:\/\/www.sonoraenequipo.com.mx\/#\/schema\/logo\/image\/"},"sameAs":["https:\/\/www.facebook.com\/SonoraEE\/","https:\/\/x.com\/sonoraenequipo","https:\/\/www.youtube.com\/channel\/UC338nW-lPEYmJQs4ZABQ1SQ"]},{"@type":"Person","@id":"https:\/\/www.sonoraenequipo.com.mx\/#\/schema\/person\/50102df0fb23a8fa9e8effad8fa81386","name":"enequipo","image":{"@type":"ImageObject","inLanguage":"es","@id":"https:\/\/www.sonoraenequipo.com.mx\/#\/schema\/person\/image\/","url":"https:\/\/secure.gravatar.com\/avatar\/049821681b589dabc0bc20695993ccebb09f5b5d4d790cd9251b97faac7c652b?s=96&d=blank&r=g","contentUrl":"https:\/\/secure.gravatar.com\/avatar\/049821681b589dabc0bc20695993ccebb09f5b5d4d790cd9251b97faac7c652b?s=96&d=blank&r=g","caption":"enequipo"},"sameAs":["https:\/\/www.facebook.com\/SonoraEE"]}]}},"jetpack_featured_media_url":"https:\/\/www.sonoraenequipo.com.mx\/storage\/2024\/04\/ninos-desaparecidos-min.jpg","_links":{"self":[{"href":"https:\/\/www.sonoraenequipo.com.mx\/api\/wp\/v2\/posts\/187666","targetHints":{"allow":["GET"]}}],"collection":[{"href":"https:\/\/www.sonoraenequipo.com.mx\/api\/wp\/v2\/posts"}],"about":[{"href":"https:\/\/www.sonoraenequipo.com.mx\/api\/wp\/v2\/types\/post"}],"author":[{"embeddable":true,"href":"https:\/\/www.sonoraenequipo.com.mx\/api\/wp\/v2\/users\/1"}],"replies":[{"embeddable":true,"href":"https:\/\/www.sonoraenequipo.com.mx\/api\/wp\/v2\/comments?post=187666"}],"version-history":[{"count":1,"href":"https:\/\/www.sonoraenequipo.com.mx\/api\/wp\/v2\/posts\/187666\/revisions"}],"predecessor-version":[{"id":187667,"href":"https:\/\/www.sonoraenequipo.com.mx\/api\/wp\/v2\/posts\/187666\/revisions\/187667"}],"wp:featuredmedia":[{"embeddable":true,"href":"https:\/\/www.sonoraenequipo.com.mx\/api\/wp\/v2\/media\/187658"}],"wp:attachment":[{"href":"https:\/\/www.sonoraenequipo.com.mx\/api\/wp\/v2\/media?parent=187666"}],"wp:term":[{"taxonomy":"category","embeddable":true,"href":"https:\/\/www.sonoraenequipo.com.mx\/api\/wp\/v2\/categories?post=187666"},{"taxonomy":"post_tag","embeddable":true,"href":"https:\/\/www.sonoraenequipo.com.mx\/api\/wp\/v2\/tags?post=187666"}],"curies":[{"name":"wp","href":"https:\/\/api.w.org\/{rel}","templated":true}]}}