{"id":187674,"date":"2024-04-16T13:40:40","date_gmt":"2024-04-16T20:40:40","guid":{"rendered":"https:\/\/www.sonoraenequipo.com.mx\/?p=187674"},"modified":"2024-04-16T13:40:40","modified_gmt":"2024-04-16T20:40:40","slug":"con-nosotros-le-va-a-ir-bien-a-yucatan-claudia-sheinbaum","status":"publish","type":"post","link":"https:\/\/www.sonoraenequipo.com.mx\/con-nosotros-le-va-a-ir-bien-a-yucatan-claudia-sheinbaum\/","title":{"rendered":"\u2019\u2019Con nosotros le va a ir bien a Yucat\u00e1n\u2019\u2019: Claudia Sheinbaum"},"content":{"rendered":"<p><strong>M\u00c9RIDA, YUCATAN, MX.\u02d7\u02d7\u02d7 <\/strong>Atraer nuevas inversiones para M\u00e9xico, pero que estas sean ordenadas y que tengan como objetivo traer bienestar a los mexicanos y mexicanas, seguir\u00e1 siendo prioridad de la Cuarta Transformaci\u00f3n, as\u00ed lo destac\u00f3 Claudia Sheinbaum Pardo, candidata a la Presidencia de M\u00e9xico por la Coalici\u00f3n \u201cSigamos Haciendo Historia\u201d (Morena-PT-PVEM) ante el sector empresarial de Yucat\u00e1n.<\/p>\n<p>&nbsp;<\/p>\n<p>\u2019\u2019Esta idea de que Morena est\u00e1 en contra de la inversi\u00f3n, que est\u00e1 en contra de la iniciativa privada es falsa, nosotros queremos que haya inversi\u00f3n en el pa\u00eds, nada m\u00e1s hay que ordenarla y permitir que al mismo tiempo haya bienestar para el pueblo de M\u00e9xico (&#8230;) Con nosotros le va a ir bien a Yucat\u00e1n\u2019\u2019, manifest\u00f3.<\/p>\n<p>&nbsp;<\/p>\n<p>Durante el di\u00e1logo con empresarios y empresarias de la pen\u00ednsula, Claudia Sheinbaum hizo \u00e9nfasis en que hoy M\u00e9xico cuenta con un potencial enorme de crecimiento gracias al nearshoring; sin embargo, destac\u00f3 la importancia de lograr que las inversiones que lleguen al pa\u00eds est\u00e9n vinculadas con el acceso a los derechos, como es la vivienda, la salud, la educaci\u00f3n p\u00fablica, entre otros, as\u00ed como el cuidado al medio ambiente.<\/p>\n<p>&nbsp;<\/p>\n<p>\u2019\u2019Tenemos un enorme potencial en nuestro pa\u00eds con el llamado nearshoring, \u00bfqu\u00e9 necesitamos para potenciar esa inversi\u00f3n? Uno, que haya facilidad para la inversi\u00f3n; dos, que haya certeza en t\u00e9rminos energ\u00e9ticos y de otras acciones principalmente de infraestructura. Debemos garantizar que esa inversi\u00f3n tenga dos apellidos: bienestar y sustentabilidad, porque no solo se trata de la inversi\u00f3n per se, necesitamos una inversi\u00f3n que tenga salarios justos, que vaya acompa\u00f1ado de vivienda, que vaya acompa\u00f1ado de escuelas, que vaya acompa\u00f1ado de infraestructura y que al mismo tiempo el impacto ambiental est\u00e9 mitigado a trav\u00e9s de distintos mecanismos\u2019\u2019, puntualiz\u00f3.<\/p>\n<p>&nbsp;<\/p>\n<p>Al respecto, la candidata de Morena, el Partido del Trabajo (PT) y el Partido Verde Ecologista de M\u00e9xico (PVEM) a la Presidencia de la Rep\u00fablica present\u00f3 su \u2018\u2019Planeaci\u00f3n de la Inversi\u00f3n\u2019\u2019, la cual consiste en garantizar que las inversiones que lleguen al pa\u00eds se realicen pensadas en la inclusi\u00f3n; la innovaci\u00f3n, la digitalizaci\u00f3n, la sostenibilidad y teniendo siempre como eje las vocaciones productivas de cada regi\u00f3n del pa\u00eds.<\/p>\n<p>&nbsp;<\/p>\n<p>\u2019\u2019Para que nuestro pa\u00eds se desarrolle, tenemos siempre que pensar en la disminuci\u00f3n de desigualdades, no solamente los grandes indicadores econ\u00f3micos, Producto Interno Bruto, Inversi\u00f3n Extranjera Directa, sino tambi\u00e9n c\u00f3mo esos recursos ayudan a disminuir la pobreza, las desigualdades y generar un crecimiento compartido, una prosperidad compartida\u2019\u2019, asever\u00f3.<\/p>\n<p>Al respecto, Levy Abraham Macari, Presidente del Consejo Coordinador Empresarial (CCE) en Yucat\u00e1n, tambi\u00e9n destac\u00f3 la importancia de seguir manteniendo durante el siguiente sexenio, una buena relaci\u00f3n entre el gobierno federal y los empresarios del estado, quienes asegur\u00f3 siempre ser\u00e1n parte de la creaci\u00f3n de pol\u00edticas que ayuden a los mexicanos y mexicanas.<\/p>\n<p>&nbsp;<\/p>\n<p>\u2019\u2019Estamos interesados en coadyuvar en la generaci\u00f3n de pol\u00edticas p\u00fablicas en los diferentes sectores representados por todos los Presidentes aqu\u00ed presentes (&#8230;) Yucat\u00e1n es un ejemplo de cuando se quiere, se puede mantener una relaci\u00f3n colaborativa e institucional entre gobiernos\u2019\u2019, coment\u00f3.<\/p>\n<p>&nbsp;<\/p>\n<p>Al encuentro empresarial tambi\u00e9n asistieron Rommel Pacheco, candidato de la 4T a la Presidencia Municipal de M\u00e9rida; Alejandro Gomori Mart\u00ednez, Presidente de CANACINTRA; Emilio Blanco del Villar, Presidente de la COPARMEX; Sergei L\u00f3pez Cant\u00f3n, Presidente de CANADEVII; Luis Quijano Axle, Presidente la ASOFOM, as\u00ed como m\u00e1s de 200 representantes de diferentes c\u00e1maras y organismos empresariales como CANAIVES, CANIETI, CANAINMA, CANAPAR, CIRT, INDEX, CANIRAC, AMMEJUC, AAPROTUI y la AAAYAC.<\/p>\n<p><strong>Fecha de publicaci\u00f3n martes 16 de abril de 2024<\/strong><\/p>\n","protected":false},"excerpt":{"rendered":"<p>M\u00c9RIDA, YUCATAN, MX.\u02d7\u02d7\u02d7 Atraer nuevas inversiones para M\u00e9xico, pero que estas sean ordenadas y que&#8230;<\/p>\n","protected":false},"author":1,"featured_media":187675,"comment_status":"open","ping_status":"open","sticky":false,"template":"","format":"standard","meta":{"_monsterinsights_skip_tracking":false,"_monsterinsights_sitenote_active":false,"_monsterinsights_sitenote_note":"","_monsterinsights_sitenote_category":0,"footnotes":""},"categories":[9400],"tags":[2432],"class_list":["post"],"yoast_head":" \n<title>Sonora en Equipo. \u2019\u2019Con nosotros le va a ir bien a Yucat\u00e1n\u2019\u2019: Claudia Sheinbaum ELECCI\u00d3NES<\/title>\n<meta name=\"description\" content=\"M\u00c9RIDA, YUCATAN, MX.\u02d7\u02d7\u02d7 Atraer nuevas inversiones para M\u00e9xico, pero que estas sean ordenadas y que tengan como objetivo traer bienestar a los mexicanos y En Sonora en Equipo publicamos toda la informaci\u00f3n de Sonora, M\u00e9xico y el Mundo de manera oportuna y busca que la libertad de expresi\u00f3n sea real. Visita nuestro medio informativo publicado desde Hermosillo, Sonora. %\" \/>\n<meta name=\"robots\" content=\"index, follow, max-snippet:-1, max-image-preview:large, max-video-preview:-1\" \/>\n<link rel=\"canonical\" href=\"https:\/\/www.sonoraenequipo.com.mx\/con-nosotros-le-va-a-ir-bien-a-yucatan-claudia-sheinbaum\/\" \/>\n<meta property=\"og:locale\" content=\"es_ES\" \/>\n<meta property=\"og:type\" content=\"article\" \/>\n<meta property=\"og:title\" content=\"Sonora en Equipo. \u2019\u2019Con nosotros le va a ir bien a Yucat\u00e1n\u2019\u2019: Claudia Sheinbaum ELECCI\u00d3NES\" \/>\n<meta property=\"og:description\" content=\"M\u00c9RIDA, YUCATAN, MX.\u02d7\u02d7\u02d7 Atraer nuevas inversiones para M\u00e9xico, pero que estas sean ordenadas y que tengan como objetivo traer bienestar a los mexicanos y En Sonora en Equipo publicamos toda la informaci\u00f3n de Sonora, M\u00e9xico y el Mundo de manera oportuna y busca que la libertad de expresi\u00f3n sea real. Visita nuestro medio informativo publicado desde Hermosillo, Sonora. %\" \/>\n<meta property=\"og:url\" content=\"https:\/\/www.sonoraenequipo.com.mx\/con-nosotros-le-va-a-ir-bien-a-yucatan-claudia-sheinbaum\/\" \/>\n<meta property=\"og:site_name\" content=\"Sonora en Equipo.\" \/>\n<meta property=\"article:publisher\" content=\"https:\/\/www.facebook.com\/SonoraEE\/\" \/>\n<meta property=\"article:author\" content=\"https:\/\/www.facebook.com\/SonoraEE\" \/>\n<meta property=\"article:published_time\" content=\"2024-04-16T20:40:40+00:00\" \/>\n<meta property=\"og:image\" content=\"https:\/\/www.sonoraenequipo.com.mx\/storage\/2024\/04\/CSP-MERIDA.jpg\" \/>\n\t<meta property=\"og:image:width\" content=\"900\" \/>\n\t<meta property=\"og:image:height\" content=\"471\" \/>\n\t<meta property=\"og:image:type\" content=\"image\/jpeg\" \/>\n<meta name=\"author\" content=\"enequipo\" \/>\n<meta name=\"twitter:card\" content=\"summary_large_image\" \/>\n<meta name=\"twitter:creator\" content=\"@sonoraenequipo\" \/>\n<meta name=\"twitter:site\" content=\"@sonoraenequipo\" \/>\n<meta name=\"twitter:label1\" content=\"Escrito por\" \/>\n\t<meta name=\"twitter:data1\" content=\"enequipo\" \/>\n\t<meta name=\"twitter:label2\" content=\"Tiempo de lectura\" \/>\n\t<meta name=\"twitter:data2\" content=\"3 minutos\" \/>\n<script type=\"application\/ld+json\" class=\"yoast-schema-graph\">{\"@context\":\"https:\/\/schema.org\",\"@graph\":[{\"@type\":\"Article\",\"@id\":\"https:\/\/www.sonoraenequipo.com.mx\/con-nosotros-le-va-a-ir-bien-a-yucatan-claudia-sheinbaum\/#article\",\"isPartOf\":{\"@id\":\"https:\/\/www.sonoraenequipo.com.mx\/con-nosotros-le-va-a-ir-bien-a-yucatan-claudia-sheinbaum\/\"},\"author\":{\"name\":\"enequipo\",\"@id\":\"https:\/\/www.sonoraenequipo.com.mx\/#\/schema\/person\/50102df0fb23a8fa9e8effad8fa81386\"},\"headline\":\"\u2019\u2019Con nosotros le va a ir bien a Yucat\u00e1n\u2019\u2019: Claudia Sheinbaum\",\"datePublished\":\"2024-04-16T20:40:40+00:00\",\"mainEntityOfPage\":{\"@id\":\"https:\/\/www.sonoraenequipo.com.mx\/con-nosotros-le-va-a-ir-bien-a-yucatan-claudia-sheinbaum\/\"},\"wordCount\":647,\"commentCount\":0,\"publisher\":{\"@id\":\"https:\/\/www.sonoraenequipo.com.mx\/#organization\"},\"image\":{\"@id\":\"https:\/\/www.sonoraenequipo.com.mx\/con-nosotros-le-va-a-ir-bien-a-yucatan-claudia-sheinbaum\/#primaryimage\"},\"thumbnailUrl\":\"https:\/\/www.sonoraenequipo.com.mx\/storage\/2024\/04\/CSP-MERIDA.jpg\",\"keywords\":[\"Claudia Sheinbaum\"],\"articleSection\":[\"ELECCI\u00d3NES\"],\"inLanguage\":\"es\",\"potentialAction\":[{\"@type\":\"CommentAction\",\"name\":\"Comment\",\"target\":[\"https:\/\/www.sonoraenequipo.com.mx\/con-nosotros-le-va-a-ir-bien-a-yucatan-claudia-sheinbaum\/#respond\"]}]},{\"@type\":\"WebPage\",\"@id\":\"https:\/\/www.sonoraenequipo.com.mx\/con-nosotros-le-va-a-ir-bien-a-yucatan-claudia-sheinbaum\/\",\"url\":\"https:\/\/www.sonoraenequipo.com.mx\/con-nosotros-le-va-a-ir-bien-a-yucatan-claudia-sheinbaum\/\",\"name\":\"Sonora en Equipo. \u2019\u2019Con nosotros le va a ir bien a Yucat\u00e1n\u2019\u2019: Claudia Sheinbaum ELECCI\u00d3NES\",\"isPartOf\":{\"@id\":\"https:\/\/www.sonoraenequipo.com.mx\/#website\"},\"primaryImageOfPage\":{\"@id\":\"https:\/\/www.sonoraenequipo.com.mx\/con-nosotros-le-va-a-ir-bien-a-yucatan-claudia-sheinbaum\/#primaryimage\"},\"image\":{\"@id\":\"https:\/\/www.sonoraenequipo.com.mx\/con-nosotros-le-va-a-ir-bien-a-yucatan-claudia-sheinbaum\/#primaryimage\"},\"thumbnailUrl\":\"https:\/\/www.sonoraenequipo.com.mx\/storage\/2024\/04\/CSP-MERIDA.jpg\",\"datePublished\":\"2024-04-16T20:40:40+00:00\",\"description\":\"M\u00c9RIDA, YUCATAN, MX.\u02d7\u02d7\u02d7 Atraer nuevas inversiones para M\u00e9xico, pero que estas sean ordenadas y que tengan como objetivo traer bienestar a los mexicanos y En Sonora en Equipo publicamos toda la informaci\u00f3n de Sonora, M\u00e9xico y el Mundo de manera oportuna y busca que la libertad de expresi\u00f3n sea real. Visita nuestro medio informativo publicado desde Hermosillo, Sonora. %\",\"breadcrumb\":{\"@id\":\"https:\/\/www.sonoraenequipo.com.mx\/con-nosotros-le-va-a-ir-bien-a-yucatan-claudia-sheinbaum\/#breadcrumb\"},\"inLanguage\":\"es\",\"potentialAction\":[{\"@type\":\"ReadAction\",\"target\":[\"https:\/\/www.sonoraenequipo.com.mx\/con-nosotros-le-va-a-ir-bien-a-yucatan-claudia-sheinbaum\/\"]}]},{\"@type\":\"ImageObject\",\"inLanguage\":\"es\",\"@id\":\"https:\/\/www.sonoraenequipo.com.mx\/con-nosotros-le-va-a-ir-bien-a-yucatan-claudia-sheinbaum\/#primaryimage\",\"url\":\"https:\/\/www.sonoraenequipo.com.mx\/storage\/2024\/04\/CSP-MERIDA.jpg\",\"contentUrl\":\"https:\/\/www.sonoraenequipo.com.mx\/storage\/2024\/04\/CSP-MERIDA.jpg\",\"width\":900,\"height\":471},{\"@type\":\"BreadcrumbList\",\"@id\":\"https:\/\/www.sonoraenequipo.com.mx\/con-nosotros-le-va-a-ir-bien-a-yucatan-claudia-sheinbaum\/#breadcrumb\",\"itemListElement\":[{\"@type\":\"ListItem\",\"position\":1,\"name\":\"Portada\",\"item\":\"https:\/\/www.sonoraenequipo.com.mx\/\"},{\"@type\":\"ListItem\",\"position\":2,\"name\":\"\u2019\u2019Con nosotros le va a ir bien a Yucat\u00e1n\u2019\u2019: Claudia Sheinbaum\"}]},{\"@type\":\"WebSite\",\"@id\":\"https:\/\/www.sonoraenequipo.com.mx\/#website\",\"url\":\"https:\/\/www.sonoraenequipo.com.mx\/\",\"name\":\"Sonora en Equipo.\",\"description\":\"Diario en l\u00ednea con Noticias desde Hermosillo, Sonora\",\"publisher\":{\"@id\":\"https:\/\/www.sonoraenequipo.com.mx\/#organization\"},\"potentialAction\":[{\"@type\":\"SearchAction\",\"target\":{\"@type\":\"EntryPoint\",\"urlTemplate\":\"https:\/\/www.sonoraenequipo.com.mx\/?s={search_term_string}\"},\"query-input\":{\"@type\":\"PropertyValueSpecification\",\"valueRequired\":true,\"valueName\":\"search_term_string\"}}],\"inLanguage\":\"es\"},{\"@type\":\"Organization\",\"@id\":\"https:\/\/www.sonoraenequipo.com.mx\/#organization\",\"name\":\"Sonoraenequipo.com.mx\",\"url\":\"https:\/\/www.sonoraenequipo.com.mx\/\",\"logo\":{\"@type\":\"ImageObject\",\"inLanguage\":\"es\",\"@id\":\"https:\/\/www.sonoraenequipo.com.mx\/#\/schema\/logo\/image\/\",\"url\":\"https:\/\/www.sonoraenequipo.com.mx\/storage\/2019\/01\/sonoraenequipo_opt.png\",\"contentUrl\":\"https:\/\/www.sonoraenequipo.com.mx\/storage\/2019\/01\/sonoraenequipo_opt.png\",\"width\":375,\"height\":125,\"caption\":\"Sonoraenequipo.com.mx\"},\"image\":{\"@id\":\"https:\/\/www.sonoraenequipo.com.mx\/#\/schema\/logo\/image\/\"},\"sameAs\":[\"https:\/\/www.facebook.com\/SonoraEE\/\",\"https:\/\/x.com\/sonoraenequipo\",\"https:\/\/www.youtube.com\/channel\/UC338nW-lPEYmJQs4ZABQ1SQ\"]},{\"@type\":\"Person\",\"@id\":\"https:\/\/www.sonoraenequipo.com.mx\/#\/schema\/person\/50102df0fb23a8fa9e8effad8fa81386\",\"name\":\"enequipo\",\"image\":{\"@type\":\"ImageObject\",\"inLanguage\":\"es\",\"@id\":\"https:\/\/www.sonoraenequipo.com.mx\/#\/schema\/person\/image\/\",\"url\":\"https:\/\/secure.gravatar.com\/avatar\/049821681b589dabc0bc20695993ccebb09f5b5d4d790cd9251b97faac7c652b?s=96&d=blank&r=g\",\"contentUrl\":\"https:\/\/secure.gravatar.com\/avatar\/049821681b589dabc0bc20695993ccebb09f5b5d4d790cd9251b97faac7c652b?s=96&d=blank&r=g\",\"caption\":\"enequipo\"},\"sameAs\":[\"https:\/\/www.facebook.com\/SonoraEE\"]}]}<\/script>\n ","yoast_head_json":{"title":"Sonora en Equipo. \u2019\u2019Con nosotros le va a ir bien a Yucat\u00e1n\u2019\u2019: Claudia Sheinbaum ELECCI\u00d3NES","description":"M\u00c9RIDA, YUCATAN, MX.\u02d7\u02d7\u02d7 Atraer nuevas inversiones para M\u00e9xico, pero que estas sean ordenadas y que tengan como objetivo traer bienestar a los mexicanos y En Sonora en Equipo publicamos toda la informaci\u00f3n de Sonora, M\u00e9xico y el Mundo de manera oportuna y busca que la libertad de expresi\u00f3n sea real. Visita nuestro medio informativo publicado desde Hermosillo, Sonora. %","robots":{"index":"index","follow":"follow","max-snippet":"max-snippet:-1","max-image-preview":"max-image-preview:large","max-video-preview":"max-video-preview:-1"},"canonical":"https:\/\/www.sonoraenequipo.com.mx\/con-nosotros-le-va-a-ir-bien-a-yucatan-claudia-sheinbaum\/","og_locale":"es_ES","og_type":"article","og_title":"Sonora en Equipo. \u2019\u2019Con nosotros le va a ir bien a Yucat\u00e1n\u2019\u2019: Claudia Sheinbaum ELECCI\u00d3NES","og_description":"M\u00c9RIDA, YUCATAN, MX.\u02d7\u02d7\u02d7 Atraer nuevas inversiones para M\u00e9xico, pero que estas sean ordenadas y que tengan como objetivo traer bienestar a los mexicanos y En Sonora en Equipo publicamos toda la informaci\u00f3n de Sonora, M\u00e9xico y el Mundo de manera oportuna y busca que la libertad de expresi\u00f3n sea real. Visita nuestro medio informativo publicado desde Hermosillo, Sonora. %","og_url":"https:\/\/www.sonoraenequipo.com.mx\/con-nosotros-le-va-a-ir-bien-a-yucatan-claudia-sheinbaum\/","og_site_name":"Sonora en Equipo.","article_publisher":"https:\/\/www.facebook.com\/SonoraEE\/","article_author":"https:\/\/www.facebook.com\/SonoraEE","article_published_time":"2024-04-16T20:40:40+00:00","og_image":[{"width":900,"height":471,"url":"https:\/\/www.sonoraenequipo.com.mx\/storage\/2024\/04\/CSP-MERIDA.jpg","type":"image\/jpeg"}],"author":"enequipo","twitter_card":"summary_large_image","twitter_creator":"@sonoraenequipo","twitter_site":"@sonoraenequipo","twitter_misc":{"Escrito por":"enequipo","Tiempo de lectura":"3 minutos"},"schema":{"@context":"https:\/\/schema.org","@graph":[{"@type":"Article","@id":"https:\/\/www.sonoraenequipo.com.mx\/con-nosotros-le-va-a-ir-bien-a-yucatan-claudia-sheinbaum\/#article","isPartOf":{"@id":"https:\/\/www.sonoraenequipo.com.mx\/con-nosotros-le-va-a-ir-bien-a-yucatan-claudia-sheinbaum\/"},"author":{"name":"enequipo","@id":"https:\/\/www.sonoraenequipo.com.mx\/#\/schema\/person\/50102df0fb23a8fa9e8effad8fa81386"},"headline":"\u2019\u2019Con nosotros le va a ir bien a Yucat\u00e1n\u2019\u2019: Claudia Sheinbaum","datePublished":"2024-04-16T20:40:40+00:00","mainEntityOfPage":{"@id":"https:\/\/www.sonoraenequipo.com.mx\/con-nosotros-le-va-a-ir-bien-a-yucatan-claudia-sheinbaum\/"},"wordCount":647,"commentCount":0,"publisher":{"@id":"https:\/\/www.sonoraenequipo.com.mx\/#organization"},"image":{"@id":"https:\/\/www.sonoraenequipo.com.mx\/con-nosotros-le-va-a-ir-bien-a-yucatan-claudia-sheinbaum\/#primaryimage"},"thumbnailUrl":"https:\/\/www.sonoraenequipo.com.mx\/storage\/2024\/04\/CSP-MERIDA.jpg","keywords":["Claudia Sheinbaum"],"articleSection":["ELECCI\u00d3NES"],"inLanguage":"es","potentialAction":[{"@type":"CommentAction","name":"Comment","target":["https:\/\/www.sonoraenequipo.com.mx\/con-nosotros-le-va-a-ir-bien-a-yucatan-claudia-sheinbaum\/#respond"]}]},{"@type":"WebPage","@id":"https:\/\/www.sonoraenequipo.com.mx\/con-nosotros-le-va-a-ir-bien-a-yucatan-claudia-sheinbaum\/","url":"https:\/\/www.sonoraenequipo.com.mx\/con-nosotros-le-va-a-ir-bien-a-yucatan-claudia-sheinbaum\/","name":"Sonora en Equipo. \u2019\u2019Con nosotros le va a ir bien a Yucat\u00e1n\u2019\u2019: Claudia Sheinbaum ELECCI\u00d3NES","isPartOf":{"@id":"https:\/\/www.sonoraenequipo.com.mx\/#website"},"primaryImageOfPage":{"@id":"https:\/\/www.sonoraenequipo.com.mx\/con-nosotros-le-va-a-ir-bien-a-yucatan-claudia-sheinbaum\/#primaryimage"},"image":{"@id":"https:\/\/www.sonoraenequipo.com.mx\/con-nosotros-le-va-a-ir-bien-a-yucatan-claudia-sheinbaum\/#primaryimage"},"thumbnailUrl":"https:\/\/www.sonoraenequipo.com.mx\/storage\/2024\/04\/CSP-MERIDA.jpg","datePublished":"2024-04-16T20:40:40+00:00","description":"M\u00c9RIDA, YUCATAN, MX.\u02d7\u02d7\u02d7 Atraer nuevas inversiones para M\u00e9xico, pero que estas sean ordenadas y que tengan como objetivo traer bienestar a los mexicanos y En Sonora en Equipo publicamos toda la informaci\u00f3n de Sonora, M\u00e9xico y el Mundo de manera oportuna y busca que la libertad de expresi\u00f3n sea real. Visita nuestro medio informativo publicado desde Hermosillo, Sonora. %","breadcrumb":{"@id":"https:\/\/www.sonoraenequipo.com.mx\/con-nosotros-le-va-a-ir-bien-a-yucatan-claudia-sheinbaum\/#breadcrumb"},"inLanguage":"es","potentialAction":[{"@type":"ReadAction","target":["https:\/\/www.sonoraenequipo.com.mx\/con-nosotros-le-va-a-ir-bien-a-yucatan-claudia-sheinbaum\/"]}]},{"@type":"ImageObject","inLanguage":"es","@id":"https:\/\/www.sonoraenequipo.com.mx\/con-nosotros-le-va-a-ir-bien-a-yucatan-claudia-sheinbaum\/#primaryimage","url":"https:\/\/www.sonoraenequipo.com.mx\/storage\/2024\/04\/CSP-MERIDA.jpg","contentUrl":"https:\/\/www.sonoraenequipo.com.mx\/storage\/2024\/04\/CSP-MERIDA.jpg","width":900,"height":471},{"@type":"BreadcrumbList","@id":"https:\/\/www.sonoraenequipo.com.mx\/con-nosotros-le-va-a-ir-bien-a-yucatan-claudia-sheinbaum\/#breadcrumb","itemListElement":[{"@type":"ListItem","position":1,"name":"Portada","item":"https:\/\/www.sonoraenequipo.com.mx\/"},{"@type":"ListItem","position":2,"name":"\u2019\u2019Con nosotros le va a ir bien a Yucat\u00e1n\u2019\u2019: Claudia Sheinbaum"}]},{"@type":"WebSite","@id":"https:\/\/www.sonoraenequipo.com.mx\/#website","url":"https:\/\/www.sonoraenequipo.com.mx\/","name":"Sonora en Equipo.","description":"Diario en l\u00ednea con Noticias desde Hermosillo, Sonora","publisher":{"@id":"https:\/\/www.sonoraenequipo.com.mx\/#organization"},"potentialAction":[{"@type":"SearchAction","target":{"@type":"EntryPoint","urlTemplate":"https:\/\/www.sonoraenequipo.com.mx\/?s={search_term_string}"},"query-input":{"@type":"PropertyValueSpecification","valueRequired":true,"valueName":"search_term_string"}}],"inLanguage":"es"},{"@type":"Organization","@id":"https:\/\/www.sonoraenequipo.com.mx\/#organization","name":"Sonoraenequipo.com.mx","url":"https:\/\/www.sonoraenequipo.com.mx\/","logo":{"@type":"ImageObject","inLanguage":"es","@id":"https:\/\/www.sonoraenequipo.com.mx\/#\/schema\/logo\/image\/","url":"https:\/\/www.sonoraenequipo.com.mx\/storage\/2019\/01\/sonoraenequipo_opt.png","contentUrl":"https:\/\/www.sonoraenequipo.com.mx\/storage\/2019\/01\/sonoraenequipo_opt.png","width":375,"height":125,"caption":"Sonoraenequipo.com.mx"},"image":{"@id":"https:\/\/www.sonoraenequipo.com.mx\/#\/schema\/logo\/image\/"},"sameAs":["https:\/\/www.facebook.com\/SonoraEE\/","https:\/\/x.com\/sonoraenequipo","https:\/\/www.youtube.com\/channel\/UC338nW-lPEYmJQs4ZABQ1SQ"]},{"@type":"Person","@id":"https:\/\/www.sonoraenequipo.com.mx\/#\/schema\/person\/50102df0fb23a8fa9e8effad8fa81386","name":"enequipo","image":{"@type":"ImageObject","inLanguage":"es","@id":"https:\/\/www.sonoraenequipo.com.mx\/#\/schema\/person\/image\/","url":"https:\/\/secure.gravatar.com\/avatar\/049821681b589dabc0bc20695993ccebb09f5b5d4d790cd9251b97faac7c652b?s=96&d=blank&r=g","contentUrl":"https:\/\/secure.gravatar.com\/avatar\/049821681b589dabc0bc20695993ccebb09f5b5d4d790cd9251b97faac7c652b?s=96&d=blank&r=g","caption":"enequipo"},"sameAs":["https:\/\/www.facebook.com\/SonoraEE"]}]}},"jetpack_featured_media_url":"https:\/\/www.sonoraenequipo.com.mx\/storage\/2024\/04\/CSP-MERIDA.jpg","_links":{"self":[{"href":"https:\/\/www.sonoraenequipo.com.mx\/api\/wp\/v2\/posts\/187674","targetHints":{"allow":["GET"]}}],"collection":[{"href":"https:\/\/www.sonoraenequipo.com.mx\/api\/wp\/v2\/posts"}],"about":[{"href":"https:\/\/www.sonoraenequipo.com.mx\/api\/wp\/v2\/types\/post"}],"author":[{"embeddable":true,"href":"https:\/\/www.sonoraenequipo.com.mx\/api\/wp\/v2\/users\/1"}],"replies":[{"embeddable":true,"href":"https:\/\/www.sonoraenequipo.com.mx\/api\/wp\/v2\/comments?post=187674"}],"version-history":[{"count":1,"href":"https:\/\/www.sonoraenequipo.com.mx\/api\/wp\/v2\/posts\/187674\/revisions"}],"predecessor-version":[{"id":187676,"href":"https:\/\/www.sonoraenequipo.com.mx\/api\/wp\/v2\/posts\/187674\/revisions\/187676"}],"wp:featuredmedia":[{"embeddable":true,"href":"https:\/\/www.sonoraenequipo.com.mx\/api\/wp\/v2\/media\/187675"}],"wp:attachment":[{"href":"https:\/\/www.sonoraenequipo.com.mx\/api\/wp\/v2\/media?parent=187674"}],"wp:term":[{"taxonomy":"category","embeddable":true,"href":"https:\/\/www.sonoraenequipo.com.mx\/api\/wp\/v2\/categories?post=187674"},{"taxonomy":"post_tag","embeddable":true,"href":"https:\/\/www.sonoraenequipo.com.mx\/api\/wp\/v2\/tags?post=187674"}],"curies":[{"name":"wp","href":"https:\/\/api.w.org\/{rel}","templated":true}]}}