{"id":187692,"date":"2024-04-15T20:23:24","date_gmt":"2024-04-16T03:23:24","guid":{"rendered":"https:\/\/www.sonoraenequipo.com.mx\/?p=187692"},"modified":"2024-04-16T16:19:04","modified_gmt":"2024-04-16T23:19:04","slug":"presidente-y-delegacion-del-gobierno-de-china-acuerdan-continuar-amistad-y-cooperacion","status":"publish","type":"post","link":"https:\/\/www.sonoraenequipo.com.mx\/presidente-y-delegacion-del-gobierno-de-china-acuerdan-continuar-amistad-y-cooperacion\/","title":{"rendered":"Presidente y delegaci\u00f3n del gobierno de China acuerdan continuar amistad y cooperaci\u00f3n"},"content":{"rendered":"<p><strong>CIUDAD DE M\u00c9XICO. MX. \u2014<\/strong> El presidente Andr\u00e9s Manuel L\u00f3pez Obrador se reuni\u00f3 con el representante especial del gobierno chino para Asuntos Latinoamericanos y vicepresidente de la Asociaci\u00f3n China de Diplomacia P\u00fablica, Qiu Xiaoqi.<\/p>\n<p> <\/p>\n<p>En sus redes sociales, el mandatario inform\u00f3 que acordaron continuar la buena relaci\u00f3n en materia econ\u00f3mica, comercial, de control de tr\u00e1fico de precursores qu\u00edmicos y, desde luego, de amistad y cultura.<\/p>\n<p>En el encuentro participaron por parte del Gobierno de M\u00e9xico acompa\u00f1aron al presidente, las secretarias de Relaciones Exteriores, Alicia B\u00e1rcena Ibarra; de Seguridad y Protecci\u00f3n Ciudadana, Rosa Icela Rodr\u00edguez Vel\u00e1zquez y los secretarios de la Defensa Nacional, Luis Cresencio Sandoval Gonz\u00e1lez y de Marina, Jose Rafael Ojeda Dur\u00e1n.<\/p>\n<p>La delegaci\u00f3n de China estuvo integrada por el embajador de la Rep\u00fablica Popular China en M\u00e9xico, Zhang Run; la embajadora de la Direcci\u00f3n General para Am\u00e9rica y el Caribe del Ministerio de Asuntos Exteriores de China y ex embajadora de China en El Salvador, Ou Jianhong; la consejera de la Direcci\u00f3n General de Prensa del Ministerio de Asuntos Exteriores de China, Lu Xu; el consejero de la Direcci\u00f3n General para Am\u00e9rica y el Caribe del Ministerio de Asuntos Exteriores de China, Chen Ping; la tercera secretaria de la Direcci\u00f3n General de Prensa del Ministerio de Asuntos Exteriores de China, Bai Yihe; el jefe de la Secci\u00f3n Pol\u00edtica y Prensa de la Embajada, Chen Xiang y la secretaria particular del embajador, Yao Xing.<\/p>\n<p>PUBLICADO EL 15 DE ABRIL DE 2024\/ Con informaci\u00f3n de GOBMEX)<\/p>\n","protected":false},"excerpt":{"rendered":"<p>CIUDAD DE M\u00c9XICO. MX. \u2014 El presidente Andr\u00e9s Manuel L\u00f3pez Obrador se reuni\u00f3 con el&#8230;<\/p>\n","protected":false},"author":1,"featured_media":187695,"comment_status":"open","ping_status":"open","sticky":false,"template":"","format":"standard","meta":{"_monsterinsights_skip_tracking":false,"_monsterinsights_sitenote_active":false,"_monsterinsights_sitenote_note":"","_monsterinsights_sitenote_category":0,"footnotes":""},"categories":[5],"tags":[],"class_list":["post"],"yoast_head":" \n<title>Sonora en Equipo. Presidente y delegaci\u00f3n del gobierno de China acuerdan continuar amistad y cooperaci\u00f3n Rep\u00fablica<\/title>\n<meta name=\"description\" content=\"CIUDAD DE M\u00c9XICO. MX. \u2014 El presidente Andr\u00e9s Manuel L\u00f3pez Obrador se reuni\u00f3 con el representante especial del gobierno chino para Asuntos Latinoamericanos En Sonora en Equipo publicamos toda la informaci\u00f3n de Sonora, M\u00e9xico y el Mundo de manera oportuna y busca que la libertad de expresi\u00f3n sea real. Visita nuestro medio informativo publicado desde Hermosillo, Sonora. %\" \/>\n<meta name=\"robots\" content=\"index, follow, max-snippet:-1, max-image-preview:large, max-video-preview:-1\" \/>\n<link rel=\"canonical\" href=\"https:\/\/www.sonoraenequipo.com.mx\/presidente-y-delegacion-del-gobierno-de-china-acuerdan-continuar-amistad-y-cooperacion\/\" \/>\n<meta property=\"og:locale\" content=\"es_ES\" \/>\n<meta property=\"og:type\" content=\"article\" \/>\n<meta property=\"og:title\" content=\"Sonora en Equipo. Presidente y delegaci\u00f3n del gobierno de China acuerdan continuar amistad y cooperaci\u00f3n Rep\u00fablica\" \/>\n<meta property=\"og:description\" content=\"CIUDAD DE M\u00c9XICO. MX. \u2014 El presidente Andr\u00e9s Manuel L\u00f3pez Obrador se reuni\u00f3 con el representante especial del gobierno chino para Asuntos Latinoamericanos En Sonora en Equipo publicamos toda la informaci\u00f3n de Sonora, M\u00e9xico y el Mundo de manera oportuna y busca que la libertad de expresi\u00f3n sea real. Visita nuestro medio informativo publicado desde Hermosillo, Sonora. %\" \/>\n<meta property=\"og:url\" content=\"https:\/\/www.sonoraenequipo.com.mx\/presidente-y-delegacion-del-gobierno-de-china-acuerdan-continuar-amistad-y-cooperacion\/\" \/>\n<meta property=\"og:site_name\" content=\"Sonora en Equipo.\" \/>\n<meta property=\"article:publisher\" content=\"https:\/\/www.facebook.com\/SonoraEE\/\" \/>\n<meta property=\"article:author\" content=\"https:\/\/www.facebook.com\/SonoraEE\" \/>\n<meta property=\"article:published_time\" content=\"2024-04-16T03:23:24+00:00\" \/>\n<meta property=\"article:modified_time\" content=\"2024-04-16T23:19:04+00:00\" \/>\n<meta property=\"og:image\" content=\"https:\/\/www.sonoraenequipo.com.mx\/storage\/2024\/04\/2024-04-15-Presidente-AMLO-Reunion-delegacion-China-Foto-01-min.jpg\" \/>\n\t<meta property=\"og:image:width\" content=\"1400\" \/>\n\t<meta property=\"og:image:height\" content=\"1000\" \/>\n\t<meta property=\"og:image:type\" content=\"image\/jpeg\" \/>\n<meta name=\"author\" content=\"enequipo\" \/>\n<meta name=\"twitter:card\" content=\"summary_large_image\" \/>\n<meta name=\"twitter:creator\" content=\"@sonoraenequipo\" \/>\n<meta name=\"twitter:site\" content=\"@sonoraenequipo\" \/>\n<meta name=\"twitter:label1\" content=\"Escrito por\" \/>\n\t<meta name=\"twitter:data1\" content=\"enequipo\" \/>\n\t<meta name=\"twitter:label2\" content=\"Tiempo de lectura\" \/>\n\t<meta name=\"twitter:data2\" content=\"1 minuto\" \/>\n<script type=\"application\/ld+json\" class=\"yoast-schema-graph\">{\"@context\":\"https:\/\/schema.org\",\"@graph\":[{\"@type\":\"Article\",\"@id\":\"https:\/\/www.sonoraenequipo.com.mx\/presidente-y-delegacion-del-gobierno-de-china-acuerdan-continuar-amistad-y-cooperacion\/#article\",\"isPartOf\":{\"@id\":\"https:\/\/www.sonoraenequipo.com.mx\/presidente-y-delegacion-del-gobierno-de-china-acuerdan-continuar-amistad-y-cooperacion\/\"},\"author\":{\"name\":\"enequipo\",\"@id\":\"https:\/\/www.sonoraenequipo.com.mx\/#\/schema\/person\/50102df0fb23a8fa9e8effad8fa81386\"},\"headline\":\"Presidente y delegaci\u00f3n del gobierno de China acuerdan continuar amistad y cooperaci\u00f3n\",\"datePublished\":\"2024-04-16T03:23:24+00:00\",\"dateModified\":\"2024-04-16T23:19:04+00:00\",\"mainEntityOfPage\":{\"@id\":\"https:\/\/www.sonoraenequipo.com.mx\/presidente-y-delegacion-del-gobierno-de-china-acuerdan-continuar-amistad-y-cooperacion\/\"},\"wordCount\":286,\"commentCount\":0,\"publisher\":{\"@id\":\"https:\/\/www.sonoraenequipo.com.mx\/#organization\"},\"image\":{\"@id\":\"https:\/\/www.sonoraenequipo.com.mx\/presidente-y-delegacion-del-gobierno-de-china-acuerdan-continuar-amistad-y-cooperacion\/#primaryimage\"},\"thumbnailUrl\":\"https:\/\/www.sonoraenequipo.com.mx\/storage\/2024\/04\/2024-04-15-Presidente-AMLO-Reunion-delegacion-China-Foto-01-min.jpg\",\"articleSection\":[\"Rep\u00fablica\"],\"inLanguage\":\"es\",\"potentialAction\":[{\"@type\":\"CommentAction\",\"name\":\"Comment\",\"target\":[\"https:\/\/www.sonoraenequipo.com.mx\/presidente-y-delegacion-del-gobierno-de-china-acuerdan-continuar-amistad-y-cooperacion\/#respond\"]}]},{\"@type\":\"WebPage\",\"@id\":\"https:\/\/www.sonoraenequipo.com.mx\/presidente-y-delegacion-del-gobierno-de-china-acuerdan-continuar-amistad-y-cooperacion\/\",\"url\":\"https:\/\/www.sonoraenequipo.com.mx\/presidente-y-delegacion-del-gobierno-de-china-acuerdan-continuar-amistad-y-cooperacion\/\",\"name\":\"Sonora en Equipo. Presidente y delegaci\u00f3n del gobierno de China acuerdan continuar amistad y cooperaci\u00f3n Rep\u00fablica\",\"isPartOf\":{\"@id\":\"https:\/\/www.sonoraenequipo.com.mx\/#website\"},\"primaryImageOfPage\":{\"@id\":\"https:\/\/www.sonoraenequipo.com.mx\/presidente-y-delegacion-del-gobierno-de-china-acuerdan-continuar-amistad-y-cooperacion\/#primaryimage\"},\"image\":{\"@id\":\"https:\/\/www.sonoraenequipo.com.mx\/presidente-y-delegacion-del-gobierno-de-china-acuerdan-continuar-amistad-y-cooperacion\/#primaryimage\"},\"thumbnailUrl\":\"https:\/\/www.sonoraenequipo.com.mx\/storage\/2024\/04\/2024-04-15-Presidente-AMLO-Reunion-delegacion-China-Foto-01-min.jpg\",\"datePublished\":\"2024-04-16T03:23:24+00:00\",\"dateModified\":\"2024-04-16T23:19:04+00:00\",\"description\":\"CIUDAD DE M\u00c9XICO. MX. \u2014 El presidente Andr\u00e9s Manuel L\u00f3pez Obrador se reuni\u00f3 con el representante especial del gobierno chino para Asuntos Latinoamericanos En Sonora en Equipo publicamos toda la informaci\u00f3n de Sonora, M\u00e9xico y el Mundo de manera oportuna y busca que la libertad de expresi\u00f3n sea real. Visita nuestro medio informativo publicado desde Hermosillo, Sonora. %\",\"breadcrumb\":{\"@id\":\"https:\/\/www.sonoraenequipo.com.mx\/presidente-y-delegacion-del-gobierno-de-china-acuerdan-continuar-amistad-y-cooperacion\/#breadcrumb\"},\"inLanguage\":\"es\",\"potentialAction\":[{\"@type\":\"ReadAction\",\"target\":[\"https:\/\/www.sonoraenequipo.com.mx\/presidente-y-delegacion-del-gobierno-de-china-acuerdan-continuar-amistad-y-cooperacion\/\"]}]},{\"@type\":\"ImageObject\",\"inLanguage\":\"es\",\"@id\":\"https:\/\/www.sonoraenequipo.com.mx\/presidente-y-delegacion-del-gobierno-de-china-acuerdan-continuar-amistad-y-cooperacion\/#primaryimage\",\"url\":\"https:\/\/www.sonoraenequipo.com.mx\/storage\/2024\/04\/2024-04-15-Presidente-AMLO-Reunion-delegacion-China-Foto-01-min.jpg\",\"contentUrl\":\"https:\/\/www.sonoraenequipo.com.mx\/storage\/2024\/04\/2024-04-15-Presidente-AMLO-Reunion-delegacion-China-Foto-01-min.jpg\",\"width\":1400,\"height\":1000},{\"@type\":\"BreadcrumbList\",\"@id\":\"https:\/\/www.sonoraenequipo.com.mx\/presidente-y-delegacion-del-gobierno-de-china-acuerdan-continuar-amistad-y-cooperacion\/#breadcrumb\",\"itemListElement\":[{\"@type\":\"ListItem\",\"position\":1,\"name\":\"Portada\",\"item\":\"https:\/\/www.sonoraenequipo.com.mx\/\"},{\"@type\":\"ListItem\",\"position\":2,\"name\":\"Presidente y delegaci\u00f3n del gobierno de China acuerdan continuar amistad y cooperaci\u00f3n\"}]},{\"@type\":\"WebSite\",\"@id\":\"https:\/\/www.sonoraenequipo.com.mx\/#website\",\"url\":\"https:\/\/www.sonoraenequipo.com.mx\/\",\"name\":\"Sonora en Equipo.\",\"description\":\"Diario en l\u00ednea con Noticias desde Hermosillo, Sonora\",\"publisher\":{\"@id\":\"https:\/\/www.sonoraenequipo.com.mx\/#organization\"},\"potentialAction\":[{\"@type\":\"SearchAction\",\"target\":{\"@type\":\"EntryPoint\",\"urlTemplate\":\"https:\/\/www.sonoraenequipo.com.mx\/?s={search_term_string}\"},\"query-input\":{\"@type\":\"PropertyValueSpecification\",\"valueRequired\":true,\"valueName\":\"search_term_string\"}}],\"inLanguage\":\"es\"},{\"@type\":\"Organization\",\"@id\":\"https:\/\/www.sonoraenequipo.com.mx\/#organization\",\"name\":\"Sonoraenequipo.com.mx\",\"url\":\"https:\/\/www.sonoraenequipo.com.mx\/\",\"logo\":{\"@type\":\"ImageObject\",\"inLanguage\":\"es\",\"@id\":\"https:\/\/www.sonoraenequipo.com.mx\/#\/schema\/logo\/image\/\",\"url\":\"https:\/\/www.sonoraenequipo.com.mx\/storage\/2019\/01\/sonoraenequipo_opt.png\",\"contentUrl\":\"https:\/\/www.sonoraenequipo.com.mx\/storage\/2019\/01\/sonoraenequipo_opt.png\",\"width\":375,\"height\":125,\"caption\":\"Sonoraenequipo.com.mx\"},\"image\":{\"@id\":\"https:\/\/www.sonoraenequipo.com.mx\/#\/schema\/logo\/image\/\"},\"sameAs\":[\"https:\/\/www.facebook.com\/SonoraEE\/\",\"https:\/\/x.com\/sonoraenequipo\",\"https:\/\/www.youtube.com\/channel\/UC338nW-lPEYmJQs4ZABQ1SQ\"]},{\"@type\":\"Person\",\"@id\":\"https:\/\/www.sonoraenequipo.com.mx\/#\/schema\/person\/50102df0fb23a8fa9e8effad8fa81386\",\"name\":\"enequipo\",\"image\":{\"@type\":\"ImageObject\",\"inLanguage\":\"es\",\"@id\":\"https:\/\/www.sonoraenequipo.com.mx\/#\/schema\/person\/image\/\",\"url\":\"https:\/\/secure.gravatar.com\/avatar\/049821681b589dabc0bc20695993ccebb09f5b5d4d790cd9251b97faac7c652b?s=96&d=blank&r=g\",\"contentUrl\":\"https:\/\/secure.gravatar.com\/avatar\/049821681b589dabc0bc20695993ccebb09f5b5d4d790cd9251b97faac7c652b?s=96&d=blank&r=g\",\"caption\":\"enequipo\"},\"sameAs\":[\"https:\/\/www.facebook.com\/SonoraEE\"]}]}<\/script>\n ","yoast_head_json":{"title":"Sonora en Equipo. Presidente y delegaci\u00f3n del gobierno de China acuerdan continuar amistad y cooperaci\u00f3n Rep\u00fablica","description":"CIUDAD DE M\u00c9XICO. MX. \u2014 El presidente Andr\u00e9s Manuel L\u00f3pez Obrador se reuni\u00f3 con el representante especial del gobierno chino para Asuntos Latinoamericanos En Sonora en Equipo publicamos toda la informaci\u00f3n de Sonora, M\u00e9xico y el Mundo de manera oportuna y busca que la libertad de expresi\u00f3n sea real. Visita nuestro medio informativo publicado desde Hermosillo, Sonora. %","robots":{"index":"index","follow":"follow","max-snippet":"max-snippet:-1","max-image-preview":"max-image-preview:large","max-video-preview":"max-video-preview:-1"},"canonical":"https:\/\/www.sonoraenequipo.com.mx\/presidente-y-delegacion-del-gobierno-de-china-acuerdan-continuar-amistad-y-cooperacion\/","og_locale":"es_ES","og_type":"article","og_title":"Sonora en Equipo. Presidente y delegaci\u00f3n del gobierno de China acuerdan continuar amistad y cooperaci\u00f3n Rep\u00fablica","og_description":"CIUDAD DE M\u00c9XICO. MX. \u2014 El presidente Andr\u00e9s Manuel L\u00f3pez Obrador se reuni\u00f3 con el representante especial del gobierno chino para Asuntos Latinoamericanos En Sonora en Equipo publicamos toda la informaci\u00f3n de Sonora, M\u00e9xico y el Mundo de manera oportuna y busca que la libertad de expresi\u00f3n sea real. Visita nuestro medio informativo publicado desde Hermosillo, Sonora. %","og_url":"https:\/\/www.sonoraenequipo.com.mx\/presidente-y-delegacion-del-gobierno-de-china-acuerdan-continuar-amistad-y-cooperacion\/","og_site_name":"Sonora en Equipo.","article_publisher":"https:\/\/www.facebook.com\/SonoraEE\/","article_author":"https:\/\/www.facebook.com\/SonoraEE","article_published_time":"2024-04-16T03:23:24+00:00","article_modified_time":"2024-04-16T23:19:04+00:00","og_image":[{"width":1400,"height":1000,"url":"https:\/\/www.sonoraenequipo.com.mx\/storage\/2024\/04\/2024-04-15-Presidente-AMLO-Reunion-delegacion-China-Foto-01-min.jpg","type":"image\/jpeg"}],"author":"enequipo","twitter_card":"summary_large_image","twitter_creator":"@sonoraenequipo","twitter_site":"@sonoraenequipo","twitter_misc":{"Escrito por":"enequipo","Tiempo de lectura":"1 minuto"},"schema":{"@context":"https:\/\/schema.org","@graph":[{"@type":"Article","@id":"https:\/\/www.sonoraenequipo.com.mx\/presidente-y-delegacion-del-gobierno-de-china-acuerdan-continuar-amistad-y-cooperacion\/#article","isPartOf":{"@id":"https:\/\/www.sonoraenequipo.com.mx\/presidente-y-delegacion-del-gobierno-de-china-acuerdan-continuar-amistad-y-cooperacion\/"},"author":{"name":"enequipo","@id":"https:\/\/www.sonoraenequipo.com.mx\/#\/schema\/person\/50102df0fb23a8fa9e8effad8fa81386"},"headline":"Presidente y delegaci\u00f3n del gobierno de China acuerdan continuar amistad y cooperaci\u00f3n","datePublished":"2024-04-16T03:23:24+00:00","dateModified":"2024-04-16T23:19:04+00:00","mainEntityOfPage":{"@id":"https:\/\/www.sonoraenequipo.com.mx\/presidente-y-delegacion-del-gobierno-de-china-acuerdan-continuar-amistad-y-cooperacion\/"},"wordCount":286,"commentCount":0,"publisher":{"@id":"https:\/\/www.sonoraenequipo.com.mx\/#organization"},"image":{"@id":"https:\/\/www.sonoraenequipo.com.mx\/presidente-y-delegacion-del-gobierno-de-china-acuerdan-continuar-amistad-y-cooperacion\/#primaryimage"},"thumbnailUrl":"https:\/\/www.sonoraenequipo.com.mx\/storage\/2024\/04\/2024-04-15-Presidente-AMLO-Reunion-delegacion-China-Foto-01-min.jpg","articleSection":["Rep\u00fablica"],"inLanguage":"es","potentialAction":[{"@type":"CommentAction","name":"Comment","target":["https:\/\/www.sonoraenequipo.com.mx\/presidente-y-delegacion-del-gobierno-de-china-acuerdan-continuar-amistad-y-cooperacion\/#respond"]}]},{"@type":"WebPage","@id":"https:\/\/www.sonoraenequipo.com.mx\/presidente-y-delegacion-del-gobierno-de-china-acuerdan-continuar-amistad-y-cooperacion\/","url":"https:\/\/www.sonoraenequipo.com.mx\/presidente-y-delegacion-del-gobierno-de-china-acuerdan-continuar-amistad-y-cooperacion\/","name":"Sonora en Equipo. Presidente y delegaci\u00f3n del gobierno de China acuerdan continuar amistad y cooperaci\u00f3n Rep\u00fablica","isPartOf":{"@id":"https:\/\/www.sonoraenequipo.com.mx\/#website"},"primaryImageOfPage":{"@id":"https:\/\/www.sonoraenequipo.com.mx\/presidente-y-delegacion-del-gobierno-de-china-acuerdan-continuar-amistad-y-cooperacion\/#primaryimage"},"image":{"@id":"https:\/\/www.sonoraenequipo.com.mx\/presidente-y-delegacion-del-gobierno-de-china-acuerdan-continuar-amistad-y-cooperacion\/#primaryimage"},"thumbnailUrl":"https:\/\/www.sonoraenequipo.com.mx\/storage\/2024\/04\/2024-04-15-Presidente-AMLO-Reunion-delegacion-China-Foto-01-min.jpg","datePublished":"2024-04-16T03:23:24+00:00","dateModified":"2024-04-16T23:19:04+00:00","description":"CIUDAD DE M\u00c9XICO. MX. \u2014 El presidente Andr\u00e9s Manuel L\u00f3pez Obrador se reuni\u00f3 con el representante especial del gobierno chino para Asuntos Latinoamericanos En Sonora en Equipo publicamos toda la informaci\u00f3n de Sonora, M\u00e9xico y el Mundo de manera oportuna y busca que la libertad de expresi\u00f3n sea real. Visita nuestro medio informativo publicado desde Hermosillo, Sonora. %","breadcrumb":{"@id":"https:\/\/www.sonoraenequipo.com.mx\/presidente-y-delegacion-del-gobierno-de-china-acuerdan-continuar-amistad-y-cooperacion\/#breadcrumb"},"inLanguage":"es","potentialAction":[{"@type":"ReadAction","target":["https:\/\/www.sonoraenequipo.com.mx\/presidente-y-delegacion-del-gobierno-de-china-acuerdan-continuar-amistad-y-cooperacion\/"]}]},{"@type":"ImageObject","inLanguage":"es","@id":"https:\/\/www.sonoraenequipo.com.mx\/presidente-y-delegacion-del-gobierno-de-china-acuerdan-continuar-amistad-y-cooperacion\/#primaryimage","url":"https:\/\/www.sonoraenequipo.com.mx\/storage\/2024\/04\/2024-04-15-Presidente-AMLO-Reunion-delegacion-China-Foto-01-min.jpg","contentUrl":"https:\/\/www.sonoraenequipo.com.mx\/storage\/2024\/04\/2024-04-15-Presidente-AMLO-Reunion-delegacion-China-Foto-01-min.jpg","width":1400,"height":1000},{"@type":"BreadcrumbList","@id":"https:\/\/www.sonoraenequipo.com.mx\/presidente-y-delegacion-del-gobierno-de-china-acuerdan-continuar-amistad-y-cooperacion\/#breadcrumb","itemListElement":[{"@type":"ListItem","position":1,"name":"Portada","item":"https:\/\/www.sonoraenequipo.com.mx\/"},{"@type":"ListItem","position":2,"name":"Presidente y delegaci\u00f3n del gobierno de China acuerdan continuar amistad y cooperaci\u00f3n"}]},{"@type":"WebSite","@id":"https:\/\/www.sonoraenequipo.com.mx\/#website","url":"https:\/\/www.sonoraenequipo.com.mx\/","name":"Sonora en Equipo.","description":"Diario en l\u00ednea con Noticias desde Hermosillo, Sonora","publisher":{"@id":"https:\/\/www.sonoraenequipo.com.mx\/#organization"},"potentialAction":[{"@type":"SearchAction","target":{"@type":"EntryPoint","urlTemplate":"https:\/\/www.sonoraenequipo.com.mx\/?s={search_term_string}"},"query-input":{"@type":"PropertyValueSpecification","valueRequired":true,"valueName":"search_term_string"}}],"inLanguage":"es"},{"@type":"Organization","@id":"https:\/\/www.sonoraenequipo.com.mx\/#organization","name":"Sonoraenequipo.com.mx","url":"https:\/\/www.sonoraenequipo.com.mx\/","logo":{"@type":"ImageObject","inLanguage":"es","@id":"https:\/\/www.sonoraenequipo.com.mx\/#\/schema\/logo\/image\/","url":"https:\/\/www.sonoraenequipo.com.mx\/storage\/2019\/01\/sonoraenequipo_opt.png","contentUrl":"https:\/\/www.sonoraenequipo.com.mx\/storage\/2019\/01\/sonoraenequipo_opt.png","width":375,"height":125,"caption":"Sonoraenequipo.com.mx"},"image":{"@id":"https:\/\/www.sonoraenequipo.com.mx\/#\/schema\/logo\/image\/"},"sameAs":["https:\/\/www.facebook.com\/SonoraEE\/","https:\/\/x.com\/sonoraenequipo","https:\/\/www.youtube.com\/channel\/UC338nW-lPEYmJQs4ZABQ1SQ"]},{"@type":"Person","@id":"https:\/\/www.sonoraenequipo.com.mx\/#\/schema\/person\/50102df0fb23a8fa9e8effad8fa81386","name":"enequipo","image":{"@type":"ImageObject","inLanguage":"es","@id":"https:\/\/www.sonoraenequipo.com.mx\/#\/schema\/person\/image\/","url":"https:\/\/secure.gravatar.com\/avatar\/049821681b589dabc0bc20695993ccebb09f5b5d4d790cd9251b97faac7c652b?s=96&d=blank&r=g","contentUrl":"https:\/\/secure.gravatar.com\/avatar\/049821681b589dabc0bc20695993ccebb09f5b5d4d790cd9251b97faac7c652b?s=96&d=blank&r=g","caption":"enequipo"},"sameAs":["https:\/\/www.facebook.com\/SonoraEE"]}]}},"jetpack_featured_media_url":"https:\/\/www.sonoraenequipo.com.mx\/storage\/2024\/04\/2024-04-15-Presidente-AMLO-Reunion-delegacion-China-Foto-01-min.jpg","_links":{"self":[{"href":"https:\/\/www.sonoraenequipo.com.mx\/api\/wp\/v2\/posts\/187692","targetHints":{"allow":["GET"]}}],"collection":[{"href":"https:\/\/www.sonoraenequipo.com.mx\/api\/wp\/v2\/posts"}],"about":[{"href":"https:\/\/www.sonoraenequipo.com.mx\/api\/wp\/v2\/types\/post"}],"author":[{"embeddable":true,"href":"https:\/\/www.sonoraenequipo.com.mx\/api\/wp\/v2\/users\/1"}],"replies":[{"embeddable":true,"href":"https:\/\/www.sonoraenequipo.com.mx\/api\/wp\/v2\/comments?post=187692"}],"version-history":[{"count":2,"href":"https:\/\/www.sonoraenequipo.com.mx\/api\/wp\/v2\/posts\/187692\/revisions"}],"predecessor-version":[{"id":187697,"href":"https:\/\/www.sonoraenequipo.com.mx\/api\/wp\/v2\/posts\/187692\/revisions\/187697"}],"wp:featuredmedia":[{"embeddable":true,"href":"https:\/\/www.sonoraenequipo.com.mx\/api\/wp\/v2\/media\/187695"}],"wp:attachment":[{"href":"https:\/\/www.sonoraenequipo.com.mx\/api\/wp\/v2\/media?parent=187692"}],"wp:term":[{"taxonomy":"category","embeddable":true,"href":"https:\/\/www.sonoraenequipo.com.mx\/api\/wp\/v2\/categories?post=187692"},{"taxonomy":"post_tag","embeddable":true,"href":"https:\/\/www.sonoraenequipo.com.mx\/api\/wp\/v2\/tags?post=187692"}],"curies":[{"name":"wp","href":"https:\/\/api.w.org\/{rel}","templated":true}]}}