{"id":187718,"date":"2024-04-15T21:54:02","date_gmt":"2024-04-16T04:54:02","guid":{"rendered":"https:\/\/www.sonoraenequipo.com.mx\/?p=187718"},"modified":"2024-04-16T19:52:21","modified_gmt":"2024-04-17T02:52:21","slug":"un-equipo-de-cientificos-aragoneses-crea-el-iman-duro-mas-fino-del-mundo","status":"publish","type":"post","link":"https:\/\/www.sonoraenequipo.com.mx\/un-equipo-de-cientificos-aragoneses-crea-el-iman-duro-mas-fino-del-mundo\/","title":{"rendered":"Un equipo de cient\u00edficos aragoneses crea el im\u00e1n duro m\u00e1s fino del mundo"},"content":{"rendered":"<p><strong>ESPA\u00d1A.<\/strong> \u2014 Un equipo internacional de investigadores, liderado por el Instituto de Nanociencia y Materiales de Arag\u00f3n (INMA) y la Universidad de Zaragoza (UNIZAR), ha creado un im\u00e1n duro de espesor at\u00f3mico por primera vez a nivel mundial, que tendr\u00e1 potenciales aplicaciones en dispositivos tecnol\u00f3gicos que requieran un campo magn\u00e9tico, como memorias RAM de ordenadores o transistores, ya que facilitan la miniaturizaci\u00f3n gracias a su diminuto tama\u00f1o.<\/p>\n<p>&nbsp;<\/p>\n<p> <\/p>\n<p>Se trata del im\u00e1n m\u00e1s fino que existe y que podr\u00e1 existir nunca, con una direcci\u00f3n magn\u00e9tica definida, de temperatura relativamente alta y muy dif\u00edcil de desmagnetizar. Tras siete a\u00f1os de estudio, este hallazgo representa un claro avance en los campos de investigaci\u00f3n transversales del magnetismo y la ciencia de superficies, dado que se trata de un objetivo con m\u00e1s de dos d\u00e9cadas de b\u00fasqueda por parte de distintos equipos de cient\u00edficos de todo el mundo. Los resultados se publican en la revista Nature Communications.<\/p>\n<p>&nbsp;<\/p>\n<p>&nbsp;<\/p>\n<p>Las aplicaciones pr\u00e1cticas de este hallazgo se centran en cualquier dispositivo tecnol\u00f3gico donde sea necesario incorporar un campo magn\u00e9tico y ser\u00e1 muy \u00fatil para miniaturizar todav\u00eda m\u00e1s las cosas gracias a su peque\u00f1o tama\u00f1o, en tanto en cuanto en este im\u00e1n los \u00e1tomos de hierro est\u00e1n separados por distancias de un nan\u00f3metro, esto es, la millon\u00e9sima parte de un mil\u00edmetro.<\/p>\n<p>&nbsp;<\/p>\n<p>&nbsp;<\/p>\n<p>Fernando Bartolom\u00e9, investigador del INMA, y Jorge Lobo Checa, tambi\u00e9n cient\u00edfico del INMA e investigador de referencia del Laboratorio de Microscop\u00edas Avanzadas (LMA), son los art\u00edfices de este logro: reducir un im\u00e1n duro a la m\u00ednima expresi\u00f3n, dentro de la actual tendencia general a la miniaturizaci\u00f3n, que consiste en intentar obtener elementos cada vez m\u00e1s peque\u00f1os que ocupen el menor espacio posible, pero sin perder sus propiedades.<\/p>\n<p>&nbsp;<\/p>\n<p>&nbsp;<\/p>\n<p><em><strong> \u201cHemos conseguido, a trav\u00e9s de una combinaci\u00f3n de mol\u00e9culas y \u00e1tomos de hierro, generar una red donde los \u00e1tomos est\u00e1n separados entre s\u00ed a una distancia fija y que presentan una direcci\u00f3n de magnetizaci\u00f3n perpendicular a esta red<\/strong><\/em>\u201d, explica Lobo.<\/p>\n<p>&nbsp;<\/p>\n<p>&nbsp;<\/p>\n<p>La combinaci\u00f3n de materiales a la que se refiere es una mol\u00e9cula derivada de un antraceno (tres anillos de carbono) y \u00e1tomos de hierro. As\u00ed, se obtiene una red (como la estructura de un panal de miel) donde los \u00e1tomos de hierro est\u00e1n posicionados en los v\u00e9rtices de los hex\u00e1gonos.<\/p>\n<p>&nbsp;<\/p>\n<p>&nbsp;<\/p>\n<h3>Dureza similar a los de neodimio<\/h3>\n<p>La dureza de este im\u00e1n hiperfino viene definida por la dificultad para revertir la direcci\u00f3n de la imanaci\u00f3n. Bartolom\u00e9 explica que la dureza de este im\u00e1n de espesor at\u00f3mico es similar a la de los imanes de neodimio, los m\u00e1s potentes que existen.<\/p>\n<p>&nbsp;<\/p>\n<p>&nbsp;<\/p>\n<p>Por parte del INMA, tambi\u00e9n han contribuido a la investigaci\u00f3n Leyre Hern\u00e1ndez L\u00f3pez, David Serrate (LMA) y el reci\u00e9n incorporado investigador Mikhail M. Otrokov. Asimismo, han trabajado en el proyecto Ignacio Piquero Zulaica (Universidad T\u00e9cnica de Munich); Adriana Candia (Instituto de F\u00edsica del Litoral, Argentina); Pierluigi Gargiani y Manuel Valvidares, cient\u00edficos del sincrotr\u00f3n ALBA; Fernando Delgado (Universidad de la Laguna); Jorge Cerd\u00e1 (ICMM de Madrid) y Andr\u00e9s Arnau (Universidad del Pa\u00eds Vasco).<\/p>\n<p>&nbsp;<\/p>\n<p>PUBLICADO EL 15 DE ABRIL DE 2024\/ Con informaci\u00f3n de RTVE)<\/p>\n","protected":false},"excerpt":{"rendered":"<p>ESPA\u00d1A. \u2014 Un equipo internacional de investigadores, liderado por el Instituto de Nanociencia y Materiales&#8230;<\/p>\n","protected":false},"author":1,"featured_media":187655,"comment_status":"open","ping_status":"open","sticky":false,"template":"","format":"standard","meta":{"_monsterinsights_skip_tracking":false,"_monsterinsights_sitenote_active":false,"_monsterinsights_sitenote_note":"","_monsterinsights_sitenote_category":0,"footnotes":""},"categories":[2216],"tags":[],"class_list":["post"],"yoast_head":" \n<title>Sonora en Equipo. Un equipo de cient\u00edficos aragoneses crea el im\u00e1n duro m\u00e1s fino del mundo Ciencia y Tecnolog\u00eda<\/title>\n<meta name=\"description\" content=\"ESPA\u00d1A. \u2014 Un equipo internacional de investigadores, liderado por el Instituto de Nanociencia y Materiales de Arag\u00f3n (INMA) y la Universidad de Zaragoza En Sonora en Equipo publicamos toda la informaci\u00f3n de Sonora, M\u00e9xico y el Mundo de manera oportuna y busca que la libertad de expresi\u00f3n sea real. Visita nuestro medio informativo publicado desde Hermosillo, Sonora. %\" \/>\n<meta name=\"robots\" content=\"index, follow, max-snippet:-1, max-image-preview:large, max-video-preview:-1\" \/>\n<link rel=\"canonical\" href=\"https:\/\/www.sonoraenequipo.com.mx\/un-equipo-de-cientificos-aragoneses-crea-el-iman-duro-mas-fino-del-mundo\/\" \/>\n<meta property=\"og:locale\" content=\"es_ES\" \/>\n<meta property=\"og:type\" content=\"article\" \/>\n<meta property=\"og:title\" content=\"Sonora en Equipo. Un equipo de cient\u00edficos aragoneses crea el im\u00e1n duro m\u00e1s fino del mundo Ciencia y Tecnolog\u00eda\" \/>\n<meta property=\"og:description\" content=\"ESPA\u00d1A. \u2014 Un equipo internacional de investigadores, liderado por el Instituto de Nanociencia y Materiales de Arag\u00f3n (INMA) y la Universidad de Zaragoza En Sonora en Equipo publicamos toda la informaci\u00f3n de Sonora, M\u00e9xico y el Mundo de manera oportuna y busca que la libertad de expresi\u00f3n sea real. Visita nuestro medio informativo publicado desde Hermosillo, Sonora. %\" \/>\n<meta property=\"og:url\" content=\"https:\/\/www.sonoraenequipo.com.mx\/un-equipo-de-cientificos-aragoneses-crea-el-iman-duro-mas-fino-del-mundo\/\" \/>\n<meta property=\"og:site_name\" content=\"Sonora en Equipo.\" \/>\n<meta property=\"article:publisher\" content=\"https:\/\/www.facebook.com\/SonoraEE\/\" \/>\n<meta property=\"article:author\" content=\"https:\/\/www.facebook.com\/SonoraEE\" \/>\n<meta property=\"article:published_time\" content=\"2024-04-16T04:54:02+00:00\" \/>\n<meta property=\"article:modified_time\" content=\"2024-04-17T02:52:21+00:00\" \/>\n<meta property=\"og:image\" content=\"https:\/\/www.sonoraenequipo.com.mx\/storage\/2024\/04\/iman-duro-min.jpg\" \/>\n\t<meta property=\"og:image:width\" content=\"900\" \/>\n\t<meta property=\"og:image:height\" content=\"506\" \/>\n\t<meta property=\"og:image:type\" content=\"image\/jpeg\" \/>\n<meta name=\"author\" content=\"enequipo\" \/>\n<meta name=\"twitter:card\" content=\"summary_large_image\" \/>\n<meta name=\"twitter:creator\" content=\"@sonoraenequipo\" \/>\n<meta name=\"twitter:site\" content=\"@sonoraenequipo\" \/>\n<meta name=\"twitter:label1\" content=\"Escrito por\" \/>\n\t<meta name=\"twitter:data1\" content=\"enequipo\" \/>\n\t<meta name=\"twitter:label2\" content=\"Tiempo de lectura\" \/>\n\t<meta name=\"twitter:data2\" content=\"3 minutos\" \/>\n<script type=\"application\/ld+json\" class=\"yoast-schema-graph\">{\"@context\":\"https:\/\/schema.org\",\"@graph\":[{\"@type\":\"Article\",\"@id\":\"https:\/\/www.sonoraenequipo.com.mx\/un-equipo-de-cientificos-aragoneses-crea-el-iman-duro-mas-fino-del-mundo\/#article\",\"isPartOf\":{\"@id\":\"https:\/\/www.sonoraenequipo.com.mx\/un-equipo-de-cientificos-aragoneses-crea-el-iman-duro-mas-fino-del-mundo\/\"},\"author\":{\"name\":\"enequipo\",\"@id\":\"https:\/\/www.sonoraenequipo.com.mx\/#\/schema\/person\/50102df0fb23a8fa9e8effad8fa81386\"},\"headline\":\"Un equipo de cient\u00edficos aragoneses crea el im\u00e1n duro m\u00e1s fino del mundo\",\"datePublished\":\"2024-04-16T04:54:02+00:00\",\"dateModified\":\"2024-04-17T02:52:21+00:00\",\"mainEntityOfPage\":{\"@id\":\"https:\/\/www.sonoraenequipo.com.mx\/un-equipo-de-cientificos-aragoneses-crea-el-iman-duro-mas-fino-del-mundo\/\"},\"wordCount\":598,\"commentCount\":0,\"publisher\":{\"@id\":\"https:\/\/www.sonoraenequipo.com.mx\/#organization\"},\"image\":{\"@id\":\"https:\/\/www.sonoraenequipo.com.mx\/un-equipo-de-cientificos-aragoneses-crea-el-iman-duro-mas-fino-del-mundo\/#primaryimage\"},\"thumbnailUrl\":\"https:\/\/www.sonoraenequipo.com.mx\/storage\/2024\/04\/iman-duro-min.jpg\",\"articleSection\":[\"Ciencia y Tecnolog\u00eda\"],\"inLanguage\":\"es\",\"potentialAction\":[{\"@type\":\"CommentAction\",\"name\":\"Comment\",\"target\":[\"https:\/\/www.sonoraenequipo.com.mx\/un-equipo-de-cientificos-aragoneses-crea-el-iman-duro-mas-fino-del-mundo\/#respond\"]}]},{\"@type\":\"WebPage\",\"@id\":\"https:\/\/www.sonoraenequipo.com.mx\/un-equipo-de-cientificos-aragoneses-crea-el-iman-duro-mas-fino-del-mundo\/\",\"url\":\"https:\/\/www.sonoraenequipo.com.mx\/un-equipo-de-cientificos-aragoneses-crea-el-iman-duro-mas-fino-del-mundo\/\",\"name\":\"Sonora en Equipo. Un equipo de cient\u00edficos aragoneses crea el im\u00e1n duro m\u00e1s fino del mundo Ciencia y Tecnolog\u00eda\",\"isPartOf\":{\"@id\":\"https:\/\/www.sonoraenequipo.com.mx\/#website\"},\"primaryImageOfPage\":{\"@id\":\"https:\/\/www.sonoraenequipo.com.mx\/un-equipo-de-cientificos-aragoneses-crea-el-iman-duro-mas-fino-del-mundo\/#primaryimage\"},\"image\":{\"@id\":\"https:\/\/www.sonoraenequipo.com.mx\/un-equipo-de-cientificos-aragoneses-crea-el-iman-duro-mas-fino-del-mundo\/#primaryimage\"},\"thumbnailUrl\":\"https:\/\/www.sonoraenequipo.com.mx\/storage\/2024\/04\/iman-duro-min.jpg\",\"datePublished\":\"2024-04-16T04:54:02+00:00\",\"dateModified\":\"2024-04-17T02:52:21+00:00\",\"description\":\"ESPA\u00d1A. \u2014 Un equipo internacional de investigadores, liderado por el Instituto de Nanociencia y Materiales de Arag\u00f3n (INMA) y la Universidad de Zaragoza En Sonora en Equipo publicamos toda la informaci\u00f3n de Sonora, M\u00e9xico y el Mundo de manera oportuna y busca que la libertad de expresi\u00f3n sea real. Visita nuestro medio informativo publicado desde Hermosillo, Sonora. %\",\"breadcrumb\":{\"@id\":\"https:\/\/www.sonoraenequipo.com.mx\/un-equipo-de-cientificos-aragoneses-crea-el-iman-duro-mas-fino-del-mundo\/#breadcrumb\"},\"inLanguage\":\"es\",\"potentialAction\":[{\"@type\":\"ReadAction\",\"target\":[\"https:\/\/www.sonoraenequipo.com.mx\/un-equipo-de-cientificos-aragoneses-crea-el-iman-duro-mas-fino-del-mundo\/\"]}]},{\"@type\":\"ImageObject\",\"inLanguage\":\"es\",\"@id\":\"https:\/\/www.sonoraenequipo.com.mx\/un-equipo-de-cientificos-aragoneses-crea-el-iman-duro-mas-fino-del-mundo\/#primaryimage\",\"url\":\"https:\/\/www.sonoraenequipo.com.mx\/storage\/2024\/04\/iman-duro-min.jpg\",\"contentUrl\":\"https:\/\/www.sonoraenequipo.com.mx\/storage\/2024\/04\/iman-duro-min.jpg\",\"width\":900,\"height\":506},{\"@type\":\"BreadcrumbList\",\"@id\":\"https:\/\/www.sonoraenequipo.com.mx\/un-equipo-de-cientificos-aragoneses-crea-el-iman-duro-mas-fino-del-mundo\/#breadcrumb\",\"itemListElement\":[{\"@type\":\"ListItem\",\"position\":1,\"name\":\"Portada\",\"item\":\"https:\/\/www.sonoraenequipo.com.mx\/\"},{\"@type\":\"ListItem\",\"position\":2,\"name\":\"Un equipo de cient\u00edficos aragoneses crea el im\u00e1n duro m\u00e1s fino del mundo\"}]},{\"@type\":\"WebSite\",\"@id\":\"https:\/\/www.sonoraenequipo.com.mx\/#website\",\"url\":\"https:\/\/www.sonoraenequipo.com.mx\/\",\"name\":\"Sonora en Equipo.\",\"description\":\"Diario en l\u00ednea con Noticias desde Hermosillo, Sonora\",\"publisher\":{\"@id\":\"https:\/\/www.sonoraenequipo.com.mx\/#organization\"},\"potentialAction\":[{\"@type\":\"SearchAction\",\"target\":{\"@type\":\"EntryPoint\",\"urlTemplate\":\"https:\/\/www.sonoraenequipo.com.mx\/?s={search_term_string}\"},\"query-input\":{\"@type\":\"PropertyValueSpecification\",\"valueRequired\":true,\"valueName\":\"search_term_string\"}}],\"inLanguage\":\"es\"},{\"@type\":\"Organization\",\"@id\":\"https:\/\/www.sonoraenequipo.com.mx\/#organization\",\"name\":\"Sonoraenequipo.com.mx\",\"url\":\"https:\/\/www.sonoraenequipo.com.mx\/\",\"logo\":{\"@type\":\"ImageObject\",\"inLanguage\":\"es\",\"@id\":\"https:\/\/www.sonoraenequipo.com.mx\/#\/schema\/logo\/image\/\",\"url\":\"https:\/\/www.sonoraenequipo.com.mx\/storage\/2019\/01\/sonoraenequipo_opt.png\",\"contentUrl\":\"https:\/\/www.sonoraenequipo.com.mx\/storage\/2019\/01\/sonoraenequipo_opt.png\",\"width\":375,\"height\":125,\"caption\":\"Sonoraenequipo.com.mx\"},\"image\":{\"@id\":\"https:\/\/www.sonoraenequipo.com.mx\/#\/schema\/logo\/image\/\"},\"sameAs\":[\"https:\/\/www.facebook.com\/SonoraEE\/\",\"https:\/\/x.com\/sonoraenequipo\",\"https:\/\/www.youtube.com\/channel\/UC338nW-lPEYmJQs4ZABQ1SQ\"]},{\"@type\":\"Person\",\"@id\":\"https:\/\/www.sonoraenequipo.com.mx\/#\/schema\/person\/50102df0fb23a8fa9e8effad8fa81386\",\"name\":\"enequipo\",\"image\":{\"@type\":\"ImageObject\",\"inLanguage\":\"es\",\"@id\":\"https:\/\/www.sonoraenequipo.com.mx\/#\/schema\/person\/image\/\",\"url\":\"https:\/\/secure.gravatar.com\/avatar\/049821681b589dabc0bc20695993ccebb09f5b5d4d790cd9251b97faac7c652b?s=96&d=blank&r=g\",\"contentUrl\":\"https:\/\/secure.gravatar.com\/avatar\/049821681b589dabc0bc20695993ccebb09f5b5d4d790cd9251b97faac7c652b?s=96&d=blank&r=g\",\"caption\":\"enequipo\"},\"sameAs\":[\"https:\/\/www.facebook.com\/SonoraEE\"]}]}<\/script>\n ","yoast_head_json":{"title":"Sonora en Equipo. Un equipo de cient\u00edficos aragoneses crea el im\u00e1n duro m\u00e1s fino del mundo Ciencia y Tecnolog\u00eda","description":"ESPA\u00d1A. \u2014 Un equipo internacional de investigadores, liderado por el Instituto de Nanociencia y Materiales de Arag\u00f3n (INMA) y la Universidad de Zaragoza En Sonora en Equipo publicamos toda la informaci\u00f3n de Sonora, M\u00e9xico y el Mundo de manera oportuna y busca que la libertad de expresi\u00f3n sea real. Visita nuestro medio informativo publicado desde Hermosillo, Sonora. %","robots":{"index":"index","follow":"follow","max-snippet":"max-snippet:-1","max-image-preview":"max-image-preview:large","max-video-preview":"max-video-preview:-1"},"canonical":"https:\/\/www.sonoraenequipo.com.mx\/un-equipo-de-cientificos-aragoneses-crea-el-iman-duro-mas-fino-del-mundo\/","og_locale":"es_ES","og_type":"article","og_title":"Sonora en Equipo. Un equipo de cient\u00edficos aragoneses crea el im\u00e1n duro m\u00e1s fino del mundo Ciencia y Tecnolog\u00eda","og_description":"ESPA\u00d1A. \u2014 Un equipo internacional de investigadores, liderado por el Instituto de Nanociencia y Materiales de Arag\u00f3n (INMA) y la Universidad de Zaragoza En Sonora en Equipo publicamos toda la informaci\u00f3n de Sonora, M\u00e9xico y el Mundo de manera oportuna y busca que la libertad de expresi\u00f3n sea real. Visita nuestro medio informativo publicado desde Hermosillo, Sonora. %","og_url":"https:\/\/www.sonoraenequipo.com.mx\/un-equipo-de-cientificos-aragoneses-crea-el-iman-duro-mas-fino-del-mundo\/","og_site_name":"Sonora en Equipo.","article_publisher":"https:\/\/www.facebook.com\/SonoraEE\/","article_author":"https:\/\/www.facebook.com\/SonoraEE","article_published_time":"2024-04-16T04:54:02+00:00","article_modified_time":"2024-04-17T02:52:21+00:00","og_image":[{"width":900,"height":506,"url":"https:\/\/www.sonoraenequipo.com.mx\/storage\/2024\/04\/iman-duro-min.jpg","type":"image\/jpeg"}],"author":"enequipo","twitter_card":"summary_large_image","twitter_creator":"@sonoraenequipo","twitter_site":"@sonoraenequipo","twitter_misc":{"Escrito por":"enequipo","Tiempo de lectura":"3 minutos"},"schema":{"@context":"https:\/\/schema.org","@graph":[{"@type":"Article","@id":"https:\/\/www.sonoraenequipo.com.mx\/un-equipo-de-cientificos-aragoneses-crea-el-iman-duro-mas-fino-del-mundo\/#article","isPartOf":{"@id":"https:\/\/www.sonoraenequipo.com.mx\/un-equipo-de-cientificos-aragoneses-crea-el-iman-duro-mas-fino-del-mundo\/"},"author":{"name":"enequipo","@id":"https:\/\/www.sonoraenequipo.com.mx\/#\/schema\/person\/50102df0fb23a8fa9e8effad8fa81386"},"headline":"Un equipo de cient\u00edficos aragoneses crea el im\u00e1n duro m\u00e1s fino del mundo","datePublished":"2024-04-16T04:54:02+00:00","dateModified":"2024-04-17T02:52:21+00:00","mainEntityOfPage":{"@id":"https:\/\/www.sonoraenequipo.com.mx\/un-equipo-de-cientificos-aragoneses-crea-el-iman-duro-mas-fino-del-mundo\/"},"wordCount":598,"commentCount":0,"publisher":{"@id":"https:\/\/www.sonoraenequipo.com.mx\/#organization"},"image":{"@id":"https:\/\/www.sonoraenequipo.com.mx\/un-equipo-de-cientificos-aragoneses-crea-el-iman-duro-mas-fino-del-mundo\/#primaryimage"},"thumbnailUrl":"https:\/\/www.sonoraenequipo.com.mx\/storage\/2024\/04\/iman-duro-min.jpg","articleSection":["Ciencia y Tecnolog\u00eda"],"inLanguage":"es","potentialAction":[{"@type":"CommentAction","name":"Comment","target":["https:\/\/www.sonoraenequipo.com.mx\/un-equipo-de-cientificos-aragoneses-crea-el-iman-duro-mas-fino-del-mundo\/#respond"]}]},{"@type":"WebPage","@id":"https:\/\/www.sonoraenequipo.com.mx\/un-equipo-de-cientificos-aragoneses-crea-el-iman-duro-mas-fino-del-mundo\/","url":"https:\/\/www.sonoraenequipo.com.mx\/un-equipo-de-cientificos-aragoneses-crea-el-iman-duro-mas-fino-del-mundo\/","name":"Sonora en Equipo. Un equipo de cient\u00edficos aragoneses crea el im\u00e1n duro m\u00e1s fino del mundo Ciencia y Tecnolog\u00eda","isPartOf":{"@id":"https:\/\/www.sonoraenequipo.com.mx\/#website"},"primaryImageOfPage":{"@id":"https:\/\/www.sonoraenequipo.com.mx\/un-equipo-de-cientificos-aragoneses-crea-el-iman-duro-mas-fino-del-mundo\/#primaryimage"},"image":{"@id":"https:\/\/www.sonoraenequipo.com.mx\/un-equipo-de-cientificos-aragoneses-crea-el-iman-duro-mas-fino-del-mundo\/#primaryimage"},"thumbnailUrl":"https:\/\/www.sonoraenequipo.com.mx\/storage\/2024\/04\/iman-duro-min.jpg","datePublished":"2024-04-16T04:54:02+00:00","dateModified":"2024-04-17T02:52:21+00:00","description":"ESPA\u00d1A. \u2014 Un equipo internacional de investigadores, liderado por el Instituto de Nanociencia y Materiales de Arag\u00f3n (INMA) y la Universidad de Zaragoza En Sonora en Equipo publicamos toda la informaci\u00f3n de Sonora, M\u00e9xico y el Mundo de manera oportuna y busca que la libertad de expresi\u00f3n sea real. Visita nuestro medio informativo publicado desde Hermosillo, Sonora. %","breadcrumb":{"@id":"https:\/\/www.sonoraenequipo.com.mx\/un-equipo-de-cientificos-aragoneses-crea-el-iman-duro-mas-fino-del-mundo\/#breadcrumb"},"inLanguage":"es","potentialAction":[{"@type":"ReadAction","target":["https:\/\/www.sonoraenequipo.com.mx\/un-equipo-de-cientificos-aragoneses-crea-el-iman-duro-mas-fino-del-mundo\/"]}]},{"@type":"ImageObject","inLanguage":"es","@id":"https:\/\/www.sonoraenequipo.com.mx\/un-equipo-de-cientificos-aragoneses-crea-el-iman-duro-mas-fino-del-mundo\/#primaryimage","url":"https:\/\/www.sonoraenequipo.com.mx\/storage\/2024\/04\/iman-duro-min.jpg","contentUrl":"https:\/\/www.sonoraenequipo.com.mx\/storage\/2024\/04\/iman-duro-min.jpg","width":900,"height":506},{"@type":"BreadcrumbList","@id":"https:\/\/www.sonoraenequipo.com.mx\/un-equipo-de-cientificos-aragoneses-crea-el-iman-duro-mas-fino-del-mundo\/#breadcrumb","itemListElement":[{"@type":"ListItem","position":1,"name":"Portada","item":"https:\/\/www.sonoraenequipo.com.mx\/"},{"@type":"ListItem","position":2,"name":"Un equipo de cient\u00edficos aragoneses crea el im\u00e1n duro m\u00e1s fino del mundo"}]},{"@type":"WebSite","@id":"https:\/\/www.sonoraenequipo.com.mx\/#website","url":"https:\/\/www.sonoraenequipo.com.mx\/","name":"Sonora en Equipo.","description":"Diario en l\u00ednea con Noticias desde Hermosillo, Sonora","publisher":{"@id":"https:\/\/www.sonoraenequipo.com.mx\/#organization"},"potentialAction":[{"@type":"SearchAction","target":{"@type":"EntryPoint","urlTemplate":"https:\/\/www.sonoraenequipo.com.mx\/?s={search_term_string}"},"query-input":{"@type":"PropertyValueSpecification","valueRequired":true,"valueName":"search_term_string"}}],"inLanguage":"es"},{"@type":"Organization","@id":"https:\/\/www.sonoraenequipo.com.mx\/#organization","name":"Sonoraenequipo.com.mx","url":"https:\/\/www.sonoraenequipo.com.mx\/","logo":{"@type":"ImageObject","inLanguage":"es","@id":"https:\/\/www.sonoraenequipo.com.mx\/#\/schema\/logo\/image\/","url":"https:\/\/www.sonoraenequipo.com.mx\/storage\/2019\/01\/sonoraenequipo_opt.png","contentUrl":"https:\/\/www.sonoraenequipo.com.mx\/storage\/2019\/01\/sonoraenequipo_opt.png","width":375,"height":125,"caption":"Sonoraenequipo.com.mx"},"image":{"@id":"https:\/\/www.sonoraenequipo.com.mx\/#\/schema\/logo\/image\/"},"sameAs":["https:\/\/www.facebook.com\/SonoraEE\/","https:\/\/x.com\/sonoraenequipo","https:\/\/www.youtube.com\/channel\/UC338nW-lPEYmJQs4ZABQ1SQ"]},{"@type":"Person","@id":"https:\/\/www.sonoraenequipo.com.mx\/#\/schema\/person\/50102df0fb23a8fa9e8effad8fa81386","name":"enequipo","image":{"@type":"ImageObject","inLanguage":"es","@id":"https:\/\/www.sonoraenequipo.com.mx\/#\/schema\/person\/image\/","url":"https:\/\/secure.gravatar.com\/avatar\/049821681b589dabc0bc20695993ccebb09f5b5d4d790cd9251b97faac7c652b?s=96&d=blank&r=g","contentUrl":"https:\/\/secure.gravatar.com\/avatar\/049821681b589dabc0bc20695993ccebb09f5b5d4d790cd9251b97faac7c652b?s=96&d=blank&r=g","caption":"enequipo"},"sameAs":["https:\/\/www.facebook.com\/SonoraEE"]}]}},"jetpack_featured_media_url":"https:\/\/www.sonoraenequipo.com.mx\/storage\/2024\/04\/iman-duro-min.jpg","_links":{"self":[{"href":"https:\/\/www.sonoraenequipo.com.mx\/api\/wp\/v2\/posts\/187718","targetHints":{"allow":["GET"]}}],"collection":[{"href":"https:\/\/www.sonoraenequipo.com.mx\/api\/wp\/v2\/posts"}],"about":[{"href":"https:\/\/www.sonoraenequipo.com.mx\/api\/wp\/v2\/types\/post"}],"author":[{"embeddable":true,"href":"https:\/\/www.sonoraenequipo.com.mx\/api\/wp\/v2\/users\/1"}],"replies":[{"embeddable":true,"href":"https:\/\/www.sonoraenequipo.com.mx\/api\/wp\/v2\/comments?post=187718"}],"version-history":[{"count":1,"href":"https:\/\/www.sonoraenequipo.com.mx\/api\/wp\/v2\/posts\/187718\/revisions"}],"predecessor-version":[{"id":187720,"href":"https:\/\/www.sonoraenequipo.com.mx\/api\/wp\/v2\/posts\/187718\/revisions\/187720"}],"wp:featuredmedia":[{"embeddable":true,"href":"https:\/\/www.sonoraenequipo.com.mx\/api\/wp\/v2\/media\/187655"}],"wp:attachment":[{"href":"https:\/\/www.sonoraenequipo.com.mx\/api\/wp\/v2\/media?parent=187718"}],"wp:term":[{"taxonomy":"category","embeddable":true,"href":"https:\/\/www.sonoraenequipo.com.mx\/api\/wp\/v2\/categories?post=187718"},{"taxonomy":"post_tag","embeddable":true,"href":"https:\/\/www.sonoraenequipo.com.mx\/api\/wp\/v2\/tags?post=187718"}],"curies":[{"name":"wp","href":"https:\/\/api.w.org\/{rel}","templated":true}]}}