{"id":187730,"date":"2024-04-16T22:33:02","date_gmt":"2024-04-17T05:33:02","guid":{"rendered":"https:\/\/www.sonoraenequipo.com.mx\/?p=187730"},"modified":"2024-04-16T22:33:02","modified_gmt":"2024-04-17T05:33:02","slug":"edgar-vivar-sufrio-fuerte-caida-que-lo-llevo-al-hospital","status":"publish","type":"post","link":"https:\/\/www.sonoraenequipo.com.mx\/edgar-vivar-sufrio-fuerte-caida-que-lo-llevo-al-hospital\/","title":{"rendered":"Edgar Vivar sufri\u00f3 fuerte ca\u00edda que lo llev\u00f3 al hospital"},"content":{"rendered":"<p>El popular actor mexicano Edgar Vivar sufri\u00f3 hoy una fuerte ca\u00edda que lo remiti\u00f3 al hospital si bien hasta hoy no se dan muchos detalles del accidente se sabe no fue grave\u00a0 pues el actor que dio vida al ic\u00f3nico Se\u00f1or Barriga de El Chavo del ocho no requiri\u00f3 hospitalizaci\u00f3n.<\/p>\n<p><strong>Fecha de publicaci\u00f3n martes 16 de abril de 2024<\/strong><\/p>\n","protected":false},"excerpt":{"rendered":"<p>El popular actor mexicano Edgar Vivar sufri\u00f3 hoy una fuerte ca\u00edda que lo remiti\u00f3 al&#8230;<\/p>\n","protected":false},"author":1,"featured_media":187731,"comment_status":"open","ping_status":"open","sticky":false,"template":"","format":"standard","meta":{"_monsterinsights_skip_tracking":false,"_monsterinsights_sitenote_active":false,"_monsterinsights_sitenote_note":"","_monsterinsights_sitenote_category":0,"footnotes":""},"categories":[2987],"tags":[9542],"class_list":["post"],"yoast_head":" \n<title>Sonora en Equipo. Edgar Vivar sufri\u00f3 fuerte ca\u00edda que lo llev\u00f3 al hospital Showbiz<\/title>\n<meta name=\"description\" content=\"El popular actor mexicano Edgar Vivar sufri\u00f3 hoy una fuerte ca\u00edda que lo remiti\u00f3 al hospital si bien hasta hoy no se dan muchos detalles del accidente se En Sonora en Equipo publicamos toda la informaci\u00f3n de Sonora, M\u00e9xico y el Mundo de manera oportuna y busca que la libertad de expresi\u00f3n sea real. Visita nuestro medio informativo publicado desde Hermosillo, Sonora. %\" \/>\n<meta name=\"robots\" content=\"index, follow, max-snippet:-1, max-image-preview:large, max-video-preview:-1\" \/>\n<link rel=\"canonical\" href=\"https:\/\/www.sonoraenequipo.com.mx\/edgar-vivar-sufrio-fuerte-caida-que-lo-llevo-al-hospital\/\" \/>\n<meta property=\"og:locale\" content=\"es_ES\" \/>\n<meta property=\"og:type\" content=\"article\" \/>\n<meta property=\"og:title\" content=\"Sonora en Equipo. Edgar Vivar sufri\u00f3 fuerte ca\u00edda que lo llev\u00f3 al hospital Showbiz\" \/>\n<meta property=\"og:description\" content=\"El popular actor mexicano Edgar Vivar sufri\u00f3 hoy una fuerte ca\u00edda que lo remiti\u00f3 al hospital si bien hasta hoy no se dan muchos detalles del accidente se En Sonora en Equipo publicamos toda la informaci\u00f3n de Sonora, M\u00e9xico y el Mundo de manera oportuna y busca que la libertad de expresi\u00f3n sea real. Visita nuestro medio informativo publicado desde Hermosillo, Sonora. %\" \/>\n<meta property=\"og:url\" content=\"https:\/\/www.sonoraenequipo.com.mx\/edgar-vivar-sufrio-fuerte-caida-que-lo-llevo-al-hospital\/\" \/>\n<meta property=\"og:site_name\" content=\"Sonora en Equipo.\" \/>\n<meta property=\"article:publisher\" content=\"https:\/\/www.facebook.com\/SonoraEE\/\" \/>\n<meta property=\"article:author\" content=\"https:\/\/www.facebook.com\/SonoraEE\" \/>\n<meta property=\"article:published_time\" content=\"2024-04-17T05:33:02+00:00\" \/>\n<meta property=\"og:image\" content=\"https:\/\/www.sonoraenequipo.com.mx\/storage\/2024\/04\/vivar.jpg\" \/>\n\t<meta property=\"og:image:width\" content=\"900\" \/>\n\t<meta property=\"og:image:height\" content=\"600\" \/>\n\t<meta property=\"og:image:type\" content=\"image\/jpeg\" \/>\n<meta name=\"author\" content=\"enequipo\" \/>\n<meta name=\"twitter:card\" content=\"summary_large_image\" \/>\n<meta name=\"twitter:creator\" content=\"@sonoraenequipo\" \/>\n<meta name=\"twitter:site\" content=\"@sonoraenequipo\" \/>\n<meta name=\"twitter:label1\" content=\"Escrito por\" \/>\n\t<meta name=\"twitter:data1\" content=\"enequipo\" \/>\n<script type=\"application\/ld+json\" class=\"yoast-schema-graph\">{\"@context\":\"https:\/\/schema.org\",\"@graph\":[{\"@type\":\"Article\",\"@id\":\"https:\/\/www.sonoraenequipo.com.mx\/edgar-vivar-sufrio-fuerte-caida-que-lo-llevo-al-hospital\/#article\",\"isPartOf\":{\"@id\":\"https:\/\/www.sonoraenequipo.com.mx\/edgar-vivar-sufrio-fuerte-caida-que-lo-llevo-al-hospital\/\"},\"author\":{\"name\":\"enequipo\",\"@id\":\"https:\/\/www.sonoraenequipo.com.mx\/#\/schema\/person\/50102df0fb23a8fa9e8effad8fa81386\"},\"headline\":\"Edgar Vivar sufri\u00f3 fuerte ca\u00edda que lo llev\u00f3 al hospital\",\"datePublished\":\"2024-04-17T05:33:02+00:00\",\"mainEntityOfPage\":{\"@id\":\"https:\/\/www.sonoraenequipo.com.mx\/edgar-vivar-sufrio-fuerte-caida-que-lo-llevo-al-hospital\/\"},\"wordCount\":73,\"commentCount\":0,\"publisher\":{\"@id\":\"https:\/\/www.sonoraenequipo.com.mx\/#organization\"},\"image\":{\"@id\":\"https:\/\/www.sonoraenequipo.com.mx\/edgar-vivar-sufrio-fuerte-caida-que-lo-llevo-al-hospital\/#primaryimage\"},\"thumbnailUrl\":\"https:\/\/www.sonoraenequipo.com.mx\/storage\/2024\/04\/vivar.jpg\",\"keywords\":[\"edgar vivar\"],\"articleSection\":[\"Showbiz\"],\"inLanguage\":\"es\",\"potentialAction\":[{\"@type\":\"CommentAction\",\"name\":\"Comment\",\"target\":[\"https:\/\/www.sonoraenequipo.com.mx\/edgar-vivar-sufrio-fuerte-caida-que-lo-llevo-al-hospital\/#respond\"]}]},{\"@type\":\"WebPage\",\"@id\":\"https:\/\/www.sonoraenequipo.com.mx\/edgar-vivar-sufrio-fuerte-caida-que-lo-llevo-al-hospital\/\",\"url\":\"https:\/\/www.sonoraenequipo.com.mx\/edgar-vivar-sufrio-fuerte-caida-que-lo-llevo-al-hospital\/\",\"name\":\"Sonora en Equipo. Edgar Vivar sufri\u00f3 fuerte ca\u00edda que lo llev\u00f3 al hospital Showbiz\",\"isPartOf\":{\"@id\":\"https:\/\/www.sonoraenequipo.com.mx\/#website\"},\"primaryImageOfPage\":{\"@id\":\"https:\/\/www.sonoraenequipo.com.mx\/edgar-vivar-sufrio-fuerte-caida-que-lo-llevo-al-hospital\/#primaryimage\"},\"image\":{\"@id\":\"https:\/\/www.sonoraenequipo.com.mx\/edgar-vivar-sufrio-fuerte-caida-que-lo-llevo-al-hospital\/#primaryimage\"},\"thumbnailUrl\":\"https:\/\/www.sonoraenequipo.com.mx\/storage\/2024\/04\/vivar.jpg\",\"datePublished\":\"2024-04-17T05:33:02+00:00\",\"description\":\"El popular actor mexicano Edgar Vivar sufri\u00f3 hoy una fuerte ca\u00edda que lo remiti\u00f3 al hospital si bien hasta hoy no se dan muchos detalles del accidente se En Sonora en Equipo publicamos toda la informaci\u00f3n de Sonora, M\u00e9xico y el Mundo de manera oportuna y busca que la libertad de expresi\u00f3n sea real. Visita nuestro medio informativo publicado desde Hermosillo, Sonora. %\",\"breadcrumb\":{\"@id\":\"https:\/\/www.sonoraenequipo.com.mx\/edgar-vivar-sufrio-fuerte-caida-que-lo-llevo-al-hospital\/#breadcrumb\"},\"inLanguage\":\"es\",\"potentialAction\":[{\"@type\":\"ReadAction\",\"target\":[\"https:\/\/www.sonoraenequipo.com.mx\/edgar-vivar-sufrio-fuerte-caida-que-lo-llevo-al-hospital\/\"]}]},{\"@type\":\"ImageObject\",\"inLanguage\":\"es\",\"@id\":\"https:\/\/www.sonoraenequipo.com.mx\/edgar-vivar-sufrio-fuerte-caida-que-lo-llevo-al-hospital\/#primaryimage\",\"url\":\"https:\/\/www.sonoraenequipo.com.mx\/storage\/2024\/04\/vivar.jpg\",\"contentUrl\":\"https:\/\/www.sonoraenequipo.com.mx\/storage\/2024\/04\/vivar.jpg\",\"width\":900,\"height\":600},{\"@type\":\"BreadcrumbList\",\"@id\":\"https:\/\/www.sonoraenequipo.com.mx\/edgar-vivar-sufrio-fuerte-caida-que-lo-llevo-al-hospital\/#breadcrumb\",\"itemListElement\":[{\"@type\":\"ListItem\",\"position\":1,\"name\":\"Portada\",\"item\":\"https:\/\/www.sonoraenequipo.com.mx\/\"},{\"@type\":\"ListItem\",\"position\":2,\"name\":\"Edgar Vivar sufri\u00f3 fuerte ca\u00edda que lo llev\u00f3 al hospital\"}]},{\"@type\":\"WebSite\",\"@id\":\"https:\/\/www.sonoraenequipo.com.mx\/#website\",\"url\":\"https:\/\/www.sonoraenequipo.com.mx\/\",\"name\":\"Sonora en Equipo.\",\"description\":\"Diario en l\u00ednea con Noticias desde Hermosillo, Sonora\",\"publisher\":{\"@id\":\"https:\/\/www.sonoraenequipo.com.mx\/#organization\"},\"potentialAction\":[{\"@type\":\"SearchAction\",\"target\":{\"@type\":\"EntryPoint\",\"urlTemplate\":\"https:\/\/www.sonoraenequipo.com.mx\/?s={search_term_string}\"},\"query-input\":{\"@type\":\"PropertyValueSpecification\",\"valueRequired\":true,\"valueName\":\"search_term_string\"}}],\"inLanguage\":\"es\"},{\"@type\":\"Organization\",\"@id\":\"https:\/\/www.sonoraenequipo.com.mx\/#organization\",\"name\":\"Sonoraenequipo.com.mx\",\"url\":\"https:\/\/www.sonoraenequipo.com.mx\/\",\"logo\":{\"@type\":\"ImageObject\",\"inLanguage\":\"es\",\"@id\":\"https:\/\/www.sonoraenequipo.com.mx\/#\/schema\/logo\/image\/\",\"url\":\"https:\/\/www.sonoraenequipo.com.mx\/storage\/2019\/01\/sonoraenequipo_opt.png\",\"contentUrl\":\"https:\/\/www.sonoraenequipo.com.mx\/storage\/2019\/01\/sonoraenequipo_opt.png\",\"width\":375,\"height\":125,\"caption\":\"Sonoraenequipo.com.mx\"},\"image\":{\"@id\":\"https:\/\/www.sonoraenequipo.com.mx\/#\/schema\/logo\/image\/\"},\"sameAs\":[\"https:\/\/www.facebook.com\/SonoraEE\/\",\"https:\/\/x.com\/sonoraenequipo\",\"https:\/\/www.youtube.com\/channel\/UC338nW-lPEYmJQs4ZABQ1SQ\"]},{\"@type\":\"Person\",\"@id\":\"https:\/\/www.sonoraenequipo.com.mx\/#\/schema\/person\/50102df0fb23a8fa9e8effad8fa81386\",\"name\":\"enequipo\",\"image\":{\"@type\":\"ImageObject\",\"inLanguage\":\"es\",\"@id\":\"https:\/\/www.sonoraenequipo.com.mx\/#\/schema\/person\/image\/\",\"url\":\"https:\/\/secure.gravatar.com\/avatar\/049821681b589dabc0bc20695993ccebb09f5b5d4d790cd9251b97faac7c652b?s=96&d=blank&r=g\",\"contentUrl\":\"https:\/\/secure.gravatar.com\/avatar\/049821681b589dabc0bc20695993ccebb09f5b5d4d790cd9251b97faac7c652b?s=96&d=blank&r=g\",\"caption\":\"enequipo\"},\"sameAs\":[\"https:\/\/www.facebook.com\/SonoraEE\"]}]}<\/script>\n ","yoast_head_json":{"title":"Sonora en Equipo. Edgar Vivar sufri\u00f3 fuerte ca\u00edda que lo llev\u00f3 al hospital Showbiz","description":"El popular actor mexicano Edgar Vivar sufri\u00f3 hoy una fuerte ca\u00edda que lo remiti\u00f3 al hospital si bien hasta hoy no se dan muchos detalles del accidente se En Sonora en Equipo publicamos toda la informaci\u00f3n de Sonora, M\u00e9xico y el Mundo de manera oportuna y busca que la libertad de expresi\u00f3n sea real. Visita nuestro medio informativo publicado desde Hermosillo, Sonora. %","robots":{"index":"index","follow":"follow","max-snippet":"max-snippet:-1","max-image-preview":"max-image-preview:large","max-video-preview":"max-video-preview:-1"},"canonical":"https:\/\/www.sonoraenequipo.com.mx\/edgar-vivar-sufrio-fuerte-caida-que-lo-llevo-al-hospital\/","og_locale":"es_ES","og_type":"article","og_title":"Sonora en Equipo. Edgar Vivar sufri\u00f3 fuerte ca\u00edda que lo llev\u00f3 al hospital Showbiz","og_description":"El popular actor mexicano Edgar Vivar sufri\u00f3 hoy una fuerte ca\u00edda que lo remiti\u00f3 al hospital si bien hasta hoy no se dan muchos detalles del accidente se En Sonora en Equipo publicamos toda la informaci\u00f3n de Sonora, M\u00e9xico y el Mundo de manera oportuna y busca que la libertad de expresi\u00f3n sea real. Visita nuestro medio informativo publicado desde Hermosillo, Sonora. %","og_url":"https:\/\/www.sonoraenequipo.com.mx\/edgar-vivar-sufrio-fuerte-caida-que-lo-llevo-al-hospital\/","og_site_name":"Sonora en Equipo.","article_publisher":"https:\/\/www.facebook.com\/SonoraEE\/","article_author":"https:\/\/www.facebook.com\/SonoraEE","article_published_time":"2024-04-17T05:33:02+00:00","og_image":[{"width":900,"height":600,"url":"https:\/\/www.sonoraenequipo.com.mx\/storage\/2024\/04\/vivar.jpg","type":"image\/jpeg"}],"author":"enequipo","twitter_card":"summary_large_image","twitter_creator":"@sonoraenequipo","twitter_site":"@sonoraenequipo","twitter_misc":{"Escrito por":"enequipo"},"schema":{"@context":"https:\/\/schema.org","@graph":[{"@type":"Article","@id":"https:\/\/www.sonoraenequipo.com.mx\/edgar-vivar-sufrio-fuerte-caida-que-lo-llevo-al-hospital\/#article","isPartOf":{"@id":"https:\/\/www.sonoraenequipo.com.mx\/edgar-vivar-sufrio-fuerte-caida-que-lo-llevo-al-hospital\/"},"author":{"name":"enequipo","@id":"https:\/\/www.sonoraenequipo.com.mx\/#\/schema\/person\/50102df0fb23a8fa9e8effad8fa81386"},"headline":"Edgar Vivar sufri\u00f3 fuerte ca\u00edda que lo llev\u00f3 al hospital","datePublished":"2024-04-17T05:33:02+00:00","mainEntityOfPage":{"@id":"https:\/\/www.sonoraenequipo.com.mx\/edgar-vivar-sufrio-fuerte-caida-que-lo-llevo-al-hospital\/"},"wordCount":73,"commentCount":0,"publisher":{"@id":"https:\/\/www.sonoraenequipo.com.mx\/#organization"},"image":{"@id":"https:\/\/www.sonoraenequipo.com.mx\/edgar-vivar-sufrio-fuerte-caida-que-lo-llevo-al-hospital\/#primaryimage"},"thumbnailUrl":"https:\/\/www.sonoraenequipo.com.mx\/storage\/2024\/04\/vivar.jpg","keywords":["edgar vivar"],"articleSection":["Showbiz"],"inLanguage":"es","potentialAction":[{"@type":"CommentAction","name":"Comment","target":["https:\/\/www.sonoraenequipo.com.mx\/edgar-vivar-sufrio-fuerte-caida-que-lo-llevo-al-hospital\/#respond"]}]},{"@type":"WebPage","@id":"https:\/\/www.sonoraenequipo.com.mx\/edgar-vivar-sufrio-fuerte-caida-que-lo-llevo-al-hospital\/","url":"https:\/\/www.sonoraenequipo.com.mx\/edgar-vivar-sufrio-fuerte-caida-que-lo-llevo-al-hospital\/","name":"Sonora en Equipo. Edgar Vivar sufri\u00f3 fuerte ca\u00edda que lo llev\u00f3 al hospital Showbiz","isPartOf":{"@id":"https:\/\/www.sonoraenequipo.com.mx\/#website"},"primaryImageOfPage":{"@id":"https:\/\/www.sonoraenequipo.com.mx\/edgar-vivar-sufrio-fuerte-caida-que-lo-llevo-al-hospital\/#primaryimage"},"image":{"@id":"https:\/\/www.sonoraenequipo.com.mx\/edgar-vivar-sufrio-fuerte-caida-que-lo-llevo-al-hospital\/#primaryimage"},"thumbnailUrl":"https:\/\/www.sonoraenequipo.com.mx\/storage\/2024\/04\/vivar.jpg","datePublished":"2024-04-17T05:33:02+00:00","description":"El popular actor mexicano Edgar Vivar sufri\u00f3 hoy una fuerte ca\u00edda que lo remiti\u00f3 al hospital si bien hasta hoy no se dan muchos detalles del accidente se En Sonora en Equipo publicamos toda la informaci\u00f3n de Sonora, M\u00e9xico y el Mundo de manera oportuna y busca que la libertad de expresi\u00f3n sea real. Visita nuestro medio informativo publicado desde Hermosillo, Sonora. %","breadcrumb":{"@id":"https:\/\/www.sonoraenequipo.com.mx\/edgar-vivar-sufrio-fuerte-caida-que-lo-llevo-al-hospital\/#breadcrumb"},"inLanguage":"es","potentialAction":[{"@type":"ReadAction","target":["https:\/\/www.sonoraenequipo.com.mx\/edgar-vivar-sufrio-fuerte-caida-que-lo-llevo-al-hospital\/"]}]},{"@type":"ImageObject","inLanguage":"es","@id":"https:\/\/www.sonoraenequipo.com.mx\/edgar-vivar-sufrio-fuerte-caida-que-lo-llevo-al-hospital\/#primaryimage","url":"https:\/\/www.sonoraenequipo.com.mx\/storage\/2024\/04\/vivar.jpg","contentUrl":"https:\/\/www.sonoraenequipo.com.mx\/storage\/2024\/04\/vivar.jpg","width":900,"height":600},{"@type":"BreadcrumbList","@id":"https:\/\/www.sonoraenequipo.com.mx\/edgar-vivar-sufrio-fuerte-caida-que-lo-llevo-al-hospital\/#breadcrumb","itemListElement":[{"@type":"ListItem","position":1,"name":"Portada","item":"https:\/\/www.sonoraenequipo.com.mx\/"},{"@type":"ListItem","position":2,"name":"Edgar Vivar sufri\u00f3 fuerte ca\u00edda que lo llev\u00f3 al hospital"}]},{"@type":"WebSite","@id":"https:\/\/www.sonoraenequipo.com.mx\/#website","url":"https:\/\/www.sonoraenequipo.com.mx\/","name":"Sonora en Equipo.","description":"Diario en l\u00ednea con Noticias desde Hermosillo, Sonora","publisher":{"@id":"https:\/\/www.sonoraenequipo.com.mx\/#organization"},"potentialAction":[{"@type":"SearchAction","target":{"@type":"EntryPoint","urlTemplate":"https:\/\/www.sonoraenequipo.com.mx\/?s={search_term_string}"},"query-input":{"@type":"PropertyValueSpecification","valueRequired":true,"valueName":"search_term_string"}}],"inLanguage":"es"},{"@type":"Organization","@id":"https:\/\/www.sonoraenequipo.com.mx\/#organization","name":"Sonoraenequipo.com.mx","url":"https:\/\/www.sonoraenequipo.com.mx\/","logo":{"@type":"ImageObject","inLanguage":"es","@id":"https:\/\/www.sonoraenequipo.com.mx\/#\/schema\/logo\/image\/","url":"https:\/\/www.sonoraenequipo.com.mx\/storage\/2019\/01\/sonoraenequipo_opt.png","contentUrl":"https:\/\/www.sonoraenequipo.com.mx\/storage\/2019\/01\/sonoraenequipo_opt.png","width":375,"height":125,"caption":"Sonoraenequipo.com.mx"},"image":{"@id":"https:\/\/www.sonoraenequipo.com.mx\/#\/schema\/logo\/image\/"},"sameAs":["https:\/\/www.facebook.com\/SonoraEE\/","https:\/\/x.com\/sonoraenequipo","https:\/\/www.youtube.com\/channel\/UC338nW-lPEYmJQs4ZABQ1SQ"]},{"@type":"Person","@id":"https:\/\/www.sonoraenequipo.com.mx\/#\/schema\/person\/50102df0fb23a8fa9e8effad8fa81386","name":"enequipo","image":{"@type":"ImageObject","inLanguage":"es","@id":"https:\/\/www.sonoraenequipo.com.mx\/#\/schema\/person\/image\/","url":"https:\/\/secure.gravatar.com\/avatar\/049821681b589dabc0bc20695993ccebb09f5b5d4d790cd9251b97faac7c652b?s=96&d=blank&r=g","contentUrl":"https:\/\/secure.gravatar.com\/avatar\/049821681b589dabc0bc20695993ccebb09f5b5d4d790cd9251b97faac7c652b?s=96&d=blank&r=g","caption":"enequipo"},"sameAs":["https:\/\/www.facebook.com\/SonoraEE"]}]}},"jetpack_featured_media_url":"https:\/\/www.sonoraenequipo.com.mx\/storage\/2024\/04\/vivar.jpg","_links":{"self":[{"href":"https:\/\/www.sonoraenequipo.com.mx\/api\/wp\/v2\/posts\/187730","targetHints":{"allow":["GET"]}}],"collection":[{"href":"https:\/\/www.sonoraenequipo.com.mx\/api\/wp\/v2\/posts"}],"about":[{"href":"https:\/\/www.sonoraenequipo.com.mx\/api\/wp\/v2\/types\/post"}],"author":[{"embeddable":true,"href":"https:\/\/www.sonoraenequipo.com.mx\/api\/wp\/v2\/users\/1"}],"replies":[{"embeddable":true,"href":"https:\/\/www.sonoraenequipo.com.mx\/api\/wp\/v2\/comments?post=187730"}],"version-history":[{"count":1,"href":"https:\/\/www.sonoraenequipo.com.mx\/api\/wp\/v2\/posts\/187730\/revisions"}],"predecessor-version":[{"id":187732,"href":"https:\/\/www.sonoraenequipo.com.mx\/api\/wp\/v2\/posts\/187730\/revisions\/187732"}],"wp:featuredmedia":[{"embeddable":true,"href":"https:\/\/www.sonoraenequipo.com.mx\/api\/wp\/v2\/media\/187731"}],"wp:attachment":[{"href":"https:\/\/www.sonoraenequipo.com.mx\/api\/wp\/v2\/media?parent=187730"}],"wp:term":[{"taxonomy":"category","embeddable":true,"href":"https:\/\/www.sonoraenequipo.com.mx\/api\/wp\/v2\/categories?post=187730"},{"taxonomy":"post_tag","embeddable":true,"href":"https:\/\/www.sonoraenequipo.com.mx\/api\/wp\/v2\/tags?post=187730"}],"curies":[{"name":"wp","href":"https:\/\/api.w.org\/{rel}","templated":true}]}}