{"id":187742,"date":"2024-04-17T10:08:54","date_gmt":"2024-04-17T17:08:54","guid":{"rendered":"https:\/\/www.sonoraenequipo.com.mx\/?p=187742"},"modified":"2024-04-17T10:48:12","modified_gmt":"2024-04-17T17:48:12","slug":"retiro-de-lanzadora-de-dovelas-del-tren-interurbano-mexico-toluca-tomara-varios-dias-informa-sobse","status":"publish","type":"post","link":"https:\/\/www.sonoraenequipo.com.mx\/retiro-de-lanzadora-de-dovelas-del-tren-interurbano-mexico-toluca-tomara-varios-dias-informa-sobse\/","title":{"rendered":"Retiro de lanzadora de dovelas del Tren Interurbano M\u00e9xico-Toluca tomar\u00e1 varios d\u00edas, informa Sobse"},"content":{"rendered":"<p><strong>CDMX. M\u00c9XICO.<\/strong> \u2014 El secretario de Obras y Servicios (Sobse), Jes\u00fas Esteva Medina, inform\u00f3 que ser\u00e1n d\u00edas los que se ocupen para el retiro de la estructura conocida como lanzadora de dovelas, que cay\u00f3 esta madrugada, durante los trabajos que se realizan en el Tren Interurbano M\u00e9xico-Toluca.<\/p>\n<p> <\/p>\n<p>El funcionario se\u00f1al\u00f3 que se realizar\u00e1 el peritaje para determinar las causas del desplome, aunque mencion\u00f3 que se siguieron los protocolos de operatividad antes de que comenzar\u00e1 la maniobra.<\/p>\n<p>PUBLICADO EL 17 DE ABRIL DE 2024\/ Con informaci\u00f3n de AFP)<\/p>\n","protected":false},"excerpt":{"rendered":"<p>CDMX. M\u00c9XICO. \u2014 El secretario de Obras y Servicios (Sobse), Jes\u00fas Esteva Medina, inform\u00f3 que&#8230;<\/p>\n","protected":false},"author":1,"featured_media":187743,"comment_status":"open","ping_status":"open","sticky":false,"template":"","format":"standard","meta":{"_monsterinsights_skip_tracking":false,"_monsterinsights_sitenote_active":false,"_monsterinsights_sitenote_note":"","_monsterinsights_sitenote_category":0,"footnotes":""},"categories":[5],"tags":[],"class_list":["post"],"yoast_head":" \n<title>Sonora en Equipo. Retiro de lanzadora de dovelas del Tren Interurbano M\u00e9xico-Toluca tomar\u00e1 varios d\u00edas, informa Sobse Rep\u00fablica<\/title>\n<meta name=\"description\" content=\"CDMX. M\u00c9XICO. \u2014 El secretario de Obras y Servicios (Sobse), Jes\u00fas Esteva Medina, inform\u00f3 que ser\u00e1n d\u00edas los que se ocupen para el retiro de la estructura En Sonora en Equipo publicamos toda la informaci\u00f3n de Sonora, M\u00e9xico y el Mundo de manera oportuna y busca que la libertad de expresi\u00f3n sea real. Visita nuestro medio informativo publicado desde Hermosillo, Sonora. %\" \/>\n<meta name=\"robots\" content=\"index, follow, max-snippet:-1, max-image-preview:large, max-video-preview:-1\" \/>\n<link rel=\"canonical\" href=\"https:\/\/www.sonoraenequipo.com.mx\/retiro-de-lanzadora-de-dovelas-del-tren-interurbano-mexico-toluca-tomara-varios-dias-informa-sobse\/\" \/>\n<meta property=\"og:locale\" content=\"es_ES\" \/>\n<meta property=\"og:type\" content=\"article\" \/>\n<meta property=\"og:title\" content=\"Sonora en Equipo. Retiro de lanzadora de dovelas del Tren Interurbano M\u00e9xico-Toluca tomar\u00e1 varios d\u00edas, informa Sobse Rep\u00fablica\" \/>\n<meta property=\"og:description\" content=\"CDMX. M\u00c9XICO. \u2014 El secretario de Obras y Servicios (Sobse), Jes\u00fas Esteva Medina, inform\u00f3 que ser\u00e1n d\u00edas los que se ocupen para el retiro de la estructura En Sonora en Equipo publicamos toda la informaci\u00f3n de Sonora, M\u00e9xico y el Mundo de manera oportuna y busca que la libertad de expresi\u00f3n sea real. Visita nuestro medio informativo publicado desde Hermosillo, Sonora. %\" \/>\n<meta property=\"og:url\" content=\"https:\/\/www.sonoraenequipo.com.mx\/retiro-de-lanzadora-de-dovelas-del-tren-interurbano-mexico-toluca-tomara-varios-dias-informa-sobse\/\" \/>\n<meta property=\"og:site_name\" content=\"Sonora en Equipo.\" \/>\n<meta property=\"article:publisher\" content=\"https:\/\/www.facebook.com\/SonoraEE\/\" \/>\n<meta property=\"article:author\" content=\"https:\/\/www.facebook.com\/SonoraEE\" \/>\n<meta property=\"article:published_time\" content=\"2024-04-17T17:08:54+00:00\" \/>\n<meta property=\"article:modified_time\" content=\"2024-04-17T17:48:12+00:00\" \/>\n<meta property=\"og:image\" content=\"https:\/\/www.sonoraenequipo.com.mx\/storage\/2024\/04\/caen-dovelas-de-tren-interurbano-min.jpeg\" \/>\n\t<meta property=\"og:image:width\" content=\"1100\" \/>\n\t<meta property=\"og:image:height\" content=\"666\" \/>\n\t<meta property=\"og:image:type\" content=\"image\/jpeg\" \/>\n<meta name=\"author\" content=\"enequipo\" \/>\n<meta name=\"twitter:card\" content=\"summary_large_image\" \/>\n<meta name=\"twitter:creator\" content=\"@sonoraenequipo\" \/>\n<meta name=\"twitter:site\" content=\"@sonoraenequipo\" \/>\n<meta name=\"twitter:label1\" content=\"Escrito por\" \/>\n\t<meta name=\"twitter:data1\" content=\"enequipo\" \/>\n<script type=\"application\/ld+json\" class=\"yoast-schema-graph\">{\"@context\":\"https:\/\/schema.org\",\"@graph\":[{\"@type\":\"Article\",\"@id\":\"https:\/\/www.sonoraenequipo.com.mx\/retiro-de-lanzadora-de-dovelas-del-tren-interurbano-mexico-toluca-tomara-varios-dias-informa-sobse\/#article\",\"isPartOf\":{\"@id\":\"https:\/\/www.sonoraenequipo.com.mx\/retiro-de-lanzadora-de-dovelas-del-tren-interurbano-mexico-toluca-tomara-varios-dias-informa-sobse\/\"},\"author\":{\"name\":\"enequipo\",\"@id\":\"https:\/\/www.sonoraenequipo.com.mx\/#\/schema\/person\/50102df0fb23a8fa9e8effad8fa81386\"},\"headline\":\"Retiro de lanzadora de dovelas del Tren Interurbano M\u00e9xico-Toluca tomar\u00e1 varios d\u00edas, informa Sobse\",\"datePublished\":\"2024-04-17T17:08:54+00:00\",\"dateModified\":\"2024-04-17T17:48:12+00:00\",\"mainEntityOfPage\":{\"@id\":\"https:\/\/www.sonoraenequipo.com.mx\/retiro-de-lanzadora-de-dovelas-del-tren-interurbano-mexico-toluca-tomara-varios-dias-informa-sobse\/\"},\"wordCount\":107,\"commentCount\":0,\"publisher\":{\"@id\":\"https:\/\/www.sonoraenequipo.com.mx\/#organization\"},\"image\":{\"@id\":\"https:\/\/www.sonoraenequipo.com.mx\/retiro-de-lanzadora-de-dovelas-del-tren-interurbano-mexico-toluca-tomara-varios-dias-informa-sobse\/#primaryimage\"},\"thumbnailUrl\":\"https:\/\/www.sonoraenequipo.com.mx\/storage\/2024\/04\/caen-dovelas-de-tren-interurbano-min.jpeg\",\"articleSection\":[\"Rep\u00fablica\"],\"inLanguage\":\"es\",\"potentialAction\":[{\"@type\":\"CommentAction\",\"name\":\"Comment\",\"target\":[\"https:\/\/www.sonoraenequipo.com.mx\/retiro-de-lanzadora-de-dovelas-del-tren-interurbano-mexico-toluca-tomara-varios-dias-informa-sobse\/#respond\"]}]},{\"@type\":\"WebPage\",\"@id\":\"https:\/\/www.sonoraenequipo.com.mx\/retiro-de-lanzadora-de-dovelas-del-tren-interurbano-mexico-toluca-tomara-varios-dias-informa-sobse\/\",\"url\":\"https:\/\/www.sonoraenequipo.com.mx\/retiro-de-lanzadora-de-dovelas-del-tren-interurbano-mexico-toluca-tomara-varios-dias-informa-sobse\/\",\"name\":\"Sonora en Equipo. Retiro de lanzadora de dovelas del Tren Interurbano M\u00e9xico-Toluca tomar\u00e1 varios d\u00edas, informa Sobse Rep\u00fablica\",\"isPartOf\":{\"@id\":\"https:\/\/www.sonoraenequipo.com.mx\/#website\"},\"primaryImageOfPage\":{\"@id\":\"https:\/\/www.sonoraenequipo.com.mx\/retiro-de-lanzadora-de-dovelas-del-tren-interurbano-mexico-toluca-tomara-varios-dias-informa-sobse\/#primaryimage\"},\"image\":{\"@id\":\"https:\/\/www.sonoraenequipo.com.mx\/retiro-de-lanzadora-de-dovelas-del-tren-interurbano-mexico-toluca-tomara-varios-dias-informa-sobse\/#primaryimage\"},\"thumbnailUrl\":\"https:\/\/www.sonoraenequipo.com.mx\/storage\/2024\/04\/caen-dovelas-de-tren-interurbano-min.jpeg\",\"datePublished\":\"2024-04-17T17:08:54+00:00\",\"dateModified\":\"2024-04-17T17:48:12+00:00\",\"description\":\"CDMX. M\u00c9XICO. \u2014 El secretario de Obras y Servicios (Sobse), Jes\u00fas Esteva Medina, inform\u00f3 que ser\u00e1n d\u00edas los que se ocupen para el retiro de la estructura En Sonora en Equipo publicamos toda la informaci\u00f3n de Sonora, M\u00e9xico y el Mundo de manera oportuna y busca que la libertad de expresi\u00f3n sea real. Visita nuestro medio informativo publicado desde Hermosillo, Sonora. %\",\"breadcrumb\":{\"@id\":\"https:\/\/www.sonoraenequipo.com.mx\/retiro-de-lanzadora-de-dovelas-del-tren-interurbano-mexico-toluca-tomara-varios-dias-informa-sobse\/#breadcrumb\"},\"inLanguage\":\"es\",\"potentialAction\":[{\"@type\":\"ReadAction\",\"target\":[\"https:\/\/www.sonoraenequipo.com.mx\/retiro-de-lanzadora-de-dovelas-del-tren-interurbano-mexico-toluca-tomara-varios-dias-informa-sobse\/\"]}]},{\"@type\":\"ImageObject\",\"inLanguage\":\"es\",\"@id\":\"https:\/\/www.sonoraenequipo.com.mx\/retiro-de-lanzadora-de-dovelas-del-tren-interurbano-mexico-toluca-tomara-varios-dias-informa-sobse\/#primaryimage\",\"url\":\"https:\/\/www.sonoraenequipo.com.mx\/storage\/2024\/04\/caen-dovelas-de-tren-interurbano-min.jpeg\",\"contentUrl\":\"https:\/\/www.sonoraenequipo.com.mx\/storage\/2024\/04\/caen-dovelas-de-tren-interurbano-min.jpeg\",\"width\":1100,\"height\":666},{\"@type\":\"BreadcrumbList\",\"@id\":\"https:\/\/www.sonoraenequipo.com.mx\/retiro-de-lanzadora-de-dovelas-del-tren-interurbano-mexico-toluca-tomara-varios-dias-informa-sobse\/#breadcrumb\",\"itemListElement\":[{\"@type\":\"ListItem\",\"position\":1,\"name\":\"Portada\",\"item\":\"https:\/\/www.sonoraenequipo.com.mx\/\"},{\"@type\":\"ListItem\",\"position\":2,\"name\":\"Retiro de lanzadora de dovelas del Tren Interurbano M\u00e9xico-Toluca tomar\u00e1 varios d\u00edas, informa Sobse\"}]},{\"@type\":\"WebSite\",\"@id\":\"https:\/\/www.sonoraenequipo.com.mx\/#website\",\"url\":\"https:\/\/www.sonoraenequipo.com.mx\/\",\"name\":\"Sonora en Equipo.\",\"description\":\"Diario en l\u00ednea con Noticias desde Hermosillo, Sonora\",\"publisher\":{\"@id\":\"https:\/\/www.sonoraenequipo.com.mx\/#organization\"},\"potentialAction\":[{\"@type\":\"SearchAction\",\"target\":{\"@type\":\"EntryPoint\",\"urlTemplate\":\"https:\/\/www.sonoraenequipo.com.mx\/?s={search_term_string}\"},\"query-input\":{\"@type\":\"PropertyValueSpecification\",\"valueRequired\":true,\"valueName\":\"search_term_string\"}}],\"inLanguage\":\"es\"},{\"@type\":\"Organization\",\"@id\":\"https:\/\/www.sonoraenequipo.com.mx\/#organization\",\"name\":\"Sonoraenequipo.com.mx\",\"url\":\"https:\/\/www.sonoraenequipo.com.mx\/\",\"logo\":{\"@type\":\"ImageObject\",\"inLanguage\":\"es\",\"@id\":\"https:\/\/www.sonoraenequipo.com.mx\/#\/schema\/logo\/image\/\",\"url\":\"https:\/\/www.sonoraenequipo.com.mx\/storage\/2019\/01\/sonoraenequipo_opt.png\",\"contentUrl\":\"https:\/\/www.sonoraenequipo.com.mx\/storage\/2019\/01\/sonoraenequipo_opt.png\",\"width\":375,\"height\":125,\"caption\":\"Sonoraenequipo.com.mx\"},\"image\":{\"@id\":\"https:\/\/www.sonoraenequipo.com.mx\/#\/schema\/logo\/image\/\"},\"sameAs\":[\"https:\/\/www.facebook.com\/SonoraEE\/\",\"https:\/\/x.com\/sonoraenequipo\",\"https:\/\/www.youtube.com\/channel\/UC338nW-lPEYmJQs4ZABQ1SQ\"]},{\"@type\":\"Person\",\"@id\":\"https:\/\/www.sonoraenequipo.com.mx\/#\/schema\/person\/50102df0fb23a8fa9e8effad8fa81386\",\"name\":\"enequipo\",\"image\":{\"@type\":\"ImageObject\",\"inLanguage\":\"es\",\"@id\":\"https:\/\/www.sonoraenequipo.com.mx\/#\/schema\/person\/image\/\",\"url\":\"https:\/\/secure.gravatar.com\/avatar\/049821681b589dabc0bc20695993ccebb09f5b5d4d790cd9251b97faac7c652b?s=96&d=blank&r=g\",\"contentUrl\":\"https:\/\/secure.gravatar.com\/avatar\/049821681b589dabc0bc20695993ccebb09f5b5d4d790cd9251b97faac7c652b?s=96&d=blank&r=g\",\"caption\":\"enequipo\"},\"sameAs\":[\"https:\/\/www.facebook.com\/SonoraEE\"]}]}<\/script>\n ","yoast_head_json":{"title":"Sonora en Equipo. Retiro de lanzadora de dovelas del Tren Interurbano M\u00e9xico-Toluca tomar\u00e1 varios d\u00edas, informa Sobse Rep\u00fablica","description":"CDMX. M\u00c9XICO. \u2014 El secretario de Obras y Servicios (Sobse), Jes\u00fas Esteva Medina, inform\u00f3 que ser\u00e1n d\u00edas los que se ocupen para el retiro de la estructura En Sonora en Equipo publicamos toda la informaci\u00f3n de Sonora, M\u00e9xico y el Mundo de manera oportuna y busca que la libertad de expresi\u00f3n sea real. Visita nuestro medio informativo publicado desde Hermosillo, Sonora. %","robots":{"index":"index","follow":"follow","max-snippet":"max-snippet:-1","max-image-preview":"max-image-preview:large","max-video-preview":"max-video-preview:-1"},"canonical":"https:\/\/www.sonoraenequipo.com.mx\/retiro-de-lanzadora-de-dovelas-del-tren-interurbano-mexico-toluca-tomara-varios-dias-informa-sobse\/","og_locale":"es_ES","og_type":"article","og_title":"Sonora en Equipo. Retiro de lanzadora de dovelas del Tren Interurbano M\u00e9xico-Toluca tomar\u00e1 varios d\u00edas, informa Sobse Rep\u00fablica","og_description":"CDMX. M\u00c9XICO. \u2014 El secretario de Obras y Servicios (Sobse), Jes\u00fas Esteva Medina, inform\u00f3 que ser\u00e1n d\u00edas los que se ocupen para el retiro de la estructura En Sonora en Equipo publicamos toda la informaci\u00f3n de Sonora, M\u00e9xico y el Mundo de manera oportuna y busca que la libertad de expresi\u00f3n sea real. Visita nuestro medio informativo publicado desde Hermosillo, Sonora. %","og_url":"https:\/\/www.sonoraenequipo.com.mx\/retiro-de-lanzadora-de-dovelas-del-tren-interurbano-mexico-toluca-tomara-varios-dias-informa-sobse\/","og_site_name":"Sonora en Equipo.","article_publisher":"https:\/\/www.facebook.com\/SonoraEE\/","article_author":"https:\/\/www.facebook.com\/SonoraEE","article_published_time":"2024-04-17T17:08:54+00:00","article_modified_time":"2024-04-17T17:48:12+00:00","og_image":[{"width":1100,"height":666,"url":"https:\/\/www.sonoraenequipo.com.mx\/storage\/2024\/04\/caen-dovelas-de-tren-interurbano-min.jpeg","type":"image\/jpeg"}],"author":"enequipo","twitter_card":"summary_large_image","twitter_creator":"@sonoraenequipo","twitter_site":"@sonoraenequipo","twitter_misc":{"Escrito por":"enequipo"},"schema":{"@context":"https:\/\/schema.org","@graph":[{"@type":"Article","@id":"https:\/\/www.sonoraenequipo.com.mx\/retiro-de-lanzadora-de-dovelas-del-tren-interurbano-mexico-toluca-tomara-varios-dias-informa-sobse\/#article","isPartOf":{"@id":"https:\/\/www.sonoraenequipo.com.mx\/retiro-de-lanzadora-de-dovelas-del-tren-interurbano-mexico-toluca-tomara-varios-dias-informa-sobse\/"},"author":{"name":"enequipo","@id":"https:\/\/www.sonoraenequipo.com.mx\/#\/schema\/person\/50102df0fb23a8fa9e8effad8fa81386"},"headline":"Retiro de lanzadora de dovelas del Tren Interurbano M\u00e9xico-Toluca tomar\u00e1 varios d\u00edas, informa Sobse","datePublished":"2024-04-17T17:08:54+00:00","dateModified":"2024-04-17T17:48:12+00:00","mainEntityOfPage":{"@id":"https:\/\/www.sonoraenequipo.com.mx\/retiro-de-lanzadora-de-dovelas-del-tren-interurbano-mexico-toluca-tomara-varios-dias-informa-sobse\/"},"wordCount":107,"commentCount":0,"publisher":{"@id":"https:\/\/www.sonoraenequipo.com.mx\/#organization"},"image":{"@id":"https:\/\/www.sonoraenequipo.com.mx\/retiro-de-lanzadora-de-dovelas-del-tren-interurbano-mexico-toluca-tomara-varios-dias-informa-sobse\/#primaryimage"},"thumbnailUrl":"https:\/\/www.sonoraenequipo.com.mx\/storage\/2024\/04\/caen-dovelas-de-tren-interurbano-min.jpeg","articleSection":["Rep\u00fablica"],"inLanguage":"es","potentialAction":[{"@type":"CommentAction","name":"Comment","target":["https:\/\/www.sonoraenequipo.com.mx\/retiro-de-lanzadora-de-dovelas-del-tren-interurbano-mexico-toluca-tomara-varios-dias-informa-sobse\/#respond"]}]},{"@type":"WebPage","@id":"https:\/\/www.sonoraenequipo.com.mx\/retiro-de-lanzadora-de-dovelas-del-tren-interurbano-mexico-toluca-tomara-varios-dias-informa-sobse\/","url":"https:\/\/www.sonoraenequipo.com.mx\/retiro-de-lanzadora-de-dovelas-del-tren-interurbano-mexico-toluca-tomara-varios-dias-informa-sobse\/","name":"Sonora en Equipo. Retiro de lanzadora de dovelas del Tren Interurbano M\u00e9xico-Toluca tomar\u00e1 varios d\u00edas, informa Sobse Rep\u00fablica","isPartOf":{"@id":"https:\/\/www.sonoraenequipo.com.mx\/#website"},"primaryImageOfPage":{"@id":"https:\/\/www.sonoraenequipo.com.mx\/retiro-de-lanzadora-de-dovelas-del-tren-interurbano-mexico-toluca-tomara-varios-dias-informa-sobse\/#primaryimage"},"image":{"@id":"https:\/\/www.sonoraenequipo.com.mx\/retiro-de-lanzadora-de-dovelas-del-tren-interurbano-mexico-toluca-tomara-varios-dias-informa-sobse\/#primaryimage"},"thumbnailUrl":"https:\/\/www.sonoraenequipo.com.mx\/storage\/2024\/04\/caen-dovelas-de-tren-interurbano-min.jpeg","datePublished":"2024-04-17T17:08:54+00:00","dateModified":"2024-04-17T17:48:12+00:00","description":"CDMX. M\u00c9XICO. \u2014 El secretario de Obras y Servicios (Sobse), Jes\u00fas Esteva Medina, inform\u00f3 que ser\u00e1n d\u00edas los que se ocupen para el retiro de la estructura En Sonora en Equipo publicamos toda la informaci\u00f3n de Sonora, M\u00e9xico y el Mundo de manera oportuna y busca que la libertad de expresi\u00f3n sea real. Visita nuestro medio informativo publicado desde Hermosillo, Sonora. %","breadcrumb":{"@id":"https:\/\/www.sonoraenequipo.com.mx\/retiro-de-lanzadora-de-dovelas-del-tren-interurbano-mexico-toluca-tomara-varios-dias-informa-sobse\/#breadcrumb"},"inLanguage":"es","potentialAction":[{"@type":"ReadAction","target":["https:\/\/www.sonoraenequipo.com.mx\/retiro-de-lanzadora-de-dovelas-del-tren-interurbano-mexico-toluca-tomara-varios-dias-informa-sobse\/"]}]},{"@type":"ImageObject","inLanguage":"es","@id":"https:\/\/www.sonoraenequipo.com.mx\/retiro-de-lanzadora-de-dovelas-del-tren-interurbano-mexico-toluca-tomara-varios-dias-informa-sobse\/#primaryimage","url":"https:\/\/www.sonoraenequipo.com.mx\/storage\/2024\/04\/caen-dovelas-de-tren-interurbano-min.jpeg","contentUrl":"https:\/\/www.sonoraenequipo.com.mx\/storage\/2024\/04\/caen-dovelas-de-tren-interurbano-min.jpeg","width":1100,"height":666},{"@type":"BreadcrumbList","@id":"https:\/\/www.sonoraenequipo.com.mx\/retiro-de-lanzadora-de-dovelas-del-tren-interurbano-mexico-toluca-tomara-varios-dias-informa-sobse\/#breadcrumb","itemListElement":[{"@type":"ListItem","position":1,"name":"Portada","item":"https:\/\/www.sonoraenequipo.com.mx\/"},{"@type":"ListItem","position":2,"name":"Retiro de lanzadora de dovelas del Tren Interurbano M\u00e9xico-Toluca tomar\u00e1 varios d\u00edas, informa Sobse"}]},{"@type":"WebSite","@id":"https:\/\/www.sonoraenequipo.com.mx\/#website","url":"https:\/\/www.sonoraenequipo.com.mx\/","name":"Sonora en Equipo.","description":"Diario en l\u00ednea con Noticias desde Hermosillo, Sonora","publisher":{"@id":"https:\/\/www.sonoraenequipo.com.mx\/#organization"},"potentialAction":[{"@type":"SearchAction","target":{"@type":"EntryPoint","urlTemplate":"https:\/\/www.sonoraenequipo.com.mx\/?s={search_term_string}"},"query-input":{"@type":"PropertyValueSpecification","valueRequired":true,"valueName":"search_term_string"}}],"inLanguage":"es"},{"@type":"Organization","@id":"https:\/\/www.sonoraenequipo.com.mx\/#organization","name":"Sonoraenequipo.com.mx","url":"https:\/\/www.sonoraenequipo.com.mx\/","logo":{"@type":"ImageObject","inLanguage":"es","@id":"https:\/\/www.sonoraenequipo.com.mx\/#\/schema\/logo\/image\/","url":"https:\/\/www.sonoraenequipo.com.mx\/storage\/2019\/01\/sonoraenequipo_opt.png","contentUrl":"https:\/\/www.sonoraenequipo.com.mx\/storage\/2019\/01\/sonoraenequipo_opt.png","width":375,"height":125,"caption":"Sonoraenequipo.com.mx"},"image":{"@id":"https:\/\/www.sonoraenequipo.com.mx\/#\/schema\/logo\/image\/"},"sameAs":["https:\/\/www.facebook.com\/SonoraEE\/","https:\/\/x.com\/sonoraenequipo","https:\/\/www.youtube.com\/channel\/UC338nW-lPEYmJQs4ZABQ1SQ"]},{"@type":"Person","@id":"https:\/\/www.sonoraenequipo.com.mx\/#\/schema\/person\/50102df0fb23a8fa9e8effad8fa81386","name":"enequipo","image":{"@type":"ImageObject","inLanguage":"es","@id":"https:\/\/www.sonoraenequipo.com.mx\/#\/schema\/person\/image\/","url":"https:\/\/secure.gravatar.com\/avatar\/049821681b589dabc0bc20695993ccebb09f5b5d4d790cd9251b97faac7c652b?s=96&d=blank&r=g","contentUrl":"https:\/\/secure.gravatar.com\/avatar\/049821681b589dabc0bc20695993ccebb09f5b5d4d790cd9251b97faac7c652b?s=96&d=blank&r=g","caption":"enequipo"},"sameAs":["https:\/\/www.facebook.com\/SonoraEE"]}]}},"jetpack_featured_media_url":"https:\/\/www.sonoraenequipo.com.mx\/storage\/2024\/04\/caen-dovelas-de-tren-interurbano-min.jpeg","_links":{"self":[{"href":"https:\/\/www.sonoraenequipo.com.mx\/api\/wp\/v2\/posts\/187742","targetHints":{"allow":["GET"]}}],"collection":[{"href":"https:\/\/www.sonoraenequipo.com.mx\/api\/wp\/v2\/posts"}],"about":[{"href":"https:\/\/www.sonoraenequipo.com.mx\/api\/wp\/v2\/types\/post"}],"author":[{"embeddable":true,"href":"https:\/\/www.sonoraenequipo.com.mx\/api\/wp\/v2\/users\/1"}],"replies":[{"embeddable":true,"href":"https:\/\/www.sonoraenequipo.com.mx\/api\/wp\/v2\/comments?post=187742"}],"version-history":[{"count":2,"href":"https:\/\/www.sonoraenequipo.com.mx\/api\/wp\/v2\/posts\/187742\/revisions"}],"predecessor-version":[{"id":187745,"href":"https:\/\/www.sonoraenequipo.com.mx\/api\/wp\/v2\/posts\/187742\/revisions\/187745"}],"wp:featuredmedia":[{"embeddable":true,"href":"https:\/\/www.sonoraenequipo.com.mx\/api\/wp\/v2\/media\/187743"}],"wp:attachment":[{"href":"https:\/\/www.sonoraenequipo.com.mx\/api\/wp\/v2\/media?parent=187742"}],"wp:term":[{"taxonomy":"category","embeddable":true,"href":"https:\/\/www.sonoraenequipo.com.mx\/api\/wp\/v2\/categories?post=187742"},{"taxonomy":"post_tag","embeddable":true,"href":"https:\/\/www.sonoraenequipo.com.mx\/api\/wp\/v2\/tags?post=187742"}],"curies":[{"name":"wp","href":"https:\/\/api.w.org\/{rel}","templated":true}]}}