{"id":187746,"date":"2024-04-17T09:13:34","date_gmt":"2024-04-17T16:13:34","guid":{"rendered":"https:\/\/www.sonoraenequipo.com.mx\/?p=187746"},"modified":"2024-04-17T11:15:20","modified_gmt":"2024-04-17T18:15:20","slug":"javier-milei-fue-elegido-como-uno-de-los-100-personajes-del-ano-en-la-revista-time","status":"publish","type":"post","link":"https:\/\/www.sonoraenequipo.com.mx\/javier-milei-fue-elegido-como-uno-de-los-100-personajes-del-ano-en-la-revista-time\/","title":{"rendered":"Javier Milei fue elegido como uno de los 100 personajes del a\u00f1o en la revista Time."},"content":{"rendered":"<p><strong>ESTADOS UNIDOS. \u2014<\/strong> El presidente Javier Milei fue elegido por la revista Time como una de las 100 personas m\u00e1s influyentes de 2024, dentro de la categor\u00eda L\u00edderes. En la reconocida publicaci\u00f3n estadounidense destacaron su victoria en las elecciones presidenciales pese a su corta experiencia pol\u00edtica, y hablaron de su campa\u00f1a de shock y austeridad. Dijeron, incluso, que no habr\u00e1 vuelta atr\u00e1s con su gesti\u00f3n.<\/p>\n<p>\u00a0<\/p>\n<p> <\/p>\n<p>El ranking general fue dividido en distintas secciones: Artistas, donde prevalece la cantante Dua Lipa; \u00cdconos, en la que se destaca la actriz Taraji Penda Henson; Titanes, con la foto principal del jugador de f\u00fatbol americano Patrick Lavon Mahomes; Innovadores, con el empresario taiwan\u00e9s y CEO de Nvidia, Jensen Huang, a la cabeza; y L\u00edderes, la parte en donde entr\u00f3 el mandatario argentino, que tiene como destacada a Yulia Navalnaya, la viuda del disidente ruso fallecido Alexei Navalny.<\/p>\n<p>\u00a0<\/p>\n<p>La descripci\u00f3n del mandatario argentino estuvo a cargo de la corresponsal del Time Vera Bergenguren, que habla espa\u00f1ol y se encarga de temas de seguridad nacional, tecnolog\u00eda y pol\u00edtica. La foto es del reportero gr\u00e1fico Tom\u00e1s Cuesta.<\/p>\n<p>\u00a0<\/p>\n<p>PUBLICADO EL 17 DE ABRIL DE 2024\/ Con informaci\u00f3n de AFP)<\/p>\n\n\n<p><\/p>\n","protected":false},"excerpt":{"rendered":"<p>ESTADOS UNIDOS. \u2014 El presidente Javier Milei fue elegido por la revista Time como una&#8230;<\/p>\n","protected":false},"author":1,"featured_media":187747,"comment_status":"open","ping_status":"open","sticky":false,"template":"","format":"standard","meta":{"_monsterinsights_skip_tracking":false,"_monsterinsights_sitenote_active":false,"_monsterinsights_sitenote_note":"","_monsterinsights_sitenote_category":0,"footnotes":""},"categories":[3],"tags":[],"class_list":["post"],"yoast_head":" \n<title>Sonora en Equipo. Javier Milei fue elegido como uno de los 100 personajes del a\u00f1o en la revista Time. MUNDO<\/title>\n<meta name=\"description\" content=\"ESTADOS UNIDOS. \u2014 El presidente Javier Milei fue elegido por la revista Time como una de las 100 personas m\u00e1s influyentes de 2024, dentro de la categor\u00eda En Sonora en Equipo publicamos toda la informaci\u00f3n de Sonora, M\u00e9xico y el Mundo de manera oportuna y busca que la libertad de expresi\u00f3n sea real. Visita nuestro medio informativo publicado desde Hermosillo, Sonora. %\" \/>\n<meta name=\"robots\" content=\"index, follow, max-snippet:-1, max-image-preview:large, max-video-preview:-1\" \/>\n<link rel=\"canonical\" href=\"https:\/\/www.sonoraenequipo.com.mx\/javier-milei-fue-elegido-como-uno-de-los-100-personajes-del-ano-en-la-revista-time\/\" \/>\n<meta property=\"og:locale\" content=\"es_ES\" \/>\n<meta property=\"og:type\" content=\"article\" \/>\n<meta property=\"og:title\" content=\"Sonora en Equipo. Javier Milei fue elegido como uno de los 100 personajes del a\u00f1o en la revista Time. MUNDO\" \/>\n<meta property=\"og:description\" content=\"ESTADOS UNIDOS. \u2014 El presidente Javier Milei fue elegido por la revista Time como una de las 100 personas m\u00e1s influyentes de 2024, dentro de la categor\u00eda En Sonora en Equipo publicamos toda la informaci\u00f3n de Sonora, M\u00e9xico y el Mundo de manera oportuna y busca que la libertad de expresi\u00f3n sea real. Visita nuestro medio informativo publicado desde Hermosillo, Sonora. %\" \/>\n<meta property=\"og:url\" content=\"https:\/\/www.sonoraenequipo.com.mx\/javier-milei-fue-elegido-como-uno-de-los-100-personajes-del-ano-en-la-revista-time\/\" \/>\n<meta property=\"og:site_name\" content=\"Sonora en Equipo.\" \/>\n<meta property=\"article:publisher\" content=\"https:\/\/www.facebook.com\/SonoraEE\/\" \/>\n<meta property=\"article:author\" content=\"https:\/\/www.facebook.com\/SonoraEE\" \/>\n<meta property=\"article:published_time\" content=\"2024-04-17T16:13:34+00:00\" \/>\n<meta property=\"article:modified_time\" content=\"2024-04-17T18:15:20+00:00\" \/>\n<meta property=\"og:image\" content=\"https:\/\/www.sonoraenequipo.com.mx\/storage\/2024\/04\/milei.time-min.jpg\" \/>\n\t<meta property=\"og:image:width\" content=\"950\" \/>\n\t<meta property=\"og:image:height\" content=\"512\" \/>\n\t<meta property=\"og:image:type\" content=\"image\/jpeg\" \/>\n<meta name=\"author\" content=\"enequipo\" \/>\n<meta name=\"twitter:card\" content=\"summary_large_image\" \/>\n<meta name=\"twitter:creator\" content=\"@sonoraenequipo\" \/>\n<meta name=\"twitter:site\" content=\"@sonoraenequipo\" \/>\n<meta name=\"twitter:label1\" content=\"Escrito por\" \/>\n\t<meta name=\"twitter:data1\" content=\"enequipo\" \/>\n\t<meta name=\"twitter:label2\" content=\"Tiempo de lectura\" \/>\n\t<meta name=\"twitter:data2\" content=\"1 minuto\" \/>\n<script type=\"application\/ld+json\" class=\"yoast-schema-graph\">{\"@context\":\"https:\/\/schema.org\",\"@graph\":[{\"@type\":\"Article\",\"@id\":\"https:\/\/www.sonoraenequipo.com.mx\/javier-milei-fue-elegido-como-uno-de-los-100-personajes-del-ano-en-la-revista-time\/#article\",\"isPartOf\":{\"@id\":\"https:\/\/www.sonoraenequipo.com.mx\/javier-milei-fue-elegido-como-uno-de-los-100-personajes-del-ano-en-la-revista-time\/\"},\"author\":{\"name\":\"enequipo\",\"@id\":\"https:\/\/www.sonoraenequipo.com.mx\/#\/schema\/person\/50102df0fb23a8fa9e8effad8fa81386\"},\"headline\":\"Javier Milei fue elegido como uno de los 100 personajes del a\u00f1o en la revista Time.\",\"datePublished\":\"2024-04-17T16:13:34+00:00\",\"dateModified\":\"2024-04-17T18:15:20+00:00\",\"mainEntityOfPage\":{\"@id\":\"https:\/\/www.sonoraenequipo.com.mx\/javier-milei-fue-elegido-como-uno-de-los-100-personajes-del-ano-en-la-revista-time\/\"},\"wordCount\":220,\"commentCount\":0,\"publisher\":{\"@id\":\"https:\/\/www.sonoraenequipo.com.mx\/#organization\"},\"image\":{\"@id\":\"https:\/\/www.sonoraenequipo.com.mx\/javier-milei-fue-elegido-como-uno-de-los-100-personajes-del-ano-en-la-revista-time\/#primaryimage\"},\"thumbnailUrl\":\"https:\/\/www.sonoraenequipo.com.mx\/storage\/2024\/04\/milei.time-min.jpg\",\"articleSection\":[\"MUNDO\"],\"inLanguage\":\"es\",\"potentialAction\":[{\"@type\":\"CommentAction\",\"name\":\"Comment\",\"target\":[\"https:\/\/www.sonoraenequipo.com.mx\/javier-milei-fue-elegido-como-uno-de-los-100-personajes-del-ano-en-la-revista-time\/#respond\"]}]},{\"@type\":\"WebPage\",\"@id\":\"https:\/\/www.sonoraenequipo.com.mx\/javier-milei-fue-elegido-como-uno-de-los-100-personajes-del-ano-en-la-revista-time\/\",\"url\":\"https:\/\/www.sonoraenequipo.com.mx\/javier-milei-fue-elegido-como-uno-de-los-100-personajes-del-ano-en-la-revista-time\/\",\"name\":\"Sonora en Equipo. Javier Milei fue elegido como uno de los 100 personajes del a\u00f1o en la revista Time. MUNDO\",\"isPartOf\":{\"@id\":\"https:\/\/www.sonoraenequipo.com.mx\/#website\"},\"primaryImageOfPage\":{\"@id\":\"https:\/\/www.sonoraenequipo.com.mx\/javier-milei-fue-elegido-como-uno-de-los-100-personajes-del-ano-en-la-revista-time\/#primaryimage\"},\"image\":{\"@id\":\"https:\/\/www.sonoraenequipo.com.mx\/javier-milei-fue-elegido-como-uno-de-los-100-personajes-del-ano-en-la-revista-time\/#primaryimage\"},\"thumbnailUrl\":\"https:\/\/www.sonoraenequipo.com.mx\/storage\/2024\/04\/milei.time-min.jpg\",\"datePublished\":\"2024-04-17T16:13:34+00:00\",\"dateModified\":\"2024-04-17T18:15:20+00:00\",\"description\":\"ESTADOS UNIDOS. \u2014 El presidente Javier Milei fue elegido por la revista Time como una de las 100 personas m\u00e1s influyentes de 2024, dentro de la categor\u00eda En Sonora en Equipo publicamos toda la informaci\u00f3n de Sonora, M\u00e9xico y el Mundo de manera oportuna y busca que la libertad de expresi\u00f3n sea real. Visita nuestro medio informativo publicado desde Hermosillo, Sonora. %\",\"breadcrumb\":{\"@id\":\"https:\/\/www.sonoraenequipo.com.mx\/javier-milei-fue-elegido-como-uno-de-los-100-personajes-del-ano-en-la-revista-time\/#breadcrumb\"},\"inLanguage\":\"es\",\"potentialAction\":[{\"@type\":\"ReadAction\",\"target\":[\"https:\/\/www.sonoraenequipo.com.mx\/javier-milei-fue-elegido-como-uno-de-los-100-personajes-del-ano-en-la-revista-time\/\"]}]},{\"@type\":\"ImageObject\",\"inLanguage\":\"es\",\"@id\":\"https:\/\/www.sonoraenequipo.com.mx\/javier-milei-fue-elegido-como-uno-de-los-100-personajes-del-ano-en-la-revista-time\/#primaryimage\",\"url\":\"https:\/\/www.sonoraenequipo.com.mx\/storage\/2024\/04\/milei.time-min.jpg\",\"contentUrl\":\"https:\/\/www.sonoraenequipo.com.mx\/storage\/2024\/04\/milei.time-min.jpg\",\"width\":950,\"height\":512},{\"@type\":\"BreadcrumbList\",\"@id\":\"https:\/\/www.sonoraenequipo.com.mx\/javier-milei-fue-elegido-como-uno-de-los-100-personajes-del-ano-en-la-revista-time\/#breadcrumb\",\"itemListElement\":[{\"@type\":\"ListItem\",\"position\":1,\"name\":\"Portada\",\"item\":\"https:\/\/www.sonoraenequipo.com.mx\/\"},{\"@type\":\"ListItem\",\"position\":2,\"name\":\"Javier Milei fue elegido como uno de los 100 personajes del a\u00f1o en la revista Time.\"}]},{\"@type\":\"WebSite\",\"@id\":\"https:\/\/www.sonoraenequipo.com.mx\/#website\",\"url\":\"https:\/\/www.sonoraenequipo.com.mx\/\",\"name\":\"Sonora en Equipo.\",\"description\":\"Diario en l\u00ednea con Noticias desde Hermosillo, Sonora\",\"publisher\":{\"@id\":\"https:\/\/www.sonoraenequipo.com.mx\/#organization\"},\"potentialAction\":[{\"@type\":\"SearchAction\",\"target\":{\"@type\":\"EntryPoint\",\"urlTemplate\":\"https:\/\/www.sonoraenequipo.com.mx\/?s={search_term_string}\"},\"query-input\":{\"@type\":\"PropertyValueSpecification\",\"valueRequired\":true,\"valueName\":\"search_term_string\"}}],\"inLanguage\":\"es\"},{\"@type\":\"Organization\",\"@id\":\"https:\/\/www.sonoraenequipo.com.mx\/#organization\",\"name\":\"Sonoraenequipo.com.mx\",\"url\":\"https:\/\/www.sonoraenequipo.com.mx\/\",\"logo\":{\"@type\":\"ImageObject\",\"inLanguage\":\"es\",\"@id\":\"https:\/\/www.sonoraenequipo.com.mx\/#\/schema\/logo\/image\/\",\"url\":\"https:\/\/www.sonoraenequipo.com.mx\/storage\/2019\/01\/sonoraenequipo_opt.png\",\"contentUrl\":\"https:\/\/www.sonoraenequipo.com.mx\/storage\/2019\/01\/sonoraenequipo_opt.png\",\"width\":375,\"height\":125,\"caption\":\"Sonoraenequipo.com.mx\"},\"image\":{\"@id\":\"https:\/\/www.sonoraenequipo.com.mx\/#\/schema\/logo\/image\/\"},\"sameAs\":[\"https:\/\/www.facebook.com\/SonoraEE\/\",\"https:\/\/x.com\/sonoraenequipo\",\"https:\/\/www.youtube.com\/channel\/UC338nW-lPEYmJQs4ZABQ1SQ\"]},{\"@type\":\"Person\",\"@id\":\"https:\/\/www.sonoraenequipo.com.mx\/#\/schema\/person\/50102df0fb23a8fa9e8effad8fa81386\",\"name\":\"enequipo\",\"image\":{\"@type\":\"ImageObject\",\"inLanguage\":\"es\",\"@id\":\"https:\/\/www.sonoraenequipo.com.mx\/#\/schema\/person\/image\/\",\"url\":\"https:\/\/secure.gravatar.com\/avatar\/049821681b589dabc0bc20695993ccebb09f5b5d4d790cd9251b97faac7c652b?s=96&d=blank&r=g\",\"contentUrl\":\"https:\/\/secure.gravatar.com\/avatar\/049821681b589dabc0bc20695993ccebb09f5b5d4d790cd9251b97faac7c652b?s=96&d=blank&r=g\",\"caption\":\"enequipo\"},\"sameAs\":[\"https:\/\/www.facebook.com\/SonoraEE\"]}]}<\/script>\n ","yoast_head_json":{"title":"Sonora en Equipo. Javier Milei fue elegido como uno de los 100 personajes del a\u00f1o en la revista Time. MUNDO","description":"ESTADOS UNIDOS. \u2014 El presidente Javier Milei fue elegido por la revista Time como una de las 100 personas m\u00e1s influyentes de 2024, dentro de la categor\u00eda En Sonora en Equipo publicamos toda la informaci\u00f3n de Sonora, M\u00e9xico y el Mundo de manera oportuna y busca que la libertad de expresi\u00f3n sea real. Visita nuestro medio informativo publicado desde Hermosillo, Sonora. %","robots":{"index":"index","follow":"follow","max-snippet":"max-snippet:-1","max-image-preview":"max-image-preview:large","max-video-preview":"max-video-preview:-1"},"canonical":"https:\/\/www.sonoraenequipo.com.mx\/javier-milei-fue-elegido-como-uno-de-los-100-personajes-del-ano-en-la-revista-time\/","og_locale":"es_ES","og_type":"article","og_title":"Sonora en Equipo. Javier Milei fue elegido como uno de los 100 personajes del a\u00f1o en la revista Time. MUNDO","og_description":"ESTADOS UNIDOS. \u2014 El presidente Javier Milei fue elegido por la revista Time como una de las 100 personas m\u00e1s influyentes de 2024, dentro de la categor\u00eda En Sonora en Equipo publicamos toda la informaci\u00f3n de Sonora, M\u00e9xico y el Mundo de manera oportuna y busca que la libertad de expresi\u00f3n sea real. Visita nuestro medio informativo publicado desde Hermosillo, Sonora. %","og_url":"https:\/\/www.sonoraenequipo.com.mx\/javier-milei-fue-elegido-como-uno-de-los-100-personajes-del-ano-en-la-revista-time\/","og_site_name":"Sonora en Equipo.","article_publisher":"https:\/\/www.facebook.com\/SonoraEE\/","article_author":"https:\/\/www.facebook.com\/SonoraEE","article_published_time":"2024-04-17T16:13:34+00:00","article_modified_time":"2024-04-17T18:15:20+00:00","og_image":[{"width":950,"height":512,"url":"https:\/\/www.sonoraenequipo.com.mx\/storage\/2024\/04\/milei.time-min.jpg","type":"image\/jpeg"}],"author":"enequipo","twitter_card":"summary_large_image","twitter_creator":"@sonoraenequipo","twitter_site":"@sonoraenequipo","twitter_misc":{"Escrito por":"enequipo","Tiempo de lectura":"1 minuto"},"schema":{"@context":"https:\/\/schema.org","@graph":[{"@type":"Article","@id":"https:\/\/www.sonoraenequipo.com.mx\/javier-milei-fue-elegido-como-uno-de-los-100-personajes-del-ano-en-la-revista-time\/#article","isPartOf":{"@id":"https:\/\/www.sonoraenequipo.com.mx\/javier-milei-fue-elegido-como-uno-de-los-100-personajes-del-ano-en-la-revista-time\/"},"author":{"name":"enequipo","@id":"https:\/\/www.sonoraenequipo.com.mx\/#\/schema\/person\/50102df0fb23a8fa9e8effad8fa81386"},"headline":"Javier Milei fue elegido como uno de los 100 personajes del a\u00f1o en la revista Time.","datePublished":"2024-04-17T16:13:34+00:00","dateModified":"2024-04-17T18:15:20+00:00","mainEntityOfPage":{"@id":"https:\/\/www.sonoraenequipo.com.mx\/javier-milei-fue-elegido-como-uno-de-los-100-personajes-del-ano-en-la-revista-time\/"},"wordCount":220,"commentCount":0,"publisher":{"@id":"https:\/\/www.sonoraenequipo.com.mx\/#organization"},"image":{"@id":"https:\/\/www.sonoraenequipo.com.mx\/javier-milei-fue-elegido-como-uno-de-los-100-personajes-del-ano-en-la-revista-time\/#primaryimage"},"thumbnailUrl":"https:\/\/www.sonoraenequipo.com.mx\/storage\/2024\/04\/milei.time-min.jpg","articleSection":["MUNDO"],"inLanguage":"es","potentialAction":[{"@type":"CommentAction","name":"Comment","target":["https:\/\/www.sonoraenequipo.com.mx\/javier-milei-fue-elegido-como-uno-de-los-100-personajes-del-ano-en-la-revista-time\/#respond"]}]},{"@type":"WebPage","@id":"https:\/\/www.sonoraenequipo.com.mx\/javier-milei-fue-elegido-como-uno-de-los-100-personajes-del-ano-en-la-revista-time\/","url":"https:\/\/www.sonoraenequipo.com.mx\/javier-milei-fue-elegido-como-uno-de-los-100-personajes-del-ano-en-la-revista-time\/","name":"Sonora en Equipo. Javier Milei fue elegido como uno de los 100 personajes del a\u00f1o en la revista Time. MUNDO","isPartOf":{"@id":"https:\/\/www.sonoraenequipo.com.mx\/#website"},"primaryImageOfPage":{"@id":"https:\/\/www.sonoraenequipo.com.mx\/javier-milei-fue-elegido-como-uno-de-los-100-personajes-del-ano-en-la-revista-time\/#primaryimage"},"image":{"@id":"https:\/\/www.sonoraenequipo.com.mx\/javier-milei-fue-elegido-como-uno-de-los-100-personajes-del-ano-en-la-revista-time\/#primaryimage"},"thumbnailUrl":"https:\/\/www.sonoraenequipo.com.mx\/storage\/2024\/04\/milei.time-min.jpg","datePublished":"2024-04-17T16:13:34+00:00","dateModified":"2024-04-17T18:15:20+00:00","description":"ESTADOS UNIDOS. \u2014 El presidente Javier Milei fue elegido por la revista Time como una de las 100 personas m\u00e1s influyentes de 2024, dentro de la categor\u00eda En Sonora en Equipo publicamos toda la informaci\u00f3n de Sonora, M\u00e9xico y el Mundo de manera oportuna y busca que la libertad de expresi\u00f3n sea real. Visita nuestro medio informativo publicado desde Hermosillo, Sonora. %","breadcrumb":{"@id":"https:\/\/www.sonoraenequipo.com.mx\/javier-milei-fue-elegido-como-uno-de-los-100-personajes-del-ano-en-la-revista-time\/#breadcrumb"},"inLanguage":"es","potentialAction":[{"@type":"ReadAction","target":["https:\/\/www.sonoraenequipo.com.mx\/javier-milei-fue-elegido-como-uno-de-los-100-personajes-del-ano-en-la-revista-time\/"]}]},{"@type":"ImageObject","inLanguage":"es","@id":"https:\/\/www.sonoraenequipo.com.mx\/javier-milei-fue-elegido-como-uno-de-los-100-personajes-del-ano-en-la-revista-time\/#primaryimage","url":"https:\/\/www.sonoraenequipo.com.mx\/storage\/2024\/04\/milei.time-min.jpg","contentUrl":"https:\/\/www.sonoraenequipo.com.mx\/storage\/2024\/04\/milei.time-min.jpg","width":950,"height":512},{"@type":"BreadcrumbList","@id":"https:\/\/www.sonoraenequipo.com.mx\/javier-milei-fue-elegido-como-uno-de-los-100-personajes-del-ano-en-la-revista-time\/#breadcrumb","itemListElement":[{"@type":"ListItem","position":1,"name":"Portada","item":"https:\/\/www.sonoraenequipo.com.mx\/"},{"@type":"ListItem","position":2,"name":"Javier Milei fue elegido como uno de los 100 personajes del a\u00f1o en la revista Time."}]},{"@type":"WebSite","@id":"https:\/\/www.sonoraenequipo.com.mx\/#website","url":"https:\/\/www.sonoraenequipo.com.mx\/","name":"Sonora en Equipo.","description":"Diario en l\u00ednea con Noticias desde Hermosillo, Sonora","publisher":{"@id":"https:\/\/www.sonoraenequipo.com.mx\/#organization"},"potentialAction":[{"@type":"SearchAction","target":{"@type":"EntryPoint","urlTemplate":"https:\/\/www.sonoraenequipo.com.mx\/?s={search_term_string}"},"query-input":{"@type":"PropertyValueSpecification","valueRequired":true,"valueName":"search_term_string"}}],"inLanguage":"es"},{"@type":"Organization","@id":"https:\/\/www.sonoraenequipo.com.mx\/#organization","name":"Sonoraenequipo.com.mx","url":"https:\/\/www.sonoraenequipo.com.mx\/","logo":{"@type":"ImageObject","inLanguage":"es","@id":"https:\/\/www.sonoraenequipo.com.mx\/#\/schema\/logo\/image\/","url":"https:\/\/www.sonoraenequipo.com.mx\/storage\/2019\/01\/sonoraenequipo_opt.png","contentUrl":"https:\/\/www.sonoraenequipo.com.mx\/storage\/2019\/01\/sonoraenequipo_opt.png","width":375,"height":125,"caption":"Sonoraenequipo.com.mx"},"image":{"@id":"https:\/\/www.sonoraenequipo.com.mx\/#\/schema\/logo\/image\/"},"sameAs":["https:\/\/www.facebook.com\/SonoraEE\/","https:\/\/x.com\/sonoraenequipo","https:\/\/www.youtube.com\/channel\/UC338nW-lPEYmJQs4ZABQ1SQ"]},{"@type":"Person","@id":"https:\/\/www.sonoraenequipo.com.mx\/#\/schema\/person\/50102df0fb23a8fa9e8effad8fa81386","name":"enequipo","image":{"@type":"ImageObject","inLanguage":"es","@id":"https:\/\/www.sonoraenequipo.com.mx\/#\/schema\/person\/image\/","url":"https:\/\/secure.gravatar.com\/avatar\/049821681b589dabc0bc20695993ccebb09f5b5d4d790cd9251b97faac7c652b?s=96&d=blank&r=g","contentUrl":"https:\/\/secure.gravatar.com\/avatar\/049821681b589dabc0bc20695993ccebb09f5b5d4d790cd9251b97faac7c652b?s=96&d=blank&r=g","caption":"enequipo"},"sameAs":["https:\/\/www.facebook.com\/SonoraEE"]}]}},"jetpack_featured_media_url":"https:\/\/www.sonoraenequipo.com.mx\/storage\/2024\/04\/milei.time-min.jpg","_links":{"self":[{"href":"https:\/\/www.sonoraenequipo.com.mx\/api\/wp\/v2\/posts\/187746","targetHints":{"allow":["GET"]}}],"collection":[{"href":"https:\/\/www.sonoraenequipo.com.mx\/api\/wp\/v2\/posts"}],"about":[{"href":"https:\/\/www.sonoraenequipo.com.mx\/api\/wp\/v2\/types\/post"}],"author":[{"embeddable":true,"href":"https:\/\/www.sonoraenequipo.com.mx\/api\/wp\/v2\/users\/1"}],"replies":[{"embeddable":true,"href":"https:\/\/www.sonoraenequipo.com.mx\/api\/wp\/v2\/comments?post=187746"}],"version-history":[{"count":2,"href":"https:\/\/www.sonoraenequipo.com.mx\/api\/wp\/v2\/posts\/187746\/revisions"}],"predecessor-version":[{"id":187750,"href":"https:\/\/www.sonoraenequipo.com.mx\/api\/wp\/v2\/posts\/187746\/revisions\/187750"}],"wp:featuredmedia":[{"embeddable":true,"href":"https:\/\/www.sonoraenequipo.com.mx\/api\/wp\/v2\/media\/187747"}],"wp:attachment":[{"href":"https:\/\/www.sonoraenequipo.com.mx\/api\/wp\/v2\/media?parent=187746"}],"wp:term":[{"taxonomy":"category","embeddable":true,"href":"https:\/\/www.sonoraenequipo.com.mx\/api\/wp\/v2\/categories?post=187746"},{"taxonomy":"post_tag","embeddable":true,"href":"https:\/\/www.sonoraenequipo.com.mx\/api\/wp\/v2\/tags?post=187746"}],"curies":[{"name":"wp","href":"https:\/\/api.w.org\/{rel}","templated":true}]}}