{"id":187895,"date":"2024-04-19T12:37:00","date_gmt":"2024-04-19T19:37:00","guid":{"rendered":"https:\/\/www.sonoraenequipo.com.mx\/?p=187895"},"modified":"2024-04-19T12:37:00","modified_gmt":"2024-04-19T19:37:00","slug":"cajeme-cuenta-con-suficiente-reserva-de-agua-y-no-contempla-tandeos-javier-lamarque","status":"publish","type":"post","link":"https:\/\/www.sonoraenequipo.com.mx\/cajeme-cuenta-con-suficiente-reserva-de-agua-y-no-contempla-tandeos-javier-lamarque\/","title":{"rendered":"Cajeme cuenta con suficiente reserva de agua y no contempla tandeos: Javier Lamarque"},"content":{"rendered":"<p><strong>CAJEME, SONORA, MX.\u02d7\u02d7\u02d7 <\/strong>Al reconocer que el municipio de Cajeme est\u00e1 ante una situaci\u00f3n de sequ\u00eda excepcional por los bajos niveles de agua en la presa del Oviachic, el Alcalde Javier Lamarque Cano descart\u00f3 llevar a pr\u00e1ctica la dotaci\u00f3n de agua por tandeos, ya que se cuenta con reservas suficientes para atender la demanda de la poblaci\u00f3n.<\/p>\n<p>&nbsp;<\/p>\n<p>Puntualiz\u00f3 que, ante una situaci\u00f3n de contingencia en el caso del agua potable, lo primordial es hacer un llamado a la ciudadan\u00eda a hacer un uso racional y responsable del agua, ya que si esto se hace correctamente no ser\u00e1 necesario pasar a una fase de mayor severidad en cuanto a las medidas para evitar escasez en el suministro de agua para el consumo humano.<\/p>\n<p>&nbsp;<\/p>\n<p>Subray\u00f3 que, pese a que la presa \u00c1lvaro Obreg\u00f3n se encuentra a un 13.5 por ciento de capacidad, en Cajeme no est\u00e1 recurriendo, ni se recurrir\u00e1, a tandeos, lo que es importante, pues a\u00fan en el municipio se sigue otorgando con normalidad el suministro de agua y existe preparaci\u00f3n para enfrentar una situaci\u00f3n mayor, pues se realizaron trabajos anticipatorios para garantizar el abasto de vital l\u00edquido, sin depender del embalse del Oviachic.<\/p>\n<p>&nbsp;<\/p>\n<p>Por su parte, el Director General del Oomapasc, Luis Miguel Castro Acosta, manifest\u00f3 que el Organismo anticip\u00f3 el panorama de sequ\u00eda y tom\u00f3 acciones tempranas con la perforaci\u00f3n de tres nuevos pozos y la rehabilitaci\u00f3n de otros dos que estaban inactivos, tales como los de Villa Bonita, Los Misioneros y Misi\u00f3n del Prado, as\u00ed como la preparaci\u00f3n del nuevo aforo en el pozo Huamantla, ubicado en la colonia Las Fuentes, entre otras acciones que garantizan un volumen establecido de 100 millones de metros c\u00fabicos diarios, lo que representa un excedente suficiente para atender a la poblaci\u00f3n.<\/p>\n<p>&nbsp;<\/p>\n<p>Adem\u00e1s de que se trabaja en una campa\u00f1a permanente para crear concientizaci\u00f3n en el uso adecuado del agua, por lo que reitera el llamado a cuidar el agua y a cumplir con el pago por consumo para seguir llevando a cabo m\u00e1s obras que aseguren la disposici\u00f3n de agua en el municipio.<\/p>\n<p><strong>Fecha de publicaci\u00f3n viernes 19 de abril \u00a0de 2024<\/strong><\/p>\n","protected":false},"excerpt":{"rendered":"<p>CAJEME, SONORA, MX.\u02d7\u02d7\u02d7 Al reconocer que el municipio de Cajeme est\u00e1 ante una situaci\u00f3n de&#8230;<\/p>\n","protected":false},"author":1,"featured_media":163802,"comment_status":"open","ping_status":"open","sticky":false,"template":"","format":"standard","meta":{"_monsterinsights_skip_tracking":false,"_monsterinsights_sitenote_active":false,"_monsterinsights_sitenote_note":"","_monsterinsights_sitenote_category":0,"footnotes":""},"categories":[4],"tags":[181,476,425,9552],"class_list":["post"],"yoast_head":" \n<title>Sonora en Equipo. Cajeme cuenta con suficiente reserva de agua y no contempla tandeos: Javier Lamarque Municipios<\/title>\n<meta name=\"description\" content=\"CAJEME, SONORA, MX.\u02d7\u02d7\u02d7 Al reconocer que el municipio de Cajeme est\u00e1 ante una situaci\u00f3n de sequ\u00eda excepcional por los bajos niveles de agua en la presa del En Sonora en Equipo publicamos toda la informaci\u00f3n de Sonora, M\u00e9xico y el Mundo de manera oportuna y busca que la libertad de expresi\u00f3n sea real. Visita nuestro medio informativo publicado desde Hermosillo, Sonora. %\" \/>\n<meta name=\"robots\" content=\"index, follow, max-snippet:-1, max-image-preview:large, max-video-preview:-1\" \/>\n<link rel=\"canonical\" href=\"https:\/\/www.sonoraenequipo.com.mx\/cajeme-cuenta-con-suficiente-reserva-de-agua-y-no-contempla-tandeos-javier-lamarque\/\" \/>\n<meta property=\"og:locale\" content=\"es_ES\" \/>\n<meta property=\"og:type\" content=\"article\" \/>\n<meta property=\"og:title\" content=\"Sonora en Equipo. Cajeme cuenta con suficiente reserva de agua y no contempla tandeos: Javier Lamarque Municipios\" \/>\n<meta property=\"og:description\" content=\"CAJEME, SONORA, MX.\u02d7\u02d7\u02d7 Al reconocer que el municipio de Cajeme est\u00e1 ante una situaci\u00f3n de sequ\u00eda excepcional por los bajos niveles de agua en la presa del En Sonora en Equipo publicamos toda la informaci\u00f3n de Sonora, M\u00e9xico y el Mundo de manera oportuna y busca que la libertad de expresi\u00f3n sea real. Visita nuestro medio informativo publicado desde Hermosillo, Sonora. %\" \/>\n<meta property=\"og:url\" content=\"https:\/\/www.sonoraenequipo.com.mx\/cajeme-cuenta-con-suficiente-reserva-de-agua-y-no-contempla-tandeos-javier-lamarque\/\" \/>\n<meta property=\"og:site_name\" content=\"Sonora en Equipo.\" \/>\n<meta property=\"article:publisher\" content=\"https:\/\/www.facebook.com\/SonoraEE\/\" \/>\n<meta property=\"article:author\" content=\"https:\/\/www.facebook.com\/SonoraEE\" \/>\n<meta property=\"article:published_time\" content=\"2024-04-19T19:37:00+00:00\" \/>\n<meta property=\"og:image\" content=\"https:\/\/www.sonoraenequipo.com.mx\/storage\/2023\/04\/javier-lamarque-obregon-min.jpg\" \/>\n\t<meta property=\"og:image:width\" content=\"900\" \/>\n\t<meta property=\"og:image:height\" content=\"492\" \/>\n\t<meta property=\"og:image:type\" content=\"image\/jpeg\" \/>\n<meta name=\"author\" content=\"enequipo\" \/>\n<meta name=\"twitter:card\" content=\"summary_large_image\" \/>\n<meta name=\"twitter:creator\" content=\"@sonoraenequipo\" \/>\n<meta name=\"twitter:site\" content=\"@sonoraenequipo\" \/>\n<meta name=\"twitter:label1\" content=\"Escrito por\" \/>\n\t<meta name=\"twitter:data1\" content=\"enequipo\" \/>\n\t<meta name=\"twitter:label2\" content=\"Tiempo de lectura\" \/>\n\t<meta name=\"twitter:data2\" content=\"2 minutos\" \/>\n<script type=\"application\/ld+json\" class=\"yoast-schema-graph\">{\"@context\":\"https:\/\/schema.org\",\"@graph\":[{\"@type\":\"Article\",\"@id\":\"https:\/\/www.sonoraenequipo.com.mx\/cajeme-cuenta-con-suficiente-reserva-de-agua-y-no-contempla-tandeos-javier-lamarque\/#article\",\"isPartOf\":{\"@id\":\"https:\/\/www.sonoraenequipo.com.mx\/cajeme-cuenta-con-suficiente-reserva-de-agua-y-no-contempla-tandeos-javier-lamarque\/\"},\"author\":{\"name\":\"enequipo\",\"@id\":\"https:\/\/www.sonoraenequipo.com.mx\/#\/schema\/person\/50102df0fb23a8fa9e8effad8fa81386\"},\"headline\":\"Cajeme cuenta con suficiente reserva de agua y no contempla tandeos: Javier Lamarque\",\"datePublished\":\"2024-04-19T19:37:00+00:00\",\"mainEntityOfPage\":{\"@id\":\"https:\/\/www.sonoraenequipo.com.mx\/cajeme-cuenta-con-suficiente-reserva-de-agua-y-no-contempla-tandeos-javier-lamarque\/\"},\"wordCount\":389,\"commentCount\":0,\"publisher\":{\"@id\":\"https:\/\/www.sonoraenequipo.com.mx\/#organization\"},\"image\":{\"@id\":\"https:\/\/www.sonoraenequipo.com.mx\/cajeme-cuenta-con-suficiente-reserva-de-agua-y-no-contempla-tandeos-javier-lamarque\/#primaryimage\"},\"thumbnailUrl\":\"https:\/\/www.sonoraenequipo.com.mx\/storage\/2023\/04\/javier-lamarque-obregon-min.jpg\",\"keywords\":[\"Agua\",\"Cajeme\",\"sequ\u00eda\",\"tandeos\"],\"articleSection\":[\"Municipios\"],\"inLanguage\":\"es\",\"potentialAction\":[{\"@type\":\"CommentAction\",\"name\":\"Comment\",\"target\":[\"https:\/\/www.sonoraenequipo.com.mx\/cajeme-cuenta-con-suficiente-reserva-de-agua-y-no-contempla-tandeos-javier-lamarque\/#respond\"]}]},{\"@type\":\"WebPage\",\"@id\":\"https:\/\/www.sonoraenequipo.com.mx\/cajeme-cuenta-con-suficiente-reserva-de-agua-y-no-contempla-tandeos-javier-lamarque\/\",\"url\":\"https:\/\/www.sonoraenequipo.com.mx\/cajeme-cuenta-con-suficiente-reserva-de-agua-y-no-contempla-tandeos-javier-lamarque\/\",\"name\":\"Sonora en Equipo. Cajeme cuenta con suficiente reserva de agua y no contempla tandeos: Javier Lamarque Municipios\",\"isPartOf\":{\"@id\":\"https:\/\/www.sonoraenequipo.com.mx\/#website\"},\"primaryImageOfPage\":{\"@id\":\"https:\/\/www.sonoraenequipo.com.mx\/cajeme-cuenta-con-suficiente-reserva-de-agua-y-no-contempla-tandeos-javier-lamarque\/#primaryimage\"},\"image\":{\"@id\":\"https:\/\/www.sonoraenequipo.com.mx\/cajeme-cuenta-con-suficiente-reserva-de-agua-y-no-contempla-tandeos-javier-lamarque\/#primaryimage\"},\"thumbnailUrl\":\"https:\/\/www.sonoraenequipo.com.mx\/storage\/2023\/04\/javier-lamarque-obregon-min.jpg\",\"datePublished\":\"2024-04-19T19:37:00+00:00\",\"description\":\"CAJEME, SONORA, MX.\u02d7\u02d7\u02d7 Al reconocer que el municipio de Cajeme est\u00e1 ante una situaci\u00f3n de sequ\u00eda excepcional por los bajos niveles de agua en la presa del En Sonora en Equipo publicamos toda la informaci\u00f3n de Sonora, M\u00e9xico y el Mundo de manera oportuna y busca que la libertad de expresi\u00f3n sea real. Visita nuestro medio informativo publicado desde Hermosillo, Sonora. %\",\"breadcrumb\":{\"@id\":\"https:\/\/www.sonoraenequipo.com.mx\/cajeme-cuenta-con-suficiente-reserva-de-agua-y-no-contempla-tandeos-javier-lamarque\/#breadcrumb\"},\"inLanguage\":\"es\",\"potentialAction\":[{\"@type\":\"ReadAction\",\"target\":[\"https:\/\/www.sonoraenequipo.com.mx\/cajeme-cuenta-con-suficiente-reserva-de-agua-y-no-contempla-tandeos-javier-lamarque\/\"]}]},{\"@type\":\"ImageObject\",\"inLanguage\":\"es\",\"@id\":\"https:\/\/www.sonoraenequipo.com.mx\/cajeme-cuenta-con-suficiente-reserva-de-agua-y-no-contempla-tandeos-javier-lamarque\/#primaryimage\",\"url\":\"https:\/\/www.sonoraenequipo.com.mx\/storage\/2023\/04\/javier-lamarque-obregon-min.jpg\",\"contentUrl\":\"https:\/\/www.sonoraenequipo.com.mx\/storage\/2023\/04\/javier-lamarque-obregon-min.jpg\",\"width\":900,\"height\":492},{\"@type\":\"BreadcrumbList\",\"@id\":\"https:\/\/www.sonoraenequipo.com.mx\/cajeme-cuenta-con-suficiente-reserva-de-agua-y-no-contempla-tandeos-javier-lamarque\/#breadcrumb\",\"itemListElement\":[{\"@type\":\"ListItem\",\"position\":1,\"name\":\"Portada\",\"item\":\"https:\/\/www.sonoraenequipo.com.mx\/\"},{\"@type\":\"ListItem\",\"position\":2,\"name\":\"Cajeme cuenta con suficiente reserva de agua y no contempla tandeos: Javier Lamarque\"}]},{\"@type\":\"WebSite\",\"@id\":\"https:\/\/www.sonoraenequipo.com.mx\/#website\",\"url\":\"https:\/\/www.sonoraenequipo.com.mx\/\",\"name\":\"Sonora en Equipo.\",\"description\":\"Diario en l\u00ednea con Noticias desde Hermosillo, Sonora\",\"publisher\":{\"@id\":\"https:\/\/www.sonoraenequipo.com.mx\/#organization\"},\"potentialAction\":[{\"@type\":\"SearchAction\",\"target\":{\"@type\":\"EntryPoint\",\"urlTemplate\":\"https:\/\/www.sonoraenequipo.com.mx\/?s={search_term_string}\"},\"query-input\":{\"@type\":\"PropertyValueSpecification\",\"valueRequired\":true,\"valueName\":\"search_term_string\"}}],\"inLanguage\":\"es\"},{\"@type\":\"Organization\",\"@id\":\"https:\/\/www.sonoraenequipo.com.mx\/#organization\",\"name\":\"Sonoraenequipo.com.mx\",\"url\":\"https:\/\/www.sonoraenequipo.com.mx\/\",\"logo\":{\"@type\":\"ImageObject\",\"inLanguage\":\"es\",\"@id\":\"https:\/\/www.sonoraenequipo.com.mx\/#\/schema\/logo\/image\/\",\"url\":\"https:\/\/www.sonoraenequipo.com.mx\/storage\/2019\/01\/sonoraenequipo_opt.png\",\"contentUrl\":\"https:\/\/www.sonoraenequipo.com.mx\/storage\/2019\/01\/sonoraenequipo_opt.png\",\"width\":375,\"height\":125,\"caption\":\"Sonoraenequipo.com.mx\"},\"image\":{\"@id\":\"https:\/\/www.sonoraenequipo.com.mx\/#\/schema\/logo\/image\/\"},\"sameAs\":[\"https:\/\/www.facebook.com\/SonoraEE\/\",\"https:\/\/x.com\/sonoraenequipo\",\"https:\/\/www.youtube.com\/channel\/UC338nW-lPEYmJQs4ZABQ1SQ\"]},{\"@type\":\"Person\",\"@id\":\"https:\/\/www.sonoraenequipo.com.mx\/#\/schema\/person\/50102df0fb23a8fa9e8effad8fa81386\",\"name\":\"enequipo\",\"image\":{\"@type\":\"ImageObject\",\"inLanguage\":\"es\",\"@id\":\"https:\/\/www.sonoraenequipo.com.mx\/#\/schema\/person\/image\/\",\"url\":\"https:\/\/secure.gravatar.com\/avatar\/049821681b589dabc0bc20695993ccebb09f5b5d4d790cd9251b97faac7c652b?s=96&d=blank&r=g\",\"contentUrl\":\"https:\/\/secure.gravatar.com\/avatar\/049821681b589dabc0bc20695993ccebb09f5b5d4d790cd9251b97faac7c652b?s=96&d=blank&r=g\",\"caption\":\"enequipo\"},\"sameAs\":[\"https:\/\/www.facebook.com\/SonoraEE\"]}]}<\/script>\n ","yoast_head_json":{"title":"Sonora en Equipo. Cajeme cuenta con suficiente reserva de agua y no contempla tandeos: Javier Lamarque Municipios","description":"CAJEME, SONORA, MX.\u02d7\u02d7\u02d7 Al reconocer que el municipio de Cajeme est\u00e1 ante una situaci\u00f3n de sequ\u00eda excepcional por los bajos niveles de agua en la presa del En Sonora en Equipo publicamos toda la informaci\u00f3n de Sonora, M\u00e9xico y el Mundo de manera oportuna y busca que la libertad de expresi\u00f3n sea real. Visita nuestro medio informativo publicado desde Hermosillo, Sonora. %","robots":{"index":"index","follow":"follow","max-snippet":"max-snippet:-1","max-image-preview":"max-image-preview:large","max-video-preview":"max-video-preview:-1"},"canonical":"https:\/\/www.sonoraenequipo.com.mx\/cajeme-cuenta-con-suficiente-reserva-de-agua-y-no-contempla-tandeos-javier-lamarque\/","og_locale":"es_ES","og_type":"article","og_title":"Sonora en Equipo. Cajeme cuenta con suficiente reserva de agua y no contempla tandeos: Javier Lamarque Municipios","og_description":"CAJEME, SONORA, MX.\u02d7\u02d7\u02d7 Al reconocer que el municipio de Cajeme est\u00e1 ante una situaci\u00f3n de sequ\u00eda excepcional por los bajos niveles de agua en la presa del En Sonora en Equipo publicamos toda la informaci\u00f3n de Sonora, M\u00e9xico y el Mundo de manera oportuna y busca que la libertad de expresi\u00f3n sea real. Visita nuestro medio informativo publicado desde Hermosillo, Sonora. %","og_url":"https:\/\/www.sonoraenequipo.com.mx\/cajeme-cuenta-con-suficiente-reserva-de-agua-y-no-contempla-tandeos-javier-lamarque\/","og_site_name":"Sonora en Equipo.","article_publisher":"https:\/\/www.facebook.com\/SonoraEE\/","article_author":"https:\/\/www.facebook.com\/SonoraEE","article_published_time":"2024-04-19T19:37:00+00:00","og_image":[{"width":900,"height":492,"url":"https:\/\/www.sonoraenequipo.com.mx\/storage\/2023\/04\/javier-lamarque-obregon-min.jpg","type":"image\/jpeg"}],"author":"enequipo","twitter_card":"summary_large_image","twitter_creator":"@sonoraenequipo","twitter_site":"@sonoraenequipo","twitter_misc":{"Escrito por":"enequipo","Tiempo de lectura":"2 minutos"},"schema":{"@context":"https:\/\/schema.org","@graph":[{"@type":"Article","@id":"https:\/\/www.sonoraenequipo.com.mx\/cajeme-cuenta-con-suficiente-reserva-de-agua-y-no-contempla-tandeos-javier-lamarque\/#article","isPartOf":{"@id":"https:\/\/www.sonoraenequipo.com.mx\/cajeme-cuenta-con-suficiente-reserva-de-agua-y-no-contempla-tandeos-javier-lamarque\/"},"author":{"name":"enequipo","@id":"https:\/\/www.sonoraenequipo.com.mx\/#\/schema\/person\/50102df0fb23a8fa9e8effad8fa81386"},"headline":"Cajeme cuenta con suficiente reserva de agua y no contempla tandeos: Javier Lamarque","datePublished":"2024-04-19T19:37:00+00:00","mainEntityOfPage":{"@id":"https:\/\/www.sonoraenequipo.com.mx\/cajeme-cuenta-con-suficiente-reserva-de-agua-y-no-contempla-tandeos-javier-lamarque\/"},"wordCount":389,"commentCount":0,"publisher":{"@id":"https:\/\/www.sonoraenequipo.com.mx\/#organization"},"image":{"@id":"https:\/\/www.sonoraenequipo.com.mx\/cajeme-cuenta-con-suficiente-reserva-de-agua-y-no-contempla-tandeos-javier-lamarque\/#primaryimage"},"thumbnailUrl":"https:\/\/www.sonoraenequipo.com.mx\/storage\/2023\/04\/javier-lamarque-obregon-min.jpg","keywords":["Agua","Cajeme","sequ\u00eda","tandeos"],"articleSection":["Municipios"],"inLanguage":"es","potentialAction":[{"@type":"CommentAction","name":"Comment","target":["https:\/\/www.sonoraenequipo.com.mx\/cajeme-cuenta-con-suficiente-reserva-de-agua-y-no-contempla-tandeos-javier-lamarque\/#respond"]}]},{"@type":"WebPage","@id":"https:\/\/www.sonoraenequipo.com.mx\/cajeme-cuenta-con-suficiente-reserva-de-agua-y-no-contempla-tandeos-javier-lamarque\/","url":"https:\/\/www.sonoraenequipo.com.mx\/cajeme-cuenta-con-suficiente-reserva-de-agua-y-no-contempla-tandeos-javier-lamarque\/","name":"Sonora en Equipo. Cajeme cuenta con suficiente reserva de agua y no contempla tandeos: Javier Lamarque Municipios","isPartOf":{"@id":"https:\/\/www.sonoraenequipo.com.mx\/#website"},"primaryImageOfPage":{"@id":"https:\/\/www.sonoraenequipo.com.mx\/cajeme-cuenta-con-suficiente-reserva-de-agua-y-no-contempla-tandeos-javier-lamarque\/#primaryimage"},"image":{"@id":"https:\/\/www.sonoraenequipo.com.mx\/cajeme-cuenta-con-suficiente-reserva-de-agua-y-no-contempla-tandeos-javier-lamarque\/#primaryimage"},"thumbnailUrl":"https:\/\/www.sonoraenequipo.com.mx\/storage\/2023\/04\/javier-lamarque-obregon-min.jpg","datePublished":"2024-04-19T19:37:00+00:00","description":"CAJEME, SONORA, MX.\u02d7\u02d7\u02d7 Al reconocer que el municipio de Cajeme est\u00e1 ante una situaci\u00f3n de sequ\u00eda excepcional por los bajos niveles de agua en la presa del En Sonora en Equipo publicamos toda la informaci\u00f3n de Sonora, M\u00e9xico y el Mundo de manera oportuna y busca que la libertad de expresi\u00f3n sea real. Visita nuestro medio informativo publicado desde Hermosillo, Sonora. %","breadcrumb":{"@id":"https:\/\/www.sonoraenequipo.com.mx\/cajeme-cuenta-con-suficiente-reserva-de-agua-y-no-contempla-tandeos-javier-lamarque\/#breadcrumb"},"inLanguage":"es","potentialAction":[{"@type":"ReadAction","target":["https:\/\/www.sonoraenequipo.com.mx\/cajeme-cuenta-con-suficiente-reserva-de-agua-y-no-contempla-tandeos-javier-lamarque\/"]}]},{"@type":"ImageObject","inLanguage":"es","@id":"https:\/\/www.sonoraenequipo.com.mx\/cajeme-cuenta-con-suficiente-reserva-de-agua-y-no-contempla-tandeos-javier-lamarque\/#primaryimage","url":"https:\/\/www.sonoraenequipo.com.mx\/storage\/2023\/04\/javier-lamarque-obregon-min.jpg","contentUrl":"https:\/\/www.sonoraenequipo.com.mx\/storage\/2023\/04\/javier-lamarque-obregon-min.jpg","width":900,"height":492},{"@type":"BreadcrumbList","@id":"https:\/\/www.sonoraenequipo.com.mx\/cajeme-cuenta-con-suficiente-reserva-de-agua-y-no-contempla-tandeos-javier-lamarque\/#breadcrumb","itemListElement":[{"@type":"ListItem","position":1,"name":"Portada","item":"https:\/\/www.sonoraenequipo.com.mx\/"},{"@type":"ListItem","position":2,"name":"Cajeme cuenta con suficiente reserva de agua y no contempla tandeos: Javier Lamarque"}]},{"@type":"WebSite","@id":"https:\/\/www.sonoraenequipo.com.mx\/#website","url":"https:\/\/www.sonoraenequipo.com.mx\/","name":"Sonora en Equipo.","description":"Diario en l\u00ednea con Noticias desde Hermosillo, Sonora","publisher":{"@id":"https:\/\/www.sonoraenequipo.com.mx\/#organization"},"potentialAction":[{"@type":"SearchAction","target":{"@type":"EntryPoint","urlTemplate":"https:\/\/www.sonoraenequipo.com.mx\/?s={search_term_string}"},"query-input":{"@type":"PropertyValueSpecification","valueRequired":true,"valueName":"search_term_string"}}],"inLanguage":"es"},{"@type":"Organization","@id":"https:\/\/www.sonoraenequipo.com.mx\/#organization","name":"Sonoraenequipo.com.mx","url":"https:\/\/www.sonoraenequipo.com.mx\/","logo":{"@type":"ImageObject","inLanguage":"es","@id":"https:\/\/www.sonoraenequipo.com.mx\/#\/schema\/logo\/image\/","url":"https:\/\/www.sonoraenequipo.com.mx\/storage\/2019\/01\/sonoraenequipo_opt.png","contentUrl":"https:\/\/www.sonoraenequipo.com.mx\/storage\/2019\/01\/sonoraenequipo_opt.png","width":375,"height":125,"caption":"Sonoraenequipo.com.mx"},"image":{"@id":"https:\/\/www.sonoraenequipo.com.mx\/#\/schema\/logo\/image\/"},"sameAs":["https:\/\/www.facebook.com\/SonoraEE\/","https:\/\/x.com\/sonoraenequipo","https:\/\/www.youtube.com\/channel\/UC338nW-lPEYmJQs4ZABQ1SQ"]},{"@type":"Person","@id":"https:\/\/www.sonoraenequipo.com.mx\/#\/schema\/person\/50102df0fb23a8fa9e8effad8fa81386","name":"enequipo","image":{"@type":"ImageObject","inLanguage":"es","@id":"https:\/\/www.sonoraenequipo.com.mx\/#\/schema\/person\/image\/","url":"https:\/\/secure.gravatar.com\/avatar\/049821681b589dabc0bc20695993ccebb09f5b5d4d790cd9251b97faac7c652b?s=96&d=blank&r=g","contentUrl":"https:\/\/secure.gravatar.com\/avatar\/049821681b589dabc0bc20695993ccebb09f5b5d4d790cd9251b97faac7c652b?s=96&d=blank&r=g","caption":"enequipo"},"sameAs":["https:\/\/www.facebook.com\/SonoraEE"]}]}},"jetpack_featured_media_url":"https:\/\/www.sonoraenequipo.com.mx\/storage\/2023\/04\/javier-lamarque-obregon-min.jpg","_links":{"self":[{"href":"https:\/\/www.sonoraenequipo.com.mx\/api\/wp\/v2\/posts\/187895","targetHints":{"allow":["GET"]}}],"collection":[{"href":"https:\/\/www.sonoraenequipo.com.mx\/api\/wp\/v2\/posts"}],"about":[{"href":"https:\/\/www.sonoraenequipo.com.mx\/api\/wp\/v2\/types\/post"}],"author":[{"embeddable":true,"href":"https:\/\/www.sonoraenequipo.com.mx\/api\/wp\/v2\/users\/1"}],"replies":[{"embeddable":true,"href":"https:\/\/www.sonoraenequipo.com.mx\/api\/wp\/v2\/comments?post=187895"}],"version-history":[{"count":1,"href":"https:\/\/www.sonoraenequipo.com.mx\/api\/wp\/v2\/posts\/187895\/revisions"}],"predecessor-version":[{"id":187896,"href":"https:\/\/www.sonoraenequipo.com.mx\/api\/wp\/v2\/posts\/187895\/revisions\/187896"}],"wp:featuredmedia":[{"embeddable":true,"href":"https:\/\/www.sonoraenequipo.com.mx\/api\/wp\/v2\/media\/163802"}],"wp:attachment":[{"href":"https:\/\/www.sonoraenequipo.com.mx\/api\/wp\/v2\/media?parent=187895"}],"wp:term":[{"taxonomy":"category","embeddable":true,"href":"https:\/\/www.sonoraenequipo.com.mx\/api\/wp\/v2\/categories?post=187895"},{"taxonomy":"post_tag","embeddable":true,"href":"https:\/\/www.sonoraenequipo.com.mx\/api\/wp\/v2\/tags?post=187895"}],"curies":[{"name":"wp","href":"https:\/\/api.w.org\/{rel}","templated":true}]}}