{"id":187897,"date":"2024-04-19T13:08:01","date_gmt":"2024-04-19T20:08:01","guid":{"rendered":"https:\/\/www.sonoraenequipo.com.mx\/?p=187897"},"modified":"2024-04-19T13:08:01","modified_gmt":"2024-04-19T20:08:01","slug":"israel-lleva-a-cabo-ataque-aereo-en-iran-segun-reportes-potencias-piden-evitar-escalada","status":"publish","type":"post","link":"https:\/\/www.sonoraenequipo.com.mx\/israel-lleva-a-cabo-ataque-aereo-en-iran-segun-reportes-potencias-piden-evitar-escalada\/","title":{"rendered":"Israel lleva a cabo ataque a\u00e9reo en Ir\u00e1n seg\u00fan reportes; potencias piden evitar escalada"},"content":{"rendered":"<p>Israel llev\u00f3 a cabo un ataque a\u00e9reo a Ir\u00e1n la madrugada del viernes, informaron medios estadounidenses, citando a funcionarios israel\u00edes y estadounidenses no identificados. El acto fue el \u00faltimo de los recientes ataques de represalia entre los dos adversarios, pero Teher\u00e1n rest\u00f3 importancia al incidente e indic\u00f3 que no ten\u00eda planes de responder.<\/p>\n<p>&nbsp;<\/p>\n<p>The New York Times y The Washington Post citaron a funcionarios israel\u00edes diciendo que Israel hab\u00eda llevado a cabo un ataque a\u00e9reo en Ir\u00e1n. Funcionarios estadounidenses fueron citados por varios medios de comunicaci\u00f3n diciendo que se trataba de un ataque con misiles.<\/p>\n<p>&nbsp;<\/p>\n<p>La ubicaci\u00f3n o el objetivo del aparente ataque israel\u00ed no fueron identificados de inmediato. Aproximadamente una hora despu\u00e9s de que surgieran los informes, un portavoz militar israel\u00ed contactado por la VOA dijo que no ten\u00eda comentarios \u00abpor el momento\u00bb.<\/p>\n<p>&nbsp;<\/p>\n<p>Los ministros de Exteriores del Grupo de los Siete reunidos en Capri, Italia, advirtieron de nuevas sanciones contra Ir\u00e1n por su ataque con drones y misiles contra Israel, e instaron a las dos partes a evitar una escalada del conflicto.<\/p>\n<p>&nbsp;<\/p>\n<p>\u201cEl objetivo pol\u00edtico es la desescalada\u00bb, dijo a periodistas el ministro de Exteriores italiano, Antonio Tajani, que presidi\u00f3 la cumbre de tres d\u00edas celebrada en Capri y que tuvo que ajustar su agenda para abordar los recientes acontecimientos.<\/p>\n<p>&nbsp;<\/p>\n<p>Seg\u00fan Tajani, Estados Unidos inform\u00f3 a los cancilleres de que hab\u00eda sido \u201cinformado en el \u00faltimo minuto\u201d por Israel acerca del operativo. \u00abPero no hubo participaci\u00f3n en el ataque por parte de Estados Unidos. Fue mera informaci\u00f3n\u201d, a\u00f1adi\u00f3.<\/p>\n<p>&nbsp;<\/p>\n<p>En ese evento particip\u00f3 el secretario de Estado de Estados Unidos, Antony Blinken, quien ratific\u00f3 que Washington estaba comprometido con la seguridad de Israel, y al ser consultado por el ataque a Ir\u00e1n, ratific\u00f3 que Estados Unidos no estuvo involucrado en ninguna operaci\u00f3n ofensiva.<\/p>\n<p>&nbsp;<\/p>\n<p>\u201cSe vio a Israel siendo el receptor de un ataque sin precedentes, pero nuestro enfoque ha estado, por supuesto, en asegurarnos de que Israel pueda defenderse efectivamente, pero tambi\u00e9n en reducir las tensiones y evitar el conflicto\u201d, dijo Blinken.<\/p>\n<p>&nbsp;<\/p>\n<p>Se ve un dron iran\u00ed durante la ceremonia del desfile del D\u00eda del Ej\u00e9rcito Nacional en Teher\u00e1n, Ir\u00e1n, el 17 de abril de 2024.<\/p>\n<p>Las agencias estatales de noticias iran\u00edes IRNA y Fars dijeron que las defensas a\u00e9reas de la rep\u00fablica isl\u00e1mica fueron activadas en una importante base a\u00e9rea y una instalaci\u00f3n nuclear cerca de la ciudad central de Isfah\u00e1n, tras avistar aviones no tripulados.<\/p>\n<p>&nbsp;<\/p>\n<p>El director de la agencia espacial iran\u00ed dijo que las fuerzas de defensa a\u00e9rea derribaron varios drones.<\/p>\n<p>&nbsp;<\/p>\n<p>Los medios estatales iran\u00edes r\u00e1pidamente intentaron restar importancia al incidente, diciendo que las instalaciones nucleares de Isfah\u00e1n eran seguras. Tambi\u00e9n dijeron que las operaciones en el aeropuerto internacional Im\u00e1n Jomeini de Teher\u00e1n y en el aeropuerto nacional de Mehrabad hab\u00edan vuelto a la normalidad el viernes, varias horas despu\u00e9s de que se suspendieran los vuelos en una aparente respuesta al supuesto ataque a\u00e9reo israel\u00ed.<\/p>\n<p>&nbsp;<\/p>\n<p>Ser\u00eda la \u00faltima salva en una guerra en la sombra entre Israel e Ir\u00e1n que se ha intensificado significativamente este mes. Israel hab\u00eda advertido a Ir\u00e1n que tomar\u00eda represalias por un ataque a\u00e9reo iran\u00ed sin precedentes en territorio israel\u00ed el domingo pasado que involucr\u00f3 cientos de drones y misiles. Israel dijo que intercept\u00f3 casi todos los proyectiles con la ayuda de una coalici\u00f3n de aliados occidentales y socios \u00e1rabes.<\/p>\n<p>&nbsp;<\/p>\n<p>Ir\u00e1n hab\u00eda advertido, a su vez, que cualquier ataque de represalia israel\u00ed ser\u00eda respondido con una respuesta r\u00e1pida y m\u00e1s dura. La ofensiva iran\u00ed se produjo tras la destrucci\u00f3n de su embajada en Siria y la muerte de varios altos mandos militares a inicios de mes, en un ataque que le atribuye a Israel, pero que \u00e9ste no ha confirmado ni negado.<\/p>\n<p>&nbsp;<\/p>\n<p>Automovilistas y peatones en Teher\u00e1n circulan por delante de un cartel que muestra misiles bal\u00edsticos iran\u00edes con un texto en \u00e1rabe que dice: \u00abla promesa [de la persona] honesta\u00bb y en persa: \u00abIsrael es m\u00e1s d\u00e9bil que una telara\u00f1a\u00bb, en la plaza Valiasr el 15 de abril de 2024.<\/p>\n<p>Estados Unidos y otras potencias occidentales hab\u00edan instado al gobierno israel\u00ed a evitar una escalada del conflicto al calcular su pr\u00f3ximo movimiento. Funcionarios estadounidenses hab\u00edan dicho que no ten\u00edan la intenci\u00f3n de que las fuerzas estadounidenses se unieran a ninguna acci\u00f3n de represalia israel\u00ed.<\/p>\n<p>&nbsp;<\/p>\n<p>Ahmed Fouad Alkhatib, analista de seguridad de Medio Oriente en el Atlantic Council, dijo a la VOA que la administraci\u00f3n Biden entend\u00eda la necesidad de Israel de llevar a cabo una represalia para \u00absalvar las apariencias\u00bb por el ataque iran\u00ed del domingo.<\/p>\n<p>&nbsp;<\/p>\n<p>\u00abCualquier ataque israel\u00ed requerir\u00e1 la participaci\u00f3n, la cooperaci\u00f3n, el apoyo y el respaldo final de Estados Unidos, lo que pone en duda la exactitud de las afirmaciones de la administraci\u00f3n Biden de que no estar\u00eda involucrada en una represalia israel\u00ed\u00bb, dijo Alkhatib.<\/p>\n<p>&nbsp;<\/p>\n<p><strong>Fecha de publicaci\u00f3n viernes 19 de abril \u00a0de 2024 \/ VOA <\/strong><\/p>\n<p><strong>Fecha de publicaci\u00f3n viernes 19 de abril \u00a0de 2024<\/strong><\/p>\n","protected":false},"excerpt":{"rendered":"<p>Israel llev\u00f3 a cabo un ataque a\u00e9reo a Ir\u00e1n la madrugada del viernes, informaron medios&#8230;<\/p>\n","protected":false},"author":1,"featured_media":187899,"comment_status":"open","ping_status":"open","sticky":false,"template":"","format":"standard","meta":{"_monsterinsights_skip_tracking":false,"_monsterinsights_sitenote_active":false,"_monsterinsights_sitenote_note":"","_monsterinsights_sitenote_category":0,"footnotes":""},"categories":[3],"tags":[9553,9036],"class_list":["post"],"yoast_head":" \n<title>Sonora en Equipo. Israel lleva a cabo ataque a\u00e9reo en Ir\u00e1n seg\u00fan reportes; potencias piden evitar escalada MUNDO<\/title>\n<meta name=\"description\" content=\"Israel llev\u00f3 a cabo un ataque a\u00e9reo a Ir\u00e1n la madrugada del viernes, informaron medios estadounidenses, citando a funcionarios israel\u00edes y estadounidenses En Sonora en Equipo publicamos toda la informaci\u00f3n de Sonora, M\u00e9xico y el Mundo de manera oportuna y busca que la libertad de expresi\u00f3n sea real. Visita nuestro medio informativo publicado desde Hermosillo, Sonora. %\" \/>\n<meta name=\"robots\" content=\"index, follow, max-snippet:-1, max-image-preview:large, max-video-preview:-1\" \/>\n<link rel=\"canonical\" href=\"https:\/\/www.sonoraenequipo.com.mx\/israel-lleva-a-cabo-ataque-aereo-en-iran-segun-reportes-potencias-piden-evitar-escalada\/\" \/>\n<meta property=\"og:locale\" content=\"es_ES\" \/>\n<meta property=\"og:type\" content=\"article\" \/>\n<meta property=\"og:title\" content=\"Sonora en Equipo. Israel lleva a cabo ataque a\u00e9reo en Ir\u00e1n seg\u00fan reportes; potencias piden evitar escalada MUNDO\" \/>\n<meta property=\"og:description\" content=\"Israel llev\u00f3 a cabo un ataque a\u00e9reo a Ir\u00e1n la madrugada del viernes, informaron medios estadounidenses, citando a funcionarios israel\u00edes y estadounidenses En Sonora en Equipo publicamos toda la informaci\u00f3n de Sonora, M\u00e9xico y el Mundo de manera oportuna y busca que la libertad de expresi\u00f3n sea real. Visita nuestro medio informativo publicado desde Hermosillo, Sonora. %\" \/>\n<meta property=\"og:url\" content=\"https:\/\/www.sonoraenequipo.com.mx\/israel-lleva-a-cabo-ataque-aereo-en-iran-segun-reportes-potencias-piden-evitar-escalada\/\" \/>\n<meta property=\"og:site_name\" content=\"Sonora en Equipo.\" \/>\n<meta property=\"article:publisher\" content=\"https:\/\/www.facebook.com\/SonoraEE\/\" \/>\n<meta property=\"article:author\" content=\"https:\/\/www.facebook.com\/SonoraEE\" \/>\n<meta property=\"article:published_time\" content=\"2024-04-19T20:08:01+00:00\" \/>\n<meta property=\"og:image\" content=\"https:\/\/www.sonoraenequipo.com.mx\/storage\/2024\/04\/iran.jpg\" \/>\n\t<meta property=\"og:image:width\" content=\"900\" \/>\n\t<meta property=\"og:image:height\" content=\"506\" \/>\n\t<meta property=\"og:image:type\" content=\"image\/jpeg\" \/>\n<meta name=\"author\" content=\"enequipo\" \/>\n<meta name=\"twitter:card\" content=\"summary_large_image\" \/>\n<meta name=\"twitter:creator\" content=\"@sonoraenequipo\" \/>\n<meta name=\"twitter:site\" content=\"@sonoraenequipo\" \/>\n<meta name=\"twitter:label1\" content=\"Escrito por\" \/>\n\t<meta name=\"twitter:data1\" content=\"enequipo\" \/>\n\t<meta name=\"twitter:label2\" content=\"Tiempo de lectura\" \/>\n\t<meta name=\"twitter:data2\" content=\"4 minutos\" \/>\n<script type=\"application\/ld+json\" class=\"yoast-schema-graph\">{\"@context\":\"https:\/\/schema.org\",\"@graph\":[{\"@type\":\"Article\",\"@id\":\"https:\/\/www.sonoraenequipo.com.mx\/israel-lleva-a-cabo-ataque-aereo-en-iran-segun-reportes-potencias-piden-evitar-escalada\/#article\",\"isPartOf\":{\"@id\":\"https:\/\/www.sonoraenequipo.com.mx\/israel-lleva-a-cabo-ataque-aereo-en-iran-segun-reportes-potencias-piden-evitar-escalada\/\"},\"author\":{\"name\":\"enequipo\",\"@id\":\"https:\/\/www.sonoraenequipo.com.mx\/#\/schema\/person\/50102df0fb23a8fa9e8effad8fa81386\"},\"headline\":\"Israel lleva a cabo ataque a\u00e9reo en Ir\u00e1n seg\u00fan reportes; potencias piden evitar escalada\",\"datePublished\":\"2024-04-19T20:08:01+00:00\",\"mainEntityOfPage\":{\"@id\":\"https:\/\/www.sonoraenequipo.com.mx\/israel-lleva-a-cabo-ataque-aereo-en-iran-segun-reportes-potencias-piden-evitar-escalada\/\"},\"wordCount\":909,\"commentCount\":0,\"publisher\":{\"@id\":\"https:\/\/www.sonoraenequipo.com.mx\/#organization\"},\"image\":{\"@id\":\"https:\/\/www.sonoraenequipo.com.mx\/israel-lleva-a-cabo-ataque-aereo-en-iran-segun-reportes-potencias-piden-evitar-escalada\/#primaryimage\"},\"thumbnailUrl\":\"https:\/\/www.sonoraenequipo.com.mx\/storage\/2024\/04\/iran.jpg\",\"keywords\":[\"guerra iran israel\",\"ham\u00e0s\"],\"articleSection\":[\"MUNDO\"],\"inLanguage\":\"es\",\"potentialAction\":[{\"@type\":\"CommentAction\",\"name\":\"Comment\",\"target\":[\"https:\/\/www.sonoraenequipo.com.mx\/israel-lleva-a-cabo-ataque-aereo-en-iran-segun-reportes-potencias-piden-evitar-escalada\/#respond\"]}]},{\"@type\":\"WebPage\",\"@id\":\"https:\/\/www.sonoraenequipo.com.mx\/israel-lleva-a-cabo-ataque-aereo-en-iran-segun-reportes-potencias-piden-evitar-escalada\/\",\"url\":\"https:\/\/www.sonoraenequipo.com.mx\/israel-lleva-a-cabo-ataque-aereo-en-iran-segun-reportes-potencias-piden-evitar-escalada\/\",\"name\":\"Sonora en Equipo. Israel lleva a cabo ataque a\u00e9reo en Ir\u00e1n seg\u00fan reportes; potencias piden evitar escalada MUNDO\",\"isPartOf\":{\"@id\":\"https:\/\/www.sonoraenequipo.com.mx\/#website\"},\"primaryImageOfPage\":{\"@id\":\"https:\/\/www.sonoraenequipo.com.mx\/israel-lleva-a-cabo-ataque-aereo-en-iran-segun-reportes-potencias-piden-evitar-escalada\/#primaryimage\"},\"image\":{\"@id\":\"https:\/\/www.sonoraenequipo.com.mx\/israel-lleva-a-cabo-ataque-aereo-en-iran-segun-reportes-potencias-piden-evitar-escalada\/#primaryimage\"},\"thumbnailUrl\":\"https:\/\/www.sonoraenequipo.com.mx\/storage\/2024\/04\/iran.jpg\",\"datePublished\":\"2024-04-19T20:08:01+00:00\",\"description\":\"Israel llev\u00f3 a cabo un ataque a\u00e9reo a Ir\u00e1n la madrugada del viernes, informaron medios estadounidenses, citando a funcionarios israel\u00edes y estadounidenses En Sonora en Equipo publicamos toda la informaci\u00f3n de Sonora, M\u00e9xico y el Mundo de manera oportuna y busca que la libertad de expresi\u00f3n sea real. Visita nuestro medio informativo publicado desde Hermosillo, Sonora. %\",\"breadcrumb\":{\"@id\":\"https:\/\/www.sonoraenequipo.com.mx\/israel-lleva-a-cabo-ataque-aereo-en-iran-segun-reportes-potencias-piden-evitar-escalada\/#breadcrumb\"},\"inLanguage\":\"es\",\"potentialAction\":[{\"@type\":\"ReadAction\",\"target\":[\"https:\/\/www.sonoraenequipo.com.mx\/israel-lleva-a-cabo-ataque-aereo-en-iran-segun-reportes-potencias-piden-evitar-escalada\/\"]}]},{\"@type\":\"ImageObject\",\"inLanguage\":\"es\",\"@id\":\"https:\/\/www.sonoraenequipo.com.mx\/israel-lleva-a-cabo-ataque-aereo-en-iran-segun-reportes-potencias-piden-evitar-escalada\/#primaryimage\",\"url\":\"https:\/\/www.sonoraenequipo.com.mx\/storage\/2024\/04\/iran.jpg\",\"contentUrl\":\"https:\/\/www.sonoraenequipo.com.mx\/storage\/2024\/04\/iran.jpg\",\"width\":900,\"height\":506},{\"@type\":\"BreadcrumbList\",\"@id\":\"https:\/\/www.sonoraenequipo.com.mx\/israel-lleva-a-cabo-ataque-aereo-en-iran-segun-reportes-potencias-piden-evitar-escalada\/#breadcrumb\",\"itemListElement\":[{\"@type\":\"ListItem\",\"position\":1,\"name\":\"Portada\",\"item\":\"https:\/\/www.sonoraenequipo.com.mx\/\"},{\"@type\":\"ListItem\",\"position\":2,\"name\":\"Israel lleva a cabo ataque a\u00e9reo en Ir\u00e1n seg\u00fan reportes; potencias piden evitar escalada\"}]},{\"@type\":\"WebSite\",\"@id\":\"https:\/\/www.sonoraenequipo.com.mx\/#website\",\"url\":\"https:\/\/www.sonoraenequipo.com.mx\/\",\"name\":\"Sonora en Equipo.\",\"description\":\"Diario en l\u00ednea con Noticias desde Hermosillo, Sonora\",\"publisher\":{\"@id\":\"https:\/\/www.sonoraenequipo.com.mx\/#organization\"},\"potentialAction\":[{\"@type\":\"SearchAction\",\"target\":{\"@type\":\"EntryPoint\",\"urlTemplate\":\"https:\/\/www.sonoraenequipo.com.mx\/?s={search_term_string}\"},\"query-input\":{\"@type\":\"PropertyValueSpecification\",\"valueRequired\":true,\"valueName\":\"search_term_string\"}}],\"inLanguage\":\"es\"},{\"@type\":\"Organization\",\"@id\":\"https:\/\/www.sonoraenequipo.com.mx\/#organization\",\"name\":\"Sonoraenequipo.com.mx\",\"url\":\"https:\/\/www.sonoraenequipo.com.mx\/\",\"logo\":{\"@type\":\"ImageObject\",\"inLanguage\":\"es\",\"@id\":\"https:\/\/www.sonoraenequipo.com.mx\/#\/schema\/logo\/image\/\",\"url\":\"https:\/\/www.sonoraenequipo.com.mx\/storage\/2019\/01\/sonoraenequipo_opt.png\",\"contentUrl\":\"https:\/\/www.sonoraenequipo.com.mx\/storage\/2019\/01\/sonoraenequipo_opt.png\",\"width\":375,\"height\":125,\"caption\":\"Sonoraenequipo.com.mx\"},\"image\":{\"@id\":\"https:\/\/www.sonoraenequipo.com.mx\/#\/schema\/logo\/image\/\"},\"sameAs\":[\"https:\/\/www.facebook.com\/SonoraEE\/\",\"https:\/\/x.com\/sonoraenequipo\",\"https:\/\/www.youtube.com\/channel\/UC338nW-lPEYmJQs4ZABQ1SQ\"]},{\"@type\":\"Person\",\"@id\":\"https:\/\/www.sonoraenequipo.com.mx\/#\/schema\/person\/50102df0fb23a8fa9e8effad8fa81386\",\"name\":\"enequipo\",\"image\":{\"@type\":\"ImageObject\",\"inLanguage\":\"es\",\"@id\":\"https:\/\/www.sonoraenequipo.com.mx\/#\/schema\/person\/image\/\",\"url\":\"https:\/\/secure.gravatar.com\/avatar\/049821681b589dabc0bc20695993ccebb09f5b5d4d790cd9251b97faac7c652b?s=96&d=blank&r=g\",\"contentUrl\":\"https:\/\/secure.gravatar.com\/avatar\/049821681b589dabc0bc20695993ccebb09f5b5d4d790cd9251b97faac7c652b?s=96&d=blank&r=g\",\"caption\":\"enequipo\"},\"sameAs\":[\"https:\/\/www.facebook.com\/SonoraEE\"]}]}<\/script>\n ","yoast_head_json":{"title":"Sonora en Equipo. Israel lleva a cabo ataque a\u00e9reo en Ir\u00e1n seg\u00fan reportes; potencias piden evitar escalada MUNDO","description":"Israel llev\u00f3 a cabo un ataque a\u00e9reo a Ir\u00e1n la madrugada del viernes, informaron medios estadounidenses, citando a funcionarios israel\u00edes y estadounidenses En Sonora en Equipo publicamos toda la informaci\u00f3n de Sonora, M\u00e9xico y el Mundo de manera oportuna y busca que la libertad de expresi\u00f3n sea real. Visita nuestro medio informativo publicado desde Hermosillo, Sonora. %","robots":{"index":"index","follow":"follow","max-snippet":"max-snippet:-1","max-image-preview":"max-image-preview:large","max-video-preview":"max-video-preview:-1"},"canonical":"https:\/\/www.sonoraenequipo.com.mx\/israel-lleva-a-cabo-ataque-aereo-en-iran-segun-reportes-potencias-piden-evitar-escalada\/","og_locale":"es_ES","og_type":"article","og_title":"Sonora en Equipo. Israel lleva a cabo ataque a\u00e9reo en Ir\u00e1n seg\u00fan reportes; potencias piden evitar escalada MUNDO","og_description":"Israel llev\u00f3 a cabo un ataque a\u00e9reo a Ir\u00e1n la madrugada del viernes, informaron medios estadounidenses, citando a funcionarios israel\u00edes y estadounidenses En Sonora en Equipo publicamos toda la informaci\u00f3n de Sonora, M\u00e9xico y el Mundo de manera oportuna y busca que la libertad de expresi\u00f3n sea real. Visita nuestro medio informativo publicado desde Hermosillo, Sonora. %","og_url":"https:\/\/www.sonoraenequipo.com.mx\/israel-lleva-a-cabo-ataque-aereo-en-iran-segun-reportes-potencias-piden-evitar-escalada\/","og_site_name":"Sonora en Equipo.","article_publisher":"https:\/\/www.facebook.com\/SonoraEE\/","article_author":"https:\/\/www.facebook.com\/SonoraEE","article_published_time":"2024-04-19T20:08:01+00:00","og_image":[{"width":900,"height":506,"url":"https:\/\/www.sonoraenequipo.com.mx\/storage\/2024\/04\/iran.jpg","type":"image\/jpeg"}],"author":"enequipo","twitter_card":"summary_large_image","twitter_creator":"@sonoraenequipo","twitter_site":"@sonoraenequipo","twitter_misc":{"Escrito por":"enequipo","Tiempo de lectura":"4 minutos"},"schema":{"@context":"https:\/\/schema.org","@graph":[{"@type":"Article","@id":"https:\/\/www.sonoraenequipo.com.mx\/israel-lleva-a-cabo-ataque-aereo-en-iran-segun-reportes-potencias-piden-evitar-escalada\/#article","isPartOf":{"@id":"https:\/\/www.sonoraenequipo.com.mx\/israel-lleva-a-cabo-ataque-aereo-en-iran-segun-reportes-potencias-piden-evitar-escalada\/"},"author":{"name":"enequipo","@id":"https:\/\/www.sonoraenequipo.com.mx\/#\/schema\/person\/50102df0fb23a8fa9e8effad8fa81386"},"headline":"Israel lleva a cabo ataque a\u00e9reo en Ir\u00e1n seg\u00fan reportes; potencias piden evitar escalada","datePublished":"2024-04-19T20:08:01+00:00","mainEntityOfPage":{"@id":"https:\/\/www.sonoraenequipo.com.mx\/israel-lleva-a-cabo-ataque-aereo-en-iran-segun-reportes-potencias-piden-evitar-escalada\/"},"wordCount":909,"commentCount":0,"publisher":{"@id":"https:\/\/www.sonoraenequipo.com.mx\/#organization"},"image":{"@id":"https:\/\/www.sonoraenequipo.com.mx\/israel-lleva-a-cabo-ataque-aereo-en-iran-segun-reportes-potencias-piden-evitar-escalada\/#primaryimage"},"thumbnailUrl":"https:\/\/www.sonoraenequipo.com.mx\/storage\/2024\/04\/iran.jpg","keywords":["guerra iran israel","ham\u00e0s"],"articleSection":["MUNDO"],"inLanguage":"es","potentialAction":[{"@type":"CommentAction","name":"Comment","target":["https:\/\/www.sonoraenequipo.com.mx\/israel-lleva-a-cabo-ataque-aereo-en-iran-segun-reportes-potencias-piden-evitar-escalada\/#respond"]}]},{"@type":"WebPage","@id":"https:\/\/www.sonoraenequipo.com.mx\/israel-lleva-a-cabo-ataque-aereo-en-iran-segun-reportes-potencias-piden-evitar-escalada\/","url":"https:\/\/www.sonoraenequipo.com.mx\/israel-lleva-a-cabo-ataque-aereo-en-iran-segun-reportes-potencias-piden-evitar-escalada\/","name":"Sonora en Equipo. Israel lleva a cabo ataque a\u00e9reo en Ir\u00e1n seg\u00fan reportes; potencias piden evitar escalada MUNDO","isPartOf":{"@id":"https:\/\/www.sonoraenequipo.com.mx\/#website"},"primaryImageOfPage":{"@id":"https:\/\/www.sonoraenequipo.com.mx\/israel-lleva-a-cabo-ataque-aereo-en-iran-segun-reportes-potencias-piden-evitar-escalada\/#primaryimage"},"image":{"@id":"https:\/\/www.sonoraenequipo.com.mx\/israel-lleva-a-cabo-ataque-aereo-en-iran-segun-reportes-potencias-piden-evitar-escalada\/#primaryimage"},"thumbnailUrl":"https:\/\/www.sonoraenequipo.com.mx\/storage\/2024\/04\/iran.jpg","datePublished":"2024-04-19T20:08:01+00:00","description":"Israel llev\u00f3 a cabo un ataque a\u00e9reo a Ir\u00e1n la madrugada del viernes, informaron medios estadounidenses, citando a funcionarios israel\u00edes y estadounidenses En Sonora en Equipo publicamos toda la informaci\u00f3n de Sonora, M\u00e9xico y el Mundo de manera oportuna y busca que la libertad de expresi\u00f3n sea real. Visita nuestro medio informativo publicado desde Hermosillo, Sonora. %","breadcrumb":{"@id":"https:\/\/www.sonoraenequipo.com.mx\/israel-lleva-a-cabo-ataque-aereo-en-iran-segun-reportes-potencias-piden-evitar-escalada\/#breadcrumb"},"inLanguage":"es","potentialAction":[{"@type":"ReadAction","target":["https:\/\/www.sonoraenequipo.com.mx\/israel-lleva-a-cabo-ataque-aereo-en-iran-segun-reportes-potencias-piden-evitar-escalada\/"]}]},{"@type":"ImageObject","inLanguage":"es","@id":"https:\/\/www.sonoraenequipo.com.mx\/israel-lleva-a-cabo-ataque-aereo-en-iran-segun-reportes-potencias-piden-evitar-escalada\/#primaryimage","url":"https:\/\/www.sonoraenequipo.com.mx\/storage\/2024\/04\/iran.jpg","contentUrl":"https:\/\/www.sonoraenequipo.com.mx\/storage\/2024\/04\/iran.jpg","width":900,"height":506},{"@type":"BreadcrumbList","@id":"https:\/\/www.sonoraenequipo.com.mx\/israel-lleva-a-cabo-ataque-aereo-en-iran-segun-reportes-potencias-piden-evitar-escalada\/#breadcrumb","itemListElement":[{"@type":"ListItem","position":1,"name":"Portada","item":"https:\/\/www.sonoraenequipo.com.mx\/"},{"@type":"ListItem","position":2,"name":"Israel lleva a cabo ataque a\u00e9reo en Ir\u00e1n seg\u00fan reportes; potencias piden evitar escalada"}]},{"@type":"WebSite","@id":"https:\/\/www.sonoraenequipo.com.mx\/#website","url":"https:\/\/www.sonoraenequipo.com.mx\/","name":"Sonora en Equipo.","description":"Diario en l\u00ednea con Noticias desde Hermosillo, Sonora","publisher":{"@id":"https:\/\/www.sonoraenequipo.com.mx\/#organization"},"potentialAction":[{"@type":"SearchAction","target":{"@type":"EntryPoint","urlTemplate":"https:\/\/www.sonoraenequipo.com.mx\/?s={search_term_string}"},"query-input":{"@type":"PropertyValueSpecification","valueRequired":true,"valueName":"search_term_string"}}],"inLanguage":"es"},{"@type":"Organization","@id":"https:\/\/www.sonoraenequipo.com.mx\/#organization","name":"Sonoraenequipo.com.mx","url":"https:\/\/www.sonoraenequipo.com.mx\/","logo":{"@type":"ImageObject","inLanguage":"es","@id":"https:\/\/www.sonoraenequipo.com.mx\/#\/schema\/logo\/image\/","url":"https:\/\/www.sonoraenequipo.com.mx\/storage\/2019\/01\/sonoraenequipo_opt.png","contentUrl":"https:\/\/www.sonoraenequipo.com.mx\/storage\/2019\/01\/sonoraenequipo_opt.png","width":375,"height":125,"caption":"Sonoraenequipo.com.mx"},"image":{"@id":"https:\/\/www.sonoraenequipo.com.mx\/#\/schema\/logo\/image\/"},"sameAs":["https:\/\/www.facebook.com\/SonoraEE\/","https:\/\/x.com\/sonoraenequipo","https:\/\/www.youtube.com\/channel\/UC338nW-lPEYmJQs4ZABQ1SQ"]},{"@type":"Person","@id":"https:\/\/www.sonoraenequipo.com.mx\/#\/schema\/person\/50102df0fb23a8fa9e8effad8fa81386","name":"enequipo","image":{"@type":"ImageObject","inLanguage":"es","@id":"https:\/\/www.sonoraenequipo.com.mx\/#\/schema\/person\/image\/","url":"https:\/\/secure.gravatar.com\/avatar\/049821681b589dabc0bc20695993ccebb09f5b5d4d790cd9251b97faac7c652b?s=96&d=blank&r=g","contentUrl":"https:\/\/secure.gravatar.com\/avatar\/049821681b589dabc0bc20695993ccebb09f5b5d4d790cd9251b97faac7c652b?s=96&d=blank&r=g","caption":"enequipo"},"sameAs":["https:\/\/www.facebook.com\/SonoraEE"]}]}},"jetpack_featured_media_url":"https:\/\/www.sonoraenequipo.com.mx\/storage\/2024\/04\/iran.jpg","_links":{"self":[{"href":"https:\/\/www.sonoraenequipo.com.mx\/api\/wp\/v2\/posts\/187897","targetHints":{"allow":["GET"]}}],"collection":[{"href":"https:\/\/www.sonoraenequipo.com.mx\/api\/wp\/v2\/posts"}],"about":[{"href":"https:\/\/www.sonoraenequipo.com.mx\/api\/wp\/v2\/types\/post"}],"author":[{"embeddable":true,"href":"https:\/\/www.sonoraenequipo.com.mx\/api\/wp\/v2\/users\/1"}],"replies":[{"embeddable":true,"href":"https:\/\/www.sonoraenequipo.com.mx\/api\/wp\/v2\/comments?post=187897"}],"version-history":[{"count":1,"href":"https:\/\/www.sonoraenequipo.com.mx\/api\/wp\/v2\/posts\/187897\/revisions"}],"predecessor-version":[{"id":187900,"href":"https:\/\/www.sonoraenequipo.com.mx\/api\/wp\/v2\/posts\/187897\/revisions\/187900"}],"wp:featuredmedia":[{"embeddable":true,"href":"https:\/\/www.sonoraenequipo.com.mx\/api\/wp\/v2\/media\/187899"}],"wp:attachment":[{"href":"https:\/\/www.sonoraenequipo.com.mx\/api\/wp\/v2\/media?parent=187897"}],"wp:term":[{"taxonomy":"category","embeddable":true,"href":"https:\/\/www.sonoraenequipo.com.mx\/api\/wp\/v2\/categories?post=187897"},{"taxonomy":"post_tag","embeddable":true,"href":"https:\/\/www.sonoraenequipo.com.mx\/api\/wp\/v2\/tags?post=187897"}],"curies":[{"name":"wp","href":"https:\/\/api.w.org\/{rel}","templated":true}]}}