{"id":187908,"date":"2024-04-19T14:38:14","date_gmt":"2024-04-19T21:38:14","guid":{"rendered":"https:\/\/www.sonoraenequipo.com.mx\/?p=187908"},"modified":"2024-04-19T14:38:14","modified_gmt":"2024-04-19T21:38:14","slug":"recomienda-secretaria-de-salud-tratar-los-dolores-de-cabeza","status":"publish","type":"post","link":"https:\/\/www.sonoraenequipo.com.mx\/recomienda-secretaria-de-salud-tratar-los-dolores-de-cabeza\/","title":{"rendered":"Recomienda Secretar\u00eda de Salud tratar los dolores de cabeza"},"content":{"rendered":"<p><strong>HERMOSILLO, SONORA, MX.\u02d7\u02d7\u02d7 <\/strong>La Secretar\u00eda de Salud de Sonora (SSA), llam\u00f3 a crear conciencia sobre la cefalea, condici\u00f3n mejor conocida como dolor de cabeza, misma que afecta a millones de personas en el mundo.<\/p>\n<p>&nbsp;<\/p>\n<p>&nbsp;<\/p>\n<p>En el D\u00eda Mundial de la Cefalea, este 19 de abril, la SSA comparti\u00f3 que este padecimiento puede manifestarse en diferentes formas como migra\u00f1as, cefaleas tensionales o cefaleas en racimos, cada una con sus propios s\u00edntomas distintivos.<\/p>\n<p>&nbsp;<\/p>\n<p>&nbsp;<\/p>\n<p>Por ejemplo, las migra\u00f1as suelen caracterizarse por un dolor puls\u00e1til intenso, acompa\u00f1ado a menudo de n\u00e1useas, sensibilidad a la luz y al sonido que puede afectar a un lado de la cabeza o ser bilateral.<\/p>\n<p>&nbsp;<\/p>\n<p>&nbsp;<\/p>\n<p>Las cefaleas tensionales (en banda), son un dolor constante y opresivo en el cabeza, a menudo relacionado con el estr\u00e9s o la tensi\u00f3n muscular y los s\u00edntomas m\u00e1s comunes son la sensaci\u00f3n de presi\u00f3n o apriete en la frente, las sienes o la parte posterior de la cabeza, rigidez en los m\u00fasculos del cuello y los hombros, pero estas no suelen provocar n\u00e1useas ni v\u00f3mitos<\/p>\n<p>&nbsp;<\/p>\n<p>&nbsp;<\/p>\n<p>Las cefaleas en racimos, aunque menos comunes, son extremadamente dolorosas y se manifiestan como episodios de dolor intenso en un lado de la cabeza, generalmente alrededor del ojo. Los s\u00edntomas m\u00e1s comunes son episodios de dolor que pueden durar desde unos minutos hasta varias horas, congesti\u00f3n y goteo nasal.<\/p>\n<p>&nbsp;<\/p>\n<p>&nbsp;<\/p>\n<p>La SSA coment\u00f3 que, identificar los motivos de los dolores de cabeza con el apoyo de un profesional de la salud, ayudar\u00e1 a llevar un tratamiento adecuado y eficaz. Es importante mencionar que, si alg\u00fan miembro de la familia manifiesta dolor de cabeza por m\u00e1s de 5 d\u00edas consecutivos, es necesario acudir al servicio de urgencias m\u00e1s cercano para revisi\u00f3n y tratamiento adecuado.<\/p>\n<p><strong>Fecha de publicaci\u00f3n viernes 19 de abril \u00a0de 2024<\/strong><\/p>\n","protected":false},"excerpt":{"rendered":"<p>HERMOSILLO, SONORA, MX.\u02d7\u02d7\u02d7 La Secretar\u00eda de Salud de Sonora (SSA), llam\u00f3 a crear conciencia sobre&#8230;<\/p>\n","protected":false},"author":1,"featured_media":187909,"comment_status":"open","ping_status":"open","sticky":false,"template":"","format":"standard","meta":{"_monsterinsights_skip_tracking":false,"_monsterinsights_sitenote_active":false,"_monsterinsights_sitenote_note":"","_monsterinsights_sitenote_category":0,"footnotes":""},"categories":[22],"tags":[2468],"class_list":["post"],"yoast_head":" \n<title>Sonora en Equipo. Recomienda Secretar\u00eda de Salud tratar los dolores de cabeza Sonora<\/title>\n<meta name=\"description\" content=\"HERMOSILLO, SONORA, MX.\u02d7\u02d7\u02d7 La Secretar\u00eda de Salud de Sonora (SSA), llam\u00f3 a crear conciencia sobre la cefalea, condici\u00f3n mejor conocida como dolor de En Sonora en Equipo publicamos toda la informaci\u00f3n de Sonora, M\u00e9xico y el Mundo de manera oportuna y busca que la libertad de expresi\u00f3n sea real. Visita nuestro medio informativo publicado desde Hermosillo, Sonora. %\" \/>\n<meta name=\"robots\" content=\"index, follow, max-snippet:-1, max-image-preview:large, max-video-preview:-1\" \/>\n<link rel=\"canonical\" href=\"https:\/\/www.sonoraenequipo.com.mx\/recomienda-secretaria-de-salud-tratar-los-dolores-de-cabeza\/\" \/>\n<meta property=\"og:locale\" content=\"es_ES\" \/>\n<meta property=\"og:type\" content=\"article\" \/>\n<meta property=\"og:title\" content=\"Sonora en Equipo. Recomienda Secretar\u00eda de Salud tratar los dolores de cabeza Sonora\" \/>\n<meta property=\"og:description\" content=\"HERMOSILLO, SONORA, MX.\u02d7\u02d7\u02d7 La Secretar\u00eda de Salud de Sonora (SSA), llam\u00f3 a crear conciencia sobre la cefalea, condici\u00f3n mejor conocida como dolor de En Sonora en Equipo publicamos toda la informaci\u00f3n de Sonora, M\u00e9xico y el Mundo de manera oportuna y busca que la libertad de expresi\u00f3n sea real. Visita nuestro medio informativo publicado desde Hermosillo, Sonora. %\" \/>\n<meta property=\"og:url\" content=\"https:\/\/www.sonoraenequipo.com.mx\/recomienda-secretaria-de-salud-tratar-los-dolores-de-cabeza\/\" \/>\n<meta property=\"og:site_name\" content=\"Sonora en Equipo.\" \/>\n<meta property=\"article:publisher\" content=\"https:\/\/www.facebook.com\/SonoraEE\/\" \/>\n<meta property=\"article:author\" content=\"https:\/\/www.facebook.com\/SonoraEE\" \/>\n<meta property=\"article:published_time\" content=\"2024-04-19T21:38:14+00:00\" \/>\n<meta property=\"og:image\" content=\"https:\/\/www.sonoraenequipo.com.mx\/storage\/2024\/04\/cefalea.jpg\" \/>\n\t<meta property=\"og:image:width\" content=\"800\" \/>\n\t<meta property=\"og:image:height\" content=\"568\" \/>\n\t<meta property=\"og:image:type\" content=\"image\/jpeg\" \/>\n<meta name=\"author\" content=\"enequipo\" \/>\n<meta name=\"twitter:card\" content=\"summary_large_image\" \/>\n<meta name=\"twitter:creator\" content=\"@sonoraenequipo\" \/>\n<meta name=\"twitter:site\" content=\"@sonoraenequipo\" \/>\n<meta name=\"twitter:label1\" content=\"Escrito por\" \/>\n\t<meta name=\"twitter:data1\" content=\"enequipo\" \/>\n\t<meta name=\"twitter:label2\" content=\"Tiempo de lectura\" \/>\n\t<meta name=\"twitter:data2\" content=\"2 minutos\" \/>\n<script type=\"application\/ld+json\" class=\"yoast-schema-graph\">{\"@context\":\"https:\/\/schema.org\",\"@graph\":[{\"@type\":\"Article\",\"@id\":\"https:\/\/www.sonoraenequipo.com.mx\/recomienda-secretaria-de-salud-tratar-los-dolores-de-cabeza\/#article\",\"isPartOf\":{\"@id\":\"https:\/\/www.sonoraenequipo.com.mx\/recomienda-secretaria-de-salud-tratar-los-dolores-de-cabeza\/\"},\"author\":{\"name\":\"enequipo\",\"@id\":\"https:\/\/www.sonoraenequipo.com.mx\/#\/schema\/person\/50102df0fb23a8fa9e8effad8fa81386\"},\"headline\":\"Recomienda Secretar\u00eda de Salud tratar los dolores de cabeza\",\"datePublished\":\"2024-04-19T21:38:14+00:00\",\"mainEntityOfPage\":{\"@id\":\"https:\/\/www.sonoraenequipo.com.mx\/recomienda-secretaria-de-salud-tratar-los-dolores-de-cabeza\/\"},\"wordCount\":335,\"commentCount\":0,\"publisher\":{\"@id\":\"https:\/\/www.sonoraenequipo.com.mx\/#organization\"},\"image\":{\"@id\":\"https:\/\/www.sonoraenequipo.com.mx\/recomienda-secretaria-de-salud-tratar-los-dolores-de-cabeza\/#primaryimage\"},\"thumbnailUrl\":\"https:\/\/www.sonoraenequipo.com.mx\/storage\/2024\/04\/cefalea.jpg\",\"keywords\":[\"cefalea\"],\"articleSection\":[\"Sonora\"],\"inLanguage\":\"es\",\"potentialAction\":[{\"@type\":\"CommentAction\",\"name\":\"Comment\",\"target\":[\"https:\/\/www.sonoraenequipo.com.mx\/recomienda-secretaria-de-salud-tratar-los-dolores-de-cabeza\/#respond\"]}]},{\"@type\":\"WebPage\",\"@id\":\"https:\/\/www.sonoraenequipo.com.mx\/recomienda-secretaria-de-salud-tratar-los-dolores-de-cabeza\/\",\"url\":\"https:\/\/www.sonoraenequipo.com.mx\/recomienda-secretaria-de-salud-tratar-los-dolores-de-cabeza\/\",\"name\":\"Sonora en Equipo. Recomienda Secretar\u00eda de Salud tratar los dolores de cabeza Sonora\",\"isPartOf\":{\"@id\":\"https:\/\/www.sonoraenequipo.com.mx\/#website\"},\"primaryImageOfPage\":{\"@id\":\"https:\/\/www.sonoraenequipo.com.mx\/recomienda-secretaria-de-salud-tratar-los-dolores-de-cabeza\/#primaryimage\"},\"image\":{\"@id\":\"https:\/\/www.sonoraenequipo.com.mx\/recomienda-secretaria-de-salud-tratar-los-dolores-de-cabeza\/#primaryimage\"},\"thumbnailUrl\":\"https:\/\/www.sonoraenequipo.com.mx\/storage\/2024\/04\/cefalea.jpg\",\"datePublished\":\"2024-04-19T21:38:14+00:00\",\"description\":\"HERMOSILLO, SONORA, MX.\u02d7\u02d7\u02d7 La Secretar\u00eda de Salud de Sonora (SSA), llam\u00f3 a crear conciencia sobre la cefalea, condici\u00f3n mejor conocida como dolor de En Sonora en Equipo publicamos toda la informaci\u00f3n de Sonora, M\u00e9xico y el Mundo de manera oportuna y busca que la libertad de expresi\u00f3n sea real. Visita nuestro medio informativo publicado desde Hermosillo, Sonora. %\",\"breadcrumb\":{\"@id\":\"https:\/\/www.sonoraenequipo.com.mx\/recomienda-secretaria-de-salud-tratar-los-dolores-de-cabeza\/#breadcrumb\"},\"inLanguage\":\"es\",\"potentialAction\":[{\"@type\":\"ReadAction\",\"target\":[\"https:\/\/www.sonoraenequipo.com.mx\/recomienda-secretaria-de-salud-tratar-los-dolores-de-cabeza\/\"]}]},{\"@type\":\"ImageObject\",\"inLanguage\":\"es\",\"@id\":\"https:\/\/www.sonoraenequipo.com.mx\/recomienda-secretaria-de-salud-tratar-los-dolores-de-cabeza\/#primaryimage\",\"url\":\"https:\/\/www.sonoraenequipo.com.mx\/storage\/2024\/04\/cefalea.jpg\",\"contentUrl\":\"https:\/\/www.sonoraenequipo.com.mx\/storage\/2024\/04\/cefalea.jpg\",\"width\":800,\"height\":568},{\"@type\":\"BreadcrumbList\",\"@id\":\"https:\/\/www.sonoraenequipo.com.mx\/recomienda-secretaria-de-salud-tratar-los-dolores-de-cabeza\/#breadcrumb\",\"itemListElement\":[{\"@type\":\"ListItem\",\"position\":1,\"name\":\"Portada\",\"item\":\"https:\/\/www.sonoraenequipo.com.mx\/\"},{\"@type\":\"ListItem\",\"position\":2,\"name\":\"Recomienda Secretar\u00eda de Salud tratar los dolores de cabeza\"}]},{\"@type\":\"WebSite\",\"@id\":\"https:\/\/www.sonoraenequipo.com.mx\/#website\",\"url\":\"https:\/\/www.sonoraenequipo.com.mx\/\",\"name\":\"Sonora en Equipo.\",\"description\":\"Diario en l\u00ednea con Noticias desde Hermosillo, Sonora\",\"publisher\":{\"@id\":\"https:\/\/www.sonoraenequipo.com.mx\/#organization\"},\"potentialAction\":[{\"@type\":\"SearchAction\",\"target\":{\"@type\":\"EntryPoint\",\"urlTemplate\":\"https:\/\/www.sonoraenequipo.com.mx\/?s={search_term_string}\"},\"query-input\":{\"@type\":\"PropertyValueSpecification\",\"valueRequired\":true,\"valueName\":\"search_term_string\"}}],\"inLanguage\":\"es\"},{\"@type\":\"Organization\",\"@id\":\"https:\/\/www.sonoraenequipo.com.mx\/#organization\",\"name\":\"Sonoraenequipo.com.mx\",\"url\":\"https:\/\/www.sonoraenequipo.com.mx\/\",\"logo\":{\"@type\":\"ImageObject\",\"inLanguage\":\"es\",\"@id\":\"https:\/\/www.sonoraenequipo.com.mx\/#\/schema\/logo\/image\/\",\"url\":\"https:\/\/www.sonoraenequipo.com.mx\/storage\/2019\/01\/sonoraenequipo_opt.png\",\"contentUrl\":\"https:\/\/www.sonoraenequipo.com.mx\/storage\/2019\/01\/sonoraenequipo_opt.png\",\"width\":375,\"height\":125,\"caption\":\"Sonoraenequipo.com.mx\"},\"image\":{\"@id\":\"https:\/\/www.sonoraenequipo.com.mx\/#\/schema\/logo\/image\/\"},\"sameAs\":[\"https:\/\/www.facebook.com\/SonoraEE\/\",\"https:\/\/x.com\/sonoraenequipo\",\"https:\/\/www.youtube.com\/channel\/UC338nW-lPEYmJQs4ZABQ1SQ\"]},{\"@type\":\"Person\",\"@id\":\"https:\/\/www.sonoraenequipo.com.mx\/#\/schema\/person\/50102df0fb23a8fa9e8effad8fa81386\",\"name\":\"enequipo\",\"image\":{\"@type\":\"ImageObject\",\"inLanguage\":\"es\",\"@id\":\"https:\/\/www.sonoraenequipo.com.mx\/#\/schema\/person\/image\/\",\"url\":\"https:\/\/secure.gravatar.com\/avatar\/049821681b589dabc0bc20695993ccebb09f5b5d4d790cd9251b97faac7c652b?s=96&d=blank&r=g\",\"contentUrl\":\"https:\/\/secure.gravatar.com\/avatar\/049821681b589dabc0bc20695993ccebb09f5b5d4d790cd9251b97faac7c652b?s=96&d=blank&r=g\",\"caption\":\"enequipo\"},\"sameAs\":[\"https:\/\/www.facebook.com\/SonoraEE\"]}]}<\/script>\n ","yoast_head_json":{"title":"Sonora en Equipo. Recomienda Secretar\u00eda de Salud tratar los dolores de cabeza Sonora","description":"HERMOSILLO, SONORA, MX.\u02d7\u02d7\u02d7 La Secretar\u00eda de Salud de Sonora (SSA), llam\u00f3 a crear conciencia sobre la cefalea, condici\u00f3n mejor conocida como dolor de En Sonora en Equipo publicamos toda la informaci\u00f3n de Sonora, M\u00e9xico y el Mundo de manera oportuna y busca que la libertad de expresi\u00f3n sea real. Visita nuestro medio informativo publicado desde Hermosillo, Sonora. %","robots":{"index":"index","follow":"follow","max-snippet":"max-snippet:-1","max-image-preview":"max-image-preview:large","max-video-preview":"max-video-preview:-1"},"canonical":"https:\/\/www.sonoraenequipo.com.mx\/recomienda-secretaria-de-salud-tratar-los-dolores-de-cabeza\/","og_locale":"es_ES","og_type":"article","og_title":"Sonora en Equipo. Recomienda Secretar\u00eda de Salud tratar los dolores de cabeza Sonora","og_description":"HERMOSILLO, SONORA, MX.\u02d7\u02d7\u02d7 La Secretar\u00eda de Salud de Sonora (SSA), llam\u00f3 a crear conciencia sobre la cefalea, condici\u00f3n mejor conocida como dolor de En Sonora en Equipo publicamos toda la informaci\u00f3n de Sonora, M\u00e9xico y el Mundo de manera oportuna y busca que la libertad de expresi\u00f3n sea real. Visita nuestro medio informativo publicado desde Hermosillo, Sonora. %","og_url":"https:\/\/www.sonoraenequipo.com.mx\/recomienda-secretaria-de-salud-tratar-los-dolores-de-cabeza\/","og_site_name":"Sonora en Equipo.","article_publisher":"https:\/\/www.facebook.com\/SonoraEE\/","article_author":"https:\/\/www.facebook.com\/SonoraEE","article_published_time":"2024-04-19T21:38:14+00:00","og_image":[{"width":800,"height":568,"url":"https:\/\/www.sonoraenequipo.com.mx\/storage\/2024\/04\/cefalea.jpg","type":"image\/jpeg"}],"author":"enequipo","twitter_card":"summary_large_image","twitter_creator":"@sonoraenequipo","twitter_site":"@sonoraenequipo","twitter_misc":{"Escrito por":"enequipo","Tiempo de lectura":"2 minutos"},"schema":{"@context":"https:\/\/schema.org","@graph":[{"@type":"Article","@id":"https:\/\/www.sonoraenequipo.com.mx\/recomienda-secretaria-de-salud-tratar-los-dolores-de-cabeza\/#article","isPartOf":{"@id":"https:\/\/www.sonoraenequipo.com.mx\/recomienda-secretaria-de-salud-tratar-los-dolores-de-cabeza\/"},"author":{"name":"enequipo","@id":"https:\/\/www.sonoraenequipo.com.mx\/#\/schema\/person\/50102df0fb23a8fa9e8effad8fa81386"},"headline":"Recomienda Secretar\u00eda de Salud tratar los dolores de cabeza","datePublished":"2024-04-19T21:38:14+00:00","mainEntityOfPage":{"@id":"https:\/\/www.sonoraenequipo.com.mx\/recomienda-secretaria-de-salud-tratar-los-dolores-de-cabeza\/"},"wordCount":335,"commentCount":0,"publisher":{"@id":"https:\/\/www.sonoraenequipo.com.mx\/#organization"},"image":{"@id":"https:\/\/www.sonoraenequipo.com.mx\/recomienda-secretaria-de-salud-tratar-los-dolores-de-cabeza\/#primaryimage"},"thumbnailUrl":"https:\/\/www.sonoraenequipo.com.mx\/storage\/2024\/04\/cefalea.jpg","keywords":["cefalea"],"articleSection":["Sonora"],"inLanguage":"es","potentialAction":[{"@type":"CommentAction","name":"Comment","target":["https:\/\/www.sonoraenequipo.com.mx\/recomienda-secretaria-de-salud-tratar-los-dolores-de-cabeza\/#respond"]}]},{"@type":"WebPage","@id":"https:\/\/www.sonoraenequipo.com.mx\/recomienda-secretaria-de-salud-tratar-los-dolores-de-cabeza\/","url":"https:\/\/www.sonoraenequipo.com.mx\/recomienda-secretaria-de-salud-tratar-los-dolores-de-cabeza\/","name":"Sonora en Equipo. Recomienda Secretar\u00eda de Salud tratar los dolores de cabeza Sonora","isPartOf":{"@id":"https:\/\/www.sonoraenequipo.com.mx\/#website"},"primaryImageOfPage":{"@id":"https:\/\/www.sonoraenequipo.com.mx\/recomienda-secretaria-de-salud-tratar-los-dolores-de-cabeza\/#primaryimage"},"image":{"@id":"https:\/\/www.sonoraenequipo.com.mx\/recomienda-secretaria-de-salud-tratar-los-dolores-de-cabeza\/#primaryimage"},"thumbnailUrl":"https:\/\/www.sonoraenequipo.com.mx\/storage\/2024\/04\/cefalea.jpg","datePublished":"2024-04-19T21:38:14+00:00","description":"HERMOSILLO, SONORA, MX.\u02d7\u02d7\u02d7 La Secretar\u00eda de Salud de Sonora (SSA), llam\u00f3 a crear conciencia sobre la cefalea, condici\u00f3n mejor conocida como dolor de En Sonora en Equipo publicamos toda la informaci\u00f3n de Sonora, M\u00e9xico y el Mundo de manera oportuna y busca que la libertad de expresi\u00f3n sea real. Visita nuestro medio informativo publicado desde Hermosillo, Sonora. %","breadcrumb":{"@id":"https:\/\/www.sonoraenequipo.com.mx\/recomienda-secretaria-de-salud-tratar-los-dolores-de-cabeza\/#breadcrumb"},"inLanguage":"es","potentialAction":[{"@type":"ReadAction","target":["https:\/\/www.sonoraenequipo.com.mx\/recomienda-secretaria-de-salud-tratar-los-dolores-de-cabeza\/"]}]},{"@type":"ImageObject","inLanguage":"es","@id":"https:\/\/www.sonoraenequipo.com.mx\/recomienda-secretaria-de-salud-tratar-los-dolores-de-cabeza\/#primaryimage","url":"https:\/\/www.sonoraenequipo.com.mx\/storage\/2024\/04\/cefalea.jpg","contentUrl":"https:\/\/www.sonoraenequipo.com.mx\/storage\/2024\/04\/cefalea.jpg","width":800,"height":568},{"@type":"BreadcrumbList","@id":"https:\/\/www.sonoraenequipo.com.mx\/recomienda-secretaria-de-salud-tratar-los-dolores-de-cabeza\/#breadcrumb","itemListElement":[{"@type":"ListItem","position":1,"name":"Portada","item":"https:\/\/www.sonoraenequipo.com.mx\/"},{"@type":"ListItem","position":2,"name":"Recomienda Secretar\u00eda de Salud tratar los dolores de cabeza"}]},{"@type":"WebSite","@id":"https:\/\/www.sonoraenequipo.com.mx\/#website","url":"https:\/\/www.sonoraenequipo.com.mx\/","name":"Sonora en Equipo.","description":"Diario en l\u00ednea con Noticias desde Hermosillo, Sonora","publisher":{"@id":"https:\/\/www.sonoraenequipo.com.mx\/#organization"},"potentialAction":[{"@type":"SearchAction","target":{"@type":"EntryPoint","urlTemplate":"https:\/\/www.sonoraenequipo.com.mx\/?s={search_term_string}"},"query-input":{"@type":"PropertyValueSpecification","valueRequired":true,"valueName":"search_term_string"}}],"inLanguage":"es"},{"@type":"Organization","@id":"https:\/\/www.sonoraenequipo.com.mx\/#organization","name":"Sonoraenequipo.com.mx","url":"https:\/\/www.sonoraenequipo.com.mx\/","logo":{"@type":"ImageObject","inLanguage":"es","@id":"https:\/\/www.sonoraenequipo.com.mx\/#\/schema\/logo\/image\/","url":"https:\/\/www.sonoraenequipo.com.mx\/storage\/2019\/01\/sonoraenequipo_opt.png","contentUrl":"https:\/\/www.sonoraenequipo.com.mx\/storage\/2019\/01\/sonoraenequipo_opt.png","width":375,"height":125,"caption":"Sonoraenequipo.com.mx"},"image":{"@id":"https:\/\/www.sonoraenequipo.com.mx\/#\/schema\/logo\/image\/"},"sameAs":["https:\/\/www.facebook.com\/SonoraEE\/","https:\/\/x.com\/sonoraenequipo","https:\/\/www.youtube.com\/channel\/UC338nW-lPEYmJQs4ZABQ1SQ"]},{"@type":"Person","@id":"https:\/\/www.sonoraenequipo.com.mx\/#\/schema\/person\/50102df0fb23a8fa9e8effad8fa81386","name":"enequipo","image":{"@type":"ImageObject","inLanguage":"es","@id":"https:\/\/www.sonoraenequipo.com.mx\/#\/schema\/person\/image\/","url":"https:\/\/secure.gravatar.com\/avatar\/049821681b589dabc0bc20695993ccebb09f5b5d4d790cd9251b97faac7c652b?s=96&d=blank&r=g","contentUrl":"https:\/\/secure.gravatar.com\/avatar\/049821681b589dabc0bc20695993ccebb09f5b5d4d790cd9251b97faac7c652b?s=96&d=blank&r=g","caption":"enequipo"},"sameAs":["https:\/\/www.facebook.com\/SonoraEE"]}]}},"jetpack_featured_media_url":"https:\/\/www.sonoraenequipo.com.mx\/storage\/2024\/04\/cefalea.jpg","_links":{"self":[{"href":"https:\/\/www.sonoraenequipo.com.mx\/api\/wp\/v2\/posts\/187908","targetHints":{"allow":["GET"]}}],"collection":[{"href":"https:\/\/www.sonoraenequipo.com.mx\/api\/wp\/v2\/posts"}],"about":[{"href":"https:\/\/www.sonoraenequipo.com.mx\/api\/wp\/v2\/types\/post"}],"author":[{"embeddable":true,"href":"https:\/\/www.sonoraenequipo.com.mx\/api\/wp\/v2\/users\/1"}],"replies":[{"embeddable":true,"href":"https:\/\/www.sonoraenequipo.com.mx\/api\/wp\/v2\/comments?post=187908"}],"version-history":[{"count":1,"href":"https:\/\/www.sonoraenequipo.com.mx\/api\/wp\/v2\/posts\/187908\/revisions"}],"predecessor-version":[{"id":187910,"href":"https:\/\/www.sonoraenequipo.com.mx\/api\/wp\/v2\/posts\/187908\/revisions\/187910"}],"wp:featuredmedia":[{"embeddable":true,"href":"https:\/\/www.sonoraenequipo.com.mx\/api\/wp\/v2\/media\/187909"}],"wp:attachment":[{"href":"https:\/\/www.sonoraenequipo.com.mx\/api\/wp\/v2\/media?parent=187908"}],"wp:term":[{"taxonomy":"category","embeddable":true,"href":"https:\/\/www.sonoraenequipo.com.mx\/api\/wp\/v2\/categories?post=187908"},{"taxonomy":"post_tag","embeddable":true,"href":"https:\/\/www.sonoraenequipo.com.mx\/api\/wp\/v2\/tags?post=187908"}],"curies":[{"name":"wp","href":"https:\/\/api.w.org\/{rel}","templated":true}]}}