{"id":187911,"date":"2024-04-19T14:49:56","date_gmt":"2024-04-19T21:49:56","guid":{"rendered":"https:\/\/www.sonoraenequipo.com.mx\/?p=187911"},"modified":"2024-04-19T15:11:46","modified_gmt":"2024-04-19T22:11:46","slug":"187911-2","status":"publish","type":"post","link":"https:\/\/www.sonoraenequipo.com.mx\/187911-2\/","title":{"rendered":"Israel Ataca\u00a0 Isfahan en Ir\u00e1n"},"content":{"rendered":"<p>Cu\u00e1l es la importancia estrat\u00e9gica de Isfah\u00e1n, la ciudad de Ir\u00e1n objetivo del ataque atribuido a Israel<\/p>\n<p>Famosa por sus palacios, mezquitas y minaretes de azulejos, Isfah\u00e1n, donde se escucharon explosiones durante la madrugada de este viernes, tambi\u00e9n es un importante centro de la industria militar iran\u00ed.<\/p>\n<p>&nbsp;<\/p>\n<p>La tercera ciudad m\u00e1s grande de Ir\u00e1n, apodada \u00abNesf-e-Jahaan\u00bb o la mitad del mundo, est\u00e1 ubicada en el centro del pa\u00eds, cerca de los montes Zagros.<\/p>\n<p>&nbsp;<\/p>\n<p>La ciudad y la regi\u00f3n que la rodea son un polo de fabricaci\u00f3n de drones y misiles bal\u00edsticos.<\/p>\n<p>&nbsp;<\/p>\n<p>Relativamente cerca se encuentra la instalaci\u00f3n nuclear de Natanz, el centro m\u00e1s importante del programa de enriquecimiento nuclear de Ir\u00e1n.<\/p>\n<p>&nbsp;<\/p>\n<p>Eso es probablemente lo que la ha colocado en el blanco y la raz\u00f3n por la que ha sido atacada. Israel no ha confirmado su autor\u00eda del ataque, pero su gobierno anunci\u00f3 hace unos d\u00edas que responder\u00eda al lanzamiento de cientos de misiles y drones iran\u00edes contra su territorio del pasado fin de semana.<\/p>\n<p>&nbsp;<\/p>\n<p>Ese ataque masivo, que no caus\u00f3 grandes da\u00f1os, fue la respuesta de Ir\u00e1n al ataque en su consulado de en Damasco, en el que murieron varios de sus generales y del que Teher\u00e1n culp\u00f3 a los israel\u00edes.<\/p>\n<p>&nbsp;<\/p>\n<p>El nombre de Isfah\u00e1n est\u00e1 estrechamente ligado a las instalaciones nucleares de Ir\u00e1n, por lo que el mensaje del ataque de este viernes no habr\u00e1 pasado desapercibido para sus dirigentes.<\/p>\n<p>&nbsp;<\/p>\n<p>Si fue un ataque israel\u00ed, parece que el gobierno de Benjamin Netanyahu ha tratado de dejar claro a Ir\u00e1n que tiene la capacidad de atacar esos objetivos sensibles en la provincia, aunque hasta ahora se haya abstenido de hacerlo realmente.<\/p>\n<p>&nbsp;<\/p>\n<p>Las autoridades iran\u00edes se dieron prisa en anunciar que las instalaciones nucleares en la provincia de Isfah\u00e1n estaban \u00abcompletamente seguras\u00bb. Ir\u00e1n, que no posee armas nucleares, niega que est\u00e9 intentando utilizar su programa nuclear civil para lograrlas.<\/p>\n<p>&nbsp;<\/p>\n<p>Mapa que muestra la ubicaci\u00f3n de instalaciones estrat\u00e9gicas en Isfah\u00e1n.<\/p>\n<p>Sin embargo, hay informes contradictorios sobre lo que ocurri\u00f3 durante la madrugada del viernes. El portavoz del Centro Nacional del Ciberespacio de Ir\u00e1n, Hossein Dalirian, dijo que \u00abvarios\u00bb drones fueron \u00abderribados con \u00e9xito\u00bb y rechaz\u00f3 los informes que se\u00f1alaban que hab\u00eda tenido lugar un ataque con misiles.<\/p>\n<p>&nbsp;<\/p>\n<p>Algunos medios iran\u00edes han informado de tres explosiones cerca del aeropuerto de Isfah\u00e1n y una base a\u00e9rea.<\/p>\n<p>&nbsp;<\/p>\n<p>El comandante en jefe del ej\u00e9rcito iran\u00ed, Abdolrahim Mousavi, atribuy\u00f3 las explosiones del viernes al \u00abdisparo de sistemas de defensa antia\u00e9rea contra un objeto sospechoso\u00bb.<\/p>\n<p>&nbsp;<\/p>\n<p>Los medios y funcionarios iran\u00edes dijeron que en el incidente participaron tres drones que fueron lanzados por \u00abinfiltrados\u00bb.<\/p>\n<p>&nbsp;<\/p>\n<p>La Fuerza A\u00e9rea iran\u00ed tiene una base en el aeropuerto de Isfah\u00e1n, que alberga algunos de sus antiguos cazas F-14.<\/p>\n<p>&nbsp;<\/p>\n<p>Ir\u00e1n adquiri\u00f3 por primera vez este caza de fabricaci\u00f3n estadounidense en la d\u00e9cada de 1970 cuando reinaba el Shah y manten\u00eda buenas relaciones con Washington, y ha logrado mantener su flota en funcionamiento desde entonces. Es el \u00fanico pa\u00eds del mundo que mantiene operativos unos aparatos que hizo famosos la pel\u00edcula \u00abTop Gun\u00bb en 1986.<\/p>\n<p>&nbsp;<\/p>\n<p>Isfah\u00e1n ya ha sido objeto de ataques anteriores de los que se responsabiliz\u00f3 a Israel. En enero de 2023, Ir\u00e1n culp\u00f3 a Israel de un ataque con drones contra una f\u00e1brica de municiones en el centro de la ciudad. Se inform\u00f3 de que el ataque fue llevado a cabo utilizando cuadric\u00f3pteros, peque\u00f1os drones con cuatro h\u00e9lices.<\/p>\n<p>Hamish de Bretton-Gordon, un experto en armas qu\u00edmicas que fue jefe de las fuerzas nucleares del Reino Unido y de la OTAN, le dijo a la BBC que atacar Isfah\u00e1n es \u00abmuy significativo\u00bb debido al n\u00famero de bases militares que hay en ella y en sus alrededores.<\/p>\n<p>&nbsp;<\/p>\n<p>Agreg\u00f3 que el presunto ataque con misiles se produjo \u00abbastante cerca de donde creemos que Ir\u00e1n intenta desarrollar armas nucleares, as\u00ed que tal vez sea una referencia a eso\u00bb.<\/p>\n<p>&nbsp;<\/p>\n<p>Para este experto, el ataque israel\u00ed fue \u00aben gran medida una demostraci\u00f3n de capacidad y tal vez intenci\u00f3n\u00bb. Indic\u00f3 que la mayor\u00eda de los m\u00e1s de 300 drones y misiles que Ir\u00e1n dispar\u00f3 contra Israel el fin de semana pasado fueron interceptados, mientras que Israel hab\u00eda disparado \u00abuno, quiz\u00e1s dos\u00bb misiles contra un objetivo y habr\u00eda causado \u00abda\u00f1os\u00bb.<\/p>\n<p>&nbsp;<\/p>\n<p>Resalt\u00f3 que los funcionarios iran\u00edes est\u00e1n minimizando la importancia del ataque porque no quieren publicitar el \u00e9xito de Israel en atravesar los \u00abanticuados\u00bb sistemas de defensa antia\u00e9rea de Ir\u00e1n.<\/p>\n<p><strong>Fecha de publicaci\u00f3n viernes 19 de abril &nbsp;de 2024\/ BBC<\/strong><\/p>\n<p><strong>Baran Abbasi y Tom Spender Role,Servicio persa de la BBC<\/strong><\/p>\n<p>&nbsp;<\/p>\n<p>&nbsp;<\/p>\n<p>\u00abIsrael supera ampliamente a Ir\u00e1n en t\u00e9rminos militares y esto es una demostraci\u00f3n de eso\u00bb, dijo.<\/p>\n<p>\u00abIr\u00e1n preferir\u00eda luchar en las sombras utilizando a sus grupos terroristas y sus aliados en lugar de enfrentarse directamente a Israel de manera convencional, donde sabe que recibir\u00eda un golpe real\u00bb, se\u00f1al\u00f3 el experto.<\/p>\n<p>&nbsp;<\/p>\n<p>La suya es una impresi\u00f3n que parecen confirmar los comentarios que llegan desde Mosc\u00fa. \u00abRusia, que tiene una cooperaci\u00f3n militar cada vez m\u00e1s estrecha con Ir\u00e1n, ha comunicado a Israel que Ir\u00e1n &#8216;no desea una escalada'\u00bb, dijo el viernes el ministro de Relaciones Exteriores de Rusia, Sergei Lavrov.<\/p>\n<p>&nbsp;<\/p>\n<p>\u00abHa habido contactos telef\u00f3nicos entre el liderazgo ruso e Ir\u00e1n, nuestros representantes y los israel\u00edes. Lo dejamos muy claro en estas conversaciones, les dijimos a los israel\u00edes que Ir\u00e1n no quiere una escalada\u00bb, dijo Lavrov a la radio rusa.<\/p>\n<p>&nbsp;<\/p>\n<p>De Bretton-Gordon dijo que Ir\u00e1n hab\u00eda \u00abrestaurado ligeramente su orgullo\u00bb despu\u00e9s de atacar a Israel el fin de semana pasado y probablemente quiera dejar las cosas como est\u00e1n por ahora.<\/p>\n<p>&nbsp;<\/p>\n<p>\u00abSabe que Israel est\u00e1 absolutamente decidido y parece contar con el respaldo de Estados Unidos y otros. Ir\u00e1n realmente no puede confiar en mucha ayuda, quiz\u00e1s un poco de Rusia, que est\u00e1 muy interesada en mantener el foco en Medio Oriente y no en Ucrania, pero aparte de eso, est\u00e1 un poco aislado\u00bb, dijo.<\/p>\n<p>&nbsp;<\/p>\n<p>\u00abLo \u00faltimo que quieren es que algunas de sus principales instalaciones sean atacadas\u00bb, concluy\u00f3 el experto.<\/p>\n<p><strong>Fecha de publicaci\u00f3n viernes 19 de abril &nbsp;de 2024 \/ BBC<\/strong><\/p>\n","protected":false},"excerpt":{"rendered":"<p>Cu\u00e1l es la importancia estrat\u00e9gica de Isfah\u00e1n, la ciudad de Ir\u00e1n objetivo del ataque atribuido&#8230;<\/p>\n","protected":false},"author":1,"featured_media":187912,"comment_status":"open","ping_status":"open","sticky":false,"template":"","format":"standard","meta":{"_monsterinsights_skip_tracking":false,"_monsterinsights_sitenote_active":false,"_monsterinsights_sitenote_note":"","_monsterinsights_sitenote_category":0,"footnotes":""},"categories":[3],"tags":[9554],"class_list":["post"],"yoast_head":" \n<title>Sonora en Equipo. Israel Ataca\u00a0 Isfahan en Ir\u00e1n MUNDO<\/title>\n<meta name=\"description\" content=\"Cu\u00e1l es la importancia estrat\u00e9gica de Isfah\u00e1n, la ciudad de Ir\u00e1n objetivo del ataque atribuido a Israel Famosa por sus palacios, mezquitas y minaretes de En Sonora en Equipo publicamos toda la informaci\u00f3n de Sonora, M\u00e9xico y el Mundo de manera oportuna y busca que la libertad de expresi\u00f3n sea real. Visita nuestro medio informativo publicado desde Hermosillo, Sonora. %\" \/>\n<meta name=\"robots\" content=\"index, follow, max-snippet:-1, max-image-preview:large, max-video-preview:-1\" \/>\n<link rel=\"canonical\" href=\"https:\/\/www.sonoraenequipo.com.mx\/187911-2\/\" \/>\n<meta property=\"og:locale\" content=\"es_ES\" \/>\n<meta property=\"og:type\" content=\"article\" \/>\n<meta property=\"og:title\" content=\"Sonora en Equipo. Israel Ataca\u00a0 Isfahan en Ir\u00e1n MUNDO\" \/>\n<meta property=\"og:description\" content=\"Cu\u00e1l es la importancia estrat\u00e9gica de Isfah\u00e1n, la ciudad de Ir\u00e1n objetivo del ataque atribuido a Israel Famosa por sus palacios, mezquitas y minaretes de En Sonora en Equipo publicamos toda la informaci\u00f3n de Sonora, M\u00e9xico y el Mundo de manera oportuna y busca que la libertad de expresi\u00f3n sea real. Visita nuestro medio informativo publicado desde Hermosillo, Sonora. %\" \/>\n<meta property=\"og:url\" content=\"https:\/\/www.sonoraenequipo.com.mx\/187911-2\/\" \/>\n<meta property=\"og:site_name\" content=\"Sonora en Equipo.\" \/>\n<meta property=\"article:publisher\" content=\"https:\/\/www.facebook.com\/SonoraEE\/\" \/>\n<meta property=\"article:author\" content=\"https:\/\/www.facebook.com\/SonoraEE\" \/>\n<meta property=\"article:published_time\" content=\"2024-04-19T21:49:56+00:00\" \/>\n<meta property=\"article:modified_time\" content=\"2024-04-19T22:11:46+00:00\" \/>\n<meta property=\"og:image\" content=\"https:\/\/www.sonoraenequipo.com.mx\/storage\/2024\/04\/isfahan.jpg\" \/>\n\t<meta property=\"og:image:width\" content=\"800\" \/>\n\t<meta property=\"og:image:height\" content=\"450\" \/>\n\t<meta property=\"og:image:type\" content=\"image\/jpeg\" \/>\n<meta name=\"author\" content=\"enequipo\" \/>\n<meta name=\"twitter:card\" content=\"summary_large_image\" \/>\n<meta name=\"twitter:creator\" content=\"@sonoraenequipo\" \/>\n<meta name=\"twitter:site\" content=\"@sonoraenequipo\" \/>\n<meta name=\"twitter:label1\" content=\"Escrito por\" \/>\n\t<meta name=\"twitter:data1\" content=\"enequipo\" \/>\n\t<meta name=\"twitter:label2\" content=\"Tiempo de lectura\" \/>\n\t<meta name=\"twitter:data2\" content=\"6 minutos\" \/>\n<script type=\"application\/ld+json\" class=\"yoast-schema-graph\">{\"@context\":\"https:\/\/schema.org\",\"@graph\":[{\"@type\":\"Article\",\"@id\":\"https:\/\/www.sonoraenequipo.com.mx\/187911-2\/#article\",\"isPartOf\":{\"@id\":\"https:\/\/www.sonoraenequipo.com.mx\/187911-2\/\"},\"author\":{\"name\":\"enequipo\",\"@id\":\"https:\/\/www.sonoraenequipo.com.mx\/#\/schema\/person\/50102df0fb23a8fa9e8effad8fa81386\"},\"headline\":\"Israel Ataca\u00a0 Isfahan en Ir\u00e1n\",\"datePublished\":\"2024-04-19T21:49:56+00:00\",\"dateModified\":\"2024-04-19T22:11:46+00:00\",\"mainEntityOfPage\":{\"@id\":\"https:\/\/www.sonoraenequipo.com.mx\/187911-2\/\"},\"wordCount\":1111,\"commentCount\":0,\"publisher\":{\"@id\":\"https:\/\/www.sonoraenequipo.com.mx\/#organization\"},\"image\":{\"@id\":\"https:\/\/www.sonoraenequipo.com.mx\/187911-2\/#primaryimage\"},\"thumbnailUrl\":\"https:\/\/www.sonoraenequipo.com.mx\/storage\/2024\/04\/isfahan.jpg\",\"keywords\":[\"guerra Israel Ir\u00e1n\"],\"articleSection\":[\"MUNDO\"],\"inLanguage\":\"es\",\"potentialAction\":[{\"@type\":\"CommentAction\",\"name\":\"Comment\",\"target\":[\"https:\/\/www.sonoraenequipo.com.mx\/187911-2\/#respond\"]}]},{\"@type\":\"WebPage\",\"@id\":\"https:\/\/www.sonoraenequipo.com.mx\/187911-2\/\",\"url\":\"https:\/\/www.sonoraenequipo.com.mx\/187911-2\/\",\"name\":\"Sonora en Equipo. Israel Ataca\u00a0 Isfahan en Ir\u00e1n MUNDO\",\"isPartOf\":{\"@id\":\"https:\/\/www.sonoraenequipo.com.mx\/#website\"},\"primaryImageOfPage\":{\"@id\":\"https:\/\/www.sonoraenequipo.com.mx\/187911-2\/#primaryimage\"},\"image\":{\"@id\":\"https:\/\/www.sonoraenequipo.com.mx\/187911-2\/#primaryimage\"},\"thumbnailUrl\":\"https:\/\/www.sonoraenequipo.com.mx\/storage\/2024\/04\/isfahan.jpg\",\"datePublished\":\"2024-04-19T21:49:56+00:00\",\"dateModified\":\"2024-04-19T22:11:46+00:00\",\"description\":\"Cu\u00e1l es la importancia estrat\u00e9gica de Isfah\u00e1n, la ciudad de Ir\u00e1n objetivo del ataque atribuido a Israel Famosa por sus palacios, mezquitas y minaretes de En Sonora en Equipo publicamos toda la informaci\u00f3n de Sonora, M\u00e9xico y el Mundo de manera oportuna y busca que la libertad de expresi\u00f3n sea real. Visita nuestro medio informativo publicado desde Hermosillo, Sonora. %\",\"breadcrumb\":{\"@id\":\"https:\/\/www.sonoraenequipo.com.mx\/187911-2\/#breadcrumb\"},\"inLanguage\":\"es\",\"potentialAction\":[{\"@type\":\"ReadAction\",\"target\":[\"https:\/\/www.sonoraenequipo.com.mx\/187911-2\/\"]}]},{\"@type\":\"ImageObject\",\"inLanguage\":\"es\",\"@id\":\"https:\/\/www.sonoraenequipo.com.mx\/187911-2\/#primaryimage\",\"url\":\"https:\/\/www.sonoraenequipo.com.mx\/storage\/2024\/04\/isfahan.jpg\",\"contentUrl\":\"https:\/\/www.sonoraenequipo.com.mx\/storage\/2024\/04\/isfahan.jpg\",\"width\":800,\"height\":450,\"caption\":\"Isfah\u00e1n alberga instalaciones militares clave para Teher\u00e1n.Imagen Getty\"},{\"@type\":\"BreadcrumbList\",\"@id\":\"https:\/\/www.sonoraenequipo.com.mx\/187911-2\/#breadcrumb\",\"itemListElement\":[{\"@type\":\"ListItem\",\"position\":1,\"name\":\"Portada\",\"item\":\"https:\/\/www.sonoraenequipo.com.mx\/\"},{\"@type\":\"ListItem\",\"position\":2,\"name\":\"Israel Ataca\u00a0 Isfahan en Ir\u00e1n\"}]},{\"@type\":\"WebSite\",\"@id\":\"https:\/\/www.sonoraenequipo.com.mx\/#website\",\"url\":\"https:\/\/www.sonoraenequipo.com.mx\/\",\"name\":\"Sonora en Equipo.\",\"description\":\"Diario en l\u00ednea con Noticias desde Hermosillo, Sonora\",\"publisher\":{\"@id\":\"https:\/\/www.sonoraenequipo.com.mx\/#organization\"},\"potentialAction\":[{\"@type\":\"SearchAction\",\"target\":{\"@type\":\"EntryPoint\",\"urlTemplate\":\"https:\/\/www.sonoraenequipo.com.mx\/?s={search_term_string}\"},\"query-input\":{\"@type\":\"PropertyValueSpecification\",\"valueRequired\":true,\"valueName\":\"search_term_string\"}}],\"inLanguage\":\"es\"},{\"@type\":\"Organization\",\"@id\":\"https:\/\/www.sonoraenequipo.com.mx\/#organization\",\"name\":\"Sonoraenequipo.com.mx\",\"url\":\"https:\/\/www.sonoraenequipo.com.mx\/\",\"logo\":{\"@type\":\"ImageObject\",\"inLanguage\":\"es\",\"@id\":\"https:\/\/www.sonoraenequipo.com.mx\/#\/schema\/logo\/image\/\",\"url\":\"https:\/\/www.sonoraenequipo.com.mx\/storage\/2019\/01\/sonoraenequipo_opt.png\",\"contentUrl\":\"https:\/\/www.sonoraenequipo.com.mx\/storage\/2019\/01\/sonoraenequipo_opt.png\",\"width\":375,\"height\":125,\"caption\":\"Sonoraenequipo.com.mx\"},\"image\":{\"@id\":\"https:\/\/www.sonoraenequipo.com.mx\/#\/schema\/logo\/image\/\"},\"sameAs\":[\"https:\/\/www.facebook.com\/SonoraEE\/\",\"https:\/\/x.com\/sonoraenequipo\",\"https:\/\/www.youtube.com\/channel\/UC338nW-lPEYmJQs4ZABQ1SQ\"]},{\"@type\":\"Person\",\"@id\":\"https:\/\/www.sonoraenequipo.com.mx\/#\/schema\/person\/50102df0fb23a8fa9e8effad8fa81386\",\"name\":\"enequipo\",\"image\":{\"@type\":\"ImageObject\",\"inLanguage\":\"es\",\"@id\":\"https:\/\/www.sonoraenequipo.com.mx\/#\/schema\/person\/image\/\",\"url\":\"https:\/\/secure.gravatar.com\/avatar\/049821681b589dabc0bc20695993ccebb09f5b5d4d790cd9251b97faac7c652b?s=96&d=blank&r=g\",\"contentUrl\":\"https:\/\/secure.gravatar.com\/avatar\/049821681b589dabc0bc20695993ccebb09f5b5d4d790cd9251b97faac7c652b?s=96&d=blank&r=g\",\"caption\":\"enequipo\"},\"sameAs\":[\"https:\/\/www.facebook.com\/SonoraEE\"]}]}<\/script>\n ","yoast_head_json":{"title":"Sonora en Equipo. Israel Ataca\u00a0 Isfahan en Ir\u00e1n MUNDO","description":"Cu\u00e1l es la importancia estrat\u00e9gica de Isfah\u00e1n, la ciudad de Ir\u00e1n objetivo del ataque atribuido a Israel Famosa por sus palacios, mezquitas y minaretes de En Sonora en Equipo publicamos toda la informaci\u00f3n de Sonora, M\u00e9xico y el Mundo de manera oportuna y busca que la libertad de expresi\u00f3n sea real. Visita nuestro medio informativo publicado desde Hermosillo, Sonora. %","robots":{"index":"index","follow":"follow","max-snippet":"max-snippet:-1","max-image-preview":"max-image-preview:large","max-video-preview":"max-video-preview:-1"},"canonical":"https:\/\/www.sonoraenequipo.com.mx\/187911-2\/","og_locale":"es_ES","og_type":"article","og_title":"Sonora en Equipo. Israel Ataca\u00a0 Isfahan en Ir\u00e1n MUNDO","og_description":"Cu\u00e1l es la importancia estrat\u00e9gica de Isfah\u00e1n, la ciudad de Ir\u00e1n objetivo del ataque atribuido a Israel Famosa por sus palacios, mezquitas y minaretes de En Sonora en Equipo publicamos toda la informaci\u00f3n de Sonora, M\u00e9xico y el Mundo de manera oportuna y busca que la libertad de expresi\u00f3n sea real. Visita nuestro medio informativo publicado desde Hermosillo, Sonora. %","og_url":"https:\/\/www.sonoraenequipo.com.mx\/187911-2\/","og_site_name":"Sonora en Equipo.","article_publisher":"https:\/\/www.facebook.com\/SonoraEE\/","article_author":"https:\/\/www.facebook.com\/SonoraEE","article_published_time":"2024-04-19T21:49:56+00:00","article_modified_time":"2024-04-19T22:11:46+00:00","og_image":[{"width":800,"height":450,"url":"https:\/\/www.sonoraenequipo.com.mx\/storage\/2024\/04\/isfahan.jpg","type":"image\/jpeg"}],"author":"enequipo","twitter_card":"summary_large_image","twitter_creator":"@sonoraenequipo","twitter_site":"@sonoraenequipo","twitter_misc":{"Escrito por":"enequipo","Tiempo de lectura":"6 minutos"},"schema":{"@context":"https:\/\/schema.org","@graph":[{"@type":"Article","@id":"https:\/\/www.sonoraenequipo.com.mx\/187911-2\/#article","isPartOf":{"@id":"https:\/\/www.sonoraenequipo.com.mx\/187911-2\/"},"author":{"name":"enequipo","@id":"https:\/\/www.sonoraenequipo.com.mx\/#\/schema\/person\/50102df0fb23a8fa9e8effad8fa81386"},"headline":"Israel Ataca\u00a0 Isfahan en Ir\u00e1n","datePublished":"2024-04-19T21:49:56+00:00","dateModified":"2024-04-19T22:11:46+00:00","mainEntityOfPage":{"@id":"https:\/\/www.sonoraenequipo.com.mx\/187911-2\/"},"wordCount":1111,"commentCount":0,"publisher":{"@id":"https:\/\/www.sonoraenequipo.com.mx\/#organization"},"image":{"@id":"https:\/\/www.sonoraenequipo.com.mx\/187911-2\/#primaryimage"},"thumbnailUrl":"https:\/\/www.sonoraenequipo.com.mx\/storage\/2024\/04\/isfahan.jpg","keywords":["guerra Israel Ir\u00e1n"],"articleSection":["MUNDO"],"inLanguage":"es","potentialAction":[{"@type":"CommentAction","name":"Comment","target":["https:\/\/www.sonoraenequipo.com.mx\/187911-2\/#respond"]}]},{"@type":"WebPage","@id":"https:\/\/www.sonoraenequipo.com.mx\/187911-2\/","url":"https:\/\/www.sonoraenequipo.com.mx\/187911-2\/","name":"Sonora en Equipo. Israel Ataca\u00a0 Isfahan en Ir\u00e1n MUNDO","isPartOf":{"@id":"https:\/\/www.sonoraenequipo.com.mx\/#website"},"primaryImageOfPage":{"@id":"https:\/\/www.sonoraenequipo.com.mx\/187911-2\/#primaryimage"},"image":{"@id":"https:\/\/www.sonoraenequipo.com.mx\/187911-2\/#primaryimage"},"thumbnailUrl":"https:\/\/www.sonoraenequipo.com.mx\/storage\/2024\/04\/isfahan.jpg","datePublished":"2024-04-19T21:49:56+00:00","dateModified":"2024-04-19T22:11:46+00:00","description":"Cu\u00e1l es la importancia estrat\u00e9gica de Isfah\u00e1n, la ciudad de Ir\u00e1n objetivo del ataque atribuido a Israel Famosa por sus palacios, mezquitas y minaretes de En Sonora en Equipo publicamos toda la informaci\u00f3n de Sonora, M\u00e9xico y el Mundo de manera oportuna y busca que la libertad de expresi\u00f3n sea real. Visita nuestro medio informativo publicado desde Hermosillo, Sonora. %","breadcrumb":{"@id":"https:\/\/www.sonoraenequipo.com.mx\/187911-2\/#breadcrumb"},"inLanguage":"es","potentialAction":[{"@type":"ReadAction","target":["https:\/\/www.sonoraenequipo.com.mx\/187911-2\/"]}]},{"@type":"ImageObject","inLanguage":"es","@id":"https:\/\/www.sonoraenequipo.com.mx\/187911-2\/#primaryimage","url":"https:\/\/www.sonoraenequipo.com.mx\/storage\/2024\/04\/isfahan.jpg","contentUrl":"https:\/\/www.sonoraenequipo.com.mx\/storage\/2024\/04\/isfahan.jpg","width":800,"height":450,"caption":"Isfah\u00e1n alberga instalaciones militares clave para Teher\u00e1n.Imagen Getty"},{"@type":"BreadcrumbList","@id":"https:\/\/www.sonoraenequipo.com.mx\/187911-2\/#breadcrumb","itemListElement":[{"@type":"ListItem","position":1,"name":"Portada","item":"https:\/\/www.sonoraenequipo.com.mx\/"},{"@type":"ListItem","position":2,"name":"Israel Ataca\u00a0 Isfahan en Ir\u00e1n"}]},{"@type":"WebSite","@id":"https:\/\/www.sonoraenequipo.com.mx\/#website","url":"https:\/\/www.sonoraenequipo.com.mx\/","name":"Sonora en Equipo.","description":"Diario en l\u00ednea con Noticias desde Hermosillo, Sonora","publisher":{"@id":"https:\/\/www.sonoraenequipo.com.mx\/#organization"},"potentialAction":[{"@type":"SearchAction","target":{"@type":"EntryPoint","urlTemplate":"https:\/\/www.sonoraenequipo.com.mx\/?s={search_term_string}"},"query-input":{"@type":"PropertyValueSpecification","valueRequired":true,"valueName":"search_term_string"}}],"inLanguage":"es"},{"@type":"Organization","@id":"https:\/\/www.sonoraenequipo.com.mx\/#organization","name":"Sonoraenequipo.com.mx","url":"https:\/\/www.sonoraenequipo.com.mx\/","logo":{"@type":"ImageObject","inLanguage":"es","@id":"https:\/\/www.sonoraenequipo.com.mx\/#\/schema\/logo\/image\/","url":"https:\/\/www.sonoraenequipo.com.mx\/storage\/2019\/01\/sonoraenequipo_opt.png","contentUrl":"https:\/\/www.sonoraenequipo.com.mx\/storage\/2019\/01\/sonoraenequipo_opt.png","width":375,"height":125,"caption":"Sonoraenequipo.com.mx"},"image":{"@id":"https:\/\/www.sonoraenequipo.com.mx\/#\/schema\/logo\/image\/"},"sameAs":["https:\/\/www.facebook.com\/SonoraEE\/","https:\/\/x.com\/sonoraenequipo","https:\/\/www.youtube.com\/channel\/UC338nW-lPEYmJQs4ZABQ1SQ"]},{"@type":"Person","@id":"https:\/\/www.sonoraenequipo.com.mx\/#\/schema\/person\/50102df0fb23a8fa9e8effad8fa81386","name":"enequipo","image":{"@type":"ImageObject","inLanguage":"es","@id":"https:\/\/www.sonoraenequipo.com.mx\/#\/schema\/person\/image\/","url":"https:\/\/secure.gravatar.com\/avatar\/049821681b589dabc0bc20695993ccebb09f5b5d4d790cd9251b97faac7c652b?s=96&d=blank&r=g","contentUrl":"https:\/\/secure.gravatar.com\/avatar\/049821681b589dabc0bc20695993ccebb09f5b5d4d790cd9251b97faac7c652b?s=96&d=blank&r=g","caption":"enequipo"},"sameAs":["https:\/\/www.facebook.com\/SonoraEE"]}]}},"jetpack_featured_media_url":"https:\/\/www.sonoraenequipo.com.mx\/storage\/2024\/04\/isfahan.jpg","_links":{"self":[{"href":"https:\/\/www.sonoraenequipo.com.mx\/api\/wp\/v2\/posts\/187911","targetHints":{"allow":["GET"]}}],"collection":[{"href":"https:\/\/www.sonoraenequipo.com.mx\/api\/wp\/v2\/posts"}],"about":[{"href":"https:\/\/www.sonoraenequipo.com.mx\/api\/wp\/v2\/types\/post"}],"author":[{"embeddable":true,"href":"https:\/\/www.sonoraenequipo.com.mx\/api\/wp\/v2\/users\/1"}],"replies":[{"embeddable":true,"href":"https:\/\/www.sonoraenequipo.com.mx\/api\/wp\/v2\/comments?post=187911"}],"version-history":[{"count":2,"href":"https:\/\/www.sonoraenequipo.com.mx\/api\/wp\/v2\/posts\/187911\/revisions"}],"predecessor-version":[{"id":187915,"href":"https:\/\/www.sonoraenequipo.com.mx\/api\/wp\/v2\/posts\/187911\/revisions\/187915"}],"wp:featuredmedia":[{"embeddable":true,"href":"https:\/\/www.sonoraenequipo.com.mx\/api\/wp\/v2\/media\/187912"}],"wp:attachment":[{"href":"https:\/\/www.sonoraenequipo.com.mx\/api\/wp\/v2\/media?parent=187911"}],"wp:term":[{"taxonomy":"category","embeddable":true,"href":"https:\/\/www.sonoraenequipo.com.mx\/api\/wp\/v2\/categories?post=187911"},{"taxonomy":"post_tag","embeddable":true,"href":"https:\/\/www.sonoraenequipo.com.mx\/api\/wp\/v2\/tags?post=187911"}],"curies":[{"name":"wp","href":"https:\/\/api.w.org\/{rel}","templated":true}]}}