{"id":187916,"date":"2024-04-19T10:15:29","date_gmt":"2024-04-19T17:15:29","guid":{"rendered":"https:\/\/www.sonoraenequipo.com.mx\/?p=187916"},"modified":"2024-04-19T15:41:10","modified_gmt":"2024-04-19T22:41:10","slug":"la-corte-de-nueva-york-completa-el-jurado-para-iniciar-el-juicio-criminal-contra-trump","status":"publish","type":"post","link":"https:\/\/www.sonoraenequipo.com.mx\/la-corte-de-nueva-york-completa-el-jurado-para-iniciar-el-juicio-criminal-contra-trump\/","title":{"rendered":"La corte de Nueva York completa el jurado para iniciar el juicio criminal contra Trump"},"content":{"rendered":"<p><strong>MANHATAN, NUEVA YORK. ESTADOS UNIDOS. \u2014<\/strong> La selecci\u00f3n del jurado para el juicio criminal contra el expresidente Donald Trump en Nueva York se ha completado este viernes con la elecci\u00f3n de 12 miembros y seis suplentes, dejando listo el proceso para las declaraciones de apertura el pr\u00f3ximo lunes. Casi al mismo tiempo que se conoc\u00eda la noticia, una persona fue evacuada del \u00e1rea acordonada para protestas frente al tribunal tras aparentemente prenderse fuego en circunstancias que a\u00fan se desconocen.<\/p>\n<p>&nbsp;<\/p>\n<p> <\/p>\n<p>El incidente, que sucedi\u00f3 cerca de la 1:30 de la tarde (hora de la costa Este) dentro de un \u00e1rea reservada para manifestantes, fue el momento tr\u00e1gico de un intenso d\u00eda dentro de la sala del tribunal, donde dos jurados rompieron en llanto y tres fueron excusados tras expresar ansiedad por formar parte del caso.<\/p>\n<p>&nbsp;<\/p>\n<p>&nbsp;<\/p>\n<p>En una rueda de prensa posterior la polic\u00eda identific\u00f3 al hombre que se prendi\u00f3 fuego como Maxwell Azzarello, de St. Augustine, Florida, y dijo que est\u00e1 vivo pero en estado cr\u00edtico en un hospital. Adem\u00e1s, cuatro agentes resultaron heridos leves durante el incidente.<\/p>\n<p>&nbsp;<\/p>\n<p><em><strong>\u201cTenemos nuestro panel completo\u201d<\/strong><\/em>, declar\u00f3 el juez Juan Merchan despu\u00e9s de que se seleccionara al \u00faltimo de los seis suplentes que servir\u00e1n junto al panel de 12 jurados. Los 12 jurados, y un miembro suplente, hab\u00edan sido elegidos al final de la jornada del jueves.<\/p>\n<p>&nbsp;<\/p>\n<p>&nbsp;<\/p>\n<p>Entre los cinco suplentes elegidos el viernes figuran una mujer casada, desempleada, aficionada al arte y que se describe como no pol\u00edtica, un profesional del sonido, un especialista en contratos, un ejecutivo de una empresa de ropa y un director de proyectos de una empresa de construcci\u00f3n.<\/p>\n<p>&nbsp;<\/p>\n<p>&nbsp;<\/p>\n<p>El d\u00eda comenz\u00f3 con el juez llamando a los 22 jurados potenciales restantes del grupo previo de 96 para que respondieran a preguntas dise\u00f1adas para indicar si podr\u00edan ser justos e imparciales sobre el divisivo magnate inmobiliario y presunto candidato republicano a la presidencia.<\/p>\n<p>&nbsp;<\/p>\n<p>&nbsp;<\/p>\n<p>[El juez Merchan advierte a Trump que si falta al juicio en su contra se emitir\u00e1 una orden de arresto]<\/p>\n<p>&nbsp;<\/p>\n<p>PUBLICADO EL 19 DE ABRIL DE 2024\/ Con informaci\u00f3n de NBC News)<\/p>\n","protected":false},"excerpt":{"rendered":"<p>MANHATAN, NUEVA YORK. ESTADOS UNIDOS. \u2014 La selecci\u00f3n del jurado para el juicio criminal contra&#8230;<\/p>\n","protected":false},"author":1,"featured_media":187920,"comment_status":"open","ping_status":"open","sticky":false,"template":"","format":"standard","meta":{"_monsterinsights_skip_tracking":false,"_monsterinsights_sitenote_active":false,"_monsterinsights_sitenote_note":"","_monsterinsights_sitenote_category":0,"footnotes":""},"categories":[3],"tags":[],"class_list":["post"],"yoast_head":" \n<title>Sonora en Equipo. La corte de Nueva York completa el jurado para iniciar el juicio criminal contra Trump MUNDO<\/title>\n<meta name=\"description\" content=\"MANHATAN, NUEVA YORK. ESTADOS UNIDOS. \u2014 La selecci\u00f3n del jurado para el juicio criminal contra el expresidente Donald Trump en Nueva York se ha completado En Sonora en Equipo publicamos toda la informaci\u00f3n de Sonora, M\u00e9xico y el Mundo de manera oportuna y busca que la libertad de expresi\u00f3n sea real. Visita nuestro medio informativo publicado desde Hermosillo, Sonora. %\" \/>\n<meta name=\"robots\" content=\"index, follow, max-snippet:-1, max-image-preview:large, max-video-preview:-1\" \/>\n<link rel=\"canonical\" href=\"https:\/\/www.sonoraenequipo.com.mx\/la-corte-de-nueva-york-completa-el-jurado-para-iniciar-el-juicio-criminal-contra-trump\/\" \/>\n<meta property=\"og:locale\" content=\"es_ES\" \/>\n<meta property=\"og:type\" content=\"article\" \/>\n<meta property=\"og:title\" content=\"Sonora en Equipo. La corte de Nueva York completa el jurado para iniciar el juicio criminal contra Trump MUNDO\" \/>\n<meta property=\"og:description\" content=\"MANHATAN, NUEVA YORK. ESTADOS UNIDOS. \u2014 La selecci\u00f3n del jurado para el juicio criminal contra el expresidente Donald Trump en Nueva York se ha completado En Sonora en Equipo publicamos toda la informaci\u00f3n de Sonora, M\u00e9xico y el Mundo de manera oportuna y busca que la libertad de expresi\u00f3n sea real. Visita nuestro medio informativo publicado desde Hermosillo, Sonora. %\" \/>\n<meta property=\"og:url\" content=\"https:\/\/www.sonoraenequipo.com.mx\/la-corte-de-nueva-york-completa-el-jurado-para-iniciar-el-juicio-criminal-contra-trump\/\" \/>\n<meta property=\"og:site_name\" content=\"Sonora en Equipo.\" \/>\n<meta property=\"article:publisher\" content=\"https:\/\/www.facebook.com\/SonoraEE\/\" \/>\n<meta property=\"article:author\" content=\"https:\/\/www.facebook.com\/SonoraEE\" \/>\n<meta property=\"article:published_time\" content=\"2024-04-19T17:15:29+00:00\" \/>\n<meta property=\"article:modified_time\" content=\"2024-04-19T22:41:10+00:00\" \/>\n<meta property=\"og:image\" content=\"https:\/\/www.sonoraenequipo.com.mx\/storage\/2024\/04\/juicio-de-Trump-min.jpg\" \/>\n\t<meta property=\"og:image:width\" content=\"1200\" \/>\n\t<meta property=\"og:image:height\" content=\"630\" \/>\n\t<meta property=\"og:image:type\" content=\"image\/jpeg\" \/>\n<meta name=\"author\" content=\"enequipo\" \/>\n<meta name=\"twitter:card\" content=\"summary_large_image\" \/>\n<meta name=\"twitter:creator\" content=\"@sonoraenequipo\" \/>\n<meta name=\"twitter:site\" content=\"@sonoraenequipo\" \/>\n<meta name=\"twitter:label1\" content=\"Escrito por\" \/>\n\t<meta name=\"twitter:data1\" content=\"enequipo\" \/>\n\t<meta name=\"twitter:label2\" content=\"Tiempo de lectura\" \/>\n\t<meta name=\"twitter:data2\" content=\"2 minutos\" \/>\n<script type=\"application\/ld+json\" class=\"yoast-schema-graph\">{\"@context\":\"https:\/\/schema.org\",\"@graph\":[{\"@type\":\"Article\",\"@id\":\"https:\/\/www.sonoraenequipo.com.mx\/la-corte-de-nueva-york-completa-el-jurado-para-iniciar-el-juicio-criminal-contra-trump\/#article\",\"isPartOf\":{\"@id\":\"https:\/\/www.sonoraenequipo.com.mx\/la-corte-de-nueva-york-completa-el-jurado-para-iniciar-el-juicio-criminal-contra-trump\/\"},\"author\":{\"name\":\"enequipo\",\"@id\":\"https:\/\/www.sonoraenequipo.com.mx\/#\/schema\/person\/50102df0fb23a8fa9e8effad8fa81386\"},\"headline\":\"La corte de Nueva York completa el jurado para iniciar el juicio criminal contra Trump\",\"datePublished\":\"2024-04-19T17:15:29+00:00\",\"dateModified\":\"2024-04-19T22:41:10+00:00\",\"mainEntityOfPage\":{\"@id\":\"https:\/\/www.sonoraenequipo.com.mx\/la-corte-de-nueva-york-completa-el-jurado-para-iniciar-el-juicio-criminal-contra-trump\/\"},\"wordCount\":381,\"commentCount\":0,\"publisher\":{\"@id\":\"https:\/\/www.sonoraenequipo.com.mx\/#organization\"},\"image\":{\"@id\":\"https:\/\/www.sonoraenequipo.com.mx\/la-corte-de-nueva-york-completa-el-jurado-para-iniciar-el-juicio-criminal-contra-trump\/#primaryimage\"},\"thumbnailUrl\":\"https:\/\/www.sonoraenequipo.com.mx\/storage\/2024\/04\/juicio-de-Trump-min.jpg\",\"articleSection\":[\"MUNDO\"],\"inLanguage\":\"es\",\"potentialAction\":[{\"@type\":\"CommentAction\",\"name\":\"Comment\",\"target\":[\"https:\/\/www.sonoraenequipo.com.mx\/la-corte-de-nueva-york-completa-el-jurado-para-iniciar-el-juicio-criminal-contra-trump\/#respond\"]}]},{\"@type\":\"WebPage\",\"@id\":\"https:\/\/www.sonoraenequipo.com.mx\/la-corte-de-nueva-york-completa-el-jurado-para-iniciar-el-juicio-criminal-contra-trump\/\",\"url\":\"https:\/\/www.sonoraenequipo.com.mx\/la-corte-de-nueva-york-completa-el-jurado-para-iniciar-el-juicio-criminal-contra-trump\/\",\"name\":\"Sonora en Equipo. La corte de Nueva York completa el jurado para iniciar el juicio criminal contra Trump MUNDO\",\"isPartOf\":{\"@id\":\"https:\/\/www.sonoraenequipo.com.mx\/#website\"},\"primaryImageOfPage\":{\"@id\":\"https:\/\/www.sonoraenequipo.com.mx\/la-corte-de-nueva-york-completa-el-jurado-para-iniciar-el-juicio-criminal-contra-trump\/#primaryimage\"},\"image\":{\"@id\":\"https:\/\/www.sonoraenequipo.com.mx\/la-corte-de-nueva-york-completa-el-jurado-para-iniciar-el-juicio-criminal-contra-trump\/#primaryimage\"},\"thumbnailUrl\":\"https:\/\/www.sonoraenequipo.com.mx\/storage\/2024\/04\/juicio-de-Trump-min.jpg\",\"datePublished\":\"2024-04-19T17:15:29+00:00\",\"dateModified\":\"2024-04-19T22:41:10+00:00\",\"description\":\"MANHATAN, NUEVA YORK. ESTADOS UNIDOS. \u2014 La selecci\u00f3n del jurado para el juicio criminal contra el expresidente Donald Trump en Nueva York se ha completado En Sonora en Equipo publicamos toda la informaci\u00f3n de Sonora, M\u00e9xico y el Mundo de manera oportuna y busca que la libertad de expresi\u00f3n sea real. Visita nuestro medio informativo publicado desde Hermosillo, Sonora. %\",\"breadcrumb\":{\"@id\":\"https:\/\/www.sonoraenequipo.com.mx\/la-corte-de-nueva-york-completa-el-jurado-para-iniciar-el-juicio-criminal-contra-trump\/#breadcrumb\"},\"inLanguage\":\"es\",\"potentialAction\":[{\"@type\":\"ReadAction\",\"target\":[\"https:\/\/www.sonoraenequipo.com.mx\/la-corte-de-nueva-york-completa-el-jurado-para-iniciar-el-juicio-criminal-contra-trump\/\"]}]},{\"@type\":\"ImageObject\",\"inLanguage\":\"es\",\"@id\":\"https:\/\/www.sonoraenequipo.com.mx\/la-corte-de-nueva-york-completa-el-jurado-para-iniciar-el-juicio-criminal-contra-trump\/#primaryimage\",\"url\":\"https:\/\/www.sonoraenequipo.com.mx\/storage\/2024\/04\/juicio-de-Trump-min.jpg\",\"contentUrl\":\"https:\/\/www.sonoraenequipo.com.mx\/storage\/2024\/04\/juicio-de-Trump-min.jpg\",\"width\":1200,\"height\":630},{\"@type\":\"BreadcrumbList\",\"@id\":\"https:\/\/www.sonoraenequipo.com.mx\/la-corte-de-nueva-york-completa-el-jurado-para-iniciar-el-juicio-criminal-contra-trump\/#breadcrumb\",\"itemListElement\":[{\"@type\":\"ListItem\",\"position\":1,\"name\":\"Portada\",\"item\":\"https:\/\/www.sonoraenequipo.com.mx\/\"},{\"@type\":\"ListItem\",\"position\":2,\"name\":\"La corte de Nueva York completa el jurado para iniciar el juicio criminal contra Trump\"}]},{\"@type\":\"WebSite\",\"@id\":\"https:\/\/www.sonoraenequipo.com.mx\/#website\",\"url\":\"https:\/\/www.sonoraenequipo.com.mx\/\",\"name\":\"Sonora en Equipo.\",\"description\":\"Diario en l\u00ednea con Noticias desde Hermosillo, Sonora\",\"publisher\":{\"@id\":\"https:\/\/www.sonoraenequipo.com.mx\/#organization\"},\"potentialAction\":[{\"@type\":\"SearchAction\",\"target\":{\"@type\":\"EntryPoint\",\"urlTemplate\":\"https:\/\/www.sonoraenequipo.com.mx\/?s={search_term_string}\"},\"query-input\":{\"@type\":\"PropertyValueSpecification\",\"valueRequired\":true,\"valueName\":\"search_term_string\"}}],\"inLanguage\":\"es\"},{\"@type\":\"Organization\",\"@id\":\"https:\/\/www.sonoraenequipo.com.mx\/#organization\",\"name\":\"Sonoraenequipo.com.mx\",\"url\":\"https:\/\/www.sonoraenequipo.com.mx\/\",\"logo\":{\"@type\":\"ImageObject\",\"inLanguage\":\"es\",\"@id\":\"https:\/\/www.sonoraenequipo.com.mx\/#\/schema\/logo\/image\/\",\"url\":\"https:\/\/www.sonoraenequipo.com.mx\/storage\/2019\/01\/sonoraenequipo_opt.png\",\"contentUrl\":\"https:\/\/www.sonoraenequipo.com.mx\/storage\/2019\/01\/sonoraenequipo_opt.png\",\"width\":375,\"height\":125,\"caption\":\"Sonoraenequipo.com.mx\"},\"image\":{\"@id\":\"https:\/\/www.sonoraenequipo.com.mx\/#\/schema\/logo\/image\/\"},\"sameAs\":[\"https:\/\/www.facebook.com\/SonoraEE\/\",\"https:\/\/x.com\/sonoraenequipo\",\"https:\/\/www.youtube.com\/channel\/UC338nW-lPEYmJQs4ZABQ1SQ\"]},{\"@type\":\"Person\",\"@id\":\"https:\/\/www.sonoraenequipo.com.mx\/#\/schema\/person\/50102df0fb23a8fa9e8effad8fa81386\",\"name\":\"enequipo\",\"image\":{\"@type\":\"ImageObject\",\"inLanguage\":\"es\",\"@id\":\"https:\/\/www.sonoraenequipo.com.mx\/#\/schema\/person\/image\/\",\"url\":\"https:\/\/secure.gravatar.com\/avatar\/049821681b589dabc0bc20695993ccebb09f5b5d4d790cd9251b97faac7c652b?s=96&d=blank&r=g\",\"contentUrl\":\"https:\/\/secure.gravatar.com\/avatar\/049821681b589dabc0bc20695993ccebb09f5b5d4d790cd9251b97faac7c652b?s=96&d=blank&r=g\",\"caption\":\"enequipo\"},\"sameAs\":[\"https:\/\/www.facebook.com\/SonoraEE\"]}]}<\/script>\n ","yoast_head_json":{"title":"Sonora en Equipo. La corte de Nueva York completa el jurado para iniciar el juicio criminal contra Trump MUNDO","description":"MANHATAN, NUEVA YORK. ESTADOS UNIDOS. \u2014 La selecci\u00f3n del jurado para el juicio criminal contra el expresidente Donald Trump en Nueva York se ha completado En Sonora en Equipo publicamos toda la informaci\u00f3n de Sonora, M\u00e9xico y el Mundo de manera oportuna y busca que la libertad de expresi\u00f3n sea real. Visita nuestro medio informativo publicado desde Hermosillo, Sonora. %","robots":{"index":"index","follow":"follow","max-snippet":"max-snippet:-1","max-image-preview":"max-image-preview:large","max-video-preview":"max-video-preview:-1"},"canonical":"https:\/\/www.sonoraenequipo.com.mx\/la-corte-de-nueva-york-completa-el-jurado-para-iniciar-el-juicio-criminal-contra-trump\/","og_locale":"es_ES","og_type":"article","og_title":"Sonora en Equipo. La corte de Nueva York completa el jurado para iniciar el juicio criminal contra Trump MUNDO","og_description":"MANHATAN, NUEVA YORK. ESTADOS UNIDOS. \u2014 La selecci\u00f3n del jurado para el juicio criminal contra el expresidente Donald Trump en Nueva York se ha completado En Sonora en Equipo publicamos toda la informaci\u00f3n de Sonora, M\u00e9xico y el Mundo de manera oportuna y busca que la libertad de expresi\u00f3n sea real. Visita nuestro medio informativo publicado desde Hermosillo, Sonora. %","og_url":"https:\/\/www.sonoraenequipo.com.mx\/la-corte-de-nueva-york-completa-el-jurado-para-iniciar-el-juicio-criminal-contra-trump\/","og_site_name":"Sonora en Equipo.","article_publisher":"https:\/\/www.facebook.com\/SonoraEE\/","article_author":"https:\/\/www.facebook.com\/SonoraEE","article_published_time":"2024-04-19T17:15:29+00:00","article_modified_time":"2024-04-19T22:41:10+00:00","og_image":[{"width":1200,"height":630,"url":"https:\/\/www.sonoraenequipo.com.mx\/storage\/2024\/04\/juicio-de-Trump-min.jpg","type":"image\/jpeg"}],"author":"enequipo","twitter_card":"summary_large_image","twitter_creator":"@sonoraenequipo","twitter_site":"@sonoraenequipo","twitter_misc":{"Escrito por":"enequipo","Tiempo de lectura":"2 minutos"},"schema":{"@context":"https:\/\/schema.org","@graph":[{"@type":"Article","@id":"https:\/\/www.sonoraenequipo.com.mx\/la-corte-de-nueva-york-completa-el-jurado-para-iniciar-el-juicio-criminal-contra-trump\/#article","isPartOf":{"@id":"https:\/\/www.sonoraenequipo.com.mx\/la-corte-de-nueva-york-completa-el-jurado-para-iniciar-el-juicio-criminal-contra-trump\/"},"author":{"name":"enequipo","@id":"https:\/\/www.sonoraenequipo.com.mx\/#\/schema\/person\/50102df0fb23a8fa9e8effad8fa81386"},"headline":"La corte de Nueva York completa el jurado para iniciar el juicio criminal contra Trump","datePublished":"2024-04-19T17:15:29+00:00","dateModified":"2024-04-19T22:41:10+00:00","mainEntityOfPage":{"@id":"https:\/\/www.sonoraenequipo.com.mx\/la-corte-de-nueva-york-completa-el-jurado-para-iniciar-el-juicio-criminal-contra-trump\/"},"wordCount":381,"commentCount":0,"publisher":{"@id":"https:\/\/www.sonoraenequipo.com.mx\/#organization"},"image":{"@id":"https:\/\/www.sonoraenequipo.com.mx\/la-corte-de-nueva-york-completa-el-jurado-para-iniciar-el-juicio-criminal-contra-trump\/#primaryimage"},"thumbnailUrl":"https:\/\/www.sonoraenequipo.com.mx\/storage\/2024\/04\/juicio-de-Trump-min.jpg","articleSection":["MUNDO"],"inLanguage":"es","potentialAction":[{"@type":"CommentAction","name":"Comment","target":["https:\/\/www.sonoraenequipo.com.mx\/la-corte-de-nueva-york-completa-el-jurado-para-iniciar-el-juicio-criminal-contra-trump\/#respond"]}]},{"@type":"WebPage","@id":"https:\/\/www.sonoraenequipo.com.mx\/la-corte-de-nueva-york-completa-el-jurado-para-iniciar-el-juicio-criminal-contra-trump\/","url":"https:\/\/www.sonoraenequipo.com.mx\/la-corte-de-nueva-york-completa-el-jurado-para-iniciar-el-juicio-criminal-contra-trump\/","name":"Sonora en Equipo. La corte de Nueva York completa el jurado para iniciar el juicio criminal contra Trump MUNDO","isPartOf":{"@id":"https:\/\/www.sonoraenequipo.com.mx\/#website"},"primaryImageOfPage":{"@id":"https:\/\/www.sonoraenequipo.com.mx\/la-corte-de-nueva-york-completa-el-jurado-para-iniciar-el-juicio-criminal-contra-trump\/#primaryimage"},"image":{"@id":"https:\/\/www.sonoraenequipo.com.mx\/la-corte-de-nueva-york-completa-el-jurado-para-iniciar-el-juicio-criminal-contra-trump\/#primaryimage"},"thumbnailUrl":"https:\/\/www.sonoraenequipo.com.mx\/storage\/2024\/04\/juicio-de-Trump-min.jpg","datePublished":"2024-04-19T17:15:29+00:00","dateModified":"2024-04-19T22:41:10+00:00","description":"MANHATAN, NUEVA YORK. ESTADOS UNIDOS. \u2014 La selecci\u00f3n del jurado para el juicio criminal contra el expresidente Donald Trump en Nueva York se ha completado En Sonora en Equipo publicamos toda la informaci\u00f3n de Sonora, M\u00e9xico y el Mundo de manera oportuna y busca que la libertad de expresi\u00f3n sea real. Visita nuestro medio informativo publicado desde Hermosillo, Sonora. %","breadcrumb":{"@id":"https:\/\/www.sonoraenequipo.com.mx\/la-corte-de-nueva-york-completa-el-jurado-para-iniciar-el-juicio-criminal-contra-trump\/#breadcrumb"},"inLanguage":"es","potentialAction":[{"@type":"ReadAction","target":["https:\/\/www.sonoraenequipo.com.mx\/la-corte-de-nueva-york-completa-el-jurado-para-iniciar-el-juicio-criminal-contra-trump\/"]}]},{"@type":"ImageObject","inLanguage":"es","@id":"https:\/\/www.sonoraenequipo.com.mx\/la-corte-de-nueva-york-completa-el-jurado-para-iniciar-el-juicio-criminal-contra-trump\/#primaryimage","url":"https:\/\/www.sonoraenequipo.com.mx\/storage\/2024\/04\/juicio-de-Trump-min.jpg","contentUrl":"https:\/\/www.sonoraenequipo.com.mx\/storage\/2024\/04\/juicio-de-Trump-min.jpg","width":1200,"height":630},{"@type":"BreadcrumbList","@id":"https:\/\/www.sonoraenequipo.com.mx\/la-corte-de-nueva-york-completa-el-jurado-para-iniciar-el-juicio-criminal-contra-trump\/#breadcrumb","itemListElement":[{"@type":"ListItem","position":1,"name":"Portada","item":"https:\/\/www.sonoraenequipo.com.mx\/"},{"@type":"ListItem","position":2,"name":"La corte de Nueva York completa el jurado para iniciar el juicio criminal contra Trump"}]},{"@type":"WebSite","@id":"https:\/\/www.sonoraenequipo.com.mx\/#website","url":"https:\/\/www.sonoraenequipo.com.mx\/","name":"Sonora en Equipo.","description":"Diario en l\u00ednea con Noticias desde Hermosillo, Sonora","publisher":{"@id":"https:\/\/www.sonoraenequipo.com.mx\/#organization"},"potentialAction":[{"@type":"SearchAction","target":{"@type":"EntryPoint","urlTemplate":"https:\/\/www.sonoraenequipo.com.mx\/?s={search_term_string}"},"query-input":{"@type":"PropertyValueSpecification","valueRequired":true,"valueName":"search_term_string"}}],"inLanguage":"es"},{"@type":"Organization","@id":"https:\/\/www.sonoraenequipo.com.mx\/#organization","name":"Sonoraenequipo.com.mx","url":"https:\/\/www.sonoraenequipo.com.mx\/","logo":{"@type":"ImageObject","inLanguage":"es","@id":"https:\/\/www.sonoraenequipo.com.mx\/#\/schema\/logo\/image\/","url":"https:\/\/www.sonoraenequipo.com.mx\/storage\/2019\/01\/sonoraenequipo_opt.png","contentUrl":"https:\/\/www.sonoraenequipo.com.mx\/storage\/2019\/01\/sonoraenequipo_opt.png","width":375,"height":125,"caption":"Sonoraenequipo.com.mx"},"image":{"@id":"https:\/\/www.sonoraenequipo.com.mx\/#\/schema\/logo\/image\/"},"sameAs":["https:\/\/www.facebook.com\/SonoraEE\/","https:\/\/x.com\/sonoraenequipo","https:\/\/www.youtube.com\/channel\/UC338nW-lPEYmJQs4ZABQ1SQ"]},{"@type":"Person","@id":"https:\/\/www.sonoraenequipo.com.mx\/#\/schema\/person\/50102df0fb23a8fa9e8effad8fa81386","name":"enequipo","image":{"@type":"ImageObject","inLanguage":"es","@id":"https:\/\/www.sonoraenequipo.com.mx\/#\/schema\/person\/image\/","url":"https:\/\/secure.gravatar.com\/avatar\/049821681b589dabc0bc20695993ccebb09f5b5d4d790cd9251b97faac7c652b?s=96&d=blank&r=g","contentUrl":"https:\/\/secure.gravatar.com\/avatar\/049821681b589dabc0bc20695993ccebb09f5b5d4d790cd9251b97faac7c652b?s=96&d=blank&r=g","caption":"enequipo"},"sameAs":["https:\/\/www.facebook.com\/SonoraEE"]}]}},"jetpack_featured_media_url":"https:\/\/www.sonoraenequipo.com.mx\/storage\/2024\/04\/juicio-de-Trump-min.jpg","_links":{"self":[{"href":"https:\/\/www.sonoraenequipo.com.mx\/api\/wp\/v2\/posts\/187916","targetHints":{"allow":["GET"]}}],"collection":[{"href":"https:\/\/www.sonoraenequipo.com.mx\/api\/wp\/v2\/posts"}],"about":[{"href":"https:\/\/www.sonoraenequipo.com.mx\/api\/wp\/v2\/types\/post"}],"author":[{"embeddable":true,"href":"https:\/\/www.sonoraenequipo.com.mx\/api\/wp\/v2\/users\/1"}],"replies":[{"embeddable":true,"href":"https:\/\/www.sonoraenequipo.com.mx\/api\/wp\/v2\/comments?post=187916"}],"version-history":[{"count":1,"href":"https:\/\/www.sonoraenequipo.com.mx\/api\/wp\/v2\/posts\/187916\/revisions"}],"predecessor-version":[{"id":187921,"href":"https:\/\/www.sonoraenequipo.com.mx\/api\/wp\/v2\/posts\/187916\/revisions\/187921"}],"wp:featuredmedia":[{"embeddable":true,"href":"https:\/\/www.sonoraenequipo.com.mx\/api\/wp\/v2\/media\/187920"}],"wp:attachment":[{"href":"https:\/\/www.sonoraenequipo.com.mx\/api\/wp\/v2\/media?parent=187916"}],"wp:term":[{"taxonomy":"category","embeddable":true,"href":"https:\/\/www.sonoraenequipo.com.mx\/api\/wp\/v2\/categories?post=187916"},{"taxonomy":"post_tag","embeddable":true,"href":"https:\/\/www.sonoraenequipo.com.mx\/api\/wp\/v2\/tags?post=187916"}],"curies":[{"name":"wp","href":"https:\/\/api.w.org\/{rel}","templated":true}]}}