{"id":187917,"date":"2024-04-19T15:34:06","date_gmt":"2024-04-19T22:34:06","guid":{"rendered":"https:\/\/www.sonoraenequipo.com.mx\/?p=187917"},"modified":"2024-04-19T15:34:06","modified_gmt":"2024-04-19T22:34:06","slug":"amplia-creson-su-oferta-educativa-con-licenciatura-en-educacion-inicial","status":"publish","type":"post","link":"https:\/\/www.sonoraenequipo.com.mx\/amplia-creson-su-oferta-educativa-con-licenciatura-en-educacion-inicial\/","title":{"rendered":"Ampl\u00eda Creson su oferta educativa con licenciatura en Educaci\u00f3n Inicial"},"content":{"rendered":"<p><strong>HERMOSILLO, SONORA, MX.\u02d7\u02d7\u02d7 P<\/strong>ara responder a la demanda de profesionistas con preparaci\u00f3n para atender a beb\u00e9s e infantes, el Centro Regional de Formaci\u00f3n Profesional Docente de Sonora (Creson), ofrecer\u00e1 a partir del pr\u00f3ximo ciclo escolar la licenciatura en Educaci\u00f3n Inicial.<\/p>\n<p>&nbsp;<\/p>\n<p>&nbsp;<\/p>\n<p>&nbsp;<\/p>\n<p>En una primera etapa, la carrera se impartir\u00e1 en la Benem\u00e9rita y Centenaria Escuela Normal del Estado de Sonora \u201cProf. Jes\u00fas Manuel Bustamante Mungarro\u201d, en Hermosillo, con 25 espacios disponibles para conformar la primera generaci\u00f3n.<\/p>\n<p>&nbsp;<\/p>\n<p>&nbsp;<\/p>\n<p>&nbsp;<\/p>\n<p>La nueva licenciatura se alinea con la Nueva Escuela Mexicana y con la Ley General de Educaci\u00f3n, misma que reconoce la educaci\u00f3n inicial como un derecho de la ni\u00f1ez y establece la responsabilidad del Estado Mexicano de generar las condiciones para la prestaci\u00f3n universal de ese servicio.<\/p>\n<p>&nbsp;<\/p>\n<p>&nbsp;<\/p>\n<p>&nbsp;<\/p>\n<p>Al igual que en el resto de las instituciones normalistas, las y los interesados en cursar la carrera de Educaci\u00f3n Inicial deber\u00e1n contar con una edad m\u00e1xima de 25 a\u00f1os al 31 de diciembre de 2024 y cumplir con los requisitos que establece la convocatoria, disponible en creson.sonora.gob.mx<\/p>\n<p>&nbsp;<\/p>\n<p>&nbsp;<\/p>\n<p>&nbsp;<\/p>\n<p>Con esta opci\u00f3n, la oferta acad\u00e9mica de las escuelas normales de Sonora se ampl\u00eda a 12 licenciaturas, sum\u00e1ndose a carreras como Educaci\u00f3n Preescolar, Educaci\u00f3n Primaria, Educaci\u00f3n Especial, Educaci\u00f3n F\u00edsica y Ense\u00f1anza y Aprendizaje en Secundaria, entre otras.<\/p>\n<p><strong>Fecha de publicaci\u00f3n viernes 19 de abril \u00a0de 2024<\/strong><\/p>\n","protected":false},"excerpt":{"rendered":"<p>HERMOSILLO, SONORA, MX.\u02d7\u02d7\u02d7 Para responder a la demanda de profesionistas con preparaci\u00f3n para atender a&#8230;<\/p>\n","protected":false},"author":1,"featured_media":187918,"comment_status":"open","ping_status":"open","sticky":false,"template":"","format":"standard","meta":{"_monsterinsights_skip_tracking":false,"_monsterinsights_sitenote_active":false,"_monsterinsights_sitenote_note":"","_monsterinsights_sitenote_category":0,"footnotes":""},"categories":[22],"tags":[],"class_list":["post"],"yoast_head":" \n<title>Sonora en Equipo. Ampl\u00eda Creson su oferta educativa con licenciatura en Educaci\u00f3n Inicial Sonora<\/title>\n<meta name=\"description\" content=\"HERMOSILLO, SONORA, MX.\u02d7\u02d7\u02d7 Para responder a la demanda de profesionistas con preparaci\u00f3n para atender a beb\u00e9s e infantes, el Centro Regional de Formaci\u00f3n En Sonora en Equipo publicamos toda la informaci\u00f3n de Sonora, M\u00e9xico y el Mundo de manera oportuna y busca que la libertad de expresi\u00f3n sea real. Visita nuestro medio informativo publicado desde Hermosillo, Sonora. %\" \/>\n<meta name=\"robots\" content=\"index, follow, max-snippet:-1, max-image-preview:large, max-video-preview:-1\" \/>\n<link rel=\"canonical\" href=\"https:\/\/www.sonoraenequipo.com.mx\/amplia-creson-su-oferta-educativa-con-licenciatura-en-educacion-inicial\/\" \/>\n<meta property=\"og:locale\" content=\"es_ES\" \/>\n<meta property=\"og:type\" content=\"article\" \/>\n<meta property=\"og:title\" content=\"Sonora en Equipo. Ampl\u00eda Creson su oferta educativa con licenciatura en Educaci\u00f3n Inicial Sonora\" \/>\n<meta property=\"og:description\" content=\"HERMOSILLO, SONORA, MX.\u02d7\u02d7\u02d7 Para responder a la demanda de profesionistas con preparaci\u00f3n para atender a beb\u00e9s e infantes, el Centro Regional de Formaci\u00f3n En Sonora en Equipo publicamos toda la informaci\u00f3n de Sonora, M\u00e9xico y el Mundo de manera oportuna y busca que la libertad de expresi\u00f3n sea real. Visita nuestro medio informativo publicado desde Hermosillo, Sonora. %\" \/>\n<meta property=\"og:url\" content=\"https:\/\/www.sonoraenequipo.com.mx\/amplia-creson-su-oferta-educativa-con-licenciatura-en-educacion-inicial\/\" \/>\n<meta property=\"og:site_name\" content=\"Sonora en Equipo.\" \/>\n<meta property=\"article:publisher\" content=\"https:\/\/www.facebook.com\/SonoraEE\/\" \/>\n<meta property=\"article:author\" content=\"https:\/\/www.facebook.com\/SonoraEE\" \/>\n<meta property=\"article:published_time\" content=\"2024-04-19T22:34:06+00:00\" \/>\n<meta property=\"og:image\" content=\"https:\/\/www.sonoraenequipo.com.mx\/storage\/2024\/04\/creson.jpg\" \/>\n\t<meta property=\"og:image:width\" content=\"800\" \/>\n\t<meta property=\"og:image:height\" content=\"534\" \/>\n\t<meta property=\"og:image:type\" content=\"image\/jpeg\" \/>\n<meta name=\"author\" content=\"enequipo\" \/>\n<meta name=\"twitter:card\" content=\"summary_large_image\" \/>\n<meta name=\"twitter:creator\" content=\"@sonoraenequipo\" \/>\n<meta name=\"twitter:site\" content=\"@sonoraenequipo\" \/>\n<meta name=\"twitter:label1\" content=\"Escrito por\" \/>\n\t<meta name=\"twitter:data1\" content=\"enequipo\" \/>\n\t<meta name=\"twitter:label2\" content=\"Tiempo de lectura\" \/>\n\t<meta name=\"twitter:data2\" content=\"1 minuto\" \/>\n<script type=\"application\/ld+json\" class=\"yoast-schema-graph\">{\"@context\":\"https:\/\/schema.org\",\"@graph\":[{\"@type\":\"Article\",\"@id\":\"https:\/\/www.sonoraenequipo.com.mx\/amplia-creson-su-oferta-educativa-con-licenciatura-en-educacion-inicial\/#article\",\"isPartOf\":{\"@id\":\"https:\/\/www.sonoraenequipo.com.mx\/amplia-creson-su-oferta-educativa-con-licenciatura-en-educacion-inicial\/\"},\"author\":{\"name\":\"enequipo\",\"@id\":\"https:\/\/www.sonoraenequipo.com.mx\/#\/schema\/person\/50102df0fb23a8fa9e8effad8fa81386\"},\"headline\":\"Ampl\u00eda Creson su oferta educativa con licenciatura en Educaci\u00f3n Inicial\",\"datePublished\":\"2024-04-19T22:34:06+00:00\",\"mainEntityOfPage\":{\"@id\":\"https:\/\/www.sonoraenequipo.com.mx\/amplia-creson-su-oferta-educativa-con-licenciatura-en-educacion-inicial\/\"},\"wordCount\":263,\"commentCount\":0,\"publisher\":{\"@id\":\"https:\/\/www.sonoraenequipo.com.mx\/#organization\"},\"image\":{\"@id\":\"https:\/\/www.sonoraenequipo.com.mx\/amplia-creson-su-oferta-educativa-con-licenciatura-en-educacion-inicial\/#primaryimage\"},\"thumbnailUrl\":\"https:\/\/www.sonoraenequipo.com.mx\/storage\/2024\/04\/creson.jpg\",\"articleSection\":[\"Sonora\"],\"inLanguage\":\"es\",\"potentialAction\":[{\"@type\":\"CommentAction\",\"name\":\"Comment\",\"target\":[\"https:\/\/www.sonoraenequipo.com.mx\/amplia-creson-su-oferta-educativa-con-licenciatura-en-educacion-inicial\/#respond\"]}]},{\"@type\":\"WebPage\",\"@id\":\"https:\/\/www.sonoraenequipo.com.mx\/amplia-creson-su-oferta-educativa-con-licenciatura-en-educacion-inicial\/\",\"url\":\"https:\/\/www.sonoraenequipo.com.mx\/amplia-creson-su-oferta-educativa-con-licenciatura-en-educacion-inicial\/\",\"name\":\"Sonora en Equipo. Ampl\u00eda Creson su oferta educativa con licenciatura en Educaci\u00f3n Inicial Sonora\",\"isPartOf\":{\"@id\":\"https:\/\/www.sonoraenequipo.com.mx\/#website\"},\"primaryImageOfPage\":{\"@id\":\"https:\/\/www.sonoraenequipo.com.mx\/amplia-creson-su-oferta-educativa-con-licenciatura-en-educacion-inicial\/#primaryimage\"},\"image\":{\"@id\":\"https:\/\/www.sonoraenequipo.com.mx\/amplia-creson-su-oferta-educativa-con-licenciatura-en-educacion-inicial\/#primaryimage\"},\"thumbnailUrl\":\"https:\/\/www.sonoraenequipo.com.mx\/storage\/2024\/04\/creson.jpg\",\"datePublished\":\"2024-04-19T22:34:06+00:00\",\"description\":\"HERMOSILLO, SONORA, MX.\u02d7\u02d7\u02d7 Para responder a la demanda de profesionistas con preparaci\u00f3n para atender a beb\u00e9s e infantes, el Centro Regional de Formaci\u00f3n En Sonora en Equipo publicamos toda la informaci\u00f3n de Sonora, M\u00e9xico y el Mundo de manera oportuna y busca que la libertad de expresi\u00f3n sea real. Visita nuestro medio informativo publicado desde Hermosillo, Sonora. %\",\"breadcrumb\":{\"@id\":\"https:\/\/www.sonoraenequipo.com.mx\/amplia-creson-su-oferta-educativa-con-licenciatura-en-educacion-inicial\/#breadcrumb\"},\"inLanguage\":\"es\",\"potentialAction\":[{\"@type\":\"ReadAction\",\"target\":[\"https:\/\/www.sonoraenequipo.com.mx\/amplia-creson-su-oferta-educativa-con-licenciatura-en-educacion-inicial\/\"]}]},{\"@type\":\"ImageObject\",\"inLanguage\":\"es\",\"@id\":\"https:\/\/www.sonoraenequipo.com.mx\/amplia-creson-su-oferta-educativa-con-licenciatura-en-educacion-inicial\/#primaryimage\",\"url\":\"https:\/\/www.sonoraenequipo.com.mx\/storage\/2024\/04\/creson.jpg\",\"contentUrl\":\"https:\/\/www.sonoraenequipo.com.mx\/storage\/2024\/04\/creson.jpg\",\"width\":800,\"height\":534},{\"@type\":\"BreadcrumbList\",\"@id\":\"https:\/\/www.sonoraenequipo.com.mx\/amplia-creson-su-oferta-educativa-con-licenciatura-en-educacion-inicial\/#breadcrumb\",\"itemListElement\":[{\"@type\":\"ListItem\",\"position\":1,\"name\":\"Portada\",\"item\":\"https:\/\/www.sonoraenequipo.com.mx\/\"},{\"@type\":\"ListItem\",\"position\":2,\"name\":\"Ampl\u00eda Creson su oferta educativa con licenciatura en Educaci\u00f3n Inicial\"}]},{\"@type\":\"WebSite\",\"@id\":\"https:\/\/www.sonoraenequipo.com.mx\/#website\",\"url\":\"https:\/\/www.sonoraenequipo.com.mx\/\",\"name\":\"Sonora en Equipo.\",\"description\":\"Diario en l\u00ednea con Noticias desde Hermosillo, Sonora\",\"publisher\":{\"@id\":\"https:\/\/www.sonoraenequipo.com.mx\/#organization\"},\"potentialAction\":[{\"@type\":\"SearchAction\",\"target\":{\"@type\":\"EntryPoint\",\"urlTemplate\":\"https:\/\/www.sonoraenequipo.com.mx\/?s={search_term_string}\"},\"query-input\":{\"@type\":\"PropertyValueSpecification\",\"valueRequired\":true,\"valueName\":\"search_term_string\"}}],\"inLanguage\":\"es\"},{\"@type\":\"Organization\",\"@id\":\"https:\/\/www.sonoraenequipo.com.mx\/#organization\",\"name\":\"Sonoraenequipo.com.mx\",\"url\":\"https:\/\/www.sonoraenequipo.com.mx\/\",\"logo\":{\"@type\":\"ImageObject\",\"inLanguage\":\"es\",\"@id\":\"https:\/\/www.sonoraenequipo.com.mx\/#\/schema\/logo\/image\/\",\"url\":\"https:\/\/www.sonoraenequipo.com.mx\/storage\/2019\/01\/sonoraenequipo_opt.png\",\"contentUrl\":\"https:\/\/www.sonoraenequipo.com.mx\/storage\/2019\/01\/sonoraenequipo_opt.png\",\"width\":375,\"height\":125,\"caption\":\"Sonoraenequipo.com.mx\"},\"image\":{\"@id\":\"https:\/\/www.sonoraenequipo.com.mx\/#\/schema\/logo\/image\/\"},\"sameAs\":[\"https:\/\/www.facebook.com\/SonoraEE\/\",\"https:\/\/x.com\/sonoraenequipo\",\"https:\/\/www.youtube.com\/channel\/UC338nW-lPEYmJQs4ZABQ1SQ\"]},{\"@type\":\"Person\",\"@id\":\"https:\/\/www.sonoraenequipo.com.mx\/#\/schema\/person\/50102df0fb23a8fa9e8effad8fa81386\",\"name\":\"enequipo\",\"image\":{\"@type\":\"ImageObject\",\"inLanguage\":\"es\",\"@id\":\"https:\/\/www.sonoraenequipo.com.mx\/#\/schema\/person\/image\/\",\"url\":\"https:\/\/secure.gravatar.com\/avatar\/049821681b589dabc0bc20695993ccebb09f5b5d4d790cd9251b97faac7c652b?s=96&d=blank&r=g\",\"contentUrl\":\"https:\/\/secure.gravatar.com\/avatar\/049821681b589dabc0bc20695993ccebb09f5b5d4d790cd9251b97faac7c652b?s=96&d=blank&r=g\",\"caption\":\"enequipo\"},\"sameAs\":[\"https:\/\/www.facebook.com\/SonoraEE\"]}]}<\/script>\n ","yoast_head_json":{"title":"Sonora en Equipo. Ampl\u00eda Creson su oferta educativa con licenciatura en Educaci\u00f3n Inicial Sonora","description":"HERMOSILLO, SONORA, MX.\u02d7\u02d7\u02d7 Para responder a la demanda de profesionistas con preparaci\u00f3n para atender a beb\u00e9s e infantes, el Centro Regional de Formaci\u00f3n En Sonora en Equipo publicamos toda la informaci\u00f3n de Sonora, M\u00e9xico y el Mundo de manera oportuna y busca que la libertad de expresi\u00f3n sea real. Visita nuestro medio informativo publicado desde Hermosillo, Sonora. %","robots":{"index":"index","follow":"follow","max-snippet":"max-snippet:-1","max-image-preview":"max-image-preview:large","max-video-preview":"max-video-preview:-1"},"canonical":"https:\/\/www.sonoraenequipo.com.mx\/amplia-creson-su-oferta-educativa-con-licenciatura-en-educacion-inicial\/","og_locale":"es_ES","og_type":"article","og_title":"Sonora en Equipo. Ampl\u00eda Creson su oferta educativa con licenciatura en Educaci\u00f3n Inicial Sonora","og_description":"HERMOSILLO, SONORA, MX.\u02d7\u02d7\u02d7 Para responder a la demanda de profesionistas con preparaci\u00f3n para atender a beb\u00e9s e infantes, el Centro Regional de Formaci\u00f3n En Sonora en Equipo publicamos toda la informaci\u00f3n de Sonora, M\u00e9xico y el Mundo de manera oportuna y busca que la libertad de expresi\u00f3n sea real. Visita nuestro medio informativo publicado desde Hermosillo, Sonora. %","og_url":"https:\/\/www.sonoraenequipo.com.mx\/amplia-creson-su-oferta-educativa-con-licenciatura-en-educacion-inicial\/","og_site_name":"Sonora en Equipo.","article_publisher":"https:\/\/www.facebook.com\/SonoraEE\/","article_author":"https:\/\/www.facebook.com\/SonoraEE","article_published_time":"2024-04-19T22:34:06+00:00","og_image":[{"width":800,"height":534,"url":"https:\/\/www.sonoraenequipo.com.mx\/storage\/2024\/04\/creson.jpg","type":"image\/jpeg"}],"author":"enequipo","twitter_card":"summary_large_image","twitter_creator":"@sonoraenequipo","twitter_site":"@sonoraenequipo","twitter_misc":{"Escrito por":"enequipo","Tiempo de lectura":"1 minuto"},"schema":{"@context":"https:\/\/schema.org","@graph":[{"@type":"Article","@id":"https:\/\/www.sonoraenequipo.com.mx\/amplia-creson-su-oferta-educativa-con-licenciatura-en-educacion-inicial\/#article","isPartOf":{"@id":"https:\/\/www.sonoraenequipo.com.mx\/amplia-creson-su-oferta-educativa-con-licenciatura-en-educacion-inicial\/"},"author":{"name":"enequipo","@id":"https:\/\/www.sonoraenequipo.com.mx\/#\/schema\/person\/50102df0fb23a8fa9e8effad8fa81386"},"headline":"Ampl\u00eda Creson su oferta educativa con licenciatura en Educaci\u00f3n Inicial","datePublished":"2024-04-19T22:34:06+00:00","mainEntityOfPage":{"@id":"https:\/\/www.sonoraenequipo.com.mx\/amplia-creson-su-oferta-educativa-con-licenciatura-en-educacion-inicial\/"},"wordCount":263,"commentCount":0,"publisher":{"@id":"https:\/\/www.sonoraenequipo.com.mx\/#organization"},"image":{"@id":"https:\/\/www.sonoraenequipo.com.mx\/amplia-creson-su-oferta-educativa-con-licenciatura-en-educacion-inicial\/#primaryimage"},"thumbnailUrl":"https:\/\/www.sonoraenequipo.com.mx\/storage\/2024\/04\/creson.jpg","articleSection":["Sonora"],"inLanguage":"es","potentialAction":[{"@type":"CommentAction","name":"Comment","target":["https:\/\/www.sonoraenequipo.com.mx\/amplia-creson-su-oferta-educativa-con-licenciatura-en-educacion-inicial\/#respond"]}]},{"@type":"WebPage","@id":"https:\/\/www.sonoraenequipo.com.mx\/amplia-creson-su-oferta-educativa-con-licenciatura-en-educacion-inicial\/","url":"https:\/\/www.sonoraenequipo.com.mx\/amplia-creson-su-oferta-educativa-con-licenciatura-en-educacion-inicial\/","name":"Sonora en Equipo. Ampl\u00eda Creson su oferta educativa con licenciatura en Educaci\u00f3n Inicial Sonora","isPartOf":{"@id":"https:\/\/www.sonoraenequipo.com.mx\/#website"},"primaryImageOfPage":{"@id":"https:\/\/www.sonoraenequipo.com.mx\/amplia-creson-su-oferta-educativa-con-licenciatura-en-educacion-inicial\/#primaryimage"},"image":{"@id":"https:\/\/www.sonoraenequipo.com.mx\/amplia-creson-su-oferta-educativa-con-licenciatura-en-educacion-inicial\/#primaryimage"},"thumbnailUrl":"https:\/\/www.sonoraenequipo.com.mx\/storage\/2024\/04\/creson.jpg","datePublished":"2024-04-19T22:34:06+00:00","description":"HERMOSILLO, SONORA, MX.\u02d7\u02d7\u02d7 Para responder a la demanda de profesionistas con preparaci\u00f3n para atender a beb\u00e9s e infantes, el Centro Regional de Formaci\u00f3n En Sonora en Equipo publicamos toda la informaci\u00f3n de Sonora, M\u00e9xico y el Mundo de manera oportuna y busca que la libertad de expresi\u00f3n sea real. Visita nuestro medio informativo publicado desde Hermosillo, Sonora. %","breadcrumb":{"@id":"https:\/\/www.sonoraenequipo.com.mx\/amplia-creson-su-oferta-educativa-con-licenciatura-en-educacion-inicial\/#breadcrumb"},"inLanguage":"es","potentialAction":[{"@type":"ReadAction","target":["https:\/\/www.sonoraenequipo.com.mx\/amplia-creson-su-oferta-educativa-con-licenciatura-en-educacion-inicial\/"]}]},{"@type":"ImageObject","inLanguage":"es","@id":"https:\/\/www.sonoraenequipo.com.mx\/amplia-creson-su-oferta-educativa-con-licenciatura-en-educacion-inicial\/#primaryimage","url":"https:\/\/www.sonoraenequipo.com.mx\/storage\/2024\/04\/creson.jpg","contentUrl":"https:\/\/www.sonoraenequipo.com.mx\/storage\/2024\/04\/creson.jpg","width":800,"height":534},{"@type":"BreadcrumbList","@id":"https:\/\/www.sonoraenequipo.com.mx\/amplia-creson-su-oferta-educativa-con-licenciatura-en-educacion-inicial\/#breadcrumb","itemListElement":[{"@type":"ListItem","position":1,"name":"Portada","item":"https:\/\/www.sonoraenequipo.com.mx\/"},{"@type":"ListItem","position":2,"name":"Ampl\u00eda Creson su oferta educativa con licenciatura en Educaci\u00f3n Inicial"}]},{"@type":"WebSite","@id":"https:\/\/www.sonoraenequipo.com.mx\/#website","url":"https:\/\/www.sonoraenequipo.com.mx\/","name":"Sonora en Equipo.","description":"Diario en l\u00ednea con Noticias desde Hermosillo, Sonora","publisher":{"@id":"https:\/\/www.sonoraenequipo.com.mx\/#organization"},"potentialAction":[{"@type":"SearchAction","target":{"@type":"EntryPoint","urlTemplate":"https:\/\/www.sonoraenequipo.com.mx\/?s={search_term_string}"},"query-input":{"@type":"PropertyValueSpecification","valueRequired":true,"valueName":"search_term_string"}}],"inLanguage":"es"},{"@type":"Organization","@id":"https:\/\/www.sonoraenequipo.com.mx\/#organization","name":"Sonoraenequipo.com.mx","url":"https:\/\/www.sonoraenequipo.com.mx\/","logo":{"@type":"ImageObject","inLanguage":"es","@id":"https:\/\/www.sonoraenequipo.com.mx\/#\/schema\/logo\/image\/","url":"https:\/\/www.sonoraenequipo.com.mx\/storage\/2019\/01\/sonoraenequipo_opt.png","contentUrl":"https:\/\/www.sonoraenequipo.com.mx\/storage\/2019\/01\/sonoraenequipo_opt.png","width":375,"height":125,"caption":"Sonoraenequipo.com.mx"},"image":{"@id":"https:\/\/www.sonoraenequipo.com.mx\/#\/schema\/logo\/image\/"},"sameAs":["https:\/\/www.facebook.com\/SonoraEE\/","https:\/\/x.com\/sonoraenequipo","https:\/\/www.youtube.com\/channel\/UC338nW-lPEYmJQs4ZABQ1SQ"]},{"@type":"Person","@id":"https:\/\/www.sonoraenequipo.com.mx\/#\/schema\/person\/50102df0fb23a8fa9e8effad8fa81386","name":"enequipo","image":{"@type":"ImageObject","inLanguage":"es","@id":"https:\/\/www.sonoraenequipo.com.mx\/#\/schema\/person\/image\/","url":"https:\/\/secure.gravatar.com\/avatar\/049821681b589dabc0bc20695993ccebb09f5b5d4d790cd9251b97faac7c652b?s=96&d=blank&r=g","contentUrl":"https:\/\/secure.gravatar.com\/avatar\/049821681b589dabc0bc20695993ccebb09f5b5d4d790cd9251b97faac7c652b?s=96&d=blank&r=g","caption":"enequipo"},"sameAs":["https:\/\/www.facebook.com\/SonoraEE"]}]}},"jetpack_featured_media_url":"https:\/\/www.sonoraenequipo.com.mx\/storage\/2024\/04\/creson.jpg","_links":{"self":[{"href":"https:\/\/www.sonoraenequipo.com.mx\/api\/wp\/v2\/posts\/187917","targetHints":{"allow":["GET"]}}],"collection":[{"href":"https:\/\/www.sonoraenequipo.com.mx\/api\/wp\/v2\/posts"}],"about":[{"href":"https:\/\/www.sonoraenequipo.com.mx\/api\/wp\/v2\/types\/post"}],"author":[{"embeddable":true,"href":"https:\/\/www.sonoraenequipo.com.mx\/api\/wp\/v2\/users\/1"}],"replies":[{"embeddable":true,"href":"https:\/\/www.sonoraenequipo.com.mx\/api\/wp\/v2\/comments?post=187917"}],"version-history":[{"count":1,"href":"https:\/\/www.sonoraenequipo.com.mx\/api\/wp\/v2\/posts\/187917\/revisions"}],"predecessor-version":[{"id":187919,"href":"https:\/\/www.sonoraenequipo.com.mx\/api\/wp\/v2\/posts\/187917\/revisions\/187919"}],"wp:featuredmedia":[{"embeddable":true,"href":"https:\/\/www.sonoraenequipo.com.mx\/api\/wp\/v2\/media\/187918"}],"wp:attachment":[{"href":"https:\/\/www.sonoraenequipo.com.mx\/api\/wp\/v2\/media?parent=187917"}],"wp:term":[{"taxonomy":"category","embeddable":true,"href":"https:\/\/www.sonoraenequipo.com.mx\/api\/wp\/v2\/categories?post=187917"},{"taxonomy":"post_tag","embeddable":true,"href":"https:\/\/www.sonoraenequipo.com.mx\/api\/wp\/v2\/tags?post=187917"}],"curies":[{"name":"wp","href":"https:\/\/api.w.org\/{rel}","templated":true}]}}