{"id":187922,"date":"2024-04-19T11:32:48","date_gmt":"2024-04-19T18:32:48","guid":{"rendered":"https:\/\/www.sonoraenequipo.com.mx\/?p=187922"},"modified":"2024-04-19T15:59:20","modified_gmt":"2024-04-19T22:59:20","slug":"se-registra-explosion-e-incendio-en-refineria-de-pemex-en-veracruz","status":"publish","type":"post","link":"https:\/\/www.sonoraenequipo.com.mx\/se-registra-explosion-e-incendio-en-refineria-de-pemex-en-veracruz\/","title":{"rendered":"Se registra explosi\u00f3n e incendio en refiner\u00eda de Pemex en Veracruz"},"content":{"rendered":"<p><strong>MINATIL\u00c1N, VERACRUZ. MX.<\/strong> \u2014 En la refiner\u00eda L\u00e1zaro C\u00e1rdenas, ubicada en Minatitl\u00e1n, Veracruz, se registr\u00f3 una explosi\u00f3n e incendio hoy 19 de abril de 2024, lo cual alarm\u00f3 a los vecinos de la regi\u00f3n, quienes r\u00e1pidamente intentaron averiguar qu\u00e9 era lo que hab\u00eda provocado el siniestro.<\/p>\n<p> <\/p>\n<p>De acuerdo con personal petrolero, la explosi\u00f3n fue por un cabezal de 60 kilos de carga y a ello se debi\u00f3 la magnitud del estruendo.<\/p>\n<p>Trabajadores explicaron que el cabezal de entubaci\u00f3n es un equipo que se utiliza para conectar las tuber\u00edas de revestimiento con las cabezas de pozo y se usa para evitar da\u00f1os causados por exceso de presi\u00f3n.<\/p>\n<p>Aseguraron que la explosi\u00f3n e incendio en la refiner\u00eda de Minatitl\u00e1n no caus\u00f3 da\u00f1os mayores y tampoco personas lesionadas.<\/p>\n<h3>Descartan desalojo de viviendas por accidente en refiner\u00eda<\/h3>\n<p>Algunos vecinos del lugar solicitaron el auxilio de las autoridades para confirmar si deb\u00edan desalojar sus viviendas luego de la explosi\u00f3n e incendio en la refiner\u00eda de Minatitl\u00e1n; sin embargo, poco despu\u00e9s hubo un aviso de que no era necesario y se asegur\u00f3 que todo estaba bajo control, a pesar de lo aparatoso que se observ\u00f3 el incidente en varias cuadras a la redonda.<\/p>\n<p>En los \u00faltimos meses la refiner\u00eda L\u00e1zaro C\u00e1rdenas ha tenido momentos cr\u00edticos, como el incendio ocurrido el jueves 23 de febrero de 2023, que tuvo un saldo de tres obreros muertos, as\u00ed como una fuga de \u00e1cido florh\u00eddrico que provoc\u00f3 el desalojo de los trabajadores y personal administrativo.<\/p>\n<p>Elementos del Ej\u00e9rcito y de la Guardia Nacional, as\u00ed como servicios de emergencia acudieron a la refiner\u00eda para apoyar en las labores luego de la explosi\u00f3n e incendio que ocurri\u00f3 al interior.<\/p>\n<p>PUBLICADO EL 19 DE ABRIL DE 2024\/ Con informaci\u00f3n de AFP)<\/p>\n","protected":false},"excerpt":{"rendered":"<p>MINATIL\u00c1N, VERACRUZ. MX. \u2014 En la refiner\u00eda L\u00e1zaro C\u00e1rdenas, ubicada en Minatitl\u00e1n, Veracruz, se registr\u00f3&#8230;<\/p>\n","protected":false},"author":1,"featured_media":187923,"comment_status":"open","ping_status":"open","sticky":false,"template":"","format":"standard","meta":{"_monsterinsights_skip_tracking":false,"_monsterinsights_sitenote_active":false,"_monsterinsights_sitenote_note":"","_monsterinsights_sitenote_category":0,"footnotes":""},"categories":[5],"tags":[],"class_list":["post"],"yoast_head":" \n<title>Sonora en Equipo. Se registra explosi\u00f3n e incendio en refiner\u00eda de Pemex en Veracruz Rep\u00fablica<\/title>\n<meta name=\"description\" content=\"MINATIL\u00c1N, VERACRUZ. MX. \u2014 En la refiner\u00eda L\u00e1zaro C\u00e1rdenas, ubicada en Minatitl\u00e1n, Veracruz, se registr\u00f3 una explosi\u00f3n e incendio hoy 19 de abril de 2024, En Sonora en Equipo publicamos toda la informaci\u00f3n de Sonora, M\u00e9xico y el Mundo de manera oportuna y busca que la libertad de expresi\u00f3n sea real. Visita nuestro medio informativo publicado desde Hermosillo, Sonora. %\" \/>\n<meta name=\"robots\" content=\"index, follow, max-snippet:-1, max-image-preview:large, max-video-preview:-1\" \/>\n<link rel=\"canonical\" href=\"https:\/\/www.sonoraenequipo.com.mx\/se-registra-explosion-e-incendio-en-refineria-de-pemex-en-veracruz\/\" \/>\n<meta property=\"og:locale\" content=\"es_ES\" \/>\n<meta property=\"og:type\" content=\"article\" \/>\n<meta property=\"og:title\" content=\"Sonora en Equipo. Se registra explosi\u00f3n e incendio en refiner\u00eda de Pemex en Veracruz Rep\u00fablica\" \/>\n<meta property=\"og:description\" content=\"MINATIL\u00c1N, VERACRUZ. MX. \u2014 En la refiner\u00eda L\u00e1zaro C\u00e1rdenas, ubicada en Minatitl\u00e1n, Veracruz, se registr\u00f3 una explosi\u00f3n e incendio hoy 19 de abril de 2024, En Sonora en Equipo publicamos toda la informaci\u00f3n de Sonora, M\u00e9xico y el Mundo de manera oportuna y busca que la libertad de expresi\u00f3n sea real. Visita nuestro medio informativo publicado desde Hermosillo, Sonora. %\" \/>\n<meta property=\"og:url\" content=\"https:\/\/www.sonoraenequipo.com.mx\/se-registra-explosion-e-incendio-en-refineria-de-pemex-en-veracruz\/\" \/>\n<meta property=\"og:site_name\" content=\"Sonora en Equipo.\" \/>\n<meta property=\"article:publisher\" content=\"https:\/\/www.facebook.com\/SonoraEE\/\" \/>\n<meta property=\"article:author\" content=\"https:\/\/www.facebook.com\/SonoraEE\" \/>\n<meta property=\"article:published_time\" content=\"2024-04-19T18:32:48+00:00\" \/>\n<meta property=\"article:modified_time\" content=\"2024-04-19T22:59:20+00:00\" \/>\n<meta property=\"og:image\" content=\"https:\/\/www.sonoraenequipo.com.mx\/storage\/2024\/04\/Incendio-Refineria-Minatitlan-min.jpg\" \/>\n\t<meta property=\"og:image:width\" content=\"1140\" \/>\n\t<meta property=\"og:image:height\" content=\"500\" \/>\n\t<meta property=\"og:image:type\" content=\"image\/jpeg\" \/>\n<meta name=\"author\" content=\"enequipo\" \/>\n<meta name=\"twitter:card\" content=\"summary_large_image\" \/>\n<meta name=\"twitter:creator\" content=\"@sonoraenequipo\" \/>\n<meta name=\"twitter:site\" content=\"@sonoraenequipo\" \/>\n<meta name=\"twitter:label1\" content=\"Escrito por\" \/>\n\t<meta name=\"twitter:data1\" content=\"enequipo\" \/>\n\t<meta name=\"twitter:label2\" content=\"Tiempo de lectura\" \/>\n\t<meta name=\"twitter:data2\" content=\"2 minutos\" \/>\n<script type=\"application\/ld+json\" class=\"yoast-schema-graph\">{\"@context\":\"https:\/\/schema.org\",\"@graph\":[{\"@type\":\"Article\",\"@id\":\"https:\/\/www.sonoraenequipo.com.mx\/se-registra-explosion-e-incendio-en-refineria-de-pemex-en-veracruz\/#article\",\"isPartOf\":{\"@id\":\"https:\/\/www.sonoraenequipo.com.mx\/se-registra-explosion-e-incendio-en-refineria-de-pemex-en-veracruz\/\"},\"author\":{\"name\":\"enequipo\",\"@id\":\"https:\/\/www.sonoraenequipo.com.mx\/#\/schema\/person\/50102df0fb23a8fa9e8effad8fa81386\"},\"headline\":\"Se registra explosi\u00f3n e incendio en refiner\u00eda de Pemex en Veracruz\",\"datePublished\":\"2024-04-19T18:32:48+00:00\",\"dateModified\":\"2024-04-19T22:59:20+00:00\",\"mainEntityOfPage\":{\"@id\":\"https:\/\/www.sonoraenequipo.com.mx\/se-registra-explosion-e-incendio-en-refineria-de-pemex-en-veracruz\/\"},\"wordCount\":326,\"commentCount\":0,\"publisher\":{\"@id\":\"https:\/\/www.sonoraenequipo.com.mx\/#organization\"},\"image\":{\"@id\":\"https:\/\/www.sonoraenequipo.com.mx\/se-registra-explosion-e-incendio-en-refineria-de-pemex-en-veracruz\/#primaryimage\"},\"thumbnailUrl\":\"https:\/\/www.sonoraenequipo.com.mx\/storage\/2024\/04\/Incendio-Refineria-Minatitlan-min.jpg\",\"articleSection\":[\"Rep\u00fablica\"],\"inLanguage\":\"es\",\"potentialAction\":[{\"@type\":\"CommentAction\",\"name\":\"Comment\",\"target\":[\"https:\/\/www.sonoraenequipo.com.mx\/se-registra-explosion-e-incendio-en-refineria-de-pemex-en-veracruz\/#respond\"]}]},{\"@type\":\"WebPage\",\"@id\":\"https:\/\/www.sonoraenequipo.com.mx\/se-registra-explosion-e-incendio-en-refineria-de-pemex-en-veracruz\/\",\"url\":\"https:\/\/www.sonoraenequipo.com.mx\/se-registra-explosion-e-incendio-en-refineria-de-pemex-en-veracruz\/\",\"name\":\"Sonora en Equipo. Se registra explosi\u00f3n e incendio en refiner\u00eda de Pemex en Veracruz Rep\u00fablica\",\"isPartOf\":{\"@id\":\"https:\/\/www.sonoraenequipo.com.mx\/#website\"},\"primaryImageOfPage\":{\"@id\":\"https:\/\/www.sonoraenequipo.com.mx\/se-registra-explosion-e-incendio-en-refineria-de-pemex-en-veracruz\/#primaryimage\"},\"image\":{\"@id\":\"https:\/\/www.sonoraenequipo.com.mx\/se-registra-explosion-e-incendio-en-refineria-de-pemex-en-veracruz\/#primaryimage\"},\"thumbnailUrl\":\"https:\/\/www.sonoraenequipo.com.mx\/storage\/2024\/04\/Incendio-Refineria-Minatitlan-min.jpg\",\"datePublished\":\"2024-04-19T18:32:48+00:00\",\"dateModified\":\"2024-04-19T22:59:20+00:00\",\"description\":\"MINATIL\u00c1N, VERACRUZ. MX. \u2014 En la refiner\u00eda L\u00e1zaro C\u00e1rdenas, ubicada en Minatitl\u00e1n, Veracruz, se registr\u00f3 una explosi\u00f3n e incendio hoy 19 de abril de 2024, En Sonora en Equipo publicamos toda la informaci\u00f3n de Sonora, M\u00e9xico y el Mundo de manera oportuna y busca que la libertad de expresi\u00f3n sea real. Visita nuestro medio informativo publicado desde Hermosillo, Sonora. %\",\"breadcrumb\":{\"@id\":\"https:\/\/www.sonoraenequipo.com.mx\/se-registra-explosion-e-incendio-en-refineria-de-pemex-en-veracruz\/#breadcrumb\"},\"inLanguage\":\"es\",\"potentialAction\":[{\"@type\":\"ReadAction\",\"target\":[\"https:\/\/www.sonoraenequipo.com.mx\/se-registra-explosion-e-incendio-en-refineria-de-pemex-en-veracruz\/\"]}]},{\"@type\":\"ImageObject\",\"inLanguage\":\"es\",\"@id\":\"https:\/\/www.sonoraenequipo.com.mx\/se-registra-explosion-e-incendio-en-refineria-de-pemex-en-veracruz\/#primaryimage\",\"url\":\"https:\/\/www.sonoraenequipo.com.mx\/storage\/2024\/04\/Incendio-Refineria-Minatitlan-min.jpg\",\"contentUrl\":\"https:\/\/www.sonoraenequipo.com.mx\/storage\/2024\/04\/Incendio-Refineria-Minatitlan-min.jpg\",\"width\":1140,\"height\":500},{\"@type\":\"BreadcrumbList\",\"@id\":\"https:\/\/www.sonoraenequipo.com.mx\/se-registra-explosion-e-incendio-en-refineria-de-pemex-en-veracruz\/#breadcrumb\",\"itemListElement\":[{\"@type\":\"ListItem\",\"position\":1,\"name\":\"Portada\",\"item\":\"https:\/\/www.sonoraenequipo.com.mx\/\"},{\"@type\":\"ListItem\",\"position\":2,\"name\":\"Se registra explosi\u00f3n e incendio en refiner\u00eda de Pemex en Veracruz\"}]},{\"@type\":\"WebSite\",\"@id\":\"https:\/\/www.sonoraenequipo.com.mx\/#website\",\"url\":\"https:\/\/www.sonoraenequipo.com.mx\/\",\"name\":\"Sonora en Equipo.\",\"description\":\"Diario en l\u00ednea con Noticias desde Hermosillo, Sonora\",\"publisher\":{\"@id\":\"https:\/\/www.sonoraenequipo.com.mx\/#organization\"},\"potentialAction\":[{\"@type\":\"SearchAction\",\"target\":{\"@type\":\"EntryPoint\",\"urlTemplate\":\"https:\/\/www.sonoraenequipo.com.mx\/?s={search_term_string}\"},\"query-input\":{\"@type\":\"PropertyValueSpecification\",\"valueRequired\":true,\"valueName\":\"search_term_string\"}}],\"inLanguage\":\"es\"},{\"@type\":\"Organization\",\"@id\":\"https:\/\/www.sonoraenequipo.com.mx\/#organization\",\"name\":\"Sonoraenequipo.com.mx\",\"url\":\"https:\/\/www.sonoraenequipo.com.mx\/\",\"logo\":{\"@type\":\"ImageObject\",\"inLanguage\":\"es\",\"@id\":\"https:\/\/www.sonoraenequipo.com.mx\/#\/schema\/logo\/image\/\",\"url\":\"https:\/\/www.sonoraenequipo.com.mx\/storage\/2019\/01\/sonoraenequipo_opt.png\",\"contentUrl\":\"https:\/\/www.sonoraenequipo.com.mx\/storage\/2019\/01\/sonoraenequipo_opt.png\",\"width\":375,\"height\":125,\"caption\":\"Sonoraenequipo.com.mx\"},\"image\":{\"@id\":\"https:\/\/www.sonoraenequipo.com.mx\/#\/schema\/logo\/image\/\"},\"sameAs\":[\"https:\/\/www.facebook.com\/SonoraEE\/\",\"https:\/\/x.com\/sonoraenequipo\",\"https:\/\/www.youtube.com\/channel\/UC338nW-lPEYmJQs4ZABQ1SQ\"]},{\"@type\":\"Person\",\"@id\":\"https:\/\/www.sonoraenequipo.com.mx\/#\/schema\/person\/50102df0fb23a8fa9e8effad8fa81386\",\"name\":\"enequipo\",\"image\":{\"@type\":\"ImageObject\",\"inLanguage\":\"es\",\"@id\":\"https:\/\/www.sonoraenequipo.com.mx\/#\/schema\/person\/image\/\",\"url\":\"https:\/\/secure.gravatar.com\/avatar\/049821681b589dabc0bc20695993ccebb09f5b5d4d790cd9251b97faac7c652b?s=96&d=blank&r=g\",\"contentUrl\":\"https:\/\/secure.gravatar.com\/avatar\/049821681b589dabc0bc20695993ccebb09f5b5d4d790cd9251b97faac7c652b?s=96&d=blank&r=g\",\"caption\":\"enequipo\"},\"sameAs\":[\"https:\/\/www.facebook.com\/SonoraEE\"]}]}<\/script>\n ","yoast_head_json":{"title":"Sonora en Equipo. Se registra explosi\u00f3n e incendio en refiner\u00eda de Pemex en Veracruz Rep\u00fablica","description":"MINATIL\u00c1N, VERACRUZ. MX. \u2014 En la refiner\u00eda L\u00e1zaro C\u00e1rdenas, ubicada en Minatitl\u00e1n, Veracruz, se registr\u00f3 una explosi\u00f3n e incendio hoy 19 de abril de 2024, En Sonora en Equipo publicamos toda la informaci\u00f3n de Sonora, M\u00e9xico y el Mundo de manera oportuna y busca que la libertad de expresi\u00f3n sea real. Visita nuestro medio informativo publicado desde Hermosillo, Sonora. %","robots":{"index":"index","follow":"follow","max-snippet":"max-snippet:-1","max-image-preview":"max-image-preview:large","max-video-preview":"max-video-preview:-1"},"canonical":"https:\/\/www.sonoraenequipo.com.mx\/se-registra-explosion-e-incendio-en-refineria-de-pemex-en-veracruz\/","og_locale":"es_ES","og_type":"article","og_title":"Sonora en Equipo. Se registra explosi\u00f3n e incendio en refiner\u00eda de Pemex en Veracruz Rep\u00fablica","og_description":"MINATIL\u00c1N, VERACRUZ. MX. \u2014 En la refiner\u00eda L\u00e1zaro C\u00e1rdenas, ubicada en Minatitl\u00e1n, Veracruz, se registr\u00f3 una explosi\u00f3n e incendio hoy 19 de abril de 2024, En Sonora en Equipo publicamos toda la informaci\u00f3n de Sonora, M\u00e9xico y el Mundo de manera oportuna y busca que la libertad de expresi\u00f3n sea real. Visita nuestro medio informativo publicado desde Hermosillo, Sonora. %","og_url":"https:\/\/www.sonoraenequipo.com.mx\/se-registra-explosion-e-incendio-en-refineria-de-pemex-en-veracruz\/","og_site_name":"Sonora en Equipo.","article_publisher":"https:\/\/www.facebook.com\/SonoraEE\/","article_author":"https:\/\/www.facebook.com\/SonoraEE","article_published_time":"2024-04-19T18:32:48+00:00","article_modified_time":"2024-04-19T22:59:20+00:00","og_image":[{"width":1140,"height":500,"url":"https:\/\/www.sonoraenequipo.com.mx\/storage\/2024\/04\/Incendio-Refineria-Minatitlan-min.jpg","type":"image\/jpeg"}],"author":"enequipo","twitter_card":"summary_large_image","twitter_creator":"@sonoraenequipo","twitter_site":"@sonoraenequipo","twitter_misc":{"Escrito por":"enequipo","Tiempo de lectura":"2 minutos"},"schema":{"@context":"https:\/\/schema.org","@graph":[{"@type":"Article","@id":"https:\/\/www.sonoraenequipo.com.mx\/se-registra-explosion-e-incendio-en-refineria-de-pemex-en-veracruz\/#article","isPartOf":{"@id":"https:\/\/www.sonoraenequipo.com.mx\/se-registra-explosion-e-incendio-en-refineria-de-pemex-en-veracruz\/"},"author":{"name":"enequipo","@id":"https:\/\/www.sonoraenequipo.com.mx\/#\/schema\/person\/50102df0fb23a8fa9e8effad8fa81386"},"headline":"Se registra explosi\u00f3n e incendio en refiner\u00eda de Pemex en Veracruz","datePublished":"2024-04-19T18:32:48+00:00","dateModified":"2024-04-19T22:59:20+00:00","mainEntityOfPage":{"@id":"https:\/\/www.sonoraenequipo.com.mx\/se-registra-explosion-e-incendio-en-refineria-de-pemex-en-veracruz\/"},"wordCount":326,"commentCount":0,"publisher":{"@id":"https:\/\/www.sonoraenequipo.com.mx\/#organization"},"image":{"@id":"https:\/\/www.sonoraenequipo.com.mx\/se-registra-explosion-e-incendio-en-refineria-de-pemex-en-veracruz\/#primaryimage"},"thumbnailUrl":"https:\/\/www.sonoraenequipo.com.mx\/storage\/2024\/04\/Incendio-Refineria-Minatitlan-min.jpg","articleSection":["Rep\u00fablica"],"inLanguage":"es","potentialAction":[{"@type":"CommentAction","name":"Comment","target":["https:\/\/www.sonoraenequipo.com.mx\/se-registra-explosion-e-incendio-en-refineria-de-pemex-en-veracruz\/#respond"]}]},{"@type":"WebPage","@id":"https:\/\/www.sonoraenequipo.com.mx\/se-registra-explosion-e-incendio-en-refineria-de-pemex-en-veracruz\/","url":"https:\/\/www.sonoraenequipo.com.mx\/se-registra-explosion-e-incendio-en-refineria-de-pemex-en-veracruz\/","name":"Sonora en Equipo. Se registra explosi\u00f3n e incendio en refiner\u00eda de Pemex en Veracruz Rep\u00fablica","isPartOf":{"@id":"https:\/\/www.sonoraenequipo.com.mx\/#website"},"primaryImageOfPage":{"@id":"https:\/\/www.sonoraenequipo.com.mx\/se-registra-explosion-e-incendio-en-refineria-de-pemex-en-veracruz\/#primaryimage"},"image":{"@id":"https:\/\/www.sonoraenequipo.com.mx\/se-registra-explosion-e-incendio-en-refineria-de-pemex-en-veracruz\/#primaryimage"},"thumbnailUrl":"https:\/\/www.sonoraenequipo.com.mx\/storage\/2024\/04\/Incendio-Refineria-Minatitlan-min.jpg","datePublished":"2024-04-19T18:32:48+00:00","dateModified":"2024-04-19T22:59:20+00:00","description":"MINATIL\u00c1N, VERACRUZ. MX. \u2014 En la refiner\u00eda L\u00e1zaro C\u00e1rdenas, ubicada en Minatitl\u00e1n, Veracruz, se registr\u00f3 una explosi\u00f3n e incendio hoy 19 de abril de 2024, En Sonora en Equipo publicamos toda la informaci\u00f3n de Sonora, M\u00e9xico y el Mundo de manera oportuna y busca que la libertad de expresi\u00f3n sea real. Visita nuestro medio informativo publicado desde Hermosillo, Sonora. %","breadcrumb":{"@id":"https:\/\/www.sonoraenequipo.com.mx\/se-registra-explosion-e-incendio-en-refineria-de-pemex-en-veracruz\/#breadcrumb"},"inLanguage":"es","potentialAction":[{"@type":"ReadAction","target":["https:\/\/www.sonoraenequipo.com.mx\/se-registra-explosion-e-incendio-en-refineria-de-pemex-en-veracruz\/"]}]},{"@type":"ImageObject","inLanguage":"es","@id":"https:\/\/www.sonoraenequipo.com.mx\/se-registra-explosion-e-incendio-en-refineria-de-pemex-en-veracruz\/#primaryimage","url":"https:\/\/www.sonoraenequipo.com.mx\/storage\/2024\/04\/Incendio-Refineria-Minatitlan-min.jpg","contentUrl":"https:\/\/www.sonoraenequipo.com.mx\/storage\/2024\/04\/Incendio-Refineria-Minatitlan-min.jpg","width":1140,"height":500},{"@type":"BreadcrumbList","@id":"https:\/\/www.sonoraenequipo.com.mx\/se-registra-explosion-e-incendio-en-refineria-de-pemex-en-veracruz\/#breadcrumb","itemListElement":[{"@type":"ListItem","position":1,"name":"Portada","item":"https:\/\/www.sonoraenequipo.com.mx\/"},{"@type":"ListItem","position":2,"name":"Se registra explosi\u00f3n e incendio en refiner\u00eda de Pemex en Veracruz"}]},{"@type":"WebSite","@id":"https:\/\/www.sonoraenequipo.com.mx\/#website","url":"https:\/\/www.sonoraenequipo.com.mx\/","name":"Sonora en Equipo.","description":"Diario en l\u00ednea con Noticias desde Hermosillo, Sonora","publisher":{"@id":"https:\/\/www.sonoraenequipo.com.mx\/#organization"},"potentialAction":[{"@type":"SearchAction","target":{"@type":"EntryPoint","urlTemplate":"https:\/\/www.sonoraenequipo.com.mx\/?s={search_term_string}"},"query-input":{"@type":"PropertyValueSpecification","valueRequired":true,"valueName":"search_term_string"}}],"inLanguage":"es"},{"@type":"Organization","@id":"https:\/\/www.sonoraenequipo.com.mx\/#organization","name":"Sonoraenequipo.com.mx","url":"https:\/\/www.sonoraenequipo.com.mx\/","logo":{"@type":"ImageObject","inLanguage":"es","@id":"https:\/\/www.sonoraenequipo.com.mx\/#\/schema\/logo\/image\/","url":"https:\/\/www.sonoraenequipo.com.mx\/storage\/2019\/01\/sonoraenequipo_opt.png","contentUrl":"https:\/\/www.sonoraenequipo.com.mx\/storage\/2019\/01\/sonoraenequipo_opt.png","width":375,"height":125,"caption":"Sonoraenequipo.com.mx"},"image":{"@id":"https:\/\/www.sonoraenequipo.com.mx\/#\/schema\/logo\/image\/"},"sameAs":["https:\/\/www.facebook.com\/SonoraEE\/","https:\/\/x.com\/sonoraenequipo","https:\/\/www.youtube.com\/channel\/UC338nW-lPEYmJQs4ZABQ1SQ"]},{"@type":"Person","@id":"https:\/\/www.sonoraenequipo.com.mx\/#\/schema\/person\/50102df0fb23a8fa9e8effad8fa81386","name":"enequipo","image":{"@type":"ImageObject","inLanguage":"es","@id":"https:\/\/www.sonoraenequipo.com.mx\/#\/schema\/person\/image\/","url":"https:\/\/secure.gravatar.com\/avatar\/049821681b589dabc0bc20695993ccebb09f5b5d4d790cd9251b97faac7c652b?s=96&d=blank&r=g","contentUrl":"https:\/\/secure.gravatar.com\/avatar\/049821681b589dabc0bc20695993ccebb09f5b5d4d790cd9251b97faac7c652b?s=96&d=blank&r=g","caption":"enequipo"},"sameAs":["https:\/\/www.facebook.com\/SonoraEE"]}]}},"jetpack_featured_media_url":"https:\/\/www.sonoraenequipo.com.mx\/storage\/2024\/04\/Incendio-Refineria-Minatitlan-min.jpg","_links":{"self":[{"href":"https:\/\/www.sonoraenequipo.com.mx\/api\/wp\/v2\/posts\/187922","targetHints":{"allow":["GET"]}}],"collection":[{"href":"https:\/\/www.sonoraenequipo.com.mx\/api\/wp\/v2\/posts"}],"about":[{"href":"https:\/\/www.sonoraenequipo.com.mx\/api\/wp\/v2\/types\/post"}],"author":[{"embeddable":true,"href":"https:\/\/www.sonoraenequipo.com.mx\/api\/wp\/v2\/users\/1"}],"replies":[{"embeddable":true,"href":"https:\/\/www.sonoraenequipo.com.mx\/api\/wp\/v2\/comments?post=187922"}],"version-history":[{"count":2,"href":"https:\/\/www.sonoraenequipo.com.mx\/api\/wp\/v2\/posts\/187922\/revisions"}],"predecessor-version":[{"id":187926,"href":"https:\/\/www.sonoraenequipo.com.mx\/api\/wp\/v2\/posts\/187922\/revisions\/187926"}],"wp:featuredmedia":[{"embeddable":true,"href":"https:\/\/www.sonoraenequipo.com.mx\/api\/wp\/v2\/media\/187923"}],"wp:attachment":[{"href":"https:\/\/www.sonoraenequipo.com.mx\/api\/wp\/v2\/media?parent=187922"}],"wp:term":[{"taxonomy":"category","embeddable":true,"href":"https:\/\/www.sonoraenequipo.com.mx\/api\/wp\/v2\/categories?post=187922"},{"taxonomy":"post_tag","embeddable":true,"href":"https:\/\/www.sonoraenequipo.com.mx\/api\/wp\/v2\/tags?post=187922"}],"curies":[{"name":"wp","href":"https:\/\/api.w.org\/{rel}","templated":true}]}}