{"id":187933,"date":"2024-04-19T08:54:35","date_gmt":"2024-04-19T15:54:35","guid":{"rendered":"https:\/\/www.sonoraenequipo.com.mx\/?p=187933"},"modified":"2024-04-19T18:34:05","modified_gmt":"2024-04-20T01:34:05","slug":"que-nuestra-america-sea-un-continente-de-paz-presidente-lopez-obrador","status":"publish","type":"post","link":"https:\/\/www.sonoraenequipo.com.mx\/que-nuestra-america-sea-un-continente-de-paz-presidente-lopez-obrador\/","title":{"rendered":"\u201cQue nuestra Am\u00e9rica sea un continente de paz\u201d: presidente L\u00f3pez Obrador"},"content":{"rendered":"\n<p><strong>CIUDAD DE M\u00c9XICO. MX. \u2014<em> \u201cYo estoy totalmente de acuerdo en que nuestra Am\u00e9rica sea un continente de paz, que siga siendo un continente de paz<\/em><\/strong>\u201d, afirm\u00f3 el presidente Andr\u00e9s Manuel L\u00f3pez Obrador en referencia a la postura legal y pac\u00edfica del Gobierno de M\u00e9xico ante la Corte Internacional de Justicia tras la denuncia a Ecuador por violaciones a la soberan\u00eda nacional y al derecho internacional cuando allan\u00f3 la embajada mexicana en Quito el pasado 5 de abril.<\/p>\n\n\n\n<p>&nbsp;<\/p>\n\n\n\n<p> \nEn conferencia de prensa matutina confi\u00f3 en que el m\u00e1ximo tribunal internacional resuelva de forma pronta y expedita los reclamos de M\u00e9xico, entre ellos, la suspensi\u00f3n de los derechos de Ecuador dentro de la Organizaci\u00f3n de las Naciones Unidas (ONU), en tanto no haya una disculpa p\u00fablica y un compromiso de no repetici\u00f3n.<\/p>\n\n\n\n<p>&nbsp;<\/p>\n\n\n\n<p>&nbsp;<\/p>\n\n\n\n<p><em><strong>\u201c\u00bfPor qu\u00e9 queremos que resuelva as\u00ed la Corte Internacional de Justicia? Porque si no, ya no se podr\u00eda vivir en un mundo regido por leyes, por normas. Esto que sucedi\u00f3 en Ecuador no pasaba en Am\u00e9rica Latina ni <\/strong><\/em><strong><em>en la \u00e9poca de (Augusto) Pinochet; fueron a protegerse a nuestra embajada cientos de hermanos chilenos que, si lograban llegar a la embajada, se sent\u00edan a salvo. (\u2026) No se atrevi\u00f3 este dictador temible a invadir nuestra embajada, como tampoco se atrevieron otros dictadores en Argentina, en Colombia, en Bolivia, entonces no queremos eso\u201d<\/em><\/strong>, explic\u00f3.<\/p>\n\n\n\n<p>&nbsp;<\/p>\n\n\n\n<p>M\u00e9xico propone hacia el futuro un procedimiento apegado a la ley y aplicable para cualquier pa\u00eds que viva una situaci\u00f3n similar. Se postula, dijo, que la determinaci\u00f3n de la Corte Internacional de Justicia sea debatida en la Asamblea General de la ONU, donde todos los pa\u00edses miembro voten. Si resuelven la expulsi\u00f3n del Estado que viol\u00f3 el derecho internacional, el Consejo de Seguridad de la ONU no podr\u00e1 ejercer su derecho de veto.<\/p>\n\n\n\n<p>&nbsp;<\/p>\n\n\n\n<p>El jefe del Ejecutivo puntualiz\u00f3 que el gobierno de Ecuador tambi\u00e9n quebrant\u00f3 el derecho de asilo que proteg\u00eda al exvicepresidente ecuatoriano, Jorge David Glas Espinel, alojado en la embajada de M\u00e9xico cuando fue detenido arbitrariamente por fuerzas policiales de aquel pa\u00eds.<\/p>\n\n\n\n<p>&nbsp;<\/p>\n\n\n\n<p>Sobre la actual situaci\u00f3n de salud del exvicepresidente Glas, detenido en una c\u00e1rcel de m\u00e1xima seguridad de Ecuador, refiri\u00f3 que la Secretar\u00eda de Relaciones Exteriores (SRE) estar\u00e1 pendiente de su integridad a partir de la comunicaci\u00f3n con las canciller\u00edas de Brasil y Bolivia, entre otros pa\u00edses. Al mismo tiempo, la dependencia estar\u00e1 encargada de atender el tr\u00e1mite de derecho de asilo.<\/p>\n\n\n\n<p>Ante representantes de medios de comunicaci\u00f3n el presidente L\u00f3pez Obrador se\u00f1al\u00f3 que la Cumbre Extraordinaria de Jefas y Jefes de Gobierno y de Estado de la Comunidad de Estados Latinoamericanos y Caribe\u00f1os (CELAC), celebrada el martes 16 de abril, represent\u00f3 una plataforma para abordar de forma conjunta las acciones contrarias al derecho de asilo por parte de Ecuador.<\/p>\n\n\n\n<p>&nbsp;<\/p>\n\n\n\n<p>Durante la videoconferencia, record\u00f3 el mandatario, se plante\u00f3 el regreso de Glas Espinel al Estado anterior, es decir, la embajada de M\u00e9xico en Ecuador o que le sea otorgado un salvoconducto para arribar a M\u00e9xico o a cualquier otro pa\u00eds.<\/p>\n\n\n\n<p>&nbsp;\n\n&nbsp;<\/p>\n\n\n\n<p>PUBLICADO EL 19 DE ABRIL DE 2024\/ Con informaci\u00f3n de EE)<\/p>\n","protected":false},"excerpt":{"rendered":"<p>CIUDAD DE M\u00c9XICO. MX. \u2014 \u201cYo estoy totalmente de acuerdo en que nuestra Am\u00e9rica sea&#8230;<\/p>\n","protected":false},"author":1,"featured_media":187934,"comment_status":"open","ping_status":"open","sticky":false,"template":"","format":"standard","meta":{"_monsterinsights_skip_tracking":false,"_monsterinsights_sitenote_active":false,"_monsterinsights_sitenote_note":"","_monsterinsights_sitenote_category":0,"footnotes":""},"categories":[5],"tags":[],"class_list":["post"],"yoast_head":" \n<title>Sonora en Equipo. \u201cQue nuestra Am\u00e9rica sea un continente de paz\u201d: presidente L\u00f3pez Obrador Rep\u00fablica<\/title>\n<meta name=\"description\" content=\"CIUDAD DE M\u00c9XICO. MX. \u2014 \u201cYo estoy totalmente de acuerdo en que nuestra Am\u00e9rica sea un continente de paz, que siga siendo un continente de paz\u201d, afirm\u00f3 el En Sonora en Equipo publicamos toda la informaci\u00f3n de Sonora, M\u00e9xico y el Mundo de manera oportuna y busca que la libertad de expresi\u00f3n sea real. Visita nuestro medio informativo publicado desde Hermosillo, Sonora. %\" \/>\n<meta name=\"robots\" content=\"index, follow, max-snippet:-1, max-image-preview:large, max-video-preview:-1\" \/>\n<link rel=\"canonical\" href=\"https:\/\/www.sonoraenequipo.com.mx\/que-nuestra-america-sea-un-continente-de-paz-presidente-lopez-obrador\/\" \/>\n<meta property=\"og:locale\" content=\"es_ES\" \/>\n<meta property=\"og:type\" content=\"article\" \/>\n<meta property=\"og:title\" content=\"Sonora en Equipo. \u201cQue nuestra Am\u00e9rica sea un continente de paz\u201d: presidente L\u00f3pez Obrador Rep\u00fablica\" \/>\n<meta property=\"og:description\" content=\"CIUDAD DE M\u00c9XICO. MX. \u2014 \u201cYo estoy totalmente de acuerdo en que nuestra Am\u00e9rica sea un continente de paz, que siga siendo un continente de paz\u201d, afirm\u00f3 el En Sonora en Equipo publicamos toda la informaci\u00f3n de Sonora, M\u00e9xico y el Mundo de manera oportuna y busca que la libertad de expresi\u00f3n sea real. Visita nuestro medio informativo publicado desde Hermosillo, Sonora. %\" \/>\n<meta property=\"og:url\" content=\"https:\/\/www.sonoraenequipo.com.mx\/que-nuestra-america-sea-un-continente-de-paz-presidente-lopez-obrador\/\" \/>\n<meta property=\"og:site_name\" content=\"Sonora en Equipo.\" \/>\n<meta property=\"article:publisher\" content=\"https:\/\/www.facebook.com\/SonoraEE\/\" \/>\n<meta property=\"article:author\" content=\"https:\/\/www.facebook.com\/SonoraEE\" \/>\n<meta property=\"article:published_time\" content=\"2024-04-19T15:54:35+00:00\" \/>\n<meta property=\"article:modified_time\" content=\"2024-04-20T01:34:05+00:00\" \/>\n<meta property=\"og:image\" content=\"https:\/\/www.sonoraenequipo.com.mx\/storage\/2024\/04\/2024-04-19-Conferencia-de-prensa-matutina-Palacio-Nacional-Foto-10-min.jpg\" \/>\n\t<meta property=\"og:image:width\" content=\"1500\" \/>\n\t<meta property=\"og:image:height\" content=\"1000\" \/>\n\t<meta property=\"og:image:type\" content=\"image\/jpeg\" \/>\n<meta name=\"author\" content=\"enequipo\" \/>\n<meta name=\"twitter:card\" content=\"summary_large_image\" \/>\n<meta name=\"twitter:creator\" content=\"@sonoraenequipo\" \/>\n<meta name=\"twitter:site\" content=\"@sonoraenequipo\" \/>\n<meta name=\"twitter:label1\" content=\"Escrito por\" \/>\n\t<meta name=\"twitter:data1\" content=\"enequipo\" \/>\n\t<meta name=\"twitter:label2\" content=\"Tiempo de lectura\" \/>\n\t<meta name=\"twitter:data2\" content=\"3 minutos\" \/>\n<script type=\"application\/ld+json\" class=\"yoast-schema-graph\">{\"@context\":\"https:\/\/schema.org\",\"@graph\":[{\"@type\":\"Article\",\"@id\":\"https:\/\/www.sonoraenequipo.com.mx\/que-nuestra-america-sea-un-continente-de-paz-presidente-lopez-obrador\/#article\",\"isPartOf\":{\"@id\":\"https:\/\/www.sonoraenequipo.com.mx\/que-nuestra-america-sea-un-continente-de-paz-presidente-lopez-obrador\/\"},\"author\":{\"name\":\"enequipo\",\"@id\":\"https:\/\/www.sonoraenequipo.com.mx\/#\/schema\/person\/50102df0fb23a8fa9e8effad8fa81386\"},\"headline\":\"\u201cQue nuestra Am\u00e9rica sea un continente de paz\u201d: presidente L\u00f3pez Obrador\",\"datePublished\":\"2024-04-19T15:54:35+00:00\",\"dateModified\":\"2024-04-20T01:34:05+00:00\",\"mainEntityOfPage\":{\"@id\":\"https:\/\/www.sonoraenequipo.com.mx\/que-nuestra-america-sea-un-continente-de-paz-presidente-lopez-obrador\/\"},\"wordCount\":566,\"commentCount\":0,\"publisher\":{\"@id\":\"https:\/\/www.sonoraenequipo.com.mx\/#organization\"},\"image\":{\"@id\":\"https:\/\/www.sonoraenequipo.com.mx\/que-nuestra-america-sea-un-continente-de-paz-presidente-lopez-obrador\/#primaryimage\"},\"thumbnailUrl\":\"https:\/\/www.sonoraenequipo.com.mx\/storage\/2024\/04\/2024-04-19-Conferencia-de-prensa-matutina-Palacio-Nacional-Foto-10-min.jpg\",\"articleSection\":[\"Rep\u00fablica\"],\"inLanguage\":\"es\",\"potentialAction\":[{\"@type\":\"CommentAction\",\"name\":\"Comment\",\"target\":[\"https:\/\/www.sonoraenequipo.com.mx\/que-nuestra-america-sea-un-continente-de-paz-presidente-lopez-obrador\/#respond\"]}]},{\"@type\":\"WebPage\",\"@id\":\"https:\/\/www.sonoraenequipo.com.mx\/que-nuestra-america-sea-un-continente-de-paz-presidente-lopez-obrador\/\",\"url\":\"https:\/\/www.sonoraenequipo.com.mx\/que-nuestra-america-sea-un-continente-de-paz-presidente-lopez-obrador\/\",\"name\":\"Sonora en Equipo. \u201cQue nuestra Am\u00e9rica sea un continente de paz\u201d: presidente L\u00f3pez Obrador Rep\u00fablica\",\"isPartOf\":{\"@id\":\"https:\/\/www.sonoraenequipo.com.mx\/#website\"},\"primaryImageOfPage\":{\"@id\":\"https:\/\/www.sonoraenequipo.com.mx\/que-nuestra-america-sea-un-continente-de-paz-presidente-lopez-obrador\/#primaryimage\"},\"image\":{\"@id\":\"https:\/\/www.sonoraenequipo.com.mx\/que-nuestra-america-sea-un-continente-de-paz-presidente-lopez-obrador\/#primaryimage\"},\"thumbnailUrl\":\"https:\/\/www.sonoraenequipo.com.mx\/storage\/2024\/04\/2024-04-19-Conferencia-de-prensa-matutina-Palacio-Nacional-Foto-10-min.jpg\",\"datePublished\":\"2024-04-19T15:54:35+00:00\",\"dateModified\":\"2024-04-20T01:34:05+00:00\",\"description\":\"CIUDAD DE M\u00c9XICO. MX. \u2014 \u201cYo estoy totalmente de acuerdo en que nuestra Am\u00e9rica sea un continente de paz, que siga siendo un continente de paz\u201d, afirm\u00f3 el En Sonora en Equipo publicamos toda la informaci\u00f3n de Sonora, M\u00e9xico y el Mundo de manera oportuna y busca que la libertad de expresi\u00f3n sea real. Visita nuestro medio informativo publicado desde Hermosillo, Sonora. %\",\"breadcrumb\":{\"@id\":\"https:\/\/www.sonoraenequipo.com.mx\/que-nuestra-america-sea-un-continente-de-paz-presidente-lopez-obrador\/#breadcrumb\"},\"inLanguage\":\"es\",\"potentialAction\":[{\"@type\":\"ReadAction\",\"target\":[\"https:\/\/www.sonoraenequipo.com.mx\/que-nuestra-america-sea-un-continente-de-paz-presidente-lopez-obrador\/\"]}]},{\"@type\":\"ImageObject\",\"inLanguage\":\"es\",\"@id\":\"https:\/\/www.sonoraenequipo.com.mx\/que-nuestra-america-sea-un-continente-de-paz-presidente-lopez-obrador\/#primaryimage\",\"url\":\"https:\/\/www.sonoraenequipo.com.mx\/storage\/2024\/04\/2024-04-19-Conferencia-de-prensa-matutina-Palacio-Nacional-Foto-10-min.jpg\",\"contentUrl\":\"https:\/\/www.sonoraenequipo.com.mx\/storage\/2024\/04\/2024-04-19-Conferencia-de-prensa-matutina-Palacio-Nacional-Foto-10-min.jpg\",\"width\":1500,\"height\":1000},{\"@type\":\"BreadcrumbList\",\"@id\":\"https:\/\/www.sonoraenequipo.com.mx\/que-nuestra-america-sea-un-continente-de-paz-presidente-lopez-obrador\/#breadcrumb\",\"itemListElement\":[{\"@type\":\"ListItem\",\"position\":1,\"name\":\"Portada\",\"item\":\"https:\/\/www.sonoraenequipo.com.mx\/\"},{\"@type\":\"ListItem\",\"position\":2,\"name\":\"\u201cQue nuestra Am\u00e9rica sea un continente de paz\u201d: presidente L\u00f3pez Obrador\"}]},{\"@type\":\"WebSite\",\"@id\":\"https:\/\/www.sonoraenequipo.com.mx\/#website\",\"url\":\"https:\/\/www.sonoraenequipo.com.mx\/\",\"name\":\"Sonora en Equipo.\",\"description\":\"Diario en l\u00ednea con Noticias desde Hermosillo, Sonora\",\"publisher\":{\"@id\":\"https:\/\/www.sonoraenequipo.com.mx\/#organization\"},\"potentialAction\":[{\"@type\":\"SearchAction\",\"target\":{\"@type\":\"EntryPoint\",\"urlTemplate\":\"https:\/\/www.sonoraenequipo.com.mx\/?s={search_term_string}\"},\"query-input\":{\"@type\":\"PropertyValueSpecification\",\"valueRequired\":true,\"valueName\":\"search_term_string\"}}],\"inLanguage\":\"es\"},{\"@type\":\"Organization\",\"@id\":\"https:\/\/www.sonoraenequipo.com.mx\/#organization\",\"name\":\"Sonoraenequipo.com.mx\",\"url\":\"https:\/\/www.sonoraenequipo.com.mx\/\",\"logo\":{\"@type\":\"ImageObject\",\"inLanguage\":\"es\",\"@id\":\"https:\/\/www.sonoraenequipo.com.mx\/#\/schema\/logo\/image\/\",\"url\":\"https:\/\/www.sonoraenequipo.com.mx\/storage\/2019\/01\/sonoraenequipo_opt.png\",\"contentUrl\":\"https:\/\/www.sonoraenequipo.com.mx\/storage\/2019\/01\/sonoraenequipo_opt.png\",\"width\":375,\"height\":125,\"caption\":\"Sonoraenequipo.com.mx\"},\"image\":{\"@id\":\"https:\/\/www.sonoraenequipo.com.mx\/#\/schema\/logo\/image\/\"},\"sameAs\":[\"https:\/\/www.facebook.com\/SonoraEE\/\",\"https:\/\/x.com\/sonoraenequipo\",\"https:\/\/www.youtube.com\/channel\/UC338nW-lPEYmJQs4ZABQ1SQ\"]},{\"@type\":\"Person\",\"@id\":\"https:\/\/www.sonoraenequipo.com.mx\/#\/schema\/person\/50102df0fb23a8fa9e8effad8fa81386\",\"name\":\"enequipo\",\"image\":{\"@type\":\"ImageObject\",\"inLanguage\":\"es\",\"@id\":\"https:\/\/www.sonoraenequipo.com.mx\/#\/schema\/person\/image\/\",\"url\":\"https:\/\/secure.gravatar.com\/avatar\/049821681b589dabc0bc20695993ccebb09f5b5d4d790cd9251b97faac7c652b?s=96&d=blank&r=g\",\"contentUrl\":\"https:\/\/secure.gravatar.com\/avatar\/049821681b589dabc0bc20695993ccebb09f5b5d4d790cd9251b97faac7c652b?s=96&d=blank&r=g\",\"caption\":\"enequipo\"},\"sameAs\":[\"https:\/\/www.facebook.com\/SonoraEE\"]}]}<\/script>\n ","yoast_head_json":{"title":"Sonora en Equipo. \u201cQue nuestra Am\u00e9rica sea un continente de paz\u201d: presidente L\u00f3pez Obrador Rep\u00fablica","description":"CIUDAD DE M\u00c9XICO. MX. \u2014 \u201cYo estoy totalmente de acuerdo en que nuestra Am\u00e9rica sea un continente de paz, que siga siendo un continente de paz\u201d, afirm\u00f3 el En Sonora en Equipo publicamos toda la informaci\u00f3n de Sonora, M\u00e9xico y el Mundo de manera oportuna y busca que la libertad de expresi\u00f3n sea real. Visita nuestro medio informativo publicado desde Hermosillo, Sonora. %","robots":{"index":"index","follow":"follow","max-snippet":"max-snippet:-1","max-image-preview":"max-image-preview:large","max-video-preview":"max-video-preview:-1"},"canonical":"https:\/\/www.sonoraenequipo.com.mx\/que-nuestra-america-sea-un-continente-de-paz-presidente-lopez-obrador\/","og_locale":"es_ES","og_type":"article","og_title":"Sonora en Equipo. \u201cQue nuestra Am\u00e9rica sea un continente de paz\u201d: presidente L\u00f3pez Obrador Rep\u00fablica","og_description":"CIUDAD DE M\u00c9XICO. MX. \u2014 \u201cYo estoy totalmente de acuerdo en que nuestra Am\u00e9rica sea un continente de paz, que siga siendo un continente de paz\u201d, afirm\u00f3 el En Sonora en Equipo publicamos toda la informaci\u00f3n de Sonora, M\u00e9xico y el Mundo de manera oportuna y busca que la libertad de expresi\u00f3n sea real. Visita nuestro medio informativo publicado desde Hermosillo, Sonora. %","og_url":"https:\/\/www.sonoraenequipo.com.mx\/que-nuestra-america-sea-un-continente-de-paz-presidente-lopez-obrador\/","og_site_name":"Sonora en Equipo.","article_publisher":"https:\/\/www.facebook.com\/SonoraEE\/","article_author":"https:\/\/www.facebook.com\/SonoraEE","article_published_time":"2024-04-19T15:54:35+00:00","article_modified_time":"2024-04-20T01:34:05+00:00","og_image":[{"width":1500,"height":1000,"url":"https:\/\/www.sonoraenequipo.com.mx\/storage\/2024\/04\/2024-04-19-Conferencia-de-prensa-matutina-Palacio-Nacional-Foto-10-min.jpg","type":"image\/jpeg"}],"author":"enequipo","twitter_card":"summary_large_image","twitter_creator":"@sonoraenequipo","twitter_site":"@sonoraenequipo","twitter_misc":{"Escrito por":"enequipo","Tiempo de lectura":"3 minutos"},"schema":{"@context":"https:\/\/schema.org","@graph":[{"@type":"Article","@id":"https:\/\/www.sonoraenequipo.com.mx\/que-nuestra-america-sea-un-continente-de-paz-presidente-lopez-obrador\/#article","isPartOf":{"@id":"https:\/\/www.sonoraenequipo.com.mx\/que-nuestra-america-sea-un-continente-de-paz-presidente-lopez-obrador\/"},"author":{"name":"enequipo","@id":"https:\/\/www.sonoraenequipo.com.mx\/#\/schema\/person\/50102df0fb23a8fa9e8effad8fa81386"},"headline":"\u201cQue nuestra Am\u00e9rica sea un continente de paz\u201d: presidente L\u00f3pez Obrador","datePublished":"2024-04-19T15:54:35+00:00","dateModified":"2024-04-20T01:34:05+00:00","mainEntityOfPage":{"@id":"https:\/\/www.sonoraenequipo.com.mx\/que-nuestra-america-sea-un-continente-de-paz-presidente-lopez-obrador\/"},"wordCount":566,"commentCount":0,"publisher":{"@id":"https:\/\/www.sonoraenequipo.com.mx\/#organization"},"image":{"@id":"https:\/\/www.sonoraenequipo.com.mx\/que-nuestra-america-sea-un-continente-de-paz-presidente-lopez-obrador\/#primaryimage"},"thumbnailUrl":"https:\/\/www.sonoraenequipo.com.mx\/storage\/2024\/04\/2024-04-19-Conferencia-de-prensa-matutina-Palacio-Nacional-Foto-10-min.jpg","articleSection":["Rep\u00fablica"],"inLanguage":"es","potentialAction":[{"@type":"CommentAction","name":"Comment","target":["https:\/\/www.sonoraenequipo.com.mx\/que-nuestra-america-sea-un-continente-de-paz-presidente-lopez-obrador\/#respond"]}]},{"@type":"WebPage","@id":"https:\/\/www.sonoraenequipo.com.mx\/que-nuestra-america-sea-un-continente-de-paz-presidente-lopez-obrador\/","url":"https:\/\/www.sonoraenequipo.com.mx\/que-nuestra-america-sea-un-continente-de-paz-presidente-lopez-obrador\/","name":"Sonora en Equipo. \u201cQue nuestra Am\u00e9rica sea un continente de paz\u201d: presidente L\u00f3pez Obrador Rep\u00fablica","isPartOf":{"@id":"https:\/\/www.sonoraenequipo.com.mx\/#website"},"primaryImageOfPage":{"@id":"https:\/\/www.sonoraenequipo.com.mx\/que-nuestra-america-sea-un-continente-de-paz-presidente-lopez-obrador\/#primaryimage"},"image":{"@id":"https:\/\/www.sonoraenequipo.com.mx\/que-nuestra-america-sea-un-continente-de-paz-presidente-lopez-obrador\/#primaryimage"},"thumbnailUrl":"https:\/\/www.sonoraenequipo.com.mx\/storage\/2024\/04\/2024-04-19-Conferencia-de-prensa-matutina-Palacio-Nacional-Foto-10-min.jpg","datePublished":"2024-04-19T15:54:35+00:00","dateModified":"2024-04-20T01:34:05+00:00","description":"CIUDAD DE M\u00c9XICO. MX. \u2014 \u201cYo estoy totalmente de acuerdo en que nuestra Am\u00e9rica sea un continente de paz, que siga siendo un continente de paz\u201d, afirm\u00f3 el En Sonora en Equipo publicamos toda la informaci\u00f3n de Sonora, M\u00e9xico y el Mundo de manera oportuna y busca que la libertad de expresi\u00f3n sea real. Visita nuestro medio informativo publicado desde Hermosillo, Sonora. %","breadcrumb":{"@id":"https:\/\/www.sonoraenequipo.com.mx\/que-nuestra-america-sea-un-continente-de-paz-presidente-lopez-obrador\/#breadcrumb"},"inLanguage":"es","potentialAction":[{"@type":"ReadAction","target":["https:\/\/www.sonoraenequipo.com.mx\/que-nuestra-america-sea-un-continente-de-paz-presidente-lopez-obrador\/"]}]},{"@type":"ImageObject","inLanguage":"es","@id":"https:\/\/www.sonoraenequipo.com.mx\/que-nuestra-america-sea-un-continente-de-paz-presidente-lopez-obrador\/#primaryimage","url":"https:\/\/www.sonoraenequipo.com.mx\/storage\/2024\/04\/2024-04-19-Conferencia-de-prensa-matutina-Palacio-Nacional-Foto-10-min.jpg","contentUrl":"https:\/\/www.sonoraenequipo.com.mx\/storage\/2024\/04\/2024-04-19-Conferencia-de-prensa-matutina-Palacio-Nacional-Foto-10-min.jpg","width":1500,"height":1000},{"@type":"BreadcrumbList","@id":"https:\/\/www.sonoraenequipo.com.mx\/que-nuestra-america-sea-un-continente-de-paz-presidente-lopez-obrador\/#breadcrumb","itemListElement":[{"@type":"ListItem","position":1,"name":"Portada","item":"https:\/\/www.sonoraenequipo.com.mx\/"},{"@type":"ListItem","position":2,"name":"\u201cQue nuestra Am\u00e9rica sea un continente de paz\u201d: presidente L\u00f3pez Obrador"}]},{"@type":"WebSite","@id":"https:\/\/www.sonoraenequipo.com.mx\/#website","url":"https:\/\/www.sonoraenequipo.com.mx\/","name":"Sonora en Equipo.","description":"Diario en l\u00ednea con Noticias desde Hermosillo, Sonora","publisher":{"@id":"https:\/\/www.sonoraenequipo.com.mx\/#organization"},"potentialAction":[{"@type":"SearchAction","target":{"@type":"EntryPoint","urlTemplate":"https:\/\/www.sonoraenequipo.com.mx\/?s={search_term_string}"},"query-input":{"@type":"PropertyValueSpecification","valueRequired":true,"valueName":"search_term_string"}}],"inLanguage":"es"},{"@type":"Organization","@id":"https:\/\/www.sonoraenequipo.com.mx\/#organization","name":"Sonoraenequipo.com.mx","url":"https:\/\/www.sonoraenequipo.com.mx\/","logo":{"@type":"ImageObject","inLanguage":"es","@id":"https:\/\/www.sonoraenequipo.com.mx\/#\/schema\/logo\/image\/","url":"https:\/\/www.sonoraenequipo.com.mx\/storage\/2019\/01\/sonoraenequipo_opt.png","contentUrl":"https:\/\/www.sonoraenequipo.com.mx\/storage\/2019\/01\/sonoraenequipo_opt.png","width":375,"height":125,"caption":"Sonoraenequipo.com.mx"},"image":{"@id":"https:\/\/www.sonoraenequipo.com.mx\/#\/schema\/logo\/image\/"},"sameAs":["https:\/\/www.facebook.com\/SonoraEE\/","https:\/\/x.com\/sonoraenequipo","https:\/\/www.youtube.com\/channel\/UC338nW-lPEYmJQs4ZABQ1SQ"]},{"@type":"Person","@id":"https:\/\/www.sonoraenequipo.com.mx\/#\/schema\/person\/50102df0fb23a8fa9e8effad8fa81386","name":"enequipo","image":{"@type":"ImageObject","inLanguage":"es","@id":"https:\/\/www.sonoraenequipo.com.mx\/#\/schema\/person\/image\/","url":"https:\/\/secure.gravatar.com\/avatar\/049821681b589dabc0bc20695993ccebb09f5b5d4d790cd9251b97faac7c652b?s=96&d=blank&r=g","contentUrl":"https:\/\/secure.gravatar.com\/avatar\/049821681b589dabc0bc20695993ccebb09f5b5d4d790cd9251b97faac7c652b?s=96&d=blank&r=g","caption":"enequipo"},"sameAs":["https:\/\/www.facebook.com\/SonoraEE"]}]}},"jetpack_featured_media_url":"https:\/\/www.sonoraenequipo.com.mx\/storage\/2024\/04\/2024-04-19-Conferencia-de-prensa-matutina-Palacio-Nacional-Foto-10-min.jpg","_links":{"self":[{"href":"https:\/\/www.sonoraenequipo.com.mx\/api\/wp\/v2\/posts\/187933","targetHints":{"allow":["GET"]}}],"collection":[{"href":"https:\/\/www.sonoraenequipo.com.mx\/api\/wp\/v2\/posts"}],"about":[{"href":"https:\/\/www.sonoraenequipo.com.mx\/api\/wp\/v2\/types\/post"}],"author":[{"embeddable":true,"href":"https:\/\/www.sonoraenequipo.com.mx\/api\/wp\/v2\/users\/1"}],"replies":[{"embeddable":true,"href":"https:\/\/www.sonoraenequipo.com.mx\/api\/wp\/v2\/comments?post=187933"}],"version-history":[{"count":2,"href":"https:\/\/www.sonoraenequipo.com.mx\/api\/wp\/v2\/posts\/187933\/revisions"}],"predecessor-version":[{"id":187936,"href":"https:\/\/www.sonoraenequipo.com.mx\/api\/wp\/v2\/posts\/187933\/revisions\/187936"}],"wp:featuredmedia":[{"embeddable":true,"href":"https:\/\/www.sonoraenequipo.com.mx\/api\/wp\/v2\/media\/187934"}],"wp:attachment":[{"href":"https:\/\/www.sonoraenequipo.com.mx\/api\/wp\/v2\/media?parent=187933"}],"wp:term":[{"taxonomy":"category","embeddable":true,"href":"https:\/\/www.sonoraenequipo.com.mx\/api\/wp\/v2\/categories?post=187933"},{"taxonomy":"post_tag","embeddable":true,"href":"https:\/\/www.sonoraenequipo.com.mx\/api\/wp\/v2\/tags?post=187933"}],"curies":[{"name":"wp","href":"https:\/\/api.w.org\/{rel}","templated":true}]}}