{"id":187938,"date":"2024-04-19T07:37:37","date_gmt":"2024-04-19T14:37:37","guid":{"rendered":"https:\/\/www.sonoraenequipo.com.mx\/?p=187938"},"modified":"2024-04-19T19:54:32","modified_gmt":"2024-04-20T02:54:32","slug":"inauguran-novena-edicion-del-congreso-internacional-de-enfermeria","status":"publish","type":"post","link":"https:\/\/www.sonoraenequipo.com.mx\/inauguran-novena-edicion-del-congreso-internacional-de-enfermeria\/","title":{"rendered":"Inauguran novena edici\u00f3n del Congreso Internacional de Enfermer\u00eda"},"content":{"rendered":"<p><strong>HERMOSILLO, SONORA. MX. \u2014<\/strong> El Congreso Internacional de Enfermer\u00eda, ahora en su novena edici\u00f3n bajo el lema \u201cEducaci\u00f3n e Investigaci\u00f3n: Transfiriendo la evidencia a la pr\u00e1ctica\u201d, se ha constituido en un irreemplazable espacio de intercambio de experiencias y puntos de vista que favorece a la preparaci\u00f3n del cuerpo docente y al estudiantado en primera l\u00ednea.<\/p>\n<p> <\/p>\n<p>As\u00ed lo consider\u00f3 Luz Mar\u00eda Dur\u00e1n Moreno, directora Administrativa del campus Hermosillo de la Universidad de Sonora, al inaugurar este d\u00eda, en representaci\u00f3n de la rectora, Mar\u00eda Rita Plancarte Mart\u00ednez, la novena edici\u00f3n del Congreso Internacional de Enfermer\u00eda en el que participan expertos de M\u00e9xico y de diversos pa\u00edses.<\/p>\n<p>La funcionaria universitaria dijo que, con este evento, los profesionales de la enfermer\u00eda, as\u00ed como los docentes y los propios alumnos tienen la posibilidad de abrazar y reflexionar sobre los avances de la pr\u00e1ctica aplicada a los servicios primarios de la salud.<\/p>\n<p><strong><em>\u201cPrecisamente el lema, \u2018Transfiriendo la evidencia a la pr\u00e1ctica\u2019, nos expresa que lo que se adquiere a trav\u00e9s de la bibliograf\u00eda y la c\u00e1tedra en las aulas, hay que trasladarlas, hay que reforzarlas a la pr\u00e1ctica cotidiana, pues es verdad que la teor\u00eda nos ofrece el conocimiento, pero la pr\u00e1ctica nos brinda la excelencia\u201d<\/em><\/strong>, estableci\u00f3.<\/p>\n<p>Se\u00f1al\u00f3 que, precisamente, uno de los objetivos de este congreso es que todos abracen la experiencia ya que, efectivamente, la pr\u00e1ctica, el error, el equivocarse, es la \u00fanica forma de aprender y estar en la mejora continua, haciendo referencia a una frase que mencion\u00f3 la primera ponente al concluir, que<em><strong> \u201cel mejor docente es el error que cometemos\u201d.<\/strong><\/em><\/p>\n<h3>Un reto que se cumple<\/h3>\n<p>Dur\u00e1n Moreno a\u00f1adi\u00f3 que la enfermer\u00eda requiere autonom\u00eda para establecer una gesti\u00f3n independiente basado en su propio saber, que supone una actitud durante un problema y saber hacer para desarrollar las habilidades necesarias de la profesi\u00f3n para aportar una soluci\u00f3n.<\/p>\n<p>\u201cDe esta manera, en concordancia con los objetivos de la Agenda 2030 para el Desarrollo Sostenible, la Universidad de Sonora tiene el reto de proporcionar una educaci\u00f3n de calidad inclusiva y equitativa que coadyuve a lograr un desarrollo sostenible en el mejoramiento de la calidad y nivel de vida de las personas y lograr m\u00e1s, en cada una de las fronteras una mayor integraci\u00f3n de la comunidad universitaria y de la sociedad globalizada\u201d, apunt\u00f3.<\/p>\n<h3>Materializan esfuerzos<\/h3>\n<p>La directora Administrativa presidi\u00f3 el evento, acompa\u00f1ada por el coordinador General de la Facultad Interdisciplinaria de Ciencias Biol\u00f3gicas y de Salud, Juan Carlos G\u00e1lvez Ruiz, quien fue el encargado de dar la bienvenida a los asistentes y a los ponentes participantes.<\/p>\n<p>Invit\u00f3, principalmente a los j\u00f3venes, a aprovechar la experiencia de los expositores quienes compartir\u00e1n el conocimiento acumulado de muchos a\u00f1os, muchos d\u00edas que hay que valorar.<\/p>\n<p>Por su parte, la jefa del Departamento de Enfermer\u00eda, Claudia Figueroa Ibarra, tambi\u00e9n agradeci\u00f3 a todos quienes hacen posible el evento a pesar de las adversidades y dijo que el Congreso es un reflejo de la perseverancia, compromiso y amor que se le tiene a la labor de la profesi\u00f3n.<\/p>\n<p>\u201cRealmente todo nos motiva y nos gu\u00eda para poder materializar esfuerzos como \u00e9ste. El que estemos aqu\u00ed el d\u00eda de hoy nos refleja una de las verdaderas esencias de los enfermeros y enfermeras que es darlo todo y un poco m\u00e1s\u201d, enfatiz\u00f3.<\/p>\n<p>En la mesa del pres\u00eddium tambi\u00e9n estuvieron la coordinadora del programa acad\u00e9mico de Enfermer\u00eda, Mar\u00eda del Carmen Valle Figueroa, y la representante del Comit\u00e9 Estudiantil, Ely Paulina Peralta; adem\u00e1s, durante la ceremonia inaugural particip\u00f3, interpretando majestuosamente el Himno Universitario, el tenor Carlos Mario Taraz\u00f3n Solano.<\/p>\n<p>Las actividades continuar\u00e1n este viernes de manera presencial en el Auditorio de la Iglesia Ancla, ubicada en la carretera a la Colorada No. 20, en el fraccionamiento Las Lomas, en Hermosillo, Sonora; adem\u00e1s, de forma virtual en vivo por Facebook del Departamento de Enfermer\u00eda \u2013 Universidad de Sonora, y a trav\u00e9s del canal de YouTube https:\/\/www.youtube.com\/@cie.unison.enfermeria<\/p>\n<p>El programa completo puede consultarse en el sitio:<\/p>\n<p><strong><a href=\"https:\/\/enfermeria.unison.mx\/storage\/2024\/03\/PROGRAMA-9-CIE.pdf\">https:\/\/enfermeria.unison.mx\/storage\/2024\/03\/PROGRAMA-9-CIE.pdf<\/a><\/strong><\/p>\n<p>PUBLICADO EL 19 DE ABRIL DE 2024\/ Con informaci\u00f3n de Universidad de Sonora)<\/p>\n","protected":false},"excerpt":{"rendered":"<p>HERMOSILLO, SONORA. MX. \u2014 El Congreso Internacional de Enfermer\u00eda, ahora en su novena edici\u00f3n bajo&#8230;<\/p>\n","protected":false},"author":1,"featured_media":187940,"comment_status":"open","ping_status":"open","sticky":false,"template":"","format":"standard","meta":{"_monsterinsights_skip_tracking":false,"_monsterinsights_sitenote_active":false,"_monsterinsights_sitenote_note":"","_monsterinsights_sitenote_category":0,"footnotes":""},"categories":[22],"tags":[],"class_list":["post"],"yoast_head":" \n<title>Sonora en Equipo. Inauguran novena edici\u00f3n del Congreso Internacional de Enfermer\u00eda Sonora<\/title>\n<meta name=\"description\" content=\"HERMOSILLO, SONORA. MX. \u2014 El Congreso Internacional de Enfermer\u00eda, ahora en su novena edici\u00f3n bajo el lema \u201cEducaci\u00f3n e Investigaci\u00f3n: Transfiriendo la En Sonora en Equipo publicamos toda la informaci\u00f3n de Sonora, M\u00e9xico y el Mundo de manera oportuna y busca que la libertad de expresi\u00f3n sea real. Visita nuestro medio informativo publicado desde Hermosillo, Sonora. %\" \/>\n<meta name=\"robots\" content=\"index, follow, max-snippet:-1, max-image-preview:large, max-video-preview:-1\" \/>\n<link rel=\"canonical\" href=\"https:\/\/www.sonoraenequipo.com.mx\/inauguran-novena-edicion-del-congreso-internacional-de-enfermeria\/\" \/>\n<meta property=\"og:locale\" content=\"es_ES\" \/>\n<meta property=\"og:type\" content=\"article\" \/>\n<meta property=\"og:title\" content=\"Sonora en Equipo. Inauguran novena edici\u00f3n del Congreso Internacional de Enfermer\u00eda Sonora\" \/>\n<meta property=\"og:description\" content=\"HERMOSILLO, SONORA. MX. \u2014 El Congreso Internacional de Enfermer\u00eda, ahora en su novena edici\u00f3n bajo el lema \u201cEducaci\u00f3n e Investigaci\u00f3n: Transfiriendo la En Sonora en Equipo publicamos toda la informaci\u00f3n de Sonora, M\u00e9xico y el Mundo de manera oportuna y busca que la libertad de expresi\u00f3n sea real. Visita nuestro medio informativo publicado desde Hermosillo, Sonora. %\" \/>\n<meta property=\"og:url\" content=\"https:\/\/www.sonoraenequipo.com.mx\/inauguran-novena-edicion-del-congreso-internacional-de-enfermeria\/\" \/>\n<meta property=\"og:site_name\" content=\"Sonora en Equipo.\" \/>\n<meta property=\"article:publisher\" content=\"https:\/\/www.facebook.com\/SonoraEE\/\" \/>\n<meta property=\"article:author\" content=\"https:\/\/www.facebook.com\/SonoraEE\" \/>\n<meta property=\"article:published_time\" content=\"2024-04-19T14:37:37+00:00\" \/>\n<meta property=\"article:modified_time\" content=\"2024-04-20T02:54:32+00:00\" \/>\n<meta property=\"og:image\" content=\"https:\/\/www.sonoraenequipo.com.mx\/storage\/2024\/04\/unison_Congreso-de-Enfermeria-min.jpg\" \/>\n\t<meta property=\"og:image:width\" content=\"896\" \/>\n\t<meta property=\"og:image:height\" content=\"536\" \/>\n\t<meta property=\"og:image:type\" content=\"image\/jpeg\" \/>\n<meta name=\"author\" content=\"enequipo\" \/>\n<meta name=\"twitter:card\" content=\"summary_large_image\" \/>\n<meta name=\"twitter:creator\" content=\"@sonoraenequipo\" \/>\n<meta name=\"twitter:site\" content=\"@sonoraenequipo\" \/>\n<meta name=\"twitter:label1\" content=\"Escrito por\" \/>\n\t<meta name=\"twitter:data1\" content=\"enequipo\" \/>\n\t<meta name=\"twitter:label2\" content=\"Tiempo de lectura\" \/>\n\t<meta name=\"twitter:data2\" content=\"4 minutos\" \/>\n<script type=\"application\/ld+json\" class=\"yoast-schema-graph\">{\"@context\":\"https:\/\/schema.org\",\"@graph\":[{\"@type\":\"Article\",\"@id\":\"https:\/\/www.sonoraenequipo.com.mx\/inauguran-novena-edicion-del-congreso-internacional-de-enfermeria\/#article\",\"isPartOf\":{\"@id\":\"https:\/\/www.sonoraenequipo.com.mx\/inauguran-novena-edicion-del-congreso-internacional-de-enfermeria\/\"},\"author\":{\"name\":\"enequipo\",\"@id\":\"https:\/\/www.sonoraenequipo.com.mx\/#\/schema\/person\/50102df0fb23a8fa9e8effad8fa81386\"},\"headline\":\"Inauguran novena edici\u00f3n del Congreso Internacional de Enfermer\u00eda\",\"datePublished\":\"2024-04-19T14:37:37+00:00\",\"dateModified\":\"2024-04-20T02:54:32+00:00\",\"mainEntityOfPage\":{\"@id\":\"https:\/\/www.sonoraenequipo.com.mx\/inauguran-novena-edicion-del-congreso-internacional-de-enfermeria\/\"},\"wordCount\":743,\"commentCount\":0,\"publisher\":{\"@id\":\"https:\/\/www.sonoraenequipo.com.mx\/#organization\"},\"image\":{\"@id\":\"https:\/\/www.sonoraenequipo.com.mx\/inauguran-novena-edicion-del-congreso-internacional-de-enfermeria\/#primaryimage\"},\"thumbnailUrl\":\"https:\/\/www.sonoraenequipo.com.mx\/storage\/2024\/04\/unison_Congreso-de-Enfermeria-min.jpg\",\"articleSection\":[\"Sonora\"],\"inLanguage\":\"es\",\"potentialAction\":[{\"@type\":\"CommentAction\",\"name\":\"Comment\",\"target\":[\"https:\/\/www.sonoraenequipo.com.mx\/inauguran-novena-edicion-del-congreso-internacional-de-enfermeria\/#respond\"]}]},{\"@type\":\"WebPage\",\"@id\":\"https:\/\/www.sonoraenequipo.com.mx\/inauguran-novena-edicion-del-congreso-internacional-de-enfermeria\/\",\"url\":\"https:\/\/www.sonoraenequipo.com.mx\/inauguran-novena-edicion-del-congreso-internacional-de-enfermeria\/\",\"name\":\"Sonora en Equipo. Inauguran novena edici\u00f3n del Congreso Internacional de Enfermer\u00eda Sonora\",\"isPartOf\":{\"@id\":\"https:\/\/www.sonoraenequipo.com.mx\/#website\"},\"primaryImageOfPage\":{\"@id\":\"https:\/\/www.sonoraenequipo.com.mx\/inauguran-novena-edicion-del-congreso-internacional-de-enfermeria\/#primaryimage\"},\"image\":{\"@id\":\"https:\/\/www.sonoraenequipo.com.mx\/inauguran-novena-edicion-del-congreso-internacional-de-enfermeria\/#primaryimage\"},\"thumbnailUrl\":\"https:\/\/www.sonoraenequipo.com.mx\/storage\/2024\/04\/unison_Congreso-de-Enfermeria-min.jpg\",\"datePublished\":\"2024-04-19T14:37:37+00:00\",\"dateModified\":\"2024-04-20T02:54:32+00:00\",\"description\":\"HERMOSILLO, SONORA. MX. \u2014 El Congreso Internacional de Enfermer\u00eda, ahora en su novena edici\u00f3n bajo el lema \u201cEducaci\u00f3n e Investigaci\u00f3n: Transfiriendo la En Sonora en Equipo publicamos toda la informaci\u00f3n de Sonora, M\u00e9xico y el Mundo de manera oportuna y busca que la libertad de expresi\u00f3n sea real. Visita nuestro medio informativo publicado desde Hermosillo, Sonora. %\",\"breadcrumb\":{\"@id\":\"https:\/\/www.sonoraenequipo.com.mx\/inauguran-novena-edicion-del-congreso-internacional-de-enfermeria\/#breadcrumb\"},\"inLanguage\":\"es\",\"potentialAction\":[{\"@type\":\"ReadAction\",\"target\":[\"https:\/\/www.sonoraenequipo.com.mx\/inauguran-novena-edicion-del-congreso-internacional-de-enfermeria\/\"]}]},{\"@type\":\"ImageObject\",\"inLanguage\":\"es\",\"@id\":\"https:\/\/www.sonoraenequipo.com.mx\/inauguran-novena-edicion-del-congreso-internacional-de-enfermeria\/#primaryimage\",\"url\":\"https:\/\/www.sonoraenequipo.com.mx\/storage\/2024\/04\/unison_Congreso-de-Enfermeria-min.jpg\",\"contentUrl\":\"https:\/\/www.sonoraenequipo.com.mx\/storage\/2024\/04\/unison_Congreso-de-Enfermeria-min.jpg\",\"width\":896,\"height\":536},{\"@type\":\"BreadcrumbList\",\"@id\":\"https:\/\/www.sonoraenequipo.com.mx\/inauguran-novena-edicion-del-congreso-internacional-de-enfermeria\/#breadcrumb\",\"itemListElement\":[{\"@type\":\"ListItem\",\"position\":1,\"name\":\"Portada\",\"item\":\"https:\/\/www.sonoraenequipo.com.mx\/\"},{\"@type\":\"ListItem\",\"position\":2,\"name\":\"Inauguran novena edici\u00f3n del Congreso Internacional de Enfermer\u00eda\"}]},{\"@type\":\"WebSite\",\"@id\":\"https:\/\/www.sonoraenequipo.com.mx\/#website\",\"url\":\"https:\/\/www.sonoraenequipo.com.mx\/\",\"name\":\"Sonora en Equipo.\",\"description\":\"Diario en l\u00ednea con Noticias desde Hermosillo, Sonora\",\"publisher\":{\"@id\":\"https:\/\/www.sonoraenequipo.com.mx\/#organization\"},\"potentialAction\":[{\"@type\":\"SearchAction\",\"target\":{\"@type\":\"EntryPoint\",\"urlTemplate\":\"https:\/\/www.sonoraenequipo.com.mx\/?s={search_term_string}\"},\"query-input\":{\"@type\":\"PropertyValueSpecification\",\"valueRequired\":true,\"valueName\":\"search_term_string\"}}],\"inLanguage\":\"es\"},{\"@type\":\"Organization\",\"@id\":\"https:\/\/www.sonoraenequipo.com.mx\/#organization\",\"name\":\"Sonoraenequipo.com.mx\",\"url\":\"https:\/\/www.sonoraenequipo.com.mx\/\",\"logo\":{\"@type\":\"ImageObject\",\"inLanguage\":\"es\",\"@id\":\"https:\/\/www.sonoraenequipo.com.mx\/#\/schema\/logo\/image\/\",\"url\":\"https:\/\/www.sonoraenequipo.com.mx\/storage\/2019\/01\/sonoraenequipo_opt.png\",\"contentUrl\":\"https:\/\/www.sonoraenequipo.com.mx\/storage\/2019\/01\/sonoraenequipo_opt.png\",\"width\":375,\"height\":125,\"caption\":\"Sonoraenequipo.com.mx\"},\"image\":{\"@id\":\"https:\/\/www.sonoraenequipo.com.mx\/#\/schema\/logo\/image\/\"},\"sameAs\":[\"https:\/\/www.facebook.com\/SonoraEE\/\",\"https:\/\/x.com\/sonoraenequipo\",\"https:\/\/www.youtube.com\/channel\/UC338nW-lPEYmJQs4ZABQ1SQ\"]},{\"@type\":\"Person\",\"@id\":\"https:\/\/www.sonoraenequipo.com.mx\/#\/schema\/person\/50102df0fb23a8fa9e8effad8fa81386\",\"name\":\"enequipo\",\"image\":{\"@type\":\"ImageObject\",\"inLanguage\":\"es\",\"@id\":\"https:\/\/www.sonoraenequipo.com.mx\/#\/schema\/person\/image\/\",\"url\":\"https:\/\/secure.gravatar.com\/avatar\/049821681b589dabc0bc20695993ccebb09f5b5d4d790cd9251b97faac7c652b?s=96&d=blank&r=g\",\"contentUrl\":\"https:\/\/secure.gravatar.com\/avatar\/049821681b589dabc0bc20695993ccebb09f5b5d4d790cd9251b97faac7c652b?s=96&d=blank&r=g\",\"caption\":\"enequipo\"},\"sameAs\":[\"https:\/\/www.facebook.com\/SonoraEE\"]}]}<\/script>\n ","yoast_head_json":{"title":"Sonora en Equipo. Inauguran novena edici\u00f3n del Congreso Internacional de Enfermer\u00eda Sonora","description":"HERMOSILLO, SONORA. MX. \u2014 El Congreso Internacional de Enfermer\u00eda, ahora en su novena edici\u00f3n bajo el lema \u201cEducaci\u00f3n e Investigaci\u00f3n: Transfiriendo la En Sonora en Equipo publicamos toda la informaci\u00f3n de Sonora, M\u00e9xico y el Mundo de manera oportuna y busca que la libertad de expresi\u00f3n sea real. Visita nuestro medio informativo publicado desde Hermosillo, Sonora. %","robots":{"index":"index","follow":"follow","max-snippet":"max-snippet:-1","max-image-preview":"max-image-preview:large","max-video-preview":"max-video-preview:-1"},"canonical":"https:\/\/www.sonoraenequipo.com.mx\/inauguran-novena-edicion-del-congreso-internacional-de-enfermeria\/","og_locale":"es_ES","og_type":"article","og_title":"Sonora en Equipo. Inauguran novena edici\u00f3n del Congreso Internacional de Enfermer\u00eda Sonora","og_description":"HERMOSILLO, SONORA. MX. \u2014 El Congreso Internacional de Enfermer\u00eda, ahora en su novena edici\u00f3n bajo el lema \u201cEducaci\u00f3n e Investigaci\u00f3n: Transfiriendo la En Sonora en Equipo publicamos toda la informaci\u00f3n de Sonora, M\u00e9xico y el Mundo de manera oportuna y busca que la libertad de expresi\u00f3n sea real. Visita nuestro medio informativo publicado desde Hermosillo, Sonora. %","og_url":"https:\/\/www.sonoraenequipo.com.mx\/inauguran-novena-edicion-del-congreso-internacional-de-enfermeria\/","og_site_name":"Sonora en Equipo.","article_publisher":"https:\/\/www.facebook.com\/SonoraEE\/","article_author":"https:\/\/www.facebook.com\/SonoraEE","article_published_time":"2024-04-19T14:37:37+00:00","article_modified_time":"2024-04-20T02:54:32+00:00","og_image":[{"width":896,"height":536,"url":"https:\/\/www.sonoraenequipo.com.mx\/storage\/2024\/04\/unison_Congreso-de-Enfermeria-min.jpg","type":"image\/jpeg"}],"author":"enequipo","twitter_card":"summary_large_image","twitter_creator":"@sonoraenequipo","twitter_site":"@sonoraenequipo","twitter_misc":{"Escrito por":"enequipo","Tiempo de lectura":"4 minutos"},"schema":{"@context":"https:\/\/schema.org","@graph":[{"@type":"Article","@id":"https:\/\/www.sonoraenequipo.com.mx\/inauguran-novena-edicion-del-congreso-internacional-de-enfermeria\/#article","isPartOf":{"@id":"https:\/\/www.sonoraenequipo.com.mx\/inauguran-novena-edicion-del-congreso-internacional-de-enfermeria\/"},"author":{"name":"enequipo","@id":"https:\/\/www.sonoraenequipo.com.mx\/#\/schema\/person\/50102df0fb23a8fa9e8effad8fa81386"},"headline":"Inauguran novena edici\u00f3n del Congreso Internacional de Enfermer\u00eda","datePublished":"2024-04-19T14:37:37+00:00","dateModified":"2024-04-20T02:54:32+00:00","mainEntityOfPage":{"@id":"https:\/\/www.sonoraenequipo.com.mx\/inauguran-novena-edicion-del-congreso-internacional-de-enfermeria\/"},"wordCount":743,"commentCount":0,"publisher":{"@id":"https:\/\/www.sonoraenequipo.com.mx\/#organization"},"image":{"@id":"https:\/\/www.sonoraenequipo.com.mx\/inauguran-novena-edicion-del-congreso-internacional-de-enfermeria\/#primaryimage"},"thumbnailUrl":"https:\/\/www.sonoraenequipo.com.mx\/storage\/2024\/04\/unison_Congreso-de-Enfermeria-min.jpg","articleSection":["Sonora"],"inLanguage":"es","potentialAction":[{"@type":"CommentAction","name":"Comment","target":["https:\/\/www.sonoraenequipo.com.mx\/inauguran-novena-edicion-del-congreso-internacional-de-enfermeria\/#respond"]}]},{"@type":"WebPage","@id":"https:\/\/www.sonoraenequipo.com.mx\/inauguran-novena-edicion-del-congreso-internacional-de-enfermeria\/","url":"https:\/\/www.sonoraenequipo.com.mx\/inauguran-novena-edicion-del-congreso-internacional-de-enfermeria\/","name":"Sonora en Equipo. Inauguran novena edici\u00f3n del Congreso Internacional de Enfermer\u00eda Sonora","isPartOf":{"@id":"https:\/\/www.sonoraenequipo.com.mx\/#website"},"primaryImageOfPage":{"@id":"https:\/\/www.sonoraenequipo.com.mx\/inauguran-novena-edicion-del-congreso-internacional-de-enfermeria\/#primaryimage"},"image":{"@id":"https:\/\/www.sonoraenequipo.com.mx\/inauguran-novena-edicion-del-congreso-internacional-de-enfermeria\/#primaryimage"},"thumbnailUrl":"https:\/\/www.sonoraenequipo.com.mx\/storage\/2024\/04\/unison_Congreso-de-Enfermeria-min.jpg","datePublished":"2024-04-19T14:37:37+00:00","dateModified":"2024-04-20T02:54:32+00:00","description":"HERMOSILLO, SONORA. MX. \u2014 El Congreso Internacional de Enfermer\u00eda, ahora en su novena edici\u00f3n bajo el lema \u201cEducaci\u00f3n e Investigaci\u00f3n: Transfiriendo la En Sonora en Equipo publicamos toda la informaci\u00f3n de Sonora, M\u00e9xico y el Mundo de manera oportuna y busca que la libertad de expresi\u00f3n sea real. Visita nuestro medio informativo publicado desde Hermosillo, Sonora. %","breadcrumb":{"@id":"https:\/\/www.sonoraenequipo.com.mx\/inauguran-novena-edicion-del-congreso-internacional-de-enfermeria\/#breadcrumb"},"inLanguage":"es","potentialAction":[{"@type":"ReadAction","target":["https:\/\/www.sonoraenequipo.com.mx\/inauguran-novena-edicion-del-congreso-internacional-de-enfermeria\/"]}]},{"@type":"ImageObject","inLanguage":"es","@id":"https:\/\/www.sonoraenequipo.com.mx\/inauguran-novena-edicion-del-congreso-internacional-de-enfermeria\/#primaryimage","url":"https:\/\/www.sonoraenequipo.com.mx\/storage\/2024\/04\/unison_Congreso-de-Enfermeria-min.jpg","contentUrl":"https:\/\/www.sonoraenequipo.com.mx\/storage\/2024\/04\/unison_Congreso-de-Enfermeria-min.jpg","width":896,"height":536},{"@type":"BreadcrumbList","@id":"https:\/\/www.sonoraenequipo.com.mx\/inauguran-novena-edicion-del-congreso-internacional-de-enfermeria\/#breadcrumb","itemListElement":[{"@type":"ListItem","position":1,"name":"Portada","item":"https:\/\/www.sonoraenequipo.com.mx\/"},{"@type":"ListItem","position":2,"name":"Inauguran novena edici\u00f3n del Congreso Internacional de Enfermer\u00eda"}]},{"@type":"WebSite","@id":"https:\/\/www.sonoraenequipo.com.mx\/#website","url":"https:\/\/www.sonoraenequipo.com.mx\/","name":"Sonora en Equipo.","description":"Diario en l\u00ednea con Noticias desde Hermosillo, Sonora","publisher":{"@id":"https:\/\/www.sonoraenequipo.com.mx\/#organization"},"potentialAction":[{"@type":"SearchAction","target":{"@type":"EntryPoint","urlTemplate":"https:\/\/www.sonoraenequipo.com.mx\/?s={search_term_string}"},"query-input":{"@type":"PropertyValueSpecification","valueRequired":true,"valueName":"search_term_string"}}],"inLanguage":"es"},{"@type":"Organization","@id":"https:\/\/www.sonoraenequipo.com.mx\/#organization","name":"Sonoraenequipo.com.mx","url":"https:\/\/www.sonoraenequipo.com.mx\/","logo":{"@type":"ImageObject","inLanguage":"es","@id":"https:\/\/www.sonoraenequipo.com.mx\/#\/schema\/logo\/image\/","url":"https:\/\/www.sonoraenequipo.com.mx\/storage\/2019\/01\/sonoraenequipo_opt.png","contentUrl":"https:\/\/www.sonoraenequipo.com.mx\/storage\/2019\/01\/sonoraenequipo_opt.png","width":375,"height":125,"caption":"Sonoraenequipo.com.mx"},"image":{"@id":"https:\/\/www.sonoraenequipo.com.mx\/#\/schema\/logo\/image\/"},"sameAs":["https:\/\/www.facebook.com\/SonoraEE\/","https:\/\/x.com\/sonoraenequipo","https:\/\/www.youtube.com\/channel\/UC338nW-lPEYmJQs4ZABQ1SQ"]},{"@type":"Person","@id":"https:\/\/www.sonoraenequipo.com.mx\/#\/schema\/person\/50102df0fb23a8fa9e8effad8fa81386","name":"enequipo","image":{"@type":"ImageObject","inLanguage":"es","@id":"https:\/\/www.sonoraenequipo.com.mx\/#\/schema\/person\/image\/","url":"https:\/\/secure.gravatar.com\/avatar\/049821681b589dabc0bc20695993ccebb09f5b5d4d790cd9251b97faac7c652b?s=96&d=blank&r=g","contentUrl":"https:\/\/secure.gravatar.com\/avatar\/049821681b589dabc0bc20695993ccebb09f5b5d4d790cd9251b97faac7c652b?s=96&d=blank&r=g","caption":"enequipo"},"sameAs":["https:\/\/www.facebook.com\/SonoraEE"]}]}},"jetpack_featured_media_url":"https:\/\/www.sonoraenequipo.com.mx\/storage\/2024\/04\/unison_Congreso-de-Enfermeria-min.jpg","_links":{"self":[{"href":"https:\/\/www.sonoraenequipo.com.mx\/api\/wp\/v2\/posts\/187938","targetHints":{"allow":["GET"]}}],"collection":[{"href":"https:\/\/www.sonoraenequipo.com.mx\/api\/wp\/v2\/posts"}],"about":[{"href":"https:\/\/www.sonoraenequipo.com.mx\/api\/wp\/v2\/types\/post"}],"author":[{"embeddable":true,"href":"https:\/\/www.sonoraenequipo.com.mx\/api\/wp\/v2\/users\/1"}],"replies":[{"embeddable":true,"href":"https:\/\/www.sonoraenequipo.com.mx\/api\/wp\/v2\/comments?post=187938"}],"version-history":[{"count":2,"href":"https:\/\/www.sonoraenequipo.com.mx\/api\/wp\/v2\/posts\/187938\/revisions"}],"predecessor-version":[{"id":187943,"href":"https:\/\/www.sonoraenequipo.com.mx\/api\/wp\/v2\/posts\/187938\/revisions\/187943"}],"wp:featuredmedia":[{"embeddable":true,"href":"https:\/\/www.sonoraenequipo.com.mx\/api\/wp\/v2\/media\/187940"}],"wp:attachment":[{"href":"https:\/\/www.sonoraenequipo.com.mx\/api\/wp\/v2\/media?parent=187938"}],"wp:term":[{"taxonomy":"category","embeddable":true,"href":"https:\/\/www.sonoraenequipo.com.mx\/api\/wp\/v2\/categories?post=187938"},{"taxonomy":"post_tag","embeddable":true,"href":"https:\/\/www.sonoraenequipo.com.mx\/api\/wp\/v2\/tags?post=187938"}],"curies":[{"name":"wp","href":"https:\/\/api.w.org\/{rel}","templated":true}]}}