{"id":187949,"date":"2024-04-19T20:50:44","date_gmt":"2024-04-20T03:50:44","guid":{"rendered":"https:\/\/www.sonoraenequipo.com.mx\/?p=187949"},"modified":"2024-04-19T20:39:47","modified_gmt":"2024-04-20T03:39:47","slug":"presenta-gobierno-de-sonora-proyecto-de-energia-sostenible-a-delegacion-de-la-camara-de-comercio-e-industria-franco-mexicana","status":"publish","type":"post","link":"https:\/\/www.sonoraenequipo.com.mx\/presenta-gobierno-de-sonora-proyecto-de-energia-sostenible-a-delegacion-de-la-camara-de-comercio-e-industria-franco-mexicana\/","title":{"rendered":"Presenta Gobierno de Sonora Proyecto de Energ\u00eda Sostenible a Delegaci\u00f3n de la C\u00e1mara de Comercio e Industria Franco-Mexicana"},"content":{"rendered":"<p><strong>HERMOSILLO, SONORA. MX.<\/strong> \u2014 El gobernador Alfonso Durazo Monta\u00f1o atendi\u00f3 la reuni\u00f3n de seguimiento con la Delegaci\u00f3n de la C\u00e1mara de Comercio e Industria Franco-Mexicana, donde se presentaron las bondades del Proyecto de Energ\u00eda Sostenible, con el fin de trabajar en sinergia en el tema de industrias de tecnolog\u00eda, software y semiconductores.<\/p>\n<p>&nbsp;<\/p>\n<p>&nbsp;<\/p>\n<p> <\/p>\n<p>En la reuni\u00f3n se inform\u00f3 que, con dicho proyecto se busca impulsar la transici\u00f3n energ\u00e9tica del pa\u00eds hacia la generaci\u00f3n de energ\u00edas limpias, al ser modelo de una pol\u00edtica industrial que pudiera ser replicado en otros estados de la rep\u00fablica y as\u00ed, convertirse en una pol\u00edtica nacional.<\/p>\n<p>&nbsp;<\/p>\n<p>&nbsp;<\/p>\n<p>Tambi\u00e9n, se plantearon posibles v\u00edas de colaboraci\u00f3n e intercambio de conocimientos en \u00e1reas estrat\u00e9gicas, que impulse el progreso econ\u00f3mico y social de ambas regiones.<\/p>\n<p>&nbsp;<\/p>\n<p>&nbsp;<\/p>\n<p>Por m\u00e1s de un a\u00f1o se han tenido mesas de trabajo virtuales y en esta ocasi\u00f3n de forma presencial, donde se ha dado continuidad a los proyectos que buscan instalarse en la entidad, alineados con el proyecto de energ\u00edas sostenibles que se implementa en Sonora.<\/p>\n<p>&nbsp;<\/p>\n<p>&nbsp;<\/p>\n<p>PUBLICADO EL 19 DE ABRIL DE 2024\/ Con informaci\u00f3n de GOBSON 0424078)<\/p>\n","protected":false},"excerpt":{"rendered":"<p>HERMOSILLO, SONORA. MX. \u2014 El gobernador Alfonso Durazo Monta\u00f1o atendi\u00f3 la reuni\u00f3n de seguimiento con&#8230;<\/p>\n","protected":false},"author":1,"featured_media":187950,"comment_status":"open","ping_status":"open","sticky":false,"template":"","format":"standard","meta":{"_monsterinsights_skip_tracking":false,"_monsterinsights_sitenote_active":false,"_monsterinsights_sitenote_note":"","_monsterinsights_sitenote_category":0,"footnotes":""},"categories":[22],"tags":[],"class_list":["post"],"yoast_head":" \n<title>Sonora en Equipo. Presenta Gobierno de Sonora Proyecto de Energ\u00eda Sostenible a Delegaci\u00f3n de la C\u00e1mara de Comercio e Industria Franco-Mexicana Sonora<\/title>\n<meta name=\"description\" content=\"HERMOSILLO, SONORA. MX. \u2014 El gobernador Alfonso Durazo Monta\u00f1o atendi\u00f3 la reuni\u00f3n de seguimiento con la Delegaci\u00f3n de la C\u00e1mara de Comercio e Industria En Sonora en Equipo publicamos toda la informaci\u00f3n de Sonora, M\u00e9xico y el Mundo de manera oportuna y busca que la libertad de expresi\u00f3n sea real. Visita nuestro medio informativo publicado desde Hermosillo, Sonora. %\" \/>\n<meta name=\"robots\" content=\"index, follow, max-snippet:-1, max-image-preview:large, max-video-preview:-1\" \/>\n<link rel=\"canonical\" href=\"https:\/\/www.sonoraenequipo.com.mx\/presenta-gobierno-de-sonora-proyecto-de-energia-sostenible-a-delegacion-de-la-camara-de-comercio-e-industria-franco-mexicana\/\" \/>\n<meta property=\"og:locale\" content=\"es_ES\" \/>\n<meta property=\"og:type\" content=\"article\" \/>\n<meta property=\"og:title\" content=\"Sonora en Equipo. Presenta Gobierno de Sonora Proyecto de Energ\u00eda Sostenible a Delegaci\u00f3n de la C\u00e1mara de Comercio e Industria Franco-Mexicana Sonora\" \/>\n<meta property=\"og:description\" content=\"HERMOSILLO, SONORA. MX. \u2014 El gobernador Alfonso Durazo Monta\u00f1o atendi\u00f3 la reuni\u00f3n de seguimiento con la Delegaci\u00f3n de la C\u00e1mara de Comercio e Industria En Sonora en Equipo publicamos toda la informaci\u00f3n de Sonora, M\u00e9xico y el Mundo de manera oportuna y busca que la libertad de expresi\u00f3n sea real. Visita nuestro medio informativo publicado desde Hermosillo, Sonora. %\" \/>\n<meta property=\"og:url\" content=\"https:\/\/www.sonoraenequipo.com.mx\/presenta-gobierno-de-sonora-proyecto-de-energia-sostenible-a-delegacion-de-la-camara-de-comercio-e-industria-franco-mexicana\/\" \/>\n<meta property=\"og:site_name\" content=\"Sonora en Equipo.\" \/>\n<meta property=\"article:publisher\" content=\"https:\/\/www.facebook.com\/SonoraEE\/\" \/>\n<meta property=\"article:author\" content=\"https:\/\/www.facebook.com\/SonoraEE\" \/>\n<meta property=\"article:published_time\" content=\"2024-04-20T03:50:44+00:00\" \/>\n<meta property=\"og:image\" content=\"https:\/\/www.sonoraenequipo.com.mx\/storage\/2024\/04\/GOB-DURAZO-1804-min.jpg\" \/>\n\t<meta property=\"og:image:width\" content=\"800\" \/>\n\t<meta property=\"og:image:height\" content=\"534\" \/>\n\t<meta property=\"og:image:type\" content=\"image\/jpeg\" \/>\n<meta name=\"author\" content=\"enequipo\" \/>\n<meta name=\"twitter:card\" content=\"summary_large_image\" \/>\n<meta name=\"twitter:creator\" content=\"@sonoraenequipo\" \/>\n<meta name=\"twitter:site\" content=\"@sonoraenequipo\" \/>\n<meta name=\"twitter:label1\" content=\"Escrito por\" \/>\n\t<meta name=\"twitter:data1\" content=\"enequipo\" \/>\n\t<meta name=\"twitter:label2\" content=\"Tiempo de lectura\" \/>\n\t<meta name=\"twitter:data2\" content=\"1 minuto\" \/>\n<script type=\"application\/ld+json\" class=\"yoast-schema-graph\">{\"@context\":\"https:\/\/schema.org\",\"@graph\":[{\"@type\":\"Article\",\"@id\":\"https:\/\/www.sonoraenequipo.com.mx\/presenta-gobierno-de-sonora-proyecto-de-energia-sostenible-a-delegacion-de-la-camara-de-comercio-e-industria-franco-mexicana\/#article\",\"isPartOf\":{\"@id\":\"https:\/\/www.sonoraenequipo.com.mx\/presenta-gobierno-de-sonora-proyecto-de-energia-sostenible-a-delegacion-de-la-camara-de-comercio-e-industria-franco-mexicana\/\"},\"author\":{\"name\":\"enequipo\",\"@id\":\"https:\/\/www.sonoraenequipo.com.mx\/#\/schema\/person\/50102df0fb23a8fa9e8effad8fa81386\"},\"headline\":\"Presenta Gobierno de Sonora Proyecto de Energ\u00eda Sostenible a Delegaci\u00f3n de la C\u00e1mara de Comercio e Industria Franco-Mexicana\",\"datePublished\":\"2024-04-20T03:50:44+00:00\",\"mainEntityOfPage\":{\"@id\":\"https:\/\/www.sonoraenequipo.com.mx\/presenta-gobierno-de-sonora-proyecto-de-energia-sostenible-a-delegacion-de-la-camara-de-comercio-e-industria-franco-mexicana\/\"},\"wordCount\":230,\"commentCount\":0,\"publisher\":{\"@id\":\"https:\/\/www.sonoraenequipo.com.mx\/#organization\"},\"image\":{\"@id\":\"https:\/\/www.sonoraenequipo.com.mx\/presenta-gobierno-de-sonora-proyecto-de-energia-sostenible-a-delegacion-de-la-camara-de-comercio-e-industria-franco-mexicana\/#primaryimage\"},\"thumbnailUrl\":\"https:\/\/www.sonoraenequipo.com.mx\/storage\/2024\/04\/GOB-DURAZO-1804-min.jpg\",\"articleSection\":[\"Sonora\"],\"inLanguage\":\"es\",\"potentialAction\":[{\"@type\":\"CommentAction\",\"name\":\"Comment\",\"target\":[\"https:\/\/www.sonoraenequipo.com.mx\/presenta-gobierno-de-sonora-proyecto-de-energia-sostenible-a-delegacion-de-la-camara-de-comercio-e-industria-franco-mexicana\/#respond\"]}]},{\"@type\":\"WebPage\",\"@id\":\"https:\/\/www.sonoraenequipo.com.mx\/presenta-gobierno-de-sonora-proyecto-de-energia-sostenible-a-delegacion-de-la-camara-de-comercio-e-industria-franco-mexicana\/\",\"url\":\"https:\/\/www.sonoraenequipo.com.mx\/presenta-gobierno-de-sonora-proyecto-de-energia-sostenible-a-delegacion-de-la-camara-de-comercio-e-industria-franco-mexicana\/\",\"name\":\"Sonora en Equipo. Presenta Gobierno de Sonora Proyecto de Energ\u00eda Sostenible a Delegaci\u00f3n de la C\u00e1mara de Comercio e Industria Franco-Mexicana Sonora\",\"isPartOf\":{\"@id\":\"https:\/\/www.sonoraenequipo.com.mx\/#website\"},\"primaryImageOfPage\":{\"@id\":\"https:\/\/www.sonoraenequipo.com.mx\/presenta-gobierno-de-sonora-proyecto-de-energia-sostenible-a-delegacion-de-la-camara-de-comercio-e-industria-franco-mexicana\/#primaryimage\"},\"image\":{\"@id\":\"https:\/\/www.sonoraenequipo.com.mx\/presenta-gobierno-de-sonora-proyecto-de-energia-sostenible-a-delegacion-de-la-camara-de-comercio-e-industria-franco-mexicana\/#primaryimage\"},\"thumbnailUrl\":\"https:\/\/www.sonoraenequipo.com.mx\/storage\/2024\/04\/GOB-DURAZO-1804-min.jpg\",\"datePublished\":\"2024-04-20T03:50:44+00:00\",\"description\":\"HERMOSILLO, SONORA. MX. \u2014 El gobernador Alfonso Durazo Monta\u00f1o atendi\u00f3 la reuni\u00f3n de seguimiento con la Delegaci\u00f3n de la C\u00e1mara de Comercio e Industria En Sonora en Equipo publicamos toda la informaci\u00f3n de Sonora, M\u00e9xico y el Mundo de manera oportuna y busca que la libertad de expresi\u00f3n sea real. Visita nuestro medio informativo publicado desde Hermosillo, Sonora. %\",\"breadcrumb\":{\"@id\":\"https:\/\/www.sonoraenequipo.com.mx\/presenta-gobierno-de-sonora-proyecto-de-energia-sostenible-a-delegacion-de-la-camara-de-comercio-e-industria-franco-mexicana\/#breadcrumb\"},\"inLanguage\":\"es\",\"potentialAction\":[{\"@type\":\"ReadAction\",\"target\":[\"https:\/\/www.sonoraenequipo.com.mx\/presenta-gobierno-de-sonora-proyecto-de-energia-sostenible-a-delegacion-de-la-camara-de-comercio-e-industria-franco-mexicana\/\"]}]},{\"@type\":\"ImageObject\",\"inLanguage\":\"es\",\"@id\":\"https:\/\/www.sonoraenequipo.com.mx\/presenta-gobierno-de-sonora-proyecto-de-energia-sostenible-a-delegacion-de-la-camara-de-comercio-e-industria-franco-mexicana\/#primaryimage\",\"url\":\"https:\/\/www.sonoraenequipo.com.mx\/storage\/2024\/04\/GOB-DURAZO-1804-min.jpg\",\"contentUrl\":\"https:\/\/www.sonoraenequipo.com.mx\/storage\/2024\/04\/GOB-DURAZO-1804-min.jpg\",\"width\":800,\"height\":534},{\"@type\":\"BreadcrumbList\",\"@id\":\"https:\/\/www.sonoraenequipo.com.mx\/presenta-gobierno-de-sonora-proyecto-de-energia-sostenible-a-delegacion-de-la-camara-de-comercio-e-industria-franco-mexicana\/#breadcrumb\",\"itemListElement\":[{\"@type\":\"ListItem\",\"position\":1,\"name\":\"Portada\",\"item\":\"https:\/\/www.sonoraenequipo.com.mx\/\"},{\"@type\":\"ListItem\",\"position\":2,\"name\":\"Presenta Gobierno de Sonora Proyecto de Energ\u00eda Sostenible a Delegaci\u00f3n de la C\u00e1mara de Comercio e Industria Franco-Mexicana\"}]},{\"@type\":\"WebSite\",\"@id\":\"https:\/\/www.sonoraenequipo.com.mx\/#website\",\"url\":\"https:\/\/www.sonoraenequipo.com.mx\/\",\"name\":\"Sonora en Equipo.\",\"description\":\"Diario en l\u00ednea con Noticias desde Hermosillo, Sonora\",\"publisher\":{\"@id\":\"https:\/\/www.sonoraenequipo.com.mx\/#organization\"},\"potentialAction\":[{\"@type\":\"SearchAction\",\"target\":{\"@type\":\"EntryPoint\",\"urlTemplate\":\"https:\/\/www.sonoraenequipo.com.mx\/?s={search_term_string}\"},\"query-input\":{\"@type\":\"PropertyValueSpecification\",\"valueRequired\":true,\"valueName\":\"search_term_string\"}}],\"inLanguage\":\"es\"},{\"@type\":\"Organization\",\"@id\":\"https:\/\/www.sonoraenequipo.com.mx\/#organization\",\"name\":\"Sonoraenequipo.com.mx\",\"url\":\"https:\/\/www.sonoraenequipo.com.mx\/\",\"logo\":{\"@type\":\"ImageObject\",\"inLanguage\":\"es\",\"@id\":\"https:\/\/www.sonoraenequipo.com.mx\/#\/schema\/logo\/image\/\",\"url\":\"https:\/\/www.sonoraenequipo.com.mx\/storage\/2019\/01\/sonoraenequipo_opt.png\",\"contentUrl\":\"https:\/\/www.sonoraenequipo.com.mx\/storage\/2019\/01\/sonoraenequipo_opt.png\",\"width\":375,\"height\":125,\"caption\":\"Sonoraenequipo.com.mx\"},\"image\":{\"@id\":\"https:\/\/www.sonoraenequipo.com.mx\/#\/schema\/logo\/image\/\"},\"sameAs\":[\"https:\/\/www.facebook.com\/SonoraEE\/\",\"https:\/\/x.com\/sonoraenequipo\",\"https:\/\/www.youtube.com\/channel\/UC338nW-lPEYmJQs4ZABQ1SQ\"]},{\"@type\":\"Person\",\"@id\":\"https:\/\/www.sonoraenequipo.com.mx\/#\/schema\/person\/50102df0fb23a8fa9e8effad8fa81386\",\"name\":\"enequipo\",\"image\":{\"@type\":\"ImageObject\",\"inLanguage\":\"es\",\"@id\":\"https:\/\/www.sonoraenequipo.com.mx\/#\/schema\/person\/image\/\",\"url\":\"https:\/\/secure.gravatar.com\/avatar\/049821681b589dabc0bc20695993ccebb09f5b5d4d790cd9251b97faac7c652b?s=96&d=blank&r=g\",\"contentUrl\":\"https:\/\/secure.gravatar.com\/avatar\/049821681b589dabc0bc20695993ccebb09f5b5d4d790cd9251b97faac7c652b?s=96&d=blank&r=g\",\"caption\":\"enequipo\"},\"sameAs\":[\"https:\/\/www.facebook.com\/SonoraEE\"]}]}<\/script>\n ","yoast_head_json":{"title":"Sonora en Equipo. Presenta Gobierno de Sonora Proyecto de Energ\u00eda Sostenible a Delegaci\u00f3n de la C\u00e1mara de Comercio e Industria Franco-Mexicana Sonora","description":"HERMOSILLO, SONORA. MX. \u2014 El gobernador Alfonso Durazo Monta\u00f1o atendi\u00f3 la reuni\u00f3n de seguimiento con la Delegaci\u00f3n de la C\u00e1mara de Comercio e Industria En Sonora en Equipo publicamos toda la informaci\u00f3n de Sonora, M\u00e9xico y el Mundo de manera oportuna y busca que la libertad de expresi\u00f3n sea real. Visita nuestro medio informativo publicado desde Hermosillo, Sonora. %","robots":{"index":"index","follow":"follow","max-snippet":"max-snippet:-1","max-image-preview":"max-image-preview:large","max-video-preview":"max-video-preview:-1"},"canonical":"https:\/\/www.sonoraenequipo.com.mx\/presenta-gobierno-de-sonora-proyecto-de-energia-sostenible-a-delegacion-de-la-camara-de-comercio-e-industria-franco-mexicana\/","og_locale":"es_ES","og_type":"article","og_title":"Sonora en Equipo. Presenta Gobierno de Sonora Proyecto de Energ\u00eda Sostenible a Delegaci\u00f3n de la C\u00e1mara de Comercio e Industria Franco-Mexicana Sonora","og_description":"HERMOSILLO, SONORA. MX. \u2014 El gobernador Alfonso Durazo Monta\u00f1o atendi\u00f3 la reuni\u00f3n de seguimiento con la Delegaci\u00f3n de la C\u00e1mara de Comercio e Industria En Sonora en Equipo publicamos toda la informaci\u00f3n de Sonora, M\u00e9xico y el Mundo de manera oportuna y busca que la libertad de expresi\u00f3n sea real. Visita nuestro medio informativo publicado desde Hermosillo, Sonora. %","og_url":"https:\/\/www.sonoraenequipo.com.mx\/presenta-gobierno-de-sonora-proyecto-de-energia-sostenible-a-delegacion-de-la-camara-de-comercio-e-industria-franco-mexicana\/","og_site_name":"Sonora en Equipo.","article_publisher":"https:\/\/www.facebook.com\/SonoraEE\/","article_author":"https:\/\/www.facebook.com\/SonoraEE","article_published_time":"2024-04-20T03:50:44+00:00","og_image":[{"width":800,"height":534,"url":"https:\/\/www.sonoraenequipo.com.mx\/storage\/2024\/04\/GOB-DURAZO-1804-min.jpg","type":"image\/jpeg"}],"author":"enequipo","twitter_card":"summary_large_image","twitter_creator":"@sonoraenequipo","twitter_site":"@sonoraenequipo","twitter_misc":{"Escrito por":"enequipo","Tiempo de lectura":"1 minuto"},"schema":{"@context":"https:\/\/schema.org","@graph":[{"@type":"Article","@id":"https:\/\/www.sonoraenequipo.com.mx\/presenta-gobierno-de-sonora-proyecto-de-energia-sostenible-a-delegacion-de-la-camara-de-comercio-e-industria-franco-mexicana\/#article","isPartOf":{"@id":"https:\/\/www.sonoraenequipo.com.mx\/presenta-gobierno-de-sonora-proyecto-de-energia-sostenible-a-delegacion-de-la-camara-de-comercio-e-industria-franco-mexicana\/"},"author":{"name":"enequipo","@id":"https:\/\/www.sonoraenequipo.com.mx\/#\/schema\/person\/50102df0fb23a8fa9e8effad8fa81386"},"headline":"Presenta Gobierno de Sonora Proyecto de Energ\u00eda Sostenible a Delegaci\u00f3n de la C\u00e1mara de Comercio e Industria Franco-Mexicana","datePublished":"2024-04-20T03:50:44+00:00","mainEntityOfPage":{"@id":"https:\/\/www.sonoraenequipo.com.mx\/presenta-gobierno-de-sonora-proyecto-de-energia-sostenible-a-delegacion-de-la-camara-de-comercio-e-industria-franco-mexicana\/"},"wordCount":230,"commentCount":0,"publisher":{"@id":"https:\/\/www.sonoraenequipo.com.mx\/#organization"},"image":{"@id":"https:\/\/www.sonoraenequipo.com.mx\/presenta-gobierno-de-sonora-proyecto-de-energia-sostenible-a-delegacion-de-la-camara-de-comercio-e-industria-franco-mexicana\/#primaryimage"},"thumbnailUrl":"https:\/\/www.sonoraenequipo.com.mx\/storage\/2024\/04\/GOB-DURAZO-1804-min.jpg","articleSection":["Sonora"],"inLanguage":"es","potentialAction":[{"@type":"CommentAction","name":"Comment","target":["https:\/\/www.sonoraenequipo.com.mx\/presenta-gobierno-de-sonora-proyecto-de-energia-sostenible-a-delegacion-de-la-camara-de-comercio-e-industria-franco-mexicana\/#respond"]}]},{"@type":"WebPage","@id":"https:\/\/www.sonoraenequipo.com.mx\/presenta-gobierno-de-sonora-proyecto-de-energia-sostenible-a-delegacion-de-la-camara-de-comercio-e-industria-franco-mexicana\/","url":"https:\/\/www.sonoraenequipo.com.mx\/presenta-gobierno-de-sonora-proyecto-de-energia-sostenible-a-delegacion-de-la-camara-de-comercio-e-industria-franco-mexicana\/","name":"Sonora en Equipo. Presenta Gobierno de Sonora Proyecto de Energ\u00eda Sostenible a Delegaci\u00f3n de la C\u00e1mara de Comercio e Industria Franco-Mexicana Sonora","isPartOf":{"@id":"https:\/\/www.sonoraenequipo.com.mx\/#website"},"primaryImageOfPage":{"@id":"https:\/\/www.sonoraenequipo.com.mx\/presenta-gobierno-de-sonora-proyecto-de-energia-sostenible-a-delegacion-de-la-camara-de-comercio-e-industria-franco-mexicana\/#primaryimage"},"image":{"@id":"https:\/\/www.sonoraenequipo.com.mx\/presenta-gobierno-de-sonora-proyecto-de-energia-sostenible-a-delegacion-de-la-camara-de-comercio-e-industria-franco-mexicana\/#primaryimage"},"thumbnailUrl":"https:\/\/www.sonoraenequipo.com.mx\/storage\/2024\/04\/GOB-DURAZO-1804-min.jpg","datePublished":"2024-04-20T03:50:44+00:00","description":"HERMOSILLO, SONORA. MX. \u2014 El gobernador Alfonso Durazo Monta\u00f1o atendi\u00f3 la reuni\u00f3n de seguimiento con la Delegaci\u00f3n de la C\u00e1mara de Comercio e Industria En Sonora en Equipo publicamos toda la informaci\u00f3n de Sonora, M\u00e9xico y el Mundo de manera oportuna y busca que la libertad de expresi\u00f3n sea real. Visita nuestro medio informativo publicado desde Hermosillo, Sonora. %","breadcrumb":{"@id":"https:\/\/www.sonoraenequipo.com.mx\/presenta-gobierno-de-sonora-proyecto-de-energia-sostenible-a-delegacion-de-la-camara-de-comercio-e-industria-franco-mexicana\/#breadcrumb"},"inLanguage":"es","potentialAction":[{"@type":"ReadAction","target":["https:\/\/www.sonoraenequipo.com.mx\/presenta-gobierno-de-sonora-proyecto-de-energia-sostenible-a-delegacion-de-la-camara-de-comercio-e-industria-franco-mexicana\/"]}]},{"@type":"ImageObject","inLanguage":"es","@id":"https:\/\/www.sonoraenequipo.com.mx\/presenta-gobierno-de-sonora-proyecto-de-energia-sostenible-a-delegacion-de-la-camara-de-comercio-e-industria-franco-mexicana\/#primaryimage","url":"https:\/\/www.sonoraenequipo.com.mx\/storage\/2024\/04\/GOB-DURAZO-1804-min.jpg","contentUrl":"https:\/\/www.sonoraenequipo.com.mx\/storage\/2024\/04\/GOB-DURAZO-1804-min.jpg","width":800,"height":534},{"@type":"BreadcrumbList","@id":"https:\/\/www.sonoraenequipo.com.mx\/presenta-gobierno-de-sonora-proyecto-de-energia-sostenible-a-delegacion-de-la-camara-de-comercio-e-industria-franco-mexicana\/#breadcrumb","itemListElement":[{"@type":"ListItem","position":1,"name":"Portada","item":"https:\/\/www.sonoraenequipo.com.mx\/"},{"@type":"ListItem","position":2,"name":"Presenta Gobierno de Sonora Proyecto de Energ\u00eda Sostenible a Delegaci\u00f3n de la C\u00e1mara de Comercio e Industria Franco-Mexicana"}]},{"@type":"WebSite","@id":"https:\/\/www.sonoraenequipo.com.mx\/#website","url":"https:\/\/www.sonoraenequipo.com.mx\/","name":"Sonora en Equipo.","description":"Diario en l\u00ednea con Noticias desde Hermosillo, Sonora","publisher":{"@id":"https:\/\/www.sonoraenequipo.com.mx\/#organization"},"potentialAction":[{"@type":"SearchAction","target":{"@type":"EntryPoint","urlTemplate":"https:\/\/www.sonoraenequipo.com.mx\/?s={search_term_string}"},"query-input":{"@type":"PropertyValueSpecification","valueRequired":true,"valueName":"search_term_string"}}],"inLanguage":"es"},{"@type":"Organization","@id":"https:\/\/www.sonoraenequipo.com.mx\/#organization","name":"Sonoraenequipo.com.mx","url":"https:\/\/www.sonoraenequipo.com.mx\/","logo":{"@type":"ImageObject","inLanguage":"es","@id":"https:\/\/www.sonoraenequipo.com.mx\/#\/schema\/logo\/image\/","url":"https:\/\/www.sonoraenequipo.com.mx\/storage\/2019\/01\/sonoraenequipo_opt.png","contentUrl":"https:\/\/www.sonoraenequipo.com.mx\/storage\/2019\/01\/sonoraenequipo_opt.png","width":375,"height":125,"caption":"Sonoraenequipo.com.mx"},"image":{"@id":"https:\/\/www.sonoraenequipo.com.mx\/#\/schema\/logo\/image\/"},"sameAs":["https:\/\/www.facebook.com\/SonoraEE\/","https:\/\/x.com\/sonoraenequipo","https:\/\/www.youtube.com\/channel\/UC338nW-lPEYmJQs4ZABQ1SQ"]},{"@type":"Person","@id":"https:\/\/www.sonoraenequipo.com.mx\/#\/schema\/person\/50102df0fb23a8fa9e8effad8fa81386","name":"enequipo","image":{"@type":"ImageObject","inLanguage":"es","@id":"https:\/\/www.sonoraenequipo.com.mx\/#\/schema\/person\/image\/","url":"https:\/\/secure.gravatar.com\/avatar\/049821681b589dabc0bc20695993ccebb09f5b5d4d790cd9251b97faac7c652b?s=96&d=blank&r=g","contentUrl":"https:\/\/secure.gravatar.com\/avatar\/049821681b589dabc0bc20695993ccebb09f5b5d4d790cd9251b97faac7c652b?s=96&d=blank&r=g","caption":"enequipo"},"sameAs":["https:\/\/www.facebook.com\/SonoraEE"]}]}},"jetpack_featured_media_url":"https:\/\/www.sonoraenequipo.com.mx\/storage\/2024\/04\/GOB-DURAZO-1804-min.jpg","_links":{"self":[{"href":"https:\/\/www.sonoraenequipo.com.mx\/api\/wp\/v2\/posts\/187949","targetHints":{"allow":["GET"]}}],"collection":[{"href":"https:\/\/www.sonoraenequipo.com.mx\/api\/wp\/v2\/posts"}],"about":[{"href":"https:\/\/www.sonoraenequipo.com.mx\/api\/wp\/v2\/types\/post"}],"author":[{"embeddable":true,"href":"https:\/\/www.sonoraenequipo.com.mx\/api\/wp\/v2\/users\/1"}],"replies":[{"embeddable":true,"href":"https:\/\/www.sonoraenequipo.com.mx\/api\/wp\/v2\/comments?post=187949"}],"version-history":[{"count":1,"href":"https:\/\/www.sonoraenequipo.com.mx\/api\/wp\/v2\/posts\/187949\/revisions"}],"predecessor-version":[{"id":187951,"href":"https:\/\/www.sonoraenequipo.com.mx\/api\/wp\/v2\/posts\/187949\/revisions\/187951"}],"wp:featuredmedia":[{"embeddable":true,"href":"https:\/\/www.sonoraenequipo.com.mx\/api\/wp\/v2\/media\/187950"}],"wp:attachment":[{"href":"https:\/\/www.sonoraenequipo.com.mx\/api\/wp\/v2\/media?parent=187949"}],"wp:term":[{"taxonomy":"category","embeddable":true,"href":"https:\/\/www.sonoraenequipo.com.mx\/api\/wp\/v2\/categories?post=187949"},{"taxonomy":"post_tag","embeddable":true,"href":"https:\/\/www.sonoraenequipo.com.mx\/api\/wp\/v2\/tags?post=187949"}],"curies":[{"name":"wp","href":"https:\/\/api.w.org\/{rel}","templated":true}]}}