{"id":188016,"date":"2024-04-20T19:43:00","date_gmt":"2024-04-21T02:43:00","guid":{"rendered":"https:\/\/www.sonoraenequipo.com.mx\/?p=188016"},"modified":"2024-04-21T00:05:28","modified_gmt":"2024-04-21T07:05:28","slug":"gobierno-de-sonora-celebra-convenio-con-impi-para-promover-la-propiedad-industrial","status":"publish","type":"post","link":"https:\/\/www.sonoraenequipo.com.mx\/gobierno-de-sonora-celebra-convenio-con-impi-para-promover-la-propiedad-industrial\/","title":{"rendered":"Gobierno de Sonora celebra convenio con IMPI para promover la propiedad industrial"},"content":{"rendered":"<p>&nbsp;<\/p>\n<p>&nbsp;<\/p>\n<p>&nbsp;<\/p>\n<p>&nbsp;<\/p>\n<p><strong>HERMOSILLO, SONORA, MX.\u02d7\u02d7\u02d7 <\/strong>El gobernador Alfonso Durazo Monta\u00f1o celebr\u00f3 la firma de convenio con el titular del Instituto Mexicano de la Propiedad Industrial (IMPI), Jos\u00e9 S\u00e1nchez P\u00e9rez, cuyo prop\u00f3sito es generar actividades en conjunto, relacionadas con la promoci\u00f3n de la propiedad industrial, con \u00e9nfasis en los grupos menos favorecidos en el pa\u00eds, con un enfoque de econom\u00eda social y solidaria, as\u00ed como apoyar a las MiPyME sonorenses.<\/p>\n<p>&nbsp;<\/p>\n<p>&nbsp;<\/p>\n<p>&nbsp;<\/p>\n<p>Esta alianza representa un compromiso s\u00f3lido para dinamizar el potencial de innovaci\u00f3n de Sonora, en la que se impulsa a emprendedores, micro, peque\u00f1os y medianos empresarios para que puedan registrar una marca o nombre comercial.<\/p>\n<p>&nbsp;<\/p>\n<p>&nbsp;<\/p>\n<p>&nbsp;<\/p>\n<p>Dentro de las acciones a realizar, se llevar\u00e1 a cabo una revisi\u00f3n de los productos de la regi\u00f3n, que puedan ser susceptibles de protecci\u00f3n para identificar la figura de las comunidades.<\/p>\n<p>&nbsp;<\/p>\n<p>&nbsp;<\/p>\n<p>&nbsp;<\/p>\n<p>Asimismo, se impartir\u00e1n cursos, pl\u00e1ticas, talleres y asesor\u00edas a los beneficiarios de dicha protecci\u00f3n. Se tendr\u00e1 acercamiento a grupos que hablan lenguas ind\u00edgenas, y con aquellas personas que puedan apoyar en tareas de traducci\u00f3n de materiales de apoyo y difusi\u00f3n e interpretaci\u00f3n.<\/p>\n<p><strong>Fecha de publicaci\u00f3n s\u00e1bado 20 \u00a0de abril de 2024<\/strong><\/p>\n","protected":false},"excerpt":{"rendered":"<p>&nbsp; &nbsp; &nbsp; &nbsp; HERMOSILLO, SONORA, MX.\u02d7\u02d7\u02d7 El gobernador Alfonso Durazo Monta\u00f1o celebr\u00f3 la firma&#8230;<\/p>\n","protected":false},"author":1,"featured_media":188017,"comment_status":"open","ping_status":"open","sticky":false,"template":"","format":"standard","meta":{"_monsterinsights_skip_tracking":false,"_monsterinsights_sitenote_active":false,"_monsterinsights_sitenote_note":"","_monsterinsights_sitenote_category":0,"footnotes":""},"categories":[22],"tags":[9559],"class_list":["post"],"yoast_head":" \n<title>Sonora en Equipo. Gobierno de Sonora celebra convenio con IMPI para promover la propiedad industrial Sonora<\/title>\n<meta name=\"description\" content=\"&nbsp; &nbsp; &nbsp; &nbsp; HERMOSILLO, SONORA, MX.\u02d7\u02d7\u02d7 El gobernador Alfonso Durazo Monta\u00f1o celebr\u00f3 la firma de convenio con el titular del Instituto En Sonora en Equipo publicamos toda la informaci\u00f3n de Sonora, M\u00e9xico y el Mundo de manera oportuna y busca que la libertad de expresi\u00f3n sea real. Visita nuestro medio informativo publicado desde Hermosillo, Sonora. %\" \/>\n<meta name=\"robots\" content=\"index, follow, max-snippet:-1, max-image-preview:large, max-video-preview:-1\" \/>\n<link rel=\"canonical\" href=\"https:\/\/www.sonoraenequipo.com.mx\/gobierno-de-sonora-celebra-convenio-con-impi-para-promover-la-propiedad-industrial\/\" \/>\n<meta property=\"og:locale\" content=\"es_ES\" \/>\n<meta property=\"og:type\" content=\"article\" \/>\n<meta property=\"og:title\" content=\"Sonora en Equipo. Gobierno de Sonora celebra convenio con IMPI para promover la propiedad industrial Sonora\" \/>\n<meta property=\"og:description\" content=\"&nbsp; &nbsp; &nbsp; &nbsp; HERMOSILLO, SONORA, MX.\u02d7\u02d7\u02d7 El gobernador Alfonso Durazo Monta\u00f1o celebr\u00f3 la firma de convenio con el titular del Instituto En Sonora en Equipo publicamos toda la informaci\u00f3n de Sonora, M\u00e9xico y el Mundo de manera oportuna y busca que la libertad de expresi\u00f3n sea real. Visita nuestro medio informativo publicado desde Hermosillo, Sonora. %\" \/>\n<meta property=\"og:url\" content=\"https:\/\/www.sonoraenequipo.com.mx\/gobierno-de-sonora-celebra-convenio-con-impi-para-promover-la-propiedad-industrial\/\" \/>\n<meta property=\"og:site_name\" content=\"Sonora en Equipo.\" \/>\n<meta property=\"article:publisher\" content=\"https:\/\/www.facebook.com\/SonoraEE\/\" \/>\n<meta property=\"article:author\" content=\"https:\/\/www.facebook.com\/SonoraEE\" \/>\n<meta property=\"article:published_time\" content=\"2024-04-21T02:43:00+00:00\" \/>\n<meta property=\"article:modified_time\" content=\"2024-04-21T07:05:28+00:00\" \/>\n<meta property=\"og:image\" content=\"https:\/\/www.sonoraenequipo.com.mx\/storage\/2024\/04\/adm-impi.jpg\" \/>\n\t<meta property=\"og:image:width\" content=\"800\" \/>\n\t<meta property=\"og:image:height\" content=\"566\" \/>\n\t<meta property=\"og:image:type\" content=\"image\/jpeg\" \/>\n<meta name=\"author\" content=\"enequipo\" \/>\n<meta name=\"twitter:card\" content=\"summary_large_image\" \/>\n<meta name=\"twitter:creator\" content=\"@sonoraenequipo\" \/>\n<meta name=\"twitter:site\" content=\"@sonoraenequipo\" \/>\n<meta name=\"twitter:label1\" content=\"Escrito por\" \/>\n\t<meta name=\"twitter:data1\" content=\"enequipo\" \/>\n\t<meta name=\"twitter:label2\" content=\"Tiempo de lectura\" \/>\n\t<meta name=\"twitter:data2\" content=\"1 minuto\" \/>\n<script type=\"application\/ld+json\" class=\"yoast-schema-graph\">{\"@context\":\"https:\/\/schema.org\",\"@graph\":[{\"@type\":\"Article\",\"@id\":\"https:\/\/www.sonoraenequipo.com.mx\/gobierno-de-sonora-celebra-convenio-con-impi-para-promover-la-propiedad-industrial\/#article\",\"isPartOf\":{\"@id\":\"https:\/\/www.sonoraenequipo.com.mx\/gobierno-de-sonora-celebra-convenio-con-impi-para-promover-la-propiedad-industrial\/\"},\"author\":{\"name\":\"enequipo\",\"@id\":\"https:\/\/www.sonoraenequipo.com.mx\/#\/schema\/person\/50102df0fb23a8fa9e8effad8fa81386\"},\"headline\":\"Gobierno de Sonora celebra convenio con IMPI para promover la propiedad industrial\",\"datePublished\":\"2024-04-21T02:43:00+00:00\",\"dateModified\":\"2024-04-21T07:05:28+00:00\",\"mainEntityOfPage\":{\"@id\":\"https:\/\/www.sonoraenequipo.com.mx\/gobierno-de-sonora-celebra-convenio-con-impi-para-promover-la-propiedad-industrial\/\"},\"wordCount\":230,\"commentCount\":0,\"publisher\":{\"@id\":\"https:\/\/www.sonoraenequipo.com.mx\/#organization\"},\"image\":{\"@id\":\"https:\/\/www.sonoraenequipo.com.mx\/gobierno-de-sonora-celebra-convenio-con-impi-para-promover-la-propiedad-industrial\/#primaryimage\"},\"thumbnailUrl\":\"https:\/\/www.sonoraenequipo.com.mx\/storage\/2024\/04\/adm-impi.jpg\",\"keywords\":[\"impi\"],\"articleSection\":[\"Sonora\"],\"inLanguage\":\"es\",\"potentialAction\":[{\"@type\":\"CommentAction\",\"name\":\"Comment\",\"target\":[\"https:\/\/www.sonoraenequipo.com.mx\/gobierno-de-sonora-celebra-convenio-con-impi-para-promover-la-propiedad-industrial\/#respond\"]}]},{\"@type\":\"WebPage\",\"@id\":\"https:\/\/www.sonoraenequipo.com.mx\/gobierno-de-sonora-celebra-convenio-con-impi-para-promover-la-propiedad-industrial\/\",\"url\":\"https:\/\/www.sonoraenequipo.com.mx\/gobierno-de-sonora-celebra-convenio-con-impi-para-promover-la-propiedad-industrial\/\",\"name\":\"Sonora en Equipo. Gobierno de Sonora celebra convenio con IMPI para promover la propiedad industrial Sonora\",\"isPartOf\":{\"@id\":\"https:\/\/www.sonoraenequipo.com.mx\/#website\"},\"primaryImageOfPage\":{\"@id\":\"https:\/\/www.sonoraenequipo.com.mx\/gobierno-de-sonora-celebra-convenio-con-impi-para-promover-la-propiedad-industrial\/#primaryimage\"},\"image\":{\"@id\":\"https:\/\/www.sonoraenequipo.com.mx\/gobierno-de-sonora-celebra-convenio-con-impi-para-promover-la-propiedad-industrial\/#primaryimage\"},\"thumbnailUrl\":\"https:\/\/www.sonoraenequipo.com.mx\/storage\/2024\/04\/adm-impi.jpg\",\"datePublished\":\"2024-04-21T02:43:00+00:00\",\"dateModified\":\"2024-04-21T07:05:28+00:00\",\"description\":\"&nbsp; &nbsp; &nbsp; &nbsp; HERMOSILLO, SONORA, MX.\u02d7\u02d7\u02d7 El gobernador Alfonso Durazo Monta\u00f1o celebr\u00f3 la firma de convenio con el titular del Instituto En Sonora en Equipo publicamos toda la informaci\u00f3n de Sonora, M\u00e9xico y el Mundo de manera oportuna y busca que la libertad de expresi\u00f3n sea real. Visita nuestro medio informativo publicado desde Hermosillo, Sonora. %\",\"breadcrumb\":{\"@id\":\"https:\/\/www.sonoraenequipo.com.mx\/gobierno-de-sonora-celebra-convenio-con-impi-para-promover-la-propiedad-industrial\/#breadcrumb\"},\"inLanguage\":\"es\",\"potentialAction\":[{\"@type\":\"ReadAction\",\"target\":[\"https:\/\/www.sonoraenequipo.com.mx\/gobierno-de-sonora-celebra-convenio-con-impi-para-promover-la-propiedad-industrial\/\"]}]},{\"@type\":\"ImageObject\",\"inLanguage\":\"es\",\"@id\":\"https:\/\/www.sonoraenequipo.com.mx\/gobierno-de-sonora-celebra-convenio-con-impi-para-promover-la-propiedad-industrial\/#primaryimage\",\"url\":\"https:\/\/www.sonoraenequipo.com.mx\/storage\/2024\/04\/adm-impi.jpg\",\"contentUrl\":\"https:\/\/www.sonoraenequipo.com.mx\/storage\/2024\/04\/adm-impi.jpg\",\"width\":800,\"height\":566},{\"@type\":\"BreadcrumbList\",\"@id\":\"https:\/\/www.sonoraenequipo.com.mx\/gobierno-de-sonora-celebra-convenio-con-impi-para-promover-la-propiedad-industrial\/#breadcrumb\",\"itemListElement\":[{\"@type\":\"ListItem\",\"position\":1,\"name\":\"Portada\",\"item\":\"https:\/\/www.sonoraenequipo.com.mx\/\"},{\"@type\":\"ListItem\",\"position\":2,\"name\":\"Gobierno de Sonora celebra convenio con IMPI para promover la propiedad industrial\"}]},{\"@type\":\"WebSite\",\"@id\":\"https:\/\/www.sonoraenequipo.com.mx\/#website\",\"url\":\"https:\/\/www.sonoraenequipo.com.mx\/\",\"name\":\"Sonora en Equipo.\",\"description\":\"Diario en l\u00ednea con Noticias desde Hermosillo, Sonora\",\"publisher\":{\"@id\":\"https:\/\/www.sonoraenequipo.com.mx\/#organization\"},\"potentialAction\":[{\"@type\":\"SearchAction\",\"target\":{\"@type\":\"EntryPoint\",\"urlTemplate\":\"https:\/\/www.sonoraenequipo.com.mx\/?s={search_term_string}\"},\"query-input\":{\"@type\":\"PropertyValueSpecification\",\"valueRequired\":true,\"valueName\":\"search_term_string\"}}],\"inLanguage\":\"es\"},{\"@type\":\"Organization\",\"@id\":\"https:\/\/www.sonoraenequipo.com.mx\/#organization\",\"name\":\"Sonoraenequipo.com.mx\",\"url\":\"https:\/\/www.sonoraenequipo.com.mx\/\",\"logo\":{\"@type\":\"ImageObject\",\"inLanguage\":\"es\",\"@id\":\"https:\/\/www.sonoraenequipo.com.mx\/#\/schema\/logo\/image\/\",\"url\":\"https:\/\/www.sonoraenequipo.com.mx\/storage\/2019\/01\/sonoraenequipo_opt.png\",\"contentUrl\":\"https:\/\/www.sonoraenequipo.com.mx\/storage\/2019\/01\/sonoraenequipo_opt.png\",\"width\":375,\"height\":125,\"caption\":\"Sonoraenequipo.com.mx\"},\"image\":{\"@id\":\"https:\/\/www.sonoraenequipo.com.mx\/#\/schema\/logo\/image\/\"},\"sameAs\":[\"https:\/\/www.facebook.com\/SonoraEE\/\",\"https:\/\/x.com\/sonoraenequipo\",\"https:\/\/www.youtube.com\/channel\/UC338nW-lPEYmJQs4ZABQ1SQ\"]},{\"@type\":\"Person\",\"@id\":\"https:\/\/www.sonoraenequipo.com.mx\/#\/schema\/person\/50102df0fb23a8fa9e8effad8fa81386\",\"name\":\"enequipo\",\"image\":{\"@type\":\"ImageObject\",\"inLanguage\":\"es\",\"@id\":\"https:\/\/www.sonoraenequipo.com.mx\/#\/schema\/person\/image\/\",\"url\":\"https:\/\/secure.gravatar.com\/avatar\/049821681b589dabc0bc20695993ccebb09f5b5d4d790cd9251b97faac7c652b?s=96&d=blank&r=g\",\"contentUrl\":\"https:\/\/secure.gravatar.com\/avatar\/049821681b589dabc0bc20695993ccebb09f5b5d4d790cd9251b97faac7c652b?s=96&d=blank&r=g\",\"caption\":\"enequipo\"},\"sameAs\":[\"https:\/\/www.facebook.com\/SonoraEE\"]}]}<\/script>\n ","yoast_head_json":{"title":"Sonora en Equipo. Gobierno de Sonora celebra convenio con IMPI para promover la propiedad industrial Sonora","description":"&nbsp; &nbsp; &nbsp; &nbsp; HERMOSILLO, SONORA, MX.\u02d7\u02d7\u02d7 El gobernador Alfonso Durazo Monta\u00f1o celebr\u00f3 la firma de convenio con el titular del Instituto En Sonora en Equipo publicamos toda la informaci\u00f3n de Sonora, M\u00e9xico y el Mundo de manera oportuna y busca que la libertad de expresi\u00f3n sea real. Visita nuestro medio informativo publicado desde Hermosillo, Sonora. %","robots":{"index":"index","follow":"follow","max-snippet":"max-snippet:-1","max-image-preview":"max-image-preview:large","max-video-preview":"max-video-preview:-1"},"canonical":"https:\/\/www.sonoraenequipo.com.mx\/gobierno-de-sonora-celebra-convenio-con-impi-para-promover-la-propiedad-industrial\/","og_locale":"es_ES","og_type":"article","og_title":"Sonora en Equipo. Gobierno de Sonora celebra convenio con IMPI para promover la propiedad industrial Sonora","og_description":"&nbsp; &nbsp; &nbsp; &nbsp; HERMOSILLO, SONORA, MX.\u02d7\u02d7\u02d7 El gobernador Alfonso Durazo Monta\u00f1o celebr\u00f3 la firma de convenio con el titular del Instituto En Sonora en Equipo publicamos toda la informaci\u00f3n de Sonora, M\u00e9xico y el Mundo de manera oportuna y busca que la libertad de expresi\u00f3n sea real. Visita nuestro medio informativo publicado desde Hermosillo, Sonora. %","og_url":"https:\/\/www.sonoraenequipo.com.mx\/gobierno-de-sonora-celebra-convenio-con-impi-para-promover-la-propiedad-industrial\/","og_site_name":"Sonora en Equipo.","article_publisher":"https:\/\/www.facebook.com\/SonoraEE\/","article_author":"https:\/\/www.facebook.com\/SonoraEE","article_published_time":"2024-04-21T02:43:00+00:00","article_modified_time":"2024-04-21T07:05:28+00:00","og_image":[{"width":800,"height":566,"url":"https:\/\/www.sonoraenequipo.com.mx\/storage\/2024\/04\/adm-impi.jpg","type":"image\/jpeg"}],"author":"enequipo","twitter_card":"summary_large_image","twitter_creator":"@sonoraenequipo","twitter_site":"@sonoraenequipo","twitter_misc":{"Escrito por":"enequipo","Tiempo de lectura":"1 minuto"},"schema":{"@context":"https:\/\/schema.org","@graph":[{"@type":"Article","@id":"https:\/\/www.sonoraenequipo.com.mx\/gobierno-de-sonora-celebra-convenio-con-impi-para-promover-la-propiedad-industrial\/#article","isPartOf":{"@id":"https:\/\/www.sonoraenequipo.com.mx\/gobierno-de-sonora-celebra-convenio-con-impi-para-promover-la-propiedad-industrial\/"},"author":{"name":"enequipo","@id":"https:\/\/www.sonoraenequipo.com.mx\/#\/schema\/person\/50102df0fb23a8fa9e8effad8fa81386"},"headline":"Gobierno de Sonora celebra convenio con IMPI para promover la propiedad industrial","datePublished":"2024-04-21T02:43:00+00:00","dateModified":"2024-04-21T07:05:28+00:00","mainEntityOfPage":{"@id":"https:\/\/www.sonoraenequipo.com.mx\/gobierno-de-sonora-celebra-convenio-con-impi-para-promover-la-propiedad-industrial\/"},"wordCount":230,"commentCount":0,"publisher":{"@id":"https:\/\/www.sonoraenequipo.com.mx\/#organization"},"image":{"@id":"https:\/\/www.sonoraenequipo.com.mx\/gobierno-de-sonora-celebra-convenio-con-impi-para-promover-la-propiedad-industrial\/#primaryimage"},"thumbnailUrl":"https:\/\/www.sonoraenequipo.com.mx\/storage\/2024\/04\/adm-impi.jpg","keywords":["impi"],"articleSection":["Sonora"],"inLanguage":"es","potentialAction":[{"@type":"CommentAction","name":"Comment","target":["https:\/\/www.sonoraenequipo.com.mx\/gobierno-de-sonora-celebra-convenio-con-impi-para-promover-la-propiedad-industrial\/#respond"]}]},{"@type":"WebPage","@id":"https:\/\/www.sonoraenequipo.com.mx\/gobierno-de-sonora-celebra-convenio-con-impi-para-promover-la-propiedad-industrial\/","url":"https:\/\/www.sonoraenequipo.com.mx\/gobierno-de-sonora-celebra-convenio-con-impi-para-promover-la-propiedad-industrial\/","name":"Sonora en Equipo. Gobierno de Sonora celebra convenio con IMPI para promover la propiedad industrial Sonora","isPartOf":{"@id":"https:\/\/www.sonoraenequipo.com.mx\/#website"},"primaryImageOfPage":{"@id":"https:\/\/www.sonoraenequipo.com.mx\/gobierno-de-sonora-celebra-convenio-con-impi-para-promover-la-propiedad-industrial\/#primaryimage"},"image":{"@id":"https:\/\/www.sonoraenequipo.com.mx\/gobierno-de-sonora-celebra-convenio-con-impi-para-promover-la-propiedad-industrial\/#primaryimage"},"thumbnailUrl":"https:\/\/www.sonoraenequipo.com.mx\/storage\/2024\/04\/adm-impi.jpg","datePublished":"2024-04-21T02:43:00+00:00","dateModified":"2024-04-21T07:05:28+00:00","description":"&nbsp; &nbsp; &nbsp; &nbsp; HERMOSILLO, SONORA, MX.\u02d7\u02d7\u02d7 El gobernador Alfonso Durazo Monta\u00f1o celebr\u00f3 la firma de convenio con el titular del Instituto En Sonora en Equipo publicamos toda la informaci\u00f3n de Sonora, M\u00e9xico y el Mundo de manera oportuna y busca que la libertad de expresi\u00f3n sea real. Visita nuestro medio informativo publicado desde Hermosillo, Sonora. %","breadcrumb":{"@id":"https:\/\/www.sonoraenequipo.com.mx\/gobierno-de-sonora-celebra-convenio-con-impi-para-promover-la-propiedad-industrial\/#breadcrumb"},"inLanguage":"es","potentialAction":[{"@type":"ReadAction","target":["https:\/\/www.sonoraenequipo.com.mx\/gobierno-de-sonora-celebra-convenio-con-impi-para-promover-la-propiedad-industrial\/"]}]},{"@type":"ImageObject","inLanguage":"es","@id":"https:\/\/www.sonoraenequipo.com.mx\/gobierno-de-sonora-celebra-convenio-con-impi-para-promover-la-propiedad-industrial\/#primaryimage","url":"https:\/\/www.sonoraenequipo.com.mx\/storage\/2024\/04\/adm-impi.jpg","contentUrl":"https:\/\/www.sonoraenequipo.com.mx\/storage\/2024\/04\/adm-impi.jpg","width":800,"height":566},{"@type":"BreadcrumbList","@id":"https:\/\/www.sonoraenequipo.com.mx\/gobierno-de-sonora-celebra-convenio-con-impi-para-promover-la-propiedad-industrial\/#breadcrumb","itemListElement":[{"@type":"ListItem","position":1,"name":"Portada","item":"https:\/\/www.sonoraenequipo.com.mx\/"},{"@type":"ListItem","position":2,"name":"Gobierno de Sonora celebra convenio con IMPI para promover la propiedad industrial"}]},{"@type":"WebSite","@id":"https:\/\/www.sonoraenequipo.com.mx\/#website","url":"https:\/\/www.sonoraenequipo.com.mx\/","name":"Sonora en Equipo.","description":"Diario en l\u00ednea con Noticias desde Hermosillo, Sonora","publisher":{"@id":"https:\/\/www.sonoraenequipo.com.mx\/#organization"},"potentialAction":[{"@type":"SearchAction","target":{"@type":"EntryPoint","urlTemplate":"https:\/\/www.sonoraenequipo.com.mx\/?s={search_term_string}"},"query-input":{"@type":"PropertyValueSpecification","valueRequired":true,"valueName":"search_term_string"}}],"inLanguage":"es"},{"@type":"Organization","@id":"https:\/\/www.sonoraenequipo.com.mx\/#organization","name":"Sonoraenequipo.com.mx","url":"https:\/\/www.sonoraenequipo.com.mx\/","logo":{"@type":"ImageObject","inLanguage":"es","@id":"https:\/\/www.sonoraenequipo.com.mx\/#\/schema\/logo\/image\/","url":"https:\/\/www.sonoraenequipo.com.mx\/storage\/2019\/01\/sonoraenequipo_opt.png","contentUrl":"https:\/\/www.sonoraenequipo.com.mx\/storage\/2019\/01\/sonoraenequipo_opt.png","width":375,"height":125,"caption":"Sonoraenequipo.com.mx"},"image":{"@id":"https:\/\/www.sonoraenequipo.com.mx\/#\/schema\/logo\/image\/"},"sameAs":["https:\/\/www.facebook.com\/SonoraEE\/","https:\/\/x.com\/sonoraenequipo","https:\/\/www.youtube.com\/channel\/UC338nW-lPEYmJQs4ZABQ1SQ"]},{"@type":"Person","@id":"https:\/\/www.sonoraenequipo.com.mx\/#\/schema\/person\/50102df0fb23a8fa9e8effad8fa81386","name":"enequipo","image":{"@type":"ImageObject","inLanguage":"es","@id":"https:\/\/www.sonoraenequipo.com.mx\/#\/schema\/person\/image\/","url":"https:\/\/secure.gravatar.com\/avatar\/049821681b589dabc0bc20695993ccebb09f5b5d4d790cd9251b97faac7c652b?s=96&d=blank&r=g","contentUrl":"https:\/\/secure.gravatar.com\/avatar\/049821681b589dabc0bc20695993ccebb09f5b5d4d790cd9251b97faac7c652b?s=96&d=blank&r=g","caption":"enequipo"},"sameAs":["https:\/\/www.facebook.com\/SonoraEE"]}]}},"jetpack_featured_media_url":"https:\/\/www.sonoraenequipo.com.mx\/storage\/2024\/04\/adm-impi.jpg","_links":{"self":[{"href":"https:\/\/www.sonoraenequipo.com.mx\/api\/wp\/v2\/posts\/188016","targetHints":{"allow":["GET"]}}],"collection":[{"href":"https:\/\/www.sonoraenequipo.com.mx\/api\/wp\/v2\/posts"}],"about":[{"href":"https:\/\/www.sonoraenequipo.com.mx\/api\/wp\/v2\/types\/post"}],"author":[{"embeddable":true,"href":"https:\/\/www.sonoraenequipo.com.mx\/api\/wp\/v2\/users\/1"}],"replies":[{"embeddable":true,"href":"https:\/\/www.sonoraenequipo.com.mx\/api\/wp\/v2\/comments?post=188016"}],"version-history":[{"count":2,"href":"https:\/\/www.sonoraenequipo.com.mx\/api\/wp\/v2\/posts\/188016\/revisions"}],"predecessor-version":[{"id":188024,"href":"https:\/\/www.sonoraenequipo.com.mx\/api\/wp\/v2\/posts\/188016\/revisions\/188024"}],"wp:featuredmedia":[{"embeddable":true,"href":"https:\/\/www.sonoraenequipo.com.mx\/api\/wp\/v2\/media\/188017"}],"wp:attachment":[{"href":"https:\/\/www.sonoraenequipo.com.mx\/api\/wp\/v2\/media?parent=188016"}],"wp:term":[{"taxonomy":"category","embeddable":true,"href":"https:\/\/www.sonoraenequipo.com.mx\/api\/wp\/v2\/categories?post=188016"},{"taxonomy":"post_tag","embeddable":true,"href":"https:\/\/www.sonoraenequipo.com.mx\/api\/wp\/v2\/tags?post=188016"}],"curies":[{"name":"wp","href":"https:\/\/api.w.org\/{rel}","templated":true}]}}