{"id":188038,"date":"2024-04-21T16:20:51","date_gmt":"2024-04-21T23:20:51","guid":{"rendered":"https:\/\/www.sonoraenequipo.com.mx\/?p=188038"},"modified":"2024-04-21T16:20:51","modified_gmt":"2024-04-21T23:20:51","slug":"con-nuestro-triunfo-el-machismo-en-nuestro-pais-va-a-quedar-en-el-pasado-claudia-sheinbaum","status":"publish","type":"post","link":"https:\/\/www.sonoraenequipo.com.mx\/con-nuestro-triunfo-el-machismo-en-nuestro-pais-va-a-quedar-en-el-pasado-claudia-sheinbaum\/","title":{"rendered":"Con nuestro triunfo el machismo en nuestro pa\u00eds va a quedar en el pasado: Claudia Sheinbaum"},"content":{"rendered":"<p>\u25aa\u00a0\u00a0\u00a0\u00a0\u00a0 \u201cVamos a hacer un polo de desarrollo en el sur de Chiapas\u201d, anunci\u00f3<\/p>\n<p>\u25aa\u00a0\u00a0\u00a0\u00a0\u00a0\u00a0 Planes de justicia, consultas ind\u00edgenas y reconocimiento en la Constituci\u00f3n, ofreci\u00f3 para los pueblos originarios<\/p>\n<p>&nbsp;<\/p>\n<p>COMIT\u00c1N DE DOM\u00cdNGUEZ, CHIAPAS.\u2014 El triunfo de la Cuarta Transformaci\u00f3n el pr\u00f3ximo 2 de junio continuar\u00e1 poniendo fin a una era de machismo en M\u00e9xico, que ya ha comenzado a erradicarse gracias a la 4T, as\u00ed lo asegur\u00f3 la candidata de la coalici\u00f3n \u201cSigamos Haciendo Historia\u201d (Morena, PT y PVEM) a la Presidencia de la Rep\u00fablica, Claudia Sheinbaum Pardo, quien, desde Chiapas, afirm\u00f3, llegar\u00e1 a Palacio Nacional con todas las mujeres de M\u00e9xico, incluidas las ancestras que lucharon por llegar a este momento hist\u00f3rico del pa\u00eds.<\/p>\n<p>&nbsp;<\/p>\n<p>\u201cCon ese pensamiento les digo que vamos a llegar a la Presidencia, por primera vez en 200 a\u00f1os de la Rep\u00fablica va a haber una mujer en la Presidencia, pero no llego sola, llegamos con nuestras ancestras, llegamos con nuestras madres, llegamos con nuestras hijas y llegamos con nuestras nietas para reconocer el papel de las mujeres mexicanas en la historia, en la vida p\u00fablica, reconociendo la diversidad, la igualdad, pero sobre todo reconociendo que, con este triunfo, el machismo en nuestro pa\u00eds va a quedar en el pasado\u201d, asever\u00f3.<\/p>\n<p>&nbsp;<\/p>\n<p>Cobijada por los pueblos originarios de Comit\u00e1n, Chiapas, Claudia Sheinbaum anunci\u00f3 un programa especial para la frontera sur del pa\u00eds, que consiste en incentivos fiscales como los que hay en la frontera norte para garantizar mayor inversi\u00f3n, que sea ordenada y justa, que permita el desarrollo, as\u00ed como la dignificaci\u00f3n de la migraci\u00f3n en la regi\u00f3n.<\/p>\n<p>&nbsp;<\/p>\n<p>\u201cVa a haber incentivos fiscales para el sur de Chiapas, como hay en la frontera norte, que permitan la inversi\u00f3n de manera ordenada, pero al mismo tiempo que genere empleos y que permita tambi\u00e9n hacer m\u00e1s justa, m\u00e1s digna la migraci\u00f3n. Vamos a hacer un polo de desarrollo en el sur de Chiapas\u201d, anunci\u00f3.<\/p>\n<p>&nbsp;<\/p>\n<p>Aclar\u00f3 que este programa especial ser\u00e1 siempre con el respeto y consentimiento de los pueblos originarios y afromexicanos de la regi\u00f3n, quienes tambi\u00e9n ser\u00e1n reconocidos como sujetos de derecho en la Constituci\u00f3n Pol\u00edtica de M\u00e9xico, como parte fundamental en el segundo piso de la Transformaci\u00f3n.<\/p>\n<p>&nbsp;<\/p>\n<p>\u201cEs reconociendo, respetando a los pueblos originarios, por eso vamos a llevar a que se apruebe de una vez por todas en la Constituci\u00f3n, el reconocimiento como sujetos de derecho a los pueblos originarios de nuestro pa\u00eds y los pueblos afromexicanos y a seguir construyendo, no solamente la consulta ind\u00edgena, sino tambi\u00e9n de todos los planes de justicia\u201d, precis\u00f3.<\/p>\n<p>&nbsp;<\/p>\n<p>Tambi\u00e9n anunci\u00f3 dar continuidad al apoyo en el campo con los programas sociales que inici\u00f3 el Presidente Andr\u00e9s Manuel L\u00f3pez Obrador, pero tambi\u00e9n impulsando la comercializaci\u00f3n con precios justos y sin intermediarios que mermen su ganancia.<\/p>\n<p>&nbsp;<\/p>\n<p>\u201cVamos a apoyar a los productores agr\u00edcolas, de caf\u00e9, de ma\u00edz, en el estado de Chiapas, de diversas maneras, no solamente el apoyo en la producci\u00f3n, sino en la comercializaci\u00f3n de los productos, que tengan precios justos, que no haya este intermediarismo y que haya precios justos para los productores\u201d, se\u00f1al\u00f3.<\/p>\n<p>&nbsp;<\/p>\n<p>Por su parte, el candidato de la coalici\u00f3n \u201cSigamos Haciendo Historia\u201d a la gubernatura de Chiapas, Eduardo Ram\u00edrez, ofreci\u00f3 atenci\u00f3n a las necesidades de Chiapas, siempre bajo el liderazgo de Claudia Sheinbaum como la pr\u00f3xima Presidenta de la Rep\u00fablica.<\/p>\n<p>&nbsp;<\/p>\n<p>\u201cQueremos que usted est\u00e9 en los temas de la Rep\u00fablica, para eso nos puso el pueblo y no vamos a deshonrar su confianza, vamos a ser siempre hombres y mujeres leales a su liderazgo, a su trabajo\u201d, expres\u00f3.<\/p>\n<p>&nbsp;<\/p>\n<p>En el encuentro en Comit\u00e1n de Dom\u00ednguez, la candidata plurinominal al Senado de la Rep\u00fablica y representante de comunidades ind\u00edgenas de Chiapas, Edith L\u00f3pez Hern\u00e1ndez, asegur\u00f3 que la siguiente etapa de la transformaci\u00f3n es con los pueblos originarios.<\/p>\n<p>&nbsp;<\/p>\n<p>\u201cAhora con nuestra candidata vamos construyendo el segundo piso de la Cuarta Transformaci\u00f3n y ser part\u00edcipes de nuestra propia historia, con nuestros pueblos originarios todos, sin nuestros pueblos originarios nada. No hay marcha atr\u00e1s, este 2 de junio vamos a hacer historia con nuestra candidata Claudia Sheinbaum Pardo\u201d, manifest\u00f3.<\/p>\n<p>&nbsp;<\/p>\n<p>Finalmente, el candidato a diputado federal, Roberto Albores, se\u00f1al\u00f3 que: \u201cAqu\u00ed tenemos una mujer con liderazgo, con car\u00e1cter, con determinaci\u00f3n que va a construir el segundo piso de la transformaci\u00f3n de M\u00e9xico\u201d.<\/p>\n<p>&nbsp;<\/p>\n<p>Al evento tambi\u00e9n acudieron Ricardo Monreal \u00c1vila, coordinador de Enlace Territorial; Carlos Molina Velasco, presidente estatal de Morena; Juan Hugo de la Rosa, coordinador de la Tercera Circunscripci\u00f3n; Patricia Armend\u00e1riz, candidata a diputada federal; las y los candidatos al Senado de la Rep\u00fablica, Sasil de Le\u00f3n Villard, Jos\u00e9 Manuel Cruz Castellanos (Pepe Cruz), Luis Armando Melgar, Mar\u00eda Eugenia Culebro P\u00e9rez, Edwin Herrera Rodr\u00edguez y Leticia M\u00e9ndez Intz\u00edn.<\/p>\n<p><strong>Fecha de publicaci\u00f3n domingo 21 \u00a0de abril de 2024<\/strong><\/p>\n<p>&nbsp;<\/p>\n<p>&nbsp;<\/p>\n","protected":false},"excerpt":{"rendered":"<p>\u25aa\u00a0\u00a0\u00a0\u00a0\u00a0 \u201cVamos a hacer un polo de desarrollo en el sur de Chiapas\u201d, anunci\u00f3 \u25aa\u00a0\u00a0\u00a0\u00a0\u00a0\u00a0&#8230;<\/p>\n","protected":false},"author":1,"featured_media":188039,"comment_status":"open","ping_status":"open","sticky":false,"template":"","format":"standard","meta":{"_monsterinsights_skip_tracking":false,"_monsterinsights_sitenote_active":false,"_monsterinsights_sitenote_note":"","_monsterinsights_sitenote_category":0,"footnotes":""},"categories":[9400],"tags":[7497,16,8280,2448],"class_list":["post"],"yoast_head":" \n<title>Sonora en Equipo. Con nuestro triunfo el machismo en nuestro pa\u00eds va a quedar en el pasado: Claudia Sheinbaum ELECCI\u00d3NES<\/title>\n<meta name=\"description\" content=\"\u25aa\u00a0\u00a0\u00a0\u00a0\u00a0 \u201cVamos a hacer un polo de desarrollo en el sur de Chiapas\u201d, anunci\u00f3 \u25aa\u00a0\u00a0\u00a0\u00a0\u00a0\u00a0 Planes de justicia, consultas ind\u00edgenas y reconocimiento en la En Sonora en Equipo publicamos toda la informaci\u00f3n de Sonora, M\u00e9xico y el Mundo de manera oportuna y busca que la libertad de expresi\u00f3n sea real. Visita nuestro medio informativo publicado desde Hermosillo, Sonora. %\" \/>\n<meta name=\"robots\" content=\"index, follow, max-snippet:-1, max-image-preview:large, max-video-preview:-1\" \/>\n<link rel=\"canonical\" href=\"https:\/\/www.sonoraenequipo.com.mx\/con-nuestro-triunfo-el-machismo-en-nuestro-pais-va-a-quedar-en-el-pasado-claudia-sheinbaum\/\" \/>\n<meta property=\"og:locale\" content=\"es_ES\" \/>\n<meta property=\"og:type\" content=\"article\" \/>\n<meta property=\"og:title\" content=\"Sonora en Equipo. Con nuestro triunfo el machismo en nuestro pa\u00eds va a quedar en el pasado: Claudia Sheinbaum ELECCI\u00d3NES\" \/>\n<meta property=\"og:description\" content=\"\u25aa\u00a0\u00a0\u00a0\u00a0\u00a0 \u201cVamos a hacer un polo de desarrollo en el sur de Chiapas\u201d, anunci\u00f3 \u25aa\u00a0\u00a0\u00a0\u00a0\u00a0\u00a0 Planes de justicia, consultas ind\u00edgenas y reconocimiento en la En Sonora en Equipo publicamos toda la informaci\u00f3n de Sonora, M\u00e9xico y el Mundo de manera oportuna y busca que la libertad de expresi\u00f3n sea real. Visita nuestro medio informativo publicado desde Hermosillo, Sonora. %\" \/>\n<meta property=\"og:url\" content=\"https:\/\/www.sonoraenequipo.com.mx\/con-nuestro-triunfo-el-machismo-en-nuestro-pais-va-a-quedar-en-el-pasado-claudia-sheinbaum\/\" \/>\n<meta property=\"og:site_name\" content=\"Sonora en Equipo.\" \/>\n<meta property=\"article:publisher\" content=\"https:\/\/www.facebook.com\/SonoraEE\/\" \/>\n<meta property=\"article:author\" content=\"https:\/\/www.facebook.com\/SonoraEE\" \/>\n<meta property=\"article:published_time\" content=\"2024-04-21T23:20:51+00:00\" \/>\n<meta property=\"og:image\" content=\"https:\/\/www.sonoraenequipo.com.mx\/storage\/2024\/04\/csp-chiapas.jpg\" \/>\n\t<meta property=\"og:image:width\" content=\"900\" \/>\n\t<meta property=\"og:image:height\" content=\"599\" \/>\n\t<meta property=\"og:image:type\" content=\"image\/jpeg\" \/>\n<meta name=\"author\" content=\"enequipo\" \/>\n<meta name=\"twitter:card\" content=\"summary_large_image\" \/>\n<meta name=\"twitter:creator\" content=\"@sonoraenequipo\" \/>\n<meta name=\"twitter:site\" content=\"@sonoraenequipo\" \/>\n<meta name=\"twitter:label1\" content=\"Escrito por\" \/>\n\t<meta name=\"twitter:data1\" content=\"enequipo\" \/>\n\t<meta name=\"twitter:label2\" content=\"Tiempo de lectura\" \/>\n\t<meta name=\"twitter:data2\" content=\"4 minutos\" \/>\n<script type=\"application\/ld+json\" class=\"yoast-schema-graph\">{\"@context\":\"https:\/\/schema.org\",\"@graph\":[{\"@type\":\"Article\",\"@id\":\"https:\/\/www.sonoraenequipo.com.mx\/con-nuestro-triunfo-el-machismo-en-nuestro-pais-va-a-quedar-en-el-pasado-claudia-sheinbaum\/#article\",\"isPartOf\":{\"@id\":\"https:\/\/www.sonoraenequipo.com.mx\/con-nuestro-triunfo-el-machismo-en-nuestro-pais-va-a-quedar-en-el-pasado-claudia-sheinbaum\/\"},\"author\":{\"name\":\"enequipo\",\"@id\":\"https:\/\/www.sonoraenequipo.com.mx\/#\/schema\/person\/50102df0fb23a8fa9e8effad8fa81386\"},\"headline\":\"Con nuestro triunfo el machismo en nuestro pa\u00eds va a quedar en el pasado: Claudia Sheinbaum\",\"datePublished\":\"2024-04-21T23:20:51+00:00\",\"mainEntityOfPage\":{\"@id\":\"https:\/\/www.sonoraenequipo.com.mx\/con-nuestro-triunfo-el-machismo-en-nuestro-pais-va-a-quedar-en-el-pasado-claudia-sheinbaum\/\"},\"wordCount\":885,\"commentCount\":0,\"publisher\":{\"@id\":\"https:\/\/www.sonoraenequipo.com.mx\/#organization\"},\"image\":{\"@id\":\"https:\/\/www.sonoraenequipo.com.mx\/con-nuestro-triunfo-el-machismo-en-nuestro-pais-va-a-quedar-en-el-pasado-claudia-sheinbaum\/#primaryimage\"},\"thumbnailUrl\":\"https:\/\/www.sonoraenequipo.com.mx\/storage\/2024\/04\/csp-chiapas.jpg\",\"keywords\":[\"2024\",\"Claudia\",\"PEF\",\"Sheinbaum\"],\"articleSection\":[\"ELECCI\u00d3NES\"],\"inLanguage\":\"es\",\"potentialAction\":[{\"@type\":\"CommentAction\",\"name\":\"Comment\",\"target\":[\"https:\/\/www.sonoraenequipo.com.mx\/con-nuestro-triunfo-el-machismo-en-nuestro-pais-va-a-quedar-en-el-pasado-claudia-sheinbaum\/#respond\"]}]},{\"@type\":\"WebPage\",\"@id\":\"https:\/\/www.sonoraenequipo.com.mx\/con-nuestro-triunfo-el-machismo-en-nuestro-pais-va-a-quedar-en-el-pasado-claudia-sheinbaum\/\",\"url\":\"https:\/\/www.sonoraenequipo.com.mx\/con-nuestro-triunfo-el-machismo-en-nuestro-pais-va-a-quedar-en-el-pasado-claudia-sheinbaum\/\",\"name\":\"Sonora en Equipo. Con nuestro triunfo el machismo en nuestro pa\u00eds va a quedar en el pasado: Claudia Sheinbaum ELECCI\u00d3NES\",\"isPartOf\":{\"@id\":\"https:\/\/www.sonoraenequipo.com.mx\/#website\"},\"primaryImageOfPage\":{\"@id\":\"https:\/\/www.sonoraenequipo.com.mx\/con-nuestro-triunfo-el-machismo-en-nuestro-pais-va-a-quedar-en-el-pasado-claudia-sheinbaum\/#primaryimage\"},\"image\":{\"@id\":\"https:\/\/www.sonoraenequipo.com.mx\/con-nuestro-triunfo-el-machismo-en-nuestro-pais-va-a-quedar-en-el-pasado-claudia-sheinbaum\/#primaryimage\"},\"thumbnailUrl\":\"https:\/\/www.sonoraenequipo.com.mx\/storage\/2024\/04\/csp-chiapas.jpg\",\"datePublished\":\"2024-04-21T23:20:51+00:00\",\"description\":\"\u25aa\u00a0\u00a0\u00a0\u00a0\u00a0 \u201cVamos a hacer un polo de desarrollo en el sur de Chiapas\u201d, anunci\u00f3 \u25aa\u00a0\u00a0\u00a0\u00a0\u00a0\u00a0 Planes de justicia, consultas ind\u00edgenas y reconocimiento en la En Sonora en Equipo publicamos toda la informaci\u00f3n de Sonora, M\u00e9xico y el Mundo de manera oportuna y busca que la libertad de expresi\u00f3n sea real. Visita nuestro medio informativo publicado desde Hermosillo, Sonora. %\",\"breadcrumb\":{\"@id\":\"https:\/\/www.sonoraenequipo.com.mx\/con-nuestro-triunfo-el-machismo-en-nuestro-pais-va-a-quedar-en-el-pasado-claudia-sheinbaum\/#breadcrumb\"},\"inLanguage\":\"es\",\"potentialAction\":[{\"@type\":\"ReadAction\",\"target\":[\"https:\/\/www.sonoraenequipo.com.mx\/con-nuestro-triunfo-el-machismo-en-nuestro-pais-va-a-quedar-en-el-pasado-claudia-sheinbaum\/\"]}]},{\"@type\":\"ImageObject\",\"inLanguage\":\"es\",\"@id\":\"https:\/\/www.sonoraenequipo.com.mx\/con-nuestro-triunfo-el-machismo-en-nuestro-pais-va-a-quedar-en-el-pasado-claudia-sheinbaum\/#primaryimage\",\"url\":\"https:\/\/www.sonoraenequipo.com.mx\/storage\/2024\/04\/csp-chiapas.jpg\",\"contentUrl\":\"https:\/\/www.sonoraenequipo.com.mx\/storage\/2024\/04\/csp-chiapas.jpg\",\"width\":900,\"height\":599},{\"@type\":\"BreadcrumbList\",\"@id\":\"https:\/\/www.sonoraenequipo.com.mx\/con-nuestro-triunfo-el-machismo-en-nuestro-pais-va-a-quedar-en-el-pasado-claudia-sheinbaum\/#breadcrumb\",\"itemListElement\":[{\"@type\":\"ListItem\",\"position\":1,\"name\":\"Portada\",\"item\":\"https:\/\/www.sonoraenequipo.com.mx\/\"},{\"@type\":\"ListItem\",\"position\":2,\"name\":\"Con nuestro triunfo el machismo en nuestro pa\u00eds va a quedar en el pasado: Claudia Sheinbaum\"}]},{\"@type\":\"WebSite\",\"@id\":\"https:\/\/www.sonoraenequipo.com.mx\/#website\",\"url\":\"https:\/\/www.sonoraenequipo.com.mx\/\",\"name\":\"Sonora en Equipo.\",\"description\":\"Diario en l\u00ednea con Noticias desde Hermosillo, Sonora\",\"publisher\":{\"@id\":\"https:\/\/www.sonoraenequipo.com.mx\/#organization\"},\"potentialAction\":[{\"@type\":\"SearchAction\",\"target\":{\"@type\":\"EntryPoint\",\"urlTemplate\":\"https:\/\/www.sonoraenequipo.com.mx\/?s={search_term_string}\"},\"query-input\":{\"@type\":\"PropertyValueSpecification\",\"valueRequired\":true,\"valueName\":\"search_term_string\"}}],\"inLanguage\":\"es\"},{\"@type\":\"Organization\",\"@id\":\"https:\/\/www.sonoraenequipo.com.mx\/#organization\",\"name\":\"Sonoraenequipo.com.mx\",\"url\":\"https:\/\/www.sonoraenequipo.com.mx\/\",\"logo\":{\"@type\":\"ImageObject\",\"inLanguage\":\"es\",\"@id\":\"https:\/\/www.sonoraenequipo.com.mx\/#\/schema\/logo\/image\/\",\"url\":\"https:\/\/www.sonoraenequipo.com.mx\/storage\/2019\/01\/sonoraenequipo_opt.png\",\"contentUrl\":\"https:\/\/www.sonoraenequipo.com.mx\/storage\/2019\/01\/sonoraenequipo_opt.png\",\"width\":375,\"height\":125,\"caption\":\"Sonoraenequipo.com.mx\"},\"image\":{\"@id\":\"https:\/\/www.sonoraenequipo.com.mx\/#\/schema\/logo\/image\/\"},\"sameAs\":[\"https:\/\/www.facebook.com\/SonoraEE\/\",\"https:\/\/x.com\/sonoraenequipo\",\"https:\/\/www.youtube.com\/channel\/UC338nW-lPEYmJQs4ZABQ1SQ\"]},{\"@type\":\"Person\",\"@id\":\"https:\/\/www.sonoraenequipo.com.mx\/#\/schema\/person\/50102df0fb23a8fa9e8effad8fa81386\",\"name\":\"enequipo\",\"image\":{\"@type\":\"ImageObject\",\"inLanguage\":\"es\",\"@id\":\"https:\/\/www.sonoraenequipo.com.mx\/#\/schema\/person\/image\/\",\"url\":\"https:\/\/secure.gravatar.com\/avatar\/049821681b589dabc0bc20695993ccebb09f5b5d4d790cd9251b97faac7c652b?s=96&d=blank&r=g\",\"contentUrl\":\"https:\/\/secure.gravatar.com\/avatar\/049821681b589dabc0bc20695993ccebb09f5b5d4d790cd9251b97faac7c652b?s=96&d=blank&r=g\",\"caption\":\"enequipo\"},\"sameAs\":[\"https:\/\/www.facebook.com\/SonoraEE\"]}]}<\/script>\n ","yoast_head_json":{"title":"Sonora en Equipo. Con nuestro triunfo el machismo en nuestro pa\u00eds va a quedar en el pasado: Claudia Sheinbaum ELECCI\u00d3NES","description":"\u25aa\u00a0\u00a0\u00a0\u00a0\u00a0 \u201cVamos a hacer un polo de desarrollo en el sur de Chiapas\u201d, anunci\u00f3 \u25aa\u00a0\u00a0\u00a0\u00a0\u00a0\u00a0 Planes de justicia, consultas ind\u00edgenas y reconocimiento en la En Sonora en Equipo publicamos toda la informaci\u00f3n de Sonora, M\u00e9xico y el Mundo de manera oportuna y busca que la libertad de expresi\u00f3n sea real. Visita nuestro medio informativo publicado desde Hermosillo, Sonora. %","robots":{"index":"index","follow":"follow","max-snippet":"max-snippet:-1","max-image-preview":"max-image-preview:large","max-video-preview":"max-video-preview:-1"},"canonical":"https:\/\/www.sonoraenequipo.com.mx\/con-nuestro-triunfo-el-machismo-en-nuestro-pais-va-a-quedar-en-el-pasado-claudia-sheinbaum\/","og_locale":"es_ES","og_type":"article","og_title":"Sonora en Equipo. Con nuestro triunfo el machismo en nuestro pa\u00eds va a quedar en el pasado: Claudia Sheinbaum ELECCI\u00d3NES","og_description":"\u25aa\u00a0\u00a0\u00a0\u00a0\u00a0 \u201cVamos a hacer un polo de desarrollo en el sur de Chiapas\u201d, anunci\u00f3 \u25aa\u00a0\u00a0\u00a0\u00a0\u00a0\u00a0 Planes de justicia, consultas ind\u00edgenas y reconocimiento en la En Sonora en Equipo publicamos toda la informaci\u00f3n de Sonora, M\u00e9xico y el Mundo de manera oportuna y busca que la libertad de expresi\u00f3n sea real. Visita nuestro medio informativo publicado desde Hermosillo, Sonora. %","og_url":"https:\/\/www.sonoraenequipo.com.mx\/con-nuestro-triunfo-el-machismo-en-nuestro-pais-va-a-quedar-en-el-pasado-claudia-sheinbaum\/","og_site_name":"Sonora en Equipo.","article_publisher":"https:\/\/www.facebook.com\/SonoraEE\/","article_author":"https:\/\/www.facebook.com\/SonoraEE","article_published_time":"2024-04-21T23:20:51+00:00","og_image":[{"width":900,"height":599,"url":"https:\/\/www.sonoraenequipo.com.mx\/storage\/2024\/04\/csp-chiapas.jpg","type":"image\/jpeg"}],"author":"enequipo","twitter_card":"summary_large_image","twitter_creator":"@sonoraenequipo","twitter_site":"@sonoraenequipo","twitter_misc":{"Escrito por":"enequipo","Tiempo de lectura":"4 minutos"},"schema":{"@context":"https:\/\/schema.org","@graph":[{"@type":"Article","@id":"https:\/\/www.sonoraenequipo.com.mx\/con-nuestro-triunfo-el-machismo-en-nuestro-pais-va-a-quedar-en-el-pasado-claudia-sheinbaum\/#article","isPartOf":{"@id":"https:\/\/www.sonoraenequipo.com.mx\/con-nuestro-triunfo-el-machismo-en-nuestro-pais-va-a-quedar-en-el-pasado-claudia-sheinbaum\/"},"author":{"name":"enequipo","@id":"https:\/\/www.sonoraenequipo.com.mx\/#\/schema\/person\/50102df0fb23a8fa9e8effad8fa81386"},"headline":"Con nuestro triunfo el machismo en nuestro pa\u00eds va a quedar en el pasado: Claudia Sheinbaum","datePublished":"2024-04-21T23:20:51+00:00","mainEntityOfPage":{"@id":"https:\/\/www.sonoraenequipo.com.mx\/con-nuestro-triunfo-el-machismo-en-nuestro-pais-va-a-quedar-en-el-pasado-claudia-sheinbaum\/"},"wordCount":885,"commentCount":0,"publisher":{"@id":"https:\/\/www.sonoraenequipo.com.mx\/#organization"},"image":{"@id":"https:\/\/www.sonoraenequipo.com.mx\/con-nuestro-triunfo-el-machismo-en-nuestro-pais-va-a-quedar-en-el-pasado-claudia-sheinbaum\/#primaryimage"},"thumbnailUrl":"https:\/\/www.sonoraenequipo.com.mx\/storage\/2024\/04\/csp-chiapas.jpg","keywords":["2024","Claudia","PEF","Sheinbaum"],"articleSection":["ELECCI\u00d3NES"],"inLanguage":"es","potentialAction":[{"@type":"CommentAction","name":"Comment","target":["https:\/\/www.sonoraenequipo.com.mx\/con-nuestro-triunfo-el-machismo-en-nuestro-pais-va-a-quedar-en-el-pasado-claudia-sheinbaum\/#respond"]}]},{"@type":"WebPage","@id":"https:\/\/www.sonoraenequipo.com.mx\/con-nuestro-triunfo-el-machismo-en-nuestro-pais-va-a-quedar-en-el-pasado-claudia-sheinbaum\/","url":"https:\/\/www.sonoraenequipo.com.mx\/con-nuestro-triunfo-el-machismo-en-nuestro-pais-va-a-quedar-en-el-pasado-claudia-sheinbaum\/","name":"Sonora en Equipo. Con nuestro triunfo el machismo en nuestro pa\u00eds va a quedar en el pasado: Claudia Sheinbaum ELECCI\u00d3NES","isPartOf":{"@id":"https:\/\/www.sonoraenequipo.com.mx\/#website"},"primaryImageOfPage":{"@id":"https:\/\/www.sonoraenequipo.com.mx\/con-nuestro-triunfo-el-machismo-en-nuestro-pais-va-a-quedar-en-el-pasado-claudia-sheinbaum\/#primaryimage"},"image":{"@id":"https:\/\/www.sonoraenequipo.com.mx\/con-nuestro-triunfo-el-machismo-en-nuestro-pais-va-a-quedar-en-el-pasado-claudia-sheinbaum\/#primaryimage"},"thumbnailUrl":"https:\/\/www.sonoraenequipo.com.mx\/storage\/2024\/04\/csp-chiapas.jpg","datePublished":"2024-04-21T23:20:51+00:00","description":"\u25aa\u00a0\u00a0\u00a0\u00a0\u00a0 \u201cVamos a hacer un polo de desarrollo en el sur de Chiapas\u201d, anunci\u00f3 \u25aa\u00a0\u00a0\u00a0\u00a0\u00a0\u00a0 Planes de justicia, consultas ind\u00edgenas y reconocimiento en la En Sonora en Equipo publicamos toda la informaci\u00f3n de Sonora, M\u00e9xico y el Mundo de manera oportuna y busca que la libertad de expresi\u00f3n sea real. Visita nuestro medio informativo publicado desde Hermosillo, Sonora. %","breadcrumb":{"@id":"https:\/\/www.sonoraenequipo.com.mx\/con-nuestro-triunfo-el-machismo-en-nuestro-pais-va-a-quedar-en-el-pasado-claudia-sheinbaum\/#breadcrumb"},"inLanguage":"es","potentialAction":[{"@type":"ReadAction","target":["https:\/\/www.sonoraenequipo.com.mx\/con-nuestro-triunfo-el-machismo-en-nuestro-pais-va-a-quedar-en-el-pasado-claudia-sheinbaum\/"]}]},{"@type":"ImageObject","inLanguage":"es","@id":"https:\/\/www.sonoraenequipo.com.mx\/con-nuestro-triunfo-el-machismo-en-nuestro-pais-va-a-quedar-en-el-pasado-claudia-sheinbaum\/#primaryimage","url":"https:\/\/www.sonoraenequipo.com.mx\/storage\/2024\/04\/csp-chiapas.jpg","contentUrl":"https:\/\/www.sonoraenequipo.com.mx\/storage\/2024\/04\/csp-chiapas.jpg","width":900,"height":599},{"@type":"BreadcrumbList","@id":"https:\/\/www.sonoraenequipo.com.mx\/con-nuestro-triunfo-el-machismo-en-nuestro-pais-va-a-quedar-en-el-pasado-claudia-sheinbaum\/#breadcrumb","itemListElement":[{"@type":"ListItem","position":1,"name":"Portada","item":"https:\/\/www.sonoraenequipo.com.mx\/"},{"@type":"ListItem","position":2,"name":"Con nuestro triunfo el machismo en nuestro pa\u00eds va a quedar en el pasado: Claudia Sheinbaum"}]},{"@type":"WebSite","@id":"https:\/\/www.sonoraenequipo.com.mx\/#website","url":"https:\/\/www.sonoraenequipo.com.mx\/","name":"Sonora en Equipo.","description":"Diario en l\u00ednea con Noticias desde Hermosillo, Sonora","publisher":{"@id":"https:\/\/www.sonoraenequipo.com.mx\/#organization"},"potentialAction":[{"@type":"SearchAction","target":{"@type":"EntryPoint","urlTemplate":"https:\/\/www.sonoraenequipo.com.mx\/?s={search_term_string}"},"query-input":{"@type":"PropertyValueSpecification","valueRequired":true,"valueName":"search_term_string"}}],"inLanguage":"es"},{"@type":"Organization","@id":"https:\/\/www.sonoraenequipo.com.mx\/#organization","name":"Sonoraenequipo.com.mx","url":"https:\/\/www.sonoraenequipo.com.mx\/","logo":{"@type":"ImageObject","inLanguage":"es","@id":"https:\/\/www.sonoraenequipo.com.mx\/#\/schema\/logo\/image\/","url":"https:\/\/www.sonoraenequipo.com.mx\/storage\/2019\/01\/sonoraenequipo_opt.png","contentUrl":"https:\/\/www.sonoraenequipo.com.mx\/storage\/2019\/01\/sonoraenequipo_opt.png","width":375,"height":125,"caption":"Sonoraenequipo.com.mx"},"image":{"@id":"https:\/\/www.sonoraenequipo.com.mx\/#\/schema\/logo\/image\/"},"sameAs":["https:\/\/www.facebook.com\/SonoraEE\/","https:\/\/x.com\/sonoraenequipo","https:\/\/www.youtube.com\/channel\/UC338nW-lPEYmJQs4ZABQ1SQ"]},{"@type":"Person","@id":"https:\/\/www.sonoraenequipo.com.mx\/#\/schema\/person\/50102df0fb23a8fa9e8effad8fa81386","name":"enequipo","image":{"@type":"ImageObject","inLanguage":"es","@id":"https:\/\/www.sonoraenequipo.com.mx\/#\/schema\/person\/image\/","url":"https:\/\/secure.gravatar.com\/avatar\/049821681b589dabc0bc20695993ccebb09f5b5d4d790cd9251b97faac7c652b?s=96&d=blank&r=g","contentUrl":"https:\/\/secure.gravatar.com\/avatar\/049821681b589dabc0bc20695993ccebb09f5b5d4d790cd9251b97faac7c652b?s=96&d=blank&r=g","caption":"enequipo"},"sameAs":["https:\/\/www.facebook.com\/SonoraEE"]}]}},"jetpack_featured_media_url":"https:\/\/www.sonoraenequipo.com.mx\/storage\/2024\/04\/csp-chiapas.jpg","_links":{"self":[{"href":"https:\/\/www.sonoraenequipo.com.mx\/api\/wp\/v2\/posts\/188038","targetHints":{"allow":["GET"]}}],"collection":[{"href":"https:\/\/www.sonoraenequipo.com.mx\/api\/wp\/v2\/posts"}],"about":[{"href":"https:\/\/www.sonoraenequipo.com.mx\/api\/wp\/v2\/types\/post"}],"author":[{"embeddable":true,"href":"https:\/\/www.sonoraenequipo.com.mx\/api\/wp\/v2\/users\/1"}],"replies":[{"embeddable":true,"href":"https:\/\/www.sonoraenequipo.com.mx\/api\/wp\/v2\/comments?post=188038"}],"version-history":[{"count":1,"href":"https:\/\/www.sonoraenequipo.com.mx\/api\/wp\/v2\/posts\/188038\/revisions"}],"predecessor-version":[{"id":188040,"href":"https:\/\/www.sonoraenequipo.com.mx\/api\/wp\/v2\/posts\/188038\/revisions\/188040"}],"wp:featuredmedia":[{"embeddable":true,"href":"https:\/\/www.sonoraenequipo.com.mx\/api\/wp\/v2\/media\/188039"}],"wp:attachment":[{"href":"https:\/\/www.sonoraenequipo.com.mx\/api\/wp\/v2\/media?parent=188038"}],"wp:term":[{"taxonomy":"category","embeddable":true,"href":"https:\/\/www.sonoraenequipo.com.mx\/api\/wp\/v2\/categories?post=188038"},{"taxonomy":"post_tag","embeddable":true,"href":"https:\/\/www.sonoraenequipo.com.mx\/api\/wp\/v2\/tags?post=188038"}],"curies":[{"name":"wp","href":"https:\/\/api.w.org\/{rel}","templated":true}]}}