{"id":188047,"date":"2024-04-21T16:56:09","date_gmt":"2024-04-21T23:56:09","guid":{"rendered":"https:\/\/www.sonoraenequipo.com.mx\/?p=188047"},"modified":"2024-04-21T16:56:09","modified_gmt":"2024-04-21T23:56:09","slug":"miles-protestan-en-colombia-contra-las-politicas-del-presidente-petro","status":"publish","type":"post","link":"https:\/\/www.sonoraenequipo.com.mx\/miles-protestan-en-colombia-contra-las-politicas-del-presidente-petro\/","title":{"rendered":"Miles protestan en Colombia contra las pol\u00edticas del presidente Petro"},"content":{"rendered":"<p><strong>BOGOT\u00c1 \u2014 \u00a0<\/strong>Miles de personas marcharon este domingo por las calles de Bogot\u00e1 y otras de las principales ciudades de Colombia para mostrar su desacuerdo con el gobierno del presidente Gustavo Petro y sus reformas, sobre todo en el sector salud.<\/p>\n<p>&nbsp;<\/p>\n<p>La movilizaci\u00f3n, convocada por diversos sectores opositores y llamada \u201cMarcha de las batas blancas\u201d, fue anunciada en un principio por la Asociaci\u00f3n Colombiana de Cirug\u00eda, pero luego se unieron opositores pol\u00edticos al presidente, que a inicios de abril rechazaron la reforma a la salud presentada por el Ejecutivo al Congreso.<\/p>\n<p>&nbsp;<\/p>\n<p>La propuesta planteaba reducir la intermediaci\u00f3n de actores privados y dar al Estado un mayor control del dinero y del servicio de salud que el gobierno ha calificado de deficiente.<\/p>\n<p>&nbsp;<\/p>\n<p>Tras el rechazo de la reforma, el gobierno anunci\u00f3 decretos que modifican el sistema de salud en el mismo sentido que lo quer\u00eda hacer la reforma y orden\u00f3 la intervenci\u00f3n forzosa para administrar dos de las Entidades Promotoras de Salud (EPS) m\u00e1s grandes del pa\u00eds: Sanitas y Nueva EPS.<\/p>\n<p>&nbsp;<\/p>\n<p>En la marcha, se distingu\u00edan trabajadores de las EPS intervenidas vestidos con camisetas blancas y sus logos, que advert\u00edan que la salud de 17 millones de sus afiliados estaba en riesgo.<\/p>\n<p>&nbsp;<\/p>\n<p>ARCHIVO: El presidente colombiano Gustavo Petro espera el inicio del acto de posesi\u00f3n de la nueva fiscal general del pa\u00eds en el Palacio presidencial en Bogot\u00e1, Colombia, el viernes 22 de marzo de 2024.<\/p>\n<p>Senadores y pol\u00edticos de partidos de derecha y ultraderecha como el Centro Democr\u00e1tico, Cambio Radical y Conservador, salieron desde el Parque Nacional hacia la Plaza de Bol\u00edvar, en el centro hist\u00f3rico de Bogot\u00e1 y sede del Congreso, donde gritaron \u201cno a las reformas de Petro\u201d y \u201cfuera Petro\u201d.<\/p>\n<p>&nbsp;<\/p>\n<p>Seg\u00fan Miguel Uribe Turbay, senador del Centro Democr\u00e1tico, el principal partido opositor, esta marcha es la oportunidad para decirle al presidente Gustavo Petro \u201cque no estamos de acuerdo con la constituyente con la que pretende destruir la democracia y aferrarse al poder\u201d, haciendo referencia a la idea del mandatario de convocar una Asamblea Nacional Constituyente si no se aprueba su paquete de reformas en el Congreso.<\/p>\n<p>&nbsp;<\/p>\n<p>Por su parte, la senadora Mar\u00eda Fernanda Cabal, del mismo partido, dijo a la Voz de Am\u00e9rica: \u201cel cambio result\u00f3 una farsa, un fiasco, una imitaci\u00f3n de Chaves, ni con los que creemos en la libertad, porque sabemos que Petro es una amenaza para la estabilidad de Colombia\u201d.<\/p>\n<p>&nbsp;<\/p>\n<p>\u201cEstamos suficientemente inc\u00f3modos con esta administraci\u00f3n, con este gobierno y con todo lo que el presidente ha implementado, no estamos de acuerdo con sus reformas, queremos ver a un presidente l\u00edder, no a uno que se quiera hacer notar\u201d, dijo a la Voz de Am\u00e9rica, Carlos Chamorro, de 60 a\u00f1os, un manifestante.<\/p>\n<p>&nbsp;<\/p>\n<p>Seg\u00fan el Centro de Mando Unificado de la Polic\u00eda, alrededor de 200 mil personas salieron a movilizarse desde las 10:00 de la ma\u00f1ana (hora local) por las calles de diferentes ciudades colombianas, para mostrar su desacuerdo con las reformas sociales que impulsa el gobierno de Petro, su propuesta de hacer una constituyente y reclamando por problemas econ\u00f3micos y de seguridad.<\/p>\n<p>&nbsp;<\/p>\n<p>La \u00faltima gran movilizaci\u00f3n convocada por sectores opositores al gobierno se realiz\u00f3 el pasado 6 de marzo, d\u00eda despu\u00e9s de que manifestantes afines al ejecutivo salieron a las calles a mostrar su apoyo, lo que se ha convertido en una constante desde la llegada de Petro al poder en agosto de 2022, con movilizaciones a favor y en contra del gobierno, el primero de izquierda en la naci\u00f3n sudamericana.<\/p>\n<p><strong>Fecha de publicaci\u00f3n domingo 21 \u00a0de abril de 2024 \/ VOA<\/strong><\/p>\n","protected":false},"excerpt":{"rendered":"<p>BOGOT\u00c1 \u2014 \u00a0Miles de personas marcharon este domingo por las calles de Bogot\u00e1 y otras&#8230;<\/p>\n","protected":false},"author":1,"featured_media":188048,"comment_status":"open","ping_status":"open","sticky":false,"template":"","format":"standard","meta":{"_monsterinsights_skip_tracking":false,"_monsterinsights_sitenote_active":false,"_monsterinsights_sitenote_note":"","_monsterinsights_sitenote_category":0,"footnotes":""},"categories":[3],"tags":[812,9561],"class_list":["post"],"yoast_head":" \n<title>Sonora en Equipo. Miles protestan en Colombia contra las pol\u00edticas del presidente Petro MUNDO<\/title>\n<meta name=\"description\" content=\"BOGOT\u00c1 \u2014 \u00a0Miles de personas marcharon este domingo por las calles de Bogot\u00e1 y otras de las principales ciudades de Colombia para mostrar su desacuerdo con En Sonora en Equipo publicamos toda la informaci\u00f3n de Sonora, M\u00e9xico y el Mundo de manera oportuna y busca que la libertad de expresi\u00f3n sea real. Visita nuestro medio informativo publicado desde Hermosillo, Sonora. %\" \/>\n<meta name=\"robots\" content=\"index, follow, max-snippet:-1, max-image-preview:large, max-video-preview:-1\" \/>\n<link rel=\"canonical\" href=\"https:\/\/www.sonoraenequipo.com.mx\/miles-protestan-en-colombia-contra-las-politicas-del-presidente-petro\/\" \/>\n<meta property=\"og:locale\" content=\"es_ES\" \/>\n<meta property=\"og:type\" content=\"article\" \/>\n<meta property=\"og:title\" content=\"Sonora en Equipo. Miles protestan en Colombia contra las pol\u00edticas del presidente Petro MUNDO\" \/>\n<meta property=\"og:description\" content=\"BOGOT\u00c1 \u2014 \u00a0Miles de personas marcharon este domingo por las calles de Bogot\u00e1 y otras de las principales ciudades de Colombia para mostrar su desacuerdo con En Sonora en Equipo publicamos toda la informaci\u00f3n de Sonora, M\u00e9xico y el Mundo de manera oportuna y busca que la libertad de expresi\u00f3n sea real. Visita nuestro medio informativo publicado desde Hermosillo, Sonora. %\" \/>\n<meta property=\"og:url\" content=\"https:\/\/www.sonoraenequipo.com.mx\/miles-protestan-en-colombia-contra-las-politicas-del-presidente-petro\/\" \/>\n<meta property=\"og:site_name\" content=\"Sonora en Equipo.\" \/>\n<meta property=\"article:publisher\" content=\"https:\/\/www.facebook.com\/SonoraEE\/\" \/>\n<meta property=\"article:author\" content=\"https:\/\/www.facebook.com\/SonoraEE\" \/>\n<meta property=\"article:published_time\" content=\"2024-04-21T23:56:09+00:00\" \/>\n<meta property=\"og:image\" content=\"https:\/\/www.sonoraenequipo.com.mx\/storage\/2024\/04\/colombia.jpg\" \/>\n\t<meta property=\"og:image:width\" content=\"900\" \/>\n\t<meta property=\"og:image:height\" content=\"506\" \/>\n\t<meta property=\"og:image:type\" content=\"image\/jpeg\" \/>\n<meta name=\"author\" content=\"enequipo\" \/>\n<meta name=\"twitter:card\" content=\"summary_large_image\" \/>\n<meta name=\"twitter:creator\" content=\"@sonoraenequipo\" \/>\n<meta name=\"twitter:site\" content=\"@sonoraenequipo\" \/>\n<meta name=\"twitter:label1\" content=\"Escrito por\" \/>\n\t<meta name=\"twitter:data1\" content=\"enequipo\" \/>\n\t<meta name=\"twitter:label2\" content=\"Tiempo de lectura\" \/>\n\t<meta name=\"twitter:data2\" content=\"3 minutos\" \/>\n<script type=\"application\/ld+json\" class=\"yoast-schema-graph\">{\"@context\":\"https:\/\/schema.org\",\"@graph\":[{\"@type\":\"Article\",\"@id\":\"https:\/\/www.sonoraenequipo.com.mx\/miles-protestan-en-colombia-contra-las-politicas-del-presidente-petro\/#article\",\"isPartOf\":{\"@id\":\"https:\/\/www.sonoraenequipo.com.mx\/miles-protestan-en-colombia-contra-las-politicas-del-presidente-petro\/\"},\"author\":{\"name\":\"enequipo\",\"@id\":\"https:\/\/www.sonoraenequipo.com.mx\/#\/schema\/person\/50102df0fb23a8fa9e8effad8fa81386\"},\"headline\":\"Miles protestan en Colombia contra las pol\u00edticas del presidente Petro\",\"datePublished\":\"2024-04-21T23:56:09+00:00\",\"mainEntityOfPage\":{\"@id\":\"https:\/\/www.sonoraenequipo.com.mx\/miles-protestan-en-colombia-contra-las-politicas-del-presidente-petro\/\"},\"wordCount\":634,\"commentCount\":0,\"publisher\":{\"@id\":\"https:\/\/www.sonoraenequipo.com.mx\/#organization\"},\"image\":{\"@id\":\"https:\/\/www.sonoraenequipo.com.mx\/miles-protestan-en-colombia-contra-las-politicas-del-presidente-petro\/#primaryimage\"},\"thumbnailUrl\":\"https:\/\/www.sonoraenequipo.com.mx\/storage\/2024\/04\/colombia.jpg\",\"keywords\":[\"Colombia\",\"petro\"],\"articleSection\":[\"MUNDO\"],\"inLanguage\":\"es\",\"potentialAction\":[{\"@type\":\"CommentAction\",\"name\":\"Comment\",\"target\":[\"https:\/\/www.sonoraenequipo.com.mx\/miles-protestan-en-colombia-contra-las-politicas-del-presidente-petro\/#respond\"]}]},{\"@type\":\"WebPage\",\"@id\":\"https:\/\/www.sonoraenequipo.com.mx\/miles-protestan-en-colombia-contra-las-politicas-del-presidente-petro\/\",\"url\":\"https:\/\/www.sonoraenequipo.com.mx\/miles-protestan-en-colombia-contra-las-politicas-del-presidente-petro\/\",\"name\":\"Sonora en Equipo. Miles protestan en Colombia contra las pol\u00edticas del presidente Petro MUNDO\",\"isPartOf\":{\"@id\":\"https:\/\/www.sonoraenequipo.com.mx\/#website\"},\"primaryImageOfPage\":{\"@id\":\"https:\/\/www.sonoraenequipo.com.mx\/miles-protestan-en-colombia-contra-las-politicas-del-presidente-petro\/#primaryimage\"},\"image\":{\"@id\":\"https:\/\/www.sonoraenequipo.com.mx\/miles-protestan-en-colombia-contra-las-politicas-del-presidente-petro\/#primaryimage\"},\"thumbnailUrl\":\"https:\/\/www.sonoraenequipo.com.mx\/storage\/2024\/04\/colombia.jpg\",\"datePublished\":\"2024-04-21T23:56:09+00:00\",\"description\":\"BOGOT\u00c1 \u2014 \u00a0Miles de personas marcharon este domingo por las calles de Bogot\u00e1 y otras de las principales ciudades de Colombia para mostrar su desacuerdo con En Sonora en Equipo publicamos toda la informaci\u00f3n de Sonora, M\u00e9xico y el Mundo de manera oportuna y busca que la libertad de expresi\u00f3n sea real. Visita nuestro medio informativo publicado desde Hermosillo, Sonora. %\",\"breadcrumb\":{\"@id\":\"https:\/\/www.sonoraenequipo.com.mx\/miles-protestan-en-colombia-contra-las-politicas-del-presidente-petro\/#breadcrumb\"},\"inLanguage\":\"es\",\"potentialAction\":[{\"@type\":\"ReadAction\",\"target\":[\"https:\/\/www.sonoraenequipo.com.mx\/miles-protestan-en-colombia-contra-las-politicas-del-presidente-petro\/\"]}]},{\"@type\":\"ImageObject\",\"inLanguage\":\"es\",\"@id\":\"https:\/\/www.sonoraenequipo.com.mx\/miles-protestan-en-colombia-contra-las-politicas-del-presidente-petro\/#primaryimage\",\"url\":\"https:\/\/www.sonoraenequipo.com.mx\/storage\/2024\/04\/colombia.jpg\",\"contentUrl\":\"https:\/\/www.sonoraenequipo.com.mx\/storage\/2024\/04\/colombia.jpg\",\"width\":900,\"height\":506},{\"@type\":\"BreadcrumbList\",\"@id\":\"https:\/\/www.sonoraenequipo.com.mx\/miles-protestan-en-colombia-contra-las-politicas-del-presidente-petro\/#breadcrumb\",\"itemListElement\":[{\"@type\":\"ListItem\",\"position\":1,\"name\":\"Portada\",\"item\":\"https:\/\/www.sonoraenequipo.com.mx\/\"},{\"@type\":\"ListItem\",\"position\":2,\"name\":\"Miles protestan en Colombia contra las pol\u00edticas del presidente Petro\"}]},{\"@type\":\"WebSite\",\"@id\":\"https:\/\/www.sonoraenequipo.com.mx\/#website\",\"url\":\"https:\/\/www.sonoraenequipo.com.mx\/\",\"name\":\"Sonora en Equipo.\",\"description\":\"Diario en l\u00ednea con Noticias desde Hermosillo, Sonora\",\"publisher\":{\"@id\":\"https:\/\/www.sonoraenequipo.com.mx\/#organization\"},\"potentialAction\":[{\"@type\":\"SearchAction\",\"target\":{\"@type\":\"EntryPoint\",\"urlTemplate\":\"https:\/\/www.sonoraenequipo.com.mx\/?s={search_term_string}\"},\"query-input\":{\"@type\":\"PropertyValueSpecification\",\"valueRequired\":true,\"valueName\":\"search_term_string\"}}],\"inLanguage\":\"es\"},{\"@type\":\"Organization\",\"@id\":\"https:\/\/www.sonoraenequipo.com.mx\/#organization\",\"name\":\"Sonoraenequipo.com.mx\",\"url\":\"https:\/\/www.sonoraenequipo.com.mx\/\",\"logo\":{\"@type\":\"ImageObject\",\"inLanguage\":\"es\",\"@id\":\"https:\/\/www.sonoraenequipo.com.mx\/#\/schema\/logo\/image\/\",\"url\":\"https:\/\/www.sonoraenequipo.com.mx\/storage\/2019\/01\/sonoraenequipo_opt.png\",\"contentUrl\":\"https:\/\/www.sonoraenequipo.com.mx\/storage\/2019\/01\/sonoraenequipo_opt.png\",\"width\":375,\"height\":125,\"caption\":\"Sonoraenequipo.com.mx\"},\"image\":{\"@id\":\"https:\/\/www.sonoraenequipo.com.mx\/#\/schema\/logo\/image\/\"},\"sameAs\":[\"https:\/\/www.facebook.com\/SonoraEE\/\",\"https:\/\/x.com\/sonoraenequipo\",\"https:\/\/www.youtube.com\/channel\/UC338nW-lPEYmJQs4ZABQ1SQ\"]},{\"@type\":\"Person\",\"@id\":\"https:\/\/www.sonoraenequipo.com.mx\/#\/schema\/person\/50102df0fb23a8fa9e8effad8fa81386\",\"name\":\"enequipo\",\"image\":{\"@type\":\"ImageObject\",\"inLanguage\":\"es\",\"@id\":\"https:\/\/www.sonoraenequipo.com.mx\/#\/schema\/person\/image\/\",\"url\":\"https:\/\/secure.gravatar.com\/avatar\/049821681b589dabc0bc20695993ccebb09f5b5d4d790cd9251b97faac7c652b?s=96&d=blank&r=g\",\"contentUrl\":\"https:\/\/secure.gravatar.com\/avatar\/049821681b589dabc0bc20695993ccebb09f5b5d4d790cd9251b97faac7c652b?s=96&d=blank&r=g\",\"caption\":\"enequipo\"},\"sameAs\":[\"https:\/\/www.facebook.com\/SonoraEE\"]}]}<\/script>\n ","yoast_head_json":{"title":"Sonora en Equipo. Miles protestan en Colombia contra las pol\u00edticas del presidente Petro MUNDO","description":"BOGOT\u00c1 \u2014 \u00a0Miles de personas marcharon este domingo por las calles de Bogot\u00e1 y otras de las principales ciudades de Colombia para mostrar su desacuerdo con En Sonora en Equipo publicamos toda la informaci\u00f3n de Sonora, M\u00e9xico y el Mundo de manera oportuna y busca que la libertad de expresi\u00f3n sea real. Visita nuestro medio informativo publicado desde Hermosillo, Sonora. %","robots":{"index":"index","follow":"follow","max-snippet":"max-snippet:-1","max-image-preview":"max-image-preview:large","max-video-preview":"max-video-preview:-1"},"canonical":"https:\/\/www.sonoraenequipo.com.mx\/miles-protestan-en-colombia-contra-las-politicas-del-presidente-petro\/","og_locale":"es_ES","og_type":"article","og_title":"Sonora en Equipo. Miles protestan en Colombia contra las pol\u00edticas del presidente Petro MUNDO","og_description":"BOGOT\u00c1 \u2014 \u00a0Miles de personas marcharon este domingo por las calles de Bogot\u00e1 y otras de las principales ciudades de Colombia para mostrar su desacuerdo con En Sonora en Equipo publicamos toda la informaci\u00f3n de Sonora, M\u00e9xico y el Mundo de manera oportuna y busca que la libertad de expresi\u00f3n sea real. Visita nuestro medio informativo publicado desde Hermosillo, Sonora. %","og_url":"https:\/\/www.sonoraenequipo.com.mx\/miles-protestan-en-colombia-contra-las-politicas-del-presidente-petro\/","og_site_name":"Sonora en Equipo.","article_publisher":"https:\/\/www.facebook.com\/SonoraEE\/","article_author":"https:\/\/www.facebook.com\/SonoraEE","article_published_time":"2024-04-21T23:56:09+00:00","og_image":[{"width":900,"height":506,"url":"https:\/\/www.sonoraenequipo.com.mx\/storage\/2024\/04\/colombia.jpg","type":"image\/jpeg"}],"author":"enequipo","twitter_card":"summary_large_image","twitter_creator":"@sonoraenequipo","twitter_site":"@sonoraenequipo","twitter_misc":{"Escrito por":"enequipo","Tiempo de lectura":"3 minutos"},"schema":{"@context":"https:\/\/schema.org","@graph":[{"@type":"Article","@id":"https:\/\/www.sonoraenequipo.com.mx\/miles-protestan-en-colombia-contra-las-politicas-del-presidente-petro\/#article","isPartOf":{"@id":"https:\/\/www.sonoraenequipo.com.mx\/miles-protestan-en-colombia-contra-las-politicas-del-presidente-petro\/"},"author":{"name":"enequipo","@id":"https:\/\/www.sonoraenequipo.com.mx\/#\/schema\/person\/50102df0fb23a8fa9e8effad8fa81386"},"headline":"Miles protestan en Colombia contra las pol\u00edticas del presidente Petro","datePublished":"2024-04-21T23:56:09+00:00","mainEntityOfPage":{"@id":"https:\/\/www.sonoraenequipo.com.mx\/miles-protestan-en-colombia-contra-las-politicas-del-presidente-petro\/"},"wordCount":634,"commentCount":0,"publisher":{"@id":"https:\/\/www.sonoraenequipo.com.mx\/#organization"},"image":{"@id":"https:\/\/www.sonoraenequipo.com.mx\/miles-protestan-en-colombia-contra-las-politicas-del-presidente-petro\/#primaryimage"},"thumbnailUrl":"https:\/\/www.sonoraenequipo.com.mx\/storage\/2024\/04\/colombia.jpg","keywords":["Colombia","petro"],"articleSection":["MUNDO"],"inLanguage":"es","potentialAction":[{"@type":"CommentAction","name":"Comment","target":["https:\/\/www.sonoraenequipo.com.mx\/miles-protestan-en-colombia-contra-las-politicas-del-presidente-petro\/#respond"]}]},{"@type":"WebPage","@id":"https:\/\/www.sonoraenequipo.com.mx\/miles-protestan-en-colombia-contra-las-politicas-del-presidente-petro\/","url":"https:\/\/www.sonoraenequipo.com.mx\/miles-protestan-en-colombia-contra-las-politicas-del-presidente-petro\/","name":"Sonora en Equipo. Miles protestan en Colombia contra las pol\u00edticas del presidente Petro MUNDO","isPartOf":{"@id":"https:\/\/www.sonoraenequipo.com.mx\/#website"},"primaryImageOfPage":{"@id":"https:\/\/www.sonoraenequipo.com.mx\/miles-protestan-en-colombia-contra-las-politicas-del-presidente-petro\/#primaryimage"},"image":{"@id":"https:\/\/www.sonoraenequipo.com.mx\/miles-protestan-en-colombia-contra-las-politicas-del-presidente-petro\/#primaryimage"},"thumbnailUrl":"https:\/\/www.sonoraenequipo.com.mx\/storage\/2024\/04\/colombia.jpg","datePublished":"2024-04-21T23:56:09+00:00","description":"BOGOT\u00c1 \u2014 \u00a0Miles de personas marcharon este domingo por las calles de Bogot\u00e1 y otras de las principales ciudades de Colombia para mostrar su desacuerdo con En Sonora en Equipo publicamos toda la informaci\u00f3n de Sonora, M\u00e9xico y el Mundo de manera oportuna y busca que la libertad de expresi\u00f3n sea real. Visita nuestro medio informativo publicado desde Hermosillo, Sonora. %","breadcrumb":{"@id":"https:\/\/www.sonoraenequipo.com.mx\/miles-protestan-en-colombia-contra-las-politicas-del-presidente-petro\/#breadcrumb"},"inLanguage":"es","potentialAction":[{"@type":"ReadAction","target":["https:\/\/www.sonoraenequipo.com.mx\/miles-protestan-en-colombia-contra-las-politicas-del-presidente-petro\/"]}]},{"@type":"ImageObject","inLanguage":"es","@id":"https:\/\/www.sonoraenequipo.com.mx\/miles-protestan-en-colombia-contra-las-politicas-del-presidente-petro\/#primaryimage","url":"https:\/\/www.sonoraenequipo.com.mx\/storage\/2024\/04\/colombia.jpg","contentUrl":"https:\/\/www.sonoraenequipo.com.mx\/storage\/2024\/04\/colombia.jpg","width":900,"height":506},{"@type":"BreadcrumbList","@id":"https:\/\/www.sonoraenequipo.com.mx\/miles-protestan-en-colombia-contra-las-politicas-del-presidente-petro\/#breadcrumb","itemListElement":[{"@type":"ListItem","position":1,"name":"Portada","item":"https:\/\/www.sonoraenequipo.com.mx\/"},{"@type":"ListItem","position":2,"name":"Miles protestan en Colombia contra las pol\u00edticas del presidente Petro"}]},{"@type":"WebSite","@id":"https:\/\/www.sonoraenequipo.com.mx\/#website","url":"https:\/\/www.sonoraenequipo.com.mx\/","name":"Sonora en Equipo.","description":"Diario en l\u00ednea con Noticias desde Hermosillo, Sonora","publisher":{"@id":"https:\/\/www.sonoraenequipo.com.mx\/#organization"},"potentialAction":[{"@type":"SearchAction","target":{"@type":"EntryPoint","urlTemplate":"https:\/\/www.sonoraenequipo.com.mx\/?s={search_term_string}"},"query-input":{"@type":"PropertyValueSpecification","valueRequired":true,"valueName":"search_term_string"}}],"inLanguage":"es"},{"@type":"Organization","@id":"https:\/\/www.sonoraenequipo.com.mx\/#organization","name":"Sonoraenequipo.com.mx","url":"https:\/\/www.sonoraenequipo.com.mx\/","logo":{"@type":"ImageObject","inLanguage":"es","@id":"https:\/\/www.sonoraenequipo.com.mx\/#\/schema\/logo\/image\/","url":"https:\/\/www.sonoraenequipo.com.mx\/storage\/2019\/01\/sonoraenequipo_opt.png","contentUrl":"https:\/\/www.sonoraenequipo.com.mx\/storage\/2019\/01\/sonoraenequipo_opt.png","width":375,"height":125,"caption":"Sonoraenequipo.com.mx"},"image":{"@id":"https:\/\/www.sonoraenequipo.com.mx\/#\/schema\/logo\/image\/"},"sameAs":["https:\/\/www.facebook.com\/SonoraEE\/","https:\/\/x.com\/sonoraenequipo","https:\/\/www.youtube.com\/channel\/UC338nW-lPEYmJQs4ZABQ1SQ"]},{"@type":"Person","@id":"https:\/\/www.sonoraenequipo.com.mx\/#\/schema\/person\/50102df0fb23a8fa9e8effad8fa81386","name":"enequipo","image":{"@type":"ImageObject","inLanguage":"es","@id":"https:\/\/www.sonoraenequipo.com.mx\/#\/schema\/person\/image\/","url":"https:\/\/secure.gravatar.com\/avatar\/049821681b589dabc0bc20695993ccebb09f5b5d4d790cd9251b97faac7c652b?s=96&d=blank&r=g","contentUrl":"https:\/\/secure.gravatar.com\/avatar\/049821681b589dabc0bc20695993ccebb09f5b5d4d790cd9251b97faac7c652b?s=96&d=blank&r=g","caption":"enequipo"},"sameAs":["https:\/\/www.facebook.com\/SonoraEE"]}]}},"jetpack_featured_media_url":"https:\/\/www.sonoraenequipo.com.mx\/storage\/2024\/04\/colombia.jpg","_links":{"self":[{"href":"https:\/\/www.sonoraenequipo.com.mx\/api\/wp\/v2\/posts\/188047","targetHints":{"allow":["GET"]}}],"collection":[{"href":"https:\/\/www.sonoraenequipo.com.mx\/api\/wp\/v2\/posts"}],"about":[{"href":"https:\/\/www.sonoraenequipo.com.mx\/api\/wp\/v2\/types\/post"}],"author":[{"embeddable":true,"href":"https:\/\/www.sonoraenequipo.com.mx\/api\/wp\/v2\/users\/1"}],"replies":[{"embeddable":true,"href":"https:\/\/www.sonoraenequipo.com.mx\/api\/wp\/v2\/comments?post=188047"}],"version-history":[{"count":1,"href":"https:\/\/www.sonoraenequipo.com.mx\/api\/wp\/v2\/posts\/188047\/revisions"}],"predecessor-version":[{"id":188049,"href":"https:\/\/www.sonoraenequipo.com.mx\/api\/wp\/v2\/posts\/188047\/revisions\/188049"}],"wp:featuredmedia":[{"embeddable":true,"href":"https:\/\/www.sonoraenequipo.com.mx\/api\/wp\/v2\/media\/188048"}],"wp:attachment":[{"href":"https:\/\/www.sonoraenequipo.com.mx\/api\/wp\/v2\/media?parent=188047"}],"wp:term":[{"taxonomy":"category","embeddable":true,"href":"https:\/\/www.sonoraenequipo.com.mx\/api\/wp\/v2\/categories?post=188047"},{"taxonomy":"post_tag","embeddable":true,"href":"https:\/\/www.sonoraenequipo.com.mx\/api\/wp\/v2\/tags?post=188047"}],"curies":[{"name":"wp","href":"https:\/\/api.w.org\/{rel}","templated":true}]}}