{"id":188068,"date":"2024-04-21T09:32:00","date_gmt":"2024-04-21T16:32:00","guid":{"rendered":"https:\/\/www.sonoraenequipo.com.mx\/?p=188068"},"modified":"2024-04-21T20:39:57","modified_gmt":"2024-04-22T03:39:57","slug":"pide-sheinbaum-al-ine-detener-guerra-sucia-contra-candidatos-de-morena","status":"publish","type":"post","link":"https:\/\/www.sonoraenequipo.com.mx\/pide-sheinbaum-al-ine-detener-guerra-sucia-contra-candidatos-de-morena\/","title":{"rendered":"Pide Sheinbaum al INE detener \u00abguerra sucia\u00bb contra candidatos de Morena"},"content":{"rendered":"<p><strong>CIUDAD DE M\u00c9XICO. MX.<\/strong> \u2014 La candidata presidencial de la coalici\u00f3n Sigamos Haciendo Historia, Claudia Sheinbaum, ha instado al Instituto Nacional Electoral (INE) a detener la \u00abguerra sucia\u00bb que, seg\u00fan ella, est\u00e1 siendo perpetrada por la oposici\u00f3n contra los candidatos de Morena y sus aliados.<\/p>\n<p> <\/p>\n<p>En un mensaje, Sheinbaum enfatiz\u00f3 la necesidad de que el INE intervenga para frenar estas pr\u00e1cticas que considera desleales. <em><strong>\u00abS\u00ed, hay que pedirle al INE que revise esta guerra sucia que hay. Recuerden que en el caso de los trending topics basados en bots decidieron que no lo iban a revisar. Entonces, s\u00ed es muy importante que el INE lo revise y en todo caso el tribunal\u00bb,<\/strong><\/em> expres\u00f3.<\/p>\n<p>Sin embargo, la candidata tambi\u00e9n consider\u00f3 que, a pesar de los ataques recibidos, la guerra sucia no est\u00e1 afectando a ninguno de los candidatos morenistas.<\/p>\n<p>En un tono optimista, Sheinbaum se\u00f1al\u00f3 que, despu\u00e9s del \u00faltimo debate, su popularidad ha aumentado en las encuestas.<strong><em> \u00abA todos y a todas las candidatas que van a las gubernaturas, senadur\u00edas, presidencia de la Rep\u00fablica, jefatura de gobierno no est\u00e1n afectando\u00bb,<\/em> <\/strong>afirm\u00f3.<\/p>\n<p>De igual modo, hizo un llamado a la ciudadan\u00eda para que se informe y participe activamente en las pr\u00f3ximas elecciones del 2 de junio.<\/p>\n<p>PUBLICADO EL 21 DE ABRIL DE 2024\/ Con informaci\u00f3n de prensa Nacional)<\/p>\n","protected":false},"excerpt":{"rendered":"<p>CIUDAD DE M\u00c9XICO. MX. \u2014 La candidata presidencial de la coalici\u00f3n Sigamos Haciendo Historia, Claudia&#8230;<\/p>\n","protected":false},"author":1,"featured_media":188070,"comment_status":"open","ping_status":"open","sticky":false,"template":"","format":"standard","meta":{"_monsterinsights_skip_tracking":false,"_monsterinsights_sitenote_active":false,"_monsterinsights_sitenote_note":"","_monsterinsights_sitenote_category":0,"footnotes":""},"categories":[9400],"tags":[],"class_list":["post"],"yoast_head":" \n<title>Sonora en Equipo. Pide Sheinbaum al INE detener &quot;guerra sucia&quot; contra candidatos de Morena ELECCI\u00d3NES<\/title>\n<meta name=\"description\" content=\"CIUDAD DE M\u00c9XICO. MX. \u2014 La candidata presidencial de la coalici\u00f3n Sigamos Haciendo Historia, Claudia Sheinbaum, ha instado al Instituto Nacional Electoral En Sonora en Equipo publicamos toda la informaci\u00f3n de Sonora, M\u00e9xico y el Mundo de manera oportuna y busca que la libertad de expresi\u00f3n sea real. Visita nuestro medio informativo publicado desde Hermosillo, Sonora. %\" \/>\n<meta name=\"robots\" content=\"index, follow, max-snippet:-1, max-image-preview:large, max-video-preview:-1\" \/>\n<link rel=\"canonical\" href=\"https:\/\/www.sonoraenequipo.com.mx\/pide-sheinbaum-al-ine-detener-guerra-sucia-contra-candidatos-de-morena\/\" \/>\n<meta property=\"og:locale\" content=\"es_ES\" \/>\n<meta property=\"og:type\" content=\"article\" \/>\n<meta property=\"og:title\" content=\"Sonora en Equipo. Pide Sheinbaum al INE detener &quot;guerra sucia&quot; contra candidatos de Morena ELECCI\u00d3NES\" \/>\n<meta property=\"og:description\" content=\"CIUDAD DE M\u00c9XICO. MX. \u2014 La candidata presidencial de la coalici\u00f3n Sigamos Haciendo Historia, Claudia Sheinbaum, ha instado al Instituto Nacional Electoral En Sonora en Equipo publicamos toda la informaci\u00f3n de Sonora, M\u00e9xico y el Mundo de manera oportuna y busca que la libertad de expresi\u00f3n sea real. Visita nuestro medio informativo publicado desde Hermosillo, Sonora. %\" \/>\n<meta property=\"og:url\" content=\"https:\/\/www.sonoraenequipo.com.mx\/pide-sheinbaum-al-ine-detener-guerra-sucia-contra-candidatos-de-morena\/\" \/>\n<meta property=\"og:site_name\" content=\"Sonora en Equipo.\" \/>\n<meta property=\"article:publisher\" content=\"https:\/\/www.facebook.com\/SonoraEE\/\" \/>\n<meta property=\"article:author\" content=\"https:\/\/www.facebook.com\/SonoraEE\" \/>\n<meta property=\"article:published_time\" content=\"2024-04-21T16:32:00+00:00\" \/>\n<meta property=\"article:modified_time\" content=\"2024-04-22T03:39:57+00:00\" \/>\n<meta property=\"og:image\" content=\"https:\/\/www.sonoraenequipo.com.mx\/storage\/2024\/04\/Sheinbaum-min.jpg\" \/>\n\t<meta property=\"og:image:width\" content=\"900\" \/>\n\t<meta property=\"og:image:height\" content=\"483\" \/>\n\t<meta property=\"og:image:type\" content=\"image\/jpeg\" \/>\n<meta name=\"author\" content=\"enequipo\" \/>\n<meta name=\"twitter:card\" content=\"summary_large_image\" \/>\n<meta name=\"twitter:creator\" content=\"@sonoraenequipo\" \/>\n<meta name=\"twitter:site\" content=\"@sonoraenequipo\" \/>\n<meta name=\"twitter:label1\" content=\"Escrito por\" \/>\n\t<meta name=\"twitter:data1\" content=\"enequipo\" \/>\n\t<meta name=\"twitter:label2\" content=\"Tiempo de lectura\" \/>\n\t<meta name=\"twitter:data2\" content=\"1 minuto\" \/>\n<script type=\"application\/ld+json\" class=\"yoast-schema-graph\">{\"@context\":\"https:\/\/schema.org\",\"@graph\":[{\"@type\":\"Article\",\"@id\":\"https:\/\/www.sonoraenequipo.com.mx\/pide-sheinbaum-al-ine-detener-guerra-sucia-contra-candidatos-de-morena\/#article\",\"isPartOf\":{\"@id\":\"https:\/\/www.sonoraenequipo.com.mx\/pide-sheinbaum-al-ine-detener-guerra-sucia-contra-candidatos-de-morena\/\"},\"author\":{\"name\":\"enequipo\",\"@id\":\"https:\/\/www.sonoraenequipo.com.mx\/#\/schema\/person\/50102df0fb23a8fa9e8effad8fa81386\"},\"headline\":\"Pide Sheinbaum al INE detener \u00abguerra sucia\u00bb contra candidatos de Morena\",\"datePublished\":\"2024-04-21T16:32:00+00:00\",\"dateModified\":\"2024-04-22T03:39:57+00:00\",\"mainEntityOfPage\":{\"@id\":\"https:\/\/www.sonoraenequipo.com.mx\/pide-sheinbaum-al-ine-detener-guerra-sucia-contra-candidatos-de-morena\/\"},\"wordCount\":237,\"commentCount\":0,\"publisher\":{\"@id\":\"https:\/\/www.sonoraenequipo.com.mx\/#organization\"},\"image\":{\"@id\":\"https:\/\/www.sonoraenequipo.com.mx\/pide-sheinbaum-al-ine-detener-guerra-sucia-contra-candidatos-de-morena\/#primaryimage\"},\"thumbnailUrl\":\"https:\/\/www.sonoraenequipo.com.mx\/storage\/2024\/04\/Sheinbaum-min.jpg\",\"articleSection\":[\"ELECCI\u00d3NES\"],\"inLanguage\":\"es\",\"potentialAction\":[{\"@type\":\"CommentAction\",\"name\":\"Comment\",\"target\":[\"https:\/\/www.sonoraenequipo.com.mx\/pide-sheinbaum-al-ine-detener-guerra-sucia-contra-candidatos-de-morena\/#respond\"]}]},{\"@type\":\"WebPage\",\"@id\":\"https:\/\/www.sonoraenequipo.com.mx\/pide-sheinbaum-al-ine-detener-guerra-sucia-contra-candidatos-de-morena\/\",\"url\":\"https:\/\/www.sonoraenequipo.com.mx\/pide-sheinbaum-al-ine-detener-guerra-sucia-contra-candidatos-de-morena\/\",\"name\":\"Sonora en Equipo. Pide Sheinbaum al INE detener \\\"guerra sucia\\\" contra candidatos de Morena ELECCI\u00d3NES\",\"isPartOf\":{\"@id\":\"https:\/\/www.sonoraenequipo.com.mx\/#website\"},\"primaryImageOfPage\":{\"@id\":\"https:\/\/www.sonoraenequipo.com.mx\/pide-sheinbaum-al-ine-detener-guerra-sucia-contra-candidatos-de-morena\/#primaryimage\"},\"image\":{\"@id\":\"https:\/\/www.sonoraenequipo.com.mx\/pide-sheinbaum-al-ine-detener-guerra-sucia-contra-candidatos-de-morena\/#primaryimage\"},\"thumbnailUrl\":\"https:\/\/www.sonoraenequipo.com.mx\/storage\/2024\/04\/Sheinbaum-min.jpg\",\"datePublished\":\"2024-04-21T16:32:00+00:00\",\"dateModified\":\"2024-04-22T03:39:57+00:00\",\"description\":\"CIUDAD DE M\u00c9XICO. MX. \u2014 La candidata presidencial de la coalici\u00f3n Sigamos Haciendo Historia, Claudia Sheinbaum, ha instado al Instituto Nacional Electoral En Sonora en Equipo publicamos toda la informaci\u00f3n de Sonora, M\u00e9xico y el Mundo de manera oportuna y busca que la libertad de expresi\u00f3n sea real. Visita nuestro medio informativo publicado desde Hermosillo, Sonora. %\",\"breadcrumb\":{\"@id\":\"https:\/\/www.sonoraenequipo.com.mx\/pide-sheinbaum-al-ine-detener-guerra-sucia-contra-candidatos-de-morena\/#breadcrumb\"},\"inLanguage\":\"es\",\"potentialAction\":[{\"@type\":\"ReadAction\",\"target\":[\"https:\/\/www.sonoraenequipo.com.mx\/pide-sheinbaum-al-ine-detener-guerra-sucia-contra-candidatos-de-morena\/\"]}]},{\"@type\":\"ImageObject\",\"inLanguage\":\"es\",\"@id\":\"https:\/\/www.sonoraenequipo.com.mx\/pide-sheinbaum-al-ine-detener-guerra-sucia-contra-candidatos-de-morena\/#primaryimage\",\"url\":\"https:\/\/www.sonoraenequipo.com.mx\/storage\/2024\/04\/Sheinbaum-min.jpg\",\"contentUrl\":\"https:\/\/www.sonoraenequipo.com.mx\/storage\/2024\/04\/Sheinbaum-min.jpg\",\"width\":900,\"height\":483},{\"@type\":\"BreadcrumbList\",\"@id\":\"https:\/\/www.sonoraenequipo.com.mx\/pide-sheinbaum-al-ine-detener-guerra-sucia-contra-candidatos-de-morena\/#breadcrumb\",\"itemListElement\":[{\"@type\":\"ListItem\",\"position\":1,\"name\":\"Portada\",\"item\":\"https:\/\/www.sonoraenequipo.com.mx\/\"},{\"@type\":\"ListItem\",\"position\":2,\"name\":\"Pide Sheinbaum al INE detener \u00abguerra sucia\u00bb contra candidatos de Morena\"}]},{\"@type\":\"WebSite\",\"@id\":\"https:\/\/www.sonoraenequipo.com.mx\/#website\",\"url\":\"https:\/\/www.sonoraenequipo.com.mx\/\",\"name\":\"Sonora en Equipo.\",\"description\":\"Diario en l\u00ednea con Noticias desde Hermosillo, Sonora\",\"publisher\":{\"@id\":\"https:\/\/www.sonoraenequipo.com.mx\/#organization\"},\"potentialAction\":[{\"@type\":\"SearchAction\",\"target\":{\"@type\":\"EntryPoint\",\"urlTemplate\":\"https:\/\/www.sonoraenequipo.com.mx\/?s={search_term_string}\"},\"query-input\":{\"@type\":\"PropertyValueSpecification\",\"valueRequired\":true,\"valueName\":\"search_term_string\"}}],\"inLanguage\":\"es\"},{\"@type\":\"Organization\",\"@id\":\"https:\/\/www.sonoraenequipo.com.mx\/#organization\",\"name\":\"Sonoraenequipo.com.mx\",\"url\":\"https:\/\/www.sonoraenequipo.com.mx\/\",\"logo\":{\"@type\":\"ImageObject\",\"inLanguage\":\"es\",\"@id\":\"https:\/\/www.sonoraenequipo.com.mx\/#\/schema\/logo\/image\/\",\"url\":\"https:\/\/www.sonoraenequipo.com.mx\/storage\/2019\/01\/sonoraenequipo_opt.png\",\"contentUrl\":\"https:\/\/www.sonoraenequipo.com.mx\/storage\/2019\/01\/sonoraenequipo_opt.png\",\"width\":375,\"height\":125,\"caption\":\"Sonoraenequipo.com.mx\"},\"image\":{\"@id\":\"https:\/\/www.sonoraenequipo.com.mx\/#\/schema\/logo\/image\/\"},\"sameAs\":[\"https:\/\/www.facebook.com\/SonoraEE\/\",\"https:\/\/x.com\/sonoraenequipo\",\"https:\/\/www.youtube.com\/channel\/UC338nW-lPEYmJQs4ZABQ1SQ\"]},{\"@type\":\"Person\",\"@id\":\"https:\/\/www.sonoraenequipo.com.mx\/#\/schema\/person\/50102df0fb23a8fa9e8effad8fa81386\",\"name\":\"enequipo\",\"image\":{\"@type\":\"ImageObject\",\"inLanguage\":\"es\",\"@id\":\"https:\/\/www.sonoraenequipo.com.mx\/#\/schema\/person\/image\/\",\"url\":\"https:\/\/secure.gravatar.com\/avatar\/049821681b589dabc0bc20695993ccebb09f5b5d4d790cd9251b97faac7c652b?s=96&d=blank&r=g\",\"contentUrl\":\"https:\/\/secure.gravatar.com\/avatar\/049821681b589dabc0bc20695993ccebb09f5b5d4d790cd9251b97faac7c652b?s=96&d=blank&r=g\",\"caption\":\"enequipo\"},\"sameAs\":[\"https:\/\/www.facebook.com\/SonoraEE\"]}]}<\/script>\n ","yoast_head_json":{"title":"Sonora en Equipo. Pide Sheinbaum al INE detener \"guerra sucia\" contra candidatos de Morena ELECCI\u00d3NES","description":"CIUDAD DE M\u00c9XICO. MX. \u2014 La candidata presidencial de la coalici\u00f3n Sigamos Haciendo Historia, Claudia Sheinbaum, ha instado al Instituto Nacional Electoral En Sonora en Equipo publicamos toda la informaci\u00f3n de Sonora, M\u00e9xico y el Mundo de manera oportuna y busca que la libertad de expresi\u00f3n sea real. Visita nuestro medio informativo publicado desde Hermosillo, Sonora. %","robots":{"index":"index","follow":"follow","max-snippet":"max-snippet:-1","max-image-preview":"max-image-preview:large","max-video-preview":"max-video-preview:-1"},"canonical":"https:\/\/www.sonoraenequipo.com.mx\/pide-sheinbaum-al-ine-detener-guerra-sucia-contra-candidatos-de-morena\/","og_locale":"es_ES","og_type":"article","og_title":"Sonora en Equipo. Pide Sheinbaum al INE detener \"guerra sucia\" contra candidatos de Morena ELECCI\u00d3NES","og_description":"CIUDAD DE M\u00c9XICO. MX. \u2014 La candidata presidencial de la coalici\u00f3n Sigamos Haciendo Historia, Claudia Sheinbaum, ha instado al Instituto Nacional Electoral En Sonora en Equipo publicamos toda la informaci\u00f3n de Sonora, M\u00e9xico y el Mundo de manera oportuna y busca que la libertad de expresi\u00f3n sea real. Visita nuestro medio informativo publicado desde Hermosillo, Sonora. %","og_url":"https:\/\/www.sonoraenequipo.com.mx\/pide-sheinbaum-al-ine-detener-guerra-sucia-contra-candidatos-de-morena\/","og_site_name":"Sonora en Equipo.","article_publisher":"https:\/\/www.facebook.com\/SonoraEE\/","article_author":"https:\/\/www.facebook.com\/SonoraEE","article_published_time":"2024-04-21T16:32:00+00:00","article_modified_time":"2024-04-22T03:39:57+00:00","og_image":[{"width":900,"height":483,"url":"https:\/\/www.sonoraenequipo.com.mx\/storage\/2024\/04\/Sheinbaum-min.jpg","type":"image\/jpeg"}],"author":"enequipo","twitter_card":"summary_large_image","twitter_creator":"@sonoraenequipo","twitter_site":"@sonoraenequipo","twitter_misc":{"Escrito por":"enequipo","Tiempo de lectura":"1 minuto"},"schema":{"@context":"https:\/\/schema.org","@graph":[{"@type":"Article","@id":"https:\/\/www.sonoraenequipo.com.mx\/pide-sheinbaum-al-ine-detener-guerra-sucia-contra-candidatos-de-morena\/#article","isPartOf":{"@id":"https:\/\/www.sonoraenequipo.com.mx\/pide-sheinbaum-al-ine-detener-guerra-sucia-contra-candidatos-de-morena\/"},"author":{"name":"enequipo","@id":"https:\/\/www.sonoraenequipo.com.mx\/#\/schema\/person\/50102df0fb23a8fa9e8effad8fa81386"},"headline":"Pide Sheinbaum al INE detener \u00abguerra sucia\u00bb contra candidatos de Morena","datePublished":"2024-04-21T16:32:00+00:00","dateModified":"2024-04-22T03:39:57+00:00","mainEntityOfPage":{"@id":"https:\/\/www.sonoraenequipo.com.mx\/pide-sheinbaum-al-ine-detener-guerra-sucia-contra-candidatos-de-morena\/"},"wordCount":237,"commentCount":0,"publisher":{"@id":"https:\/\/www.sonoraenequipo.com.mx\/#organization"},"image":{"@id":"https:\/\/www.sonoraenequipo.com.mx\/pide-sheinbaum-al-ine-detener-guerra-sucia-contra-candidatos-de-morena\/#primaryimage"},"thumbnailUrl":"https:\/\/www.sonoraenequipo.com.mx\/storage\/2024\/04\/Sheinbaum-min.jpg","articleSection":["ELECCI\u00d3NES"],"inLanguage":"es","potentialAction":[{"@type":"CommentAction","name":"Comment","target":["https:\/\/www.sonoraenequipo.com.mx\/pide-sheinbaum-al-ine-detener-guerra-sucia-contra-candidatos-de-morena\/#respond"]}]},{"@type":"WebPage","@id":"https:\/\/www.sonoraenequipo.com.mx\/pide-sheinbaum-al-ine-detener-guerra-sucia-contra-candidatos-de-morena\/","url":"https:\/\/www.sonoraenequipo.com.mx\/pide-sheinbaum-al-ine-detener-guerra-sucia-contra-candidatos-de-morena\/","name":"Sonora en Equipo. Pide Sheinbaum al INE detener \"guerra sucia\" contra candidatos de Morena ELECCI\u00d3NES","isPartOf":{"@id":"https:\/\/www.sonoraenequipo.com.mx\/#website"},"primaryImageOfPage":{"@id":"https:\/\/www.sonoraenequipo.com.mx\/pide-sheinbaum-al-ine-detener-guerra-sucia-contra-candidatos-de-morena\/#primaryimage"},"image":{"@id":"https:\/\/www.sonoraenequipo.com.mx\/pide-sheinbaum-al-ine-detener-guerra-sucia-contra-candidatos-de-morena\/#primaryimage"},"thumbnailUrl":"https:\/\/www.sonoraenequipo.com.mx\/storage\/2024\/04\/Sheinbaum-min.jpg","datePublished":"2024-04-21T16:32:00+00:00","dateModified":"2024-04-22T03:39:57+00:00","description":"CIUDAD DE M\u00c9XICO. MX. \u2014 La candidata presidencial de la coalici\u00f3n Sigamos Haciendo Historia, Claudia Sheinbaum, ha instado al Instituto Nacional Electoral En Sonora en Equipo publicamos toda la informaci\u00f3n de Sonora, M\u00e9xico y el Mundo de manera oportuna y busca que la libertad de expresi\u00f3n sea real. Visita nuestro medio informativo publicado desde Hermosillo, Sonora. %","breadcrumb":{"@id":"https:\/\/www.sonoraenequipo.com.mx\/pide-sheinbaum-al-ine-detener-guerra-sucia-contra-candidatos-de-morena\/#breadcrumb"},"inLanguage":"es","potentialAction":[{"@type":"ReadAction","target":["https:\/\/www.sonoraenequipo.com.mx\/pide-sheinbaum-al-ine-detener-guerra-sucia-contra-candidatos-de-morena\/"]}]},{"@type":"ImageObject","inLanguage":"es","@id":"https:\/\/www.sonoraenequipo.com.mx\/pide-sheinbaum-al-ine-detener-guerra-sucia-contra-candidatos-de-morena\/#primaryimage","url":"https:\/\/www.sonoraenequipo.com.mx\/storage\/2024\/04\/Sheinbaum-min.jpg","contentUrl":"https:\/\/www.sonoraenequipo.com.mx\/storage\/2024\/04\/Sheinbaum-min.jpg","width":900,"height":483},{"@type":"BreadcrumbList","@id":"https:\/\/www.sonoraenequipo.com.mx\/pide-sheinbaum-al-ine-detener-guerra-sucia-contra-candidatos-de-morena\/#breadcrumb","itemListElement":[{"@type":"ListItem","position":1,"name":"Portada","item":"https:\/\/www.sonoraenequipo.com.mx\/"},{"@type":"ListItem","position":2,"name":"Pide Sheinbaum al INE detener \u00abguerra sucia\u00bb contra candidatos de Morena"}]},{"@type":"WebSite","@id":"https:\/\/www.sonoraenequipo.com.mx\/#website","url":"https:\/\/www.sonoraenequipo.com.mx\/","name":"Sonora en Equipo.","description":"Diario en l\u00ednea con Noticias desde Hermosillo, Sonora","publisher":{"@id":"https:\/\/www.sonoraenequipo.com.mx\/#organization"},"potentialAction":[{"@type":"SearchAction","target":{"@type":"EntryPoint","urlTemplate":"https:\/\/www.sonoraenequipo.com.mx\/?s={search_term_string}"},"query-input":{"@type":"PropertyValueSpecification","valueRequired":true,"valueName":"search_term_string"}}],"inLanguage":"es"},{"@type":"Organization","@id":"https:\/\/www.sonoraenequipo.com.mx\/#organization","name":"Sonoraenequipo.com.mx","url":"https:\/\/www.sonoraenequipo.com.mx\/","logo":{"@type":"ImageObject","inLanguage":"es","@id":"https:\/\/www.sonoraenequipo.com.mx\/#\/schema\/logo\/image\/","url":"https:\/\/www.sonoraenequipo.com.mx\/storage\/2019\/01\/sonoraenequipo_opt.png","contentUrl":"https:\/\/www.sonoraenequipo.com.mx\/storage\/2019\/01\/sonoraenequipo_opt.png","width":375,"height":125,"caption":"Sonoraenequipo.com.mx"},"image":{"@id":"https:\/\/www.sonoraenequipo.com.mx\/#\/schema\/logo\/image\/"},"sameAs":["https:\/\/www.facebook.com\/SonoraEE\/","https:\/\/x.com\/sonoraenequipo","https:\/\/www.youtube.com\/channel\/UC338nW-lPEYmJQs4ZABQ1SQ"]},{"@type":"Person","@id":"https:\/\/www.sonoraenequipo.com.mx\/#\/schema\/person\/50102df0fb23a8fa9e8effad8fa81386","name":"enequipo","image":{"@type":"ImageObject","inLanguage":"es","@id":"https:\/\/www.sonoraenequipo.com.mx\/#\/schema\/person\/image\/","url":"https:\/\/secure.gravatar.com\/avatar\/049821681b589dabc0bc20695993ccebb09f5b5d4d790cd9251b97faac7c652b?s=96&d=blank&r=g","contentUrl":"https:\/\/secure.gravatar.com\/avatar\/049821681b589dabc0bc20695993ccebb09f5b5d4d790cd9251b97faac7c652b?s=96&d=blank&r=g","caption":"enequipo"},"sameAs":["https:\/\/www.facebook.com\/SonoraEE"]}]}},"jetpack_featured_media_url":"https:\/\/www.sonoraenequipo.com.mx\/storage\/2024\/04\/Sheinbaum-min.jpg","_links":{"self":[{"href":"https:\/\/www.sonoraenequipo.com.mx\/api\/wp\/v2\/posts\/188068","targetHints":{"allow":["GET"]}}],"collection":[{"href":"https:\/\/www.sonoraenequipo.com.mx\/api\/wp\/v2\/posts"}],"about":[{"href":"https:\/\/www.sonoraenequipo.com.mx\/api\/wp\/v2\/types\/post"}],"author":[{"embeddable":true,"href":"https:\/\/www.sonoraenequipo.com.mx\/api\/wp\/v2\/users\/1"}],"replies":[{"embeddable":true,"href":"https:\/\/www.sonoraenequipo.com.mx\/api\/wp\/v2\/comments?post=188068"}],"version-history":[{"count":3,"href":"https:\/\/www.sonoraenequipo.com.mx\/api\/wp\/v2\/posts\/188068\/revisions"}],"predecessor-version":[{"id":188073,"href":"https:\/\/www.sonoraenequipo.com.mx\/api\/wp\/v2\/posts\/188068\/revisions\/188073"}],"wp:featuredmedia":[{"embeddable":true,"href":"https:\/\/www.sonoraenequipo.com.mx\/api\/wp\/v2\/media\/188070"}],"wp:attachment":[{"href":"https:\/\/www.sonoraenequipo.com.mx\/api\/wp\/v2\/media?parent=188068"}],"wp:term":[{"taxonomy":"category","embeddable":true,"href":"https:\/\/www.sonoraenequipo.com.mx\/api\/wp\/v2\/categories?post=188068"},{"taxonomy":"post_tag","embeddable":true,"href":"https:\/\/www.sonoraenequipo.com.mx\/api\/wp\/v2\/tags?post=188068"}],"curies":[{"name":"wp","href":"https:\/\/api.w.org\/{rel}","templated":true}]}}