{"id":188092,"date":"2024-04-21T11:32:21","date_gmt":"2024-04-21T18:32:21","guid":{"rendered":"https:\/\/www.sonoraenequipo.com.mx\/?p=188092"},"modified":"2024-04-22T10:53:40","modified_gmt":"2024-04-22T17:53:40","slug":"llama-mario-delgado-a-votar-parejo-por-partidos-de-la-alianza","status":"publish","type":"post","link":"https:\/\/www.sonoraenequipo.com.mx\/llama-mario-delgado-a-votar-parejo-por-partidos-de-la-alianza\/","title":{"rendered":"Llama Mario Delgado a votar parejo por partidos de la alianza"},"content":{"rendered":"<p><strong>CIUDAD DE M\u00c9XICO. MX. \u2014<\/strong> El presidente nacional de Morena, Mario Delgado, llam\u00f3 a militantes y simpatizantes a evitar las divisiones y a <em><strong>\u201cvotar parejo\u201d<\/strong><\/em> por los partidos que conforman la coalici\u00f3n Sigamos Haciendo Historia, con el objetivo de lograr la mayor\u00eda calificada en el Congreso de la Uni\u00f3n.<\/p>\n<p> <\/p>\n<p><em><strong>\u201cNada de andar repartiendo los votos: divisi\u00f3n es traici\u00f3n. Debemos votar seis de seis, voto parejo, voto por nuestro movimiento. Necesitamos ganar la mayor\u00eda en la C\u00e1mara de Diputados y en la C\u00e1mara de Senadores para que sigan avanzando las reformas de la Cuarta Transformaci\u00f3n\u201d<\/strong><\/em>, resalt\u00f3 en Cuernavaca Morelos, donde acompa\u00f1\u00f3 a la candidata a la gubernatura de Morelos por la coalici\u00f3n Sigamos Haciendo Historia, Margarita Gonz\u00e1lez.<\/p>\n<p>El dirigente de Morena sostuvo que la mayor\u00eda en el Congreso permitir\u00e1 que contin\u00faen las reformas de la transformaci\u00f3n, pero tambi\u00e9n ayudar\u00e1 a erradicar la corrupci\u00f3n en el poder judicial y en las fiscal\u00edas.<\/p>\n<p><em><strong>\u201cQueremos que sigan avanzando las reformas. Necesitamos mayor\u00eda para que haya una limpia en el Poder Judicial y para que no tengamos fiscales corruptos como el que hay aqu\u00ed en Morelos. Por eso necesitamos que Sandra Anaya y el G\u00fcero Mercado lleguen a la C\u00e1mara de Diputados y al Senado\u201d,<\/strong> <\/em>subray\u00f3.<\/p>\n<p>El l\u00edder partidista destac\u00f3 que Alejandra Flores, Margarita Gonz\u00e1lez y Claudia Sheinbaum har\u00e1n un \u201cequipazo\u201d desde la presidencia municipal de Cuernavaca, la gubernatura de Morelos y la Presidencia de la Rep\u00fablica.<\/p>\n<p>Mario Delgado llam\u00f3 a continuar con los trabajos de organizaci\u00f3n para que el pueblo nuevamente tome en sus manos la decisi\u00f3n de continuar con la transformaci\u00f3n. <em><strong>\u201cSi queremos que eso ocurra tenemos que organizarnos y hacer una gran fiesta democr\u00e1tica. Si queremos que siga la transformaci\u00f3n, la decisi\u00f3n depende del pueblo de M\u00e9xico\u201d.<\/strong><\/em><\/p>\n<p>PUBLICADO EL 21 DE ABRIL DE 2024\/ Con informaci\u00f3n de Redes sociales)<\/p>\n","protected":false},"excerpt":{"rendered":"<p>CIUDAD DE M\u00c9XICO. MX. \u2014 El presidente nacional de Morena, Mario Delgado, llam\u00f3 a militantes&#8230;<\/p>\n","protected":false},"author":1,"featured_media":188098,"comment_status":"open","ping_status":"open","sticky":false,"template":"","format":"standard","meta":{"_monsterinsights_skip_tracking":false,"_monsterinsights_sitenote_active":false,"_monsterinsights_sitenote_note":"","_monsterinsights_sitenote_category":0,"footnotes":""},"categories":[9400],"tags":[],"class_list":["post"],"yoast_head":" \n<title>Sonora en Equipo. Llama Mario Delgado a votar parejo por partidos de la alianza ELECCI\u00d3NES<\/title>\n<meta name=\"description\" content=\"CIUDAD DE M\u00c9XICO. MX. \u2014 El presidente nacional de Morena, Mario Delgado, llam\u00f3 a militantes y simpatizantes a evitar las divisiones y a \u201cvotar parejo\u201d por En Sonora en Equipo publicamos toda la informaci\u00f3n de Sonora, M\u00e9xico y el Mundo de manera oportuna y busca que la libertad de expresi\u00f3n sea real. Visita nuestro medio informativo publicado desde Hermosillo, Sonora. %\" \/>\n<meta name=\"robots\" content=\"index, follow, max-snippet:-1, max-image-preview:large, max-video-preview:-1\" \/>\n<link rel=\"canonical\" href=\"https:\/\/www.sonoraenequipo.com.mx\/llama-mario-delgado-a-votar-parejo-por-partidos-de-la-alianza\/\" \/>\n<meta property=\"og:locale\" content=\"es_ES\" \/>\n<meta property=\"og:type\" content=\"article\" \/>\n<meta property=\"og:title\" content=\"Sonora en Equipo. Llama Mario Delgado a votar parejo por partidos de la alianza ELECCI\u00d3NES\" \/>\n<meta property=\"og:description\" content=\"CIUDAD DE M\u00c9XICO. MX. \u2014 El presidente nacional de Morena, Mario Delgado, llam\u00f3 a militantes y simpatizantes a evitar las divisiones y a \u201cvotar parejo\u201d por En Sonora en Equipo publicamos toda la informaci\u00f3n de Sonora, M\u00e9xico y el Mundo de manera oportuna y busca que la libertad de expresi\u00f3n sea real. Visita nuestro medio informativo publicado desde Hermosillo, Sonora. %\" \/>\n<meta property=\"og:url\" content=\"https:\/\/www.sonoraenequipo.com.mx\/llama-mario-delgado-a-votar-parejo-por-partidos-de-la-alianza\/\" \/>\n<meta property=\"og:site_name\" content=\"Sonora en Equipo.\" \/>\n<meta property=\"article:publisher\" content=\"https:\/\/www.facebook.com\/SonoraEE\/\" \/>\n<meta property=\"article:author\" content=\"https:\/\/www.facebook.com\/SonoraEE\" \/>\n<meta property=\"article:published_time\" content=\"2024-04-21T18:32:21+00:00\" \/>\n<meta property=\"article:modified_time\" content=\"2024-04-22T17:53:40+00:00\" \/>\n<meta property=\"og:image\" content=\"https:\/\/www.sonoraenequipo.com.mx\/storage\/2024\/04\/mario-delgado-en-Morelos-min.jpg\" \/>\n\t<meta property=\"og:image:width\" content=\"900\" \/>\n\t<meta property=\"og:image:height\" content=\"551\" \/>\n\t<meta property=\"og:image:type\" content=\"image\/jpeg\" \/>\n<meta name=\"author\" content=\"enequipo\" \/>\n<meta name=\"twitter:card\" content=\"summary_large_image\" \/>\n<meta name=\"twitter:creator\" content=\"@sonoraenequipo\" \/>\n<meta name=\"twitter:site\" content=\"@sonoraenequipo\" \/>\n<meta name=\"twitter:label1\" content=\"Escrito por\" \/>\n\t<meta name=\"twitter:data1\" content=\"enequipo\" \/>\n\t<meta name=\"twitter:label2\" content=\"Tiempo de lectura\" \/>\n\t<meta name=\"twitter:data2\" content=\"2 minutos\" \/>\n<script type=\"application\/ld+json\" class=\"yoast-schema-graph\">{\"@context\":\"https:\/\/schema.org\",\"@graph\":[{\"@type\":\"Article\",\"@id\":\"https:\/\/www.sonoraenequipo.com.mx\/llama-mario-delgado-a-votar-parejo-por-partidos-de-la-alianza\/#article\",\"isPartOf\":{\"@id\":\"https:\/\/www.sonoraenequipo.com.mx\/llama-mario-delgado-a-votar-parejo-por-partidos-de-la-alianza\/\"},\"author\":{\"name\":\"enequipo\",\"@id\":\"https:\/\/www.sonoraenequipo.com.mx\/#\/schema\/person\/50102df0fb23a8fa9e8effad8fa81386\"},\"headline\":\"Llama Mario Delgado a votar parejo por partidos de la alianza\",\"datePublished\":\"2024-04-21T18:32:21+00:00\",\"dateModified\":\"2024-04-22T17:53:40+00:00\",\"mainEntityOfPage\":{\"@id\":\"https:\/\/www.sonoraenequipo.com.mx\/llama-mario-delgado-a-votar-parejo-por-partidos-de-la-alianza\/\"},\"wordCount\":338,\"commentCount\":0,\"publisher\":{\"@id\":\"https:\/\/www.sonoraenequipo.com.mx\/#organization\"},\"image\":{\"@id\":\"https:\/\/www.sonoraenequipo.com.mx\/llama-mario-delgado-a-votar-parejo-por-partidos-de-la-alianza\/#primaryimage\"},\"thumbnailUrl\":\"https:\/\/www.sonoraenequipo.com.mx\/storage\/2024\/04\/mario-delgado-en-Morelos-min.jpg\",\"articleSection\":[\"ELECCI\u00d3NES\"],\"inLanguage\":\"es\",\"potentialAction\":[{\"@type\":\"CommentAction\",\"name\":\"Comment\",\"target\":[\"https:\/\/www.sonoraenequipo.com.mx\/llama-mario-delgado-a-votar-parejo-por-partidos-de-la-alianza\/#respond\"]}]},{\"@type\":\"WebPage\",\"@id\":\"https:\/\/www.sonoraenequipo.com.mx\/llama-mario-delgado-a-votar-parejo-por-partidos-de-la-alianza\/\",\"url\":\"https:\/\/www.sonoraenequipo.com.mx\/llama-mario-delgado-a-votar-parejo-por-partidos-de-la-alianza\/\",\"name\":\"Sonora en Equipo. Llama Mario Delgado a votar parejo por partidos de la alianza ELECCI\u00d3NES\",\"isPartOf\":{\"@id\":\"https:\/\/www.sonoraenequipo.com.mx\/#website\"},\"primaryImageOfPage\":{\"@id\":\"https:\/\/www.sonoraenequipo.com.mx\/llama-mario-delgado-a-votar-parejo-por-partidos-de-la-alianza\/#primaryimage\"},\"image\":{\"@id\":\"https:\/\/www.sonoraenequipo.com.mx\/llama-mario-delgado-a-votar-parejo-por-partidos-de-la-alianza\/#primaryimage\"},\"thumbnailUrl\":\"https:\/\/www.sonoraenequipo.com.mx\/storage\/2024\/04\/mario-delgado-en-Morelos-min.jpg\",\"datePublished\":\"2024-04-21T18:32:21+00:00\",\"dateModified\":\"2024-04-22T17:53:40+00:00\",\"description\":\"CIUDAD DE M\u00c9XICO. MX. \u2014 El presidente nacional de Morena, Mario Delgado, llam\u00f3 a militantes y simpatizantes a evitar las divisiones y a \u201cvotar parejo\u201d por En Sonora en Equipo publicamos toda la informaci\u00f3n de Sonora, M\u00e9xico y el Mundo de manera oportuna y busca que la libertad de expresi\u00f3n sea real. Visita nuestro medio informativo publicado desde Hermosillo, Sonora. %\",\"breadcrumb\":{\"@id\":\"https:\/\/www.sonoraenequipo.com.mx\/llama-mario-delgado-a-votar-parejo-por-partidos-de-la-alianza\/#breadcrumb\"},\"inLanguage\":\"es\",\"potentialAction\":[{\"@type\":\"ReadAction\",\"target\":[\"https:\/\/www.sonoraenequipo.com.mx\/llama-mario-delgado-a-votar-parejo-por-partidos-de-la-alianza\/\"]}]},{\"@type\":\"ImageObject\",\"inLanguage\":\"es\",\"@id\":\"https:\/\/www.sonoraenequipo.com.mx\/llama-mario-delgado-a-votar-parejo-por-partidos-de-la-alianza\/#primaryimage\",\"url\":\"https:\/\/www.sonoraenequipo.com.mx\/storage\/2024\/04\/mario-delgado-en-Morelos-min.jpg\",\"contentUrl\":\"https:\/\/www.sonoraenequipo.com.mx\/storage\/2024\/04\/mario-delgado-en-Morelos-min.jpg\",\"width\":900,\"height\":551},{\"@type\":\"BreadcrumbList\",\"@id\":\"https:\/\/www.sonoraenequipo.com.mx\/llama-mario-delgado-a-votar-parejo-por-partidos-de-la-alianza\/#breadcrumb\",\"itemListElement\":[{\"@type\":\"ListItem\",\"position\":1,\"name\":\"Portada\",\"item\":\"https:\/\/www.sonoraenequipo.com.mx\/\"},{\"@type\":\"ListItem\",\"position\":2,\"name\":\"Llama Mario Delgado a votar parejo por partidos de la alianza\"}]},{\"@type\":\"WebSite\",\"@id\":\"https:\/\/www.sonoraenequipo.com.mx\/#website\",\"url\":\"https:\/\/www.sonoraenequipo.com.mx\/\",\"name\":\"Sonora en Equipo.\",\"description\":\"Diario en l\u00ednea con Noticias desde Hermosillo, Sonora\",\"publisher\":{\"@id\":\"https:\/\/www.sonoraenequipo.com.mx\/#organization\"},\"potentialAction\":[{\"@type\":\"SearchAction\",\"target\":{\"@type\":\"EntryPoint\",\"urlTemplate\":\"https:\/\/www.sonoraenequipo.com.mx\/?s={search_term_string}\"},\"query-input\":{\"@type\":\"PropertyValueSpecification\",\"valueRequired\":true,\"valueName\":\"search_term_string\"}}],\"inLanguage\":\"es\"},{\"@type\":\"Organization\",\"@id\":\"https:\/\/www.sonoraenequipo.com.mx\/#organization\",\"name\":\"Sonoraenequipo.com.mx\",\"url\":\"https:\/\/www.sonoraenequipo.com.mx\/\",\"logo\":{\"@type\":\"ImageObject\",\"inLanguage\":\"es\",\"@id\":\"https:\/\/www.sonoraenequipo.com.mx\/#\/schema\/logo\/image\/\",\"url\":\"https:\/\/www.sonoraenequipo.com.mx\/storage\/2019\/01\/sonoraenequipo_opt.png\",\"contentUrl\":\"https:\/\/www.sonoraenequipo.com.mx\/storage\/2019\/01\/sonoraenequipo_opt.png\",\"width\":375,\"height\":125,\"caption\":\"Sonoraenequipo.com.mx\"},\"image\":{\"@id\":\"https:\/\/www.sonoraenequipo.com.mx\/#\/schema\/logo\/image\/\"},\"sameAs\":[\"https:\/\/www.facebook.com\/SonoraEE\/\",\"https:\/\/x.com\/sonoraenequipo\",\"https:\/\/www.youtube.com\/channel\/UC338nW-lPEYmJQs4ZABQ1SQ\"]},{\"@type\":\"Person\",\"@id\":\"https:\/\/www.sonoraenequipo.com.mx\/#\/schema\/person\/50102df0fb23a8fa9e8effad8fa81386\",\"name\":\"enequipo\",\"image\":{\"@type\":\"ImageObject\",\"inLanguage\":\"es\",\"@id\":\"https:\/\/www.sonoraenequipo.com.mx\/#\/schema\/person\/image\/\",\"url\":\"https:\/\/secure.gravatar.com\/avatar\/049821681b589dabc0bc20695993ccebb09f5b5d4d790cd9251b97faac7c652b?s=96&d=blank&r=g\",\"contentUrl\":\"https:\/\/secure.gravatar.com\/avatar\/049821681b589dabc0bc20695993ccebb09f5b5d4d790cd9251b97faac7c652b?s=96&d=blank&r=g\",\"caption\":\"enequipo\"},\"sameAs\":[\"https:\/\/www.facebook.com\/SonoraEE\"]}]}<\/script>\n ","yoast_head_json":{"title":"Sonora en Equipo. Llama Mario Delgado a votar parejo por partidos de la alianza ELECCI\u00d3NES","description":"CIUDAD DE M\u00c9XICO. MX. \u2014 El presidente nacional de Morena, Mario Delgado, llam\u00f3 a militantes y simpatizantes a evitar las divisiones y a \u201cvotar parejo\u201d por En Sonora en Equipo publicamos toda la informaci\u00f3n de Sonora, M\u00e9xico y el Mundo de manera oportuna y busca que la libertad de expresi\u00f3n sea real. Visita nuestro medio informativo publicado desde Hermosillo, Sonora. %","robots":{"index":"index","follow":"follow","max-snippet":"max-snippet:-1","max-image-preview":"max-image-preview:large","max-video-preview":"max-video-preview:-1"},"canonical":"https:\/\/www.sonoraenequipo.com.mx\/llama-mario-delgado-a-votar-parejo-por-partidos-de-la-alianza\/","og_locale":"es_ES","og_type":"article","og_title":"Sonora en Equipo. Llama Mario Delgado a votar parejo por partidos de la alianza ELECCI\u00d3NES","og_description":"CIUDAD DE M\u00c9XICO. MX. \u2014 El presidente nacional de Morena, Mario Delgado, llam\u00f3 a militantes y simpatizantes a evitar las divisiones y a \u201cvotar parejo\u201d por En Sonora en Equipo publicamos toda la informaci\u00f3n de Sonora, M\u00e9xico y el Mundo de manera oportuna y busca que la libertad de expresi\u00f3n sea real. Visita nuestro medio informativo publicado desde Hermosillo, Sonora. %","og_url":"https:\/\/www.sonoraenequipo.com.mx\/llama-mario-delgado-a-votar-parejo-por-partidos-de-la-alianza\/","og_site_name":"Sonora en Equipo.","article_publisher":"https:\/\/www.facebook.com\/SonoraEE\/","article_author":"https:\/\/www.facebook.com\/SonoraEE","article_published_time":"2024-04-21T18:32:21+00:00","article_modified_time":"2024-04-22T17:53:40+00:00","og_image":[{"width":900,"height":551,"url":"https:\/\/www.sonoraenequipo.com.mx\/storage\/2024\/04\/mario-delgado-en-Morelos-min.jpg","type":"image\/jpeg"}],"author":"enequipo","twitter_card":"summary_large_image","twitter_creator":"@sonoraenequipo","twitter_site":"@sonoraenequipo","twitter_misc":{"Escrito por":"enequipo","Tiempo de lectura":"2 minutos"},"schema":{"@context":"https:\/\/schema.org","@graph":[{"@type":"Article","@id":"https:\/\/www.sonoraenequipo.com.mx\/llama-mario-delgado-a-votar-parejo-por-partidos-de-la-alianza\/#article","isPartOf":{"@id":"https:\/\/www.sonoraenequipo.com.mx\/llama-mario-delgado-a-votar-parejo-por-partidos-de-la-alianza\/"},"author":{"name":"enequipo","@id":"https:\/\/www.sonoraenequipo.com.mx\/#\/schema\/person\/50102df0fb23a8fa9e8effad8fa81386"},"headline":"Llama Mario Delgado a votar parejo por partidos de la alianza","datePublished":"2024-04-21T18:32:21+00:00","dateModified":"2024-04-22T17:53:40+00:00","mainEntityOfPage":{"@id":"https:\/\/www.sonoraenequipo.com.mx\/llama-mario-delgado-a-votar-parejo-por-partidos-de-la-alianza\/"},"wordCount":338,"commentCount":0,"publisher":{"@id":"https:\/\/www.sonoraenequipo.com.mx\/#organization"},"image":{"@id":"https:\/\/www.sonoraenequipo.com.mx\/llama-mario-delgado-a-votar-parejo-por-partidos-de-la-alianza\/#primaryimage"},"thumbnailUrl":"https:\/\/www.sonoraenequipo.com.mx\/storage\/2024\/04\/mario-delgado-en-Morelos-min.jpg","articleSection":["ELECCI\u00d3NES"],"inLanguage":"es","potentialAction":[{"@type":"CommentAction","name":"Comment","target":["https:\/\/www.sonoraenequipo.com.mx\/llama-mario-delgado-a-votar-parejo-por-partidos-de-la-alianza\/#respond"]}]},{"@type":"WebPage","@id":"https:\/\/www.sonoraenequipo.com.mx\/llama-mario-delgado-a-votar-parejo-por-partidos-de-la-alianza\/","url":"https:\/\/www.sonoraenequipo.com.mx\/llama-mario-delgado-a-votar-parejo-por-partidos-de-la-alianza\/","name":"Sonora en Equipo. Llama Mario Delgado a votar parejo por partidos de la alianza ELECCI\u00d3NES","isPartOf":{"@id":"https:\/\/www.sonoraenequipo.com.mx\/#website"},"primaryImageOfPage":{"@id":"https:\/\/www.sonoraenequipo.com.mx\/llama-mario-delgado-a-votar-parejo-por-partidos-de-la-alianza\/#primaryimage"},"image":{"@id":"https:\/\/www.sonoraenequipo.com.mx\/llama-mario-delgado-a-votar-parejo-por-partidos-de-la-alianza\/#primaryimage"},"thumbnailUrl":"https:\/\/www.sonoraenequipo.com.mx\/storage\/2024\/04\/mario-delgado-en-Morelos-min.jpg","datePublished":"2024-04-21T18:32:21+00:00","dateModified":"2024-04-22T17:53:40+00:00","description":"CIUDAD DE M\u00c9XICO. MX. \u2014 El presidente nacional de Morena, Mario Delgado, llam\u00f3 a militantes y simpatizantes a evitar las divisiones y a \u201cvotar parejo\u201d por En Sonora en Equipo publicamos toda la informaci\u00f3n de Sonora, M\u00e9xico y el Mundo de manera oportuna y busca que la libertad de expresi\u00f3n sea real. Visita nuestro medio informativo publicado desde Hermosillo, Sonora. %","breadcrumb":{"@id":"https:\/\/www.sonoraenequipo.com.mx\/llama-mario-delgado-a-votar-parejo-por-partidos-de-la-alianza\/#breadcrumb"},"inLanguage":"es","potentialAction":[{"@type":"ReadAction","target":["https:\/\/www.sonoraenequipo.com.mx\/llama-mario-delgado-a-votar-parejo-por-partidos-de-la-alianza\/"]}]},{"@type":"ImageObject","inLanguage":"es","@id":"https:\/\/www.sonoraenequipo.com.mx\/llama-mario-delgado-a-votar-parejo-por-partidos-de-la-alianza\/#primaryimage","url":"https:\/\/www.sonoraenequipo.com.mx\/storage\/2024\/04\/mario-delgado-en-Morelos-min.jpg","contentUrl":"https:\/\/www.sonoraenequipo.com.mx\/storage\/2024\/04\/mario-delgado-en-Morelos-min.jpg","width":900,"height":551},{"@type":"BreadcrumbList","@id":"https:\/\/www.sonoraenequipo.com.mx\/llama-mario-delgado-a-votar-parejo-por-partidos-de-la-alianza\/#breadcrumb","itemListElement":[{"@type":"ListItem","position":1,"name":"Portada","item":"https:\/\/www.sonoraenequipo.com.mx\/"},{"@type":"ListItem","position":2,"name":"Llama Mario Delgado a votar parejo por partidos de la alianza"}]},{"@type":"WebSite","@id":"https:\/\/www.sonoraenequipo.com.mx\/#website","url":"https:\/\/www.sonoraenequipo.com.mx\/","name":"Sonora en Equipo.","description":"Diario en l\u00ednea con Noticias desde Hermosillo, Sonora","publisher":{"@id":"https:\/\/www.sonoraenequipo.com.mx\/#organization"},"potentialAction":[{"@type":"SearchAction","target":{"@type":"EntryPoint","urlTemplate":"https:\/\/www.sonoraenequipo.com.mx\/?s={search_term_string}"},"query-input":{"@type":"PropertyValueSpecification","valueRequired":true,"valueName":"search_term_string"}}],"inLanguage":"es"},{"@type":"Organization","@id":"https:\/\/www.sonoraenequipo.com.mx\/#organization","name":"Sonoraenequipo.com.mx","url":"https:\/\/www.sonoraenequipo.com.mx\/","logo":{"@type":"ImageObject","inLanguage":"es","@id":"https:\/\/www.sonoraenequipo.com.mx\/#\/schema\/logo\/image\/","url":"https:\/\/www.sonoraenequipo.com.mx\/storage\/2019\/01\/sonoraenequipo_opt.png","contentUrl":"https:\/\/www.sonoraenequipo.com.mx\/storage\/2019\/01\/sonoraenequipo_opt.png","width":375,"height":125,"caption":"Sonoraenequipo.com.mx"},"image":{"@id":"https:\/\/www.sonoraenequipo.com.mx\/#\/schema\/logo\/image\/"},"sameAs":["https:\/\/www.facebook.com\/SonoraEE\/","https:\/\/x.com\/sonoraenequipo","https:\/\/www.youtube.com\/channel\/UC338nW-lPEYmJQs4ZABQ1SQ"]},{"@type":"Person","@id":"https:\/\/www.sonoraenequipo.com.mx\/#\/schema\/person\/50102df0fb23a8fa9e8effad8fa81386","name":"enequipo","image":{"@type":"ImageObject","inLanguage":"es","@id":"https:\/\/www.sonoraenequipo.com.mx\/#\/schema\/person\/image\/","url":"https:\/\/secure.gravatar.com\/avatar\/049821681b589dabc0bc20695993ccebb09f5b5d4d790cd9251b97faac7c652b?s=96&d=blank&r=g","contentUrl":"https:\/\/secure.gravatar.com\/avatar\/049821681b589dabc0bc20695993ccebb09f5b5d4d790cd9251b97faac7c652b?s=96&d=blank&r=g","caption":"enequipo"},"sameAs":["https:\/\/www.facebook.com\/SonoraEE"]}]}},"jetpack_featured_media_url":"https:\/\/www.sonoraenequipo.com.mx\/storage\/2024\/04\/mario-delgado-en-Morelos-min.jpg","_links":{"self":[{"href":"https:\/\/www.sonoraenequipo.com.mx\/api\/wp\/v2\/posts\/188092","targetHints":{"allow":["GET"]}}],"collection":[{"href":"https:\/\/www.sonoraenequipo.com.mx\/api\/wp\/v2\/posts"}],"about":[{"href":"https:\/\/www.sonoraenequipo.com.mx\/api\/wp\/v2\/types\/post"}],"author":[{"embeddable":true,"href":"https:\/\/www.sonoraenequipo.com.mx\/api\/wp\/v2\/users\/1"}],"replies":[{"embeddable":true,"href":"https:\/\/www.sonoraenequipo.com.mx\/api\/wp\/v2\/comments?post=188092"}],"version-history":[{"count":2,"href":"https:\/\/www.sonoraenequipo.com.mx\/api\/wp\/v2\/posts\/188092\/revisions"}],"predecessor-version":[{"id":188100,"href":"https:\/\/www.sonoraenequipo.com.mx\/api\/wp\/v2\/posts\/188092\/revisions\/188100"}],"wp:featuredmedia":[{"embeddable":true,"href":"https:\/\/www.sonoraenequipo.com.mx\/api\/wp\/v2\/media\/188098"}],"wp:attachment":[{"href":"https:\/\/www.sonoraenequipo.com.mx\/api\/wp\/v2\/media?parent=188092"}],"wp:term":[{"taxonomy":"category","embeddable":true,"href":"https:\/\/www.sonoraenequipo.com.mx\/api\/wp\/v2\/categories?post=188092"},{"taxonomy":"post_tag","embeddable":true,"href":"https:\/\/www.sonoraenequipo.com.mx\/api\/wp\/v2\/tags?post=188092"}],"curies":[{"name":"wp","href":"https:\/\/api.w.org\/{rel}","templated":true}]}}