{"id":188102,"date":"2024-04-21T23:32:17","date_gmt":"2024-04-22T06:32:17","guid":{"rendered":"https:\/\/www.sonoraenequipo.com.mx\/?p=188102"},"modified":"2024-04-22T12:05:22","modified_gmt":"2024-04-22T19:05:22","slug":"encapuchados-abordan-a-sheinbaum-en-chiapas-le-piden-seguridad","status":"publish","type":"post","link":"https:\/\/www.sonoraenequipo.com.mx\/encapuchados-abordan-a-sheinbaum-en-chiapas-le-piden-seguridad\/","title":{"rendered":"Encapuchados abordan a Sheinbaum en Chiapas; le piden seguridad"},"content":{"rendered":"<p><strong>CIUDAD DE M\u00c9XICO. MX. \u2014<\/strong> La candidata a la presidencia de la Rep\u00fablica por Morena, Claudia Sheinbaum, fue interceptada por un grupo de encapuchados en su tr\u00e1nsito hacia Tapachula, en Chiapas.<\/p>\n<p>&nbsp;<\/p>\n<p> <\/p>\n<p>Desde las primeras horas de este domingo, el grupo de autodefensas despleg\u00f3 dos retenes en el tramo carretero que va hacia el municipio de Motozintla, donde la abanderada encabez\u00f3 su segundo mitin del d\u00eda.<\/p>\n<p>&nbsp;<\/p>\n<p>&nbsp;<\/p>\n<p>Cuando se acercaron al veh\u00edculo de la candidata, le pidieron que bajara el vidrio de su camioneta, a lo que Sheinbaum se neg\u00f3 en un prinicpio. Luego, cedi\u00f3 a la exigencia de los encapuchados.<\/p>\n<p>&nbsp;<\/p>\n<p>&nbsp;<\/p>\n<p><em><strong>\u201cCuando est\u00e9 en el poder acu\u00e9rdese de la Sierra, acu\u00e9rdese de la gente pobre. Nomas eso le queremos decir. No estamos en contra del gobierno, ll\u00e9vese eso en su mente. No estamos en contra de ustedes. Somos como pueblo, para eso estamos ac\u00e1 (en el ret\u00e9n) tres veces por semana\u00bb,<\/strong><\/em> dijo uno de los sujetos.<\/p>\n<p>&nbsp;<\/p>\n<p>&nbsp;<\/p>\n<p><em><strong>\u00abNo queremos que Motozintla sea un desastre m\u00e1s como Comalapa. Queremos que usted cuando est\u00e9 en la presidencia nos haga el favor de limpiar este tramo, que no podemos viajar para all\u00e1 porque si pasamos para all\u00e1 nos hacen pedacitos doctora\u00bb<\/strong><\/em>, agreg\u00f3.<\/p>\n<p>&nbsp;<\/p>\n<p>Finalmente, los hombres permitieron el paso de la caravana de veh\u00edculos hacia Motozintla.<\/p>\n<p>&nbsp;<\/p>\n<p>PUBLICADO EL 21 DE ABRIL DE 2024\/ Con informaci\u00f3n de AFP)<\/p>\n","protected":false},"excerpt":{"rendered":"<p>CIUDAD DE M\u00c9XICO. MX. \u2014 La candidata a la presidencia de la Rep\u00fablica por Morena,&#8230;<\/p>\n","protected":false},"author":1,"featured_media":188093,"comment_status":"open","ping_status":"open","sticky":false,"template":"","format":"standard","meta":{"_monsterinsights_skip_tracking":false,"_monsterinsights_sitenote_active":false,"_monsterinsights_sitenote_note":"","_monsterinsights_sitenote_category":0,"footnotes":""},"categories":[9400],"tags":[],"class_list":["post"],"yoast_head":" \n<title>Sonora en Equipo. Encapuchados abordan a Sheinbaum en Chiapas; le piden seguridad ELECCI\u00d3NES<\/title>\n<meta name=\"description\" content=\"CIUDAD DE M\u00c9XICO. MX. \u2014 La candidata a la presidencia de la Rep\u00fablica por Morena, Claudia Sheinbaum, fue interceptada por un grupo de encapuchados en su En Sonora en Equipo publicamos toda la informaci\u00f3n de Sonora, M\u00e9xico y el Mundo de manera oportuna y busca que la libertad de expresi\u00f3n sea real. Visita nuestro medio informativo publicado desde Hermosillo, Sonora. %\" \/>\n<meta name=\"robots\" content=\"index, follow, max-snippet:-1, max-image-preview:large, max-video-preview:-1\" \/>\n<link rel=\"canonical\" href=\"https:\/\/www.sonoraenequipo.com.mx\/encapuchados-abordan-a-sheinbaum-en-chiapas-le-piden-seguridad\/\" \/>\n<meta property=\"og:locale\" content=\"es_ES\" \/>\n<meta property=\"og:type\" content=\"article\" \/>\n<meta property=\"og:title\" content=\"Sonora en Equipo. Encapuchados abordan a Sheinbaum en Chiapas; le piden seguridad ELECCI\u00d3NES\" \/>\n<meta property=\"og:description\" content=\"CIUDAD DE M\u00c9XICO. MX. \u2014 La candidata a la presidencia de la Rep\u00fablica por Morena, Claudia Sheinbaum, fue interceptada por un grupo de encapuchados en su En Sonora en Equipo publicamos toda la informaci\u00f3n de Sonora, M\u00e9xico y el Mundo de manera oportuna y busca que la libertad de expresi\u00f3n sea real. Visita nuestro medio informativo publicado desde Hermosillo, Sonora. %\" \/>\n<meta property=\"og:url\" content=\"https:\/\/www.sonoraenequipo.com.mx\/encapuchados-abordan-a-sheinbaum-en-chiapas-le-piden-seguridad\/\" \/>\n<meta property=\"og:site_name\" content=\"Sonora en Equipo.\" \/>\n<meta property=\"article:publisher\" content=\"https:\/\/www.facebook.com\/SonoraEE\/\" \/>\n<meta property=\"article:author\" content=\"https:\/\/www.facebook.com\/SonoraEE\" \/>\n<meta property=\"article:published_time\" content=\"2024-04-22T06:32:17+00:00\" \/>\n<meta property=\"article:modified_time\" content=\"2024-04-22T19:05:22+00:00\" \/>\n<meta property=\"og:image\" content=\"https:\/\/www.sonoraenequipo.com.mx\/storage\/2024\/04\/claudia-sheinbaum-min.jpg\" \/>\n\t<meta property=\"og:image:width\" content=\"900\" \/>\n\t<meta property=\"og:image:height\" content=\"621\" \/>\n\t<meta property=\"og:image:type\" content=\"image\/jpeg\" \/>\n<meta name=\"author\" content=\"enequipo\" \/>\n<meta name=\"twitter:card\" content=\"summary_large_image\" \/>\n<meta name=\"twitter:creator\" content=\"@sonoraenequipo\" \/>\n<meta name=\"twitter:site\" content=\"@sonoraenequipo\" \/>\n<meta name=\"twitter:label1\" content=\"Escrito por\" \/>\n\t<meta name=\"twitter:data1\" content=\"enequipo\" \/>\n\t<meta name=\"twitter:label2\" content=\"Tiempo de lectura\" \/>\n\t<meta name=\"twitter:data2\" content=\"1 minuto\" \/>\n<script type=\"application\/ld+json\" class=\"yoast-schema-graph\">{\"@context\":\"https:\/\/schema.org\",\"@graph\":[{\"@type\":\"Article\",\"@id\":\"https:\/\/www.sonoraenequipo.com.mx\/encapuchados-abordan-a-sheinbaum-en-chiapas-le-piden-seguridad\/#article\",\"isPartOf\":{\"@id\":\"https:\/\/www.sonoraenequipo.com.mx\/encapuchados-abordan-a-sheinbaum-en-chiapas-le-piden-seguridad\/\"},\"author\":{\"name\":\"enequipo\",\"@id\":\"https:\/\/www.sonoraenequipo.com.mx\/#\/schema\/person\/50102df0fb23a8fa9e8effad8fa81386\"},\"headline\":\"Encapuchados abordan a Sheinbaum en Chiapas; le piden seguridad\",\"datePublished\":\"2024-04-22T06:32:17+00:00\",\"dateModified\":\"2024-04-22T19:05:22+00:00\",\"mainEntityOfPage\":{\"@id\":\"https:\/\/www.sonoraenequipo.com.mx\/encapuchados-abordan-a-sheinbaum-en-chiapas-le-piden-seguridad\/\"},\"wordCount\":247,\"commentCount\":0,\"publisher\":{\"@id\":\"https:\/\/www.sonoraenequipo.com.mx\/#organization\"},\"image\":{\"@id\":\"https:\/\/www.sonoraenequipo.com.mx\/encapuchados-abordan-a-sheinbaum-en-chiapas-le-piden-seguridad\/#primaryimage\"},\"thumbnailUrl\":\"https:\/\/www.sonoraenequipo.com.mx\/storage\/2024\/04\/claudia-sheinbaum-min.jpg\",\"articleSection\":[\"ELECCI\u00d3NES\"],\"inLanguage\":\"es\",\"potentialAction\":[{\"@type\":\"CommentAction\",\"name\":\"Comment\",\"target\":[\"https:\/\/www.sonoraenequipo.com.mx\/encapuchados-abordan-a-sheinbaum-en-chiapas-le-piden-seguridad\/#respond\"]}]},{\"@type\":\"WebPage\",\"@id\":\"https:\/\/www.sonoraenequipo.com.mx\/encapuchados-abordan-a-sheinbaum-en-chiapas-le-piden-seguridad\/\",\"url\":\"https:\/\/www.sonoraenequipo.com.mx\/encapuchados-abordan-a-sheinbaum-en-chiapas-le-piden-seguridad\/\",\"name\":\"Sonora en Equipo. Encapuchados abordan a Sheinbaum en Chiapas; le piden seguridad ELECCI\u00d3NES\",\"isPartOf\":{\"@id\":\"https:\/\/www.sonoraenequipo.com.mx\/#website\"},\"primaryImageOfPage\":{\"@id\":\"https:\/\/www.sonoraenequipo.com.mx\/encapuchados-abordan-a-sheinbaum-en-chiapas-le-piden-seguridad\/#primaryimage\"},\"image\":{\"@id\":\"https:\/\/www.sonoraenequipo.com.mx\/encapuchados-abordan-a-sheinbaum-en-chiapas-le-piden-seguridad\/#primaryimage\"},\"thumbnailUrl\":\"https:\/\/www.sonoraenequipo.com.mx\/storage\/2024\/04\/claudia-sheinbaum-min.jpg\",\"datePublished\":\"2024-04-22T06:32:17+00:00\",\"dateModified\":\"2024-04-22T19:05:22+00:00\",\"description\":\"CIUDAD DE M\u00c9XICO. MX. \u2014 La candidata a la presidencia de la Rep\u00fablica por Morena, Claudia Sheinbaum, fue interceptada por un grupo de encapuchados en su En Sonora en Equipo publicamos toda la informaci\u00f3n de Sonora, M\u00e9xico y el Mundo de manera oportuna y busca que la libertad de expresi\u00f3n sea real. Visita nuestro medio informativo publicado desde Hermosillo, Sonora. %\",\"breadcrumb\":{\"@id\":\"https:\/\/www.sonoraenequipo.com.mx\/encapuchados-abordan-a-sheinbaum-en-chiapas-le-piden-seguridad\/#breadcrumb\"},\"inLanguage\":\"es\",\"potentialAction\":[{\"@type\":\"ReadAction\",\"target\":[\"https:\/\/www.sonoraenequipo.com.mx\/encapuchados-abordan-a-sheinbaum-en-chiapas-le-piden-seguridad\/\"]}]},{\"@type\":\"ImageObject\",\"inLanguage\":\"es\",\"@id\":\"https:\/\/www.sonoraenequipo.com.mx\/encapuchados-abordan-a-sheinbaum-en-chiapas-le-piden-seguridad\/#primaryimage\",\"url\":\"https:\/\/www.sonoraenequipo.com.mx\/storage\/2024\/04\/claudia-sheinbaum-min.jpg\",\"contentUrl\":\"https:\/\/www.sonoraenequipo.com.mx\/storage\/2024\/04\/claudia-sheinbaum-min.jpg\",\"width\":900,\"height\":621},{\"@type\":\"BreadcrumbList\",\"@id\":\"https:\/\/www.sonoraenequipo.com.mx\/encapuchados-abordan-a-sheinbaum-en-chiapas-le-piden-seguridad\/#breadcrumb\",\"itemListElement\":[{\"@type\":\"ListItem\",\"position\":1,\"name\":\"Portada\",\"item\":\"https:\/\/www.sonoraenequipo.com.mx\/\"},{\"@type\":\"ListItem\",\"position\":2,\"name\":\"Encapuchados abordan a Sheinbaum en Chiapas; le piden seguridad\"}]},{\"@type\":\"WebSite\",\"@id\":\"https:\/\/www.sonoraenequipo.com.mx\/#website\",\"url\":\"https:\/\/www.sonoraenequipo.com.mx\/\",\"name\":\"Sonora en Equipo.\",\"description\":\"Diario en l\u00ednea con Noticias desde Hermosillo, Sonora\",\"publisher\":{\"@id\":\"https:\/\/www.sonoraenequipo.com.mx\/#organization\"},\"potentialAction\":[{\"@type\":\"SearchAction\",\"target\":{\"@type\":\"EntryPoint\",\"urlTemplate\":\"https:\/\/www.sonoraenequipo.com.mx\/?s={search_term_string}\"},\"query-input\":{\"@type\":\"PropertyValueSpecification\",\"valueRequired\":true,\"valueName\":\"search_term_string\"}}],\"inLanguage\":\"es\"},{\"@type\":\"Organization\",\"@id\":\"https:\/\/www.sonoraenequipo.com.mx\/#organization\",\"name\":\"Sonoraenequipo.com.mx\",\"url\":\"https:\/\/www.sonoraenequipo.com.mx\/\",\"logo\":{\"@type\":\"ImageObject\",\"inLanguage\":\"es\",\"@id\":\"https:\/\/www.sonoraenequipo.com.mx\/#\/schema\/logo\/image\/\",\"url\":\"https:\/\/www.sonoraenequipo.com.mx\/storage\/2019\/01\/sonoraenequipo_opt.png\",\"contentUrl\":\"https:\/\/www.sonoraenequipo.com.mx\/storage\/2019\/01\/sonoraenequipo_opt.png\",\"width\":375,\"height\":125,\"caption\":\"Sonoraenequipo.com.mx\"},\"image\":{\"@id\":\"https:\/\/www.sonoraenequipo.com.mx\/#\/schema\/logo\/image\/\"},\"sameAs\":[\"https:\/\/www.facebook.com\/SonoraEE\/\",\"https:\/\/x.com\/sonoraenequipo\",\"https:\/\/www.youtube.com\/channel\/UC338nW-lPEYmJQs4ZABQ1SQ\"]},{\"@type\":\"Person\",\"@id\":\"https:\/\/www.sonoraenequipo.com.mx\/#\/schema\/person\/50102df0fb23a8fa9e8effad8fa81386\",\"name\":\"enequipo\",\"image\":{\"@type\":\"ImageObject\",\"inLanguage\":\"es\",\"@id\":\"https:\/\/www.sonoraenequipo.com.mx\/#\/schema\/person\/image\/\",\"url\":\"https:\/\/secure.gravatar.com\/avatar\/049821681b589dabc0bc20695993ccebb09f5b5d4d790cd9251b97faac7c652b?s=96&d=blank&r=g\",\"contentUrl\":\"https:\/\/secure.gravatar.com\/avatar\/049821681b589dabc0bc20695993ccebb09f5b5d4d790cd9251b97faac7c652b?s=96&d=blank&r=g\",\"caption\":\"enequipo\"},\"sameAs\":[\"https:\/\/www.facebook.com\/SonoraEE\"]}]}<\/script>\n ","yoast_head_json":{"title":"Sonora en Equipo. Encapuchados abordan a Sheinbaum en Chiapas; le piden seguridad ELECCI\u00d3NES","description":"CIUDAD DE M\u00c9XICO. MX. \u2014 La candidata a la presidencia de la Rep\u00fablica por Morena, Claudia Sheinbaum, fue interceptada por un grupo de encapuchados en su En Sonora en Equipo publicamos toda la informaci\u00f3n de Sonora, M\u00e9xico y el Mundo de manera oportuna y busca que la libertad de expresi\u00f3n sea real. Visita nuestro medio informativo publicado desde Hermosillo, Sonora. %","robots":{"index":"index","follow":"follow","max-snippet":"max-snippet:-1","max-image-preview":"max-image-preview:large","max-video-preview":"max-video-preview:-1"},"canonical":"https:\/\/www.sonoraenequipo.com.mx\/encapuchados-abordan-a-sheinbaum-en-chiapas-le-piden-seguridad\/","og_locale":"es_ES","og_type":"article","og_title":"Sonora en Equipo. Encapuchados abordan a Sheinbaum en Chiapas; le piden seguridad ELECCI\u00d3NES","og_description":"CIUDAD DE M\u00c9XICO. MX. \u2014 La candidata a la presidencia de la Rep\u00fablica por Morena, Claudia Sheinbaum, fue interceptada por un grupo de encapuchados en su En Sonora en Equipo publicamos toda la informaci\u00f3n de Sonora, M\u00e9xico y el Mundo de manera oportuna y busca que la libertad de expresi\u00f3n sea real. Visita nuestro medio informativo publicado desde Hermosillo, Sonora. %","og_url":"https:\/\/www.sonoraenequipo.com.mx\/encapuchados-abordan-a-sheinbaum-en-chiapas-le-piden-seguridad\/","og_site_name":"Sonora en Equipo.","article_publisher":"https:\/\/www.facebook.com\/SonoraEE\/","article_author":"https:\/\/www.facebook.com\/SonoraEE","article_published_time":"2024-04-22T06:32:17+00:00","article_modified_time":"2024-04-22T19:05:22+00:00","og_image":[{"width":900,"height":621,"url":"https:\/\/www.sonoraenequipo.com.mx\/storage\/2024\/04\/claudia-sheinbaum-min.jpg","type":"image\/jpeg"}],"author":"enequipo","twitter_card":"summary_large_image","twitter_creator":"@sonoraenequipo","twitter_site":"@sonoraenequipo","twitter_misc":{"Escrito por":"enequipo","Tiempo de lectura":"1 minuto"},"schema":{"@context":"https:\/\/schema.org","@graph":[{"@type":"Article","@id":"https:\/\/www.sonoraenequipo.com.mx\/encapuchados-abordan-a-sheinbaum-en-chiapas-le-piden-seguridad\/#article","isPartOf":{"@id":"https:\/\/www.sonoraenequipo.com.mx\/encapuchados-abordan-a-sheinbaum-en-chiapas-le-piden-seguridad\/"},"author":{"name":"enequipo","@id":"https:\/\/www.sonoraenequipo.com.mx\/#\/schema\/person\/50102df0fb23a8fa9e8effad8fa81386"},"headline":"Encapuchados abordan a Sheinbaum en Chiapas; le piden seguridad","datePublished":"2024-04-22T06:32:17+00:00","dateModified":"2024-04-22T19:05:22+00:00","mainEntityOfPage":{"@id":"https:\/\/www.sonoraenequipo.com.mx\/encapuchados-abordan-a-sheinbaum-en-chiapas-le-piden-seguridad\/"},"wordCount":247,"commentCount":0,"publisher":{"@id":"https:\/\/www.sonoraenequipo.com.mx\/#organization"},"image":{"@id":"https:\/\/www.sonoraenequipo.com.mx\/encapuchados-abordan-a-sheinbaum-en-chiapas-le-piden-seguridad\/#primaryimage"},"thumbnailUrl":"https:\/\/www.sonoraenequipo.com.mx\/storage\/2024\/04\/claudia-sheinbaum-min.jpg","articleSection":["ELECCI\u00d3NES"],"inLanguage":"es","potentialAction":[{"@type":"CommentAction","name":"Comment","target":["https:\/\/www.sonoraenequipo.com.mx\/encapuchados-abordan-a-sheinbaum-en-chiapas-le-piden-seguridad\/#respond"]}]},{"@type":"WebPage","@id":"https:\/\/www.sonoraenequipo.com.mx\/encapuchados-abordan-a-sheinbaum-en-chiapas-le-piden-seguridad\/","url":"https:\/\/www.sonoraenequipo.com.mx\/encapuchados-abordan-a-sheinbaum-en-chiapas-le-piden-seguridad\/","name":"Sonora en Equipo. Encapuchados abordan a Sheinbaum en Chiapas; le piden seguridad ELECCI\u00d3NES","isPartOf":{"@id":"https:\/\/www.sonoraenequipo.com.mx\/#website"},"primaryImageOfPage":{"@id":"https:\/\/www.sonoraenequipo.com.mx\/encapuchados-abordan-a-sheinbaum-en-chiapas-le-piden-seguridad\/#primaryimage"},"image":{"@id":"https:\/\/www.sonoraenequipo.com.mx\/encapuchados-abordan-a-sheinbaum-en-chiapas-le-piden-seguridad\/#primaryimage"},"thumbnailUrl":"https:\/\/www.sonoraenequipo.com.mx\/storage\/2024\/04\/claudia-sheinbaum-min.jpg","datePublished":"2024-04-22T06:32:17+00:00","dateModified":"2024-04-22T19:05:22+00:00","description":"CIUDAD DE M\u00c9XICO. MX. \u2014 La candidata a la presidencia de la Rep\u00fablica por Morena, Claudia Sheinbaum, fue interceptada por un grupo de encapuchados en su En Sonora en Equipo publicamos toda la informaci\u00f3n de Sonora, M\u00e9xico y el Mundo de manera oportuna y busca que la libertad de expresi\u00f3n sea real. Visita nuestro medio informativo publicado desde Hermosillo, Sonora. %","breadcrumb":{"@id":"https:\/\/www.sonoraenequipo.com.mx\/encapuchados-abordan-a-sheinbaum-en-chiapas-le-piden-seguridad\/#breadcrumb"},"inLanguage":"es","potentialAction":[{"@type":"ReadAction","target":["https:\/\/www.sonoraenequipo.com.mx\/encapuchados-abordan-a-sheinbaum-en-chiapas-le-piden-seguridad\/"]}]},{"@type":"ImageObject","inLanguage":"es","@id":"https:\/\/www.sonoraenequipo.com.mx\/encapuchados-abordan-a-sheinbaum-en-chiapas-le-piden-seguridad\/#primaryimage","url":"https:\/\/www.sonoraenequipo.com.mx\/storage\/2024\/04\/claudia-sheinbaum-min.jpg","contentUrl":"https:\/\/www.sonoraenequipo.com.mx\/storage\/2024\/04\/claudia-sheinbaum-min.jpg","width":900,"height":621},{"@type":"BreadcrumbList","@id":"https:\/\/www.sonoraenequipo.com.mx\/encapuchados-abordan-a-sheinbaum-en-chiapas-le-piden-seguridad\/#breadcrumb","itemListElement":[{"@type":"ListItem","position":1,"name":"Portada","item":"https:\/\/www.sonoraenequipo.com.mx\/"},{"@type":"ListItem","position":2,"name":"Encapuchados abordan a Sheinbaum en Chiapas; le piden seguridad"}]},{"@type":"WebSite","@id":"https:\/\/www.sonoraenequipo.com.mx\/#website","url":"https:\/\/www.sonoraenequipo.com.mx\/","name":"Sonora en Equipo.","description":"Diario en l\u00ednea con Noticias desde Hermosillo, Sonora","publisher":{"@id":"https:\/\/www.sonoraenequipo.com.mx\/#organization"},"potentialAction":[{"@type":"SearchAction","target":{"@type":"EntryPoint","urlTemplate":"https:\/\/www.sonoraenequipo.com.mx\/?s={search_term_string}"},"query-input":{"@type":"PropertyValueSpecification","valueRequired":true,"valueName":"search_term_string"}}],"inLanguage":"es"},{"@type":"Organization","@id":"https:\/\/www.sonoraenequipo.com.mx\/#organization","name":"Sonoraenequipo.com.mx","url":"https:\/\/www.sonoraenequipo.com.mx\/","logo":{"@type":"ImageObject","inLanguage":"es","@id":"https:\/\/www.sonoraenequipo.com.mx\/#\/schema\/logo\/image\/","url":"https:\/\/www.sonoraenequipo.com.mx\/storage\/2019\/01\/sonoraenequipo_opt.png","contentUrl":"https:\/\/www.sonoraenequipo.com.mx\/storage\/2019\/01\/sonoraenequipo_opt.png","width":375,"height":125,"caption":"Sonoraenequipo.com.mx"},"image":{"@id":"https:\/\/www.sonoraenequipo.com.mx\/#\/schema\/logo\/image\/"},"sameAs":["https:\/\/www.facebook.com\/SonoraEE\/","https:\/\/x.com\/sonoraenequipo","https:\/\/www.youtube.com\/channel\/UC338nW-lPEYmJQs4ZABQ1SQ"]},{"@type":"Person","@id":"https:\/\/www.sonoraenequipo.com.mx\/#\/schema\/person\/50102df0fb23a8fa9e8effad8fa81386","name":"enequipo","image":{"@type":"ImageObject","inLanguage":"es","@id":"https:\/\/www.sonoraenequipo.com.mx\/#\/schema\/person\/image\/","url":"https:\/\/secure.gravatar.com\/avatar\/049821681b589dabc0bc20695993ccebb09f5b5d4d790cd9251b97faac7c652b?s=96&d=blank&r=g","contentUrl":"https:\/\/secure.gravatar.com\/avatar\/049821681b589dabc0bc20695993ccebb09f5b5d4d790cd9251b97faac7c652b?s=96&d=blank&r=g","caption":"enequipo"},"sameAs":["https:\/\/www.facebook.com\/SonoraEE"]}]}},"jetpack_featured_media_url":"https:\/\/www.sonoraenequipo.com.mx\/storage\/2024\/04\/claudia-sheinbaum-min.jpg","_links":{"self":[{"href":"https:\/\/www.sonoraenequipo.com.mx\/api\/wp\/v2\/posts\/188102","targetHints":{"allow":["GET"]}}],"collection":[{"href":"https:\/\/www.sonoraenequipo.com.mx\/api\/wp\/v2\/posts"}],"about":[{"href":"https:\/\/www.sonoraenequipo.com.mx\/api\/wp\/v2\/types\/post"}],"author":[{"embeddable":true,"href":"https:\/\/www.sonoraenequipo.com.mx\/api\/wp\/v2\/users\/1"}],"replies":[{"embeddable":true,"href":"https:\/\/www.sonoraenequipo.com.mx\/api\/wp\/v2\/comments?post=188102"}],"version-history":[{"count":1,"href":"https:\/\/www.sonoraenequipo.com.mx\/api\/wp\/v2\/posts\/188102\/revisions"}],"predecessor-version":[{"id":188108,"href":"https:\/\/www.sonoraenequipo.com.mx\/api\/wp\/v2\/posts\/188102\/revisions\/188108"}],"wp:featuredmedia":[{"embeddable":true,"href":"https:\/\/www.sonoraenequipo.com.mx\/api\/wp\/v2\/media\/188093"}],"wp:attachment":[{"href":"https:\/\/www.sonoraenequipo.com.mx\/api\/wp\/v2\/media?parent=188102"}],"wp:term":[{"taxonomy":"category","embeddable":true,"href":"https:\/\/www.sonoraenequipo.com.mx\/api\/wp\/v2\/categories?post=188102"},{"taxonomy":"post_tag","embeddable":true,"href":"https:\/\/www.sonoraenequipo.com.mx\/api\/wp\/v2\/tags?post=188102"}],"curies":[{"name":"wp","href":"https:\/\/api.w.org\/{rel}","templated":true}]}}