{"id":188105,"date":"2024-04-22T12:04:55","date_gmt":"2024-04-22T19:04:55","guid":{"rendered":"https:\/\/www.sonoraenequipo.com.mx\/?p=188105"},"modified":"2024-04-22T12:04:55","modified_gmt":"2024-04-22T19:04:55","slug":"fiscalia-da-pistas-sobre-el-caso-de-los-ocho-cuerpos-localizados-en-carretera-chihuahua-juarez","status":"publish","type":"post","link":"https:\/\/www.sonoraenequipo.com.mx\/fiscalia-da-pistas-sobre-el-caso-de-los-ocho-cuerpos-localizados-en-carretera-chihuahua-juarez\/","title":{"rendered":"Fiscal\u00eda da pistas sobre el caso de los ocho cuerpos localizados en carretera Chihuahua Ju\u00e1rez"},"content":{"rendered":"<p><strong>CHIHUAHUA, CHIHUHUA,MX.&#8211;<\/strong> El fiscal general del estado, C\u00e9sar J\u00e1uregui, inform\u00f3 que ya se ha avanzado en la identificaci\u00f3n de algunas de las personas que fueron ejecutadas y dejadas en el kil\u00f3metro 37 de la carretera a Ju\u00e1rez. Sin dar m\u00e1s detalles, hasta que se informe a sus familias, J\u00e1uregui abund\u00f3 en que hubo coincidencias en el registro federal de detenciones y una de las l\u00edneas de investigaci\u00f3n que se sigue es por el reporte de secuestro de dos personas originarias del estado de Sinaloa cuya camioneta fue la que encontraron incinerada.<\/p>\n<p>&nbsp;<\/p>\n<p>\u201cYa tenemos individualizadas algunas de las personas que fallecieron en el evento. No voy a dar a conocer nombres hasta en tanto no tenga conocimiento la familia. Algunos dieron en el sistema de identidad con algunas detenciones en otros estados de la rep\u00fablica, dos de ellos. Todos no presentan ninguna huella de haber sido heridos de bala. Est\u00e1n poli contundidos, asfixia y heridas con elementos punzocortantes. No fueron realizados ah\u00ed los homicidios, fueron y los dejaron ah\u00ed\u201d, expres\u00f3.<\/p>\n<p>&nbsp;<\/p>\n<p>Dijo que hay dos l\u00edneas de investigaci\u00f3n en espec\u00edfico. La primera de ellas tendr\u00eda que ver con un secuestro de dos personas de Sinaloa el pasado jueves y que tiene coincidencia con el veh\u00edculo que fue encontrado en el lugar de los hechos que estas personas habr\u00edan rentado para \u201crealizar alg\u00fan tipo de actividad\u201d.<\/p>\n<p>Todo parece indicar que estamos ante la disputa del tr\u00e1fico de personas.<\/p>\n<p>&nbsp;<\/p>\n<p>L\u00ednea de investigaci\u00f3n con secuestro de dos personas del estado de Sinaloa. Coincide el veh\u00edculo que fue encontrado en el lugar de los hechos. Vamos a ver si se robustece con la identificaci\u00f3n de quienes perdieron la vida en el evento, como de algunos otros datos que est\u00e1n surgiendo de la propia investigaci\u00f3n.<\/p>\n<p>&nbsp;<\/p>\n<p>Destac\u00f3 que ya se tiene claridad del grupo organizado que estar\u00eda detr\u00e1s de los hechos, sin embargo, no quiso adelantarse hasta que, expres\u00f3, puedan robustecer la hip\u00f3tesis.<\/p>\n<p>&nbsp;<\/p>\n<p>El fiscal desestim\u00f3 el mensaje que se dej\u00f3 en una cartulina junto a los cuerpos al considerar que el crimen organizado no busca clarificar los incidentes, sino todo lo contrario.<\/p>\n<p><strong>Fecha de publicaci\u00f3n lunes 22 de abril de 2024 \/ Tomado de El Diario de Chihuahua<\/strong><\/p>\n","protected":false},"excerpt":{"rendered":"<p>CHIHUAHUA, CHIHUHUA,MX.&#8211; El fiscal general del estado, C\u00e9sar J\u00e1uregui, inform\u00f3 que ya se ha avanzado&#8230;<\/p>\n","protected":false},"author":1,"featured_media":188106,"comment_status":"open","ping_status":"open","sticky":false,"template":"","format":"standard","meta":{"_monsterinsights_skip_tracking":false,"_monsterinsights_sitenote_active":false,"_monsterinsights_sitenote_note":"","_monsterinsights_sitenote_category":0,"footnotes":""},"categories":[3144],"tags":[299,53],"class_list":["post"],"yoast_head":" \n<title>Sonora en Equipo. Fiscal\u00eda da pistas sobre el caso de los ocho cuerpos localizados en carretera Chihuahua Ju\u00e1rez Polic\u00edaca<\/title>\n<meta name=\"description\" content=\"CHIHUAHUA, CHIHUHUA,MX.-- El fiscal general del estado, C\u00e9sar J\u00e1uregui, inform\u00f3 que ya se ha avanzado en la identificaci\u00f3n de algunas de las personas que En Sonora en Equipo publicamos toda la informaci\u00f3n de Sonora, M\u00e9xico y el Mundo de manera oportuna y busca que la libertad de expresi\u00f3n sea real. Visita nuestro medio informativo publicado desde Hermosillo, Sonora. %\" \/>\n<meta name=\"robots\" content=\"index, follow, max-snippet:-1, max-image-preview:large, max-video-preview:-1\" \/>\n<link rel=\"canonical\" href=\"https:\/\/www.sonoraenequipo.com.mx\/fiscalia-da-pistas-sobre-el-caso-de-los-ocho-cuerpos-localizados-en-carretera-chihuahua-juarez\/\" \/>\n<meta property=\"og:locale\" content=\"es_ES\" \/>\n<meta property=\"og:type\" content=\"article\" \/>\n<meta property=\"og:title\" content=\"Sonora en Equipo. Fiscal\u00eda da pistas sobre el caso de los ocho cuerpos localizados en carretera Chihuahua Ju\u00e1rez Polic\u00edaca\" \/>\n<meta property=\"og:description\" content=\"CHIHUAHUA, CHIHUHUA,MX.-- El fiscal general del estado, C\u00e9sar J\u00e1uregui, inform\u00f3 que ya se ha avanzado en la identificaci\u00f3n de algunas de las personas que En Sonora en Equipo publicamos toda la informaci\u00f3n de Sonora, M\u00e9xico y el Mundo de manera oportuna y busca que la libertad de expresi\u00f3n sea real. Visita nuestro medio informativo publicado desde Hermosillo, Sonora. %\" \/>\n<meta property=\"og:url\" content=\"https:\/\/www.sonoraenequipo.com.mx\/fiscalia-da-pistas-sobre-el-caso-de-los-ocho-cuerpos-localizados-en-carretera-chihuahua-juarez\/\" \/>\n<meta property=\"og:site_name\" content=\"Sonora en Equipo.\" \/>\n<meta property=\"article:publisher\" content=\"https:\/\/www.facebook.com\/SonoraEE\/\" \/>\n<meta property=\"article:author\" content=\"https:\/\/www.facebook.com\/SonoraEE\" \/>\n<meta property=\"article:published_time\" content=\"2024-04-22T19:04:55+00:00\" \/>\n<meta property=\"og:image\" content=\"https:\/\/www.sonoraenequipo.com.mx\/storage\/2024\/04\/cuerpos.jpg\" \/>\n\t<meta property=\"og:image:width\" content=\"900\" \/>\n\t<meta property=\"og:image:height\" content=\"567\" \/>\n\t<meta property=\"og:image:type\" content=\"image\/jpeg\" \/>\n<meta name=\"author\" content=\"enequipo\" \/>\n<meta name=\"twitter:card\" content=\"summary_large_image\" \/>\n<meta name=\"twitter:creator\" content=\"@sonoraenequipo\" \/>\n<meta name=\"twitter:site\" content=\"@sonoraenequipo\" \/>\n<meta name=\"twitter:label1\" content=\"Escrito por\" \/>\n\t<meta name=\"twitter:data1\" content=\"enequipo\" \/>\n\t<meta name=\"twitter:label2\" content=\"Tiempo de lectura\" \/>\n\t<meta name=\"twitter:data2\" content=\"2 minutos\" \/>\n<script type=\"application\/ld+json\" class=\"yoast-schema-graph\">{\"@context\":\"https:\/\/schema.org\",\"@graph\":[{\"@type\":\"Article\",\"@id\":\"https:\/\/www.sonoraenequipo.com.mx\/fiscalia-da-pistas-sobre-el-caso-de-los-ocho-cuerpos-localizados-en-carretera-chihuahua-juarez\/#article\",\"isPartOf\":{\"@id\":\"https:\/\/www.sonoraenequipo.com.mx\/fiscalia-da-pistas-sobre-el-caso-de-los-ocho-cuerpos-localizados-en-carretera-chihuahua-juarez\/\"},\"author\":{\"name\":\"enequipo\",\"@id\":\"https:\/\/www.sonoraenequipo.com.mx\/#\/schema\/person\/50102df0fb23a8fa9e8effad8fa81386\"},\"headline\":\"Fiscal\u00eda da pistas sobre el caso de los ocho cuerpos localizados en carretera Chihuahua Ju\u00e1rez\",\"datePublished\":\"2024-04-22T19:04:55+00:00\",\"mainEntityOfPage\":{\"@id\":\"https:\/\/www.sonoraenequipo.com.mx\/fiscalia-da-pistas-sobre-el-caso-de-los-ocho-cuerpos-localizados-en-carretera-chihuahua-juarez\/\"},\"wordCount\":410,\"commentCount\":0,\"publisher\":{\"@id\":\"https:\/\/www.sonoraenequipo.com.mx\/#organization\"},\"image\":{\"@id\":\"https:\/\/www.sonoraenequipo.com.mx\/fiscalia-da-pistas-sobre-el-caso-de-los-ocho-cuerpos-localizados-en-carretera-chihuahua-juarez\/#primaryimage\"},\"thumbnailUrl\":\"https:\/\/www.sonoraenequipo.com.mx\/storage\/2024\/04\/cuerpos.jpg\",\"keywords\":[\"inseguridad\",\"mexico\"],\"articleSection\":[\"Polic\u00edaca\"],\"inLanguage\":\"es\",\"potentialAction\":[{\"@type\":\"CommentAction\",\"name\":\"Comment\",\"target\":[\"https:\/\/www.sonoraenequipo.com.mx\/fiscalia-da-pistas-sobre-el-caso-de-los-ocho-cuerpos-localizados-en-carretera-chihuahua-juarez\/#respond\"]}]},{\"@type\":\"WebPage\",\"@id\":\"https:\/\/www.sonoraenequipo.com.mx\/fiscalia-da-pistas-sobre-el-caso-de-los-ocho-cuerpos-localizados-en-carretera-chihuahua-juarez\/\",\"url\":\"https:\/\/www.sonoraenequipo.com.mx\/fiscalia-da-pistas-sobre-el-caso-de-los-ocho-cuerpos-localizados-en-carretera-chihuahua-juarez\/\",\"name\":\"Sonora en Equipo. Fiscal\u00eda da pistas sobre el caso de los ocho cuerpos localizados en carretera Chihuahua Ju\u00e1rez Polic\u00edaca\",\"isPartOf\":{\"@id\":\"https:\/\/www.sonoraenequipo.com.mx\/#website\"},\"primaryImageOfPage\":{\"@id\":\"https:\/\/www.sonoraenequipo.com.mx\/fiscalia-da-pistas-sobre-el-caso-de-los-ocho-cuerpos-localizados-en-carretera-chihuahua-juarez\/#primaryimage\"},\"image\":{\"@id\":\"https:\/\/www.sonoraenequipo.com.mx\/fiscalia-da-pistas-sobre-el-caso-de-los-ocho-cuerpos-localizados-en-carretera-chihuahua-juarez\/#primaryimage\"},\"thumbnailUrl\":\"https:\/\/www.sonoraenequipo.com.mx\/storage\/2024\/04\/cuerpos.jpg\",\"datePublished\":\"2024-04-22T19:04:55+00:00\",\"description\":\"CHIHUAHUA, CHIHUHUA,MX.-- El fiscal general del estado, C\u00e9sar J\u00e1uregui, inform\u00f3 que ya se ha avanzado en la identificaci\u00f3n de algunas de las personas que En Sonora en Equipo publicamos toda la informaci\u00f3n de Sonora, M\u00e9xico y el Mundo de manera oportuna y busca que la libertad de expresi\u00f3n sea real. Visita nuestro medio informativo publicado desde Hermosillo, Sonora. %\",\"breadcrumb\":{\"@id\":\"https:\/\/www.sonoraenequipo.com.mx\/fiscalia-da-pistas-sobre-el-caso-de-los-ocho-cuerpos-localizados-en-carretera-chihuahua-juarez\/#breadcrumb\"},\"inLanguage\":\"es\",\"potentialAction\":[{\"@type\":\"ReadAction\",\"target\":[\"https:\/\/www.sonoraenequipo.com.mx\/fiscalia-da-pistas-sobre-el-caso-de-los-ocho-cuerpos-localizados-en-carretera-chihuahua-juarez\/\"]}]},{\"@type\":\"ImageObject\",\"inLanguage\":\"es\",\"@id\":\"https:\/\/www.sonoraenequipo.com.mx\/fiscalia-da-pistas-sobre-el-caso-de-los-ocho-cuerpos-localizados-en-carretera-chihuahua-juarez\/#primaryimage\",\"url\":\"https:\/\/www.sonoraenequipo.com.mx\/storage\/2024\/04\/cuerpos.jpg\",\"contentUrl\":\"https:\/\/www.sonoraenequipo.com.mx\/storage\/2024\/04\/cuerpos.jpg\",\"width\":900,\"height\":567,\"caption\":\"Imagen Diario del Yaqui\"},{\"@type\":\"BreadcrumbList\",\"@id\":\"https:\/\/www.sonoraenequipo.com.mx\/fiscalia-da-pistas-sobre-el-caso-de-los-ocho-cuerpos-localizados-en-carretera-chihuahua-juarez\/#breadcrumb\",\"itemListElement\":[{\"@type\":\"ListItem\",\"position\":1,\"name\":\"Portada\",\"item\":\"https:\/\/www.sonoraenequipo.com.mx\/\"},{\"@type\":\"ListItem\",\"position\":2,\"name\":\"Fiscal\u00eda da pistas sobre el caso de los ocho cuerpos localizados en carretera Chihuahua Ju\u00e1rez\"}]},{\"@type\":\"WebSite\",\"@id\":\"https:\/\/www.sonoraenequipo.com.mx\/#website\",\"url\":\"https:\/\/www.sonoraenequipo.com.mx\/\",\"name\":\"Sonora en Equipo.\",\"description\":\"Diario en l\u00ednea con Noticias desde Hermosillo, Sonora\",\"publisher\":{\"@id\":\"https:\/\/www.sonoraenequipo.com.mx\/#organization\"},\"potentialAction\":[{\"@type\":\"SearchAction\",\"target\":{\"@type\":\"EntryPoint\",\"urlTemplate\":\"https:\/\/www.sonoraenequipo.com.mx\/?s={search_term_string}\"},\"query-input\":{\"@type\":\"PropertyValueSpecification\",\"valueRequired\":true,\"valueName\":\"search_term_string\"}}],\"inLanguage\":\"es\"},{\"@type\":\"Organization\",\"@id\":\"https:\/\/www.sonoraenequipo.com.mx\/#organization\",\"name\":\"Sonoraenequipo.com.mx\",\"url\":\"https:\/\/www.sonoraenequipo.com.mx\/\",\"logo\":{\"@type\":\"ImageObject\",\"inLanguage\":\"es\",\"@id\":\"https:\/\/www.sonoraenequipo.com.mx\/#\/schema\/logo\/image\/\",\"url\":\"https:\/\/www.sonoraenequipo.com.mx\/storage\/2019\/01\/sonoraenequipo_opt.png\",\"contentUrl\":\"https:\/\/www.sonoraenequipo.com.mx\/storage\/2019\/01\/sonoraenequipo_opt.png\",\"width\":375,\"height\":125,\"caption\":\"Sonoraenequipo.com.mx\"},\"image\":{\"@id\":\"https:\/\/www.sonoraenequipo.com.mx\/#\/schema\/logo\/image\/\"},\"sameAs\":[\"https:\/\/www.facebook.com\/SonoraEE\/\",\"https:\/\/x.com\/sonoraenequipo\",\"https:\/\/www.youtube.com\/channel\/UC338nW-lPEYmJQs4ZABQ1SQ\"]},{\"@type\":\"Person\",\"@id\":\"https:\/\/www.sonoraenequipo.com.mx\/#\/schema\/person\/50102df0fb23a8fa9e8effad8fa81386\",\"name\":\"enequipo\",\"image\":{\"@type\":\"ImageObject\",\"inLanguage\":\"es\",\"@id\":\"https:\/\/www.sonoraenequipo.com.mx\/#\/schema\/person\/image\/\",\"url\":\"https:\/\/secure.gravatar.com\/avatar\/049821681b589dabc0bc20695993ccebb09f5b5d4d790cd9251b97faac7c652b?s=96&d=blank&r=g\",\"contentUrl\":\"https:\/\/secure.gravatar.com\/avatar\/049821681b589dabc0bc20695993ccebb09f5b5d4d790cd9251b97faac7c652b?s=96&d=blank&r=g\",\"caption\":\"enequipo\"},\"sameAs\":[\"https:\/\/www.facebook.com\/SonoraEE\"]}]}<\/script>\n ","yoast_head_json":{"title":"Sonora en Equipo. Fiscal\u00eda da pistas sobre el caso de los ocho cuerpos localizados en carretera Chihuahua Ju\u00e1rez Polic\u00edaca","description":"CHIHUAHUA, CHIHUHUA,MX.-- El fiscal general del estado, C\u00e9sar J\u00e1uregui, inform\u00f3 que ya se ha avanzado en la identificaci\u00f3n de algunas de las personas que En Sonora en Equipo publicamos toda la informaci\u00f3n de Sonora, M\u00e9xico y el Mundo de manera oportuna y busca que la libertad de expresi\u00f3n sea real. Visita nuestro medio informativo publicado desde Hermosillo, Sonora. %","robots":{"index":"index","follow":"follow","max-snippet":"max-snippet:-1","max-image-preview":"max-image-preview:large","max-video-preview":"max-video-preview:-1"},"canonical":"https:\/\/www.sonoraenequipo.com.mx\/fiscalia-da-pistas-sobre-el-caso-de-los-ocho-cuerpos-localizados-en-carretera-chihuahua-juarez\/","og_locale":"es_ES","og_type":"article","og_title":"Sonora en Equipo. Fiscal\u00eda da pistas sobre el caso de los ocho cuerpos localizados en carretera Chihuahua Ju\u00e1rez Polic\u00edaca","og_description":"CHIHUAHUA, CHIHUHUA,MX.-- El fiscal general del estado, C\u00e9sar J\u00e1uregui, inform\u00f3 que ya se ha avanzado en la identificaci\u00f3n de algunas de las personas que En Sonora en Equipo publicamos toda la informaci\u00f3n de Sonora, M\u00e9xico y el Mundo de manera oportuna y busca que la libertad de expresi\u00f3n sea real. Visita nuestro medio informativo publicado desde Hermosillo, Sonora. %","og_url":"https:\/\/www.sonoraenequipo.com.mx\/fiscalia-da-pistas-sobre-el-caso-de-los-ocho-cuerpos-localizados-en-carretera-chihuahua-juarez\/","og_site_name":"Sonora en Equipo.","article_publisher":"https:\/\/www.facebook.com\/SonoraEE\/","article_author":"https:\/\/www.facebook.com\/SonoraEE","article_published_time":"2024-04-22T19:04:55+00:00","og_image":[{"width":900,"height":567,"url":"https:\/\/www.sonoraenequipo.com.mx\/storage\/2024\/04\/cuerpos.jpg","type":"image\/jpeg"}],"author":"enequipo","twitter_card":"summary_large_image","twitter_creator":"@sonoraenequipo","twitter_site":"@sonoraenequipo","twitter_misc":{"Escrito por":"enequipo","Tiempo de lectura":"2 minutos"},"schema":{"@context":"https:\/\/schema.org","@graph":[{"@type":"Article","@id":"https:\/\/www.sonoraenequipo.com.mx\/fiscalia-da-pistas-sobre-el-caso-de-los-ocho-cuerpos-localizados-en-carretera-chihuahua-juarez\/#article","isPartOf":{"@id":"https:\/\/www.sonoraenequipo.com.mx\/fiscalia-da-pistas-sobre-el-caso-de-los-ocho-cuerpos-localizados-en-carretera-chihuahua-juarez\/"},"author":{"name":"enequipo","@id":"https:\/\/www.sonoraenequipo.com.mx\/#\/schema\/person\/50102df0fb23a8fa9e8effad8fa81386"},"headline":"Fiscal\u00eda da pistas sobre el caso de los ocho cuerpos localizados en carretera Chihuahua Ju\u00e1rez","datePublished":"2024-04-22T19:04:55+00:00","mainEntityOfPage":{"@id":"https:\/\/www.sonoraenequipo.com.mx\/fiscalia-da-pistas-sobre-el-caso-de-los-ocho-cuerpos-localizados-en-carretera-chihuahua-juarez\/"},"wordCount":410,"commentCount":0,"publisher":{"@id":"https:\/\/www.sonoraenequipo.com.mx\/#organization"},"image":{"@id":"https:\/\/www.sonoraenequipo.com.mx\/fiscalia-da-pistas-sobre-el-caso-de-los-ocho-cuerpos-localizados-en-carretera-chihuahua-juarez\/#primaryimage"},"thumbnailUrl":"https:\/\/www.sonoraenequipo.com.mx\/storage\/2024\/04\/cuerpos.jpg","keywords":["inseguridad","mexico"],"articleSection":["Polic\u00edaca"],"inLanguage":"es","potentialAction":[{"@type":"CommentAction","name":"Comment","target":["https:\/\/www.sonoraenequipo.com.mx\/fiscalia-da-pistas-sobre-el-caso-de-los-ocho-cuerpos-localizados-en-carretera-chihuahua-juarez\/#respond"]}]},{"@type":"WebPage","@id":"https:\/\/www.sonoraenequipo.com.mx\/fiscalia-da-pistas-sobre-el-caso-de-los-ocho-cuerpos-localizados-en-carretera-chihuahua-juarez\/","url":"https:\/\/www.sonoraenequipo.com.mx\/fiscalia-da-pistas-sobre-el-caso-de-los-ocho-cuerpos-localizados-en-carretera-chihuahua-juarez\/","name":"Sonora en Equipo. Fiscal\u00eda da pistas sobre el caso de los ocho cuerpos localizados en carretera Chihuahua Ju\u00e1rez Polic\u00edaca","isPartOf":{"@id":"https:\/\/www.sonoraenequipo.com.mx\/#website"},"primaryImageOfPage":{"@id":"https:\/\/www.sonoraenequipo.com.mx\/fiscalia-da-pistas-sobre-el-caso-de-los-ocho-cuerpos-localizados-en-carretera-chihuahua-juarez\/#primaryimage"},"image":{"@id":"https:\/\/www.sonoraenequipo.com.mx\/fiscalia-da-pistas-sobre-el-caso-de-los-ocho-cuerpos-localizados-en-carretera-chihuahua-juarez\/#primaryimage"},"thumbnailUrl":"https:\/\/www.sonoraenequipo.com.mx\/storage\/2024\/04\/cuerpos.jpg","datePublished":"2024-04-22T19:04:55+00:00","description":"CHIHUAHUA, CHIHUHUA,MX.-- El fiscal general del estado, C\u00e9sar J\u00e1uregui, inform\u00f3 que ya se ha avanzado en la identificaci\u00f3n de algunas de las personas que En Sonora en Equipo publicamos toda la informaci\u00f3n de Sonora, M\u00e9xico y el Mundo de manera oportuna y busca que la libertad de expresi\u00f3n sea real. Visita nuestro medio informativo publicado desde Hermosillo, Sonora. %","breadcrumb":{"@id":"https:\/\/www.sonoraenequipo.com.mx\/fiscalia-da-pistas-sobre-el-caso-de-los-ocho-cuerpos-localizados-en-carretera-chihuahua-juarez\/#breadcrumb"},"inLanguage":"es","potentialAction":[{"@type":"ReadAction","target":["https:\/\/www.sonoraenequipo.com.mx\/fiscalia-da-pistas-sobre-el-caso-de-los-ocho-cuerpos-localizados-en-carretera-chihuahua-juarez\/"]}]},{"@type":"ImageObject","inLanguage":"es","@id":"https:\/\/www.sonoraenequipo.com.mx\/fiscalia-da-pistas-sobre-el-caso-de-los-ocho-cuerpos-localizados-en-carretera-chihuahua-juarez\/#primaryimage","url":"https:\/\/www.sonoraenequipo.com.mx\/storage\/2024\/04\/cuerpos.jpg","contentUrl":"https:\/\/www.sonoraenequipo.com.mx\/storage\/2024\/04\/cuerpos.jpg","width":900,"height":567,"caption":"Imagen Diario del Yaqui"},{"@type":"BreadcrumbList","@id":"https:\/\/www.sonoraenequipo.com.mx\/fiscalia-da-pistas-sobre-el-caso-de-los-ocho-cuerpos-localizados-en-carretera-chihuahua-juarez\/#breadcrumb","itemListElement":[{"@type":"ListItem","position":1,"name":"Portada","item":"https:\/\/www.sonoraenequipo.com.mx\/"},{"@type":"ListItem","position":2,"name":"Fiscal\u00eda da pistas sobre el caso de los ocho cuerpos localizados en carretera Chihuahua Ju\u00e1rez"}]},{"@type":"WebSite","@id":"https:\/\/www.sonoraenequipo.com.mx\/#website","url":"https:\/\/www.sonoraenequipo.com.mx\/","name":"Sonora en Equipo.","description":"Diario en l\u00ednea con Noticias desde Hermosillo, Sonora","publisher":{"@id":"https:\/\/www.sonoraenequipo.com.mx\/#organization"},"potentialAction":[{"@type":"SearchAction","target":{"@type":"EntryPoint","urlTemplate":"https:\/\/www.sonoraenequipo.com.mx\/?s={search_term_string}"},"query-input":{"@type":"PropertyValueSpecification","valueRequired":true,"valueName":"search_term_string"}}],"inLanguage":"es"},{"@type":"Organization","@id":"https:\/\/www.sonoraenequipo.com.mx\/#organization","name":"Sonoraenequipo.com.mx","url":"https:\/\/www.sonoraenequipo.com.mx\/","logo":{"@type":"ImageObject","inLanguage":"es","@id":"https:\/\/www.sonoraenequipo.com.mx\/#\/schema\/logo\/image\/","url":"https:\/\/www.sonoraenequipo.com.mx\/storage\/2019\/01\/sonoraenequipo_opt.png","contentUrl":"https:\/\/www.sonoraenequipo.com.mx\/storage\/2019\/01\/sonoraenequipo_opt.png","width":375,"height":125,"caption":"Sonoraenequipo.com.mx"},"image":{"@id":"https:\/\/www.sonoraenequipo.com.mx\/#\/schema\/logo\/image\/"},"sameAs":["https:\/\/www.facebook.com\/SonoraEE\/","https:\/\/x.com\/sonoraenequipo","https:\/\/www.youtube.com\/channel\/UC338nW-lPEYmJQs4ZABQ1SQ"]},{"@type":"Person","@id":"https:\/\/www.sonoraenequipo.com.mx\/#\/schema\/person\/50102df0fb23a8fa9e8effad8fa81386","name":"enequipo","image":{"@type":"ImageObject","inLanguage":"es","@id":"https:\/\/www.sonoraenequipo.com.mx\/#\/schema\/person\/image\/","url":"https:\/\/secure.gravatar.com\/avatar\/049821681b589dabc0bc20695993ccebb09f5b5d4d790cd9251b97faac7c652b?s=96&d=blank&r=g","contentUrl":"https:\/\/secure.gravatar.com\/avatar\/049821681b589dabc0bc20695993ccebb09f5b5d4d790cd9251b97faac7c652b?s=96&d=blank&r=g","caption":"enequipo"},"sameAs":["https:\/\/www.facebook.com\/SonoraEE"]}]}},"jetpack_featured_media_url":"https:\/\/www.sonoraenequipo.com.mx\/storage\/2024\/04\/cuerpos.jpg","_links":{"self":[{"href":"https:\/\/www.sonoraenequipo.com.mx\/api\/wp\/v2\/posts\/188105","targetHints":{"allow":["GET"]}}],"collection":[{"href":"https:\/\/www.sonoraenequipo.com.mx\/api\/wp\/v2\/posts"}],"about":[{"href":"https:\/\/www.sonoraenequipo.com.mx\/api\/wp\/v2\/types\/post"}],"author":[{"embeddable":true,"href":"https:\/\/www.sonoraenequipo.com.mx\/api\/wp\/v2\/users\/1"}],"replies":[{"embeddable":true,"href":"https:\/\/www.sonoraenequipo.com.mx\/api\/wp\/v2\/comments?post=188105"}],"version-history":[{"count":1,"href":"https:\/\/www.sonoraenequipo.com.mx\/api\/wp\/v2\/posts\/188105\/revisions"}],"predecessor-version":[{"id":188107,"href":"https:\/\/www.sonoraenequipo.com.mx\/api\/wp\/v2\/posts\/188105\/revisions\/188107"}],"wp:featuredmedia":[{"embeddable":true,"href":"https:\/\/www.sonoraenequipo.com.mx\/api\/wp\/v2\/media\/188106"}],"wp:attachment":[{"href":"https:\/\/www.sonoraenequipo.com.mx\/api\/wp\/v2\/media?parent=188105"}],"wp:term":[{"taxonomy":"category","embeddable":true,"href":"https:\/\/www.sonoraenequipo.com.mx\/api\/wp\/v2\/categories?post=188105"},{"taxonomy":"post_tag","embeddable":true,"href":"https:\/\/www.sonoraenequipo.com.mx\/api\/wp\/v2\/tags?post=188105"}],"curies":[{"name":"wp","href":"https:\/\/api.w.org\/{rel}","templated":true}]}}