{"id":188118,"date":"2024-04-22T07:23:28","date_gmt":"2024-04-22T14:23:28","guid":{"rendered":"https:\/\/www.sonoraenequipo.com.mx\/?p=188118"},"modified":"2024-04-22T12:47:25","modified_gmt":"2024-04-22T19:47:25","slug":"detienen-a-abraham-oseguera-hermano-de-el-mencho-en-jalisco","status":"publish","type":"post","link":"https:\/\/www.sonoraenequipo.com.mx\/detienen-a-abraham-oseguera-hermano-de-el-mencho-en-jalisco\/","title":{"rendered":"Detienen a Abraham Oseguera, hermano de \u00abEl Mencho\u00bb, en Jalisco"},"content":{"rendered":"<p><strong>GUADALAJARA, JALISCO.MX. \u2014<\/strong> Este domingo fue detenido Abraham Oseguera, hermano de Nemesio Oseguera, alias &#8216;El Mencho&#8217; en Jalisco.<\/p>\n<p>&nbsp;<\/p>\n<p> <\/p>\n<p>Seg\u00fan informaci\u00f3n del Registro Nacional de detenciones (RND), Abraham, alias \u00abDon Rodo\u00bb, fue aprehendido la madrugada de este domingo 21 de abril en la localidad Autl\u00e1n de Navarro, Jalisco, por elementos de la Guardia Nacional.<\/p>\n<p>&nbsp;<\/p>\n<p>&nbsp;<\/p>\n<p>Posteriormente, fue trasladado a la Ciudad de M\u00e9xico y ser\u00e1 presentado durante las pr\u00f3ximas horas ante la Fiscal\u00eda Especializada en Materia de Delincuencia Organizada (FEMDO), donde lo pondr\u00e1n a disposici\u00f3n del Ministerio P\u00fablico, quien decidir\u00e1 su situaci\u00f3n legal.<\/p>\n<p>&nbsp;<\/p>\n<p>PUBLICADO EL 22 DE ABRIL DE 2024\/<\/p>\n","protected":false},"excerpt":{"rendered":"<p>GUADALAJARA, JALISCO.MX. \u2014 Este domingo fue detenido Abraham Oseguera, hermano de Nemesio Oseguera, alias &#8216;El&#8230;<\/p>\n","protected":false},"author":1,"featured_media":188095,"comment_status":"open","ping_status":"open","sticky":false,"template":"","format":"standard","meta":{"_monsterinsights_skip_tracking":false,"_monsterinsights_sitenote_active":false,"_monsterinsights_sitenote_note":"","_monsterinsights_sitenote_category":0,"footnotes":""},"categories":[3144],"tags":[],"class_list":["post"],"yoast_head":" \n<title>Sonora en Equipo. Detienen a Abraham Oseguera, hermano de &quot;El Mencho&quot;, en Jalisco Polic\u00edaca<\/title>\n<meta name=\"description\" content=\"GUADALAJARA, JALISCO.MX. \u2014 Este domingo fue detenido Abraham Oseguera, hermano de Nemesio Oseguera, alias &#039;El Mencho&#039; en Jalisco. &nbsp; Seg\u00fan informaci\u00f3n En Sonora en Equipo publicamos toda la informaci\u00f3n de Sonora, M\u00e9xico y el Mundo de manera oportuna y busca que la libertad de expresi\u00f3n sea real. Visita nuestro medio informativo publicado desde Hermosillo, Sonora. %\" \/>\n<meta name=\"robots\" content=\"index, follow, max-snippet:-1, max-image-preview:large, max-video-preview:-1\" \/>\n<link rel=\"canonical\" href=\"https:\/\/www.sonoraenequipo.com.mx\/detienen-a-abraham-oseguera-hermano-de-el-mencho-en-jalisco\/\" \/>\n<meta property=\"og:locale\" content=\"es_ES\" \/>\n<meta property=\"og:type\" content=\"article\" \/>\n<meta property=\"og:title\" content=\"Sonora en Equipo. Detienen a Abraham Oseguera, hermano de &quot;El Mencho&quot;, en Jalisco Polic\u00edaca\" \/>\n<meta property=\"og:description\" content=\"GUADALAJARA, JALISCO.MX. \u2014 Este domingo fue detenido Abraham Oseguera, hermano de Nemesio Oseguera, alias &#039;El Mencho&#039; en Jalisco. &nbsp; Seg\u00fan informaci\u00f3n En Sonora en Equipo publicamos toda la informaci\u00f3n de Sonora, M\u00e9xico y el Mundo de manera oportuna y busca que la libertad de expresi\u00f3n sea real. Visita nuestro medio informativo publicado desde Hermosillo, Sonora. %\" \/>\n<meta property=\"og:url\" content=\"https:\/\/www.sonoraenequipo.com.mx\/detienen-a-abraham-oseguera-hermano-de-el-mencho-en-jalisco\/\" \/>\n<meta property=\"og:site_name\" content=\"Sonora en Equipo.\" \/>\n<meta property=\"article:publisher\" content=\"https:\/\/www.facebook.com\/SonoraEE\/\" \/>\n<meta property=\"article:author\" content=\"https:\/\/www.facebook.com\/SonoraEE\" \/>\n<meta property=\"article:published_time\" content=\"2024-04-22T14:23:28+00:00\" \/>\n<meta property=\"article:modified_time\" content=\"2024-04-22T19:47:25+00:00\" \/>\n<meta property=\"og:image\" content=\"https:\/\/www.sonoraenequipo.com.mx\/storage\/2024\/04\/detienen-a-hermano-del-mencho-min.jpg\" \/>\n\t<meta property=\"og:image:width\" content=\"900\" \/>\n\t<meta property=\"og:image:height\" content=\"564\" \/>\n\t<meta property=\"og:image:type\" content=\"image\/jpeg\" \/>\n<meta name=\"author\" content=\"enequipo\" \/>\n<meta name=\"twitter:card\" content=\"summary_large_image\" \/>\n<meta name=\"twitter:creator\" content=\"@sonoraenequipo\" \/>\n<meta name=\"twitter:site\" content=\"@sonoraenequipo\" \/>\n<meta name=\"twitter:label1\" content=\"Escrito por\" \/>\n\t<meta name=\"twitter:data1\" content=\"enequipo\" \/>\n\t<meta name=\"twitter:label2\" content=\"Tiempo de lectura\" \/>\n\t<meta name=\"twitter:data2\" content=\"1 minuto\" \/>\n<script type=\"application\/ld+json\" class=\"yoast-schema-graph\">{\"@context\":\"https:\/\/schema.org\",\"@graph\":[{\"@type\":\"Article\",\"@id\":\"https:\/\/www.sonoraenequipo.com.mx\/detienen-a-abraham-oseguera-hermano-de-el-mencho-en-jalisco\/#article\",\"isPartOf\":{\"@id\":\"https:\/\/www.sonoraenequipo.com.mx\/detienen-a-abraham-oseguera-hermano-de-el-mencho-en-jalisco\/\"},\"author\":{\"name\":\"enequipo\",\"@id\":\"https:\/\/www.sonoraenequipo.com.mx\/#\/schema\/person\/50102df0fb23a8fa9e8effad8fa81386\"},\"headline\":\"Detienen a Abraham Oseguera, hermano de \u00abEl Mencho\u00bb, en Jalisco\",\"datePublished\":\"2024-04-22T14:23:28+00:00\",\"dateModified\":\"2024-04-22T19:47:25+00:00\",\"mainEntityOfPage\":{\"@id\":\"https:\/\/www.sonoraenequipo.com.mx\/detienen-a-abraham-oseguera-hermano-de-el-mencho-en-jalisco\/\"},\"wordCount\":119,\"commentCount\":0,\"publisher\":{\"@id\":\"https:\/\/www.sonoraenequipo.com.mx\/#organization\"},\"image\":{\"@id\":\"https:\/\/www.sonoraenequipo.com.mx\/detienen-a-abraham-oseguera-hermano-de-el-mencho-en-jalisco\/#primaryimage\"},\"thumbnailUrl\":\"https:\/\/www.sonoraenequipo.com.mx\/storage\/2024\/04\/detienen-a-hermano-del-mencho-min.jpg\",\"articleSection\":[\"Polic\u00edaca\"],\"inLanguage\":\"es\",\"potentialAction\":[{\"@type\":\"CommentAction\",\"name\":\"Comment\",\"target\":[\"https:\/\/www.sonoraenequipo.com.mx\/detienen-a-abraham-oseguera-hermano-de-el-mencho-en-jalisco\/#respond\"]}]},{\"@type\":\"WebPage\",\"@id\":\"https:\/\/www.sonoraenequipo.com.mx\/detienen-a-abraham-oseguera-hermano-de-el-mencho-en-jalisco\/\",\"url\":\"https:\/\/www.sonoraenequipo.com.mx\/detienen-a-abraham-oseguera-hermano-de-el-mencho-en-jalisco\/\",\"name\":\"Sonora en Equipo. Detienen a Abraham Oseguera, hermano de \\\"El Mencho\\\", en Jalisco Polic\u00edaca\",\"isPartOf\":{\"@id\":\"https:\/\/www.sonoraenequipo.com.mx\/#website\"},\"primaryImageOfPage\":{\"@id\":\"https:\/\/www.sonoraenequipo.com.mx\/detienen-a-abraham-oseguera-hermano-de-el-mencho-en-jalisco\/#primaryimage\"},\"image\":{\"@id\":\"https:\/\/www.sonoraenequipo.com.mx\/detienen-a-abraham-oseguera-hermano-de-el-mencho-en-jalisco\/#primaryimage\"},\"thumbnailUrl\":\"https:\/\/www.sonoraenequipo.com.mx\/storage\/2024\/04\/detienen-a-hermano-del-mencho-min.jpg\",\"datePublished\":\"2024-04-22T14:23:28+00:00\",\"dateModified\":\"2024-04-22T19:47:25+00:00\",\"description\":\"GUADALAJARA, JALISCO.MX. \u2014 Este domingo fue detenido Abraham Oseguera, hermano de Nemesio Oseguera, alias 'El Mencho' en Jalisco. &nbsp; Seg\u00fan informaci\u00f3n En Sonora en Equipo publicamos toda la informaci\u00f3n de Sonora, M\u00e9xico y el Mundo de manera oportuna y busca que la libertad de expresi\u00f3n sea real. Visita nuestro medio informativo publicado desde Hermosillo, Sonora. %\",\"breadcrumb\":{\"@id\":\"https:\/\/www.sonoraenequipo.com.mx\/detienen-a-abraham-oseguera-hermano-de-el-mencho-en-jalisco\/#breadcrumb\"},\"inLanguage\":\"es\",\"potentialAction\":[{\"@type\":\"ReadAction\",\"target\":[\"https:\/\/www.sonoraenequipo.com.mx\/detienen-a-abraham-oseguera-hermano-de-el-mencho-en-jalisco\/\"]}]},{\"@type\":\"ImageObject\",\"inLanguage\":\"es\",\"@id\":\"https:\/\/www.sonoraenequipo.com.mx\/detienen-a-abraham-oseguera-hermano-de-el-mencho-en-jalisco\/#primaryimage\",\"url\":\"https:\/\/www.sonoraenequipo.com.mx\/storage\/2024\/04\/detienen-a-hermano-del-mencho-min.jpg\",\"contentUrl\":\"https:\/\/www.sonoraenequipo.com.mx\/storage\/2024\/04\/detienen-a-hermano-del-mencho-min.jpg\",\"width\":900,\"height\":564},{\"@type\":\"BreadcrumbList\",\"@id\":\"https:\/\/www.sonoraenequipo.com.mx\/detienen-a-abraham-oseguera-hermano-de-el-mencho-en-jalisco\/#breadcrumb\",\"itemListElement\":[{\"@type\":\"ListItem\",\"position\":1,\"name\":\"Portada\",\"item\":\"https:\/\/www.sonoraenequipo.com.mx\/\"},{\"@type\":\"ListItem\",\"position\":2,\"name\":\"Detienen a Abraham Oseguera, hermano de \u00abEl Mencho\u00bb, en Jalisco\"}]},{\"@type\":\"WebSite\",\"@id\":\"https:\/\/www.sonoraenequipo.com.mx\/#website\",\"url\":\"https:\/\/www.sonoraenequipo.com.mx\/\",\"name\":\"Sonora en Equipo.\",\"description\":\"Diario en l\u00ednea con Noticias desde Hermosillo, Sonora\",\"publisher\":{\"@id\":\"https:\/\/www.sonoraenequipo.com.mx\/#organization\"},\"potentialAction\":[{\"@type\":\"SearchAction\",\"target\":{\"@type\":\"EntryPoint\",\"urlTemplate\":\"https:\/\/www.sonoraenequipo.com.mx\/?s={search_term_string}\"},\"query-input\":{\"@type\":\"PropertyValueSpecification\",\"valueRequired\":true,\"valueName\":\"search_term_string\"}}],\"inLanguage\":\"es\"},{\"@type\":\"Organization\",\"@id\":\"https:\/\/www.sonoraenequipo.com.mx\/#organization\",\"name\":\"Sonoraenequipo.com.mx\",\"url\":\"https:\/\/www.sonoraenequipo.com.mx\/\",\"logo\":{\"@type\":\"ImageObject\",\"inLanguage\":\"es\",\"@id\":\"https:\/\/www.sonoraenequipo.com.mx\/#\/schema\/logo\/image\/\",\"url\":\"https:\/\/www.sonoraenequipo.com.mx\/storage\/2019\/01\/sonoraenequipo_opt.png\",\"contentUrl\":\"https:\/\/www.sonoraenequipo.com.mx\/storage\/2019\/01\/sonoraenequipo_opt.png\",\"width\":375,\"height\":125,\"caption\":\"Sonoraenequipo.com.mx\"},\"image\":{\"@id\":\"https:\/\/www.sonoraenequipo.com.mx\/#\/schema\/logo\/image\/\"},\"sameAs\":[\"https:\/\/www.facebook.com\/SonoraEE\/\",\"https:\/\/x.com\/sonoraenequipo\",\"https:\/\/www.youtube.com\/channel\/UC338nW-lPEYmJQs4ZABQ1SQ\"]},{\"@type\":\"Person\",\"@id\":\"https:\/\/www.sonoraenequipo.com.mx\/#\/schema\/person\/50102df0fb23a8fa9e8effad8fa81386\",\"name\":\"enequipo\",\"image\":{\"@type\":\"ImageObject\",\"inLanguage\":\"es\",\"@id\":\"https:\/\/www.sonoraenequipo.com.mx\/#\/schema\/person\/image\/\",\"url\":\"https:\/\/secure.gravatar.com\/avatar\/049821681b589dabc0bc20695993ccebb09f5b5d4d790cd9251b97faac7c652b?s=96&d=blank&r=g\",\"contentUrl\":\"https:\/\/secure.gravatar.com\/avatar\/049821681b589dabc0bc20695993ccebb09f5b5d4d790cd9251b97faac7c652b?s=96&d=blank&r=g\",\"caption\":\"enequipo\"},\"sameAs\":[\"https:\/\/www.facebook.com\/SonoraEE\"]}]}<\/script>\n ","yoast_head_json":{"title":"Sonora en Equipo. Detienen a Abraham Oseguera, hermano de \"El Mencho\", en Jalisco Polic\u00edaca","description":"GUADALAJARA, JALISCO.MX. \u2014 Este domingo fue detenido Abraham Oseguera, hermano de Nemesio Oseguera, alias 'El Mencho' en Jalisco. &nbsp; Seg\u00fan informaci\u00f3n En Sonora en Equipo publicamos toda la informaci\u00f3n de Sonora, M\u00e9xico y el Mundo de manera oportuna y busca que la libertad de expresi\u00f3n sea real. Visita nuestro medio informativo publicado desde Hermosillo, Sonora. %","robots":{"index":"index","follow":"follow","max-snippet":"max-snippet:-1","max-image-preview":"max-image-preview:large","max-video-preview":"max-video-preview:-1"},"canonical":"https:\/\/www.sonoraenequipo.com.mx\/detienen-a-abraham-oseguera-hermano-de-el-mencho-en-jalisco\/","og_locale":"es_ES","og_type":"article","og_title":"Sonora en Equipo. Detienen a Abraham Oseguera, hermano de \"El Mencho\", en Jalisco Polic\u00edaca","og_description":"GUADALAJARA, JALISCO.MX. \u2014 Este domingo fue detenido Abraham Oseguera, hermano de Nemesio Oseguera, alias 'El Mencho' en Jalisco. &nbsp; Seg\u00fan informaci\u00f3n En Sonora en Equipo publicamos toda la informaci\u00f3n de Sonora, M\u00e9xico y el Mundo de manera oportuna y busca que la libertad de expresi\u00f3n sea real. Visita nuestro medio informativo publicado desde Hermosillo, Sonora. %","og_url":"https:\/\/www.sonoraenequipo.com.mx\/detienen-a-abraham-oseguera-hermano-de-el-mencho-en-jalisco\/","og_site_name":"Sonora en Equipo.","article_publisher":"https:\/\/www.facebook.com\/SonoraEE\/","article_author":"https:\/\/www.facebook.com\/SonoraEE","article_published_time":"2024-04-22T14:23:28+00:00","article_modified_time":"2024-04-22T19:47:25+00:00","og_image":[{"width":900,"height":564,"url":"https:\/\/www.sonoraenequipo.com.mx\/storage\/2024\/04\/detienen-a-hermano-del-mencho-min.jpg","type":"image\/jpeg"}],"author":"enequipo","twitter_card":"summary_large_image","twitter_creator":"@sonoraenequipo","twitter_site":"@sonoraenequipo","twitter_misc":{"Escrito por":"enequipo","Tiempo de lectura":"1 minuto"},"schema":{"@context":"https:\/\/schema.org","@graph":[{"@type":"Article","@id":"https:\/\/www.sonoraenequipo.com.mx\/detienen-a-abraham-oseguera-hermano-de-el-mencho-en-jalisco\/#article","isPartOf":{"@id":"https:\/\/www.sonoraenequipo.com.mx\/detienen-a-abraham-oseguera-hermano-de-el-mencho-en-jalisco\/"},"author":{"name":"enequipo","@id":"https:\/\/www.sonoraenequipo.com.mx\/#\/schema\/person\/50102df0fb23a8fa9e8effad8fa81386"},"headline":"Detienen a Abraham Oseguera, hermano de \u00abEl Mencho\u00bb, en Jalisco","datePublished":"2024-04-22T14:23:28+00:00","dateModified":"2024-04-22T19:47:25+00:00","mainEntityOfPage":{"@id":"https:\/\/www.sonoraenequipo.com.mx\/detienen-a-abraham-oseguera-hermano-de-el-mencho-en-jalisco\/"},"wordCount":119,"commentCount":0,"publisher":{"@id":"https:\/\/www.sonoraenequipo.com.mx\/#organization"},"image":{"@id":"https:\/\/www.sonoraenequipo.com.mx\/detienen-a-abraham-oseguera-hermano-de-el-mencho-en-jalisco\/#primaryimage"},"thumbnailUrl":"https:\/\/www.sonoraenequipo.com.mx\/storage\/2024\/04\/detienen-a-hermano-del-mencho-min.jpg","articleSection":["Polic\u00edaca"],"inLanguage":"es","potentialAction":[{"@type":"CommentAction","name":"Comment","target":["https:\/\/www.sonoraenequipo.com.mx\/detienen-a-abraham-oseguera-hermano-de-el-mencho-en-jalisco\/#respond"]}]},{"@type":"WebPage","@id":"https:\/\/www.sonoraenequipo.com.mx\/detienen-a-abraham-oseguera-hermano-de-el-mencho-en-jalisco\/","url":"https:\/\/www.sonoraenequipo.com.mx\/detienen-a-abraham-oseguera-hermano-de-el-mencho-en-jalisco\/","name":"Sonora en Equipo. Detienen a Abraham Oseguera, hermano de \"El Mencho\", en Jalisco Polic\u00edaca","isPartOf":{"@id":"https:\/\/www.sonoraenequipo.com.mx\/#website"},"primaryImageOfPage":{"@id":"https:\/\/www.sonoraenequipo.com.mx\/detienen-a-abraham-oseguera-hermano-de-el-mencho-en-jalisco\/#primaryimage"},"image":{"@id":"https:\/\/www.sonoraenequipo.com.mx\/detienen-a-abraham-oseguera-hermano-de-el-mencho-en-jalisco\/#primaryimage"},"thumbnailUrl":"https:\/\/www.sonoraenequipo.com.mx\/storage\/2024\/04\/detienen-a-hermano-del-mencho-min.jpg","datePublished":"2024-04-22T14:23:28+00:00","dateModified":"2024-04-22T19:47:25+00:00","description":"GUADALAJARA, JALISCO.MX. \u2014 Este domingo fue detenido Abraham Oseguera, hermano de Nemesio Oseguera, alias 'El Mencho' en Jalisco. &nbsp; Seg\u00fan informaci\u00f3n En Sonora en Equipo publicamos toda la informaci\u00f3n de Sonora, M\u00e9xico y el Mundo de manera oportuna y busca que la libertad de expresi\u00f3n sea real. Visita nuestro medio informativo publicado desde Hermosillo, Sonora. %","breadcrumb":{"@id":"https:\/\/www.sonoraenequipo.com.mx\/detienen-a-abraham-oseguera-hermano-de-el-mencho-en-jalisco\/#breadcrumb"},"inLanguage":"es","potentialAction":[{"@type":"ReadAction","target":["https:\/\/www.sonoraenequipo.com.mx\/detienen-a-abraham-oseguera-hermano-de-el-mencho-en-jalisco\/"]}]},{"@type":"ImageObject","inLanguage":"es","@id":"https:\/\/www.sonoraenequipo.com.mx\/detienen-a-abraham-oseguera-hermano-de-el-mencho-en-jalisco\/#primaryimage","url":"https:\/\/www.sonoraenequipo.com.mx\/storage\/2024\/04\/detienen-a-hermano-del-mencho-min.jpg","contentUrl":"https:\/\/www.sonoraenequipo.com.mx\/storage\/2024\/04\/detienen-a-hermano-del-mencho-min.jpg","width":900,"height":564},{"@type":"BreadcrumbList","@id":"https:\/\/www.sonoraenequipo.com.mx\/detienen-a-abraham-oseguera-hermano-de-el-mencho-en-jalisco\/#breadcrumb","itemListElement":[{"@type":"ListItem","position":1,"name":"Portada","item":"https:\/\/www.sonoraenequipo.com.mx\/"},{"@type":"ListItem","position":2,"name":"Detienen a Abraham Oseguera, hermano de \u00abEl Mencho\u00bb, en Jalisco"}]},{"@type":"WebSite","@id":"https:\/\/www.sonoraenequipo.com.mx\/#website","url":"https:\/\/www.sonoraenequipo.com.mx\/","name":"Sonora en Equipo.","description":"Diario en l\u00ednea con Noticias desde Hermosillo, Sonora","publisher":{"@id":"https:\/\/www.sonoraenequipo.com.mx\/#organization"},"potentialAction":[{"@type":"SearchAction","target":{"@type":"EntryPoint","urlTemplate":"https:\/\/www.sonoraenequipo.com.mx\/?s={search_term_string}"},"query-input":{"@type":"PropertyValueSpecification","valueRequired":true,"valueName":"search_term_string"}}],"inLanguage":"es"},{"@type":"Organization","@id":"https:\/\/www.sonoraenequipo.com.mx\/#organization","name":"Sonoraenequipo.com.mx","url":"https:\/\/www.sonoraenequipo.com.mx\/","logo":{"@type":"ImageObject","inLanguage":"es","@id":"https:\/\/www.sonoraenequipo.com.mx\/#\/schema\/logo\/image\/","url":"https:\/\/www.sonoraenequipo.com.mx\/storage\/2019\/01\/sonoraenequipo_opt.png","contentUrl":"https:\/\/www.sonoraenequipo.com.mx\/storage\/2019\/01\/sonoraenequipo_opt.png","width":375,"height":125,"caption":"Sonoraenequipo.com.mx"},"image":{"@id":"https:\/\/www.sonoraenequipo.com.mx\/#\/schema\/logo\/image\/"},"sameAs":["https:\/\/www.facebook.com\/SonoraEE\/","https:\/\/x.com\/sonoraenequipo","https:\/\/www.youtube.com\/channel\/UC338nW-lPEYmJQs4ZABQ1SQ"]},{"@type":"Person","@id":"https:\/\/www.sonoraenequipo.com.mx\/#\/schema\/person\/50102df0fb23a8fa9e8effad8fa81386","name":"enequipo","image":{"@type":"ImageObject","inLanguage":"es","@id":"https:\/\/www.sonoraenequipo.com.mx\/#\/schema\/person\/image\/","url":"https:\/\/secure.gravatar.com\/avatar\/049821681b589dabc0bc20695993ccebb09f5b5d4d790cd9251b97faac7c652b?s=96&d=blank&r=g","contentUrl":"https:\/\/secure.gravatar.com\/avatar\/049821681b589dabc0bc20695993ccebb09f5b5d4d790cd9251b97faac7c652b?s=96&d=blank&r=g","caption":"enequipo"},"sameAs":["https:\/\/www.facebook.com\/SonoraEE"]}]}},"jetpack_featured_media_url":"https:\/\/www.sonoraenequipo.com.mx\/storage\/2024\/04\/detienen-a-hermano-del-mencho-min.jpg","_links":{"self":[{"href":"https:\/\/www.sonoraenequipo.com.mx\/api\/wp\/v2\/posts\/188118","targetHints":{"allow":["GET"]}}],"collection":[{"href":"https:\/\/www.sonoraenequipo.com.mx\/api\/wp\/v2\/posts"}],"about":[{"href":"https:\/\/www.sonoraenequipo.com.mx\/api\/wp\/v2\/types\/post"}],"author":[{"embeddable":true,"href":"https:\/\/www.sonoraenequipo.com.mx\/api\/wp\/v2\/users\/1"}],"replies":[{"embeddable":true,"href":"https:\/\/www.sonoraenequipo.com.mx\/api\/wp\/v2\/comments?post=188118"}],"version-history":[{"count":1,"href":"https:\/\/www.sonoraenequipo.com.mx\/api\/wp\/v2\/posts\/188118\/revisions"}],"predecessor-version":[{"id":188119,"href":"https:\/\/www.sonoraenequipo.com.mx\/api\/wp\/v2\/posts\/188118\/revisions\/188119"}],"wp:featuredmedia":[{"embeddable":true,"href":"https:\/\/www.sonoraenequipo.com.mx\/api\/wp\/v2\/media\/188095"}],"wp:attachment":[{"href":"https:\/\/www.sonoraenequipo.com.mx\/api\/wp\/v2\/media?parent=188118"}],"wp:term":[{"taxonomy":"category","embeddable":true,"href":"https:\/\/www.sonoraenequipo.com.mx\/api\/wp\/v2\/categories?post=188118"},{"taxonomy":"post_tag","embeddable":true,"href":"https:\/\/www.sonoraenequipo.com.mx\/api\/wp\/v2\/tags?post=188118"}],"curies":[{"name":"wp","href":"https:\/\/api.w.org\/{rel}","templated":true}]}}