{"id":188126,"date":"2024-04-22T13:40:16","date_gmt":"2024-04-22T20:40:16","guid":{"rendered":"https:\/\/www.sonoraenequipo.com.mx\/?p=188126"},"modified":"2024-04-22T13:40:54","modified_gmt":"2024-04-22T20:40:54","slug":"todo-es-posible-para-quien-se-confia-totalmente-al-senor-recuerda-el-papa-francisco","status":"publish","type":"post","link":"https:\/\/www.sonoraenequipo.com.mx\/todo-es-posible-para-quien-se-confia-totalmente-al-senor-recuerda-el-papa-francisco\/","title":{"rendered":"\u201cTodo es posible para quien se conf\u00eda totalmente al Se\u00f1or\u201d, recuerda el Papa Francisco"},"content":{"rendered":"<p>El Papa Francisco recibi\u00f3 este 22 de abril en el Vaticano a los participantes en el Cap\u00edtulo General de los Hermanos de la Instrucci\u00f3n Cristiana de Plo\u00ebrmel, a quienes record\u00f3 que \u201ctodo es posible para quien se conf\u00eda totalmente al Se\u00f1or\u201d.<\/p>\n<p>Fundada por el Venerable Jean-Marie de La Mennais y Gabriel Deshayes en 1819, esta congregaci\u00f3n naci\u00f3 con el prop\u00f3sito de formar profesores cat\u00f3licos y abrir escuelas para evangelizar a los ni\u00f1os y a los j\u00f3venes a trav\u00e9s de la educaci\u00f3n.<\/p>\n<p>Al recordar a sus fundadores, el Santo Padre se\u00f1al\u00f3 que creyeron que \u201ctodo es posible para quien se conf\u00eda totalmente al Se\u00f1or y se pone al servicio del desarrollo humano integral de cada persona\u201d.<\/p>\n<p>\u201cNunca debemos olvidar de d\u00f3nde venimos y tener siempre presentes las motivaciones de nuestras acciones\u201d, advirti\u00f3 a continuaci\u00f3n.<\/p>\n<p>El Papa Francisco les exhort\u00f3 a ser \u201cpadres para aquellos a quienes sois enviados, padres que reflejen el rostro amoroso y compasivo de Dios\u201d.<\/p>\n<p>Destac\u00f3 tambi\u00e9n que su vocaci\u00f3n les impulsa \u201ca ir donde otros no van, a las periferias, a las personas que forman la categor\u00eda de los rechazados, los heridos por la vida y las v\u00edctimas\u201d.<\/p>\n<p>Les inst\u00f3 a que su presencia \u201csea fuente de esperanza para muchos\u201d y que en su esp\u00edritu de fraternidad y acogida \u201cpuedan reconocer otro rostro de la humanidad desfigurada por las guerras, la indiferencia y el descarte de los m\u00e1s d\u00e9biles\u201d.<\/p>\n<p>\u201cEsos ni\u00f1os, esos j\u00f3venes, esas personas tambi\u00e9n tienen sue\u00f1os, pero hoy, por tantas razones, son sue\u00f1os rotos. \u00a1Que les ayuden a revivir sus sue\u00f1os, a creer en ellos y a realizarlos!\u201d, exclam\u00f3 el Pont\u00edfice.<\/p>\n<p>Se\u00f1al\u00f3 asimismo que \u201clos ni\u00f1os juegan, incluso bajo las bombas, en los pa\u00edses en guerra. Cuando vemos fotograf\u00edas de estos pa\u00edses, hay ni\u00f1os jugando\u201d.<\/p>\n<p>\u201cPero hay algo que me llama la atenci\u00f3n: cuando vienen ni\u00f1os de Ucrania a Roma, que se han trasladado aqu\u00ed y viven aqu\u00ed, esos ni\u00f1os no sonr\u00eden: han perdido la sonrisa\u201d, lament\u00f3.<\/p>\n<p>Para el Papa Francisco, la guerra hace \u201cque los ni\u00f1os pierdan la sonrisa\u201d. \u201c\u00a1Trabajad para que recuperen la capacidad de sonre\u00edr!\u201d, pidi\u00f3 a los miembros de esta congregaci\u00f3n francesa.<\/p>\n<p>\u201cLa Iglesia es una familia y todos nosotros, en la variedad de carismas y vocaciones, cooperamos a la salvaci\u00f3n de la humanidad. En este maravilloso misterio de comuni\u00f3n, cuento con vuestra filial confianza y adhesi\u00f3n al ministerio del Sucesor de Pedro\u201d expres\u00f3.<\/p>\n<p>Cada vez es m\u00e1s dif\u00edcil ver noticias cat\u00f3licas en las redes sociales. Suscr\u00edbete a nuestros canales gratuitos hoy:<\/p>\n<p>Como en ocasiones anteriores, subray\u00f3 que \u201cel chismorreo hace mucho da\u00f1o a las comunidades religiosas\u201d y asegur\u00f3 que \u201cun buen prop\u00f3sito para un religioso y una religiosa ser\u00eda morderse la lengua cada vez que tengan ganas de hablar mal de los dem\u00e1s\u201d.<\/p>\n<p><strong>Fecha de publicaci\u00f3n lunes 22 de abril de 2024 \/ ACI Prensa<\/strong><\/p>\n","protected":false},"excerpt":{"rendered":"<p>El Papa Francisco recibi\u00f3 este 22 de abril en el Vaticano a los participantes en&#8230;<\/p>\n","protected":false},"author":1,"featured_media":175511,"comment_status":"open","ping_status":"open","sticky":false,"template":"","format":"standard","meta":{"_monsterinsights_skip_tracking":false,"_monsterinsights_sitenote_active":false,"_monsterinsights_sitenote_note":"","_monsterinsights_sitenote_category":0,"footnotes":""},"categories":[3],"tags":[579],"class_list":["post"],"yoast_head":" \n<title>Sonora en Equipo. \u201cTodo es posible para quien se conf\u00eda totalmente al Se\u00f1or\u201d, recuerda el Papa Francisco MUNDO<\/title>\n<meta name=\"description\" content=\"El Papa Francisco recibi\u00f3 este 22 de abril en el Vaticano a los participantes en el Cap\u00edtulo General de los Hermanos de la Instrucci\u00f3n Cristiana de En Sonora en Equipo publicamos toda la informaci\u00f3n de Sonora, M\u00e9xico y el Mundo de manera oportuna y busca que la libertad de expresi\u00f3n sea real. Visita nuestro medio informativo publicado desde Hermosillo, Sonora. %\" \/>\n<meta name=\"robots\" content=\"index, follow, max-snippet:-1, max-image-preview:large, max-video-preview:-1\" \/>\n<link rel=\"canonical\" href=\"https:\/\/www.sonoraenequipo.com.mx\/todo-es-posible-para-quien-se-confia-totalmente-al-senor-recuerda-el-papa-francisco\/\" \/>\n<meta property=\"og:locale\" content=\"es_ES\" \/>\n<meta property=\"og:type\" content=\"article\" \/>\n<meta property=\"og:title\" content=\"Sonora en Equipo. \u201cTodo es posible para quien se conf\u00eda totalmente al Se\u00f1or\u201d, recuerda el Papa Francisco MUNDO\" \/>\n<meta property=\"og:description\" content=\"El Papa Francisco recibi\u00f3 este 22 de abril en el Vaticano a los participantes en el Cap\u00edtulo General de los Hermanos de la Instrucci\u00f3n Cristiana de En Sonora en Equipo publicamos toda la informaci\u00f3n de Sonora, M\u00e9xico y el Mundo de manera oportuna y busca que la libertad de expresi\u00f3n sea real. Visita nuestro medio informativo publicado desde Hermosillo, Sonora. %\" \/>\n<meta property=\"og:url\" content=\"https:\/\/www.sonoraenequipo.com.mx\/todo-es-posible-para-quien-se-confia-totalmente-al-senor-recuerda-el-papa-francisco\/\" \/>\n<meta property=\"og:site_name\" content=\"Sonora en Equipo.\" \/>\n<meta property=\"article:publisher\" content=\"https:\/\/www.facebook.com\/SonoraEE\/\" \/>\n<meta property=\"article:author\" content=\"https:\/\/www.facebook.com\/SonoraEE\" \/>\n<meta property=\"article:published_time\" content=\"2024-04-22T20:40:16+00:00\" \/>\n<meta property=\"article:modified_time\" content=\"2024-04-22T20:40:54+00:00\" \/>\n<meta property=\"og:image\" content=\"https:\/\/www.sonoraenequipo.com.mx\/storage\/2023\/09\/papa-francisco...-min-1.jpg\" \/>\n\t<meta property=\"og:image:width\" content=\"900\" \/>\n\t<meta property=\"og:image:height\" content=\"559\" \/>\n\t<meta property=\"og:image:type\" content=\"image\/jpeg\" \/>\n<meta name=\"author\" content=\"enequipo\" \/>\n<meta name=\"twitter:card\" content=\"summary_large_image\" \/>\n<meta name=\"twitter:creator\" content=\"@sonoraenequipo\" \/>\n<meta name=\"twitter:site\" content=\"@sonoraenequipo\" \/>\n<meta name=\"twitter:label1\" content=\"Escrito por\" \/>\n\t<meta name=\"twitter:data1\" content=\"enequipo\" \/>\n\t<meta name=\"twitter:label2\" content=\"Tiempo de lectura\" \/>\n\t<meta name=\"twitter:data2\" content=\"3 minutos\" \/>\n<script type=\"application\/ld+json\" class=\"yoast-schema-graph\">{\"@context\":\"https:\/\/schema.org\",\"@graph\":[{\"@type\":\"Article\",\"@id\":\"https:\/\/www.sonoraenequipo.com.mx\/todo-es-posible-para-quien-se-confia-totalmente-al-senor-recuerda-el-papa-francisco\/#article\",\"isPartOf\":{\"@id\":\"https:\/\/www.sonoraenequipo.com.mx\/todo-es-posible-para-quien-se-confia-totalmente-al-senor-recuerda-el-papa-francisco\/\"},\"author\":{\"name\":\"enequipo\",\"@id\":\"https:\/\/www.sonoraenequipo.com.mx\/#\/schema\/person\/50102df0fb23a8fa9e8effad8fa81386\"},\"headline\":\"\u201cTodo es posible para quien se conf\u00eda totalmente al Se\u00f1or\u201d, recuerda el Papa Francisco\",\"datePublished\":\"2024-04-22T20:40:16+00:00\",\"dateModified\":\"2024-04-22T20:40:54+00:00\",\"mainEntityOfPage\":{\"@id\":\"https:\/\/www.sonoraenequipo.com.mx\/todo-es-posible-para-quien-se-confia-totalmente-al-senor-recuerda-el-papa-francisco\/\"},\"wordCount\":532,\"commentCount\":0,\"publisher\":{\"@id\":\"https:\/\/www.sonoraenequipo.com.mx\/#organization\"},\"image\":{\"@id\":\"https:\/\/www.sonoraenequipo.com.mx\/todo-es-posible-para-quien-se-confia-totalmente-al-senor-recuerda-el-papa-francisco\/#primaryimage\"},\"thumbnailUrl\":\"https:\/\/www.sonoraenequipo.com.mx\/storage\/2023\/09\/papa-francisco...-min-1.jpg\",\"keywords\":[\"PAPA FRANCISCO\"],\"articleSection\":[\"MUNDO\"],\"inLanguage\":\"es\",\"potentialAction\":[{\"@type\":\"CommentAction\",\"name\":\"Comment\",\"target\":[\"https:\/\/www.sonoraenequipo.com.mx\/todo-es-posible-para-quien-se-confia-totalmente-al-senor-recuerda-el-papa-francisco\/#respond\"]}]},{\"@type\":\"WebPage\",\"@id\":\"https:\/\/www.sonoraenequipo.com.mx\/todo-es-posible-para-quien-se-confia-totalmente-al-senor-recuerda-el-papa-francisco\/\",\"url\":\"https:\/\/www.sonoraenequipo.com.mx\/todo-es-posible-para-quien-se-confia-totalmente-al-senor-recuerda-el-papa-francisco\/\",\"name\":\"Sonora en Equipo. \u201cTodo es posible para quien se conf\u00eda totalmente al Se\u00f1or\u201d, recuerda el Papa Francisco MUNDO\",\"isPartOf\":{\"@id\":\"https:\/\/www.sonoraenequipo.com.mx\/#website\"},\"primaryImageOfPage\":{\"@id\":\"https:\/\/www.sonoraenequipo.com.mx\/todo-es-posible-para-quien-se-confia-totalmente-al-senor-recuerda-el-papa-francisco\/#primaryimage\"},\"image\":{\"@id\":\"https:\/\/www.sonoraenequipo.com.mx\/todo-es-posible-para-quien-se-confia-totalmente-al-senor-recuerda-el-papa-francisco\/#primaryimage\"},\"thumbnailUrl\":\"https:\/\/www.sonoraenequipo.com.mx\/storage\/2023\/09\/papa-francisco...-min-1.jpg\",\"datePublished\":\"2024-04-22T20:40:16+00:00\",\"dateModified\":\"2024-04-22T20:40:54+00:00\",\"description\":\"El Papa Francisco recibi\u00f3 este 22 de abril en el Vaticano a los participantes en el Cap\u00edtulo General de los Hermanos de la Instrucci\u00f3n Cristiana de En Sonora en Equipo publicamos toda la informaci\u00f3n de Sonora, M\u00e9xico y el Mundo de manera oportuna y busca que la libertad de expresi\u00f3n sea real. Visita nuestro medio informativo publicado desde Hermosillo, Sonora. %\",\"breadcrumb\":{\"@id\":\"https:\/\/www.sonoraenequipo.com.mx\/todo-es-posible-para-quien-se-confia-totalmente-al-senor-recuerda-el-papa-francisco\/#breadcrumb\"},\"inLanguage\":\"es\",\"potentialAction\":[{\"@type\":\"ReadAction\",\"target\":[\"https:\/\/www.sonoraenequipo.com.mx\/todo-es-posible-para-quien-se-confia-totalmente-al-senor-recuerda-el-papa-francisco\/\"]}]},{\"@type\":\"ImageObject\",\"inLanguage\":\"es\",\"@id\":\"https:\/\/www.sonoraenequipo.com.mx\/todo-es-posible-para-quien-se-confia-totalmente-al-senor-recuerda-el-papa-francisco\/#primaryimage\",\"url\":\"https:\/\/www.sonoraenequipo.com.mx\/storage\/2023\/09\/papa-francisco...-min-1.jpg\",\"contentUrl\":\"https:\/\/www.sonoraenequipo.com.mx\/storage\/2023\/09\/papa-francisco...-min-1.jpg\",\"width\":900,\"height\":559},{\"@type\":\"BreadcrumbList\",\"@id\":\"https:\/\/www.sonoraenequipo.com.mx\/todo-es-posible-para-quien-se-confia-totalmente-al-senor-recuerda-el-papa-francisco\/#breadcrumb\",\"itemListElement\":[{\"@type\":\"ListItem\",\"position\":1,\"name\":\"Portada\",\"item\":\"https:\/\/www.sonoraenequipo.com.mx\/\"},{\"@type\":\"ListItem\",\"position\":2,\"name\":\"\u201cTodo es posible para quien se conf\u00eda totalmente al Se\u00f1or\u201d, recuerda el Papa Francisco\"}]},{\"@type\":\"WebSite\",\"@id\":\"https:\/\/www.sonoraenequipo.com.mx\/#website\",\"url\":\"https:\/\/www.sonoraenequipo.com.mx\/\",\"name\":\"Sonora en Equipo.\",\"description\":\"Diario en l\u00ednea con Noticias desde Hermosillo, Sonora\",\"publisher\":{\"@id\":\"https:\/\/www.sonoraenequipo.com.mx\/#organization\"},\"potentialAction\":[{\"@type\":\"SearchAction\",\"target\":{\"@type\":\"EntryPoint\",\"urlTemplate\":\"https:\/\/www.sonoraenequipo.com.mx\/?s={search_term_string}\"},\"query-input\":{\"@type\":\"PropertyValueSpecification\",\"valueRequired\":true,\"valueName\":\"search_term_string\"}}],\"inLanguage\":\"es\"},{\"@type\":\"Organization\",\"@id\":\"https:\/\/www.sonoraenequipo.com.mx\/#organization\",\"name\":\"Sonoraenequipo.com.mx\",\"url\":\"https:\/\/www.sonoraenequipo.com.mx\/\",\"logo\":{\"@type\":\"ImageObject\",\"inLanguage\":\"es\",\"@id\":\"https:\/\/www.sonoraenequipo.com.mx\/#\/schema\/logo\/image\/\",\"url\":\"https:\/\/www.sonoraenequipo.com.mx\/storage\/2019\/01\/sonoraenequipo_opt.png\",\"contentUrl\":\"https:\/\/www.sonoraenequipo.com.mx\/storage\/2019\/01\/sonoraenequipo_opt.png\",\"width\":375,\"height\":125,\"caption\":\"Sonoraenequipo.com.mx\"},\"image\":{\"@id\":\"https:\/\/www.sonoraenequipo.com.mx\/#\/schema\/logo\/image\/\"},\"sameAs\":[\"https:\/\/www.facebook.com\/SonoraEE\/\",\"https:\/\/x.com\/sonoraenequipo\",\"https:\/\/www.youtube.com\/channel\/UC338nW-lPEYmJQs4ZABQ1SQ\"]},{\"@type\":\"Person\",\"@id\":\"https:\/\/www.sonoraenequipo.com.mx\/#\/schema\/person\/50102df0fb23a8fa9e8effad8fa81386\",\"name\":\"enequipo\",\"image\":{\"@type\":\"ImageObject\",\"inLanguage\":\"es\",\"@id\":\"https:\/\/www.sonoraenequipo.com.mx\/#\/schema\/person\/image\/\",\"url\":\"https:\/\/secure.gravatar.com\/avatar\/049821681b589dabc0bc20695993ccebb09f5b5d4d790cd9251b97faac7c652b?s=96&d=blank&r=g\",\"contentUrl\":\"https:\/\/secure.gravatar.com\/avatar\/049821681b589dabc0bc20695993ccebb09f5b5d4d790cd9251b97faac7c652b?s=96&d=blank&r=g\",\"caption\":\"enequipo\"},\"sameAs\":[\"https:\/\/www.facebook.com\/SonoraEE\"]}]}<\/script>\n ","yoast_head_json":{"title":"Sonora en Equipo. \u201cTodo es posible para quien se conf\u00eda totalmente al Se\u00f1or\u201d, recuerda el Papa Francisco MUNDO","description":"El Papa Francisco recibi\u00f3 este 22 de abril en el Vaticano a los participantes en el Cap\u00edtulo General de los Hermanos de la Instrucci\u00f3n Cristiana de En Sonora en Equipo publicamos toda la informaci\u00f3n de Sonora, M\u00e9xico y el Mundo de manera oportuna y busca que la libertad de expresi\u00f3n sea real. Visita nuestro medio informativo publicado desde Hermosillo, Sonora. %","robots":{"index":"index","follow":"follow","max-snippet":"max-snippet:-1","max-image-preview":"max-image-preview:large","max-video-preview":"max-video-preview:-1"},"canonical":"https:\/\/www.sonoraenequipo.com.mx\/todo-es-posible-para-quien-se-confia-totalmente-al-senor-recuerda-el-papa-francisco\/","og_locale":"es_ES","og_type":"article","og_title":"Sonora en Equipo. \u201cTodo es posible para quien se conf\u00eda totalmente al Se\u00f1or\u201d, recuerda el Papa Francisco MUNDO","og_description":"El Papa Francisco recibi\u00f3 este 22 de abril en el Vaticano a los participantes en el Cap\u00edtulo General de los Hermanos de la Instrucci\u00f3n Cristiana de En Sonora en Equipo publicamos toda la informaci\u00f3n de Sonora, M\u00e9xico y el Mundo de manera oportuna y busca que la libertad de expresi\u00f3n sea real. Visita nuestro medio informativo publicado desde Hermosillo, Sonora. %","og_url":"https:\/\/www.sonoraenequipo.com.mx\/todo-es-posible-para-quien-se-confia-totalmente-al-senor-recuerda-el-papa-francisco\/","og_site_name":"Sonora en Equipo.","article_publisher":"https:\/\/www.facebook.com\/SonoraEE\/","article_author":"https:\/\/www.facebook.com\/SonoraEE","article_published_time":"2024-04-22T20:40:16+00:00","article_modified_time":"2024-04-22T20:40:54+00:00","og_image":[{"width":900,"height":559,"url":"https:\/\/www.sonoraenequipo.com.mx\/storage\/2023\/09\/papa-francisco...-min-1.jpg","type":"image\/jpeg"}],"author":"enequipo","twitter_card":"summary_large_image","twitter_creator":"@sonoraenequipo","twitter_site":"@sonoraenequipo","twitter_misc":{"Escrito por":"enequipo","Tiempo de lectura":"3 minutos"},"schema":{"@context":"https:\/\/schema.org","@graph":[{"@type":"Article","@id":"https:\/\/www.sonoraenequipo.com.mx\/todo-es-posible-para-quien-se-confia-totalmente-al-senor-recuerda-el-papa-francisco\/#article","isPartOf":{"@id":"https:\/\/www.sonoraenequipo.com.mx\/todo-es-posible-para-quien-se-confia-totalmente-al-senor-recuerda-el-papa-francisco\/"},"author":{"name":"enequipo","@id":"https:\/\/www.sonoraenequipo.com.mx\/#\/schema\/person\/50102df0fb23a8fa9e8effad8fa81386"},"headline":"\u201cTodo es posible para quien se conf\u00eda totalmente al Se\u00f1or\u201d, recuerda el Papa Francisco","datePublished":"2024-04-22T20:40:16+00:00","dateModified":"2024-04-22T20:40:54+00:00","mainEntityOfPage":{"@id":"https:\/\/www.sonoraenequipo.com.mx\/todo-es-posible-para-quien-se-confia-totalmente-al-senor-recuerda-el-papa-francisco\/"},"wordCount":532,"commentCount":0,"publisher":{"@id":"https:\/\/www.sonoraenequipo.com.mx\/#organization"},"image":{"@id":"https:\/\/www.sonoraenequipo.com.mx\/todo-es-posible-para-quien-se-confia-totalmente-al-senor-recuerda-el-papa-francisco\/#primaryimage"},"thumbnailUrl":"https:\/\/www.sonoraenequipo.com.mx\/storage\/2023\/09\/papa-francisco...-min-1.jpg","keywords":["PAPA FRANCISCO"],"articleSection":["MUNDO"],"inLanguage":"es","potentialAction":[{"@type":"CommentAction","name":"Comment","target":["https:\/\/www.sonoraenequipo.com.mx\/todo-es-posible-para-quien-se-confia-totalmente-al-senor-recuerda-el-papa-francisco\/#respond"]}]},{"@type":"WebPage","@id":"https:\/\/www.sonoraenequipo.com.mx\/todo-es-posible-para-quien-se-confia-totalmente-al-senor-recuerda-el-papa-francisco\/","url":"https:\/\/www.sonoraenequipo.com.mx\/todo-es-posible-para-quien-se-confia-totalmente-al-senor-recuerda-el-papa-francisco\/","name":"Sonora en Equipo. \u201cTodo es posible para quien se conf\u00eda totalmente al Se\u00f1or\u201d, recuerda el Papa Francisco MUNDO","isPartOf":{"@id":"https:\/\/www.sonoraenequipo.com.mx\/#website"},"primaryImageOfPage":{"@id":"https:\/\/www.sonoraenequipo.com.mx\/todo-es-posible-para-quien-se-confia-totalmente-al-senor-recuerda-el-papa-francisco\/#primaryimage"},"image":{"@id":"https:\/\/www.sonoraenequipo.com.mx\/todo-es-posible-para-quien-se-confia-totalmente-al-senor-recuerda-el-papa-francisco\/#primaryimage"},"thumbnailUrl":"https:\/\/www.sonoraenequipo.com.mx\/storage\/2023\/09\/papa-francisco...-min-1.jpg","datePublished":"2024-04-22T20:40:16+00:00","dateModified":"2024-04-22T20:40:54+00:00","description":"El Papa Francisco recibi\u00f3 este 22 de abril en el Vaticano a los participantes en el Cap\u00edtulo General de los Hermanos de la Instrucci\u00f3n Cristiana de En Sonora en Equipo publicamos toda la informaci\u00f3n de Sonora, M\u00e9xico y el Mundo de manera oportuna y busca que la libertad de expresi\u00f3n sea real. Visita nuestro medio informativo publicado desde Hermosillo, Sonora. %","breadcrumb":{"@id":"https:\/\/www.sonoraenequipo.com.mx\/todo-es-posible-para-quien-se-confia-totalmente-al-senor-recuerda-el-papa-francisco\/#breadcrumb"},"inLanguage":"es","potentialAction":[{"@type":"ReadAction","target":["https:\/\/www.sonoraenequipo.com.mx\/todo-es-posible-para-quien-se-confia-totalmente-al-senor-recuerda-el-papa-francisco\/"]}]},{"@type":"ImageObject","inLanguage":"es","@id":"https:\/\/www.sonoraenequipo.com.mx\/todo-es-posible-para-quien-se-confia-totalmente-al-senor-recuerda-el-papa-francisco\/#primaryimage","url":"https:\/\/www.sonoraenequipo.com.mx\/storage\/2023\/09\/papa-francisco...-min-1.jpg","contentUrl":"https:\/\/www.sonoraenequipo.com.mx\/storage\/2023\/09\/papa-francisco...-min-1.jpg","width":900,"height":559},{"@type":"BreadcrumbList","@id":"https:\/\/www.sonoraenequipo.com.mx\/todo-es-posible-para-quien-se-confia-totalmente-al-senor-recuerda-el-papa-francisco\/#breadcrumb","itemListElement":[{"@type":"ListItem","position":1,"name":"Portada","item":"https:\/\/www.sonoraenequipo.com.mx\/"},{"@type":"ListItem","position":2,"name":"\u201cTodo es posible para quien se conf\u00eda totalmente al Se\u00f1or\u201d, recuerda el Papa Francisco"}]},{"@type":"WebSite","@id":"https:\/\/www.sonoraenequipo.com.mx\/#website","url":"https:\/\/www.sonoraenequipo.com.mx\/","name":"Sonora en Equipo.","description":"Diario en l\u00ednea con Noticias desde Hermosillo, Sonora","publisher":{"@id":"https:\/\/www.sonoraenequipo.com.mx\/#organization"},"potentialAction":[{"@type":"SearchAction","target":{"@type":"EntryPoint","urlTemplate":"https:\/\/www.sonoraenequipo.com.mx\/?s={search_term_string}"},"query-input":{"@type":"PropertyValueSpecification","valueRequired":true,"valueName":"search_term_string"}}],"inLanguage":"es"},{"@type":"Organization","@id":"https:\/\/www.sonoraenequipo.com.mx\/#organization","name":"Sonoraenequipo.com.mx","url":"https:\/\/www.sonoraenequipo.com.mx\/","logo":{"@type":"ImageObject","inLanguage":"es","@id":"https:\/\/www.sonoraenequipo.com.mx\/#\/schema\/logo\/image\/","url":"https:\/\/www.sonoraenequipo.com.mx\/storage\/2019\/01\/sonoraenequipo_opt.png","contentUrl":"https:\/\/www.sonoraenequipo.com.mx\/storage\/2019\/01\/sonoraenequipo_opt.png","width":375,"height":125,"caption":"Sonoraenequipo.com.mx"},"image":{"@id":"https:\/\/www.sonoraenequipo.com.mx\/#\/schema\/logo\/image\/"},"sameAs":["https:\/\/www.facebook.com\/SonoraEE\/","https:\/\/x.com\/sonoraenequipo","https:\/\/www.youtube.com\/channel\/UC338nW-lPEYmJQs4ZABQ1SQ"]},{"@type":"Person","@id":"https:\/\/www.sonoraenequipo.com.mx\/#\/schema\/person\/50102df0fb23a8fa9e8effad8fa81386","name":"enequipo","image":{"@type":"ImageObject","inLanguage":"es","@id":"https:\/\/www.sonoraenequipo.com.mx\/#\/schema\/person\/image\/","url":"https:\/\/secure.gravatar.com\/avatar\/049821681b589dabc0bc20695993ccebb09f5b5d4d790cd9251b97faac7c652b?s=96&d=blank&r=g","contentUrl":"https:\/\/secure.gravatar.com\/avatar\/049821681b589dabc0bc20695993ccebb09f5b5d4d790cd9251b97faac7c652b?s=96&d=blank&r=g","caption":"enequipo"},"sameAs":["https:\/\/www.facebook.com\/SonoraEE"]}]}},"jetpack_featured_media_url":"https:\/\/www.sonoraenequipo.com.mx\/storage\/2023\/09\/papa-francisco...-min-1.jpg","_links":{"self":[{"href":"https:\/\/www.sonoraenequipo.com.mx\/api\/wp\/v2\/posts\/188126","targetHints":{"allow":["GET"]}}],"collection":[{"href":"https:\/\/www.sonoraenequipo.com.mx\/api\/wp\/v2\/posts"}],"about":[{"href":"https:\/\/www.sonoraenequipo.com.mx\/api\/wp\/v2\/types\/post"}],"author":[{"embeddable":true,"href":"https:\/\/www.sonoraenequipo.com.mx\/api\/wp\/v2\/users\/1"}],"replies":[{"embeddable":true,"href":"https:\/\/www.sonoraenequipo.com.mx\/api\/wp\/v2\/comments?post=188126"}],"version-history":[{"count":2,"href":"https:\/\/www.sonoraenequipo.com.mx\/api\/wp\/v2\/posts\/188126\/revisions"}],"predecessor-version":[{"id":188128,"href":"https:\/\/www.sonoraenequipo.com.mx\/api\/wp\/v2\/posts\/188126\/revisions\/188128"}],"wp:featuredmedia":[{"embeddable":true,"href":"https:\/\/www.sonoraenequipo.com.mx\/api\/wp\/v2\/media\/175511"}],"wp:attachment":[{"href":"https:\/\/www.sonoraenequipo.com.mx\/api\/wp\/v2\/media?parent=188126"}],"wp:term":[{"taxonomy":"category","embeddable":true,"href":"https:\/\/www.sonoraenequipo.com.mx\/api\/wp\/v2\/categories?post=188126"},{"taxonomy":"post_tag","embeddable":true,"href":"https:\/\/www.sonoraenequipo.com.mx\/api\/wp\/v2\/tags?post=188126"}],"curies":[{"name":"wp","href":"https:\/\/api.w.org\/{rel}","templated":true}]}}