{"id":188129,"date":"2024-04-22T14:22:43","date_gmt":"2024-04-22T21:22:43","guid":{"rendered":"https:\/\/www.sonoraenequipo.com.mx\/?p=188129"},"modified":"2024-04-22T14:22:43","modified_gmt":"2024-04-22T21:22:43","slug":"organizan-congreso-para-combatir-abusos-de-poder-en-la-iglesia-catolica","status":"publish","type":"post","link":"https:\/\/www.sonoraenequipo.com.mx\/organizan-congreso-para-combatir-abusos-de-poder-en-la-iglesia-catolica\/","title":{"rendered":"Organizan congreso para combatir abusos de poder en la Iglesia Cat\u00f3lica"},"content":{"rendered":"<p><strong>MADRID,ESPA\u00d1A.&#8211;<\/strong> Abordar las causas estructurales y las posibles v\u00edas de soluci\u00f3n desde el di\u00e1logo de la teolog\u00eda con otras disciplinas es el objetivo del I Congreso Internacional sobre abusos de poder en la Iglesia Cat\u00f3lica que tendr\u00e1 lugar en Madrid del 5 al 7 de junio pr\u00f3ximos.<\/p>\n<p>&nbsp;<\/p>\n<p>Al evento se podr\u00e1 acudir tanto de forma presencial como a trav\u00e9s de Internet y tendr\u00e1 traducci\u00f3n simult\u00e1nea al espa\u00f1ol e ingl\u00e9s.<\/p>\n<p>&nbsp;<\/p>\n<p>El evento tiene su origen en el Proyecto Jord\u00e1n, una investigaci\u00f3n interdisciplinar realizada por UNIJES, la red de centros universitarios vinculados a la Compa\u00f1\u00eda de Jes\u00fas, que trata desde 2019 de estudiar las causas estructurales de los abusos de poder (que incluyen aspectos relacionados con la autoridad, la conciencia y la sexualidad, entre otros).<\/p>\n<p>&nbsp;<\/p>\n<p>&nbsp;<\/p>\n<p>El Provincial de la Compa\u00f1\u00eda de Jes\u00fas en Espa\u00f1a, P. Enric Puigros, SJ, espera que el congreso sirva para \u201cprofesionalizar la respuesta\u201d ante este desaf\u00edo dentro de las instituciones cat\u00f3licas, as\u00ed como hacer que sea \u201cm\u00e1s respetuosa con el sufrimiento que viven las v\u00edctimas\u201d.<\/p>\n<p>&nbsp;<\/p>\n<p>El congreso se realizar\u00e1 en el llamado Espacio Maldonado, dentro del complejo parroquial de San Francisco de Borja, en Madrid, y se estructurar\u00e1 en torno a tres bloques tem\u00e1ticos: Abusos y poder: perspectiva teol\u00f3gica; relaciones eclesiales y dimensi\u00f3n estructural del abuso; y Propuestas para un futuro esperanzador.<\/p>\n<p>&nbsp;<\/p>\n<p>Estos asuntos se abordar\u00e1n en las sesiones plenarias que tendr\u00e1n lugar por las ma\u00f1anas. Por las tardes se podr\u00e1n valorar las comunicaciones presentadas por los asistentes, relacionadas con los argumentos de los principales ejes tem\u00e1ticos.<\/p>\n<p>&nbsp;<\/p>\n<p>&nbsp;<\/p>\n<p>Adem\u00e1s, est\u00e1 prevista la realizaci\u00f3n de dos espacios de trabajo (itinerarios) que abordar\u00e1n la relaci\u00f3n entre \u201cCultura eclesial y abusos\u201d y entre \u201cEstructura eclesial y abuso\u201d.<\/p>\n<p>&nbsp;<\/p>\n<p>Dirigido a investigadores del abuso de poder desde perspectivas teol\u00f3gicas o seculares, el congreso est\u00e1 abierto a asociaciones de v\u00edctimas, responsables de oficinas de atenci\u00f3n a v\u00edctimas, profesionales del cuidados y mediadores, entre otros.<\/p>\n<p>&nbsp;<\/p>\n<p>Entre los ponentes, est\u00e1 confirmada la participaci\u00f3n del Arzobispo de Madrid, Cardenal Jos\u00e9 Cobo, la subsecretaria del Dicasterio para los Laicos, la Familia y la Vida, Linda Ghisoni y el coordinador del programa Promoci\u00f3n de una Cultura Consistente de Protecci\u00f3n (PCCP) de la Compa\u00f1\u00eda de Jes\u00fas, John Guiney, SJ, adem\u00e1s del provincial jesuita en Espa\u00f1a.<\/p>\n<p>&nbsp;<\/p>\n<p>&nbsp;<\/p>\n<p>El congreso est\u00e1 cofinanciado por P\u00f3rticus, fundaci\u00f3n de la familia Brenningkmeijer, propietaria del holding Cofra que incluye la marca de ropa CyA. Las inscripciones est\u00e1n abiertas hasta el 15 de mayo de 2024.<\/p>\n<p><strong>Fecha de publicaci\u00f3n lunes 22 de abril de 2024 \/ Por Nicol\u00e1s de C\u00e1rdenas ACI Prensa<\/strong><\/p>\n","protected":false},"excerpt":{"rendered":"<p>MADRID,ESPA\u00d1A.&#8211; Abordar las causas estructurales y las posibles v\u00edas de soluci\u00f3n desde el di\u00e1logo de&#8230;<\/p>\n","protected":false},"author":1,"featured_media":188130,"comment_status":"open","ping_status":"open","sticky":false,"template":"","format":"standard","meta":{"_monsterinsights_skip_tracking":false,"_monsterinsights_sitenote_active":false,"_monsterinsights_sitenote_note":"","_monsterinsights_sitenote_category":0,"footnotes":""},"categories":[3],"tags":[5347,578],"class_list":["post"],"yoast_head":" \n<title>Sonora en Equipo. Organizan congreso para combatir abusos de poder en la Iglesia Cat\u00f3lica MUNDO<\/title>\n<meta name=\"description\" content=\"MADRID,ESPA\u00d1A.-- Abordar las causas estructurales y las posibles v\u00edas de soluci\u00f3n desde el di\u00e1logo de la teolog\u00eda con otras disciplinas es el objetivo del En Sonora en Equipo publicamos toda la informaci\u00f3n de Sonora, M\u00e9xico y el Mundo de manera oportuna y busca que la libertad de expresi\u00f3n sea real. Visita nuestro medio informativo publicado desde Hermosillo, Sonora. %\" \/>\n<meta name=\"robots\" content=\"index, follow, max-snippet:-1, max-image-preview:large, max-video-preview:-1\" \/>\n<link rel=\"canonical\" href=\"https:\/\/www.sonoraenequipo.com.mx\/organizan-congreso-para-combatir-abusos-de-poder-en-la-iglesia-catolica\/\" \/>\n<meta property=\"og:locale\" content=\"es_ES\" \/>\n<meta property=\"og:type\" content=\"article\" \/>\n<meta property=\"og:title\" content=\"Sonora en Equipo. Organizan congreso para combatir abusos de poder en la Iglesia Cat\u00f3lica MUNDO\" \/>\n<meta property=\"og:description\" content=\"MADRID,ESPA\u00d1A.-- Abordar las causas estructurales y las posibles v\u00edas de soluci\u00f3n desde el di\u00e1logo de la teolog\u00eda con otras disciplinas es el objetivo del En Sonora en Equipo publicamos toda la informaci\u00f3n de Sonora, M\u00e9xico y el Mundo de manera oportuna y busca que la libertad de expresi\u00f3n sea real. Visita nuestro medio informativo publicado desde Hermosillo, Sonora. %\" \/>\n<meta property=\"og:url\" content=\"https:\/\/www.sonoraenequipo.com.mx\/organizan-congreso-para-combatir-abusos-de-poder-en-la-iglesia-catolica\/\" \/>\n<meta property=\"og:site_name\" content=\"Sonora en Equipo.\" \/>\n<meta property=\"article:publisher\" content=\"https:\/\/www.facebook.com\/SonoraEE\/\" \/>\n<meta property=\"article:author\" content=\"https:\/\/www.facebook.com\/SonoraEE\" \/>\n<meta property=\"article:published_time\" content=\"2024-04-22T21:22:43+00:00\" \/>\n<meta property=\"og:image\" content=\"https:\/\/www.sonoraenequipo.com.mx\/storage\/2024\/04\/altar.jpg\" \/>\n\t<meta property=\"og:image:width\" content=\"670\" \/>\n\t<meta property=\"og:image:height\" content=\"447\" \/>\n\t<meta property=\"og:image:type\" content=\"image\/jpeg\" \/>\n<meta name=\"author\" content=\"enequipo\" \/>\n<meta name=\"twitter:card\" content=\"summary_large_image\" \/>\n<meta name=\"twitter:creator\" content=\"@sonoraenequipo\" \/>\n<meta name=\"twitter:site\" content=\"@sonoraenequipo\" \/>\n<meta name=\"twitter:label1\" content=\"Escrito por\" \/>\n\t<meta name=\"twitter:data1\" content=\"enequipo\" \/>\n\t<meta name=\"twitter:label2\" content=\"Tiempo de lectura\" \/>\n\t<meta name=\"twitter:data2\" content=\"2 minutos\" \/>\n<script type=\"application\/ld+json\" class=\"yoast-schema-graph\">{\"@context\":\"https:\/\/schema.org\",\"@graph\":[{\"@type\":\"Article\",\"@id\":\"https:\/\/www.sonoraenequipo.com.mx\/organizan-congreso-para-combatir-abusos-de-poder-en-la-iglesia-catolica\/#article\",\"isPartOf\":{\"@id\":\"https:\/\/www.sonoraenequipo.com.mx\/organizan-congreso-para-combatir-abusos-de-poder-en-la-iglesia-catolica\/\"},\"author\":{\"name\":\"enequipo\",\"@id\":\"https:\/\/www.sonoraenequipo.com.mx\/#\/schema\/person\/50102df0fb23a8fa9e8effad8fa81386\"},\"headline\":\"Organizan congreso para combatir abusos de poder en la Iglesia Cat\u00f3lica\",\"datePublished\":\"2024-04-22T21:22:43+00:00\",\"mainEntityOfPage\":{\"@id\":\"https:\/\/www.sonoraenequipo.com.mx\/organizan-congreso-para-combatir-abusos-de-poder-en-la-iglesia-catolica\/\"},\"wordCount\":483,\"commentCount\":0,\"publisher\":{\"@id\":\"https:\/\/www.sonoraenequipo.com.mx\/#organization\"},\"image\":{\"@id\":\"https:\/\/www.sonoraenequipo.com.mx\/organizan-congreso-para-combatir-abusos-de-poder-en-la-iglesia-catolica\/#primaryimage\"},\"thumbnailUrl\":\"https:\/\/www.sonoraenequipo.com.mx\/storage\/2024\/04\/altar.jpg\",\"keywords\":[\"CATOLICA\",\"IGLESIA\"],\"articleSection\":[\"MUNDO\"],\"inLanguage\":\"es\",\"potentialAction\":[{\"@type\":\"CommentAction\",\"name\":\"Comment\",\"target\":[\"https:\/\/www.sonoraenequipo.com.mx\/organizan-congreso-para-combatir-abusos-de-poder-en-la-iglesia-catolica\/#respond\"]}]},{\"@type\":\"WebPage\",\"@id\":\"https:\/\/www.sonoraenequipo.com.mx\/organizan-congreso-para-combatir-abusos-de-poder-en-la-iglesia-catolica\/\",\"url\":\"https:\/\/www.sonoraenequipo.com.mx\/organizan-congreso-para-combatir-abusos-de-poder-en-la-iglesia-catolica\/\",\"name\":\"Sonora en Equipo. Organizan congreso para combatir abusos de poder en la Iglesia Cat\u00f3lica MUNDO\",\"isPartOf\":{\"@id\":\"https:\/\/www.sonoraenequipo.com.mx\/#website\"},\"primaryImageOfPage\":{\"@id\":\"https:\/\/www.sonoraenequipo.com.mx\/organizan-congreso-para-combatir-abusos-de-poder-en-la-iglesia-catolica\/#primaryimage\"},\"image\":{\"@id\":\"https:\/\/www.sonoraenequipo.com.mx\/organizan-congreso-para-combatir-abusos-de-poder-en-la-iglesia-catolica\/#primaryimage\"},\"thumbnailUrl\":\"https:\/\/www.sonoraenequipo.com.mx\/storage\/2024\/04\/altar.jpg\",\"datePublished\":\"2024-04-22T21:22:43+00:00\",\"description\":\"MADRID,ESPA\u00d1A.-- Abordar las causas estructurales y las posibles v\u00edas de soluci\u00f3n desde el di\u00e1logo de la teolog\u00eda con otras disciplinas es el objetivo del En Sonora en Equipo publicamos toda la informaci\u00f3n de Sonora, M\u00e9xico y el Mundo de manera oportuna y busca que la libertad de expresi\u00f3n sea real. Visita nuestro medio informativo publicado desde Hermosillo, Sonora. %\",\"breadcrumb\":{\"@id\":\"https:\/\/www.sonoraenequipo.com.mx\/organizan-congreso-para-combatir-abusos-de-poder-en-la-iglesia-catolica\/#breadcrumb\"},\"inLanguage\":\"es\",\"potentialAction\":[{\"@type\":\"ReadAction\",\"target\":[\"https:\/\/www.sonoraenequipo.com.mx\/organizan-congreso-para-combatir-abusos-de-poder-en-la-iglesia-catolica\/\"]}]},{\"@type\":\"ImageObject\",\"inLanguage\":\"es\",\"@id\":\"https:\/\/www.sonoraenequipo.com.mx\/organizan-congreso-para-combatir-abusos-de-poder-en-la-iglesia-catolica\/#primaryimage\",\"url\":\"https:\/\/www.sonoraenequipo.com.mx\/storage\/2024\/04\/altar.jpg\",\"contentUrl\":\"https:\/\/www.sonoraenequipo.com.mx\/storage\/2024\/04\/altar.jpg\",\"width\":670,\"height\":447},{\"@type\":\"BreadcrumbList\",\"@id\":\"https:\/\/www.sonoraenequipo.com.mx\/organizan-congreso-para-combatir-abusos-de-poder-en-la-iglesia-catolica\/#breadcrumb\",\"itemListElement\":[{\"@type\":\"ListItem\",\"position\":1,\"name\":\"Portada\",\"item\":\"https:\/\/www.sonoraenequipo.com.mx\/\"},{\"@type\":\"ListItem\",\"position\":2,\"name\":\"Organizan congreso para combatir abusos de poder en la Iglesia Cat\u00f3lica\"}]},{\"@type\":\"WebSite\",\"@id\":\"https:\/\/www.sonoraenequipo.com.mx\/#website\",\"url\":\"https:\/\/www.sonoraenequipo.com.mx\/\",\"name\":\"Sonora en Equipo.\",\"description\":\"Diario en l\u00ednea con Noticias desde Hermosillo, Sonora\",\"publisher\":{\"@id\":\"https:\/\/www.sonoraenequipo.com.mx\/#organization\"},\"potentialAction\":[{\"@type\":\"SearchAction\",\"target\":{\"@type\":\"EntryPoint\",\"urlTemplate\":\"https:\/\/www.sonoraenequipo.com.mx\/?s={search_term_string}\"},\"query-input\":{\"@type\":\"PropertyValueSpecification\",\"valueRequired\":true,\"valueName\":\"search_term_string\"}}],\"inLanguage\":\"es\"},{\"@type\":\"Organization\",\"@id\":\"https:\/\/www.sonoraenequipo.com.mx\/#organization\",\"name\":\"Sonoraenequipo.com.mx\",\"url\":\"https:\/\/www.sonoraenequipo.com.mx\/\",\"logo\":{\"@type\":\"ImageObject\",\"inLanguage\":\"es\",\"@id\":\"https:\/\/www.sonoraenequipo.com.mx\/#\/schema\/logo\/image\/\",\"url\":\"https:\/\/www.sonoraenequipo.com.mx\/storage\/2019\/01\/sonoraenequipo_opt.png\",\"contentUrl\":\"https:\/\/www.sonoraenequipo.com.mx\/storage\/2019\/01\/sonoraenequipo_opt.png\",\"width\":375,\"height\":125,\"caption\":\"Sonoraenequipo.com.mx\"},\"image\":{\"@id\":\"https:\/\/www.sonoraenequipo.com.mx\/#\/schema\/logo\/image\/\"},\"sameAs\":[\"https:\/\/www.facebook.com\/SonoraEE\/\",\"https:\/\/x.com\/sonoraenequipo\",\"https:\/\/www.youtube.com\/channel\/UC338nW-lPEYmJQs4ZABQ1SQ\"]},{\"@type\":\"Person\",\"@id\":\"https:\/\/www.sonoraenequipo.com.mx\/#\/schema\/person\/50102df0fb23a8fa9e8effad8fa81386\",\"name\":\"enequipo\",\"image\":{\"@type\":\"ImageObject\",\"inLanguage\":\"es\",\"@id\":\"https:\/\/www.sonoraenequipo.com.mx\/#\/schema\/person\/image\/\",\"url\":\"https:\/\/secure.gravatar.com\/avatar\/049821681b589dabc0bc20695993ccebb09f5b5d4d790cd9251b97faac7c652b?s=96&d=blank&r=g\",\"contentUrl\":\"https:\/\/secure.gravatar.com\/avatar\/049821681b589dabc0bc20695993ccebb09f5b5d4d790cd9251b97faac7c652b?s=96&d=blank&r=g\",\"caption\":\"enequipo\"},\"sameAs\":[\"https:\/\/www.facebook.com\/SonoraEE\"]}]}<\/script>\n ","yoast_head_json":{"title":"Sonora en Equipo. Organizan congreso para combatir abusos de poder en la Iglesia Cat\u00f3lica MUNDO","description":"MADRID,ESPA\u00d1A.-- Abordar las causas estructurales y las posibles v\u00edas de soluci\u00f3n desde el di\u00e1logo de la teolog\u00eda con otras disciplinas es el objetivo del En Sonora en Equipo publicamos toda la informaci\u00f3n de Sonora, M\u00e9xico y el Mundo de manera oportuna y busca que la libertad de expresi\u00f3n sea real. Visita nuestro medio informativo publicado desde Hermosillo, Sonora. %","robots":{"index":"index","follow":"follow","max-snippet":"max-snippet:-1","max-image-preview":"max-image-preview:large","max-video-preview":"max-video-preview:-1"},"canonical":"https:\/\/www.sonoraenequipo.com.mx\/organizan-congreso-para-combatir-abusos-de-poder-en-la-iglesia-catolica\/","og_locale":"es_ES","og_type":"article","og_title":"Sonora en Equipo. Organizan congreso para combatir abusos de poder en la Iglesia Cat\u00f3lica MUNDO","og_description":"MADRID,ESPA\u00d1A.-- Abordar las causas estructurales y las posibles v\u00edas de soluci\u00f3n desde el di\u00e1logo de la teolog\u00eda con otras disciplinas es el objetivo del En Sonora en Equipo publicamos toda la informaci\u00f3n de Sonora, M\u00e9xico y el Mundo de manera oportuna y busca que la libertad de expresi\u00f3n sea real. Visita nuestro medio informativo publicado desde Hermosillo, Sonora. %","og_url":"https:\/\/www.sonoraenequipo.com.mx\/organizan-congreso-para-combatir-abusos-de-poder-en-la-iglesia-catolica\/","og_site_name":"Sonora en Equipo.","article_publisher":"https:\/\/www.facebook.com\/SonoraEE\/","article_author":"https:\/\/www.facebook.com\/SonoraEE","article_published_time":"2024-04-22T21:22:43+00:00","og_image":[{"width":670,"height":447,"url":"https:\/\/www.sonoraenequipo.com.mx\/storage\/2024\/04\/altar.jpg","type":"image\/jpeg"}],"author":"enequipo","twitter_card":"summary_large_image","twitter_creator":"@sonoraenequipo","twitter_site":"@sonoraenequipo","twitter_misc":{"Escrito por":"enequipo","Tiempo de lectura":"2 minutos"},"schema":{"@context":"https:\/\/schema.org","@graph":[{"@type":"Article","@id":"https:\/\/www.sonoraenequipo.com.mx\/organizan-congreso-para-combatir-abusos-de-poder-en-la-iglesia-catolica\/#article","isPartOf":{"@id":"https:\/\/www.sonoraenequipo.com.mx\/organizan-congreso-para-combatir-abusos-de-poder-en-la-iglesia-catolica\/"},"author":{"name":"enequipo","@id":"https:\/\/www.sonoraenequipo.com.mx\/#\/schema\/person\/50102df0fb23a8fa9e8effad8fa81386"},"headline":"Organizan congreso para combatir abusos de poder en la Iglesia Cat\u00f3lica","datePublished":"2024-04-22T21:22:43+00:00","mainEntityOfPage":{"@id":"https:\/\/www.sonoraenequipo.com.mx\/organizan-congreso-para-combatir-abusos-de-poder-en-la-iglesia-catolica\/"},"wordCount":483,"commentCount":0,"publisher":{"@id":"https:\/\/www.sonoraenequipo.com.mx\/#organization"},"image":{"@id":"https:\/\/www.sonoraenequipo.com.mx\/organizan-congreso-para-combatir-abusos-de-poder-en-la-iglesia-catolica\/#primaryimage"},"thumbnailUrl":"https:\/\/www.sonoraenequipo.com.mx\/storage\/2024\/04\/altar.jpg","keywords":["CATOLICA","IGLESIA"],"articleSection":["MUNDO"],"inLanguage":"es","potentialAction":[{"@type":"CommentAction","name":"Comment","target":["https:\/\/www.sonoraenequipo.com.mx\/organizan-congreso-para-combatir-abusos-de-poder-en-la-iglesia-catolica\/#respond"]}]},{"@type":"WebPage","@id":"https:\/\/www.sonoraenequipo.com.mx\/organizan-congreso-para-combatir-abusos-de-poder-en-la-iglesia-catolica\/","url":"https:\/\/www.sonoraenequipo.com.mx\/organizan-congreso-para-combatir-abusos-de-poder-en-la-iglesia-catolica\/","name":"Sonora en Equipo. Organizan congreso para combatir abusos de poder en la Iglesia Cat\u00f3lica MUNDO","isPartOf":{"@id":"https:\/\/www.sonoraenequipo.com.mx\/#website"},"primaryImageOfPage":{"@id":"https:\/\/www.sonoraenequipo.com.mx\/organizan-congreso-para-combatir-abusos-de-poder-en-la-iglesia-catolica\/#primaryimage"},"image":{"@id":"https:\/\/www.sonoraenequipo.com.mx\/organizan-congreso-para-combatir-abusos-de-poder-en-la-iglesia-catolica\/#primaryimage"},"thumbnailUrl":"https:\/\/www.sonoraenequipo.com.mx\/storage\/2024\/04\/altar.jpg","datePublished":"2024-04-22T21:22:43+00:00","description":"MADRID,ESPA\u00d1A.-- Abordar las causas estructurales y las posibles v\u00edas de soluci\u00f3n desde el di\u00e1logo de la teolog\u00eda con otras disciplinas es el objetivo del En Sonora en Equipo publicamos toda la informaci\u00f3n de Sonora, M\u00e9xico y el Mundo de manera oportuna y busca que la libertad de expresi\u00f3n sea real. Visita nuestro medio informativo publicado desde Hermosillo, Sonora. %","breadcrumb":{"@id":"https:\/\/www.sonoraenequipo.com.mx\/organizan-congreso-para-combatir-abusos-de-poder-en-la-iglesia-catolica\/#breadcrumb"},"inLanguage":"es","potentialAction":[{"@type":"ReadAction","target":["https:\/\/www.sonoraenequipo.com.mx\/organizan-congreso-para-combatir-abusos-de-poder-en-la-iglesia-catolica\/"]}]},{"@type":"ImageObject","inLanguage":"es","@id":"https:\/\/www.sonoraenequipo.com.mx\/organizan-congreso-para-combatir-abusos-de-poder-en-la-iglesia-catolica\/#primaryimage","url":"https:\/\/www.sonoraenequipo.com.mx\/storage\/2024\/04\/altar.jpg","contentUrl":"https:\/\/www.sonoraenequipo.com.mx\/storage\/2024\/04\/altar.jpg","width":670,"height":447},{"@type":"BreadcrumbList","@id":"https:\/\/www.sonoraenequipo.com.mx\/organizan-congreso-para-combatir-abusos-de-poder-en-la-iglesia-catolica\/#breadcrumb","itemListElement":[{"@type":"ListItem","position":1,"name":"Portada","item":"https:\/\/www.sonoraenequipo.com.mx\/"},{"@type":"ListItem","position":2,"name":"Organizan congreso para combatir abusos de poder en la Iglesia Cat\u00f3lica"}]},{"@type":"WebSite","@id":"https:\/\/www.sonoraenequipo.com.mx\/#website","url":"https:\/\/www.sonoraenequipo.com.mx\/","name":"Sonora en Equipo.","description":"Diario en l\u00ednea con Noticias desde Hermosillo, Sonora","publisher":{"@id":"https:\/\/www.sonoraenequipo.com.mx\/#organization"},"potentialAction":[{"@type":"SearchAction","target":{"@type":"EntryPoint","urlTemplate":"https:\/\/www.sonoraenequipo.com.mx\/?s={search_term_string}"},"query-input":{"@type":"PropertyValueSpecification","valueRequired":true,"valueName":"search_term_string"}}],"inLanguage":"es"},{"@type":"Organization","@id":"https:\/\/www.sonoraenequipo.com.mx\/#organization","name":"Sonoraenequipo.com.mx","url":"https:\/\/www.sonoraenequipo.com.mx\/","logo":{"@type":"ImageObject","inLanguage":"es","@id":"https:\/\/www.sonoraenequipo.com.mx\/#\/schema\/logo\/image\/","url":"https:\/\/www.sonoraenequipo.com.mx\/storage\/2019\/01\/sonoraenequipo_opt.png","contentUrl":"https:\/\/www.sonoraenequipo.com.mx\/storage\/2019\/01\/sonoraenequipo_opt.png","width":375,"height":125,"caption":"Sonoraenequipo.com.mx"},"image":{"@id":"https:\/\/www.sonoraenequipo.com.mx\/#\/schema\/logo\/image\/"},"sameAs":["https:\/\/www.facebook.com\/SonoraEE\/","https:\/\/x.com\/sonoraenequipo","https:\/\/www.youtube.com\/channel\/UC338nW-lPEYmJQs4ZABQ1SQ"]},{"@type":"Person","@id":"https:\/\/www.sonoraenequipo.com.mx\/#\/schema\/person\/50102df0fb23a8fa9e8effad8fa81386","name":"enequipo","image":{"@type":"ImageObject","inLanguage":"es","@id":"https:\/\/www.sonoraenequipo.com.mx\/#\/schema\/person\/image\/","url":"https:\/\/secure.gravatar.com\/avatar\/049821681b589dabc0bc20695993ccebb09f5b5d4d790cd9251b97faac7c652b?s=96&d=blank&r=g","contentUrl":"https:\/\/secure.gravatar.com\/avatar\/049821681b589dabc0bc20695993ccebb09f5b5d4d790cd9251b97faac7c652b?s=96&d=blank&r=g","caption":"enequipo"},"sameAs":["https:\/\/www.facebook.com\/SonoraEE"]}]}},"jetpack_featured_media_url":"https:\/\/www.sonoraenequipo.com.mx\/storage\/2024\/04\/altar.jpg","_links":{"self":[{"href":"https:\/\/www.sonoraenequipo.com.mx\/api\/wp\/v2\/posts\/188129","targetHints":{"allow":["GET"]}}],"collection":[{"href":"https:\/\/www.sonoraenequipo.com.mx\/api\/wp\/v2\/posts"}],"about":[{"href":"https:\/\/www.sonoraenequipo.com.mx\/api\/wp\/v2\/types\/post"}],"author":[{"embeddable":true,"href":"https:\/\/www.sonoraenequipo.com.mx\/api\/wp\/v2\/users\/1"}],"replies":[{"embeddable":true,"href":"https:\/\/www.sonoraenequipo.com.mx\/api\/wp\/v2\/comments?post=188129"}],"version-history":[{"count":1,"href":"https:\/\/www.sonoraenequipo.com.mx\/api\/wp\/v2\/posts\/188129\/revisions"}],"predecessor-version":[{"id":188131,"href":"https:\/\/www.sonoraenequipo.com.mx\/api\/wp\/v2\/posts\/188129\/revisions\/188131"}],"wp:featuredmedia":[{"embeddable":true,"href":"https:\/\/www.sonoraenequipo.com.mx\/api\/wp\/v2\/media\/188130"}],"wp:attachment":[{"href":"https:\/\/www.sonoraenequipo.com.mx\/api\/wp\/v2\/media?parent=188129"}],"wp:term":[{"taxonomy":"category","embeddable":true,"href":"https:\/\/www.sonoraenequipo.com.mx\/api\/wp\/v2\/categories?post=188129"},{"taxonomy":"post_tag","embeddable":true,"href":"https:\/\/www.sonoraenequipo.com.mx\/api\/wp\/v2\/tags?post=188129"}],"curies":[{"name":"wp","href":"https:\/\/api.w.org\/{rel}","templated":true}]}}