{"id":188136,"date":"2024-04-22T15:42:56","date_gmt":"2024-04-22T22:42:56","guid":{"rendered":"https:\/\/www.sonoraenequipo.com.mx\/?p=188136"},"modified":"2024-04-22T17:19:01","modified_gmt":"2024-04-23T00:19:01","slug":"mexico-busca-acelerar-la-entrega-de-jorge-glas-y-pide-ayuda-a-suiza","status":"publish","type":"post","link":"https:\/\/www.sonoraenequipo.com.mx\/mexico-busca-acelerar-la-entrega-de-jorge-glas-y-pide-ayuda-a-suiza\/","title":{"rendered":"M\u00e9xico busca acelerar la entrega de Jorge Glas y pide ayuda a Suiza"},"content":{"rendered":"<p><strong>CIUDAD DE M\u00c9XICO. MX. \u2014<\/strong> La canciller mexicana, Alicia B\u00e1rcena, inform\u00f3 que la Secretar\u00eda de Relaciones Exteriores (SRE) recibi\u00f3 una carta enviada por el ex vicepresidente de Ecuador, Jorge Glas, solicitando intervenci\u00f3n del gobierno mexicano.<\/p>\n<p>&nbsp;<\/p>\n<p> <\/p>\n<p>B\u00e1rcena expres\u00f3 preocupaci\u00f3n por la salud de Glas y revel\u00f3 que M\u00e9xico pidi\u00f3 la intervenci\u00f3n de otros pa\u00edses, como Suiza.<\/p>\n<p>&nbsp;<\/p>\n<p>&nbsp;<\/p>\n<p>Durante la conferencia matutina del presidente Andr\u00e9s Manuel L\u00f3pez Obrador, La canciller mencion\u00f3 que la embajada suiza se ofreci\u00f3 a visitar a Glas y a interceder ante las autoridades ecuatorianas en su nombre.<\/p>\n<p>&nbsp;<\/p>\n<p>La titular de la SRE reiter\u00f3 que el gobierno mexicano ha acudido a diferentes instancias, incluido el Consejo de Derechos de las Naciones Unidas, y est\u00e1 solicitando la entrega de Glas en asilo conforme a la Convenci\u00f3n de Caracas.<\/p>\n<p>&nbsp;<\/p>\n<p>Sin embargo, aclar\u00f3 que hasta el momento no se ha establecido contacto con el gobierno de Ecuador.<\/p>\n<p>&nbsp;<\/p>\n<p>B\u00e1rcena mencion\u00f3 que est\u00e1n evaluando diferentes estrategias para acelerar la entrega de Glas y asegurar su retorno a M\u00e9xico.<\/p>\n<p>&nbsp;<\/p>\n<p>&nbsp;<\/p>\n<p>Se est\u00e1n realizando gestiones en diversas instancias, incluido el Consejo de Derechos Humanos y la Convenci\u00f3n de Caracas.<\/p>\n<p>&nbsp;<\/p>\n<p>&nbsp;<\/p>\n<p>Adem\u00e1s, se ha solicitado apoyo a terceros pa\u00edses, como Suiza, y a la nunciatura, para interceder ante las autoridades ecuatorianas en favor de Glas. B\u00e1rcena tambi\u00e9n destac\u00f3 que la Secretar\u00eda de Relaciones Exteriores est\u00e1 enfocada en el juicio ante la Corte Internacional de Justicia por el asalto a la Embajada de M\u00e9xico en Quito, cuya audiencia est\u00e1 programada para el 30 de abril.<\/p>\n<p>&nbsp;<\/p>\n<p>Hasta el momento, las relaciones diplom\u00e1ticas con Ecuador siguen rotas, sin contacto alguno desde los eventos ocurridos en la embajada mexicana.<\/p>\n<p>&nbsp;<\/p>\n<p>La controversia surgi\u00f3 tras el allanamiento policial en la embajada el 5 de abril para llevarse a Glas, quien estaba refugiado ah\u00ed desde diciembre.<\/p>\n<p>&nbsp;<\/p>\n<p>Aunque un tribunal ecuatoriano declar\u00f3 la detenci\u00f3n de Glas en la embajada como ilegal y arbitraria, sigue encarcelado por casos de corrupci\u00f3n. En una carta enviada el 15 de abril a L\u00f3pez Obrador, Glas expres\u00f3 su situaci\u00f3n en prisi\u00f3n y su huelga de hambre.<\/p>\n<p>&nbsp;<\/p>\n<p>&nbsp;<\/p>\n<p>PUBLICADO EL 22 DE ABRIL DE 2024\/ Con informaci\u00f3n de GOBMEX)<\/p>\n","protected":false},"excerpt":{"rendered":"<p>CIUDAD DE M\u00c9XICO. MX. \u2014 La canciller mexicana, Alicia B\u00e1rcena, inform\u00f3 que la Secretar\u00eda de&#8230;<\/p>\n","protected":false},"author":1,"featured_media":188138,"comment_status":"open","ping_status":"open","sticky":false,"template":"","format":"standard","meta":{"_monsterinsights_skip_tracking":false,"_monsterinsights_sitenote_active":false,"_monsterinsights_sitenote_note":"","_monsterinsights_sitenote_category":0,"footnotes":""},"categories":[3],"tags":[],"class_list":["post"],"yoast_head":" \n<title>Sonora en Equipo. M\u00e9xico busca acelerar la entrega de Jorge Glas y pide ayuda a Suiza MUNDO<\/title>\n<meta name=\"description\" content=\"CIUDAD DE M\u00c9XICO. MX. \u2014 La canciller mexicana, Alicia B\u00e1rcena, inform\u00f3 que la Secretar\u00eda de Relaciones Exteriores (SRE) recibi\u00f3 una carta enviada por el En Sonora en Equipo publicamos toda la informaci\u00f3n de Sonora, M\u00e9xico y el Mundo de manera oportuna y busca que la libertad de expresi\u00f3n sea real. Visita nuestro medio informativo publicado desde Hermosillo, Sonora. %\" \/>\n<meta name=\"robots\" content=\"index, follow, max-snippet:-1, max-image-preview:large, max-video-preview:-1\" \/>\n<link rel=\"canonical\" href=\"https:\/\/www.sonoraenequipo.com.mx\/mexico-busca-acelerar-la-entrega-de-jorge-glas-y-pide-ayuda-a-suiza\/\" \/>\n<meta property=\"og:locale\" content=\"es_ES\" \/>\n<meta property=\"og:type\" content=\"article\" \/>\n<meta property=\"og:title\" content=\"Sonora en Equipo. M\u00e9xico busca acelerar la entrega de Jorge Glas y pide ayuda a Suiza MUNDO\" \/>\n<meta property=\"og:description\" content=\"CIUDAD DE M\u00c9XICO. MX. \u2014 La canciller mexicana, Alicia B\u00e1rcena, inform\u00f3 que la Secretar\u00eda de Relaciones Exteriores (SRE) recibi\u00f3 una carta enviada por el En Sonora en Equipo publicamos toda la informaci\u00f3n de Sonora, M\u00e9xico y el Mundo de manera oportuna y busca que la libertad de expresi\u00f3n sea real. Visita nuestro medio informativo publicado desde Hermosillo, Sonora. %\" \/>\n<meta property=\"og:url\" content=\"https:\/\/www.sonoraenequipo.com.mx\/mexico-busca-acelerar-la-entrega-de-jorge-glas-y-pide-ayuda-a-suiza\/\" \/>\n<meta property=\"og:site_name\" content=\"Sonora en Equipo.\" \/>\n<meta property=\"article:publisher\" content=\"https:\/\/www.facebook.com\/SonoraEE\/\" \/>\n<meta property=\"article:author\" content=\"https:\/\/www.facebook.com\/SonoraEE\" \/>\n<meta property=\"article:published_time\" content=\"2024-04-22T22:42:56+00:00\" \/>\n<meta property=\"article:modified_time\" content=\"2024-04-23T00:19:01+00:00\" \/>\n<meta property=\"og:image\" content=\"https:\/\/www.sonoraenequipo.com.mx\/storage\/2024\/04\/Jorge-Glass-min.jpg\" \/>\n\t<meta property=\"og:image:width\" content=\"900\" \/>\n\t<meta property=\"og:image:height\" content=\"506\" \/>\n\t<meta property=\"og:image:type\" content=\"image\/jpeg\" \/>\n<meta name=\"author\" content=\"enequipo\" \/>\n<meta name=\"twitter:card\" content=\"summary_large_image\" \/>\n<meta name=\"twitter:creator\" content=\"@sonoraenequipo\" \/>\n<meta name=\"twitter:site\" content=\"@sonoraenequipo\" \/>\n<meta name=\"twitter:label1\" content=\"Escrito por\" \/>\n\t<meta name=\"twitter:data1\" content=\"enequipo\" \/>\n\t<meta name=\"twitter:label2\" content=\"Tiempo de lectura\" \/>\n\t<meta name=\"twitter:data2\" content=\"2 minutos\" \/>\n<script type=\"application\/ld+json\" class=\"yoast-schema-graph\">{\"@context\":\"https:\/\/schema.org\",\"@graph\":[{\"@type\":\"Article\",\"@id\":\"https:\/\/www.sonoraenequipo.com.mx\/mexico-busca-acelerar-la-entrega-de-jorge-glas-y-pide-ayuda-a-suiza\/#article\",\"isPartOf\":{\"@id\":\"https:\/\/www.sonoraenequipo.com.mx\/mexico-busca-acelerar-la-entrega-de-jorge-glas-y-pide-ayuda-a-suiza\/\"},\"author\":{\"name\":\"enequipo\",\"@id\":\"https:\/\/www.sonoraenequipo.com.mx\/#\/schema\/person\/50102df0fb23a8fa9e8effad8fa81386\"},\"headline\":\"M\u00e9xico busca acelerar la entrega de Jorge Glas y pide ayuda a Suiza\",\"datePublished\":\"2024-04-22T22:42:56+00:00\",\"dateModified\":\"2024-04-23T00:19:01+00:00\",\"mainEntityOfPage\":{\"@id\":\"https:\/\/www.sonoraenequipo.com.mx\/mexico-busca-acelerar-la-entrega-de-jorge-glas-y-pide-ayuda-a-suiza\/\"},\"wordCount\":397,\"commentCount\":0,\"publisher\":{\"@id\":\"https:\/\/www.sonoraenequipo.com.mx\/#organization\"},\"image\":{\"@id\":\"https:\/\/www.sonoraenequipo.com.mx\/mexico-busca-acelerar-la-entrega-de-jorge-glas-y-pide-ayuda-a-suiza\/#primaryimage\"},\"thumbnailUrl\":\"https:\/\/www.sonoraenequipo.com.mx\/storage\/2024\/04\/Jorge-Glass-min.jpg\",\"articleSection\":[\"MUNDO\"],\"inLanguage\":\"es\",\"potentialAction\":[{\"@type\":\"CommentAction\",\"name\":\"Comment\",\"target\":[\"https:\/\/www.sonoraenequipo.com.mx\/mexico-busca-acelerar-la-entrega-de-jorge-glas-y-pide-ayuda-a-suiza\/#respond\"]}]},{\"@type\":\"WebPage\",\"@id\":\"https:\/\/www.sonoraenequipo.com.mx\/mexico-busca-acelerar-la-entrega-de-jorge-glas-y-pide-ayuda-a-suiza\/\",\"url\":\"https:\/\/www.sonoraenequipo.com.mx\/mexico-busca-acelerar-la-entrega-de-jorge-glas-y-pide-ayuda-a-suiza\/\",\"name\":\"Sonora en Equipo. M\u00e9xico busca acelerar la entrega de Jorge Glas y pide ayuda a Suiza MUNDO\",\"isPartOf\":{\"@id\":\"https:\/\/www.sonoraenequipo.com.mx\/#website\"},\"primaryImageOfPage\":{\"@id\":\"https:\/\/www.sonoraenequipo.com.mx\/mexico-busca-acelerar-la-entrega-de-jorge-glas-y-pide-ayuda-a-suiza\/#primaryimage\"},\"image\":{\"@id\":\"https:\/\/www.sonoraenequipo.com.mx\/mexico-busca-acelerar-la-entrega-de-jorge-glas-y-pide-ayuda-a-suiza\/#primaryimage\"},\"thumbnailUrl\":\"https:\/\/www.sonoraenequipo.com.mx\/storage\/2024\/04\/Jorge-Glass-min.jpg\",\"datePublished\":\"2024-04-22T22:42:56+00:00\",\"dateModified\":\"2024-04-23T00:19:01+00:00\",\"description\":\"CIUDAD DE M\u00c9XICO. MX. \u2014 La canciller mexicana, Alicia B\u00e1rcena, inform\u00f3 que la Secretar\u00eda de Relaciones Exteriores (SRE) recibi\u00f3 una carta enviada por el En Sonora en Equipo publicamos toda la informaci\u00f3n de Sonora, M\u00e9xico y el Mundo de manera oportuna y busca que la libertad de expresi\u00f3n sea real. Visita nuestro medio informativo publicado desde Hermosillo, Sonora. %\",\"breadcrumb\":{\"@id\":\"https:\/\/www.sonoraenequipo.com.mx\/mexico-busca-acelerar-la-entrega-de-jorge-glas-y-pide-ayuda-a-suiza\/#breadcrumb\"},\"inLanguage\":\"es\",\"potentialAction\":[{\"@type\":\"ReadAction\",\"target\":[\"https:\/\/www.sonoraenequipo.com.mx\/mexico-busca-acelerar-la-entrega-de-jorge-glas-y-pide-ayuda-a-suiza\/\"]}]},{\"@type\":\"ImageObject\",\"inLanguage\":\"es\",\"@id\":\"https:\/\/www.sonoraenequipo.com.mx\/mexico-busca-acelerar-la-entrega-de-jorge-glas-y-pide-ayuda-a-suiza\/#primaryimage\",\"url\":\"https:\/\/www.sonoraenequipo.com.mx\/storage\/2024\/04\/Jorge-Glass-min.jpg\",\"contentUrl\":\"https:\/\/www.sonoraenequipo.com.mx\/storage\/2024\/04\/Jorge-Glass-min.jpg\",\"width\":900,\"height\":506},{\"@type\":\"BreadcrumbList\",\"@id\":\"https:\/\/www.sonoraenequipo.com.mx\/mexico-busca-acelerar-la-entrega-de-jorge-glas-y-pide-ayuda-a-suiza\/#breadcrumb\",\"itemListElement\":[{\"@type\":\"ListItem\",\"position\":1,\"name\":\"Portada\",\"item\":\"https:\/\/www.sonoraenequipo.com.mx\/\"},{\"@type\":\"ListItem\",\"position\":2,\"name\":\"M\u00e9xico busca acelerar la entrega de Jorge Glas y pide ayuda a Suiza\"}]},{\"@type\":\"WebSite\",\"@id\":\"https:\/\/www.sonoraenequipo.com.mx\/#website\",\"url\":\"https:\/\/www.sonoraenequipo.com.mx\/\",\"name\":\"Sonora en Equipo.\",\"description\":\"Diario en l\u00ednea con Noticias desde Hermosillo, Sonora\",\"publisher\":{\"@id\":\"https:\/\/www.sonoraenequipo.com.mx\/#organization\"},\"potentialAction\":[{\"@type\":\"SearchAction\",\"target\":{\"@type\":\"EntryPoint\",\"urlTemplate\":\"https:\/\/www.sonoraenequipo.com.mx\/?s={search_term_string}\"},\"query-input\":{\"@type\":\"PropertyValueSpecification\",\"valueRequired\":true,\"valueName\":\"search_term_string\"}}],\"inLanguage\":\"es\"},{\"@type\":\"Organization\",\"@id\":\"https:\/\/www.sonoraenequipo.com.mx\/#organization\",\"name\":\"Sonoraenequipo.com.mx\",\"url\":\"https:\/\/www.sonoraenequipo.com.mx\/\",\"logo\":{\"@type\":\"ImageObject\",\"inLanguage\":\"es\",\"@id\":\"https:\/\/www.sonoraenequipo.com.mx\/#\/schema\/logo\/image\/\",\"url\":\"https:\/\/www.sonoraenequipo.com.mx\/storage\/2019\/01\/sonoraenequipo_opt.png\",\"contentUrl\":\"https:\/\/www.sonoraenequipo.com.mx\/storage\/2019\/01\/sonoraenequipo_opt.png\",\"width\":375,\"height\":125,\"caption\":\"Sonoraenequipo.com.mx\"},\"image\":{\"@id\":\"https:\/\/www.sonoraenequipo.com.mx\/#\/schema\/logo\/image\/\"},\"sameAs\":[\"https:\/\/www.facebook.com\/SonoraEE\/\",\"https:\/\/x.com\/sonoraenequipo\",\"https:\/\/www.youtube.com\/channel\/UC338nW-lPEYmJQs4ZABQ1SQ\"]},{\"@type\":\"Person\",\"@id\":\"https:\/\/www.sonoraenequipo.com.mx\/#\/schema\/person\/50102df0fb23a8fa9e8effad8fa81386\",\"name\":\"enequipo\",\"image\":{\"@type\":\"ImageObject\",\"inLanguage\":\"es\",\"@id\":\"https:\/\/www.sonoraenequipo.com.mx\/#\/schema\/person\/image\/\",\"url\":\"https:\/\/secure.gravatar.com\/avatar\/049821681b589dabc0bc20695993ccebb09f5b5d4d790cd9251b97faac7c652b?s=96&d=blank&r=g\",\"contentUrl\":\"https:\/\/secure.gravatar.com\/avatar\/049821681b589dabc0bc20695993ccebb09f5b5d4d790cd9251b97faac7c652b?s=96&d=blank&r=g\",\"caption\":\"enequipo\"},\"sameAs\":[\"https:\/\/www.facebook.com\/SonoraEE\"]}]}<\/script>\n ","yoast_head_json":{"title":"Sonora en Equipo. M\u00e9xico busca acelerar la entrega de Jorge Glas y pide ayuda a Suiza MUNDO","description":"CIUDAD DE M\u00c9XICO. MX. \u2014 La canciller mexicana, Alicia B\u00e1rcena, inform\u00f3 que la Secretar\u00eda de Relaciones Exteriores (SRE) recibi\u00f3 una carta enviada por el En Sonora en Equipo publicamos toda la informaci\u00f3n de Sonora, M\u00e9xico y el Mundo de manera oportuna y busca que la libertad de expresi\u00f3n sea real. Visita nuestro medio informativo publicado desde Hermosillo, Sonora. %","robots":{"index":"index","follow":"follow","max-snippet":"max-snippet:-1","max-image-preview":"max-image-preview:large","max-video-preview":"max-video-preview:-1"},"canonical":"https:\/\/www.sonoraenequipo.com.mx\/mexico-busca-acelerar-la-entrega-de-jorge-glas-y-pide-ayuda-a-suiza\/","og_locale":"es_ES","og_type":"article","og_title":"Sonora en Equipo. M\u00e9xico busca acelerar la entrega de Jorge Glas y pide ayuda a Suiza MUNDO","og_description":"CIUDAD DE M\u00c9XICO. MX. \u2014 La canciller mexicana, Alicia B\u00e1rcena, inform\u00f3 que la Secretar\u00eda de Relaciones Exteriores (SRE) recibi\u00f3 una carta enviada por el En Sonora en Equipo publicamos toda la informaci\u00f3n de Sonora, M\u00e9xico y el Mundo de manera oportuna y busca que la libertad de expresi\u00f3n sea real. Visita nuestro medio informativo publicado desde Hermosillo, Sonora. %","og_url":"https:\/\/www.sonoraenequipo.com.mx\/mexico-busca-acelerar-la-entrega-de-jorge-glas-y-pide-ayuda-a-suiza\/","og_site_name":"Sonora en Equipo.","article_publisher":"https:\/\/www.facebook.com\/SonoraEE\/","article_author":"https:\/\/www.facebook.com\/SonoraEE","article_published_time":"2024-04-22T22:42:56+00:00","article_modified_time":"2024-04-23T00:19:01+00:00","og_image":[{"width":900,"height":506,"url":"https:\/\/www.sonoraenequipo.com.mx\/storage\/2024\/04\/Jorge-Glass-min.jpg","type":"image\/jpeg"}],"author":"enequipo","twitter_card":"summary_large_image","twitter_creator":"@sonoraenequipo","twitter_site":"@sonoraenequipo","twitter_misc":{"Escrito por":"enequipo","Tiempo de lectura":"2 minutos"},"schema":{"@context":"https:\/\/schema.org","@graph":[{"@type":"Article","@id":"https:\/\/www.sonoraenequipo.com.mx\/mexico-busca-acelerar-la-entrega-de-jorge-glas-y-pide-ayuda-a-suiza\/#article","isPartOf":{"@id":"https:\/\/www.sonoraenequipo.com.mx\/mexico-busca-acelerar-la-entrega-de-jorge-glas-y-pide-ayuda-a-suiza\/"},"author":{"name":"enequipo","@id":"https:\/\/www.sonoraenequipo.com.mx\/#\/schema\/person\/50102df0fb23a8fa9e8effad8fa81386"},"headline":"M\u00e9xico busca acelerar la entrega de Jorge Glas y pide ayuda a Suiza","datePublished":"2024-04-22T22:42:56+00:00","dateModified":"2024-04-23T00:19:01+00:00","mainEntityOfPage":{"@id":"https:\/\/www.sonoraenequipo.com.mx\/mexico-busca-acelerar-la-entrega-de-jorge-glas-y-pide-ayuda-a-suiza\/"},"wordCount":397,"commentCount":0,"publisher":{"@id":"https:\/\/www.sonoraenequipo.com.mx\/#organization"},"image":{"@id":"https:\/\/www.sonoraenequipo.com.mx\/mexico-busca-acelerar-la-entrega-de-jorge-glas-y-pide-ayuda-a-suiza\/#primaryimage"},"thumbnailUrl":"https:\/\/www.sonoraenequipo.com.mx\/storage\/2024\/04\/Jorge-Glass-min.jpg","articleSection":["MUNDO"],"inLanguage":"es","potentialAction":[{"@type":"CommentAction","name":"Comment","target":["https:\/\/www.sonoraenequipo.com.mx\/mexico-busca-acelerar-la-entrega-de-jorge-glas-y-pide-ayuda-a-suiza\/#respond"]}]},{"@type":"WebPage","@id":"https:\/\/www.sonoraenequipo.com.mx\/mexico-busca-acelerar-la-entrega-de-jorge-glas-y-pide-ayuda-a-suiza\/","url":"https:\/\/www.sonoraenequipo.com.mx\/mexico-busca-acelerar-la-entrega-de-jorge-glas-y-pide-ayuda-a-suiza\/","name":"Sonora en Equipo. M\u00e9xico busca acelerar la entrega de Jorge Glas y pide ayuda a Suiza MUNDO","isPartOf":{"@id":"https:\/\/www.sonoraenequipo.com.mx\/#website"},"primaryImageOfPage":{"@id":"https:\/\/www.sonoraenequipo.com.mx\/mexico-busca-acelerar-la-entrega-de-jorge-glas-y-pide-ayuda-a-suiza\/#primaryimage"},"image":{"@id":"https:\/\/www.sonoraenequipo.com.mx\/mexico-busca-acelerar-la-entrega-de-jorge-glas-y-pide-ayuda-a-suiza\/#primaryimage"},"thumbnailUrl":"https:\/\/www.sonoraenequipo.com.mx\/storage\/2024\/04\/Jorge-Glass-min.jpg","datePublished":"2024-04-22T22:42:56+00:00","dateModified":"2024-04-23T00:19:01+00:00","description":"CIUDAD DE M\u00c9XICO. MX. \u2014 La canciller mexicana, Alicia B\u00e1rcena, inform\u00f3 que la Secretar\u00eda de Relaciones Exteriores (SRE) recibi\u00f3 una carta enviada por el En Sonora en Equipo publicamos toda la informaci\u00f3n de Sonora, M\u00e9xico y el Mundo de manera oportuna y busca que la libertad de expresi\u00f3n sea real. Visita nuestro medio informativo publicado desde Hermosillo, Sonora. %","breadcrumb":{"@id":"https:\/\/www.sonoraenequipo.com.mx\/mexico-busca-acelerar-la-entrega-de-jorge-glas-y-pide-ayuda-a-suiza\/#breadcrumb"},"inLanguage":"es","potentialAction":[{"@type":"ReadAction","target":["https:\/\/www.sonoraenequipo.com.mx\/mexico-busca-acelerar-la-entrega-de-jorge-glas-y-pide-ayuda-a-suiza\/"]}]},{"@type":"ImageObject","inLanguage":"es","@id":"https:\/\/www.sonoraenequipo.com.mx\/mexico-busca-acelerar-la-entrega-de-jorge-glas-y-pide-ayuda-a-suiza\/#primaryimage","url":"https:\/\/www.sonoraenequipo.com.mx\/storage\/2024\/04\/Jorge-Glass-min.jpg","contentUrl":"https:\/\/www.sonoraenequipo.com.mx\/storage\/2024\/04\/Jorge-Glass-min.jpg","width":900,"height":506},{"@type":"BreadcrumbList","@id":"https:\/\/www.sonoraenequipo.com.mx\/mexico-busca-acelerar-la-entrega-de-jorge-glas-y-pide-ayuda-a-suiza\/#breadcrumb","itemListElement":[{"@type":"ListItem","position":1,"name":"Portada","item":"https:\/\/www.sonoraenequipo.com.mx\/"},{"@type":"ListItem","position":2,"name":"M\u00e9xico busca acelerar la entrega de Jorge Glas y pide ayuda a Suiza"}]},{"@type":"WebSite","@id":"https:\/\/www.sonoraenequipo.com.mx\/#website","url":"https:\/\/www.sonoraenequipo.com.mx\/","name":"Sonora en Equipo.","description":"Diario en l\u00ednea con Noticias desde Hermosillo, Sonora","publisher":{"@id":"https:\/\/www.sonoraenequipo.com.mx\/#organization"},"potentialAction":[{"@type":"SearchAction","target":{"@type":"EntryPoint","urlTemplate":"https:\/\/www.sonoraenequipo.com.mx\/?s={search_term_string}"},"query-input":{"@type":"PropertyValueSpecification","valueRequired":true,"valueName":"search_term_string"}}],"inLanguage":"es"},{"@type":"Organization","@id":"https:\/\/www.sonoraenequipo.com.mx\/#organization","name":"Sonoraenequipo.com.mx","url":"https:\/\/www.sonoraenequipo.com.mx\/","logo":{"@type":"ImageObject","inLanguage":"es","@id":"https:\/\/www.sonoraenequipo.com.mx\/#\/schema\/logo\/image\/","url":"https:\/\/www.sonoraenequipo.com.mx\/storage\/2019\/01\/sonoraenequipo_opt.png","contentUrl":"https:\/\/www.sonoraenequipo.com.mx\/storage\/2019\/01\/sonoraenequipo_opt.png","width":375,"height":125,"caption":"Sonoraenequipo.com.mx"},"image":{"@id":"https:\/\/www.sonoraenequipo.com.mx\/#\/schema\/logo\/image\/"},"sameAs":["https:\/\/www.facebook.com\/SonoraEE\/","https:\/\/x.com\/sonoraenequipo","https:\/\/www.youtube.com\/channel\/UC338nW-lPEYmJQs4ZABQ1SQ"]},{"@type":"Person","@id":"https:\/\/www.sonoraenequipo.com.mx\/#\/schema\/person\/50102df0fb23a8fa9e8effad8fa81386","name":"enequipo","image":{"@type":"ImageObject","inLanguage":"es","@id":"https:\/\/www.sonoraenequipo.com.mx\/#\/schema\/person\/image\/","url":"https:\/\/secure.gravatar.com\/avatar\/049821681b589dabc0bc20695993ccebb09f5b5d4d790cd9251b97faac7c652b?s=96&d=blank&r=g","contentUrl":"https:\/\/secure.gravatar.com\/avatar\/049821681b589dabc0bc20695993ccebb09f5b5d4d790cd9251b97faac7c652b?s=96&d=blank&r=g","caption":"enequipo"},"sameAs":["https:\/\/www.facebook.com\/SonoraEE"]}]}},"jetpack_featured_media_url":"https:\/\/www.sonoraenequipo.com.mx\/storage\/2024\/04\/Jorge-Glass-min.jpg","_links":{"self":[{"href":"https:\/\/www.sonoraenequipo.com.mx\/api\/wp\/v2\/posts\/188136","targetHints":{"allow":["GET"]}}],"collection":[{"href":"https:\/\/www.sonoraenequipo.com.mx\/api\/wp\/v2\/posts"}],"about":[{"href":"https:\/\/www.sonoraenequipo.com.mx\/api\/wp\/v2\/types\/post"}],"author":[{"embeddable":true,"href":"https:\/\/www.sonoraenequipo.com.mx\/api\/wp\/v2\/users\/1"}],"replies":[{"embeddable":true,"href":"https:\/\/www.sonoraenequipo.com.mx\/api\/wp\/v2\/comments?post=188136"}],"version-history":[{"count":1,"href":"https:\/\/www.sonoraenequipo.com.mx\/api\/wp\/v2\/posts\/188136\/revisions"}],"predecessor-version":[{"id":188139,"href":"https:\/\/www.sonoraenequipo.com.mx\/api\/wp\/v2\/posts\/188136\/revisions\/188139"}],"wp:featuredmedia":[{"embeddable":true,"href":"https:\/\/www.sonoraenequipo.com.mx\/api\/wp\/v2\/media\/188138"}],"wp:attachment":[{"href":"https:\/\/www.sonoraenequipo.com.mx\/api\/wp\/v2\/media?parent=188136"}],"wp:term":[{"taxonomy":"category","embeddable":true,"href":"https:\/\/www.sonoraenequipo.com.mx\/api\/wp\/v2\/categories?post=188136"},{"taxonomy":"post_tag","embeddable":true,"href":"https:\/\/www.sonoraenequipo.com.mx\/api\/wp\/v2\/tags?post=188136"}],"curies":[{"name":"wp","href":"https:\/\/api.w.org\/{rel}","templated":true}]}}