{"id":188145,"date":"2024-04-21T19:15:44","date_gmt":"2024-04-22T02:15:44","guid":{"rendered":"https:\/\/www.sonoraenequipo.com.mx\/?p=188145"},"modified":"2024-04-22T18:33:31","modified_gmt":"2024-04-23T01:33:31","slug":"colombianos-protestan-contra-el-gobierno-de-gustavo-petro","status":"publish","type":"post","link":"https:\/\/www.sonoraenequipo.com.mx\/colombianos-protestan-contra-el-gobierno-de-gustavo-petro\/","title":{"rendered":"Colombianos protestan contra el gobierno de Gustavo Petro."},"content":{"rendered":"<p><strong>BOGOTA, COLOMBIA. \u2014<\/strong> Miles de colombianos salieron a las calles para rechazar las reformas que Gustavo Petro pretende realizar por medio de una constituyente.<\/p>\n<p>&nbsp;<\/p>\n<p> <\/p>\n<p>En la mayor demostraci\u00f3n de rechazo al presidente colombiano, Gustavo Petro, por la forma como est\u00e1 conduciendo el pa\u00eds, en especial el sector de la salud, miles de personas salieron este domingo a las calles de las principales ciudades para exigirle un cambio de rumbo y que los escuche.<\/p>\n<p>&nbsp;<\/p>\n<p>La protesta en Bogot\u00e1 desafi\u00f3 la lluvia, que volvi\u00f3 a caer despu\u00e9s de una prolongada sequ\u00eda. El movimiento no tiene una cabeza visible y fue convocado por asociaciones m\u00e9dicas que encontraron eco en otros sectores de la sociedad que, con camisetas blancas, pancartas y banderas de Colombia, se sumaron a la movilizaci\u00f3n.<\/p>\n<blockquote class=\"twitter-tweet\" data-width=\"550\" data-dnt=\"true\">\n<p lang=\"es\" dir=\"ltr\">Matar al presidente gritan estas personas ricas. All\u00ed va un hombre negro y de bajos recursos ayudando a cargar el feretro. \u00bfSabr\u00e1 esta persona lo que le pasar\u00eda a Colombia y a su gente si el deseo de estas personas se cumpliera? <a href=\"https:\/\/t.co\/ZzFuIhGfug\">pic.twitter.com\/ZzFuIhGfug<\/a><\/p>\n<p>&mdash; Gustavo Petro (@petrogustavo) <a href=\"https:\/\/twitter.com\/petrogustavo\/status\/1782184150549614964?ref_src=twsrc%5Etfw\">April 21, 2024<\/a><\/p><\/blockquote>\n<p><script async src=\"https:\/\/platform.twitter.com\/widgets.js\" charset=\"utf-8\"><\/script><\/p>\n<p>De esta forma, en Bogot\u00e1, Medell\u00edn, Cali, Barranquilla, C\u00facuta, Bucaramanga, Neiva y otras ciudades se juntaron trabajadores de salud con sus batas y hasta transportistas.<\/p>\n<p>&nbsp;<\/p>\n<p>&nbsp;<\/p>\n<p>Tambi\u00e9n participaron veteranos del Ej\u00e9rcito, amas de casa y pol\u00edticos de oposici\u00f3n para mostrar su rechazo al gobierno, que a\u00fan no cumple dos a\u00f1os.<\/p>\n<p>&nbsp;<\/p>\n<p>&nbsp;<\/p>\n<p><em><strong>\u201cEsta marcha tiene expresiones diversas, estoy aqu\u00ed representando a aquellos que no queremos volver al pasado, sino construir una Colombia distinta\u201d,<\/strong><\/em> manifest\u00f3 el exalcalde de Medell\u00edn y excandidato presidencial Sergio Fajardo.<\/p>\n<p>&nbsp;<\/p>\n<p>&nbsp;<\/p>\n<p>En Bogot\u00e1, transportistas se unieron con sus camiones y autobuses para reclamar por el alza de los precios de los combustibles.<\/p>\n<p>&nbsp;<\/p>\n<p>Tambi\u00e9n criticaron la inseguridad en las carreteras, donde se han vuelto cotidianos los asaltos.<\/p>\n<p>&nbsp;<\/p>\n<p>En Ch\u00eda, ciudad cercana a Bogot\u00e1, una multitud que coreaba consignas contra el presidente se dirigi\u00f3 hacia la residencia que Petro tiene en esa localidad.<\/p>\n<p>&nbsp;<\/p>\n<p>Defensa de la salud en la era de Gustavo Petro<\/p>\n<p>La Asociaci\u00f3n Colombiana de Cirug\u00eda convoc\u00f3 la movilizaci\u00f3n y luego se unieron la Asociaci\u00f3n Colombiana de Sociedades Cient\u00edficas.<\/p>\n<p>&nbsp;<\/p>\n<p>Esta \u00faltima representa a 69 organizaciones de m\u00e9dicos especialistas.<\/p>\n<p>&nbsp;<\/p>\n<p>Las medidas se iniciaron luego de que el gobierno interviniera varias empresas de salud, tras el fracaso de una reforma en el Congreso.<\/p>\n<p>&nbsp;<\/p>\n<p>Letreros con las frases <em><strong>\u201cFuera Petro\u201d, \u201cLa salud es de todos\u201d, \u201cTodos somos pacientes\u201d<\/strong><\/em>, <em><strong>\u201cColombia no quiere constituyente\u201d o \u201cNo a la destrucci\u00f3n de Colombia\u201d<\/strong><\/em> fueron el com\u00fan denominador en las manifestaciones, que transcurrieron sin incidentes.<\/p>\n<p>&nbsp;<\/p>\n<p>&nbsp;<\/p>\n<p><em><strong>\u201cLo que estamos viendo aqu\u00ed es que esta marcha y su inconformismo es inocultable. Esto es el verdadero cambio que se merece el pa\u00eds porque queremos gobernantes preparados, que tomen decisiones basadas en evidencias, pero sobre todo que nos escuchen\u201d,<\/strong> <\/em>manifest\u00f3 el concejal bogotano Juan Daniel Oviedo.<\/p>\n<p>&nbsp;<\/p>\n<p>&nbsp;<\/p>\n<p>El senador y exnegociador de la paz Humberto de la Calle expres\u00f3 que \u201ces incontrovertible que la marcha ha sido muy grande. El Gobierno debe rectificar\u201d.<\/p>\n<p>&nbsp;<\/p>\n<p>La intenci\u00f3n de Petro es convocar una constituyente para reformar la Constituci\u00f3n y hacer otros cambios en otros sectores.<\/p>\n<p>&nbsp;<\/p>\n<p>Adem\u00e1s, Petro busca hacerlo por fuera de los canales legales y ese fue otro motivo para que la gente saliera a protestar.<\/p>\n<p>&nbsp;<\/p>\n<p><em><strong>\u201cLas masivas marchas de hoy sepultan las pretensiones de Petro de impulsar un proceso constituyente. A\u00fan convoc\u00e1ndolo ilegalmente, es claro a partir de hoy que no contar\u00eda con apoyo popular suficiente. Petro deber\u00eda leer bien lo que significan las marchas de hoy\u201d,<\/strong> <\/em>manifest\u00f3 en X el exministro de Hacienda y de Agricultura Juan Camilo Restrepo.<\/p>\n<p>&nbsp;<\/p>\n<p>&nbsp;<\/p>\n<p>&nbsp;<\/p>\n<p>PUBLICADO EL 21 DE ABRIL DE 2024\/ Con informaci\u00f3n de EFE)<\/p>\n","protected":false},"excerpt":{"rendered":"<p>BOGOTA, COLOMBIA. \u2014 Miles de colombianos salieron a las calles para rechazar las reformas que&#8230;<\/p>\n","protected":false},"author":1,"featured_media":188154,"comment_status":"open","ping_status":"open","sticky":false,"template":"","format":"standard","meta":{"_monsterinsights_skip_tracking":false,"_monsterinsights_sitenote_active":false,"_monsterinsights_sitenote_note":"","_monsterinsights_sitenote_category":0,"footnotes":""},"categories":[3],"tags":[],"class_list":["post"],"yoast_head":" \n<title>Sonora en Equipo. Colombianos protestan contra el gobierno de Gustavo Petro. MUNDO<\/title>\n<meta name=\"description\" content=\"BOGOTA, COLOMBIA. \u2014 Miles de colombianos salieron a las calles para rechazar las reformas que Gustavo Petro pretende realizar por medio de una En Sonora en Equipo publicamos toda la informaci\u00f3n de Sonora, M\u00e9xico y el Mundo de manera oportuna y busca que la libertad de expresi\u00f3n sea real. Visita nuestro medio informativo publicado desde Hermosillo, Sonora. %\" \/>\n<meta name=\"robots\" content=\"index, follow, max-snippet:-1, max-image-preview:large, max-video-preview:-1\" \/>\n<link rel=\"canonical\" href=\"https:\/\/www.sonoraenequipo.com.mx\/colombianos-protestan-contra-el-gobierno-de-gustavo-petro\/\" \/>\n<meta property=\"og:locale\" content=\"es_ES\" \/>\n<meta property=\"og:type\" content=\"article\" \/>\n<meta property=\"og:title\" content=\"Sonora en Equipo. Colombianos protestan contra el gobierno de Gustavo Petro. MUNDO\" \/>\n<meta property=\"og:description\" content=\"BOGOTA, COLOMBIA. \u2014 Miles de colombianos salieron a las calles para rechazar las reformas que Gustavo Petro pretende realizar por medio de una En Sonora en Equipo publicamos toda la informaci\u00f3n de Sonora, M\u00e9xico y el Mundo de manera oportuna y busca que la libertad de expresi\u00f3n sea real. Visita nuestro medio informativo publicado desde Hermosillo, Sonora. %\" \/>\n<meta property=\"og:url\" content=\"https:\/\/www.sonoraenequipo.com.mx\/colombianos-protestan-contra-el-gobierno-de-gustavo-petro\/\" \/>\n<meta property=\"og:site_name\" content=\"Sonora en Equipo.\" \/>\n<meta property=\"article:publisher\" content=\"https:\/\/www.facebook.com\/SonoraEE\/\" \/>\n<meta property=\"article:author\" content=\"https:\/\/www.facebook.com\/SonoraEE\" \/>\n<meta property=\"article:published_time\" content=\"2024-04-22T02:15:44+00:00\" \/>\n<meta property=\"article:modified_time\" content=\"2024-04-23T01:33:31+00:00\" \/>\n<meta property=\"og:image\" content=\"https:\/\/www.sonoraenequipo.com.mx\/storage\/2024\/04\/protestas-en-vs-de-Petro.jpg-min.jpeg\" \/>\n\t<meta property=\"og:image:width\" content=\"1079\" \/>\n\t<meta property=\"og:image:height\" content=\"559\" \/>\n\t<meta property=\"og:image:type\" content=\"image\/jpeg\" \/>\n<meta name=\"author\" content=\"enequipo\" \/>\n<meta name=\"twitter:card\" content=\"summary_large_image\" \/>\n<meta name=\"twitter:creator\" content=\"@sonoraenequipo\" \/>\n<meta name=\"twitter:site\" content=\"@sonoraenequipo\" \/>\n<meta name=\"twitter:label1\" content=\"Escrito por\" \/>\n\t<meta name=\"twitter:data1\" content=\"enequipo\" \/>\n\t<meta name=\"twitter:label2\" content=\"Tiempo de lectura\" \/>\n\t<meta name=\"twitter:data2\" content=\"3 minutos\" \/>\n<script type=\"application\/ld+json\" class=\"yoast-schema-graph\">{\"@context\":\"https:\/\/schema.org\",\"@graph\":[{\"@type\":\"Article\",\"@id\":\"https:\/\/www.sonoraenequipo.com.mx\/colombianos-protestan-contra-el-gobierno-de-gustavo-petro\/#article\",\"isPartOf\":{\"@id\":\"https:\/\/www.sonoraenequipo.com.mx\/colombianos-protestan-contra-el-gobierno-de-gustavo-petro\/\"},\"author\":{\"name\":\"enequipo\",\"@id\":\"https:\/\/www.sonoraenequipo.com.mx\/#\/schema\/person\/50102df0fb23a8fa9e8effad8fa81386\"},\"headline\":\"Colombianos protestan contra el gobierno de Gustavo Petro.\",\"datePublished\":\"2024-04-22T02:15:44+00:00\",\"dateModified\":\"2024-04-23T01:33:31+00:00\",\"mainEntityOfPage\":{\"@id\":\"https:\/\/www.sonoraenequipo.com.mx\/colombianos-protestan-contra-el-gobierno-de-gustavo-petro\/\"},\"wordCount\":608,\"commentCount\":0,\"publisher\":{\"@id\":\"https:\/\/www.sonoraenequipo.com.mx\/#organization\"},\"image\":{\"@id\":\"https:\/\/www.sonoraenequipo.com.mx\/colombianos-protestan-contra-el-gobierno-de-gustavo-petro\/#primaryimage\"},\"thumbnailUrl\":\"https:\/\/www.sonoraenequipo.com.mx\/storage\/2024\/04\/protestas-en-vs-de-Petro.jpg-min.jpeg\",\"articleSection\":[\"MUNDO\"],\"inLanguage\":\"es\",\"potentialAction\":[{\"@type\":\"CommentAction\",\"name\":\"Comment\",\"target\":[\"https:\/\/www.sonoraenequipo.com.mx\/colombianos-protestan-contra-el-gobierno-de-gustavo-petro\/#respond\"]}]},{\"@type\":\"WebPage\",\"@id\":\"https:\/\/www.sonoraenequipo.com.mx\/colombianos-protestan-contra-el-gobierno-de-gustavo-petro\/\",\"url\":\"https:\/\/www.sonoraenequipo.com.mx\/colombianos-protestan-contra-el-gobierno-de-gustavo-petro\/\",\"name\":\"Sonora en Equipo. Colombianos protestan contra el gobierno de Gustavo Petro. MUNDO\",\"isPartOf\":{\"@id\":\"https:\/\/www.sonoraenequipo.com.mx\/#website\"},\"primaryImageOfPage\":{\"@id\":\"https:\/\/www.sonoraenequipo.com.mx\/colombianos-protestan-contra-el-gobierno-de-gustavo-petro\/#primaryimage\"},\"image\":{\"@id\":\"https:\/\/www.sonoraenequipo.com.mx\/colombianos-protestan-contra-el-gobierno-de-gustavo-petro\/#primaryimage\"},\"thumbnailUrl\":\"https:\/\/www.sonoraenequipo.com.mx\/storage\/2024\/04\/protestas-en-vs-de-Petro.jpg-min.jpeg\",\"datePublished\":\"2024-04-22T02:15:44+00:00\",\"dateModified\":\"2024-04-23T01:33:31+00:00\",\"description\":\"BOGOTA, COLOMBIA. \u2014 Miles de colombianos salieron a las calles para rechazar las reformas que Gustavo Petro pretende realizar por medio de una En Sonora en Equipo publicamos toda la informaci\u00f3n de Sonora, M\u00e9xico y el Mundo de manera oportuna y busca que la libertad de expresi\u00f3n sea real. Visita nuestro medio informativo publicado desde Hermosillo, Sonora. %\",\"breadcrumb\":{\"@id\":\"https:\/\/www.sonoraenequipo.com.mx\/colombianos-protestan-contra-el-gobierno-de-gustavo-petro\/#breadcrumb\"},\"inLanguage\":\"es\",\"potentialAction\":[{\"@type\":\"ReadAction\",\"target\":[\"https:\/\/www.sonoraenequipo.com.mx\/colombianos-protestan-contra-el-gobierno-de-gustavo-petro\/\"]}]},{\"@type\":\"ImageObject\",\"inLanguage\":\"es\",\"@id\":\"https:\/\/www.sonoraenequipo.com.mx\/colombianos-protestan-contra-el-gobierno-de-gustavo-petro\/#primaryimage\",\"url\":\"https:\/\/www.sonoraenequipo.com.mx\/storage\/2024\/04\/protestas-en-vs-de-Petro.jpg-min.jpeg\",\"contentUrl\":\"https:\/\/www.sonoraenequipo.com.mx\/storage\/2024\/04\/protestas-en-vs-de-Petro.jpg-min.jpeg\",\"width\":1079,\"height\":559},{\"@type\":\"BreadcrumbList\",\"@id\":\"https:\/\/www.sonoraenequipo.com.mx\/colombianos-protestan-contra-el-gobierno-de-gustavo-petro\/#breadcrumb\",\"itemListElement\":[{\"@type\":\"ListItem\",\"position\":1,\"name\":\"Portada\",\"item\":\"https:\/\/www.sonoraenequipo.com.mx\/\"},{\"@type\":\"ListItem\",\"position\":2,\"name\":\"Colombianos protestan contra el gobierno de Gustavo Petro.\"}]},{\"@type\":\"WebSite\",\"@id\":\"https:\/\/www.sonoraenequipo.com.mx\/#website\",\"url\":\"https:\/\/www.sonoraenequipo.com.mx\/\",\"name\":\"Sonora en Equipo.\",\"description\":\"Diario en l\u00ednea con Noticias desde Hermosillo, Sonora\",\"publisher\":{\"@id\":\"https:\/\/www.sonoraenequipo.com.mx\/#organization\"},\"potentialAction\":[{\"@type\":\"SearchAction\",\"target\":{\"@type\":\"EntryPoint\",\"urlTemplate\":\"https:\/\/www.sonoraenequipo.com.mx\/?s={search_term_string}\"},\"query-input\":{\"@type\":\"PropertyValueSpecification\",\"valueRequired\":true,\"valueName\":\"search_term_string\"}}],\"inLanguage\":\"es\"},{\"@type\":\"Organization\",\"@id\":\"https:\/\/www.sonoraenequipo.com.mx\/#organization\",\"name\":\"Sonoraenequipo.com.mx\",\"url\":\"https:\/\/www.sonoraenequipo.com.mx\/\",\"logo\":{\"@type\":\"ImageObject\",\"inLanguage\":\"es\",\"@id\":\"https:\/\/www.sonoraenequipo.com.mx\/#\/schema\/logo\/image\/\",\"url\":\"https:\/\/www.sonoraenequipo.com.mx\/storage\/2019\/01\/sonoraenequipo_opt.png\",\"contentUrl\":\"https:\/\/www.sonoraenequipo.com.mx\/storage\/2019\/01\/sonoraenequipo_opt.png\",\"width\":375,\"height\":125,\"caption\":\"Sonoraenequipo.com.mx\"},\"image\":{\"@id\":\"https:\/\/www.sonoraenequipo.com.mx\/#\/schema\/logo\/image\/\"},\"sameAs\":[\"https:\/\/www.facebook.com\/SonoraEE\/\",\"https:\/\/x.com\/sonoraenequipo\",\"https:\/\/www.youtube.com\/channel\/UC338nW-lPEYmJQs4ZABQ1SQ\"]},{\"@type\":\"Person\",\"@id\":\"https:\/\/www.sonoraenequipo.com.mx\/#\/schema\/person\/50102df0fb23a8fa9e8effad8fa81386\",\"name\":\"enequipo\",\"image\":{\"@type\":\"ImageObject\",\"inLanguage\":\"es\",\"@id\":\"https:\/\/www.sonoraenequipo.com.mx\/#\/schema\/person\/image\/\",\"url\":\"https:\/\/secure.gravatar.com\/avatar\/049821681b589dabc0bc20695993ccebb09f5b5d4d790cd9251b97faac7c652b?s=96&d=blank&r=g\",\"contentUrl\":\"https:\/\/secure.gravatar.com\/avatar\/049821681b589dabc0bc20695993ccebb09f5b5d4d790cd9251b97faac7c652b?s=96&d=blank&r=g\",\"caption\":\"enequipo\"},\"sameAs\":[\"https:\/\/www.facebook.com\/SonoraEE\"]}]}<\/script>\n ","yoast_head_json":{"title":"Sonora en Equipo. Colombianos protestan contra el gobierno de Gustavo Petro. MUNDO","description":"BOGOTA, COLOMBIA. \u2014 Miles de colombianos salieron a las calles para rechazar las reformas que Gustavo Petro pretende realizar por medio de una En Sonora en Equipo publicamos toda la informaci\u00f3n de Sonora, M\u00e9xico y el Mundo de manera oportuna y busca que la libertad de expresi\u00f3n sea real. Visita nuestro medio informativo publicado desde Hermosillo, Sonora. %","robots":{"index":"index","follow":"follow","max-snippet":"max-snippet:-1","max-image-preview":"max-image-preview:large","max-video-preview":"max-video-preview:-1"},"canonical":"https:\/\/www.sonoraenequipo.com.mx\/colombianos-protestan-contra-el-gobierno-de-gustavo-petro\/","og_locale":"es_ES","og_type":"article","og_title":"Sonora en Equipo. Colombianos protestan contra el gobierno de Gustavo Petro. MUNDO","og_description":"BOGOTA, COLOMBIA. \u2014 Miles de colombianos salieron a las calles para rechazar las reformas que Gustavo Petro pretende realizar por medio de una En Sonora en Equipo publicamos toda la informaci\u00f3n de Sonora, M\u00e9xico y el Mundo de manera oportuna y busca que la libertad de expresi\u00f3n sea real. Visita nuestro medio informativo publicado desde Hermosillo, Sonora. %","og_url":"https:\/\/www.sonoraenequipo.com.mx\/colombianos-protestan-contra-el-gobierno-de-gustavo-petro\/","og_site_name":"Sonora en Equipo.","article_publisher":"https:\/\/www.facebook.com\/SonoraEE\/","article_author":"https:\/\/www.facebook.com\/SonoraEE","article_published_time":"2024-04-22T02:15:44+00:00","article_modified_time":"2024-04-23T01:33:31+00:00","og_image":[{"width":1079,"height":559,"url":"https:\/\/www.sonoraenequipo.com.mx\/storage\/2024\/04\/protestas-en-vs-de-Petro.jpg-min.jpeg","type":"image\/jpeg"}],"author":"enequipo","twitter_card":"summary_large_image","twitter_creator":"@sonoraenequipo","twitter_site":"@sonoraenequipo","twitter_misc":{"Escrito por":"enequipo","Tiempo de lectura":"3 minutos"},"schema":{"@context":"https:\/\/schema.org","@graph":[{"@type":"Article","@id":"https:\/\/www.sonoraenequipo.com.mx\/colombianos-protestan-contra-el-gobierno-de-gustavo-petro\/#article","isPartOf":{"@id":"https:\/\/www.sonoraenequipo.com.mx\/colombianos-protestan-contra-el-gobierno-de-gustavo-petro\/"},"author":{"name":"enequipo","@id":"https:\/\/www.sonoraenequipo.com.mx\/#\/schema\/person\/50102df0fb23a8fa9e8effad8fa81386"},"headline":"Colombianos protestan contra el gobierno de Gustavo Petro.","datePublished":"2024-04-22T02:15:44+00:00","dateModified":"2024-04-23T01:33:31+00:00","mainEntityOfPage":{"@id":"https:\/\/www.sonoraenequipo.com.mx\/colombianos-protestan-contra-el-gobierno-de-gustavo-petro\/"},"wordCount":608,"commentCount":0,"publisher":{"@id":"https:\/\/www.sonoraenequipo.com.mx\/#organization"},"image":{"@id":"https:\/\/www.sonoraenequipo.com.mx\/colombianos-protestan-contra-el-gobierno-de-gustavo-petro\/#primaryimage"},"thumbnailUrl":"https:\/\/www.sonoraenequipo.com.mx\/storage\/2024\/04\/protestas-en-vs-de-Petro.jpg-min.jpeg","articleSection":["MUNDO"],"inLanguage":"es","potentialAction":[{"@type":"CommentAction","name":"Comment","target":["https:\/\/www.sonoraenequipo.com.mx\/colombianos-protestan-contra-el-gobierno-de-gustavo-petro\/#respond"]}]},{"@type":"WebPage","@id":"https:\/\/www.sonoraenequipo.com.mx\/colombianos-protestan-contra-el-gobierno-de-gustavo-petro\/","url":"https:\/\/www.sonoraenequipo.com.mx\/colombianos-protestan-contra-el-gobierno-de-gustavo-petro\/","name":"Sonora en Equipo. Colombianos protestan contra el gobierno de Gustavo Petro. MUNDO","isPartOf":{"@id":"https:\/\/www.sonoraenequipo.com.mx\/#website"},"primaryImageOfPage":{"@id":"https:\/\/www.sonoraenequipo.com.mx\/colombianos-protestan-contra-el-gobierno-de-gustavo-petro\/#primaryimage"},"image":{"@id":"https:\/\/www.sonoraenequipo.com.mx\/colombianos-protestan-contra-el-gobierno-de-gustavo-petro\/#primaryimage"},"thumbnailUrl":"https:\/\/www.sonoraenequipo.com.mx\/storage\/2024\/04\/protestas-en-vs-de-Petro.jpg-min.jpeg","datePublished":"2024-04-22T02:15:44+00:00","dateModified":"2024-04-23T01:33:31+00:00","description":"BOGOTA, COLOMBIA. \u2014 Miles de colombianos salieron a las calles para rechazar las reformas que Gustavo Petro pretende realizar por medio de una En Sonora en Equipo publicamos toda la informaci\u00f3n de Sonora, M\u00e9xico y el Mundo de manera oportuna y busca que la libertad de expresi\u00f3n sea real. Visita nuestro medio informativo publicado desde Hermosillo, Sonora. %","breadcrumb":{"@id":"https:\/\/www.sonoraenequipo.com.mx\/colombianos-protestan-contra-el-gobierno-de-gustavo-petro\/#breadcrumb"},"inLanguage":"es","potentialAction":[{"@type":"ReadAction","target":["https:\/\/www.sonoraenequipo.com.mx\/colombianos-protestan-contra-el-gobierno-de-gustavo-petro\/"]}]},{"@type":"ImageObject","inLanguage":"es","@id":"https:\/\/www.sonoraenequipo.com.mx\/colombianos-protestan-contra-el-gobierno-de-gustavo-petro\/#primaryimage","url":"https:\/\/www.sonoraenequipo.com.mx\/storage\/2024\/04\/protestas-en-vs-de-Petro.jpg-min.jpeg","contentUrl":"https:\/\/www.sonoraenequipo.com.mx\/storage\/2024\/04\/protestas-en-vs-de-Petro.jpg-min.jpeg","width":1079,"height":559},{"@type":"BreadcrumbList","@id":"https:\/\/www.sonoraenequipo.com.mx\/colombianos-protestan-contra-el-gobierno-de-gustavo-petro\/#breadcrumb","itemListElement":[{"@type":"ListItem","position":1,"name":"Portada","item":"https:\/\/www.sonoraenequipo.com.mx\/"},{"@type":"ListItem","position":2,"name":"Colombianos protestan contra el gobierno de Gustavo Petro."}]},{"@type":"WebSite","@id":"https:\/\/www.sonoraenequipo.com.mx\/#website","url":"https:\/\/www.sonoraenequipo.com.mx\/","name":"Sonora en Equipo.","description":"Diario en l\u00ednea con Noticias desde Hermosillo, Sonora","publisher":{"@id":"https:\/\/www.sonoraenequipo.com.mx\/#organization"},"potentialAction":[{"@type":"SearchAction","target":{"@type":"EntryPoint","urlTemplate":"https:\/\/www.sonoraenequipo.com.mx\/?s={search_term_string}"},"query-input":{"@type":"PropertyValueSpecification","valueRequired":true,"valueName":"search_term_string"}}],"inLanguage":"es"},{"@type":"Organization","@id":"https:\/\/www.sonoraenequipo.com.mx\/#organization","name":"Sonoraenequipo.com.mx","url":"https:\/\/www.sonoraenequipo.com.mx\/","logo":{"@type":"ImageObject","inLanguage":"es","@id":"https:\/\/www.sonoraenequipo.com.mx\/#\/schema\/logo\/image\/","url":"https:\/\/www.sonoraenequipo.com.mx\/storage\/2019\/01\/sonoraenequipo_opt.png","contentUrl":"https:\/\/www.sonoraenequipo.com.mx\/storage\/2019\/01\/sonoraenequipo_opt.png","width":375,"height":125,"caption":"Sonoraenequipo.com.mx"},"image":{"@id":"https:\/\/www.sonoraenequipo.com.mx\/#\/schema\/logo\/image\/"},"sameAs":["https:\/\/www.facebook.com\/SonoraEE\/","https:\/\/x.com\/sonoraenequipo","https:\/\/www.youtube.com\/channel\/UC338nW-lPEYmJQs4ZABQ1SQ"]},{"@type":"Person","@id":"https:\/\/www.sonoraenequipo.com.mx\/#\/schema\/person\/50102df0fb23a8fa9e8effad8fa81386","name":"enequipo","image":{"@type":"ImageObject","inLanguage":"es","@id":"https:\/\/www.sonoraenequipo.com.mx\/#\/schema\/person\/image\/","url":"https:\/\/secure.gravatar.com\/avatar\/049821681b589dabc0bc20695993ccebb09f5b5d4d790cd9251b97faac7c652b?s=96&d=blank&r=g","contentUrl":"https:\/\/secure.gravatar.com\/avatar\/049821681b589dabc0bc20695993ccebb09f5b5d4d790cd9251b97faac7c652b?s=96&d=blank&r=g","caption":"enequipo"},"sameAs":["https:\/\/www.facebook.com\/SonoraEE"]}]}},"jetpack_featured_media_url":"https:\/\/www.sonoraenequipo.com.mx\/storage\/2024\/04\/protestas-en-vs-de-Petro.jpg-min.jpeg","_links":{"self":[{"href":"https:\/\/www.sonoraenequipo.com.mx\/api\/wp\/v2\/posts\/188145","targetHints":{"allow":["GET"]}}],"collection":[{"href":"https:\/\/www.sonoraenequipo.com.mx\/api\/wp\/v2\/posts"}],"about":[{"href":"https:\/\/www.sonoraenequipo.com.mx\/api\/wp\/v2\/types\/post"}],"author":[{"embeddable":true,"href":"https:\/\/www.sonoraenequipo.com.mx\/api\/wp\/v2\/users\/1"}],"replies":[{"embeddable":true,"href":"https:\/\/www.sonoraenequipo.com.mx\/api\/wp\/v2\/comments?post=188145"}],"version-history":[{"count":1,"href":"https:\/\/www.sonoraenequipo.com.mx\/api\/wp\/v2\/posts\/188145\/revisions"}],"predecessor-version":[{"id":188155,"href":"https:\/\/www.sonoraenequipo.com.mx\/api\/wp\/v2\/posts\/188145\/revisions\/188155"}],"wp:featuredmedia":[{"embeddable":true,"href":"https:\/\/www.sonoraenequipo.com.mx\/api\/wp\/v2\/media\/188154"}],"wp:attachment":[{"href":"https:\/\/www.sonoraenequipo.com.mx\/api\/wp\/v2\/media?parent=188145"}],"wp:term":[{"taxonomy":"category","embeddable":true,"href":"https:\/\/www.sonoraenequipo.com.mx\/api\/wp\/v2\/categories?post=188145"},{"taxonomy":"post_tag","embeddable":true,"href":"https:\/\/www.sonoraenequipo.com.mx\/api\/wp\/v2\/tags?post=188145"}],"curies":[{"name":"wp","href":"https:\/\/api.w.org\/{rel}","templated":true}]}}