{"id":188185,"date":"2024-04-23T12:33:28","date_gmt":"2024-04-23T19:33:28","guid":{"rendered":"https:\/\/www.sonoraenequipo.com.mx\/?p=188185"},"modified":"2024-04-23T12:33:28","modified_gmt":"2024-04-23T19:33:28","slug":"rindio-protesta-presidente-municipal-interino-de-cajeme","status":"publish","type":"post","link":"https:\/\/www.sonoraenequipo.com.mx\/rindio-protesta-presidente-municipal-interino-de-cajeme\/","title":{"rendered":"Rindi\u00f3 protesta presidente municipal interino de Cajeme"},"content":{"rendered":"<p>&nbsp;<\/p>\n<p>&nbsp;<\/p>\n<p><strong>CAJEME, SONORA, MX.\u02d7\u02d7\u02d7 <\/strong>En Sesi\u00f3n Extraordinaria y P\u00fablica de Cabildo, el Regidor Octavio C\u00e9sar Quintero Valenzuela rindi\u00f3 protesta de Ley como Presidente Municipal Interino de Cajeme, luego de que la licencia solicitada por Carlos Javier Lamarque Cano al cargo de Presidente Municipal, comenzar\u00e1 a surtir efecto a partir de este 20 de abril del presente a\u00f1o.<\/p>\n<p>&nbsp;<\/p>\n<p>Cabe mencionar que el pasado 11 de abril, con apego a las disposiciones legales aplicables, las y los integrantes del cabildo cajemense aprobaron por unanimidad otorgar licencia sin goce de sueldo a Javier Lamarque Cano para ausentarse del cargo de Presidente Municipal, por el periodo comprendido del 20 de abril al 5 de junio de 2024; misma sesi\u00f3n en la que tambi\u00e9n se design\u00f3 a Octavio Cesar Quintero Valenzuela para ejercer las funciones correspondientes, durante el t\u00e9rmino de la licencia concedida.<\/p>\n<p>&nbsp;<\/p>\n<p>Quintero Valenzuela, hasta hoy se hab\u00eda desempe\u00f1ado como Regidor Propietario del actual Ayuntamiento y ser\u00e1 a partir de este s\u00e1bado, que ocupar\u00e1 el cargo de Presidente Municipal Interino, hasta el vencimiento de la licencia antes mencionada.<\/p>\n<p>&nbsp;<\/p>\n<p>Por lo que, ante la representaci\u00f3n del Congreso del Estado por parte del Diputado Local, Ra\u00fal Castelo Monta\u00f1o, quien dio fe de esta sesi\u00f3n solemne, con fundamento en el Art\u00edculo 157 de la Constituci\u00f3n Pol\u00edtica del Estado de Sonora, en relaci\u00f3n al numeral 164 de la Ley de Gobierno y Administraci\u00f3n Municipal, tom\u00f3 protesta a Quintero Valenzuela y con ello dar legalidad a su nuevo nombramiento.<\/p>\n<p>Cabe se\u00f1alar que Javier Lamarque buscar\u00e1 la reelecci\u00f3n como alcalde de Cajeme con lo que de ganar ser\u00eda la tercera ocasi\u00f3n que lo consiga\u00a0 (1997-2000,2021-2024, 2024-2027?)<\/p>\n<p><strong>Fecha de publicaci\u00f3n martes 23 de abril de 2024<\/strong><\/p>\n","protected":false},"excerpt":{"rendered":"<p>&nbsp; &nbsp; CAJEME, SONORA, MX.\u02d7\u02d7\u02d7 En Sesi\u00f3n Extraordinaria y P\u00fablica de Cabildo, el Regidor Octavio&#8230;<\/p>\n","protected":false},"author":1,"featured_media":188186,"comment_status":"open","ping_status":"open","sticky":false,"template":"","format":"standard","meta":{"_monsterinsights_skip_tracking":false,"_monsterinsights_sitenote_active":false,"_monsterinsights_sitenote_note":"","_monsterinsights_sitenote_category":0,"footnotes":""},"categories":[9400],"tags":[6537],"class_list":["post"],"yoast_head":" \n<title>Sonora en Equipo. Rindi\u00f3 protesta presidente municipal interino de Cajeme ELECCI\u00d3NES<\/title>\n<meta name=\"description\" content=\"&nbsp; &nbsp; CAJEME, SONORA, MX.\u02d7\u02d7\u02d7 En Sesi\u00f3n Extraordinaria y P\u00fablica de Cabildo, el Regidor Octavio C\u00e9sar Quintero Valenzuela rindi\u00f3 protesta de Ley En Sonora en Equipo publicamos toda la informaci\u00f3n de Sonora, M\u00e9xico y el Mundo de manera oportuna y busca que la libertad de expresi\u00f3n sea real. Visita nuestro medio informativo publicado desde Hermosillo, Sonora. %\" \/>\n<meta name=\"robots\" content=\"index, follow, max-snippet:-1, max-image-preview:large, max-video-preview:-1\" \/>\n<link rel=\"canonical\" href=\"https:\/\/www.sonoraenequipo.com.mx\/rindio-protesta-presidente-municipal-interino-de-cajeme\/\" \/>\n<meta property=\"og:locale\" content=\"es_ES\" \/>\n<meta property=\"og:type\" content=\"article\" \/>\n<meta property=\"og:title\" content=\"Sonora en Equipo. Rindi\u00f3 protesta presidente municipal interino de Cajeme ELECCI\u00d3NES\" \/>\n<meta property=\"og:description\" content=\"&nbsp; &nbsp; CAJEME, SONORA, MX.\u02d7\u02d7\u02d7 En Sesi\u00f3n Extraordinaria y P\u00fablica de Cabildo, el Regidor Octavio C\u00e9sar Quintero Valenzuela rindi\u00f3 protesta de Ley En Sonora en Equipo publicamos toda la informaci\u00f3n de Sonora, M\u00e9xico y el Mundo de manera oportuna y busca que la libertad de expresi\u00f3n sea real. Visita nuestro medio informativo publicado desde Hermosillo, Sonora. %\" \/>\n<meta property=\"og:url\" content=\"https:\/\/www.sonoraenequipo.com.mx\/rindio-protesta-presidente-municipal-interino-de-cajeme\/\" \/>\n<meta property=\"og:site_name\" content=\"Sonora en Equipo.\" \/>\n<meta property=\"article:publisher\" content=\"https:\/\/www.facebook.com\/SonoraEE\/\" \/>\n<meta property=\"article:author\" content=\"https:\/\/www.facebook.com\/SonoraEE\" \/>\n<meta property=\"article:published_time\" content=\"2024-04-23T19:33:28+00:00\" \/>\n<meta property=\"og:image\" content=\"https:\/\/www.sonoraenequipo.com.mx\/storage\/2024\/04\/alcalde-interino-cajeme.jpg\" \/>\n\t<meta property=\"og:image:width\" content=\"900\" \/>\n\t<meta property=\"og:image:height\" content=\"601\" \/>\n\t<meta property=\"og:image:type\" content=\"image\/jpeg\" \/>\n<meta name=\"author\" content=\"enequipo\" \/>\n<meta name=\"twitter:card\" content=\"summary_large_image\" \/>\n<meta name=\"twitter:creator\" content=\"@sonoraenequipo\" \/>\n<meta name=\"twitter:site\" content=\"@sonoraenequipo\" \/>\n<meta name=\"twitter:label1\" content=\"Escrito por\" \/>\n\t<meta name=\"twitter:data1\" content=\"enequipo\" \/>\n\t<meta name=\"twitter:label2\" content=\"Tiempo de lectura\" \/>\n\t<meta name=\"twitter:data2\" content=\"1 minuto\" \/>\n<script type=\"application\/ld+json\" class=\"yoast-schema-graph\">{\"@context\":\"https:\/\/schema.org\",\"@graph\":[{\"@type\":\"Article\",\"@id\":\"https:\/\/www.sonoraenequipo.com.mx\/rindio-protesta-presidente-municipal-interino-de-cajeme\/#article\",\"isPartOf\":{\"@id\":\"https:\/\/www.sonoraenequipo.com.mx\/rindio-protesta-presidente-municipal-interino-de-cajeme\/\"},\"author\":{\"name\":\"enequipo\",\"@id\":\"https:\/\/www.sonoraenequipo.com.mx\/#\/schema\/person\/50102df0fb23a8fa9e8effad8fa81386\"},\"headline\":\"Rindi\u00f3 protesta presidente municipal interino de Cajeme\",\"datePublished\":\"2024-04-23T19:33:28+00:00\",\"mainEntityOfPage\":{\"@id\":\"https:\/\/www.sonoraenequipo.com.mx\/rindio-protesta-presidente-municipal-interino-de-cajeme\/\"},\"wordCount\":302,\"commentCount\":0,\"publisher\":{\"@id\":\"https:\/\/www.sonoraenequipo.com.mx\/#organization\"},\"image\":{\"@id\":\"https:\/\/www.sonoraenequipo.com.mx\/rindio-protesta-presidente-municipal-interino-de-cajeme\/#primaryimage\"},\"thumbnailUrl\":\"https:\/\/www.sonoraenequipo.com.mx\/storage\/2024\/04\/alcalde-interino-cajeme.jpg\",\"keywords\":[\"cajeme javier lamarque\"],\"articleSection\":[\"ELECCI\u00d3NES\"],\"inLanguage\":\"es\",\"potentialAction\":[{\"@type\":\"CommentAction\",\"name\":\"Comment\",\"target\":[\"https:\/\/www.sonoraenequipo.com.mx\/rindio-protesta-presidente-municipal-interino-de-cajeme\/#respond\"]}]},{\"@type\":\"WebPage\",\"@id\":\"https:\/\/www.sonoraenequipo.com.mx\/rindio-protesta-presidente-municipal-interino-de-cajeme\/\",\"url\":\"https:\/\/www.sonoraenequipo.com.mx\/rindio-protesta-presidente-municipal-interino-de-cajeme\/\",\"name\":\"Sonora en Equipo. Rindi\u00f3 protesta presidente municipal interino de Cajeme ELECCI\u00d3NES\",\"isPartOf\":{\"@id\":\"https:\/\/www.sonoraenequipo.com.mx\/#website\"},\"primaryImageOfPage\":{\"@id\":\"https:\/\/www.sonoraenequipo.com.mx\/rindio-protesta-presidente-municipal-interino-de-cajeme\/#primaryimage\"},\"image\":{\"@id\":\"https:\/\/www.sonoraenequipo.com.mx\/rindio-protesta-presidente-municipal-interino-de-cajeme\/#primaryimage\"},\"thumbnailUrl\":\"https:\/\/www.sonoraenequipo.com.mx\/storage\/2024\/04\/alcalde-interino-cajeme.jpg\",\"datePublished\":\"2024-04-23T19:33:28+00:00\",\"description\":\"&nbsp; &nbsp; CAJEME, SONORA, MX.\u02d7\u02d7\u02d7 En Sesi\u00f3n Extraordinaria y P\u00fablica de Cabildo, el Regidor Octavio C\u00e9sar Quintero Valenzuela rindi\u00f3 protesta de Ley En Sonora en Equipo publicamos toda la informaci\u00f3n de Sonora, M\u00e9xico y el Mundo de manera oportuna y busca que la libertad de expresi\u00f3n sea real. Visita nuestro medio informativo publicado desde Hermosillo, Sonora. %\",\"breadcrumb\":{\"@id\":\"https:\/\/www.sonoraenequipo.com.mx\/rindio-protesta-presidente-municipal-interino-de-cajeme\/#breadcrumb\"},\"inLanguage\":\"es\",\"potentialAction\":[{\"@type\":\"ReadAction\",\"target\":[\"https:\/\/www.sonoraenequipo.com.mx\/rindio-protesta-presidente-municipal-interino-de-cajeme\/\"]}]},{\"@type\":\"ImageObject\",\"inLanguage\":\"es\",\"@id\":\"https:\/\/www.sonoraenequipo.com.mx\/rindio-protesta-presidente-municipal-interino-de-cajeme\/#primaryimage\",\"url\":\"https:\/\/www.sonoraenequipo.com.mx\/storage\/2024\/04\/alcalde-interino-cajeme.jpg\",\"contentUrl\":\"https:\/\/www.sonoraenequipo.com.mx\/storage\/2024\/04\/alcalde-interino-cajeme.jpg\",\"width\":900,\"height\":601},{\"@type\":\"BreadcrumbList\",\"@id\":\"https:\/\/www.sonoraenequipo.com.mx\/rindio-protesta-presidente-municipal-interino-de-cajeme\/#breadcrumb\",\"itemListElement\":[{\"@type\":\"ListItem\",\"position\":1,\"name\":\"Portada\",\"item\":\"https:\/\/www.sonoraenequipo.com.mx\/\"},{\"@type\":\"ListItem\",\"position\":2,\"name\":\"Rindi\u00f3 protesta presidente municipal interino de Cajeme\"}]},{\"@type\":\"WebSite\",\"@id\":\"https:\/\/www.sonoraenequipo.com.mx\/#website\",\"url\":\"https:\/\/www.sonoraenequipo.com.mx\/\",\"name\":\"Sonora en Equipo.\",\"description\":\"Diario en l\u00ednea con Noticias desde Hermosillo, Sonora\",\"publisher\":{\"@id\":\"https:\/\/www.sonoraenequipo.com.mx\/#organization\"},\"potentialAction\":[{\"@type\":\"SearchAction\",\"target\":{\"@type\":\"EntryPoint\",\"urlTemplate\":\"https:\/\/www.sonoraenequipo.com.mx\/?s={search_term_string}\"},\"query-input\":{\"@type\":\"PropertyValueSpecification\",\"valueRequired\":true,\"valueName\":\"search_term_string\"}}],\"inLanguage\":\"es\"},{\"@type\":\"Organization\",\"@id\":\"https:\/\/www.sonoraenequipo.com.mx\/#organization\",\"name\":\"Sonoraenequipo.com.mx\",\"url\":\"https:\/\/www.sonoraenequipo.com.mx\/\",\"logo\":{\"@type\":\"ImageObject\",\"inLanguage\":\"es\",\"@id\":\"https:\/\/www.sonoraenequipo.com.mx\/#\/schema\/logo\/image\/\",\"url\":\"https:\/\/www.sonoraenequipo.com.mx\/storage\/2019\/01\/sonoraenequipo_opt.png\",\"contentUrl\":\"https:\/\/www.sonoraenequipo.com.mx\/storage\/2019\/01\/sonoraenequipo_opt.png\",\"width\":375,\"height\":125,\"caption\":\"Sonoraenequipo.com.mx\"},\"image\":{\"@id\":\"https:\/\/www.sonoraenequipo.com.mx\/#\/schema\/logo\/image\/\"},\"sameAs\":[\"https:\/\/www.facebook.com\/SonoraEE\/\",\"https:\/\/x.com\/sonoraenequipo\",\"https:\/\/www.youtube.com\/channel\/UC338nW-lPEYmJQs4ZABQ1SQ\"]},{\"@type\":\"Person\",\"@id\":\"https:\/\/www.sonoraenequipo.com.mx\/#\/schema\/person\/50102df0fb23a8fa9e8effad8fa81386\",\"name\":\"enequipo\",\"image\":{\"@type\":\"ImageObject\",\"inLanguage\":\"es\",\"@id\":\"https:\/\/www.sonoraenequipo.com.mx\/#\/schema\/person\/image\/\",\"url\":\"https:\/\/secure.gravatar.com\/avatar\/049821681b589dabc0bc20695993ccebb09f5b5d4d790cd9251b97faac7c652b?s=96&d=blank&r=g\",\"contentUrl\":\"https:\/\/secure.gravatar.com\/avatar\/049821681b589dabc0bc20695993ccebb09f5b5d4d790cd9251b97faac7c652b?s=96&d=blank&r=g\",\"caption\":\"enequipo\"},\"sameAs\":[\"https:\/\/www.facebook.com\/SonoraEE\"]}]}<\/script>\n ","yoast_head_json":{"title":"Sonora en Equipo. Rindi\u00f3 protesta presidente municipal interino de Cajeme ELECCI\u00d3NES","description":"&nbsp; &nbsp; CAJEME, SONORA, MX.\u02d7\u02d7\u02d7 En Sesi\u00f3n Extraordinaria y P\u00fablica de Cabildo, el Regidor Octavio C\u00e9sar Quintero Valenzuela rindi\u00f3 protesta de Ley En Sonora en Equipo publicamos toda la informaci\u00f3n de Sonora, M\u00e9xico y el Mundo de manera oportuna y busca que la libertad de expresi\u00f3n sea real. Visita nuestro medio informativo publicado desde Hermosillo, Sonora. %","robots":{"index":"index","follow":"follow","max-snippet":"max-snippet:-1","max-image-preview":"max-image-preview:large","max-video-preview":"max-video-preview:-1"},"canonical":"https:\/\/www.sonoraenequipo.com.mx\/rindio-protesta-presidente-municipal-interino-de-cajeme\/","og_locale":"es_ES","og_type":"article","og_title":"Sonora en Equipo. Rindi\u00f3 protesta presidente municipal interino de Cajeme ELECCI\u00d3NES","og_description":"&nbsp; &nbsp; CAJEME, SONORA, MX.\u02d7\u02d7\u02d7 En Sesi\u00f3n Extraordinaria y P\u00fablica de Cabildo, el Regidor Octavio C\u00e9sar Quintero Valenzuela rindi\u00f3 protesta de Ley En Sonora en Equipo publicamos toda la informaci\u00f3n de Sonora, M\u00e9xico y el Mundo de manera oportuna y busca que la libertad de expresi\u00f3n sea real. Visita nuestro medio informativo publicado desde Hermosillo, Sonora. %","og_url":"https:\/\/www.sonoraenequipo.com.mx\/rindio-protesta-presidente-municipal-interino-de-cajeme\/","og_site_name":"Sonora en Equipo.","article_publisher":"https:\/\/www.facebook.com\/SonoraEE\/","article_author":"https:\/\/www.facebook.com\/SonoraEE","article_published_time":"2024-04-23T19:33:28+00:00","og_image":[{"width":900,"height":601,"url":"https:\/\/www.sonoraenequipo.com.mx\/storage\/2024\/04\/alcalde-interino-cajeme.jpg","type":"image\/jpeg"}],"author":"enequipo","twitter_card":"summary_large_image","twitter_creator":"@sonoraenequipo","twitter_site":"@sonoraenequipo","twitter_misc":{"Escrito por":"enequipo","Tiempo de lectura":"1 minuto"},"schema":{"@context":"https:\/\/schema.org","@graph":[{"@type":"Article","@id":"https:\/\/www.sonoraenequipo.com.mx\/rindio-protesta-presidente-municipal-interino-de-cajeme\/#article","isPartOf":{"@id":"https:\/\/www.sonoraenequipo.com.mx\/rindio-protesta-presidente-municipal-interino-de-cajeme\/"},"author":{"name":"enequipo","@id":"https:\/\/www.sonoraenequipo.com.mx\/#\/schema\/person\/50102df0fb23a8fa9e8effad8fa81386"},"headline":"Rindi\u00f3 protesta presidente municipal interino de Cajeme","datePublished":"2024-04-23T19:33:28+00:00","mainEntityOfPage":{"@id":"https:\/\/www.sonoraenequipo.com.mx\/rindio-protesta-presidente-municipal-interino-de-cajeme\/"},"wordCount":302,"commentCount":0,"publisher":{"@id":"https:\/\/www.sonoraenequipo.com.mx\/#organization"},"image":{"@id":"https:\/\/www.sonoraenequipo.com.mx\/rindio-protesta-presidente-municipal-interino-de-cajeme\/#primaryimage"},"thumbnailUrl":"https:\/\/www.sonoraenequipo.com.mx\/storage\/2024\/04\/alcalde-interino-cajeme.jpg","keywords":["cajeme javier lamarque"],"articleSection":["ELECCI\u00d3NES"],"inLanguage":"es","potentialAction":[{"@type":"CommentAction","name":"Comment","target":["https:\/\/www.sonoraenequipo.com.mx\/rindio-protesta-presidente-municipal-interino-de-cajeme\/#respond"]}]},{"@type":"WebPage","@id":"https:\/\/www.sonoraenequipo.com.mx\/rindio-protesta-presidente-municipal-interino-de-cajeme\/","url":"https:\/\/www.sonoraenequipo.com.mx\/rindio-protesta-presidente-municipal-interino-de-cajeme\/","name":"Sonora en Equipo. Rindi\u00f3 protesta presidente municipal interino de Cajeme ELECCI\u00d3NES","isPartOf":{"@id":"https:\/\/www.sonoraenequipo.com.mx\/#website"},"primaryImageOfPage":{"@id":"https:\/\/www.sonoraenequipo.com.mx\/rindio-protesta-presidente-municipal-interino-de-cajeme\/#primaryimage"},"image":{"@id":"https:\/\/www.sonoraenequipo.com.mx\/rindio-protesta-presidente-municipal-interino-de-cajeme\/#primaryimage"},"thumbnailUrl":"https:\/\/www.sonoraenequipo.com.mx\/storage\/2024\/04\/alcalde-interino-cajeme.jpg","datePublished":"2024-04-23T19:33:28+00:00","description":"&nbsp; &nbsp; CAJEME, SONORA, MX.\u02d7\u02d7\u02d7 En Sesi\u00f3n Extraordinaria y P\u00fablica de Cabildo, el Regidor Octavio C\u00e9sar Quintero Valenzuela rindi\u00f3 protesta de Ley En Sonora en Equipo publicamos toda la informaci\u00f3n de Sonora, M\u00e9xico y el Mundo de manera oportuna y busca que la libertad de expresi\u00f3n sea real. Visita nuestro medio informativo publicado desde Hermosillo, Sonora. %","breadcrumb":{"@id":"https:\/\/www.sonoraenequipo.com.mx\/rindio-protesta-presidente-municipal-interino-de-cajeme\/#breadcrumb"},"inLanguage":"es","potentialAction":[{"@type":"ReadAction","target":["https:\/\/www.sonoraenequipo.com.mx\/rindio-protesta-presidente-municipal-interino-de-cajeme\/"]}]},{"@type":"ImageObject","inLanguage":"es","@id":"https:\/\/www.sonoraenequipo.com.mx\/rindio-protesta-presidente-municipal-interino-de-cajeme\/#primaryimage","url":"https:\/\/www.sonoraenequipo.com.mx\/storage\/2024\/04\/alcalde-interino-cajeme.jpg","contentUrl":"https:\/\/www.sonoraenequipo.com.mx\/storage\/2024\/04\/alcalde-interino-cajeme.jpg","width":900,"height":601},{"@type":"BreadcrumbList","@id":"https:\/\/www.sonoraenequipo.com.mx\/rindio-protesta-presidente-municipal-interino-de-cajeme\/#breadcrumb","itemListElement":[{"@type":"ListItem","position":1,"name":"Portada","item":"https:\/\/www.sonoraenequipo.com.mx\/"},{"@type":"ListItem","position":2,"name":"Rindi\u00f3 protesta presidente municipal interino de Cajeme"}]},{"@type":"WebSite","@id":"https:\/\/www.sonoraenequipo.com.mx\/#website","url":"https:\/\/www.sonoraenequipo.com.mx\/","name":"Sonora en Equipo.","description":"Diario en l\u00ednea con Noticias desde Hermosillo, Sonora","publisher":{"@id":"https:\/\/www.sonoraenequipo.com.mx\/#organization"},"potentialAction":[{"@type":"SearchAction","target":{"@type":"EntryPoint","urlTemplate":"https:\/\/www.sonoraenequipo.com.mx\/?s={search_term_string}"},"query-input":{"@type":"PropertyValueSpecification","valueRequired":true,"valueName":"search_term_string"}}],"inLanguage":"es"},{"@type":"Organization","@id":"https:\/\/www.sonoraenequipo.com.mx\/#organization","name":"Sonoraenequipo.com.mx","url":"https:\/\/www.sonoraenequipo.com.mx\/","logo":{"@type":"ImageObject","inLanguage":"es","@id":"https:\/\/www.sonoraenequipo.com.mx\/#\/schema\/logo\/image\/","url":"https:\/\/www.sonoraenequipo.com.mx\/storage\/2019\/01\/sonoraenequipo_opt.png","contentUrl":"https:\/\/www.sonoraenequipo.com.mx\/storage\/2019\/01\/sonoraenequipo_opt.png","width":375,"height":125,"caption":"Sonoraenequipo.com.mx"},"image":{"@id":"https:\/\/www.sonoraenequipo.com.mx\/#\/schema\/logo\/image\/"},"sameAs":["https:\/\/www.facebook.com\/SonoraEE\/","https:\/\/x.com\/sonoraenequipo","https:\/\/www.youtube.com\/channel\/UC338nW-lPEYmJQs4ZABQ1SQ"]},{"@type":"Person","@id":"https:\/\/www.sonoraenequipo.com.mx\/#\/schema\/person\/50102df0fb23a8fa9e8effad8fa81386","name":"enequipo","image":{"@type":"ImageObject","inLanguage":"es","@id":"https:\/\/www.sonoraenequipo.com.mx\/#\/schema\/person\/image\/","url":"https:\/\/secure.gravatar.com\/avatar\/049821681b589dabc0bc20695993ccebb09f5b5d4d790cd9251b97faac7c652b?s=96&d=blank&r=g","contentUrl":"https:\/\/secure.gravatar.com\/avatar\/049821681b589dabc0bc20695993ccebb09f5b5d4d790cd9251b97faac7c652b?s=96&d=blank&r=g","caption":"enequipo"},"sameAs":["https:\/\/www.facebook.com\/SonoraEE"]}]}},"jetpack_featured_media_url":"https:\/\/www.sonoraenequipo.com.mx\/storage\/2024\/04\/alcalde-interino-cajeme.jpg","_links":{"self":[{"href":"https:\/\/www.sonoraenequipo.com.mx\/api\/wp\/v2\/posts\/188185","targetHints":{"allow":["GET"]}}],"collection":[{"href":"https:\/\/www.sonoraenequipo.com.mx\/api\/wp\/v2\/posts"}],"about":[{"href":"https:\/\/www.sonoraenequipo.com.mx\/api\/wp\/v2\/types\/post"}],"author":[{"embeddable":true,"href":"https:\/\/www.sonoraenequipo.com.mx\/api\/wp\/v2\/users\/1"}],"replies":[{"embeddable":true,"href":"https:\/\/www.sonoraenequipo.com.mx\/api\/wp\/v2\/comments?post=188185"}],"version-history":[{"count":1,"href":"https:\/\/www.sonoraenequipo.com.mx\/api\/wp\/v2\/posts\/188185\/revisions"}],"predecessor-version":[{"id":188187,"href":"https:\/\/www.sonoraenequipo.com.mx\/api\/wp\/v2\/posts\/188185\/revisions\/188187"}],"wp:featuredmedia":[{"embeddable":true,"href":"https:\/\/www.sonoraenequipo.com.mx\/api\/wp\/v2\/media\/188186"}],"wp:attachment":[{"href":"https:\/\/www.sonoraenequipo.com.mx\/api\/wp\/v2\/media?parent=188185"}],"wp:term":[{"taxonomy":"category","embeddable":true,"href":"https:\/\/www.sonoraenequipo.com.mx\/api\/wp\/v2\/categories?post=188185"},{"taxonomy":"post_tag","embeddable":true,"href":"https:\/\/www.sonoraenequipo.com.mx\/api\/wp\/v2\/tags?post=188185"}],"curies":[{"name":"wp","href":"https:\/\/api.w.org\/{rel}","templated":true}]}}