{"id":188194,"date":"2024-04-23T14:54:57","date_gmt":"2024-04-23T21:54:57","guid":{"rendered":"https:\/\/www.sonoraenequipo.com.mx\/?p=188194"},"modified":"2024-04-23T14:54:57","modified_gmt":"2024-04-23T21:54:57","slug":"el-cuate-vargas-junto-a-tono-astiazaran-se-compromete-a-acelerar-los-avances-en-hermosillo","status":"publish","type":"post","link":"https:\/\/www.sonoraenequipo.com.mx\/el-cuate-vargas-junto-a-tono-astiazaran-se-compromete-a-acelerar-los-avances-en-hermosillo\/","title":{"rendered":"\u201cEl cuate\u201d Vargas junto a To\u00f1o Astiazar\u00e1n, se compromete a acelerar los avances en Hermosillo"},"content":{"rendered":"<p><strong>HERMOSILLO, SONORA, MX.\u02d7\u02d7\u02d7 <\/strong>Comprometido con profundizar el cambio ya iniciado en Hermosillo, Luis Miguel \u00abEl Cuate\u00bb Vargas, candidato a la diputaci\u00f3n del distrito 9 por Fuerza y Coraz\u00f3n por Sonora, platic\u00f3 sus propuestas para revolucionar el sur de la ciudad durante un recorrido ayer con los vecinos de la colonia Adolfo de la Huerta. \u201cEs el momento de construir el mejor Hermosillo de la historia, comenzando con un transporte p\u00fablico m\u00e1s eficiente\u201d, afirm\u00f3 Vargas, atento a las preocupaciones de los residentes sobre los extensos tiempos de traslado a sus lugares de trabajo.<\/p>\n<p>&nbsp;<\/p>\n<p>\u201cEl cambio en Hermosillo comenz\u00f3 hace tres a\u00f1os y nuestra tarea es no solo continuar sino tambi\u00e9n acelerar este progreso. Estoy aqu\u00ed para colaborar estrechamente con el \u201cTo\u00f1o\u201d Astiazar\u00e1n y asegurar que nuestros avances en servicios p\u00fablicos sean accesibles para todos\u201d, explic\u00f3 \u201cEl Cuate\u201d Vargas, subrayando la importancia de un respaldo legislativo robusto para mantener y expandir los logros ya obtenidos.<\/p>\n<p>&nbsp;<\/p>\n<p>&nbsp;<\/p>\n<p>En un evento en el Club Oasis de la colonia Valle del Marquez, Vargas celebr\u00f3 junto a Ernesto \u201cBorrego\u201d G\u00e1ndara, candidato a diputado federal, y M\u00f3nica Bravo, candidata suplente a diputada local por el distrito 9, durante la ceremonia de premiaci\u00f3n de la liga interbarrial de f\u00fatbol del sur. \u201cFelicitaciones a los campeones, los Dragones, y a todos los que contribuyen a estos eventos que refuerzan nuestro sentido comunitario y promueven el deporte\u201d, coment\u00f3.<\/p>\n<p>&nbsp;<\/p>\n<p>Finalmente, en la plaza de la comisar\u00eda Mesa del Seri, \u00abEl Cuate\u00bb Vargas y su equipo, participaron en la iniciativa \u00abSembrando con el To\u00f1o\u00bb. Distribuyeron kits de semillas entre los vecinos, promoviendo la creaci\u00f3n de \u00e1reas verdes y la conciencia ambiental. \u201cCrecer Juntos tambi\u00e9n significa cuidar nuestro entorno para que Hermosillo no solo sea m\u00e1s grande, sino tambi\u00e9n m\u00e1s sostenible y habitable para todos\u201d, concluy\u00f3 Luis Miguel.<\/p>\n<p><strong>Fecha de publicaci\u00f3n <\/strong><strong>martes 23 de abril de 2024<\/strong><\/p>\n","protected":false},"excerpt":{"rendered":"<p>HERMOSILLO, SONORA, MX.\u02d7\u02d7\u02d7 Comprometido con profundizar el cambio ya iniciado en Hermosillo, Luis Miguel \u00abEl&#8230;<\/p>\n","protected":false},"author":1,"featured_media":188195,"comment_status":"open","ping_status":"open","sticky":false,"template":"","format":"standard","meta":{"_monsterinsights_skip_tracking":false,"_monsterinsights_sitenote_active":false,"_monsterinsights_sitenote_note":"","_monsterinsights_sitenote_category":0,"footnotes":""},"categories":[9400],"tags":[],"class_list":["post"],"yoast_head":" \n<title>Sonora en Equipo. \u201cEl cuate\u201d Vargas junto a To\u00f1o Astiazar\u00e1n, se compromete a acelerar los avances en Hermosillo ELECCI\u00d3NES<\/title>\n<meta name=\"description\" content=\"HERMOSILLO, SONORA, MX.\u02d7\u02d7\u02d7 Comprometido con profundizar el cambio ya iniciado en Hermosillo, Luis Miguel &quot;El Cuate&quot; Vargas, candidato a la diputaci\u00f3n del En Sonora en Equipo publicamos toda la informaci\u00f3n de Sonora, M\u00e9xico y el Mundo de manera oportuna y busca que la libertad de expresi\u00f3n sea real. Visita nuestro medio informativo publicado desde Hermosillo, Sonora. %\" \/>\n<meta name=\"robots\" content=\"index, follow, max-snippet:-1, max-image-preview:large, max-video-preview:-1\" \/>\n<link rel=\"canonical\" href=\"https:\/\/www.sonoraenequipo.com.mx\/el-cuate-vargas-junto-a-tono-astiazaran-se-compromete-a-acelerar-los-avances-en-hermosillo\/\" \/>\n<meta property=\"og:locale\" content=\"es_ES\" \/>\n<meta property=\"og:type\" content=\"article\" \/>\n<meta property=\"og:title\" content=\"Sonora en Equipo. \u201cEl cuate\u201d Vargas junto a To\u00f1o Astiazar\u00e1n, se compromete a acelerar los avances en Hermosillo ELECCI\u00d3NES\" \/>\n<meta property=\"og:description\" content=\"HERMOSILLO, SONORA, MX.\u02d7\u02d7\u02d7 Comprometido con profundizar el cambio ya iniciado en Hermosillo, Luis Miguel &quot;El Cuate&quot; Vargas, candidato a la diputaci\u00f3n del En Sonora en Equipo publicamos toda la informaci\u00f3n de Sonora, M\u00e9xico y el Mundo de manera oportuna y busca que la libertad de expresi\u00f3n sea real. Visita nuestro medio informativo publicado desde Hermosillo, Sonora. %\" \/>\n<meta property=\"og:url\" content=\"https:\/\/www.sonoraenequipo.com.mx\/el-cuate-vargas-junto-a-tono-astiazaran-se-compromete-a-acelerar-los-avances-en-hermosillo\/\" \/>\n<meta property=\"og:site_name\" content=\"Sonora en Equipo.\" \/>\n<meta property=\"article:publisher\" content=\"https:\/\/www.facebook.com\/SonoraEE\/\" \/>\n<meta property=\"article:author\" content=\"https:\/\/www.facebook.com\/SonoraEE\" \/>\n<meta property=\"article:published_time\" content=\"2024-04-23T21:54:57+00:00\" \/>\n<meta property=\"og:image\" content=\"https:\/\/www.sonoraenequipo.com.mx\/storage\/2024\/04\/cuate.jpg\" \/>\n\t<meta property=\"og:image:width\" content=\"900\" \/>\n\t<meta property=\"og:image:height\" content=\"602\" \/>\n\t<meta property=\"og:image:type\" content=\"image\/jpeg\" \/>\n<meta name=\"author\" content=\"enequipo\" \/>\n<meta name=\"twitter:card\" content=\"summary_large_image\" \/>\n<meta name=\"twitter:creator\" content=\"@sonoraenequipo\" \/>\n<meta name=\"twitter:site\" content=\"@sonoraenequipo\" \/>\n<meta name=\"twitter:label1\" content=\"Escrito por\" \/>\n\t<meta name=\"twitter:data1\" content=\"enequipo\" \/>\n\t<meta name=\"twitter:label2\" content=\"Tiempo de lectura\" \/>\n\t<meta name=\"twitter:data2\" content=\"2 minutos\" \/>\n<script type=\"application\/ld+json\" class=\"yoast-schema-graph\">{\"@context\":\"https:\/\/schema.org\",\"@graph\":[{\"@type\":\"Article\",\"@id\":\"https:\/\/www.sonoraenequipo.com.mx\/el-cuate-vargas-junto-a-tono-astiazaran-se-compromete-a-acelerar-los-avances-en-hermosillo\/#article\",\"isPartOf\":{\"@id\":\"https:\/\/www.sonoraenequipo.com.mx\/el-cuate-vargas-junto-a-tono-astiazaran-se-compromete-a-acelerar-los-avances-en-hermosillo\/\"},\"author\":{\"name\":\"enequipo\",\"@id\":\"https:\/\/www.sonoraenequipo.com.mx\/#\/schema\/person\/50102df0fb23a8fa9e8effad8fa81386\"},\"headline\":\"\u201cEl cuate\u201d Vargas junto a To\u00f1o Astiazar\u00e1n, se compromete a acelerar los avances en Hermosillo\",\"datePublished\":\"2024-04-23T21:54:57+00:00\",\"mainEntityOfPage\":{\"@id\":\"https:\/\/www.sonoraenequipo.com.mx\/el-cuate-vargas-junto-a-tono-astiazaran-se-compromete-a-acelerar-los-avances-en-hermosillo\/\"},\"wordCount\":341,\"commentCount\":0,\"publisher\":{\"@id\":\"https:\/\/www.sonoraenequipo.com.mx\/#organization\"},\"image\":{\"@id\":\"https:\/\/www.sonoraenequipo.com.mx\/el-cuate-vargas-junto-a-tono-astiazaran-se-compromete-a-acelerar-los-avances-en-hermosillo\/#primaryimage\"},\"thumbnailUrl\":\"https:\/\/www.sonoraenequipo.com.mx\/storage\/2024\/04\/cuate.jpg\",\"articleSection\":[\"ELECCI\u00d3NES\"],\"inLanguage\":\"es\",\"potentialAction\":[{\"@type\":\"CommentAction\",\"name\":\"Comment\",\"target\":[\"https:\/\/www.sonoraenequipo.com.mx\/el-cuate-vargas-junto-a-tono-astiazaran-se-compromete-a-acelerar-los-avances-en-hermosillo\/#respond\"]}]},{\"@type\":\"WebPage\",\"@id\":\"https:\/\/www.sonoraenequipo.com.mx\/el-cuate-vargas-junto-a-tono-astiazaran-se-compromete-a-acelerar-los-avances-en-hermosillo\/\",\"url\":\"https:\/\/www.sonoraenequipo.com.mx\/el-cuate-vargas-junto-a-tono-astiazaran-se-compromete-a-acelerar-los-avances-en-hermosillo\/\",\"name\":\"Sonora en Equipo. \u201cEl cuate\u201d Vargas junto a To\u00f1o Astiazar\u00e1n, se compromete a acelerar los avances en Hermosillo ELECCI\u00d3NES\",\"isPartOf\":{\"@id\":\"https:\/\/www.sonoraenequipo.com.mx\/#website\"},\"primaryImageOfPage\":{\"@id\":\"https:\/\/www.sonoraenequipo.com.mx\/el-cuate-vargas-junto-a-tono-astiazaran-se-compromete-a-acelerar-los-avances-en-hermosillo\/#primaryimage\"},\"image\":{\"@id\":\"https:\/\/www.sonoraenequipo.com.mx\/el-cuate-vargas-junto-a-tono-astiazaran-se-compromete-a-acelerar-los-avances-en-hermosillo\/#primaryimage\"},\"thumbnailUrl\":\"https:\/\/www.sonoraenequipo.com.mx\/storage\/2024\/04\/cuate.jpg\",\"datePublished\":\"2024-04-23T21:54:57+00:00\",\"description\":\"HERMOSILLO, SONORA, MX.\u02d7\u02d7\u02d7 Comprometido con profundizar el cambio ya iniciado en Hermosillo, Luis Miguel \\\"El Cuate\\\" Vargas, candidato a la diputaci\u00f3n del En Sonora en Equipo publicamos toda la informaci\u00f3n de Sonora, M\u00e9xico y el Mundo de manera oportuna y busca que la libertad de expresi\u00f3n sea real. Visita nuestro medio informativo publicado desde Hermosillo, Sonora. %\",\"breadcrumb\":{\"@id\":\"https:\/\/www.sonoraenequipo.com.mx\/el-cuate-vargas-junto-a-tono-astiazaran-se-compromete-a-acelerar-los-avances-en-hermosillo\/#breadcrumb\"},\"inLanguage\":\"es\",\"potentialAction\":[{\"@type\":\"ReadAction\",\"target\":[\"https:\/\/www.sonoraenequipo.com.mx\/el-cuate-vargas-junto-a-tono-astiazaran-se-compromete-a-acelerar-los-avances-en-hermosillo\/\"]}]},{\"@type\":\"ImageObject\",\"inLanguage\":\"es\",\"@id\":\"https:\/\/www.sonoraenequipo.com.mx\/el-cuate-vargas-junto-a-tono-astiazaran-se-compromete-a-acelerar-los-avances-en-hermosillo\/#primaryimage\",\"url\":\"https:\/\/www.sonoraenequipo.com.mx\/storage\/2024\/04\/cuate.jpg\",\"contentUrl\":\"https:\/\/www.sonoraenequipo.com.mx\/storage\/2024\/04\/cuate.jpg\",\"width\":900,\"height\":602},{\"@type\":\"BreadcrumbList\",\"@id\":\"https:\/\/www.sonoraenequipo.com.mx\/el-cuate-vargas-junto-a-tono-astiazaran-se-compromete-a-acelerar-los-avances-en-hermosillo\/#breadcrumb\",\"itemListElement\":[{\"@type\":\"ListItem\",\"position\":1,\"name\":\"Portada\",\"item\":\"https:\/\/www.sonoraenequipo.com.mx\/\"},{\"@type\":\"ListItem\",\"position\":2,\"name\":\"\u201cEl cuate\u201d Vargas junto a To\u00f1o Astiazar\u00e1n, se compromete a acelerar los avances en Hermosillo\"}]},{\"@type\":\"WebSite\",\"@id\":\"https:\/\/www.sonoraenequipo.com.mx\/#website\",\"url\":\"https:\/\/www.sonoraenequipo.com.mx\/\",\"name\":\"Sonora en Equipo.\",\"description\":\"Diario en l\u00ednea con Noticias desde Hermosillo, Sonora\",\"publisher\":{\"@id\":\"https:\/\/www.sonoraenequipo.com.mx\/#organization\"},\"potentialAction\":[{\"@type\":\"SearchAction\",\"target\":{\"@type\":\"EntryPoint\",\"urlTemplate\":\"https:\/\/www.sonoraenequipo.com.mx\/?s={search_term_string}\"},\"query-input\":{\"@type\":\"PropertyValueSpecification\",\"valueRequired\":true,\"valueName\":\"search_term_string\"}}],\"inLanguage\":\"es\"},{\"@type\":\"Organization\",\"@id\":\"https:\/\/www.sonoraenequipo.com.mx\/#organization\",\"name\":\"Sonoraenequipo.com.mx\",\"url\":\"https:\/\/www.sonoraenequipo.com.mx\/\",\"logo\":{\"@type\":\"ImageObject\",\"inLanguage\":\"es\",\"@id\":\"https:\/\/www.sonoraenequipo.com.mx\/#\/schema\/logo\/image\/\",\"url\":\"https:\/\/www.sonoraenequipo.com.mx\/storage\/2019\/01\/sonoraenequipo_opt.png\",\"contentUrl\":\"https:\/\/www.sonoraenequipo.com.mx\/storage\/2019\/01\/sonoraenequipo_opt.png\",\"width\":375,\"height\":125,\"caption\":\"Sonoraenequipo.com.mx\"},\"image\":{\"@id\":\"https:\/\/www.sonoraenequipo.com.mx\/#\/schema\/logo\/image\/\"},\"sameAs\":[\"https:\/\/www.facebook.com\/SonoraEE\/\",\"https:\/\/x.com\/sonoraenequipo\",\"https:\/\/www.youtube.com\/channel\/UC338nW-lPEYmJQs4ZABQ1SQ\"]},{\"@type\":\"Person\",\"@id\":\"https:\/\/www.sonoraenequipo.com.mx\/#\/schema\/person\/50102df0fb23a8fa9e8effad8fa81386\",\"name\":\"enequipo\",\"image\":{\"@type\":\"ImageObject\",\"inLanguage\":\"es\",\"@id\":\"https:\/\/www.sonoraenequipo.com.mx\/#\/schema\/person\/image\/\",\"url\":\"https:\/\/secure.gravatar.com\/avatar\/049821681b589dabc0bc20695993ccebb09f5b5d4d790cd9251b97faac7c652b?s=96&d=blank&r=g\",\"contentUrl\":\"https:\/\/secure.gravatar.com\/avatar\/049821681b589dabc0bc20695993ccebb09f5b5d4d790cd9251b97faac7c652b?s=96&d=blank&r=g\",\"caption\":\"enequipo\"},\"sameAs\":[\"https:\/\/www.facebook.com\/SonoraEE\"]}]}<\/script>\n ","yoast_head_json":{"title":"Sonora en Equipo. \u201cEl cuate\u201d Vargas junto a To\u00f1o Astiazar\u00e1n, se compromete a acelerar los avances en Hermosillo ELECCI\u00d3NES","description":"HERMOSILLO, SONORA, MX.\u02d7\u02d7\u02d7 Comprometido con profundizar el cambio ya iniciado en Hermosillo, Luis Miguel \"El Cuate\" Vargas, candidato a la diputaci\u00f3n del En Sonora en Equipo publicamos toda la informaci\u00f3n de Sonora, M\u00e9xico y el Mundo de manera oportuna y busca que la libertad de expresi\u00f3n sea real. Visita nuestro medio informativo publicado desde Hermosillo, Sonora. %","robots":{"index":"index","follow":"follow","max-snippet":"max-snippet:-1","max-image-preview":"max-image-preview:large","max-video-preview":"max-video-preview:-1"},"canonical":"https:\/\/www.sonoraenequipo.com.mx\/el-cuate-vargas-junto-a-tono-astiazaran-se-compromete-a-acelerar-los-avances-en-hermosillo\/","og_locale":"es_ES","og_type":"article","og_title":"Sonora en Equipo. \u201cEl cuate\u201d Vargas junto a To\u00f1o Astiazar\u00e1n, se compromete a acelerar los avances en Hermosillo ELECCI\u00d3NES","og_description":"HERMOSILLO, SONORA, MX.\u02d7\u02d7\u02d7 Comprometido con profundizar el cambio ya iniciado en Hermosillo, Luis Miguel \"El Cuate\" Vargas, candidato a la diputaci\u00f3n del En Sonora en Equipo publicamos toda la informaci\u00f3n de Sonora, M\u00e9xico y el Mundo de manera oportuna y busca que la libertad de expresi\u00f3n sea real. Visita nuestro medio informativo publicado desde Hermosillo, Sonora. %","og_url":"https:\/\/www.sonoraenequipo.com.mx\/el-cuate-vargas-junto-a-tono-astiazaran-se-compromete-a-acelerar-los-avances-en-hermosillo\/","og_site_name":"Sonora en Equipo.","article_publisher":"https:\/\/www.facebook.com\/SonoraEE\/","article_author":"https:\/\/www.facebook.com\/SonoraEE","article_published_time":"2024-04-23T21:54:57+00:00","og_image":[{"width":900,"height":602,"url":"https:\/\/www.sonoraenequipo.com.mx\/storage\/2024\/04\/cuate.jpg","type":"image\/jpeg"}],"author":"enequipo","twitter_card":"summary_large_image","twitter_creator":"@sonoraenequipo","twitter_site":"@sonoraenequipo","twitter_misc":{"Escrito por":"enequipo","Tiempo de lectura":"2 minutos"},"schema":{"@context":"https:\/\/schema.org","@graph":[{"@type":"Article","@id":"https:\/\/www.sonoraenequipo.com.mx\/el-cuate-vargas-junto-a-tono-astiazaran-se-compromete-a-acelerar-los-avances-en-hermosillo\/#article","isPartOf":{"@id":"https:\/\/www.sonoraenequipo.com.mx\/el-cuate-vargas-junto-a-tono-astiazaran-se-compromete-a-acelerar-los-avances-en-hermosillo\/"},"author":{"name":"enequipo","@id":"https:\/\/www.sonoraenequipo.com.mx\/#\/schema\/person\/50102df0fb23a8fa9e8effad8fa81386"},"headline":"\u201cEl cuate\u201d Vargas junto a To\u00f1o Astiazar\u00e1n, se compromete a acelerar los avances en Hermosillo","datePublished":"2024-04-23T21:54:57+00:00","mainEntityOfPage":{"@id":"https:\/\/www.sonoraenequipo.com.mx\/el-cuate-vargas-junto-a-tono-astiazaran-se-compromete-a-acelerar-los-avances-en-hermosillo\/"},"wordCount":341,"commentCount":0,"publisher":{"@id":"https:\/\/www.sonoraenequipo.com.mx\/#organization"},"image":{"@id":"https:\/\/www.sonoraenequipo.com.mx\/el-cuate-vargas-junto-a-tono-astiazaran-se-compromete-a-acelerar-los-avances-en-hermosillo\/#primaryimage"},"thumbnailUrl":"https:\/\/www.sonoraenequipo.com.mx\/storage\/2024\/04\/cuate.jpg","articleSection":["ELECCI\u00d3NES"],"inLanguage":"es","potentialAction":[{"@type":"CommentAction","name":"Comment","target":["https:\/\/www.sonoraenequipo.com.mx\/el-cuate-vargas-junto-a-tono-astiazaran-se-compromete-a-acelerar-los-avances-en-hermosillo\/#respond"]}]},{"@type":"WebPage","@id":"https:\/\/www.sonoraenequipo.com.mx\/el-cuate-vargas-junto-a-tono-astiazaran-se-compromete-a-acelerar-los-avances-en-hermosillo\/","url":"https:\/\/www.sonoraenequipo.com.mx\/el-cuate-vargas-junto-a-tono-astiazaran-se-compromete-a-acelerar-los-avances-en-hermosillo\/","name":"Sonora en Equipo. \u201cEl cuate\u201d Vargas junto a To\u00f1o Astiazar\u00e1n, se compromete a acelerar los avances en Hermosillo ELECCI\u00d3NES","isPartOf":{"@id":"https:\/\/www.sonoraenequipo.com.mx\/#website"},"primaryImageOfPage":{"@id":"https:\/\/www.sonoraenequipo.com.mx\/el-cuate-vargas-junto-a-tono-astiazaran-se-compromete-a-acelerar-los-avances-en-hermosillo\/#primaryimage"},"image":{"@id":"https:\/\/www.sonoraenequipo.com.mx\/el-cuate-vargas-junto-a-tono-astiazaran-se-compromete-a-acelerar-los-avances-en-hermosillo\/#primaryimage"},"thumbnailUrl":"https:\/\/www.sonoraenequipo.com.mx\/storage\/2024\/04\/cuate.jpg","datePublished":"2024-04-23T21:54:57+00:00","description":"HERMOSILLO, SONORA, MX.\u02d7\u02d7\u02d7 Comprometido con profundizar el cambio ya iniciado en Hermosillo, Luis Miguel \"El Cuate\" Vargas, candidato a la diputaci\u00f3n del En Sonora en Equipo publicamos toda la informaci\u00f3n de Sonora, M\u00e9xico y el Mundo de manera oportuna y busca que la libertad de expresi\u00f3n sea real. Visita nuestro medio informativo publicado desde Hermosillo, Sonora. %","breadcrumb":{"@id":"https:\/\/www.sonoraenequipo.com.mx\/el-cuate-vargas-junto-a-tono-astiazaran-se-compromete-a-acelerar-los-avances-en-hermosillo\/#breadcrumb"},"inLanguage":"es","potentialAction":[{"@type":"ReadAction","target":["https:\/\/www.sonoraenequipo.com.mx\/el-cuate-vargas-junto-a-tono-astiazaran-se-compromete-a-acelerar-los-avances-en-hermosillo\/"]}]},{"@type":"ImageObject","inLanguage":"es","@id":"https:\/\/www.sonoraenequipo.com.mx\/el-cuate-vargas-junto-a-tono-astiazaran-se-compromete-a-acelerar-los-avances-en-hermosillo\/#primaryimage","url":"https:\/\/www.sonoraenequipo.com.mx\/storage\/2024\/04\/cuate.jpg","contentUrl":"https:\/\/www.sonoraenequipo.com.mx\/storage\/2024\/04\/cuate.jpg","width":900,"height":602},{"@type":"BreadcrumbList","@id":"https:\/\/www.sonoraenequipo.com.mx\/el-cuate-vargas-junto-a-tono-astiazaran-se-compromete-a-acelerar-los-avances-en-hermosillo\/#breadcrumb","itemListElement":[{"@type":"ListItem","position":1,"name":"Portada","item":"https:\/\/www.sonoraenequipo.com.mx\/"},{"@type":"ListItem","position":2,"name":"\u201cEl cuate\u201d Vargas junto a To\u00f1o Astiazar\u00e1n, se compromete a acelerar los avances en Hermosillo"}]},{"@type":"WebSite","@id":"https:\/\/www.sonoraenequipo.com.mx\/#website","url":"https:\/\/www.sonoraenequipo.com.mx\/","name":"Sonora en Equipo.","description":"Diario en l\u00ednea con Noticias desde Hermosillo, Sonora","publisher":{"@id":"https:\/\/www.sonoraenequipo.com.mx\/#organization"},"potentialAction":[{"@type":"SearchAction","target":{"@type":"EntryPoint","urlTemplate":"https:\/\/www.sonoraenequipo.com.mx\/?s={search_term_string}"},"query-input":{"@type":"PropertyValueSpecification","valueRequired":true,"valueName":"search_term_string"}}],"inLanguage":"es"},{"@type":"Organization","@id":"https:\/\/www.sonoraenequipo.com.mx\/#organization","name":"Sonoraenequipo.com.mx","url":"https:\/\/www.sonoraenequipo.com.mx\/","logo":{"@type":"ImageObject","inLanguage":"es","@id":"https:\/\/www.sonoraenequipo.com.mx\/#\/schema\/logo\/image\/","url":"https:\/\/www.sonoraenequipo.com.mx\/storage\/2019\/01\/sonoraenequipo_opt.png","contentUrl":"https:\/\/www.sonoraenequipo.com.mx\/storage\/2019\/01\/sonoraenequipo_opt.png","width":375,"height":125,"caption":"Sonoraenequipo.com.mx"},"image":{"@id":"https:\/\/www.sonoraenequipo.com.mx\/#\/schema\/logo\/image\/"},"sameAs":["https:\/\/www.facebook.com\/SonoraEE\/","https:\/\/x.com\/sonoraenequipo","https:\/\/www.youtube.com\/channel\/UC338nW-lPEYmJQs4ZABQ1SQ"]},{"@type":"Person","@id":"https:\/\/www.sonoraenequipo.com.mx\/#\/schema\/person\/50102df0fb23a8fa9e8effad8fa81386","name":"enequipo","image":{"@type":"ImageObject","inLanguage":"es","@id":"https:\/\/www.sonoraenequipo.com.mx\/#\/schema\/person\/image\/","url":"https:\/\/secure.gravatar.com\/avatar\/049821681b589dabc0bc20695993ccebb09f5b5d4d790cd9251b97faac7c652b?s=96&d=blank&r=g","contentUrl":"https:\/\/secure.gravatar.com\/avatar\/049821681b589dabc0bc20695993ccebb09f5b5d4d790cd9251b97faac7c652b?s=96&d=blank&r=g","caption":"enequipo"},"sameAs":["https:\/\/www.facebook.com\/SonoraEE"]}]}},"jetpack_featured_media_url":"https:\/\/www.sonoraenequipo.com.mx\/storage\/2024\/04\/cuate.jpg","_links":{"self":[{"href":"https:\/\/www.sonoraenequipo.com.mx\/api\/wp\/v2\/posts\/188194","targetHints":{"allow":["GET"]}}],"collection":[{"href":"https:\/\/www.sonoraenequipo.com.mx\/api\/wp\/v2\/posts"}],"about":[{"href":"https:\/\/www.sonoraenequipo.com.mx\/api\/wp\/v2\/types\/post"}],"author":[{"embeddable":true,"href":"https:\/\/www.sonoraenequipo.com.mx\/api\/wp\/v2\/users\/1"}],"replies":[{"embeddable":true,"href":"https:\/\/www.sonoraenequipo.com.mx\/api\/wp\/v2\/comments?post=188194"}],"version-history":[{"count":1,"href":"https:\/\/www.sonoraenequipo.com.mx\/api\/wp\/v2\/posts\/188194\/revisions"}],"predecessor-version":[{"id":188196,"href":"https:\/\/www.sonoraenequipo.com.mx\/api\/wp\/v2\/posts\/188194\/revisions\/188196"}],"wp:featuredmedia":[{"embeddable":true,"href":"https:\/\/www.sonoraenequipo.com.mx\/api\/wp\/v2\/media\/188195"}],"wp:attachment":[{"href":"https:\/\/www.sonoraenequipo.com.mx\/api\/wp\/v2\/media?parent=188194"}],"wp:term":[{"taxonomy":"category","embeddable":true,"href":"https:\/\/www.sonoraenequipo.com.mx\/api\/wp\/v2\/categories?post=188194"},{"taxonomy":"post_tag","embeddable":true,"href":"https:\/\/www.sonoraenequipo.com.mx\/api\/wp\/v2\/tags?post=188194"}],"curies":[{"name":"wp","href":"https:\/\/api.w.org\/{rel}","templated":true}]}}