{"id":188197,"date":"2024-04-23T15:37:15","date_gmt":"2024-04-23T22:37:15","guid":{"rendered":"https:\/\/www.sonoraenequipo.com.mx\/?p=188197"},"modified":"2024-04-23T15:37:15","modified_gmt":"2024-04-23T22:37:15","slug":"capturado-en-nogales-probable-feminicida-de-roxanna-jeannette-n","status":"publish","type":"post","link":"https:\/\/www.sonoraenequipo.com.mx\/capturado-en-nogales-probable-feminicida-de-roxanna-jeannette-n\/","title":{"rendered":"Capturado en Nogales probable feminicida de Roxanna Jeannette \u201cN\u201d"},"content":{"rendered":"<p><strong>NOGALES, SONORA, MX.\u02d7\u02d7\u02d7 <\/strong>Trabajos de investigaci\u00f3n con perspectiva de g\u00e9nero realizados por la Fiscal\u00eda General de Justicia del Estado de Sonora (FGJES) llevaron a la captura de \u00d3scar Fernando \u201cN\u201d por su presunta responsabilidad en el feminicidio de Roxanna Jeannette \u201cN\u201d, ocurrido en Nogales, Sonora.<\/p>\n<p>&nbsp;<\/p>\n<p>Los datos de prueba recopilados para la respectiva carpeta de investigaci\u00f3n indican que el pasado 21 de abril el individuo presuntamente acudi\u00f3 al domicilio situado en la calle Paraje, Edificio D-2, en la colonia Sierra Vista, hogar de la v\u00edctima con quien manten\u00eda una relaci\u00f3n conyugal, pero estaban separados por antecedentes de violencia familiar.<\/p>\n<p>&nbsp;<\/p>\n<p>En un momento dado, el sujeto presuntamente agredi\u00f3 a golpes a Roxanna Jeannette \u201cN\u201d, luego utiliz\u00f3 un cable para estrangularla y privarla de la vida, dej\u00f3 su cuerpo en el interior de la habitaci\u00f3n, donde fue encontrado por familiares en el transcurso de la ma\u00f1ana del 22 de abril.<\/p>\n<p>&nbsp;<\/p>\n<p>Con base en los indicios recabados por el personal de Servicios Periciales en la escena del crimen, el agente del Ministerio P\u00fablico solicit\u00f3 y obtuvo una orden de aprehensi\u00f3n por el delito de feminicidio de parte de un Juez, la cual se cumpliment\u00f3 el 23 de marzo por elementos de la Agencia Ministerial de Investigaci\u00f3n Criminal (AMIC). Actualmente, se est\u00e1 a la espera de las audiencias correspondientes.<\/p>\n<p>&nbsp;<\/p>\n<p>La Fiscal\u00eda General de Justicia del Estado de Sonora (FGJES) continuar\u00e1 con el proceso actual para buscar la pena m\u00e1s severa que a derecho corresponda por el delito presuntamente motivados por razones de g\u00e9nero.<\/p>\n<p><strong>Fecha de publicaci\u00f3n <\/strong><strong>martes 23 de abril de 2024<\/strong><\/p>\n","protected":false},"excerpt":{"rendered":"<p>NOGALES, SONORA, MX.\u02d7\u02d7\u02d7 Trabajos de investigaci\u00f3n con perspectiva de g\u00e9nero realizados por la Fiscal\u00eda General&#8230;<\/p>\n","protected":false},"author":1,"featured_media":188198,"comment_status":"open","ping_status":"open","sticky":false,"template":"","format":"standard","meta":{"_monsterinsights_skip_tracking":false,"_monsterinsights_sitenote_active":false,"_monsterinsights_sitenote_note":"","_monsterinsights_sitenote_category":0,"footnotes":""},"categories":[3281],"tags":[3533,15],"class_list":["post"],"yoast_head":" \n<title>Sonora en Equipo. Capturado en Nogales probable feminicida de Roxanna Jeannette \u201cN\u201d Congreso<\/title>\n<meta name=\"description\" content=\"NOGALES, SONORA, MX.\u02d7\u02d7\u02d7 Trabajos de investigaci\u00f3n con perspectiva de g\u00e9nero realizados por la Fiscal\u00eda General de Justicia del Estado de Sonora (FGJES) En Sonora en Equipo publicamos toda la informaci\u00f3n de Sonora, M\u00e9xico y el Mundo de manera oportuna y busca que la libertad de expresi\u00f3n sea real. Visita nuestro medio informativo publicado desde Hermosillo, Sonora. %\" \/>\n<meta name=\"robots\" content=\"index, follow, max-snippet:-1, max-image-preview:large, max-video-preview:-1\" \/>\n<link rel=\"canonical\" href=\"https:\/\/www.sonoraenequipo.com.mx\/capturado-en-nogales-probable-feminicida-de-roxanna-jeannette-n\/\" \/>\n<meta property=\"og:locale\" content=\"es_ES\" \/>\n<meta property=\"og:type\" content=\"article\" \/>\n<meta property=\"og:title\" content=\"Sonora en Equipo. Capturado en Nogales probable feminicida de Roxanna Jeannette \u201cN\u201d Congreso\" \/>\n<meta property=\"og:description\" content=\"NOGALES, SONORA, MX.\u02d7\u02d7\u02d7 Trabajos de investigaci\u00f3n con perspectiva de g\u00e9nero realizados por la Fiscal\u00eda General de Justicia del Estado de Sonora (FGJES) En Sonora en Equipo publicamos toda la informaci\u00f3n de Sonora, M\u00e9xico y el Mundo de manera oportuna y busca que la libertad de expresi\u00f3n sea real. Visita nuestro medio informativo publicado desde Hermosillo, Sonora. %\" \/>\n<meta property=\"og:url\" content=\"https:\/\/www.sonoraenequipo.com.mx\/capturado-en-nogales-probable-feminicida-de-roxanna-jeannette-n\/\" \/>\n<meta property=\"og:site_name\" content=\"Sonora en Equipo.\" \/>\n<meta property=\"article:publisher\" content=\"https:\/\/www.facebook.com\/SonoraEE\/\" \/>\n<meta property=\"article:author\" content=\"https:\/\/www.facebook.com\/SonoraEE\" \/>\n<meta property=\"article:published_time\" content=\"2024-04-23T22:37:15+00:00\" \/>\n<meta property=\"og:image\" content=\"https:\/\/www.sonoraenequipo.com.mx\/storage\/2024\/04\/feminicida-nogales.jpg\" \/>\n\t<meta property=\"og:image:width\" content=\"900\" \/>\n\t<meta property=\"og:image:height\" content=\"600\" \/>\n\t<meta property=\"og:image:type\" content=\"image\/jpeg\" \/>\n<meta name=\"author\" content=\"enequipo\" \/>\n<meta name=\"twitter:card\" content=\"summary_large_image\" \/>\n<meta name=\"twitter:creator\" content=\"@sonoraenequipo\" \/>\n<meta name=\"twitter:site\" content=\"@sonoraenequipo\" \/>\n<meta name=\"twitter:label1\" content=\"Escrito por\" \/>\n\t<meta name=\"twitter:data1\" content=\"enequipo\" \/>\n\t<meta name=\"twitter:label2\" content=\"Tiempo de lectura\" \/>\n\t<meta name=\"twitter:data2\" content=\"1 minuto\" \/>\n<script type=\"application\/ld+json\" class=\"yoast-schema-graph\">{\"@context\":\"https:\/\/schema.org\",\"@graph\":[{\"@type\":\"Article\",\"@id\":\"https:\/\/www.sonoraenequipo.com.mx\/capturado-en-nogales-probable-feminicida-de-roxanna-jeannette-n\/#article\",\"isPartOf\":{\"@id\":\"https:\/\/www.sonoraenequipo.com.mx\/capturado-en-nogales-probable-feminicida-de-roxanna-jeannette-n\/\"},\"author\":{\"name\":\"enequipo\",\"@id\":\"https:\/\/www.sonoraenequipo.com.mx\/#\/schema\/person\/50102df0fb23a8fa9e8effad8fa81386\"},\"headline\":\"Capturado en Nogales probable feminicida de Roxanna Jeannette \u201cN\u201d\",\"datePublished\":\"2024-04-23T22:37:15+00:00\",\"mainEntityOfPage\":{\"@id\":\"https:\/\/www.sonoraenequipo.com.mx\/capturado-en-nogales-probable-feminicida-de-roxanna-jeannette-n\/\"},\"wordCount\":282,\"commentCount\":0,\"publisher\":{\"@id\":\"https:\/\/www.sonoraenequipo.com.mx\/#organization\"},\"image\":{\"@id\":\"https:\/\/www.sonoraenequipo.com.mx\/capturado-en-nogales-probable-feminicida-de-roxanna-jeannette-n\/#primaryimage\"},\"thumbnailUrl\":\"https:\/\/www.sonoraenequipo.com.mx\/storage\/2024\/04\/feminicida-nogales.jpg\",\"keywords\":[\"FEMINICIDIO\",\"Sonora\"],\"articleSection\":[\"Congreso\"],\"inLanguage\":\"es\",\"potentialAction\":[{\"@type\":\"CommentAction\",\"name\":\"Comment\",\"target\":[\"https:\/\/www.sonoraenequipo.com.mx\/capturado-en-nogales-probable-feminicida-de-roxanna-jeannette-n\/#respond\"]}]},{\"@type\":\"WebPage\",\"@id\":\"https:\/\/www.sonoraenequipo.com.mx\/capturado-en-nogales-probable-feminicida-de-roxanna-jeannette-n\/\",\"url\":\"https:\/\/www.sonoraenequipo.com.mx\/capturado-en-nogales-probable-feminicida-de-roxanna-jeannette-n\/\",\"name\":\"Sonora en Equipo. Capturado en Nogales probable feminicida de Roxanna Jeannette \u201cN\u201d Congreso\",\"isPartOf\":{\"@id\":\"https:\/\/www.sonoraenequipo.com.mx\/#website\"},\"primaryImageOfPage\":{\"@id\":\"https:\/\/www.sonoraenequipo.com.mx\/capturado-en-nogales-probable-feminicida-de-roxanna-jeannette-n\/#primaryimage\"},\"image\":{\"@id\":\"https:\/\/www.sonoraenequipo.com.mx\/capturado-en-nogales-probable-feminicida-de-roxanna-jeannette-n\/#primaryimage\"},\"thumbnailUrl\":\"https:\/\/www.sonoraenequipo.com.mx\/storage\/2024\/04\/feminicida-nogales.jpg\",\"datePublished\":\"2024-04-23T22:37:15+00:00\",\"description\":\"NOGALES, SONORA, MX.\u02d7\u02d7\u02d7 Trabajos de investigaci\u00f3n con perspectiva de g\u00e9nero realizados por la Fiscal\u00eda General de Justicia del Estado de Sonora (FGJES) En Sonora en Equipo publicamos toda la informaci\u00f3n de Sonora, M\u00e9xico y el Mundo de manera oportuna y busca que la libertad de expresi\u00f3n sea real. Visita nuestro medio informativo publicado desde Hermosillo, Sonora. %\",\"breadcrumb\":{\"@id\":\"https:\/\/www.sonoraenequipo.com.mx\/capturado-en-nogales-probable-feminicida-de-roxanna-jeannette-n\/#breadcrumb\"},\"inLanguage\":\"es\",\"potentialAction\":[{\"@type\":\"ReadAction\",\"target\":[\"https:\/\/www.sonoraenequipo.com.mx\/capturado-en-nogales-probable-feminicida-de-roxanna-jeannette-n\/\"]}]},{\"@type\":\"ImageObject\",\"inLanguage\":\"es\",\"@id\":\"https:\/\/www.sonoraenequipo.com.mx\/capturado-en-nogales-probable-feminicida-de-roxanna-jeannette-n\/#primaryimage\",\"url\":\"https:\/\/www.sonoraenequipo.com.mx\/storage\/2024\/04\/feminicida-nogales.jpg\",\"contentUrl\":\"https:\/\/www.sonoraenequipo.com.mx\/storage\/2024\/04\/feminicida-nogales.jpg\",\"width\":900,\"height\":600},{\"@type\":\"BreadcrumbList\",\"@id\":\"https:\/\/www.sonoraenequipo.com.mx\/capturado-en-nogales-probable-feminicida-de-roxanna-jeannette-n\/#breadcrumb\",\"itemListElement\":[{\"@type\":\"ListItem\",\"position\":1,\"name\":\"Portada\",\"item\":\"https:\/\/www.sonoraenequipo.com.mx\/\"},{\"@type\":\"ListItem\",\"position\":2,\"name\":\"Capturado en Nogales probable feminicida de Roxanna Jeannette \u201cN\u201d\"}]},{\"@type\":\"WebSite\",\"@id\":\"https:\/\/www.sonoraenequipo.com.mx\/#website\",\"url\":\"https:\/\/www.sonoraenequipo.com.mx\/\",\"name\":\"Sonora en Equipo.\",\"description\":\"Diario en l\u00ednea con Noticias desde Hermosillo, Sonora\",\"publisher\":{\"@id\":\"https:\/\/www.sonoraenequipo.com.mx\/#organization\"},\"potentialAction\":[{\"@type\":\"SearchAction\",\"target\":{\"@type\":\"EntryPoint\",\"urlTemplate\":\"https:\/\/www.sonoraenequipo.com.mx\/?s={search_term_string}\"},\"query-input\":{\"@type\":\"PropertyValueSpecification\",\"valueRequired\":true,\"valueName\":\"search_term_string\"}}],\"inLanguage\":\"es\"},{\"@type\":\"Organization\",\"@id\":\"https:\/\/www.sonoraenequipo.com.mx\/#organization\",\"name\":\"Sonoraenequipo.com.mx\",\"url\":\"https:\/\/www.sonoraenequipo.com.mx\/\",\"logo\":{\"@type\":\"ImageObject\",\"inLanguage\":\"es\",\"@id\":\"https:\/\/www.sonoraenequipo.com.mx\/#\/schema\/logo\/image\/\",\"url\":\"https:\/\/www.sonoraenequipo.com.mx\/storage\/2019\/01\/sonoraenequipo_opt.png\",\"contentUrl\":\"https:\/\/www.sonoraenequipo.com.mx\/storage\/2019\/01\/sonoraenequipo_opt.png\",\"width\":375,\"height\":125,\"caption\":\"Sonoraenequipo.com.mx\"},\"image\":{\"@id\":\"https:\/\/www.sonoraenequipo.com.mx\/#\/schema\/logo\/image\/\"},\"sameAs\":[\"https:\/\/www.facebook.com\/SonoraEE\/\",\"https:\/\/x.com\/sonoraenequipo\",\"https:\/\/www.youtube.com\/channel\/UC338nW-lPEYmJQs4ZABQ1SQ\"]},{\"@type\":\"Person\",\"@id\":\"https:\/\/www.sonoraenequipo.com.mx\/#\/schema\/person\/50102df0fb23a8fa9e8effad8fa81386\",\"name\":\"enequipo\",\"image\":{\"@type\":\"ImageObject\",\"inLanguage\":\"es\",\"@id\":\"https:\/\/www.sonoraenequipo.com.mx\/#\/schema\/person\/image\/\",\"url\":\"https:\/\/secure.gravatar.com\/avatar\/049821681b589dabc0bc20695993ccebb09f5b5d4d790cd9251b97faac7c652b?s=96&d=blank&r=g\",\"contentUrl\":\"https:\/\/secure.gravatar.com\/avatar\/049821681b589dabc0bc20695993ccebb09f5b5d4d790cd9251b97faac7c652b?s=96&d=blank&r=g\",\"caption\":\"enequipo\"},\"sameAs\":[\"https:\/\/www.facebook.com\/SonoraEE\"]}]}<\/script>\n ","yoast_head_json":{"title":"Sonora en Equipo. Capturado en Nogales probable feminicida de Roxanna Jeannette \u201cN\u201d Congreso","description":"NOGALES, SONORA, MX.\u02d7\u02d7\u02d7 Trabajos de investigaci\u00f3n con perspectiva de g\u00e9nero realizados por la Fiscal\u00eda General de Justicia del Estado de Sonora (FGJES) En Sonora en Equipo publicamos toda la informaci\u00f3n de Sonora, M\u00e9xico y el Mundo de manera oportuna y busca que la libertad de expresi\u00f3n sea real. Visita nuestro medio informativo publicado desde Hermosillo, Sonora. %","robots":{"index":"index","follow":"follow","max-snippet":"max-snippet:-1","max-image-preview":"max-image-preview:large","max-video-preview":"max-video-preview:-1"},"canonical":"https:\/\/www.sonoraenequipo.com.mx\/capturado-en-nogales-probable-feminicida-de-roxanna-jeannette-n\/","og_locale":"es_ES","og_type":"article","og_title":"Sonora en Equipo. Capturado en Nogales probable feminicida de Roxanna Jeannette \u201cN\u201d Congreso","og_description":"NOGALES, SONORA, MX.\u02d7\u02d7\u02d7 Trabajos de investigaci\u00f3n con perspectiva de g\u00e9nero realizados por la Fiscal\u00eda General de Justicia del Estado de Sonora (FGJES) En Sonora en Equipo publicamos toda la informaci\u00f3n de Sonora, M\u00e9xico y el Mundo de manera oportuna y busca que la libertad de expresi\u00f3n sea real. Visita nuestro medio informativo publicado desde Hermosillo, Sonora. %","og_url":"https:\/\/www.sonoraenequipo.com.mx\/capturado-en-nogales-probable-feminicida-de-roxanna-jeannette-n\/","og_site_name":"Sonora en Equipo.","article_publisher":"https:\/\/www.facebook.com\/SonoraEE\/","article_author":"https:\/\/www.facebook.com\/SonoraEE","article_published_time":"2024-04-23T22:37:15+00:00","og_image":[{"width":900,"height":600,"url":"https:\/\/www.sonoraenequipo.com.mx\/storage\/2024\/04\/feminicida-nogales.jpg","type":"image\/jpeg"}],"author":"enequipo","twitter_card":"summary_large_image","twitter_creator":"@sonoraenequipo","twitter_site":"@sonoraenequipo","twitter_misc":{"Escrito por":"enequipo","Tiempo de lectura":"1 minuto"},"schema":{"@context":"https:\/\/schema.org","@graph":[{"@type":"Article","@id":"https:\/\/www.sonoraenequipo.com.mx\/capturado-en-nogales-probable-feminicida-de-roxanna-jeannette-n\/#article","isPartOf":{"@id":"https:\/\/www.sonoraenequipo.com.mx\/capturado-en-nogales-probable-feminicida-de-roxanna-jeannette-n\/"},"author":{"name":"enequipo","@id":"https:\/\/www.sonoraenequipo.com.mx\/#\/schema\/person\/50102df0fb23a8fa9e8effad8fa81386"},"headline":"Capturado en Nogales probable feminicida de Roxanna Jeannette \u201cN\u201d","datePublished":"2024-04-23T22:37:15+00:00","mainEntityOfPage":{"@id":"https:\/\/www.sonoraenequipo.com.mx\/capturado-en-nogales-probable-feminicida-de-roxanna-jeannette-n\/"},"wordCount":282,"commentCount":0,"publisher":{"@id":"https:\/\/www.sonoraenequipo.com.mx\/#organization"},"image":{"@id":"https:\/\/www.sonoraenequipo.com.mx\/capturado-en-nogales-probable-feminicida-de-roxanna-jeannette-n\/#primaryimage"},"thumbnailUrl":"https:\/\/www.sonoraenequipo.com.mx\/storage\/2024\/04\/feminicida-nogales.jpg","keywords":["FEMINICIDIO","Sonora"],"articleSection":["Congreso"],"inLanguage":"es","potentialAction":[{"@type":"CommentAction","name":"Comment","target":["https:\/\/www.sonoraenequipo.com.mx\/capturado-en-nogales-probable-feminicida-de-roxanna-jeannette-n\/#respond"]}]},{"@type":"WebPage","@id":"https:\/\/www.sonoraenequipo.com.mx\/capturado-en-nogales-probable-feminicida-de-roxanna-jeannette-n\/","url":"https:\/\/www.sonoraenequipo.com.mx\/capturado-en-nogales-probable-feminicida-de-roxanna-jeannette-n\/","name":"Sonora en Equipo. Capturado en Nogales probable feminicida de Roxanna Jeannette \u201cN\u201d Congreso","isPartOf":{"@id":"https:\/\/www.sonoraenequipo.com.mx\/#website"},"primaryImageOfPage":{"@id":"https:\/\/www.sonoraenequipo.com.mx\/capturado-en-nogales-probable-feminicida-de-roxanna-jeannette-n\/#primaryimage"},"image":{"@id":"https:\/\/www.sonoraenequipo.com.mx\/capturado-en-nogales-probable-feminicida-de-roxanna-jeannette-n\/#primaryimage"},"thumbnailUrl":"https:\/\/www.sonoraenequipo.com.mx\/storage\/2024\/04\/feminicida-nogales.jpg","datePublished":"2024-04-23T22:37:15+00:00","description":"NOGALES, SONORA, MX.\u02d7\u02d7\u02d7 Trabajos de investigaci\u00f3n con perspectiva de g\u00e9nero realizados por la Fiscal\u00eda General de Justicia del Estado de Sonora (FGJES) En Sonora en Equipo publicamos toda la informaci\u00f3n de Sonora, M\u00e9xico y el Mundo de manera oportuna y busca que la libertad de expresi\u00f3n sea real. Visita nuestro medio informativo publicado desde Hermosillo, Sonora. %","breadcrumb":{"@id":"https:\/\/www.sonoraenequipo.com.mx\/capturado-en-nogales-probable-feminicida-de-roxanna-jeannette-n\/#breadcrumb"},"inLanguage":"es","potentialAction":[{"@type":"ReadAction","target":["https:\/\/www.sonoraenequipo.com.mx\/capturado-en-nogales-probable-feminicida-de-roxanna-jeannette-n\/"]}]},{"@type":"ImageObject","inLanguage":"es","@id":"https:\/\/www.sonoraenequipo.com.mx\/capturado-en-nogales-probable-feminicida-de-roxanna-jeannette-n\/#primaryimage","url":"https:\/\/www.sonoraenequipo.com.mx\/storage\/2024\/04\/feminicida-nogales.jpg","contentUrl":"https:\/\/www.sonoraenequipo.com.mx\/storage\/2024\/04\/feminicida-nogales.jpg","width":900,"height":600},{"@type":"BreadcrumbList","@id":"https:\/\/www.sonoraenequipo.com.mx\/capturado-en-nogales-probable-feminicida-de-roxanna-jeannette-n\/#breadcrumb","itemListElement":[{"@type":"ListItem","position":1,"name":"Portada","item":"https:\/\/www.sonoraenequipo.com.mx\/"},{"@type":"ListItem","position":2,"name":"Capturado en Nogales probable feminicida de Roxanna Jeannette \u201cN\u201d"}]},{"@type":"WebSite","@id":"https:\/\/www.sonoraenequipo.com.mx\/#website","url":"https:\/\/www.sonoraenequipo.com.mx\/","name":"Sonora en Equipo.","description":"Diario en l\u00ednea con Noticias desde Hermosillo, Sonora","publisher":{"@id":"https:\/\/www.sonoraenequipo.com.mx\/#organization"},"potentialAction":[{"@type":"SearchAction","target":{"@type":"EntryPoint","urlTemplate":"https:\/\/www.sonoraenequipo.com.mx\/?s={search_term_string}"},"query-input":{"@type":"PropertyValueSpecification","valueRequired":true,"valueName":"search_term_string"}}],"inLanguage":"es"},{"@type":"Organization","@id":"https:\/\/www.sonoraenequipo.com.mx\/#organization","name":"Sonoraenequipo.com.mx","url":"https:\/\/www.sonoraenequipo.com.mx\/","logo":{"@type":"ImageObject","inLanguage":"es","@id":"https:\/\/www.sonoraenequipo.com.mx\/#\/schema\/logo\/image\/","url":"https:\/\/www.sonoraenequipo.com.mx\/storage\/2019\/01\/sonoraenequipo_opt.png","contentUrl":"https:\/\/www.sonoraenequipo.com.mx\/storage\/2019\/01\/sonoraenequipo_opt.png","width":375,"height":125,"caption":"Sonoraenequipo.com.mx"},"image":{"@id":"https:\/\/www.sonoraenequipo.com.mx\/#\/schema\/logo\/image\/"},"sameAs":["https:\/\/www.facebook.com\/SonoraEE\/","https:\/\/x.com\/sonoraenequipo","https:\/\/www.youtube.com\/channel\/UC338nW-lPEYmJQs4ZABQ1SQ"]},{"@type":"Person","@id":"https:\/\/www.sonoraenequipo.com.mx\/#\/schema\/person\/50102df0fb23a8fa9e8effad8fa81386","name":"enequipo","image":{"@type":"ImageObject","inLanguage":"es","@id":"https:\/\/www.sonoraenequipo.com.mx\/#\/schema\/person\/image\/","url":"https:\/\/secure.gravatar.com\/avatar\/049821681b589dabc0bc20695993ccebb09f5b5d4d790cd9251b97faac7c652b?s=96&d=blank&r=g","contentUrl":"https:\/\/secure.gravatar.com\/avatar\/049821681b589dabc0bc20695993ccebb09f5b5d4d790cd9251b97faac7c652b?s=96&d=blank&r=g","caption":"enequipo"},"sameAs":["https:\/\/www.facebook.com\/SonoraEE"]}]}},"jetpack_featured_media_url":"https:\/\/www.sonoraenequipo.com.mx\/storage\/2024\/04\/feminicida-nogales.jpg","_links":{"self":[{"href":"https:\/\/www.sonoraenequipo.com.mx\/api\/wp\/v2\/posts\/188197","targetHints":{"allow":["GET"]}}],"collection":[{"href":"https:\/\/www.sonoraenequipo.com.mx\/api\/wp\/v2\/posts"}],"about":[{"href":"https:\/\/www.sonoraenequipo.com.mx\/api\/wp\/v2\/types\/post"}],"author":[{"embeddable":true,"href":"https:\/\/www.sonoraenequipo.com.mx\/api\/wp\/v2\/users\/1"}],"replies":[{"embeddable":true,"href":"https:\/\/www.sonoraenequipo.com.mx\/api\/wp\/v2\/comments?post=188197"}],"version-history":[{"count":1,"href":"https:\/\/www.sonoraenequipo.com.mx\/api\/wp\/v2\/posts\/188197\/revisions"}],"predecessor-version":[{"id":188199,"href":"https:\/\/www.sonoraenequipo.com.mx\/api\/wp\/v2\/posts\/188197\/revisions\/188199"}],"wp:featuredmedia":[{"embeddable":true,"href":"https:\/\/www.sonoraenequipo.com.mx\/api\/wp\/v2\/media\/188198"}],"wp:attachment":[{"href":"https:\/\/www.sonoraenequipo.com.mx\/api\/wp\/v2\/media?parent=188197"}],"wp:term":[{"taxonomy":"category","embeddable":true,"href":"https:\/\/www.sonoraenequipo.com.mx\/api\/wp\/v2\/categories?post=188197"},{"taxonomy":"post_tag","embeddable":true,"href":"https:\/\/www.sonoraenequipo.com.mx\/api\/wp\/v2\/tags?post=188197"}],"curies":[{"name":"wp","href":"https:\/\/api.w.org\/{rel}","templated":true}]}}