{"id":188204,"date":"2024-04-23T16:46:18","date_gmt":"2024-04-23T23:46:18","guid":{"rendered":"https:\/\/www.sonoraenequipo.com.mx\/?p=188204"},"modified":"2024-04-23T20:35:02","modified_gmt":"2024-04-24T03:35:02","slug":"asumen-nuevos-diputados-entre-otras-actividades-de-la-sesion-del-congreso","status":"publish","type":"post","link":"https:\/\/www.sonoraenequipo.com.mx\/asumen-nuevos-diputados-entre-otras-actividades-de-la-sesion-del-congreso\/","title":{"rendered":"Asumen nuevos diputados entre otras actividades de la sesi\u00f3n del congreso"},"content":{"rendered":"<p><strong>HERMOSILLO, SONORA, MX.\u02d7\u02d7\u02d7 <\/strong>Garantizar el acceso, disfrute pleno y absoluto respeto a los derechos humanos de las personas j\u00f3venes que se encuentren en territorio sonorense, son algunas de las finalidades de la Ley de las Juventudes del Estado de Sonora, la cual fue aprobada este martes en sesi\u00f3n ordinaria del Congreso de Sonora.<\/p>\n<p> <\/p>\n<p>El dictamen, presentado por la Comisi\u00f3n de los Derechos de la Ni\u00f1ez, la Adolescencia y la Juventud, ampl\u00eda las herramientas jur\u00eddicas del Instituto Sonorense de la Juventud (ISJ), que estar\u00e1 adscrito a la Secretar\u00eda de Desarrollo Social; da origen al Sistema Estatal para el Bienestar de las Juventudes, conformado por instituciones estatales y municipales; y crea el Observatorio de las Juventudes, organismo que recopilar\u00e1 informaci\u00f3n estad\u00edstica para diagn\u00f3stico, formulaci\u00f3n, seguimiento y evaluaci\u00f3n de los problemas juveniles.<\/p>\n<p>En el orden del d\u00eda de esta sesi\u00f3n ordinaria se incluy\u00f3 el dictamen con proyecto de Decreto que reforma y adiciona diversas disposiciones a la Ley que crea la Comisi\u00f3n de B\u00fasqueda de Personas para el Estado de Sonora, con el objeto de crear el Centro Estatal de Identificaci\u00f3n Humana, el cual estar\u00e1 adscrito a dicha comisi\u00f3n, a efecto de brindar mejores herramientas legales y forenses para localizar a personas desaparecidas y fallecidas.<\/p>\n<p>El centro contar\u00e1 con las siguientes atribuciones: resguardar informaci\u00f3n sobre identificaci\u00f3n humana; solicitar a instituciones de los tres \u00f3rdenes de gobierno servicios forenses o periciales; llevar a cabo campa\u00f1as de toma de muestras referenciales e inspeccionar sitios en los que se encuentren cuerpos o restos humanos sin identificar.<\/p>\n<p>En esta plenaria, el pleno aprob\u00f3 el Acuerdo presentado por la Comisi\u00f3n de R\u00e9gimen Interno y Concertaci\u00f3n Pol\u00edtica (Cricp), mediante el cual se resolvi\u00f3 nombrar al ciudadano Florentino Valencia Durazo al cargo de Oficial Mayor del Poder Legislativo y a la ciudadana Victoria del Carmen Larios Cort\u00e9s, como directora general de Administraci\u00f3n, respectivamente.<\/p>\n<p>Asimismo, rindieron protesta de ley como diputadas y diputados integrantes de la 63 Legislatura, las y los ciudadanos Karmen A\u00edda D\u00edaz Brown Ojeda, Juan Francisco Ortega Armenta, \u00c1lvaro Mart\u00edn P\u00e9rez Manjarrez, Mar\u00eda Karina Olivares R\u00e1bago y Alma Delia Barriga Pacheco.<\/p>\n<p>En el desarrollo de esta sesi\u00f3n ordinaria, la asamblea aprob\u00f3 un Decreto que modifica diversas disposiciones de las leyes estatales de Desarrollo Rural Sustentable, de Ganader\u00eda y de Fomento Cooperativo, con el objeto de que se les d\u00e9 preferencia a peque\u00f1os productores en el otorgamiento de apoyos al sector productivo en materia de financiamiento, capacitaci\u00f3n y asesor\u00eda para comercializaci\u00f3n nacional e internacional.<\/p>\n<p>En el siguiente punto del orden del d\u00eda, la Presidencia turn\u00f3 a la Comisi\u00f3n de Gobernaci\u00f3n y Puntos Constitucionales una iniciativa con proyecto de decreto que reforma y adiciona diversas disposiciones de la Ley de Instituciones y Procedimientos Electorales para el Estado de Sonora, a fin de garantizar la paridad de g\u00e9nero en la designaci\u00f3n de regidur\u00edas \u00e9tnicas.<\/p>\n<p>Tambi\u00e9n fue aprobada la renuncia del ciudadano David Guillermo Pintor Hern\u00e1ndez al cargo de s\u00edndico municipal del Ayuntamiento de Guaymas, resolutivo que se har\u00e1 del conocimiento del ciudadano Carlos Alberto Gurrola C\u00f3rdova, s\u00edndico suplente, para que acuda a rendir la protesta de ley como propietario.<\/p>\n<p>El pleno sesionar\u00e1 el pr\u00f3ximo martes 30 de abril a las 11:00 horas.<\/p>\n<p><strong>Fecha de publicaci\u00f3n <\/strong><strong>martes 23 de abril de 2024<\/strong><\/p>\n","protected":false},"excerpt":{"rendered":"<p>HERMOSILLO, SONORA, MX.\u02d7\u02d7\u02d7 Garantizar el acceso, disfrute pleno y absoluto respeto a los derechos humanos&#8230;<\/p>\n","protected":false},"author":1,"featured_media":188205,"comment_status":"open","ping_status":"open","sticky":false,"template":"","format":"standard","meta":{"_monsterinsights_skip_tracking":false,"_monsterinsights_sitenote_active":false,"_monsterinsights_sitenote_note":"","_monsterinsights_sitenote_category":0,"footnotes":""},"categories":[3281],"tags":[9569,351,9570],"class_list":["post"],"yoast_head":" \n<title>Sonora en Equipo. Asumen nuevos diputados entre otras actividades de la sesi\u00f3n del congreso Congreso<\/title>\n<meta name=\"description\" content=\"HERMOSILLO, SONORA, MX.\u02d7\u02d7\u02d7 Garantizar el acceso, disfrute pleno y absoluto respeto a los derechos humanos de las personas j\u00f3venes que se encuentren en En Sonora en Equipo publicamos toda la informaci\u00f3n de Sonora, M\u00e9xico y el Mundo de manera oportuna y busca que la libertad de expresi\u00f3n sea real. Visita nuestro medio informativo publicado desde Hermosillo, Sonora. %\" \/>\n<meta name=\"robots\" content=\"index, follow, max-snippet:-1, max-image-preview:large, max-video-preview:-1\" \/>\n<link rel=\"canonical\" href=\"https:\/\/www.sonoraenequipo.com.mx\/asumen-nuevos-diputados-entre-otras-actividades-de-la-sesion-del-congreso\/\" \/>\n<meta property=\"og:locale\" content=\"es_ES\" \/>\n<meta property=\"og:type\" content=\"article\" \/>\n<meta property=\"og:title\" content=\"Sonora en Equipo. Asumen nuevos diputados entre otras actividades de la sesi\u00f3n del congreso Congreso\" \/>\n<meta property=\"og:description\" content=\"HERMOSILLO, SONORA, MX.\u02d7\u02d7\u02d7 Garantizar el acceso, disfrute pleno y absoluto respeto a los derechos humanos de las personas j\u00f3venes que se encuentren en En Sonora en Equipo publicamos toda la informaci\u00f3n de Sonora, M\u00e9xico y el Mundo de manera oportuna y busca que la libertad de expresi\u00f3n sea real. Visita nuestro medio informativo publicado desde Hermosillo, Sonora. %\" \/>\n<meta property=\"og:url\" content=\"https:\/\/www.sonoraenequipo.com.mx\/asumen-nuevos-diputados-entre-otras-actividades-de-la-sesion-del-congreso\/\" \/>\n<meta property=\"og:site_name\" content=\"Sonora en Equipo.\" \/>\n<meta property=\"article:publisher\" content=\"https:\/\/www.facebook.com\/SonoraEE\/\" \/>\n<meta property=\"article:author\" content=\"https:\/\/www.facebook.com\/SonoraEE\" \/>\n<meta property=\"article:published_time\" content=\"2024-04-23T23:46:18+00:00\" \/>\n<meta property=\"article:modified_time\" content=\"2024-04-24T03:35:02+00:00\" \/>\n<meta property=\"og:image\" content=\"https:\/\/www.sonoraenequipo.com.mx\/storage\/2024\/04\/congreso-230424.jpg\" \/>\n\t<meta property=\"og:image:width\" content=\"900\" \/>\n\t<meta property=\"og:image:height\" content=\"600\" \/>\n\t<meta property=\"og:image:type\" content=\"image\/jpeg\" \/>\n<meta name=\"author\" content=\"enequipo\" \/>\n<meta name=\"twitter:card\" content=\"summary_large_image\" \/>\n<meta name=\"twitter:creator\" content=\"@sonoraenequipo\" \/>\n<meta name=\"twitter:site\" content=\"@sonoraenequipo\" \/>\n<meta name=\"twitter:label1\" content=\"Escrito por\" \/>\n\t<meta name=\"twitter:data1\" content=\"enequipo\" \/>\n\t<meta name=\"twitter:label2\" content=\"Tiempo de lectura\" \/>\n\t<meta name=\"twitter:data2\" content=\"3 minutos\" \/>\n<script type=\"application\/ld+json\" class=\"yoast-schema-graph\">{\"@context\":\"https:\/\/schema.org\",\"@graph\":[{\"@type\":\"Article\",\"@id\":\"https:\/\/www.sonoraenequipo.com.mx\/asumen-nuevos-diputados-entre-otras-actividades-de-la-sesion-del-congreso\/#article\",\"isPartOf\":{\"@id\":\"https:\/\/www.sonoraenequipo.com.mx\/asumen-nuevos-diputados-entre-otras-actividades-de-la-sesion-del-congreso\/\"},\"author\":{\"name\":\"enequipo\",\"@id\":\"https:\/\/www.sonoraenequipo.com.mx\/#\/schema\/person\/50102df0fb23a8fa9e8effad8fa81386\"},\"headline\":\"Asumen nuevos diputados entre otras actividades de la sesi\u00f3n del congreso\",\"datePublished\":\"2024-04-23T23:46:18+00:00\",\"dateModified\":\"2024-04-24T03:35:02+00:00\",\"mainEntityOfPage\":{\"@id\":\"https:\/\/www.sonoraenequipo.com.mx\/asumen-nuevos-diputados-entre-otras-actividades-de-la-sesion-del-congreso\/\"},\"wordCount\":589,\"commentCount\":0,\"publisher\":{\"@id\":\"https:\/\/www.sonoraenequipo.com.mx\/#organization\"},\"image\":{\"@id\":\"https:\/\/www.sonoraenequipo.com.mx\/asumen-nuevos-diputados-entre-otras-actividades-de-la-sesion-del-congreso\/#primaryimage\"},\"thumbnailUrl\":\"https:\/\/www.sonoraenequipo.com.mx\/storage\/2024\/04\/congreso-230424.jpg\",\"keywords\":[\"asumen nuevos\",\"Diputados\",\"ley de las juventudes\"],\"articleSection\":[\"Congreso\"],\"inLanguage\":\"es\",\"potentialAction\":[{\"@type\":\"CommentAction\",\"name\":\"Comment\",\"target\":[\"https:\/\/www.sonoraenequipo.com.mx\/asumen-nuevos-diputados-entre-otras-actividades-de-la-sesion-del-congreso\/#respond\"]}]},{\"@type\":\"WebPage\",\"@id\":\"https:\/\/www.sonoraenequipo.com.mx\/asumen-nuevos-diputados-entre-otras-actividades-de-la-sesion-del-congreso\/\",\"url\":\"https:\/\/www.sonoraenequipo.com.mx\/asumen-nuevos-diputados-entre-otras-actividades-de-la-sesion-del-congreso\/\",\"name\":\"Sonora en Equipo. Asumen nuevos diputados entre otras actividades de la sesi\u00f3n del congreso Congreso\",\"isPartOf\":{\"@id\":\"https:\/\/www.sonoraenequipo.com.mx\/#website\"},\"primaryImageOfPage\":{\"@id\":\"https:\/\/www.sonoraenequipo.com.mx\/asumen-nuevos-diputados-entre-otras-actividades-de-la-sesion-del-congreso\/#primaryimage\"},\"image\":{\"@id\":\"https:\/\/www.sonoraenequipo.com.mx\/asumen-nuevos-diputados-entre-otras-actividades-de-la-sesion-del-congreso\/#primaryimage\"},\"thumbnailUrl\":\"https:\/\/www.sonoraenequipo.com.mx\/storage\/2024\/04\/congreso-230424.jpg\",\"datePublished\":\"2024-04-23T23:46:18+00:00\",\"dateModified\":\"2024-04-24T03:35:02+00:00\",\"description\":\"HERMOSILLO, SONORA, MX.\u02d7\u02d7\u02d7 Garantizar el acceso, disfrute pleno y absoluto respeto a los derechos humanos de las personas j\u00f3venes que se encuentren en En Sonora en Equipo publicamos toda la informaci\u00f3n de Sonora, M\u00e9xico y el Mundo de manera oportuna y busca que la libertad de expresi\u00f3n sea real. Visita nuestro medio informativo publicado desde Hermosillo, Sonora. %\",\"breadcrumb\":{\"@id\":\"https:\/\/www.sonoraenequipo.com.mx\/asumen-nuevos-diputados-entre-otras-actividades-de-la-sesion-del-congreso\/#breadcrumb\"},\"inLanguage\":\"es\",\"potentialAction\":[{\"@type\":\"ReadAction\",\"target\":[\"https:\/\/www.sonoraenequipo.com.mx\/asumen-nuevos-diputados-entre-otras-actividades-de-la-sesion-del-congreso\/\"]}]},{\"@type\":\"ImageObject\",\"inLanguage\":\"es\",\"@id\":\"https:\/\/www.sonoraenequipo.com.mx\/asumen-nuevos-diputados-entre-otras-actividades-de-la-sesion-del-congreso\/#primaryimage\",\"url\":\"https:\/\/www.sonoraenequipo.com.mx\/storage\/2024\/04\/congreso-230424.jpg\",\"contentUrl\":\"https:\/\/www.sonoraenequipo.com.mx\/storage\/2024\/04\/congreso-230424.jpg\",\"width\":900,\"height\":600},{\"@type\":\"BreadcrumbList\",\"@id\":\"https:\/\/www.sonoraenequipo.com.mx\/asumen-nuevos-diputados-entre-otras-actividades-de-la-sesion-del-congreso\/#breadcrumb\",\"itemListElement\":[{\"@type\":\"ListItem\",\"position\":1,\"name\":\"Portada\",\"item\":\"https:\/\/www.sonoraenequipo.com.mx\/\"},{\"@type\":\"ListItem\",\"position\":2,\"name\":\"Asumen nuevos diputados entre otras actividades de la sesi\u00f3n del congreso\"}]},{\"@type\":\"WebSite\",\"@id\":\"https:\/\/www.sonoraenequipo.com.mx\/#website\",\"url\":\"https:\/\/www.sonoraenequipo.com.mx\/\",\"name\":\"Sonora en Equipo.\",\"description\":\"Diario en l\u00ednea con Noticias desde Hermosillo, Sonora\",\"publisher\":{\"@id\":\"https:\/\/www.sonoraenequipo.com.mx\/#organization\"},\"potentialAction\":[{\"@type\":\"SearchAction\",\"target\":{\"@type\":\"EntryPoint\",\"urlTemplate\":\"https:\/\/www.sonoraenequipo.com.mx\/?s={search_term_string}\"},\"query-input\":{\"@type\":\"PropertyValueSpecification\",\"valueRequired\":true,\"valueName\":\"search_term_string\"}}],\"inLanguage\":\"es\"},{\"@type\":\"Organization\",\"@id\":\"https:\/\/www.sonoraenequipo.com.mx\/#organization\",\"name\":\"Sonoraenequipo.com.mx\",\"url\":\"https:\/\/www.sonoraenequipo.com.mx\/\",\"logo\":{\"@type\":\"ImageObject\",\"inLanguage\":\"es\",\"@id\":\"https:\/\/www.sonoraenequipo.com.mx\/#\/schema\/logo\/image\/\",\"url\":\"https:\/\/www.sonoraenequipo.com.mx\/storage\/2019\/01\/sonoraenequipo_opt.png\",\"contentUrl\":\"https:\/\/www.sonoraenequipo.com.mx\/storage\/2019\/01\/sonoraenequipo_opt.png\",\"width\":375,\"height\":125,\"caption\":\"Sonoraenequipo.com.mx\"},\"image\":{\"@id\":\"https:\/\/www.sonoraenequipo.com.mx\/#\/schema\/logo\/image\/\"},\"sameAs\":[\"https:\/\/www.facebook.com\/SonoraEE\/\",\"https:\/\/x.com\/sonoraenequipo\",\"https:\/\/www.youtube.com\/channel\/UC338nW-lPEYmJQs4ZABQ1SQ\"]},{\"@type\":\"Person\",\"@id\":\"https:\/\/www.sonoraenequipo.com.mx\/#\/schema\/person\/50102df0fb23a8fa9e8effad8fa81386\",\"name\":\"enequipo\",\"image\":{\"@type\":\"ImageObject\",\"inLanguage\":\"es\",\"@id\":\"https:\/\/www.sonoraenequipo.com.mx\/#\/schema\/person\/image\/\",\"url\":\"https:\/\/secure.gravatar.com\/avatar\/049821681b589dabc0bc20695993ccebb09f5b5d4d790cd9251b97faac7c652b?s=96&d=blank&r=g\",\"contentUrl\":\"https:\/\/secure.gravatar.com\/avatar\/049821681b589dabc0bc20695993ccebb09f5b5d4d790cd9251b97faac7c652b?s=96&d=blank&r=g\",\"caption\":\"enequipo\"},\"sameAs\":[\"https:\/\/www.facebook.com\/SonoraEE\"]}]}<\/script>\n ","yoast_head_json":{"title":"Sonora en Equipo. Asumen nuevos diputados entre otras actividades de la sesi\u00f3n del congreso Congreso","description":"HERMOSILLO, SONORA, MX.\u02d7\u02d7\u02d7 Garantizar el acceso, disfrute pleno y absoluto respeto a los derechos humanos de las personas j\u00f3venes que se encuentren en En Sonora en Equipo publicamos toda la informaci\u00f3n de Sonora, M\u00e9xico y el Mundo de manera oportuna y busca que la libertad de expresi\u00f3n sea real. Visita nuestro medio informativo publicado desde Hermosillo, Sonora. %","robots":{"index":"index","follow":"follow","max-snippet":"max-snippet:-1","max-image-preview":"max-image-preview:large","max-video-preview":"max-video-preview:-1"},"canonical":"https:\/\/www.sonoraenequipo.com.mx\/asumen-nuevos-diputados-entre-otras-actividades-de-la-sesion-del-congreso\/","og_locale":"es_ES","og_type":"article","og_title":"Sonora en Equipo. Asumen nuevos diputados entre otras actividades de la sesi\u00f3n del congreso Congreso","og_description":"HERMOSILLO, SONORA, MX.\u02d7\u02d7\u02d7 Garantizar el acceso, disfrute pleno y absoluto respeto a los derechos humanos de las personas j\u00f3venes que se encuentren en En Sonora en Equipo publicamos toda la informaci\u00f3n de Sonora, M\u00e9xico y el Mundo de manera oportuna y busca que la libertad de expresi\u00f3n sea real. Visita nuestro medio informativo publicado desde Hermosillo, Sonora. %","og_url":"https:\/\/www.sonoraenequipo.com.mx\/asumen-nuevos-diputados-entre-otras-actividades-de-la-sesion-del-congreso\/","og_site_name":"Sonora en Equipo.","article_publisher":"https:\/\/www.facebook.com\/SonoraEE\/","article_author":"https:\/\/www.facebook.com\/SonoraEE","article_published_time":"2024-04-23T23:46:18+00:00","article_modified_time":"2024-04-24T03:35:02+00:00","og_image":[{"width":900,"height":600,"url":"https:\/\/www.sonoraenequipo.com.mx\/storage\/2024\/04\/congreso-230424.jpg","type":"image\/jpeg"}],"author":"enequipo","twitter_card":"summary_large_image","twitter_creator":"@sonoraenequipo","twitter_site":"@sonoraenequipo","twitter_misc":{"Escrito por":"enequipo","Tiempo de lectura":"3 minutos"},"schema":{"@context":"https:\/\/schema.org","@graph":[{"@type":"Article","@id":"https:\/\/www.sonoraenequipo.com.mx\/asumen-nuevos-diputados-entre-otras-actividades-de-la-sesion-del-congreso\/#article","isPartOf":{"@id":"https:\/\/www.sonoraenequipo.com.mx\/asumen-nuevos-diputados-entre-otras-actividades-de-la-sesion-del-congreso\/"},"author":{"name":"enequipo","@id":"https:\/\/www.sonoraenequipo.com.mx\/#\/schema\/person\/50102df0fb23a8fa9e8effad8fa81386"},"headline":"Asumen nuevos diputados entre otras actividades de la sesi\u00f3n del congreso","datePublished":"2024-04-23T23:46:18+00:00","dateModified":"2024-04-24T03:35:02+00:00","mainEntityOfPage":{"@id":"https:\/\/www.sonoraenequipo.com.mx\/asumen-nuevos-diputados-entre-otras-actividades-de-la-sesion-del-congreso\/"},"wordCount":589,"commentCount":0,"publisher":{"@id":"https:\/\/www.sonoraenequipo.com.mx\/#organization"},"image":{"@id":"https:\/\/www.sonoraenequipo.com.mx\/asumen-nuevos-diputados-entre-otras-actividades-de-la-sesion-del-congreso\/#primaryimage"},"thumbnailUrl":"https:\/\/www.sonoraenequipo.com.mx\/storage\/2024\/04\/congreso-230424.jpg","keywords":["asumen nuevos","Diputados","ley de las juventudes"],"articleSection":["Congreso"],"inLanguage":"es","potentialAction":[{"@type":"CommentAction","name":"Comment","target":["https:\/\/www.sonoraenequipo.com.mx\/asumen-nuevos-diputados-entre-otras-actividades-de-la-sesion-del-congreso\/#respond"]}]},{"@type":"WebPage","@id":"https:\/\/www.sonoraenequipo.com.mx\/asumen-nuevos-diputados-entre-otras-actividades-de-la-sesion-del-congreso\/","url":"https:\/\/www.sonoraenequipo.com.mx\/asumen-nuevos-diputados-entre-otras-actividades-de-la-sesion-del-congreso\/","name":"Sonora en Equipo. Asumen nuevos diputados entre otras actividades de la sesi\u00f3n del congreso Congreso","isPartOf":{"@id":"https:\/\/www.sonoraenequipo.com.mx\/#website"},"primaryImageOfPage":{"@id":"https:\/\/www.sonoraenequipo.com.mx\/asumen-nuevos-diputados-entre-otras-actividades-de-la-sesion-del-congreso\/#primaryimage"},"image":{"@id":"https:\/\/www.sonoraenequipo.com.mx\/asumen-nuevos-diputados-entre-otras-actividades-de-la-sesion-del-congreso\/#primaryimage"},"thumbnailUrl":"https:\/\/www.sonoraenequipo.com.mx\/storage\/2024\/04\/congreso-230424.jpg","datePublished":"2024-04-23T23:46:18+00:00","dateModified":"2024-04-24T03:35:02+00:00","description":"HERMOSILLO, SONORA, MX.\u02d7\u02d7\u02d7 Garantizar el acceso, disfrute pleno y absoluto respeto a los derechos humanos de las personas j\u00f3venes que se encuentren en En Sonora en Equipo publicamos toda la informaci\u00f3n de Sonora, M\u00e9xico y el Mundo de manera oportuna y busca que la libertad de expresi\u00f3n sea real. Visita nuestro medio informativo publicado desde Hermosillo, Sonora. %","breadcrumb":{"@id":"https:\/\/www.sonoraenequipo.com.mx\/asumen-nuevos-diputados-entre-otras-actividades-de-la-sesion-del-congreso\/#breadcrumb"},"inLanguage":"es","potentialAction":[{"@type":"ReadAction","target":["https:\/\/www.sonoraenequipo.com.mx\/asumen-nuevos-diputados-entre-otras-actividades-de-la-sesion-del-congreso\/"]}]},{"@type":"ImageObject","inLanguage":"es","@id":"https:\/\/www.sonoraenequipo.com.mx\/asumen-nuevos-diputados-entre-otras-actividades-de-la-sesion-del-congreso\/#primaryimage","url":"https:\/\/www.sonoraenequipo.com.mx\/storage\/2024\/04\/congreso-230424.jpg","contentUrl":"https:\/\/www.sonoraenequipo.com.mx\/storage\/2024\/04\/congreso-230424.jpg","width":900,"height":600},{"@type":"BreadcrumbList","@id":"https:\/\/www.sonoraenequipo.com.mx\/asumen-nuevos-diputados-entre-otras-actividades-de-la-sesion-del-congreso\/#breadcrumb","itemListElement":[{"@type":"ListItem","position":1,"name":"Portada","item":"https:\/\/www.sonoraenequipo.com.mx\/"},{"@type":"ListItem","position":2,"name":"Asumen nuevos diputados entre otras actividades de la sesi\u00f3n del congreso"}]},{"@type":"WebSite","@id":"https:\/\/www.sonoraenequipo.com.mx\/#website","url":"https:\/\/www.sonoraenequipo.com.mx\/","name":"Sonora en Equipo.","description":"Diario en l\u00ednea con Noticias desde Hermosillo, Sonora","publisher":{"@id":"https:\/\/www.sonoraenequipo.com.mx\/#organization"},"potentialAction":[{"@type":"SearchAction","target":{"@type":"EntryPoint","urlTemplate":"https:\/\/www.sonoraenequipo.com.mx\/?s={search_term_string}"},"query-input":{"@type":"PropertyValueSpecification","valueRequired":true,"valueName":"search_term_string"}}],"inLanguage":"es"},{"@type":"Organization","@id":"https:\/\/www.sonoraenequipo.com.mx\/#organization","name":"Sonoraenequipo.com.mx","url":"https:\/\/www.sonoraenequipo.com.mx\/","logo":{"@type":"ImageObject","inLanguage":"es","@id":"https:\/\/www.sonoraenequipo.com.mx\/#\/schema\/logo\/image\/","url":"https:\/\/www.sonoraenequipo.com.mx\/storage\/2019\/01\/sonoraenequipo_opt.png","contentUrl":"https:\/\/www.sonoraenequipo.com.mx\/storage\/2019\/01\/sonoraenequipo_opt.png","width":375,"height":125,"caption":"Sonoraenequipo.com.mx"},"image":{"@id":"https:\/\/www.sonoraenequipo.com.mx\/#\/schema\/logo\/image\/"},"sameAs":["https:\/\/www.facebook.com\/SonoraEE\/","https:\/\/x.com\/sonoraenequipo","https:\/\/www.youtube.com\/channel\/UC338nW-lPEYmJQs4ZABQ1SQ"]},{"@type":"Person","@id":"https:\/\/www.sonoraenequipo.com.mx\/#\/schema\/person\/50102df0fb23a8fa9e8effad8fa81386","name":"enequipo","image":{"@type":"ImageObject","inLanguage":"es","@id":"https:\/\/www.sonoraenequipo.com.mx\/#\/schema\/person\/image\/","url":"https:\/\/secure.gravatar.com\/avatar\/049821681b589dabc0bc20695993ccebb09f5b5d4d790cd9251b97faac7c652b?s=96&d=blank&r=g","contentUrl":"https:\/\/secure.gravatar.com\/avatar\/049821681b589dabc0bc20695993ccebb09f5b5d4d790cd9251b97faac7c652b?s=96&d=blank&r=g","caption":"enequipo"},"sameAs":["https:\/\/www.facebook.com\/SonoraEE"]}]}},"jetpack_featured_media_url":"https:\/\/www.sonoraenequipo.com.mx\/storage\/2024\/04\/congreso-230424.jpg","_links":{"self":[{"href":"https:\/\/www.sonoraenequipo.com.mx\/api\/wp\/v2\/posts\/188204","targetHints":{"allow":["GET"]}}],"collection":[{"href":"https:\/\/www.sonoraenequipo.com.mx\/api\/wp\/v2\/posts"}],"about":[{"href":"https:\/\/www.sonoraenequipo.com.mx\/api\/wp\/v2\/types\/post"}],"author":[{"embeddable":true,"href":"https:\/\/www.sonoraenequipo.com.mx\/api\/wp\/v2\/users\/1"}],"replies":[{"embeddable":true,"href":"https:\/\/www.sonoraenequipo.com.mx\/api\/wp\/v2\/comments?post=188204"}],"version-history":[{"count":2,"href":"https:\/\/www.sonoraenequipo.com.mx\/api\/wp\/v2\/posts\/188204\/revisions"}],"predecessor-version":[{"id":188246,"href":"https:\/\/www.sonoraenequipo.com.mx\/api\/wp\/v2\/posts\/188204\/revisions\/188246"}],"wp:featuredmedia":[{"embeddable":true,"href":"https:\/\/www.sonoraenequipo.com.mx\/api\/wp\/v2\/media\/188205"}],"wp:attachment":[{"href":"https:\/\/www.sonoraenequipo.com.mx\/api\/wp\/v2\/media?parent=188204"}],"wp:term":[{"taxonomy":"category","embeddable":true,"href":"https:\/\/www.sonoraenequipo.com.mx\/api\/wp\/v2\/categories?post=188204"},{"taxonomy":"post_tag","embeddable":true,"href":"https:\/\/www.sonoraenequipo.com.mx\/api\/wp\/v2\/tags?post=188204"}],"curies":[{"name":"wp","href":"https:\/\/api.w.org\/{rel}","templated":true}]}}