{"id":188215,"date":"2024-04-23T17:21:46","date_gmt":"2024-04-24T00:21:46","guid":{"rendered":"https:\/\/www.sonoraenequipo.com.mx\/?p=188215"},"modified":"2024-04-23T17:21:46","modified_gmt":"2024-04-24T00:21:46","slug":"el-gobierno-municipal-invita-al-festival-de-danza-cajeme-2024","status":"publish","type":"post","link":"https:\/\/www.sonoraenequipo.com.mx\/el-gobierno-municipal-invita-al-festival-de-danza-cajeme-2024\/","title":{"rendered":"El gobierno municipal invita al festival de danza Cajeme 2024"},"content":{"rendered":"<p>&nbsp;<\/p>\n<p><strong>HERMOSILLO, SONORA, MX.\u02d7\u02d7\u02d7 <\/strong>Con el fin de promover las manifestaciones culturales en el municipio y reunir a todos los que han elegido esta forma de expresi\u00f3n para superar todo tipo de barreras y desarrollarse a plenitud, as\u00ed como celebrar juntos el D\u00eda Internacional de la Danza, el Gobierno Municipal, a trav\u00e9s del Instituto Municipal de Cultura (IMC), en coordinaci\u00f3n con directoras y directores de diferentes agrupaciones danc\u00edsticas que conforman el Comit\u00e9 Organizador, invitan al Festival de Danza Cajeme 2024.<\/p>\n<p>&nbsp;<\/p>\n<p>En rueda de prensa, el Presidente Municipal Interino, Octavio C\u00e9sar Quintero Valenzuela manifest\u00f3 la promoci\u00f3n del arte y la cultura, sin dejar de lado el deporte, es fundamental para encaminar a las ni\u00f1as, ni\u00f1os y j\u00f3venes a que adopten conductas y actitudes que coadyuven a un crecimiento sano y que desplieguen su sensibilidad para ser mejores personas, por lo que invit\u00f3 a las familias de Cajeme para que participen en las actividades del Festival de Danza, a celebrarse este s\u00e1bado 27 de abril, a las 17:30 horas, frente a palacio municipal.<\/p>\n<p>&nbsp;<\/p>\n<p>\u201cEs de suma importancia que la comunidad tenga acceso a las expresiones culturales y art\u00edsticas que, de manera gratuita, impulsa el Ayuntamiento para que coadyuven en la formaci\u00f3n integral de las y los cajemenses, es por ello que hoy le toca a la danza ser reconocida como una disciplina de arte universal y diversa\u201d, puntualiz\u00f3 el Alcalde Interino.<\/p>\n<p>&nbsp;<\/p>\n<p>Por su parte, el Director del IMC, Enrique Espinoza Pinales mencion\u00f3 que, en el marco del D\u00eda Internacional de la Danza, a celebrase este 29 de abril, seg\u00fan qued\u00f3 instituido por la UNESCO desde 1982, m\u00e1s de 200 bailarines integrados en grupos con distintos tipo de danza, en las que desatacan el baile urbano, salsa, folklore mexicano, jazz, contempor\u00e1nea, tahitiana, polinesia, hawaiana, ballet y t\u00e9cnica mixtas, se unir\u00e1n para realizar este evento que tendr\u00e1 como escenario principal el \u00e1rea que circunda a la plaza \u00c1lvaro Obreg\u00f3n.<\/p>\n<p>&nbsp;<\/p>\n<p>Gissel Meza Espino y Mar\u00eda Luisa Herrera, integrantes del Comit\u00e9 Organizador, invitaron a la poblaci\u00f3n para que disfruten, en forma gratuita, de un programa danc\u00edstico familiar en el que se reconocer\u00e1 la trayectoria y quehacer en la danza al maestro Jos\u00e9 Ram\u00f3n Valenzuela Maldonado y homenaje p\u00f3stumo al maestro Luis Mart\u00edn Qui\u00f1ones Valdez, como personalidades distinguidas del Gremio Danc\u00edstico de Cajeme.<\/p>\n<p><strong>Fecha de publicaci\u00f3n <\/strong><strong>martes 23 de abril de 2024<\/strong><\/p>\n","protected":false},"excerpt":{"rendered":"<p>&nbsp; HERMOSILLO, SONORA, MX.\u02d7\u02d7\u02d7 Con el fin de promover las manifestaciones culturales en el municipio&#8230;<\/p>\n","protected":false},"author":1,"featured_media":188216,"comment_status":"open","ping_status":"open","sticky":false,"template":"","format":"standard","meta":{"_monsterinsights_skip_tracking":false,"_monsterinsights_sitenote_active":false,"_monsterinsights_sitenote_note":"","_monsterinsights_sitenote_category":0,"footnotes":""},"categories":[4],"tags":[],"class_list":["post"],"yoast_head":" \n<title>Sonora en Equipo. El gobierno municipal invita al festival de danza Cajeme 2024 Municipios<\/title>\n<meta name=\"description\" content=\"&nbsp; HERMOSILLO, SONORA, MX.\u02d7\u02d7\u02d7 Con el fin de promover las manifestaciones culturales en el municipio y reunir a todos los que han elegido esta forma de En Sonora en Equipo publicamos toda la informaci\u00f3n de Sonora, M\u00e9xico y el Mundo de manera oportuna y busca que la libertad de expresi\u00f3n sea real. Visita nuestro medio informativo publicado desde Hermosillo, Sonora. %\" \/>\n<meta name=\"robots\" content=\"index, follow, max-snippet:-1, max-image-preview:large, max-video-preview:-1\" \/>\n<link rel=\"canonical\" href=\"https:\/\/www.sonoraenequipo.com.mx\/el-gobierno-municipal-invita-al-festival-de-danza-cajeme-2024\/\" \/>\n<meta property=\"og:locale\" content=\"es_ES\" \/>\n<meta property=\"og:type\" content=\"article\" \/>\n<meta property=\"og:title\" content=\"Sonora en Equipo. El gobierno municipal invita al festival de danza Cajeme 2024 Municipios\" \/>\n<meta property=\"og:description\" content=\"&nbsp; HERMOSILLO, SONORA, MX.\u02d7\u02d7\u02d7 Con el fin de promover las manifestaciones culturales en el municipio y reunir a todos los que han elegido esta forma de En Sonora en Equipo publicamos toda la informaci\u00f3n de Sonora, M\u00e9xico y el Mundo de manera oportuna y busca que la libertad de expresi\u00f3n sea real. Visita nuestro medio informativo publicado desde Hermosillo, Sonora. %\" \/>\n<meta property=\"og:url\" content=\"https:\/\/www.sonoraenequipo.com.mx\/el-gobierno-municipal-invita-al-festival-de-danza-cajeme-2024\/\" \/>\n<meta property=\"og:site_name\" content=\"Sonora en Equipo.\" \/>\n<meta property=\"article:publisher\" content=\"https:\/\/www.facebook.com\/SonoraEE\/\" \/>\n<meta property=\"article:author\" content=\"https:\/\/www.facebook.com\/SonoraEE\" \/>\n<meta property=\"article:published_time\" content=\"2024-04-24T00:21:46+00:00\" \/>\n<meta property=\"og:image\" content=\"https:\/\/www.sonoraenequipo.com.mx\/storage\/2024\/04\/festival-cajeme-danza.jpg\" \/>\n\t<meta property=\"og:image:width\" content=\"900\" \/>\n\t<meta property=\"og:image:height\" content=\"601\" \/>\n\t<meta property=\"og:image:type\" content=\"image\/jpeg\" \/>\n<meta name=\"author\" content=\"enequipo\" \/>\n<meta name=\"twitter:card\" content=\"summary_large_image\" \/>\n<meta name=\"twitter:creator\" content=\"@sonoraenequipo\" \/>\n<meta name=\"twitter:site\" content=\"@sonoraenequipo\" \/>\n<meta name=\"twitter:label1\" content=\"Escrito por\" \/>\n\t<meta name=\"twitter:data1\" content=\"enequipo\" \/>\n\t<meta name=\"twitter:label2\" content=\"Tiempo de lectura\" \/>\n\t<meta name=\"twitter:data2\" content=\"2 minutos\" \/>\n<script type=\"application\/ld+json\" class=\"yoast-schema-graph\">{\"@context\":\"https:\/\/schema.org\",\"@graph\":[{\"@type\":\"Article\",\"@id\":\"https:\/\/www.sonoraenequipo.com.mx\/el-gobierno-municipal-invita-al-festival-de-danza-cajeme-2024\/#article\",\"isPartOf\":{\"@id\":\"https:\/\/www.sonoraenequipo.com.mx\/el-gobierno-municipal-invita-al-festival-de-danza-cajeme-2024\/\"},\"author\":{\"name\":\"enequipo\",\"@id\":\"https:\/\/www.sonoraenequipo.com.mx\/#\/schema\/person\/50102df0fb23a8fa9e8effad8fa81386\"},\"headline\":\"El gobierno municipal invita al festival de danza Cajeme 2024\",\"datePublished\":\"2024-04-24T00:21:46+00:00\",\"mainEntityOfPage\":{\"@id\":\"https:\/\/www.sonoraenequipo.com.mx\/el-gobierno-municipal-invita-al-festival-de-danza-cajeme-2024\/\"},\"wordCount\":419,\"commentCount\":0,\"publisher\":{\"@id\":\"https:\/\/www.sonoraenequipo.com.mx\/#organization\"},\"image\":{\"@id\":\"https:\/\/www.sonoraenequipo.com.mx\/el-gobierno-municipal-invita-al-festival-de-danza-cajeme-2024\/#primaryimage\"},\"thumbnailUrl\":\"https:\/\/www.sonoraenequipo.com.mx\/storage\/2024\/04\/festival-cajeme-danza.jpg\",\"articleSection\":[\"Municipios\"],\"inLanguage\":\"es\",\"potentialAction\":[{\"@type\":\"CommentAction\",\"name\":\"Comment\",\"target\":[\"https:\/\/www.sonoraenequipo.com.mx\/el-gobierno-municipal-invita-al-festival-de-danza-cajeme-2024\/#respond\"]}]},{\"@type\":\"WebPage\",\"@id\":\"https:\/\/www.sonoraenequipo.com.mx\/el-gobierno-municipal-invita-al-festival-de-danza-cajeme-2024\/\",\"url\":\"https:\/\/www.sonoraenequipo.com.mx\/el-gobierno-municipal-invita-al-festival-de-danza-cajeme-2024\/\",\"name\":\"Sonora en Equipo. El gobierno municipal invita al festival de danza Cajeme 2024 Municipios\",\"isPartOf\":{\"@id\":\"https:\/\/www.sonoraenequipo.com.mx\/#website\"},\"primaryImageOfPage\":{\"@id\":\"https:\/\/www.sonoraenequipo.com.mx\/el-gobierno-municipal-invita-al-festival-de-danza-cajeme-2024\/#primaryimage\"},\"image\":{\"@id\":\"https:\/\/www.sonoraenequipo.com.mx\/el-gobierno-municipal-invita-al-festival-de-danza-cajeme-2024\/#primaryimage\"},\"thumbnailUrl\":\"https:\/\/www.sonoraenequipo.com.mx\/storage\/2024\/04\/festival-cajeme-danza.jpg\",\"datePublished\":\"2024-04-24T00:21:46+00:00\",\"description\":\"&nbsp; HERMOSILLO, SONORA, MX.\u02d7\u02d7\u02d7 Con el fin de promover las manifestaciones culturales en el municipio y reunir a todos los que han elegido esta forma de En Sonora en Equipo publicamos toda la informaci\u00f3n de Sonora, M\u00e9xico y el Mundo de manera oportuna y busca que la libertad de expresi\u00f3n sea real. Visita nuestro medio informativo publicado desde Hermosillo, Sonora. %\",\"breadcrumb\":{\"@id\":\"https:\/\/www.sonoraenequipo.com.mx\/el-gobierno-municipal-invita-al-festival-de-danza-cajeme-2024\/#breadcrumb\"},\"inLanguage\":\"es\",\"potentialAction\":[{\"@type\":\"ReadAction\",\"target\":[\"https:\/\/www.sonoraenequipo.com.mx\/el-gobierno-municipal-invita-al-festival-de-danza-cajeme-2024\/\"]}]},{\"@type\":\"ImageObject\",\"inLanguage\":\"es\",\"@id\":\"https:\/\/www.sonoraenequipo.com.mx\/el-gobierno-municipal-invita-al-festival-de-danza-cajeme-2024\/#primaryimage\",\"url\":\"https:\/\/www.sonoraenequipo.com.mx\/storage\/2024\/04\/festival-cajeme-danza.jpg\",\"contentUrl\":\"https:\/\/www.sonoraenequipo.com.mx\/storage\/2024\/04\/festival-cajeme-danza.jpg\",\"width\":900,\"height\":601},{\"@type\":\"BreadcrumbList\",\"@id\":\"https:\/\/www.sonoraenequipo.com.mx\/el-gobierno-municipal-invita-al-festival-de-danza-cajeme-2024\/#breadcrumb\",\"itemListElement\":[{\"@type\":\"ListItem\",\"position\":1,\"name\":\"Portada\",\"item\":\"https:\/\/www.sonoraenequipo.com.mx\/\"},{\"@type\":\"ListItem\",\"position\":2,\"name\":\"El gobierno municipal invita al festival de danza Cajeme 2024\"}]},{\"@type\":\"WebSite\",\"@id\":\"https:\/\/www.sonoraenequipo.com.mx\/#website\",\"url\":\"https:\/\/www.sonoraenequipo.com.mx\/\",\"name\":\"Sonora en Equipo.\",\"description\":\"Diario en l\u00ednea con Noticias desde Hermosillo, Sonora\",\"publisher\":{\"@id\":\"https:\/\/www.sonoraenequipo.com.mx\/#organization\"},\"potentialAction\":[{\"@type\":\"SearchAction\",\"target\":{\"@type\":\"EntryPoint\",\"urlTemplate\":\"https:\/\/www.sonoraenequipo.com.mx\/?s={search_term_string}\"},\"query-input\":{\"@type\":\"PropertyValueSpecification\",\"valueRequired\":true,\"valueName\":\"search_term_string\"}}],\"inLanguage\":\"es\"},{\"@type\":\"Organization\",\"@id\":\"https:\/\/www.sonoraenequipo.com.mx\/#organization\",\"name\":\"Sonoraenequipo.com.mx\",\"url\":\"https:\/\/www.sonoraenequipo.com.mx\/\",\"logo\":{\"@type\":\"ImageObject\",\"inLanguage\":\"es\",\"@id\":\"https:\/\/www.sonoraenequipo.com.mx\/#\/schema\/logo\/image\/\",\"url\":\"https:\/\/www.sonoraenequipo.com.mx\/storage\/2019\/01\/sonoraenequipo_opt.png\",\"contentUrl\":\"https:\/\/www.sonoraenequipo.com.mx\/storage\/2019\/01\/sonoraenequipo_opt.png\",\"width\":375,\"height\":125,\"caption\":\"Sonoraenequipo.com.mx\"},\"image\":{\"@id\":\"https:\/\/www.sonoraenequipo.com.mx\/#\/schema\/logo\/image\/\"},\"sameAs\":[\"https:\/\/www.facebook.com\/SonoraEE\/\",\"https:\/\/x.com\/sonoraenequipo\",\"https:\/\/www.youtube.com\/channel\/UC338nW-lPEYmJQs4ZABQ1SQ\"]},{\"@type\":\"Person\",\"@id\":\"https:\/\/www.sonoraenequipo.com.mx\/#\/schema\/person\/50102df0fb23a8fa9e8effad8fa81386\",\"name\":\"enequipo\",\"image\":{\"@type\":\"ImageObject\",\"inLanguage\":\"es\",\"@id\":\"https:\/\/www.sonoraenequipo.com.mx\/#\/schema\/person\/image\/\",\"url\":\"https:\/\/secure.gravatar.com\/avatar\/049821681b589dabc0bc20695993ccebb09f5b5d4d790cd9251b97faac7c652b?s=96&d=blank&r=g\",\"contentUrl\":\"https:\/\/secure.gravatar.com\/avatar\/049821681b589dabc0bc20695993ccebb09f5b5d4d790cd9251b97faac7c652b?s=96&d=blank&r=g\",\"caption\":\"enequipo\"},\"sameAs\":[\"https:\/\/www.facebook.com\/SonoraEE\"]}]}<\/script>\n ","yoast_head_json":{"title":"Sonora en Equipo. El gobierno municipal invita al festival de danza Cajeme 2024 Municipios","description":"&nbsp; HERMOSILLO, SONORA, MX.\u02d7\u02d7\u02d7 Con el fin de promover las manifestaciones culturales en el municipio y reunir a todos los que han elegido esta forma de En Sonora en Equipo publicamos toda la informaci\u00f3n de Sonora, M\u00e9xico y el Mundo de manera oportuna y busca que la libertad de expresi\u00f3n sea real. Visita nuestro medio informativo publicado desde Hermosillo, Sonora. %","robots":{"index":"index","follow":"follow","max-snippet":"max-snippet:-1","max-image-preview":"max-image-preview:large","max-video-preview":"max-video-preview:-1"},"canonical":"https:\/\/www.sonoraenequipo.com.mx\/el-gobierno-municipal-invita-al-festival-de-danza-cajeme-2024\/","og_locale":"es_ES","og_type":"article","og_title":"Sonora en Equipo. El gobierno municipal invita al festival de danza Cajeme 2024 Municipios","og_description":"&nbsp; HERMOSILLO, SONORA, MX.\u02d7\u02d7\u02d7 Con el fin de promover las manifestaciones culturales en el municipio y reunir a todos los que han elegido esta forma de En Sonora en Equipo publicamos toda la informaci\u00f3n de Sonora, M\u00e9xico y el Mundo de manera oportuna y busca que la libertad de expresi\u00f3n sea real. Visita nuestro medio informativo publicado desde Hermosillo, Sonora. %","og_url":"https:\/\/www.sonoraenequipo.com.mx\/el-gobierno-municipal-invita-al-festival-de-danza-cajeme-2024\/","og_site_name":"Sonora en Equipo.","article_publisher":"https:\/\/www.facebook.com\/SonoraEE\/","article_author":"https:\/\/www.facebook.com\/SonoraEE","article_published_time":"2024-04-24T00:21:46+00:00","og_image":[{"width":900,"height":601,"url":"https:\/\/www.sonoraenequipo.com.mx\/storage\/2024\/04\/festival-cajeme-danza.jpg","type":"image\/jpeg"}],"author":"enequipo","twitter_card":"summary_large_image","twitter_creator":"@sonoraenequipo","twitter_site":"@sonoraenequipo","twitter_misc":{"Escrito por":"enequipo","Tiempo de lectura":"2 minutos"},"schema":{"@context":"https:\/\/schema.org","@graph":[{"@type":"Article","@id":"https:\/\/www.sonoraenequipo.com.mx\/el-gobierno-municipal-invita-al-festival-de-danza-cajeme-2024\/#article","isPartOf":{"@id":"https:\/\/www.sonoraenequipo.com.mx\/el-gobierno-municipal-invita-al-festival-de-danza-cajeme-2024\/"},"author":{"name":"enequipo","@id":"https:\/\/www.sonoraenequipo.com.mx\/#\/schema\/person\/50102df0fb23a8fa9e8effad8fa81386"},"headline":"El gobierno municipal invita al festival de danza Cajeme 2024","datePublished":"2024-04-24T00:21:46+00:00","mainEntityOfPage":{"@id":"https:\/\/www.sonoraenequipo.com.mx\/el-gobierno-municipal-invita-al-festival-de-danza-cajeme-2024\/"},"wordCount":419,"commentCount":0,"publisher":{"@id":"https:\/\/www.sonoraenequipo.com.mx\/#organization"},"image":{"@id":"https:\/\/www.sonoraenequipo.com.mx\/el-gobierno-municipal-invita-al-festival-de-danza-cajeme-2024\/#primaryimage"},"thumbnailUrl":"https:\/\/www.sonoraenequipo.com.mx\/storage\/2024\/04\/festival-cajeme-danza.jpg","articleSection":["Municipios"],"inLanguage":"es","potentialAction":[{"@type":"CommentAction","name":"Comment","target":["https:\/\/www.sonoraenequipo.com.mx\/el-gobierno-municipal-invita-al-festival-de-danza-cajeme-2024\/#respond"]}]},{"@type":"WebPage","@id":"https:\/\/www.sonoraenequipo.com.mx\/el-gobierno-municipal-invita-al-festival-de-danza-cajeme-2024\/","url":"https:\/\/www.sonoraenequipo.com.mx\/el-gobierno-municipal-invita-al-festival-de-danza-cajeme-2024\/","name":"Sonora en Equipo. El gobierno municipal invita al festival de danza Cajeme 2024 Municipios","isPartOf":{"@id":"https:\/\/www.sonoraenequipo.com.mx\/#website"},"primaryImageOfPage":{"@id":"https:\/\/www.sonoraenequipo.com.mx\/el-gobierno-municipal-invita-al-festival-de-danza-cajeme-2024\/#primaryimage"},"image":{"@id":"https:\/\/www.sonoraenequipo.com.mx\/el-gobierno-municipal-invita-al-festival-de-danza-cajeme-2024\/#primaryimage"},"thumbnailUrl":"https:\/\/www.sonoraenequipo.com.mx\/storage\/2024\/04\/festival-cajeme-danza.jpg","datePublished":"2024-04-24T00:21:46+00:00","description":"&nbsp; HERMOSILLO, SONORA, MX.\u02d7\u02d7\u02d7 Con el fin de promover las manifestaciones culturales en el municipio y reunir a todos los que han elegido esta forma de En Sonora en Equipo publicamos toda la informaci\u00f3n de Sonora, M\u00e9xico y el Mundo de manera oportuna y busca que la libertad de expresi\u00f3n sea real. Visita nuestro medio informativo publicado desde Hermosillo, Sonora. %","breadcrumb":{"@id":"https:\/\/www.sonoraenequipo.com.mx\/el-gobierno-municipal-invita-al-festival-de-danza-cajeme-2024\/#breadcrumb"},"inLanguage":"es","potentialAction":[{"@type":"ReadAction","target":["https:\/\/www.sonoraenequipo.com.mx\/el-gobierno-municipal-invita-al-festival-de-danza-cajeme-2024\/"]}]},{"@type":"ImageObject","inLanguage":"es","@id":"https:\/\/www.sonoraenequipo.com.mx\/el-gobierno-municipal-invita-al-festival-de-danza-cajeme-2024\/#primaryimage","url":"https:\/\/www.sonoraenequipo.com.mx\/storage\/2024\/04\/festival-cajeme-danza.jpg","contentUrl":"https:\/\/www.sonoraenequipo.com.mx\/storage\/2024\/04\/festival-cajeme-danza.jpg","width":900,"height":601},{"@type":"BreadcrumbList","@id":"https:\/\/www.sonoraenequipo.com.mx\/el-gobierno-municipal-invita-al-festival-de-danza-cajeme-2024\/#breadcrumb","itemListElement":[{"@type":"ListItem","position":1,"name":"Portada","item":"https:\/\/www.sonoraenequipo.com.mx\/"},{"@type":"ListItem","position":2,"name":"El gobierno municipal invita al festival de danza Cajeme 2024"}]},{"@type":"WebSite","@id":"https:\/\/www.sonoraenequipo.com.mx\/#website","url":"https:\/\/www.sonoraenequipo.com.mx\/","name":"Sonora en Equipo.","description":"Diario en l\u00ednea con Noticias desde Hermosillo, Sonora","publisher":{"@id":"https:\/\/www.sonoraenequipo.com.mx\/#organization"},"potentialAction":[{"@type":"SearchAction","target":{"@type":"EntryPoint","urlTemplate":"https:\/\/www.sonoraenequipo.com.mx\/?s={search_term_string}"},"query-input":{"@type":"PropertyValueSpecification","valueRequired":true,"valueName":"search_term_string"}}],"inLanguage":"es"},{"@type":"Organization","@id":"https:\/\/www.sonoraenequipo.com.mx\/#organization","name":"Sonoraenequipo.com.mx","url":"https:\/\/www.sonoraenequipo.com.mx\/","logo":{"@type":"ImageObject","inLanguage":"es","@id":"https:\/\/www.sonoraenequipo.com.mx\/#\/schema\/logo\/image\/","url":"https:\/\/www.sonoraenequipo.com.mx\/storage\/2019\/01\/sonoraenequipo_opt.png","contentUrl":"https:\/\/www.sonoraenequipo.com.mx\/storage\/2019\/01\/sonoraenequipo_opt.png","width":375,"height":125,"caption":"Sonoraenequipo.com.mx"},"image":{"@id":"https:\/\/www.sonoraenequipo.com.mx\/#\/schema\/logo\/image\/"},"sameAs":["https:\/\/www.facebook.com\/SonoraEE\/","https:\/\/x.com\/sonoraenequipo","https:\/\/www.youtube.com\/channel\/UC338nW-lPEYmJQs4ZABQ1SQ"]},{"@type":"Person","@id":"https:\/\/www.sonoraenequipo.com.mx\/#\/schema\/person\/50102df0fb23a8fa9e8effad8fa81386","name":"enequipo","image":{"@type":"ImageObject","inLanguage":"es","@id":"https:\/\/www.sonoraenequipo.com.mx\/#\/schema\/person\/image\/","url":"https:\/\/secure.gravatar.com\/avatar\/049821681b589dabc0bc20695993ccebb09f5b5d4d790cd9251b97faac7c652b?s=96&d=blank&r=g","contentUrl":"https:\/\/secure.gravatar.com\/avatar\/049821681b589dabc0bc20695993ccebb09f5b5d4d790cd9251b97faac7c652b?s=96&d=blank&r=g","caption":"enequipo"},"sameAs":["https:\/\/www.facebook.com\/SonoraEE"]}]}},"jetpack_featured_media_url":"https:\/\/www.sonoraenequipo.com.mx\/storage\/2024\/04\/festival-cajeme-danza.jpg","_links":{"self":[{"href":"https:\/\/www.sonoraenequipo.com.mx\/api\/wp\/v2\/posts\/188215","targetHints":{"allow":["GET"]}}],"collection":[{"href":"https:\/\/www.sonoraenequipo.com.mx\/api\/wp\/v2\/posts"}],"about":[{"href":"https:\/\/www.sonoraenequipo.com.mx\/api\/wp\/v2\/types\/post"}],"author":[{"embeddable":true,"href":"https:\/\/www.sonoraenequipo.com.mx\/api\/wp\/v2\/users\/1"}],"replies":[{"embeddable":true,"href":"https:\/\/www.sonoraenequipo.com.mx\/api\/wp\/v2\/comments?post=188215"}],"version-history":[{"count":1,"href":"https:\/\/www.sonoraenequipo.com.mx\/api\/wp\/v2\/posts\/188215\/revisions"}],"predecessor-version":[{"id":188217,"href":"https:\/\/www.sonoraenequipo.com.mx\/api\/wp\/v2\/posts\/188215\/revisions\/188217"}],"wp:featuredmedia":[{"embeddable":true,"href":"https:\/\/www.sonoraenequipo.com.mx\/api\/wp\/v2\/media\/188216"}],"wp:attachment":[{"href":"https:\/\/www.sonoraenequipo.com.mx\/api\/wp\/v2\/media?parent=188215"}],"wp:term":[{"taxonomy":"category","embeddable":true,"href":"https:\/\/www.sonoraenequipo.com.mx\/api\/wp\/v2\/categories?post=188215"},{"taxonomy":"post_tag","embeddable":true,"href":"https:\/\/www.sonoraenequipo.com.mx\/api\/wp\/v2\/tags?post=188215"}],"curies":[{"name":"wp","href":"https:\/\/api.w.org\/{rel}","templated":true}]}}