{"id":188225,"date":"2024-04-23T18:28:16","date_gmt":"2024-04-24T01:28:16","guid":{"rendered":"https:\/\/www.sonoraenequipo.com.mx\/?p=188225"},"modified":"2024-04-23T18:31:13","modified_gmt":"2024-04-24T01:31:13","slug":"manuel-espino-llega-a-sonora-tras-sumarse-a-la-campana-de-claudia-sheinbaum","status":"publish","type":"post","link":"https:\/\/www.sonoraenequipo.com.mx\/manuel-espino-llega-a-sonora-tras-sumarse-a-la-campana-de-claudia-sheinbaum\/","title":{"rendered":"Manuel Espino llega a Sonora tras sumarse a la campa\u00f1a de Claudia Sheinbaum"},"content":{"rendered":"<p><strong>HERMOSILLO, SONORA, MX.\u02d7\u02d7\u02d7 <\/strong>La dupla al Senado por el Partido del Trabajo (PT) Celida L\u00f3pez y Froyl\u00e1n G\u00e1mez, dio la bienvenida a Manuel Espino Barrientos en Sonora, quien se ha sumado al equipo de estructura electoral de la candidata a la Presidencia de M\u00e9xico, Claudia Sheinbaum.<\/p>\n<p>El hoy vocero del Segundo Piso de la 4T, Manuel Espino Barrientos mencion\u00f3 que la derrota de la candidata de oposici\u00f3n, X\u00f3chitl G\u00e1lvez, es inminente, sin embargo, el movimiento no debe cejar en su esfuerzo de fortalecerse.<\/p>\n<p>\u201cEstamos aqu\u00ed para apuntalar la campa\u00f1a exitosa de la Dra. Claudia Sheinbaum. Quiero agradecer a nuestros adversarios por lo que est\u00e1n haciendo; en su desesperaci\u00f3n nos est\u00e1n ayudando\u201d, subray\u00f3.<\/p>\n","protected":false},"excerpt":{"rendered":"<p>HERMOSILLO, SONORA, MX.\u02d7\u02d7\u02d7 La dupla al Senado por el Partido del Trabajo (PT) Celida L\u00f3pez&#8230;<\/p>\n","protected":false},"author":1,"featured_media":188226,"comment_status":"open","ping_status":"open","sticky":false,"template":"","format":"standard","meta":{"_monsterinsights_skip_tracking":false,"_monsterinsights_sitenote_active":false,"_monsterinsights_sitenote_note":"","_monsterinsights_sitenote_category":0,"footnotes":""},"categories":[9400],"tags":[3062],"class_list":["post"],"yoast_head":" \n<title>Sonora en Equipo. Manuel Espino llega a Sonora tras sumarse a la campa\u00f1a de Claudia Sheinbaum ELECCI\u00d3NES<\/title>\n<meta name=\"description\" content=\"HERMOSILLO, SONORA, MX.\u02d7\u02d7\u02d7 La dupla al Senado por el Partido del Trabajo (PT) Celida L\u00f3pez y Froyl\u00e1n G\u00e1mez, dio la bienvenida a Manuel Espino Barrientos En Sonora en Equipo publicamos toda la informaci\u00f3n de Sonora, M\u00e9xico y el Mundo de manera oportuna y busca que la libertad de expresi\u00f3n sea real. Visita nuestro medio informativo publicado desde Hermosillo, Sonora. %\" \/>\n<meta name=\"robots\" content=\"index, follow, max-snippet:-1, max-image-preview:large, max-video-preview:-1\" \/>\n<link rel=\"canonical\" href=\"https:\/\/www.sonoraenequipo.com.mx\/manuel-espino-llega-a-sonora-tras-sumarse-a-la-campana-de-claudia-sheinbaum\/\" \/>\n<meta property=\"og:locale\" content=\"es_ES\" \/>\n<meta property=\"og:type\" content=\"article\" \/>\n<meta property=\"og:title\" content=\"Sonora en Equipo. Manuel Espino llega a Sonora tras sumarse a la campa\u00f1a de Claudia Sheinbaum ELECCI\u00d3NES\" \/>\n<meta property=\"og:description\" content=\"HERMOSILLO, SONORA, MX.\u02d7\u02d7\u02d7 La dupla al Senado por el Partido del Trabajo (PT) Celida L\u00f3pez y Froyl\u00e1n G\u00e1mez, dio la bienvenida a Manuel Espino Barrientos En Sonora en Equipo publicamos toda la informaci\u00f3n de Sonora, M\u00e9xico y el Mundo de manera oportuna y busca que la libertad de expresi\u00f3n sea real. Visita nuestro medio informativo publicado desde Hermosillo, Sonora. %\" \/>\n<meta property=\"og:url\" content=\"https:\/\/www.sonoraenequipo.com.mx\/manuel-espino-llega-a-sonora-tras-sumarse-a-la-campana-de-claudia-sheinbaum\/\" \/>\n<meta property=\"og:site_name\" content=\"Sonora en Equipo.\" \/>\n<meta property=\"article:publisher\" content=\"https:\/\/www.facebook.com\/SonoraEE\/\" \/>\n<meta property=\"article:author\" content=\"https:\/\/www.facebook.com\/SonoraEE\" \/>\n<meta property=\"article:published_time\" content=\"2024-04-24T01:28:16+00:00\" \/>\n<meta property=\"article:modified_time\" content=\"2024-04-24T01:31:13+00:00\" \/>\n<meta property=\"og:image\" content=\"https:\/\/www.sonoraenequipo.com.mx\/storage\/2024\/04\/espino.jpg\" \/>\n\t<meta property=\"og:image:width\" content=\"900\" \/>\n\t<meta property=\"og:image:height\" content=\"600\" \/>\n\t<meta property=\"og:image:type\" content=\"image\/jpeg\" \/>\n<meta name=\"author\" content=\"enequipo\" \/>\n<meta name=\"twitter:card\" content=\"summary_large_image\" \/>\n<meta name=\"twitter:creator\" content=\"@sonoraenequipo\" \/>\n<meta name=\"twitter:site\" content=\"@sonoraenequipo\" \/>\n<meta name=\"twitter:label1\" content=\"Escrito por\" \/>\n\t<meta name=\"twitter:data1\" content=\"enequipo\" \/>\n\t<meta name=\"twitter:label2\" content=\"Tiempo de lectura\" \/>\n\t<meta name=\"twitter:data2\" content=\"1 minuto\" \/>\n<script type=\"application\/ld+json\" class=\"yoast-schema-graph\">{\"@context\":\"https:\/\/schema.org\",\"@graph\":[{\"@type\":\"Article\",\"@id\":\"https:\/\/www.sonoraenequipo.com.mx\/manuel-espino-llega-a-sonora-tras-sumarse-a-la-campana-de-claudia-sheinbaum\/#article\",\"isPartOf\":{\"@id\":\"https:\/\/www.sonoraenequipo.com.mx\/manuel-espino-llega-a-sonora-tras-sumarse-a-la-campana-de-claudia-sheinbaum\/\"},\"author\":{\"name\":\"enequipo\",\"@id\":\"https:\/\/www.sonoraenequipo.com.mx\/#\/schema\/person\/50102df0fb23a8fa9e8effad8fa81386\"},\"headline\":\"Manuel Espino llega a Sonora tras sumarse a la campa\u00f1a de Claudia Sheinbaum\",\"datePublished\":\"2024-04-24T01:28:16+00:00\",\"dateModified\":\"2024-04-24T01:31:13+00:00\",\"mainEntityOfPage\":{\"@id\":\"https:\/\/www.sonoraenequipo.com.mx\/manuel-espino-llega-a-sonora-tras-sumarse-a-la-campana-de-claudia-sheinbaum\/\"},\"wordCount\":137,\"commentCount\":0,\"publisher\":{\"@id\":\"https:\/\/www.sonoraenequipo.com.mx\/#organization\"},\"image\":{\"@id\":\"https:\/\/www.sonoraenequipo.com.mx\/manuel-espino-llega-a-sonora-tras-sumarse-a-la-campana-de-claudia-sheinbaum\/#primaryimage\"},\"thumbnailUrl\":\"https:\/\/www.sonoraenequipo.com.mx\/storage\/2024\/04\/espino.jpg\",\"keywords\":[\"celida\"],\"articleSection\":[\"ELECCI\u00d3NES\"],\"inLanguage\":\"es\",\"potentialAction\":[{\"@type\":\"CommentAction\",\"name\":\"Comment\",\"target\":[\"https:\/\/www.sonoraenequipo.com.mx\/manuel-espino-llega-a-sonora-tras-sumarse-a-la-campana-de-claudia-sheinbaum\/#respond\"]}]},{\"@type\":\"WebPage\",\"@id\":\"https:\/\/www.sonoraenequipo.com.mx\/manuel-espino-llega-a-sonora-tras-sumarse-a-la-campana-de-claudia-sheinbaum\/\",\"url\":\"https:\/\/www.sonoraenequipo.com.mx\/manuel-espino-llega-a-sonora-tras-sumarse-a-la-campana-de-claudia-sheinbaum\/\",\"name\":\"Sonora en Equipo. Manuel Espino llega a Sonora tras sumarse a la campa\u00f1a de Claudia Sheinbaum ELECCI\u00d3NES\",\"isPartOf\":{\"@id\":\"https:\/\/www.sonoraenequipo.com.mx\/#website\"},\"primaryImageOfPage\":{\"@id\":\"https:\/\/www.sonoraenequipo.com.mx\/manuel-espino-llega-a-sonora-tras-sumarse-a-la-campana-de-claudia-sheinbaum\/#primaryimage\"},\"image\":{\"@id\":\"https:\/\/www.sonoraenequipo.com.mx\/manuel-espino-llega-a-sonora-tras-sumarse-a-la-campana-de-claudia-sheinbaum\/#primaryimage\"},\"thumbnailUrl\":\"https:\/\/www.sonoraenequipo.com.mx\/storage\/2024\/04\/espino.jpg\",\"datePublished\":\"2024-04-24T01:28:16+00:00\",\"dateModified\":\"2024-04-24T01:31:13+00:00\",\"description\":\"HERMOSILLO, SONORA, MX.\u02d7\u02d7\u02d7 La dupla al Senado por el Partido del Trabajo (PT) Celida L\u00f3pez y Froyl\u00e1n G\u00e1mez, dio la bienvenida a Manuel Espino Barrientos En Sonora en Equipo publicamos toda la informaci\u00f3n de Sonora, M\u00e9xico y el Mundo de manera oportuna y busca que la libertad de expresi\u00f3n sea real. Visita nuestro medio informativo publicado desde Hermosillo, Sonora. %\",\"breadcrumb\":{\"@id\":\"https:\/\/www.sonoraenequipo.com.mx\/manuel-espino-llega-a-sonora-tras-sumarse-a-la-campana-de-claudia-sheinbaum\/#breadcrumb\"},\"inLanguage\":\"es\",\"potentialAction\":[{\"@type\":\"ReadAction\",\"target\":[\"https:\/\/www.sonoraenequipo.com.mx\/manuel-espino-llega-a-sonora-tras-sumarse-a-la-campana-de-claudia-sheinbaum\/\"]}]},{\"@type\":\"ImageObject\",\"inLanguage\":\"es\",\"@id\":\"https:\/\/www.sonoraenequipo.com.mx\/manuel-espino-llega-a-sonora-tras-sumarse-a-la-campana-de-claudia-sheinbaum\/#primaryimage\",\"url\":\"https:\/\/www.sonoraenequipo.com.mx\/storage\/2024\/04\/espino.jpg\",\"contentUrl\":\"https:\/\/www.sonoraenequipo.com.mx\/storage\/2024\/04\/espino.jpg\",\"width\":900,\"height\":600},{\"@type\":\"BreadcrumbList\",\"@id\":\"https:\/\/www.sonoraenequipo.com.mx\/manuel-espino-llega-a-sonora-tras-sumarse-a-la-campana-de-claudia-sheinbaum\/#breadcrumb\",\"itemListElement\":[{\"@type\":\"ListItem\",\"position\":1,\"name\":\"Portada\",\"item\":\"https:\/\/www.sonoraenequipo.com.mx\/\"},{\"@type\":\"ListItem\",\"position\":2,\"name\":\"Manuel Espino llega a Sonora tras sumarse a la campa\u00f1a de Claudia Sheinbaum\"}]},{\"@type\":\"WebSite\",\"@id\":\"https:\/\/www.sonoraenequipo.com.mx\/#website\",\"url\":\"https:\/\/www.sonoraenequipo.com.mx\/\",\"name\":\"Sonora en Equipo.\",\"description\":\"Diario en l\u00ednea con Noticias desde Hermosillo, Sonora\",\"publisher\":{\"@id\":\"https:\/\/www.sonoraenequipo.com.mx\/#organization\"},\"potentialAction\":[{\"@type\":\"SearchAction\",\"target\":{\"@type\":\"EntryPoint\",\"urlTemplate\":\"https:\/\/www.sonoraenequipo.com.mx\/?s={search_term_string}\"},\"query-input\":{\"@type\":\"PropertyValueSpecification\",\"valueRequired\":true,\"valueName\":\"search_term_string\"}}],\"inLanguage\":\"es\"},{\"@type\":\"Organization\",\"@id\":\"https:\/\/www.sonoraenequipo.com.mx\/#organization\",\"name\":\"Sonoraenequipo.com.mx\",\"url\":\"https:\/\/www.sonoraenequipo.com.mx\/\",\"logo\":{\"@type\":\"ImageObject\",\"inLanguage\":\"es\",\"@id\":\"https:\/\/www.sonoraenequipo.com.mx\/#\/schema\/logo\/image\/\",\"url\":\"https:\/\/www.sonoraenequipo.com.mx\/storage\/2019\/01\/sonoraenequipo_opt.png\",\"contentUrl\":\"https:\/\/www.sonoraenequipo.com.mx\/storage\/2019\/01\/sonoraenequipo_opt.png\",\"width\":375,\"height\":125,\"caption\":\"Sonoraenequipo.com.mx\"},\"image\":{\"@id\":\"https:\/\/www.sonoraenequipo.com.mx\/#\/schema\/logo\/image\/\"},\"sameAs\":[\"https:\/\/www.facebook.com\/SonoraEE\/\",\"https:\/\/x.com\/sonoraenequipo\",\"https:\/\/www.youtube.com\/channel\/UC338nW-lPEYmJQs4ZABQ1SQ\"]},{\"@type\":\"Person\",\"@id\":\"https:\/\/www.sonoraenequipo.com.mx\/#\/schema\/person\/50102df0fb23a8fa9e8effad8fa81386\",\"name\":\"enequipo\",\"image\":{\"@type\":\"ImageObject\",\"inLanguage\":\"es\",\"@id\":\"https:\/\/www.sonoraenequipo.com.mx\/#\/schema\/person\/image\/\",\"url\":\"https:\/\/secure.gravatar.com\/avatar\/049821681b589dabc0bc20695993ccebb09f5b5d4d790cd9251b97faac7c652b?s=96&d=blank&r=g\",\"contentUrl\":\"https:\/\/secure.gravatar.com\/avatar\/049821681b589dabc0bc20695993ccebb09f5b5d4d790cd9251b97faac7c652b?s=96&d=blank&r=g\",\"caption\":\"enequipo\"},\"sameAs\":[\"https:\/\/www.facebook.com\/SonoraEE\"]}]}<\/script>\n ","yoast_head_json":{"title":"Sonora en Equipo. Manuel Espino llega a Sonora tras sumarse a la campa\u00f1a de Claudia Sheinbaum ELECCI\u00d3NES","description":"HERMOSILLO, SONORA, MX.\u02d7\u02d7\u02d7 La dupla al Senado por el Partido del Trabajo (PT) Celida L\u00f3pez y Froyl\u00e1n G\u00e1mez, dio la bienvenida a Manuel Espino Barrientos En Sonora en Equipo publicamos toda la informaci\u00f3n de Sonora, M\u00e9xico y el Mundo de manera oportuna y busca que la libertad de expresi\u00f3n sea real. Visita nuestro medio informativo publicado desde Hermosillo, Sonora. %","robots":{"index":"index","follow":"follow","max-snippet":"max-snippet:-1","max-image-preview":"max-image-preview:large","max-video-preview":"max-video-preview:-1"},"canonical":"https:\/\/www.sonoraenequipo.com.mx\/manuel-espino-llega-a-sonora-tras-sumarse-a-la-campana-de-claudia-sheinbaum\/","og_locale":"es_ES","og_type":"article","og_title":"Sonora en Equipo. Manuel Espino llega a Sonora tras sumarse a la campa\u00f1a de Claudia Sheinbaum ELECCI\u00d3NES","og_description":"HERMOSILLO, SONORA, MX.\u02d7\u02d7\u02d7 La dupla al Senado por el Partido del Trabajo (PT) Celida L\u00f3pez y Froyl\u00e1n G\u00e1mez, dio la bienvenida a Manuel Espino Barrientos En Sonora en Equipo publicamos toda la informaci\u00f3n de Sonora, M\u00e9xico y el Mundo de manera oportuna y busca que la libertad de expresi\u00f3n sea real. Visita nuestro medio informativo publicado desde Hermosillo, Sonora. %","og_url":"https:\/\/www.sonoraenequipo.com.mx\/manuel-espino-llega-a-sonora-tras-sumarse-a-la-campana-de-claudia-sheinbaum\/","og_site_name":"Sonora en Equipo.","article_publisher":"https:\/\/www.facebook.com\/SonoraEE\/","article_author":"https:\/\/www.facebook.com\/SonoraEE","article_published_time":"2024-04-24T01:28:16+00:00","article_modified_time":"2024-04-24T01:31:13+00:00","og_image":[{"width":900,"height":600,"url":"https:\/\/www.sonoraenequipo.com.mx\/storage\/2024\/04\/espino.jpg","type":"image\/jpeg"}],"author":"enequipo","twitter_card":"summary_large_image","twitter_creator":"@sonoraenequipo","twitter_site":"@sonoraenequipo","twitter_misc":{"Escrito por":"enequipo","Tiempo de lectura":"1 minuto"},"schema":{"@context":"https:\/\/schema.org","@graph":[{"@type":"Article","@id":"https:\/\/www.sonoraenequipo.com.mx\/manuel-espino-llega-a-sonora-tras-sumarse-a-la-campana-de-claudia-sheinbaum\/#article","isPartOf":{"@id":"https:\/\/www.sonoraenequipo.com.mx\/manuel-espino-llega-a-sonora-tras-sumarse-a-la-campana-de-claudia-sheinbaum\/"},"author":{"name":"enequipo","@id":"https:\/\/www.sonoraenequipo.com.mx\/#\/schema\/person\/50102df0fb23a8fa9e8effad8fa81386"},"headline":"Manuel Espino llega a Sonora tras sumarse a la campa\u00f1a de Claudia Sheinbaum","datePublished":"2024-04-24T01:28:16+00:00","dateModified":"2024-04-24T01:31:13+00:00","mainEntityOfPage":{"@id":"https:\/\/www.sonoraenequipo.com.mx\/manuel-espino-llega-a-sonora-tras-sumarse-a-la-campana-de-claudia-sheinbaum\/"},"wordCount":137,"commentCount":0,"publisher":{"@id":"https:\/\/www.sonoraenequipo.com.mx\/#organization"},"image":{"@id":"https:\/\/www.sonoraenequipo.com.mx\/manuel-espino-llega-a-sonora-tras-sumarse-a-la-campana-de-claudia-sheinbaum\/#primaryimage"},"thumbnailUrl":"https:\/\/www.sonoraenequipo.com.mx\/storage\/2024\/04\/espino.jpg","keywords":["celida"],"articleSection":["ELECCI\u00d3NES"],"inLanguage":"es","potentialAction":[{"@type":"CommentAction","name":"Comment","target":["https:\/\/www.sonoraenequipo.com.mx\/manuel-espino-llega-a-sonora-tras-sumarse-a-la-campana-de-claudia-sheinbaum\/#respond"]}]},{"@type":"WebPage","@id":"https:\/\/www.sonoraenequipo.com.mx\/manuel-espino-llega-a-sonora-tras-sumarse-a-la-campana-de-claudia-sheinbaum\/","url":"https:\/\/www.sonoraenequipo.com.mx\/manuel-espino-llega-a-sonora-tras-sumarse-a-la-campana-de-claudia-sheinbaum\/","name":"Sonora en Equipo. Manuel Espino llega a Sonora tras sumarse a la campa\u00f1a de Claudia Sheinbaum ELECCI\u00d3NES","isPartOf":{"@id":"https:\/\/www.sonoraenequipo.com.mx\/#website"},"primaryImageOfPage":{"@id":"https:\/\/www.sonoraenequipo.com.mx\/manuel-espino-llega-a-sonora-tras-sumarse-a-la-campana-de-claudia-sheinbaum\/#primaryimage"},"image":{"@id":"https:\/\/www.sonoraenequipo.com.mx\/manuel-espino-llega-a-sonora-tras-sumarse-a-la-campana-de-claudia-sheinbaum\/#primaryimage"},"thumbnailUrl":"https:\/\/www.sonoraenequipo.com.mx\/storage\/2024\/04\/espino.jpg","datePublished":"2024-04-24T01:28:16+00:00","dateModified":"2024-04-24T01:31:13+00:00","description":"HERMOSILLO, SONORA, MX.\u02d7\u02d7\u02d7 La dupla al Senado por el Partido del Trabajo (PT) Celida L\u00f3pez y Froyl\u00e1n G\u00e1mez, dio la bienvenida a Manuel Espino Barrientos En Sonora en Equipo publicamos toda la informaci\u00f3n de Sonora, M\u00e9xico y el Mundo de manera oportuna y busca que la libertad de expresi\u00f3n sea real. Visita nuestro medio informativo publicado desde Hermosillo, Sonora. %","breadcrumb":{"@id":"https:\/\/www.sonoraenequipo.com.mx\/manuel-espino-llega-a-sonora-tras-sumarse-a-la-campana-de-claudia-sheinbaum\/#breadcrumb"},"inLanguage":"es","potentialAction":[{"@type":"ReadAction","target":["https:\/\/www.sonoraenequipo.com.mx\/manuel-espino-llega-a-sonora-tras-sumarse-a-la-campana-de-claudia-sheinbaum\/"]}]},{"@type":"ImageObject","inLanguage":"es","@id":"https:\/\/www.sonoraenequipo.com.mx\/manuel-espino-llega-a-sonora-tras-sumarse-a-la-campana-de-claudia-sheinbaum\/#primaryimage","url":"https:\/\/www.sonoraenequipo.com.mx\/storage\/2024\/04\/espino.jpg","contentUrl":"https:\/\/www.sonoraenequipo.com.mx\/storage\/2024\/04\/espino.jpg","width":900,"height":600},{"@type":"BreadcrumbList","@id":"https:\/\/www.sonoraenequipo.com.mx\/manuel-espino-llega-a-sonora-tras-sumarse-a-la-campana-de-claudia-sheinbaum\/#breadcrumb","itemListElement":[{"@type":"ListItem","position":1,"name":"Portada","item":"https:\/\/www.sonoraenequipo.com.mx\/"},{"@type":"ListItem","position":2,"name":"Manuel Espino llega a Sonora tras sumarse a la campa\u00f1a de Claudia Sheinbaum"}]},{"@type":"WebSite","@id":"https:\/\/www.sonoraenequipo.com.mx\/#website","url":"https:\/\/www.sonoraenequipo.com.mx\/","name":"Sonora en Equipo.","description":"Diario en l\u00ednea con Noticias desde Hermosillo, Sonora","publisher":{"@id":"https:\/\/www.sonoraenequipo.com.mx\/#organization"},"potentialAction":[{"@type":"SearchAction","target":{"@type":"EntryPoint","urlTemplate":"https:\/\/www.sonoraenequipo.com.mx\/?s={search_term_string}"},"query-input":{"@type":"PropertyValueSpecification","valueRequired":true,"valueName":"search_term_string"}}],"inLanguage":"es"},{"@type":"Organization","@id":"https:\/\/www.sonoraenequipo.com.mx\/#organization","name":"Sonoraenequipo.com.mx","url":"https:\/\/www.sonoraenequipo.com.mx\/","logo":{"@type":"ImageObject","inLanguage":"es","@id":"https:\/\/www.sonoraenequipo.com.mx\/#\/schema\/logo\/image\/","url":"https:\/\/www.sonoraenequipo.com.mx\/storage\/2019\/01\/sonoraenequipo_opt.png","contentUrl":"https:\/\/www.sonoraenequipo.com.mx\/storage\/2019\/01\/sonoraenequipo_opt.png","width":375,"height":125,"caption":"Sonoraenequipo.com.mx"},"image":{"@id":"https:\/\/www.sonoraenequipo.com.mx\/#\/schema\/logo\/image\/"},"sameAs":["https:\/\/www.facebook.com\/SonoraEE\/","https:\/\/x.com\/sonoraenequipo","https:\/\/www.youtube.com\/channel\/UC338nW-lPEYmJQs4ZABQ1SQ"]},{"@type":"Person","@id":"https:\/\/www.sonoraenequipo.com.mx\/#\/schema\/person\/50102df0fb23a8fa9e8effad8fa81386","name":"enequipo","image":{"@type":"ImageObject","inLanguage":"es","@id":"https:\/\/www.sonoraenequipo.com.mx\/#\/schema\/person\/image\/","url":"https:\/\/secure.gravatar.com\/avatar\/049821681b589dabc0bc20695993ccebb09f5b5d4d790cd9251b97faac7c652b?s=96&d=blank&r=g","contentUrl":"https:\/\/secure.gravatar.com\/avatar\/049821681b589dabc0bc20695993ccebb09f5b5d4d790cd9251b97faac7c652b?s=96&d=blank&r=g","caption":"enequipo"},"sameAs":["https:\/\/www.facebook.com\/SonoraEE"]}]}},"jetpack_featured_media_url":"https:\/\/www.sonoraenequipo.com.mx\/storage\/2024\/04\/espino.jpg","_links":{"self":[{"href":"https:\/\/www.sonoraenequipo.com.mx\/api\/wp\/v2\/posts\/188225","targetHints":{"allow":["GET"]}}],"collection":[{"href":"https:\/\/www.sonoraenequipo.com.mx\/api\/wp\/v2\/posts"}],"about":[{"href":"https:\/\/www.sonoraenequipo.com.mx\/api\/wp\/v2\/types\/post"}],"author":[{"embeddable":true,"href":"https:\/\/www.sonoraenequipo.com.mx\/api\/wp\/v2\/users\/1"}],"replies":[{"embeddable":true,"href":"https:\/\/www.sonoraenequipo.com.mx\/api\/wp\/v2\/comments?post=188225"}],"version-history":[{"count":2,"href":"https:\/\/www.sonoraenequipo.com.mx\/api\/wp\/v2\/posts\/188225\/revisions"}],"predecessor-version":[{"id":188228,"href":"https:\/\/www.sonoraenequipo.com.mx\/api\/wp\/v2\/posts\/188225\/revisions\/188228"}],"wp:featuredmedia":[{"embeddable":true,"href":"https:\/\/www.sonoraenequipo.com.mx\/api\/wp\/v2\/media\/188226"}],"wp:attachment":[{"href":"https:\/\/www.sonoraenequipo.com.mx\/api\/wp\/v2\/media?parent=188225"}],"wp:term":[{"taxonomy":"category","embeddable":true,"href":"https:\/\/www.sonoraenequipo.com.mx\/api\/wp\/v2\/categories?post=188225"},{"taxonomy":"post_tag","embeddable":true,"href":"https:\/\/www.sonoraenequipo.com.mx\/api\/wp\/v2\/tags?post=188225"}],"curies":[{"name":"wp","href":"https:\/\/api.w.org\/{rel}","templated":true}]}}