{"id":188229,"date":"2024-04-23T19:22:25","date_gmt":"2024-04-24T02:22:25","guid":{"rendered":"https:\/\/www.sonoraenequipo.com.mx\/?p=188229"},"modified":"2024-04-23T19:58:10","modified_gmt":"2024-04-24T02:58:10","slug":"candidato-de-mc-fue-atacado-a-balazos-en-edomex","status":"publish","type":"post","link":"https:\/\/www.sonoraenequipo.com.mx\/candidato-de-mc-fue-atacado-a-balazos-en-edomex\/","title":{"rendered":"Candidato de MC fue atacado a balazos en Edomex"},"content":{"rendered":"<p><strong>AMANALCO, ESTADO DE M\u00c8XICO. MX.\u00a0 \u2014 <\/strong>Un candidato a alcalde de un municipio del centro de M\u00e9xico result\u00f3 herido tras ser tiroteado ayer martes en su casa por sujetos armados, en medio de una escalada de la violencia pol\u00edtica que ha dejado 17 aspirantes asesinados en los \u00faltimos dos meses.<\/p>\n<p> <\/p>\n<p>Arturo Lara de la Cruz, candidato por el partido minoritario Movimiento Ciudadano (MC) en el municipio de Amanalco de Becerra, en el Estado de M\u00e9xico, fue atacado a balazos en su domicilio, dijo en un comunicado la Secretar\u00eda de Seguridad estatal.<\/p>\n<p>Lara de la Cruz result\u00f3 herido y fue trasladado de emergencia a un hospital, indic\u00f3 la dependencia estatal sin ofrecer m\u00e1s detalles.<\/p>\n<p>Cabe se\u00f1alar que en el lugar de los hechos se encontr\u00f3 un cartel con amenazas para Lara de abstenerse de ser candidato o su familia sufrir\u00eda las consecuencias.<\/p>\n<p>Medios locales informaron que el pol\u00edtico hab\u00eda recibido amenazas de miembros del crimen organizado que operan en Amanalco de Becerra, una localidad que est\u00e1 unos 130 kil\u00f3metros al oeste de la capital mexicana.<\/p>\n<p>El ataque se produjo cuatro d\u00edas despu\u00e9s del asesinato en el norte del pa\u00eds de No\u00e9 Ramos, quien se hab\u00eda postulado para la reelecci\u00f3n como alcalde del municipio El Mante, en el estado fronterizo de Tamaulipas, por una coalici\u00f3n de partidos opositores. Ramos fue atacado con un arma blanca y el presunto responsable fue apresado el mismo d\u00eda.<\/p>\n<p>Las autoridades electorales del estado sure\u00f1o de Oaxaca informaron el pasado viernes que fue localizado sin vida Alberto Antonio Garc\u00eda, aspirante a alcalde del municipio de San Jos\u00e9 Independencia, quien hab\u00eda sido raptado d\u00edas antes junto a su esposa Agar Cancino, actual alcaldesa de esa localidad.<\/p>\n<p>La fiscal\u00eda oaxaque\u00f1a inform\u00f3 que Cancino fue encontrada con vida en una isla de una zona lacustre cerca de la frontera con el estado de Veracruz, mientras que su esposo muri\u00f3 a consecuencia de golpes.<\/p>\n<p>A inicios de abril fue asesinada a balazos Bertha Gayt\u00e1n, candidata por el oficialista Morena para la alcald\u00eda de la ciudad central de Celaya, en el estado de Guanajuato.<\/p>\n<p>Con la muerte de Ramos, Garc\u00eda y Gayt\u00e1n ya suman 17 los candidatos asesinados entre febrero y abril en medio de un proceso electoral que algunos analistas prev\u00e9n que podr\u00eda ser uno de los m\u00e1s violentos de la historia reciente. En los comicios generales del 2 de junio se elegir\u00e1n m\u00e1s de 20.000 cargos, adem\u00e1s de la presidencia, ocho gobernaciones y la alcald\u00eda de la Ciudad de M\u00e9xico, y 628 congresistas federales.<\/p>\n<p>Los especialistas han cuestionado las limitadas medidas de seguridad que mantienen las autoridades federales y estatales para proteger a los candidatos locales que son considerados los blancos favoritos de los grupos criminales que operan en diferentes regiones del pa\u00eds.<\/p>\n<p>Un reciente estudio de las asociaciones civiles Data C\u00edvica y M\u00e9xico Eval\u00faa mostr\u00f3 que el 77 % de los ataques que sufrieron los pol\u00edticos en los \u00faltimos seis a\u00f1os correspondieron a personas que estaban en puestos municipales.<\/p>\n<p>L\u00f3pez Obrador inform\u00f3 este martes que 360 candidatos ya cuentan con protecci\u00f3n.<\/p>\n<p><strong>Fecha de publicaci\u00f3n <\/strong><strong>martes 23 de abril de 2024 \/ VOA)<\/strong><\/p>\n","protected":false},"excerpt":{"rendered":"<p>AMANALCO, ESTADO DE M\u00c8XICO. MX.\u00a0 \u2014 Un candidato a alcalde de un municipio del centro&#8230;<\/p>\n","protected":false},"author":1,"featured_media":188230,"comment_status":"open","ping_status":"open","sticky":false,"template":"","format":"standard","meta":{"_monsterinsights_skip_tracking":false,"_monsterinsights_sitenote_active":false,"_monsterinsights_sitenote_note":"","_monsterinsights_sitenote_category":0,"footnotes":""},"categories":[9400],"tags":[111,299,53],"class_list":["post"],"yoast_head":" \n<title>Sonora en Equipo. Candidato de MC fue atacado a balazos en Edomex ELECCI\u00d3NES<\/title>\n<meta name=\"description\" content=\"AMANALCO, ESTADO DE M\u00c8XICO. MX.\u00a0 \u2014 Un candidato a alcalde de un municipio del centro de M\u00e9xico result\u00f3 herido tras ser tiroteado ayer martes en su casa En Sonora en Equipo publicamos toda la informaci\u00f3n de Sonora, M\u00e9xico y el Mundo de manera oportuna y busca que la libertad de expresi\u00f3n sea real. Visita nuestro medio informativo publicado desde Hermosillo, Sonora. %\" \/>\n<meta name=\"robots\" content=\"index, follow, max-snippet:-1, max-image-preview:large, max-video-preview:-1\" \/>\n<link rel=\"canonical\" href=\"https:\/\/www.sonoraenequipo.com.mx\/candidato-de-mc-fue-atacado-a-balazos-en-edomex\/\" \/>\n<meta property=\"og:locale\" content=\"es_ES\" \/>\n<meta property=\"og:type\" content=\"article\" \/>\n<meta property=\"og:title\" content=\"Sonora en Equipo. Candidato de MC fue atacado a balazos en Edomex ELECCI\u00d3NES\" \/>\n<meta property=\"og:description\" content=\"AMANALCO, ESTADO DE M\u00c8XICO. MX.\u00a0 \u2014 Un candidato a alcalde de un municipio del centro de M\u00e9xico result\u00f3 herido tras ser tiroteado ayer martes en su casa En Sonora en Equipo publicamos toda la informaci\u00f3n de Sonora, M\u00e9xico y el Mundo de manera oportuna y busca que la libertad de expresi\u00f3n sea real. Visita nuestro medio informativo publicado desde Hermosillo, Sonora. %\" \/>\n<meta property=\"og:url\" content=\"https:\/\/www.sonoraenequipo.com.mx\/candidato-de-mc-fue-atacado-a-balazos-en-edomex\/\" \/>\n<meta property=\"og:site_name\" content=\"Sonora en Equipo.\" \/>\n<meta property=\"article:publisher\" content=\"https:\/\/www.facebook.com\/SonoraEE\/\" \/>\n<meta property=\"article:author\" content=\"https:\/\/www.facebook.com\/SonoraEE\" \/>\n<meta property=\"article:published_time\" content=\"2024-04-24T02:22:25+00:00\" \/>\n<meta property=\"article:modified_time\" content=\"2024-04-24T02:58:10+00:00\" \/>\n<meta property=\"og:image\" content=\"https:\/\/www.sonoraenequipo.com.mx\/storage\/2024\/04\/arturo-Lara.jpg\" \/>\n\t<meta property=\"og:image:width\" content=\"900\" \/>\n\t<meta property=\"og:image:height\" content=\"600\" \/>\n\t<meta property=\"og:image:type\" content=\"image\/jpeg\" \/>\n<meta name=\"author\" content=\"enequipo\" \/>\n<meta name=\"twitter:card\" content=\"summary_large_image\" \/>\n<meta name=\"twitter:creator\" content=\"@sonoraenequipo\" \/>\n<meta name=\"twitter:site\" content=\"@sonoraenequipo\" \/>\n<meta name=\"twitter:label1\" content=\"Escrito por\" \/>\n\t<meta name=\"twitter:data1\" content=\"enequipo\" \/>\n\t<meta name=\"twitter:label2\" content=\"Tiempo de lectura\" \/>\n\t<meta name=\"twitter:data2\" content=\"3 minutos\" \/>\n<script type=\"application\/ld+json\" class=\"yoast-schema-graph\">{\"@context\":\"https:\/\/schema.org\",\"@graph\":[{\"@type\":\"Article\",\"@id\":\"https:\/\/www.sonoraenequipo.com.mx\/candidato-de-mc-fue-atacado-a-balazos-en-edomex\/#article\",\"isPartOf\":{\"@id\":\"https:\/\/www.sonoraenequipo.com.mx\/candidato-de-mc-fue-atacado-a-balazos-en-edomex\/\"},\"author\":{\"name\":\"enequipo\",\"@id\":\"https:\/\/www.sonoraenequipo.com.mx\/#\/schema\/person\/50102df0fb23a8fa9e8effad8fa81386\"},\"headline\":\"Candidato de MC fue atacado a balazos en Edomex\",\"datePublished\":\"2024-04-24T02:22:25+00:00\",\"dateModified\":\"2024-04-24T02:58:10+00:00\",\"mainEntityOfPage\":{\"@id\":\"https:\/\/www.sonoraenequipo.com.mx\/candidato-de-mc-fue-atacado-a-balazos-en-edomex\/\"},\"wordCount\":554,\"commentCount\":0,\"publisher\":{\"@id\":\"https:\/\/www.sonoraenequipo.com.mx\/#organization\"},\"image\":{\"@id\":\"https:\/\/www.sonoraenequipo.com.mx\/candidato-de-mc-fue-atacado-a-balazos-en-edomex\/#primaryimage\"},\"thumbnailUrl\":\"https:\/\/www.sonoraenequipo.com.mx\/storage\/2024\/04\/arturo-Lara.jpg\",\"keywords\":[\"elecciones\",\"inseguridad\",\"mexico\"],\"articleSection\":[\"ELECCI\u00d3NES\"],\"inLanguage\":\"es\",\"potentialAction\":[{\"@type\":\"CommentAction\",\"name\":\"Comment\",\"target\":[\"https:\/\/www.sonoraenequipo.com.mx\/candidato-de-mc-fue-atacado-a-balazos-en-edomex\/#respond\"]}]},{\"@type\":\"WebPage\",\"@id\":\"https:\/\/www.sonoraenequipo.com.mx\/candidato-de-mc-fue-atacado-a-balazos-en-edomex\/\",\"url\":\"https:\/\/www.sonoraenequipo.com.mx\/candidato-de-mc-fue-atacado-a-balazos-en-edomex\/\",\"name\":\"Sonora en Equipo. Candidato de MC fue atacado a balazos en Edomex ELECCI\u00d3NES\",\"isPartOf\":{\"@id\":\"https:\/\/www.sonoraenequipo.com.mx\/#website\"},\"primaryImageOfPage\":{\"@id\":\"https:\/\/www.sonoraenequipo.com.mx\/candidato-de-mc-fue-atacado-a-balazos-en-edomex\/#primaryimage\"},\"image\":{\"@id\":\"https:\/\/www.sonoraenequipo.com.mx\/candidato-de-mc-fue-atacado-a-balazos-en-edomex\/#primaryimage\"},\"thumbnailUrl\":\"https:\/\/www.sonoraenequipo.com.mx\/storage\/2024\/04\/arturo-Lara.jpg\",\"datePublished\":\"2024-04-24T02:22:25+00:00\",\"dateModified\":\"2024-04-24T02:58:10+00:00\",\"description\":\"AMANALCO, ESTADO DE M\u00c8XICO. MX.\u00a0 \u2014 Un candidato a alcalde de un municipio del centro de M\u00e9xico result\u00f3 herido tras ser tiroteado ayer martes en su casa En Sonora en Equipo publicamos toda la informaci\u00f3n de Sonora, M\u00e9xico y el Mundo de manera oportuna y busca que la libertad de expresi\u00f3n sea real. Visita nuestro medio informativo publicado desde Hermosillo, Sonora. %\",\"breadcrumb\":{\"@id\":\"https:\/\/www.sonoraenequipo.com.mx\/candidato-de-mc-fue-atacado-a-balazos-en-edomex\/#breadcrumb\"},\"inLanguage\":\"es\",\"potentialAction\":[{\"@type\":\"ReadAction\",\"target\":[\"https:\/\/www.sonoraenequipo.com.mx\/candidato-de-mc-fue-atacado-a-balazos-en-edomex\/\"]}]},{\"@type\":\"ImageObject\",\"inLanguage\":\"es\",\"@id\":\"https:\/\/www.sonoraenequipo.com.mx\/candidato-de-mc-fue-atacado-a-balazos-en-edomex\/#primaryimage\",\"url\":\"https:\/\/www.sonoraenequipo.com.mx\/storage\/2024\/04\/arturo-Lara.jpg\",\"contentUrl\":\"https:\/\/www.sonoraenequipo.com.mx\/storage\/2024\/04\/arturo-Lara.jpg\",\"width\":900,\"height\":600},{\"@type\":\"BreadcrumbList\",\"@id\":\"https:\/\/www.sonoraenequipo.com.mx\/candidato-de-mc-fue-atacado-a-balazos-en-edomex\/#breadcrumb\",\"itemListElement\":[{\"@type\":\"ListItem\",\"position\":1,\"name\":\"Portada\",\"item\":\"https:\/\/www.sonoraenequipo.com.mx\/\"},{\"@type\":\"ListItem\",\"position\":2,\"name\":\"Candidato de MC fue atacado a balazos en Edomex\"}]},{\"@type\":\"WebSite\",\"@id\":\"https:\/\/www.sonoraenequipo.com.mx\/#website\",\"url\":\"https:\/\/www.sonoraenequipo.com.mx\/\",\"name\":\"Sonora en Equipo.\",\"description\":\"Diario en l\u00ednea con Noticias desde Hermosillo, Sonora\",\"publisher\":{\"@id\":\"https:\/\/www.sonoraenequipo.com.mx\/#organization\"},\"potentialAction\":[{\"@type\":\"SearchAction\",\"target\":{\"@type\":\"EntryPoint\",\"urlTemplate\":\"https:\/\/www.sonoraenequipo.com.mx\/?s={search_term_string}\"},\"query-input\":{\"@type\":\"PropertyValueSpecification\",\"valueRequired\":true,\"valueName\":\"search_term_string\"}}],\"inLanguage\":\"es\"},{\"@type\":\"Organization\",\"@id\":\"https:\/\/www.sonoraenequipo.com.mx\/#organization\",\"name\":\"Sonoraenequipo.com.mx\",\"url\":\"https:\/\/www.sonoraenequipo.com.mx\/\",\"logo\":{\"@type\":\"ImageObject\",\"inLanguage\":\"es\",\"@id\":\"https:\/\/www.sonoraenequipo.com.mx\/#\/schema\/logo\/image\/\",\"url\":\"https:\/\/www.sonoraenequipo.com.mx\/storage\/2019\/01\/sonoraenequipo_opt.png\",\"contentUrl\":\"https:\/\/www.sonoraenequipo.com.mx\/storage\/2019\/01\/sonoraenequipo_opt.png\",\"width\":375,\"height\":125,\"caption\":\"Sonoraenequipo.com.mx\"},\"image\":{\"@id\":\"https:\/\/www.sonoraenequipo.com.mx\/#\/schema\/logo\/image\/\"},\"sameAs\":[\"https:\/\/www.facebook.com\/SonoraEE\/\",\"https:\/\/x.com\/sonoraenequipo\",\"https:\/\/www.youtube.com\/channel\/UC338nW-lPEYmJQs4ZABQ1SQ\"]},{\"@type\":\"Person\",\"@id\":\"https:\/\/www.sonoraenequipo.com.mx\/#\/schema\/person\/50102df0fb23a8fa9e8effad8fa81386\",\"name\":\"enequipo\",\"image\":{\"@type\":\"ImageObject\",\"inLanguage\":\"es\",\"@id\":\"https:\/\/www.sonoraenequipo.com.mx\/#\/schema\/person\/image\/\",\"url\":\"https:\/\/secure.gravatar.com\/avatar\/049821681b589dabc0bc20695993ccebb09f5b5d4d790cd9251b97faac7c652b?s=96&d=blank&r=g\",\"contentUrl\":\"https:\/\/secure.gravatar.com\/avatar\/049821681b589dabc0bc20695993ccebb09f5b5d4d790cd9251b97faac7c652b?s=96&d=blank&r=g\",\"caption\":\"enequipo\"},\"sameAs\":[\"https:\/\/www.facebook.com\/SonoraEE\"]}]}<\/script>\n ","yoast_head_json":{"title":"Sonora en Equipo. Candidato de MC fue atacado a balazos en Edomex ELECCI\u00d3NES","description":"AMANALCO, ESTADO DE M\u00c8XICO. MX.\u00a0 \u2014 Un candidato a alcalde de un municipio del centro de M\u00e9xico result\u00f3 herido tras ser tiroteado ayer martes en su casa En Sonora en Equipo publicamos toda la informaci\u00f3n de Sonora, M\u00e9xico y el Mundo de manera oportuna y busca que la libertad de expresi\u00f3n sea real. Visita nuestro medio informativo publicado desde Hermosillo, Sonora. %","robots":{"index":"index","follow":"follow","max-snippet":"max-snippet:-1","max-image-preview":"max-image-preview:large","max-video-preview":"max-video-preview:-1"},"canonical":"https:\/\/www.sonoraenequipo.com.mx\/candidato-de-mc-fue-atacado-a-balazos-en-edomex\/","og_locale":"es_ES","og_type":"article","og_title":"Sonora en Equipo. Candidato de MC fue atacado a balazos en Edomex ELECCI\u00d3NES","og_description":"AMANALCO, ESTADO DE M\u00c8XICO. MX.\u00a0 \u2014 Un candidato a alcalde de un municipio del centro de M\u00e9xico result\u00f3 herido tras ser tiroteado ayer martes en su casa En Sonora en Equipo publicamos toda la informaci\u00f3n de Sonora, M\u00e9xico y el Mundo de manera oportuna y busca que la libertad de expresi\u00f3n sea real. Visita nuestro medio informativo publicado desde Hermosillo, Sonora. %","og_url":"https:\/\/www.sonoraenequipo.com.mx\/candidato-de-mc-fue-atacado-a-balazos-en-edomex\/","og_site_name":"Sonora en Equipo.","article_publisher":"https:\/\/www.facebook.com\/SonoraEE\/","article_author":"https:\/\/www.facebook.com\/SonoraEE","article_published_time":"2024-04-24T02:22:25+00:00","article_modified_time":"2024-04-24T02:58:10+00:00","og_image":[{"width":900,"height":600,"url":"https:\/\/www.sonoraenequipo.com.mx\/storage\/2024\/04\/arturo-Lara.jpg","type":"image\/jpeg"}],"author":"enequipo","twitter_card":"summary_large_image","twitter_creator":"@sonoraenequipo","twitter_site":"@sonoraenequipo","twitter_misc":{"Escrito por":"enequipo","Tiempo de lectura":"3 minutos"},"schema":{"@context":"https:\/\/schema.org","@graph":[{"@type":"Article","@id":"https:\/\/www.sonoraenequipo.com.mx\/candidato-de-mc-fue-atacado-a-balazos-en-edomex\/#article","isPartOf":{"@id":"https:\/\/www.sonoraenequipo.com.mx\/candidato-de-mc-fue-atacado-a-balazos-en-edomex\/"},"author":{"name":"enequipo","@id":"https:\/\/www.sonoraenequipo.com.mx\/#\/schema\/person\/50102df0fb23a8fa9e8effad8fa81386"},"headline":"Candidato de MC fue atacado a balazos en Edomex","datePublished":"2024-04-24T02:22:25+00:00","dateModified":"2024-04-24T02:58:10+00:00","mainEntityOfPage":{"@id":"https:\/\/www.sonoraenequipo.com.mx\/candidato-de-mc-fue-atacado-a-balazos-en-edomex\/"},"wordCount":554,"commentCount":0,"publisher":{"@id":"https:\/\/www.sonoraenequipo.com.mx\/#organization"},"image":{"@id":"https:\/\/www.sonoraenequipo.com.mx\/candidato-de-mc-fue-atacado-a-balazos-en-edomex\/#primaryimage"},"thumbnailUrl":"https:\/\/www.sonoraenequipo.com.mx\/storage\/2024\/04\/arturo-Lara.jpg","keywords":["elecciones","inseguridad","mexico"],"articleSection":["ELECCI\u00d3NES"],"inLanguage":"es","potentialAction":[{"@type":"CommentAction","name":"Comment","target":["https:\/\/www.sonoraenequipo.com.mx\/candidato-de-mc-fue-atacado-a-balazos-en-edomex\/#respond"]}]},{"@type":"WebPage","@id":"https:\/\/www.sonoraenequipo.com.mx\/candidato-de-mc-fue-atacado-a-balazos-en-edomex\/","url":"https:\/\/www.sonoraenequipo.com.mx\/candidato-de-mc-fue-atacado-a-balazos-en-edomex\/","name":"Sonora en Equipo. Candidato de MC fue atacado a balazos en Edomex ELECCI\u00d3NES","isPartOf":{"@id":"https:\/\/www.sonoraenequipo.com.mx\/#website"},"primaryImageOfPage":{"@id":"https:\/\/www.sonoraenequipo.com.mx\/candidato-de-mc-fue-atacado-a-balazos-en-edomex\/#primaryimage"},"image":{"@id":"https:\/\/www.sonoraenequipo.com.mx\/candidato-de-mc-fue-atacado-a-balazos-en-edomex\/#primaryimage"},"thumbnailUrl":"https:\/\/www.sonoraenequipo.com.mx\/storage\/2024\/04\/arturo-Lara.jpg","datePublished":"2024-04-24T02:22:25+00:00","dateModified":"2024-04-24T02:58:10+00:00","description":"AMANALCO, ESTADO DE M\u00c8XICO. MX.\u00a0 \u2014 Un candidato a alcalde de un municipio del centro de M\u00e9xico result\u00f3 herido tras ser tiroteado ayer martes en su casa En Sonora en Equipo publicamos toda la informaci\u00f3n de Sonora, M\u00e9xico y el Mundo de manera oportuna y busca que la libertad de expresi\u00f3n sea real. Visita nuestro medio informativo publicado desde Hermosillo, Sonora. %","breadcrumb":{"@id":"https:\/\/www.sonoraenequipo.com.mx\/candidato-de-mc-fue-atacado-a-balazos-en-edomex\/#breadcrumb"},"inLanguage":"es","potentialAction":[{"@type":"ReadAction","target":["https:\/\/www.sonoraenequipo.com.mx\/candidato-de-mc-fue-atacado-a-balazos-en-edomex\/"]}]},{"@type":"ImageObject","inLanguage":"es","@id":"https:\/\/www.sonoraenequipo.com.mx\/candidato-de-mc-fue-atacado-a-balazos-en-edomex\/#primaryimage","url":"https:\/\/www.sonoraenequipo.com.mx\/storage\/2024\/04\/arturo-Lara.jpg","contentUrl":"https:\/\/www.sonoraenequipo.com.mx\/storage\/2024\/04\/arturo-Lara.jpg","width":900,"height":600},{"@type":"BreadcrumbList","@id":"https:\/\/www.sonoraenequipo.com.mx\/candidato-de-mc-fue-atacado-a-balazos-en-edomex\/#breadcrumb","itemListElement":[{"@type":"ListItem","position":1,"name":"Portada","item":"https:\/\/www.sonoraenequipo.com.mx\/"},{"@type":"ListItem","position":2,"name":"Candidato de MC fue atacado a balazos en Edomex"}]},{"@type":"WebSite","@id":"https:\/\/www.sonoraenequipo.com.mx\/#website","url":"https:\/\/www.sonoraenequipo.com.mx\/","name":"Sonora en Equipo.","description":"Diario en l\u00ednea con Noticias desde Hermosillo, Sonora","publisher":{"@id":"https:\/\/www.sonoraenequipo.com.mx\/#organization"},"potentialAction":[{"@type":"SearchAction","target":{"@type":"EntryPoint","urlTemplate":"https:\/\/www.sonoraenequipo.com.mx\/?s={search_term_string}"},"query-input":{"@type":"PropertyValueSpecification","valueRequired":true,"valueName":"search_term_string"}}],"inLanguage":"es"},{"@type":"Organization","@id":"https:\/\/www.sonoraenequipo.com.mx\/#organization","name":"Sonoraenequipo.com.mx","url":"https:\/\/www.sonoraenequipo.com.mx\/","logo":{"@type":"ImageObject","inLanguage":"es","@id":"https:\/\/www.sonoraenequipo.com.mx\/#\/schema\/logo\/image\/","url":"https:\/\/www.sonoraenequipo.com.mx\/storage\/2019\/01\/sonoraenequipo_opt.png","contentUrl":"https:\/\/www.sonoraenequipo.com.mx\/storage\/2019\/01\/sonoraenequipo_opt.png","width":375,"height":125,"caption":"Sonoraenequipo.com.mx"},"image":{"@id":"https:\/\/www.sonoraenequipo.com.mx\/#\/schema\/logo\/image\/"},"sameAs":["https:\/\/www.facebook.com\/SonoraEE\/","https:\/\/x.com\/sonoraenequipo","https:\/\/www.youtube.com\/channel\/UC338nW-lPEYmJQs4ZABQ1SQ"]},{"@type":"Person","@id":"https:\/\/www.sonoraenequipo.com.mx\/#\/schema\/person\/50102df0fb23a8fa9e8effad8fa81386","name":"enequipo","image":{"@type":"ImageObject","inLanguage":"es","@id":"https:\/\/www.sonoraenequipo.com.mx\/#\/schema\/person\/image\/","url":"https:\/\/secure.gravatar.com\/avatar\/049821681b589dabc0bc20695993ccebb09f5b5d4d790cd9251b97faac7c652b?s=96&d=blank&r=g","contentUrl":"https:\/\/secure.gravatar.com\/avatar\/049821681b589dabc0bc20695993ccebb09f5b5d4d790cd9251b97faac7c652b?s=96&d=blank&r=g","caption":"enequipo"},"sameAs":["https:\/\/www.facebook.com\/SonoraEE"]}]}},"jetpack_featured_media_url":"https:\/\/www.sonoraenequipo.com.mx\/storage\/2024\/04\/arturo-Lara.jpg","_links":{"self":[{"href":"https:\/\/www.sonoraenequipo.com.mx\/api\/wp\/v2\/posts\/188229","targetHints":{"allow":["GET"]}}],"collection":[{"href":"https:\/\/www.sonoraenequipo.com.mx\/api\/wp\/v2\/posts"}],"about":[{"href":"https:\/\/www.sonoraenequipo.com.mx\/api\/wp\/v2\/types\/post"}],"author":[{"embeddable":true,"href":"https:\/\/www.sonoraenequipo.com.mx\/api\/wp\/v2\/users\/1"}],"replies":[{"embeddable":true,"href":"https:\/\/www.sonoraenequipo.com.mx\/api\/wp\/v2\/comments?post=188229"}],"version-history":[{"count":3,"href":"https:\/\/www.sonoraenequipo.com.mx\/api\/wp\/v2\/posts\/188229\/revisions"}],"predecessor-version":[{"id":188237,"href":"https:\/\/www.sonoraenequipo.com.mx\/api\/wp\/v2\/posts\/188229\/revisions\/188237"}],"wp:featuredmedia":[{"embeddable":true,"href":"https:\/\/www.sonoraenequipo.com.mx\/api\/wp\/v2\/media\/188230"}],"wp:attachment":[{"href":"https:\/\/www.sonoraenequipo.com.mx\/api\/wp\/v2\/media?parent=188229"}],"wp:term":[{"taxonomy":"category","embeddable":true,"href":"https:\/\/www.sonoraenequipo.com.mx\/api\/wp\/v2\/categories?post=188229"},{"taxonomy":"post_tag","embeddable":true,"href":"https:\/\/www.sonoraenequipo.com.mx\/api\/wp\/v2\/tags?post=188229"}],"curies":[{"name":"wp","href":"https:\/\/api.w.org\/{rel}","templated":true}]}}