{"id":188249,"date":"2024-04-23T22:10:00","date_gmt":"2024-04-24T05:10:00","guid":{"rendered":"https:\/\/www.sonoraenequipo.com.mx\/?p=188249"},"modified":"2024-04-23T23:14:04","modified_gmt":"2024-04-24T06:14:04","slug":"cacerolazo-y-marcha-universitaria-la-tension-social-crece-en-argentina-tras-el-discurso-de-milei","status":"publish","type":"post","link":"https:\/\/www.sonoraenequipo.com.mx\/cacerolazo-y-marcha-universitaria-la-tension-social-crece-en-argentina-tras-el-discurso-de-milei\/","title":{"rendered":"Cacerolazo y marcha universitaria: la tensi\u00f3n social crece en Argentina tras el discurso de Milei"},"content":{"rendered":"<p>BUENOS AIRES, ARGENTINA. \u2014 Argentina enfrenta este martes una jornada cargada de tensi\u00f3n, luego de la cadena nacional en la que el presidente Javier Milei inform\u00f3 sobre sus supuestos logros econ\u00f3micos, y que fue respondida con &#8216;cacerolazos&#8217; en se\u00f1al de protesta.<\/p>\n<p> <\/p>\n<p>El mandatario intent\u00f3 paliar con su mensaje la crispaci\u00f3n social provocada por la incesante crisis econ\u00f3mica que ha incrementado de manera acelerada la pobreza, que hoy ya ronda el 50 % y que va en aumento.<\/p>\n<p>Tambi\u00e9n trat\u00f3 de contrarrestar la presi\u00f3n de la marcha federal universitaria que se realizar\u00e1 durante la jornada en todo el pa\u00eds y que, por su transversalidad, se ha convertido en uno de los problemas pol\u00edticos m\u00e1s graves para Milei, quien todav\u00eda goza de \u00edndices de popularidad cercanos al 45 %.<\/p>\n<p><iframe loading=\"lazy\" class=\"wp-embedded-content\" sandbox=\"allow-scripts\" security=\"restricted\" title=\"Milei anuncia super\u00e1vit fiscal con su plan de ajuste\" src=\"https:\/\/rumble.com\/embed\/v4ohvub\/#?secret=ODafj1zCRv\" data-secret=\"ODafj1zCRv\" width=\"1280\" height=\"1280\" frameborder=\"0\"><\/iframe><\/p>\n<p>En el af\u00e1n de defender su programa econ\u00f3mico, el presidente anunci\u00f3 que durante el primer timestre de 2024 Argentina alcanz\u00f3 por primera vez en 16 a\u00f1os el super\u00e1vit fiscal, es decir, que el Gobierno recaud\u00f3 m\u00e1s de lo que gast\u00f3.<\/p>\n<p>Sin embargo, pol\u00edticos opositores y periodistas aclararon de inmediato que el equilibrio fiscal es ficticio, ya que se basa en el recorte de gasto p\u00fablico, en especial la ca\u00edda del 35 % en las jubilaciones, uno de los segmentos m\u00e1s sensibles para la poblaci\u00f3n, junto con la paralizaci\u00f3n casi total de la obra p\u00fablica y su consiguiente impacto negativo en la industria de la construcci\u00f3n.<\/p>\n<blockquote class=\"twitter-tweet\" data-width=\"550\" data-dnt=\"true\">\n<p lang=\"es\" dir=\"ltr\">\ud83e\udd25 El Presidente Milei va a utilizar la cadena nacional para festejar que alcanz\u00f3 \u201csuper\u00e1vits gemelos&quot;<\/p>\n<p>Ahora, \u00bfEsto es verdad?<br \/>\u00a1NO!<\/p>\n<p>Cuando estudiamos los n\u00fameros en detalle, nos encontramos con una gran FICCI\u00d3N construida sobre deudas y cuentas sin pagar.<\/p>\n<p> <a href=\"https:\/\/twitter.com\/hashtag\/MileiTeMinti%C3%B3?src=hash&amp;ref_src=twsrc%5Etfw\">#MileiTeMinti\u00f3<\/a>\u2026 <a href=\"https:\/\/t.co\/mh8ULOZWGK\">pic.twitter.com\/mh8ULOZWGK<\/a><\/p>\n<p>&mdash; Carolina Gaillard (@CaroGaillard) <a href=\"https:\/\/twitter.com\/CaroGaillard\/status\/1782560611001405490?ref_src=twsrc%5Etfw\">April 23, 2024<\/a><\/p><\/blockquote>\n<p><script async src=\"https:\/\/platform.twitter.com\/widgets.js\" charset=\"utf-8\"><\/script><\/p>\n<p>Parte del supuesto ahorro se explica porque el Gobierno posterg\u00f3 el pago de la multimillonaria deuda que sostiene con empresas energ\u00e9ticas, adem\u00e1s del congelamiento de los salarios y el despido masivo de trabajadores estatales.<\/p>\n<h3>Inflaci\u00f3n<\/h3>\n<p>En contraste, en estos meses el Gobierno autoriz\u00f3 incrementos de hasta un 500 % en las tarifas de servicios de electricidad, agua y gas, lo que ha derivado en protestas de usuarios a los que les resulta imposible pagarlas.<\/p>\n<p>Por eso, en las redes sociales abundaron los mensajes que compararon el super\u00e1vit de Milei con una persona que no cubri\u00f3 las facturas de luz y otros servicios, ni las deudas de su tarjeta, y cree que as\u00ed \u00abahorr\u00f3\u00bb y mejor\u00f3 su econom\u00eda, aunque en realidad es una bomba de tiempo que le explotar\u00e1 en cualquier momento.<\/p>\n<blockquote class=\"twitter-tweet\" data-width=\"550\" data-dnt=\"true\">\n<p lang=\"es\" dir=\"ltr\">Para los que no vieron la cadena nacional de Milei, fue esto. <a href=\"https:\/\/t.co\/zIeTTKDwg5\">pic.twitter.com\/zIeTTKDwg5<\/a><\/p>\n<p>&mdash; Juan Milito (@juanmilito10) <a href=\"https:\/\/twitter.com\/juanmilito10\/status\/1782563414948102299?ref_src=twsrc%5Etfw\">April 23, 2024<\/a><\/p><\/blockquote>\n<p><script async src=\"https:\/\/platform.twitter.com\/widgets.js\" charset=\"utf-8\"><\/script><\/p>\n<p>Milei present\u00f3 como otro \u00ablogro\u00bb la desaceleraci\u00f3n en la inflaci\u00f3n, ya que el \u00edndice de precios al consumidor pas\u00f3 del 25 % en diciembre, al 20 % en enero, el 13 % en febrero y el 11 % en marzo.<\/p>\n<p>El dato es cuestionable: la inflaci\u00f3n era del 12 % en noviembre y se dispar\u00f3 al 25 % en diciembre. Es decir, los datos actuales revelan una desaceleraci\u00f3n, pero con respecto al alza que el propio Milei provoc\u00f3 durante sus primeros d\u00edas de Gobierno y del que no asumi\u00f3 responsabilidad alguna en su discurso, ya que achaca todo a los gobiernos pasados.<\/p>\n<blockquote class=\"twitter-tweet\" data-width=\"550\" data-dnt=\"true\">\n<p lang=\"ca\" dir=\"ltr\">Las jubilaciones representan el 35% del ajuste del primer trimestre. \ud83d\udc47\ud83c\udffc <a href=\"https:\/\/t.co\/zxgxUeawgf\">https:\/\/t.co\/zxgxUeawgf<\/a><\/p>\n<p>&mdash; Gabriela Pepe \u2b50\ufe0f\u2b50\ufe0f\u2b50\ufe0f (@gabyspepe) <a href=\"https:\/\/twitter.com\/gabyspepe\/status\/1782713222715363438?ref_src=twsrc%5Etfw\">April 23, 2024<\/a><\/p><\/blockquote>\n<p><script async src=\"https:\/\/platform.twitter.com\/widgets.js\" charset=\"utf-8\"><\/script><\/p>\n<p>Adem\u00e1s, la tasa de inflaci\u00f3n de Argentina sigue siendo una de las m\u00e1s altas del mundo y afecta la econom\u00eda cotidiana de los ciudadanos que, cada vez que van a un supermercado o a la verduler\u00eda, encuentran los productos m\u00e1s caros.<\/p>\n<h3>Protestas<\/h3>\n<p>La dif\u00edcil situaci\u00f3n econ\u00f3mica explica, en parte, los &#8216;cacerolazos&#8217; que estallaron desde balcones y ventanas en la ciudad de Buenos Aires en cuanto termin\u00f3 la cadena nacional de Milei.<\/p>\n<blockquote class=\"twitter-tweet\" data-width=\"550\" data-dnt=\"true\">\n<p lang=\"es\" dir=\"ltr\"><a href=\"https:\/\/twitter.com\/hashtag\/Cacerolazo?src=hash&amp;ref_src=twsrc%5Etfw\">#Cacerolazo<\/a> Las protestas contra el relato de Milei en cadena nacional tambi\u00e9n se oyen en Caballito (CABA)<a href=\"https:\/\/twitter.com\/hashtag\/Cacerolazo?src=hash&amp;ref_src=twsrc%5Etfw\">#Cacerolazo<\/a> en Palermo (CABA)<a href=\"https:\/\/twitter.com\/hashtag\/Cacerolazo?src=hash&amp;ref_src=twsrc%5Etfw\">#Cacerolazo<\/a> tambi\u00e9n en Villa Lugano (CABA) <a href=\"https:\/\/t.co\/xXz59lsuhV\">pic.twitter.com\/xXz59lsuhV<\/a><\/p>\n<p>&mdash; Maxzz (@Maxzz0) <a href=\"https:\/\/twitter.com\/Maxzz0\/status\/1782671574232883551?ref_src=twsrc%5Etfw\">April 23, 2024<\/a><\/p><\/blockquote>\n<p><script async src=\"https:\/\/platform.twitter.com\/widgets.js\" charset=\"utf-8\"><\/script><\/p>\n<p>\u00ab\u00a1Mentiroso!\u00bb, \u00ab\u00a1Vende humo!\u00bb, \u00ab\u00a1Ladr\u00f3n!\u00bb, fueron algunos de los gritos del repudio contra un presidente, al que cada vez le est\u00e1 costando m\u00e1s convencer a la ciudadan\u00eda de que sigan aguantando \u00abel sacrificio\u00bb porque habr\u00e1 \u00abluz al final del t\u00fanel\u00bb.<\/p>\n<p>La protesta con ollas y sartenes tambi\u00e9n sirvi\u00f3 como un anticipo de lo que ocurrir\u00e1 este martes con la marcha en defensa de la universidad p\u00fablica y gratuita, y que se prev\u00e9 que tendr\u00e1 una masividad que reflejar\u00e1 el creciente descontento contra el Gobierno.<\/p>\n<p>Estudiantes, docentes y rectores de las 55 universidades p\u00fablicas del pa\u00eds encabezar\u00e1n una movilizaci\u00f3n para defender la educaci\u00f3n p\u00fablica y gratuita, as\u00ed como denunciar el duro recorte del financiamiento que hace peligrar la continuidad de los estudios de decenas de miles de estudiantes.<\/p>\n<p>A la marcha se sumar\u00e1n organizaciones sindicales y sociales, de derechos humanos, pol\u00edticos de distintos partidos, periodistas, escritores, artistas y colectivos, que por primera vez unir\u00e1n fuerzas para tratar de frenar el ajuste de Milei.<\/p>\n<p>PUBLICADO EL 23 DE ABRIL DE 2024\/ Con informaci\u00f3n de AP)<\/p>\n","protected":false},"excerpt":{"rendered":"<p>BUENOS AIRES, ARGENTINA. \u2014 Argentina enfrenta este martes una jornada cargada de tensi\u00f3n, luego de&#8230;<\/p>\n","protected":false},"author":1,"featured_media":188250,"comment_status":"open","ping_status":"open","sticky":false,"template":"","format":"standard","meta":{"_monsterinsights_skip_tracking":false,"_monsterinsights_sitenote_active":false,"_monsterinsights_sitenote_note":"","_monsterinsights_sitenote_category":0,"footnotes":""},"categories":[3],"tags":[],"class_list":["post"],"yoast_head":" \n<title>Sonora en Equipo. Cacerolazo y marcha universitaria: la tensi\u00f3n social crece en Argentina tras el discurso de Milei MUNDO<\/title>\n<meta name=\"description\" content=\"BUENOS AIRES, ARGENTINA. \u2014 Argentina enfrenta este martes una jornada cargada de tensi\u00f3n, luego de la cadena nacional en la que el presidente Javier Milei En Sonora en Equipo publicamos toda la informaci\u00f3n de Sonora, M\u00e9xico y el Mundo de manera oportuna y busca que la libertad de expresi\u00f3n sea real. Visita nuestro medio informativo publicado desde Hermosillo, Sonora. %\" \/>\n<meta name=\"robots\" content=\"index, follow, max-snippet:-1, max-image-preview:large, max-video-preview:-1\" \/>\n<link rel=\"canonical\" href=\"https:\/\/www.sonoraenequipo.com.mx\/cacerolazo-y-marcha-universitaria-la-tension-social-crece-en-argentina-tras-el-discurso-de-milei\/\" \/>\n<meta property=\"og:locale\" content=\"es_ES\" \/>\n<meta property=\"og:type\" content=\"article\" \/>\n<meta property=\"og:title\" content=\"Sonora en Equipo. Cacerolazo y marcha universitaria: la tensi\u00f3n social crece en Argentina tras el discurso de Milei MUNDO\" \/>\n<meta property=\"og:description\" content=\"BUENOS AIRES, ARGENTINA. \u2014 Argentina enfrenta este martes una jornada cargada de tensi\u00f3n, luego de la cadena nacional en la que el presidente Javier Milei En Sonora en Equipo publicamos toda la informaci\u00f3n de Sonora, M\u00e9xico y el Mundo de manera oportuna y busca que la libertad de expresi\u00f3n sea real. Visita nuestro medio informativo publicado desde Hermosillo, Sonora. %\" \/>\n<meta property=\"og:url\" content=\"https:\/\/www.sonoraenequipo.com.mx\/cacerolazo-y-marcha-universitaria-la-tension-social-crece-en-argentina-tras-el-discurso-de-milei\/\" \/>\n<meta property=\"og:site_name\" content=\"Sonora en Equipo.\" \/>\n<meta property=\"article:publisher\" content=\"https:\/\/www.facebook.com\/SonoraEE\/\" \/>\n<meta property=\"article:author\" content=\"https:\/\/www.facebook.com\/SonoraEE\" \/>\n<meta property=\"article:published_time\" content=\"2024-04-24T05:10:00+00:00\" \/>\n<meta property=\"article:modified_time\" content=\"2024-04-24T06:14:04+00:00\" \/>\n<meta property=\"og:image\" content=\"https:\/\/www.sonoraenequipo.com.mx\/storage\/2024\/04\/milei-el-argentino-loco-min.jpg\" \/>\n\t<meta property=\"og:image:width\" content=\"1104\" \/>\n\t<meta property=\"og:image:height\" content=\"622\" \/>\n\t<meta property=\"og:image:type\" content=\"image\/jpeg\" \/>\n<meta name=\"author\" content=\"enequipo\" \/>\n<meta name=\"twitter:card\" content=\"summary_large_image\" \/>\n<meta name=\"twitter:creator\" content=\"@sonoraenequipo\" \/>\n<meta name=\"twitter:site\" content=\"@sonoraenequipo\" \/>\n<meta name=\"twitter:label1\" content=\"Escrito por\" \/>\n\t<meta name=\"twitter:data1\" content=\"enequipo\" \/>\n\t<meta name=\"twitter:label2\" content=\"Tiempo de lectura\" \/>\n\t<meta name=\"twitter:data2\" content=\"4 minutos\" \/>\n<script type=\"application\/ld+json\" class=\"yoast-schema-graph\">{\"@context\":\"https:\/\/schema.org\",\"@graph\":[{\"@type\":\"Article\",\"@id\":\"https:\/\/www.sonoraenequipo.com.mx\/cacerolazo-y-marcha-universitaria-la-tension-social-crece-en-argentina-tras-el-discurso-de-milei\/#article\",\"isPartOf\":{\"@id\":\"https:\/\/www.sonoraenequipo.com.mx\/cacerolazo-y-marcha-universitaria-la-tension-social-crece-en-argentina-tras-el-discurso-de-milei\/\"},\"author\":{\"name\":\"enequipo\",\"@id\":\"https:\/\/www.sonoraenequipo.com.mx\/#\/schema\/person\/50102df0fb23a8fa9e8effad8fa81386\"},\"headline\":\"Cacerolazo y marcha universitaria: la tensi\u00f3n social crece en Argentina tras el discurso de Milei\",\"datePublished\":\"2024-04-24T05:10:00+00:00\",\"dateModified\":\"2024-04-24T06:14:04+00:00\",\"mainEntityOfPage\":{\"@id\":\"https:\/\/www.sonoraenequipo.com.mx\/cacerolazo-y-marcha-universitaria-la-tension-social-crece-en-argentina-tras-el-discurso-de-milei\/\"},\"wordCount\":785,\"commentCount\":0,\"publisher\":{\"@id\":\"https:\/\/www.sonoraenequipo.com.mx\/#organization\"},\"image\":{\"@id\":\"https:\/\/www.sonoraenequipo.com.mx\/cacerolazo-y-marcha-universitaria-la-tension-social-crece-en-argentina-tras-el-discurso-de-milei\/#primaryimage\"},\"thumbnailUrl\":\"https:\/\/www.sonoraenequipo.com.mx\/storage\/2024\/04\/milei-el-argentino-loco-min.jpg\",\"articleSection\":[\"MUNDO\"],\"inLanguage\":\"es\",\"potentialAction\":[{\"@type\":\"CommentAction\",\"name\":\"Comment\",\"target\":[\"https:\/\/www.sonoraenequipo.com.mx\/cacerolazo-y-marcha-universitaria-la-tension-social-crece-en-argentina-tras-el-discurso-de-milei\/#respond\"]}]},{\"@type\":\"WebPage\",\"@id\":\"https:\/\/www.sonoraenequipo.com.mx\/cacerolazo-y-marcha-universitaria-la-tension-social-crece-en-argentina-tras-el-discurso-de-milei\/\",\"url\":\"https:\/\/www.sonoraenequipo.com.mx\/cacerolazo-y-marcha-universitaria-la-tension-social-crece-en-argentina-tras-el-discurso-de-milei\/\",\"name\":\"Sonora en Equipo. Cacerolazo y marcha universitaria: la tensi\u00f3n social crece en Argentina tras el discurso de Milei MUNDO\",\"isPartOf\":{\"@id\":\"https:\/\/www.sonoraenequipo.com.mx\/#website\"},\"primaryImageOfPage\":{\"@id\":\"https:\/\/www.sonoraenequipo.com.mx\/cacerolazo-y-marcha-universitaria-la-tension-social-crece-en-argentina-tras-el-discurso-de-milei\/#primaryimage\"},\"image\":{\"@id\":\"https:\/\/www.sonoraenequipo.com.mx\/cacerolazo-y-marcha-universitaria-la-tension-social-crece-en-argentina-tras-el-discurso-de-milei\/#primaryimage\"},\"thumbnailUrl\":\"https:\/\/www.sonoraenequipo.com.mx\/storage\/2024\/04\/milei-el-argentino-loco-min.jpg\",\"datePublished\":\"2024-04-24T05:10:00+00:00\",\"dateModified\":\"2024-04-24T06:14:04+00:00\",\"description\":\"BUENOS AIRES, ARGENTINA. \u2014 Argentina enfrenta este martes una jornada cargada de tensi\u00f3n, luego de la cadena nacional en la que el presidente Javier Milei En Sonora en Equipo publicamos toda la informaci\u00f3n de Sonora, M\u00e9xico y el Mundo de manera oportuna y busca que la libertad de expresi\u00f3n sea real. Visita nuestro medio informativo publicado desde Hermosillo, Sonora. %\",\"breadcrumb\":{\"@id\":\"https:\/\/www.sonoraenequipo.com.mx\/cacerolazo-y-marcha-universitaria-la-tension-social-crece-en-argentina-tras-el-discurso-de-milei\/#breadcrumb\"},\"inLanguage\":\"es\",\"potentialAction\":[{\"@type\":\"ReadAction\",\"target\":[\"https:\/\/www.sonoraenequipo.com.mx\/cacerolazo-y-marcha-universitaria-la-tension-social-crece-en-argentina-tras-el-discurso-de-milei\/\"]}]},{\"@type\":\"ImageObject\",\"inLanguage\":\"es\",\"@id\":\"https:\/\/www.sonoraenequipo.com.mx\/cacerolazo-y-marcha-universitaria-la-tension-social-crece-en-argentina-tras-el-discurso-de-milei\/#primaryimage\",\"url\":\"https:\/\/www.sonoraenequipo.com.mx\/storage\/2024\/04\/milei-el-argentino-loco-min.jpg\",\"contentUrl\":\"https:\/\/www.sonoraenequipo.com.mx\/storage\/2024\/04\/milei-el-argentino-loco-min.jpg\",\"width\":1104,\"height\":622},{\"@type\":\"BreadcrumbList\",\"@id\":\"https:\/\/www.sonoraenequipo.com.mx\/cacerolazo-y-marcha-universitaria-la-tension-social-crece-en-argentina-tras-el-discurso-de-milei\/#breadcrumb\",\"itemListElement\":[{\"@type\":\"ListItem\",\"position\":1,\"name\":\"Portada\",\"item\":\"https:\/\/www.sonoraenequipo.com.mx\/\"},{\"@type\":\"ListItem\",\"position\":2,\"name\":\"Cacerolazo y marcha universitaria: la tensi\u00f3n social crece en Argentina tras el discurso de Milei\"}]},{\"@type\":\"WebSite\",\"@id\":\"https:\/\/www.sonoraenequipo.com.mx\/#website\",\"url\":\"https:\/\/www.sonoraenequipo.com.mx\/\",\"name\":\"Sonora en Equipo.\",\"description\":\"Diario en l\u00ednea con Noticias desde Hermosillo, Sonora\",\"publisher\":{\"@id\":\"https:\/\/www.sonoraenequipo.com.mx\/#organization\"},\"potentialAction\":[{\"@type\":\"SearchAction\",\"target\":{\"@type\":\"EntryPoint\",\"urlTemplate\":\"https:\/\/www.sonoraenequipo.com.mx\/?s={search_term_string}\"},\"query-input\":{\"@type\":\"PropertyValueSpecification\",\"valueRequired\":true,\"valueName\":\"search_term_string\"}}],\"inLanguage\":\"es\"},{\"@type\":\"Organization\",\"@id\":\"https:\/\/www.sonoraenequipo.com.mx\/#organization\",\"name\":\"Sonoraenequipo.com.mx\",\"url\":\"https:\/\/www.sonoraenequipo.com.mx\/\",\"logo\":{\"@type\":\"ImageObject\",\"inLanguage\":\"es\",\"@id\":\"https:\/\/www.sonoraenequipo.com.mx\/#\/schema\/logo\/image\/\",\"url\":\"https:\/\/www.sonoraenequipo.com.mx\/storage\/2019\/01\/sonoraenequipo_opt.png\",\"contentUrl\":\"https:\/\/www.sonoraenequipo.com.mx\/storage\/2019\/01\/sonoraenequipo_opt.png\",\"width\":375,\"height\":125,\"caption\":\"Sonoraenequipo.com.mx\"},\"image\":{\"@id\":\"https:\/\/www.sonoraenequipo.com.mx\/#\/schema\/logo\/image\/\"},\"sameAs\":[\"https:\/\/www.facebook.com\/SonoraEE\/\",\"https:\/\/x.com\/sonoraenequipo\",\"https:\/\/www.youtube.com\/channel\/UC338nW-lPEYmJQs4ZABQ1SQ\"]},{\"@type\":\"Person\",\"@id\":\"https:\/\/www.sonoraenequipo.com.mx\/#\/schema\/person\/50102df0fb23a8fa9e8effad8fa81386\",\"name\":\"enequipo\",\"image\":{\"@type\":\"ImageObject\",\"inLanguage\":\"es\",\"@id\":\"https:\/\/www.sonoraenequipo.com.mx\/#\/schema\/person\/image\/\",\"url\":\"https:\/\/secure.gravatar.com\/avatar\/049821681b589dabc0bc20695993ccebb09f5b5d4d790cd9251b97faac7c652b?s=96&d=blank&r=g\",\"contentUrl\":\"https:\/\/secure.gravatar.com\/avatar\/049821681b589dabc0bc20695993ccebb09f5b5d4d790cd9251b97faac7c652b?s=96&d=blank&r=g\",\"caption\":\"enequipo\"},\"sameAs\":[\"https:\/\/www.facebook.com\/SonoraEE\"]}]}<\/script>\n ","yoast_head_json":{"title":"Sonora en Equipo. Cacerolazo y marcha universitaria: la tensi\u00f3n social crece en Argentina tras el discurso de Milei MUNDO","description":"BUENOS AIRES, ARGENTINA. \u2014 Argentina enfrenta este martes una jornada cargada de tensi\u00f3n, luego de la cadena nacional en la que el presidente Javier Milei En Sonora en Equipo publicamos toda la informaci\u00f3n de Sonora, M\u00e9xico y el Mundo de manera oportuna y busca que la libertad de expresi\u00f3n sea real. Visita nuestro medio informativo publicado desde Hermosillo, Sonora. %","robots":{"index":"index","follow":"follow","max-snippet":"max-snippet:-1","max-image-preview":"max-image-preview:large","max-video-preview":"max-video-preview:-1"},"canonical":"https:\/\/www.sonoraenequipo.com.mx\/cacerolazo-y-marcha-universitaria-la-tension-social-crece-en-argentina-tras-el-discurso-de-milei\/","og_locale":"es_ES","og_type":"article","og_title":"Sonora en Equipo. Cacerolazo y marcha universitaria: la tensi\u00f3n social crece en Argentina tras el discurso de Milei MUNDO","og_description":"BUENOS AIRES, ARGENTINA. \u2014 Argentina enfrenta este martes una jornada cargada de tensi\u00f3n, luego de la cadena nacional en la que el presidente Javier Milei En Sonora en Equipo publicamos toda la informaci\u00f3n de Sonora, M\u00e9xico y el Mundo de manera oportuna y busca que la libertad de expresi\u00f3n sea real. Visita nuestro medio informativo publicado desde Hermosillo, Sonora. %","og_url":"https:\/\/www.sonoraenequipo.com.mx\/cacerolazo-y-marcha-universitaria-la-tension-social-crece-en-argentina-tras-el-discurso-de-milei\/","og_site_name":"Sonora en Equipo.","article_publisher":"https:\/\/www.facebook.com\/SonoraEE\/","article_author":"https:\/\/www.facebook.com\/SonoraEE","article_published_time":"2024-04-24T05:10:00+00:00","article_modified_time":"2024-04-24T06:14:04+00:00","og_image":[{"width":1104,"height":622,"url":"https:\/\/www.sonoraenequipo.com.mx\/storage\/2024\/04\/milei-el-argentino-loco-min.jpg","type":"image\/jpeg"}],"author":"enequipo","twitter_card":"summary_large_image","twitter_creator":"@sonoraenequipo","twitter_site":"@sonoraenequipo","twitter_misc":{"Escrito por":"enequipo","Tiempo de lectura":"4 minutos"},"schema":{"@context":"https:\/\/schema.org","@graph":[{"@type":"Article","@id":"https:\/\/www.sonoraenequipo.com.mx\/cacerolazo-y-marcha-universitaria-la-tension-social-crece-en-argentina-tras-el-discurso-de-milei\/#article","isPartOf":{"@id":"https:\/\/www.sonoraenequipo.com.mx\/cacerolazo-y-marcha-universitaria-la-tension-social-crece-en-argentina-tras-el-discurso-de-milei\/"},"author":{"name":"enequipo","@id":"https:\/\/www.sonoraenequipo.com.mx\/#\/schema\/person\/50102df0fb23a8fa9e8effad8fa81386"},"headline":"Cacerolazo y marcha universitaria: la tensi\u00f3n social crece en Argentina tras el discurso de Milei","datePublished":"2024-04-24T05:10:00+00:00","dateModified":"2024-04-24T06:14:04+00:00","mainEntityOfPage":{"@id":"https:\/\/www.sonoraenequipo.com.mx\/cacerolazo-y-marcha-universitaria-la-tension-social-crece-en-argentina-tras-el-discurso-de-milei\/"},"wordCount":785,"commentCount":0,"publisher":{"@id":"https:\/\/www.sonoraenequipo.com.mx\/#organization"},"image":{"@id":"https:\/\/www.sonoraenequipo.com.mx\/cacerolazo-y-marcha-universitaria-la-tension-social-crece-en-argentina-tras-el-discurso-de-milei\/#primaryimage"},"thumbnailUrl":"https:\/\/www.sonoraenequipo.com.mx\/storage\/2024\/04\/milei-el-argentino-loco-min.jpg","articleSection":["MUNDO"],"inLanguage":"es","potentialAction":[{"@type":"CommentAction","name":"Comment","target":["https:\/\/www.sonoraenequipo.com.mx\/cacerolazo-y-marcha-universitaria-la-tension-social-crece-en-argentina-tras-el-discurso-de-milei\/#respond"]}]},{"@type":"WebPage","@id":"https:\/\/www.sonoraenequipo.com.mx\/cacerolazo-y-marcha-universitaria-la-tension-social-crece-en-argentina-tras-el-discurso-de-milei\/","url":"https:\/\/www.sonoraenequipo.com.mx\/cacerolazo-y-marcha-universitaria-la-tension-social-crece-en-argentina-tras-el-discurso-de-milei\/","name":"Sonora en Equipo. Cacerolazo y marcha universitaria: la tensi\u00f3n social crece en Argentina tras el discurso de Milei MUNDO","isPartOf":{"@id":"https:\/\/www.sonoraenequipo.com.mx\/#website"},"primaryImageOfPage":{"@id":"https:\/\/www.sonoraenequipo.com.mx\/cacerolazo-y-marcha-universitaria-la-tension-social-crece-en-argentina-tras-el-discurso-de-milei\/#primaryimage"},"image":{"@id":"https:\/\/www.sonoraenequipo.com.mx\/cacerolazo-y-marcha-universitaria-la-tension-social-crece-en-argentina-tras-el-discurso-de-milei\/#primaryimage"},"thumbnailUrl":"https:\/\/www.sonoraenequipo.com.mx\/storage\/2024\/04\/milei-el-argentino-loco-min.jpg","datePublished":"2024-04-24T05:10:00+00:00","dateModified":"2024-04-24T06:14:04+00:00","description":"BUENOS AIRES, ARGENTINA. \u2014 Argentina enfrenta este martes una jornada cargada de tensi\u00f3n, luego de la cadena nacional en la que el presidente Javier Milei En Sonora en Equipo publicamos toda la informaci\u00f3n de Sonora, M\u00e9xico y el Mundo de manera oportuna y busca que la libertad de expresi\u00f3n sea real. Visita nuestro medio informativo publicado desde Hermosillo, Sonora. %","breadcrumb":{"@id":"https:\/\/www.sonoraenequipo.com.mx\/cacerolazo-y-marcha-universitaria-la-tension-social-crece-en-argentina-tras-el-discurso-de-milei\/#breadcrumb"},"inLanguage":"es","potentialAction":[{"@type":"ReadAction","target":["https:\/\/www.sonoraenequipo.com.mx\/cacerolazo-y-marcha-universitaria-la-tension-social-crece-en-argentina-tras-el-discurso-de-milei\/"]}]},{"@type":"ImageObject","inLanguage":"es","@id":"https:\/\/www.sonoraenequipo.com.mx\/cacerolazo-y-marcha-universitaria-la-tension-social-crece-en-argentina-tras-el-discurso-de-milei\/#primaryimage","url":"https:\/\/www.sonoraenequipo.com.mx\/storage\/2024\/04\/milei-el-argentino-loco-min.jpg","contentUrl":"https:\/\/www.sonoraenequipo.com.mx\/storage\/2024\/04\/milei-el-argentino-loco-min.jpg","width":1104,"height":622},{"@type":"BreadcrumbList","@id":"https:\/\/www.sonoraenequipo.com.mx\/cacerolazo-y-marcha-universitaria-la-tension-social-crece-en-argentina-tras-el-discurso-de-milei\/#breadcrumb","itemListElement":[{"@type":"ListItem","position":1,"name":"Portada","item":"https:\/\/www.sonoraenequipo.com.mx\/"},{"@type":"ListItem","position":2,"name":"Cacerolazo y marcha universitaria: la tensi\u00f3n social crece en Argentina tras el discurso de Milei"}]},{"@type":"WebSite","@id":"https:\/\/www.sonoraenequipo.com.mx\/#website","url":"https:\/\/www.sonoraenequipo.com.mx\/","name":"Sonora en Equipo.","description":"Diario en l\u00ednea con Noticias desde Hermosillo, Sonora","publisher":{"@id":"https:\/\/www.sonoraenequipo.com.mx\/#organization"},"potentialAction":[{"@type":"SearchAction","target":{"@type":"EntryPoint","urlTemplate":"https:\/\/www.sonoraenequipo.com.mx\/?s={search_term_string}"},"query-input":{"@type":"PropertyValueSpecification","valueRequired":true,"valueName":"search_term_string"}}],"inLanguage":"es"},{"@type":"Organization","@id":"https:\/\/www.sonoraenequipo.com.mx\/#organization","name":"Sonoraenequipo.com.mx","url":"https:\/\/www.sonoraenequipo.com.mx\/","logo":{"@type":"ImageObject","inLanguage":"es","@id":"https:\/\/www.sonoraenequipo.com.mx\/#\/schema\/logo\/image\/","url":"https:\/\/www.sonoraenequipo.com.mx\/storage\/2019\/01\/sonoraenequipo_opt.png","contentUrl":"https:\/\/www.sonoraenequipo.com.mx\/storage\/2019\/01\/sonoraenequipo_opt.png","width":375,"height":125,"caption":"Sonoraenequipo.com.mx"},"image":{"@id":"https:\/\/www.sonoraenequipo.com.mx\/#\/schema\/logo\/image\/"},"sameAs":["https:\/\/www.facebook.com\/SonoraEE\/","https:\/\/x.com\/sonoraenequipo","https:\/\/www.youtube.com\/channel\/UC338nW-lPEYmJQs4ZABQ1SQ"]},{"@type":"Person","@id":"https:\/\/www.sonoraenequipo.com.mx\/#\/schema\/person\/50102df0fb23a8fa9e8effad8fa81386","name":"enequipo","image":{"@type":"ImageObject","inLanguage":"es","@id":"https:\/\/www.sonoraenequipo.com.mx\/#\/schema\/person\/image\/","url":"https:\/\/secure.gravatar.com\/avatar\/049821681b589dabc0bc20695993ccebb09f5b5d4d790cd9251b97faac7c652b?s=96&d=blank&r=g","contentUrl":"https:\/\/secure.gravatar.com\/avatar\/049821681b589dabc0bc20695993ccebb09f5b5d4d790cd9251b97faac7c652b?s=96&d=blank&r=g","caption":"enequipo"},"sameAs":["https:\/\/www.facebook.com\/SonoraEE"]}]}},"jetpack_featured_media_url":"https:\/\/www.sonoraenequipo.com.mx\/storage\/2024\/04\/milei-el-argentino-loco-min.jpg","_links":{"self":[{"href":"https:\/\/www.sonoraenequipo.com.mx\/api\/wp\/v2\/posts\/188249","targetHints":{"allow":["GET"]}}],"collection":[{"href":"https:\/\/www.sonoraenequipo.com.mx\/api\/wp\/v2\/posts"}],"about":[{"href":"https:\/\/www.sonoraenequipo.com.mx\/api\/wp\/v2\/types\/post"}],"author":[{"embeddable":true,"href":"https:\/\/www.sonoraenequipo.com.mx\/api\/wp\/v2\/users\/1"}],"replies":[{"embeddable":true,"href":"https:\/\/www.sonoraenequipo.com.mx\/api\/wp\/v2\/comments?post=188249"}],"version-history":[{"count":2,"href":"https:\/\/www.sonoraenequipo.com.mx\/api\/wp\/v2\/posts\/188249\/revisions"}],"predecessor-version":[{"id":188256,"href":"https:\/\/www.sonoraenequipo.com.mx\/api\/wp\/v2\/posts\/188249\/revisions\/188256"}],"wp:featuredmedia":[{"embeddable":true,"href":"https:\/\/www.sonoraenequipo.com.mx\/api\/wp\/v2\/media\/188250"}],"wp:attachment":[{"href":"https:\/\/www.sonoraenequipo.com.mx\/api\/wp\/v2\/media?parent=188249"}],"wp:term":[{"taxonomy":"category","embeddable":true,"href":"https:\/\/www.sonoraenequipo.com.mx\/api\/wp\/v2\/categories?post=188249"},{"taxonomy":"post_tag","embeddable":true,"href":"https:\/\/www.sonoraenequipo.com.mx\/api\/wp\/v2\/tags?post=188249"}],"curies":[{"name":"wp","href":"https:\/\/api.w.org\/{rel}","templated":true}]}}