{"id":188273,"date":"2024-04-23T13:00:54","date_gmt":"2024-04-23T20:00:54","guid":{"rendered":"https:\/\/www.sonoraenequipo.com.mx\/?p=188273"},"modified":"2024-04-24T10:49:03","modified_gmt":"2024-04-24T17:49:03","slug":"derecho-a-la-salud-no-distingue-condicion-social-o-economica-de-las-personas-presidente","status":"publish","type":"post","link":"https:\/\/www.sonoraenequipo.com.mx\/derecho-a-la-salud-no-distingue-condicion-social-o-economica-de-las-personas-presidente\/","title":{"rendered":"Derecho a la salud no distingue condici\u00f3n social o econ\u00f3mica de las personas: presidente"},"content":{"rendered":"<p><strong>CIUDAD DE M\u00c9XICO. MX. \u2014<\/strong><em><strong> \u201cLa salud no es un privilegio, es un derecho y no tiene que ver con la condici\u00f3n econ\u00f3mica o social de las personas\u201d<\/strong><\/em>, afirm\u00f3 el presidente Andr\u00e9s Manuel L\u00f3pez Obrador en conferencia de prensa matutina.<\/p>\n<p>&nbsp;<\/p>\n<p> <\/p>\n<p>Sostuvo que el derecho del pueblo a la salud consiste en que cualquier persona pueda acudir a un centro de salud u hospital para recibir atenci\u00f3n m\u00e9dica gratuita, diagn\u00f3stico oportuno de un m\u00e9dico general o especialista y acceso a estudios de laboratorio, intervenciones quir\u00fargicas, medicamentos y tratamientos sin costo alguno.<\/p>\n<p>&nbsp;<\/p>\n<p>&nbsp;<\/p>\n<p>El director general del Instituto Mexicano del Seguro Social (IMSS), Zo\u00e9 Robledo Aburto, destac\u00f3 la respuesta positiva a la convocatoria de contrataci\u00f3n de m\u00e9dicos y m\u00e9dicas generales y especialistas.<\/p>\n<p>&nbsp;<\/p>\n<p>&nbsp;<\/p>\n<p>Este mecanismo, dijo, asegura la presencia de personal en unidades m\u00e9dicas y hospitales comunitarios y generales ubicados en zonas de alta o muy alta marginaci\u00f3n.<\/p>\n<p>&nbsp;<\/p>\n<p>&nbsp;<\/p>\n<p>La convocatoria estar\u00e1 disponible hasta este martes 23 de abril a las 23:59 horas en<a href=\"https:\/\/profesionalesdelasalud.imssbienestar.gob.mx\/.\"><strong> https:\/\/profesionalesdelasalud.imssbienestar.gob.mx\/.<\/strong><\/a><\/p>\n<p>&nbsp;<\/p>\n<p>&nbsp;<\/p>\n<p>Las plazas est\u00e1n en Baja California, Baja California Sur, Campeche, Chiapas, Ciudad de M\u00e9xico, Colima, Estado de M\u00e9xico, Guerrero, Hidalgo, Michoac\u00e1n, Morelos, Nayarit, Oaxaca, Puebla, Quintana Roo, San Luis Potos\u00ed, Sinaloa, Sonora, Tabasco, Tamaulipas, Tlaxcala, Veracruz, Yucat\u00e1n y Zacatecas.<\/p>\n<p>&nbsp;<\/p>\n<p>&nbsp;<\/p>\n<p>Con el secretario de Salud, Jorge Alcocer Varela, el funcionario record\u00f3 que IMSS Bienestar es una instituci\u00f3n p\u00fablica y gratuita de enfoque preventivo que procura siete d\u00edas de la semana, las 24 horas, la salud de las y los mexicanos.<\/p>\n<p>&nbsp;<\/p>\n<p>PUBLICADO EL 23 DE ABRIL DE 2024\/ Con informaci\u00f3n de Conferencia matutina presidencial)<\/p>\n","protected":false},"excerpt":{"rendered":"<p>CIUDAD DE M\u00c9XICO. MX. \u2014 \u201cLa salud no es un privilegio, es un derecho y&#8230;<\/p>\n","protected":false},"author":1,"featured_media":0,"comment_status":"open","ping_status":"open","sticky":false,"template":"","format":"standard","meta":{"_monsterinsights_skip_tracking":false,"_monsterinsights_sitenote_active":false,"_monsterinsights_sitenote_note":"","_monsterinsights_sitenote_category":0,"footnotes":""},"categories":[5],"tags":[],"class_list":["post"],"yoast_head":" \n<title>Sonora en Equipo. Derecho a la salud no distingue condici\u00f3n social o econ\u00f3mica de las personas: presidente Rep\u00fablica<\/title>\n<meta name=\"description\" content=\"CIUDAD DE M\u00c9XICO. MX. \u2014 \u201cLa salud no es un privilegio, es un derecho y no tiene que ver con la condici\u00f3n econ\u00f3mica o social de las personas\u201d, afirm\u00f3 el En Sonora en Equipo publicamos toda la informaci\u00f3n de Sonora, M\u00e9xico y el Mundo de manera oportuna y busca que la libertad de expresi\u00f3n sea real. Visita nuestro medio informativo publicado desde Hermosillo, Sonora. %\" \/>\n<meta name=\"robots\" content=\"index, follow, max-snippet:-1, max-image-preview:large, max-video-preview:-1\" \/>\n<link rel=\"canonical\" href=\"https:\/\/www.sonoraenequipo.com.mx\/derecho-a-la-salud-no-distingue-condicion-social-o-economica-de-las-personas-presidente\/\" \/>\n<meta property=\"og:locale\" content=\"es_ES\" \/>\n<meta property=\"og:type\" content=\"article\" \/>\n<meta property=\"og:title\" content=\"Sonora en Equipo. Derecho a la salud no distingue condici\u00f3n social o econ\u00f3mica de las personas: presidente Rep\u00fablica\" \/>\n<meta property=\"og:description\" content=\"CIUDAD DE M\u00c9XICO. MX. \u2014 \u201cLa salud no es un privilegio, es un derecho y no tiene que ver con la condici\u00f3n econ\u00f3mica o social de las personas\u201d, afirm\u00f3 el En Sonora en Equipo publicamos toda la informaci\u00f3n de Sonora, M\u00e9xico y el Mundo de manera oportuna y busca que la libertad de expresi\u00f3n sea real. Visita nuestro medio informativo publicado desde Hermosillo, Sonora. %\" \/>\n<meta property=\"og:url\" content=\"https:\/\/www.sonoraenequipo.com.mx\/derecho-a-la-salud-no-distingue-condicion-social-o-economica-de-las-personas-presidente\/\" \/>\n<meta property=\"og:site_name\" content=\"Sonora en Equipo.\" \/>\n<meta property=\"article:publisher\" content=\"https:\/\/www.facebook.com\/SonoraEE\/\" \/>\n<meta property=\"article:author\" content=\"https:\/\/www.facebook.com\/SonoraEE\" \/>\n<meta property=\"article:published_time\" content=\"2024-04-23T20:00:54+00:00\" \/>\n<meta property=\"article:modified_time\" content=\"2024-04-24T17:49:03+00:00\" \/>\n<meta name=\"author\" content=\"enequipo\" \/>\n<meta name=\"twitter:card\" content=\"summary_large_image\" \/>\n<meta name=\"twitter:creator\" content=\"@sonoraenequipo\" \/>\n<meta name=\"twitter:site\" content=\"@sonoraenequipo\" \/>\n<meta name=\"twitter:label1\" content=\"Escrito por\" \/>\n\t<meta name=\"twitter:data1\" content=\"enequipo\" \/>\n\t<meta name=\"twitter:label2\" content=\"Tiempo de lectura\" \/>\n\t<meta name=\"twitter:data2\" content=\"1 minuto\" \/>\n<script type=\"application\/ld+json\" class=\"yoast-schema-graph\">{\"@context\":\"https:\/\/schema.org\",\"@graph\":[{\"@type\":\"Article\",\"@id\":\"https:\/\/www.sonoraenequipo.com.mx\/derecho-a-la-salud-no-distingue-condicion-social-o-economica-de-las-personas-presidente\/#article\",\"isPartOf\":{\"@id\":\"https:\/\/www.sonoraenequipo.com.mx\/derecho-a-la-salud-no-distingue-condicion-social-o-economica-de-las-personas-presidente\/\"},\"author\":{\"name\":\"enequipo\",\"@id\":\"https:\/\/www.sonoraenequipo.com.mx\/#\/schema\/person\/50102df0fb23a8fa9e8effad8fa81386\"},\"headline\":\"Derecho a la salud no distingue condici\u00f3n social o econ\u00f3mica de las personas: presidente\",\"datePublished\":\"2024-04-23T20:00:54+00:00\",\"dateModified\":\"2024-04-24T17:49:03+00:00\",\"mainEntityOfPage\":{\"@id\":\"https:\/\/www.sonoraenequipo.com.mx\/derecho-a-la-salud-no-distingue-condicion-social-o-economica-de-las-personas-presidente\/\"},\"wordCount\":302,\"commentCount\":0,\"publisher\":{\"@id\":\"https:\/\/www.sonoraenequipo.com.mx\/#organization\"},\"articleSection\":[\"Rep\u00fablica\"],\"inLanguage\":\"es\",\"potentialAction\":[{\"@type\":\"CommentAction\",\"name\":\"Comment\",\"target\":[\"https:\/\/www.sonoraenequipo.com.mx\/derecho-a-la-salud-no-distingue-condicion-social-o-economica-de-las-personas-presidente\/#respond\"]}]},{\"@type\":\"WebPage\",\"@id\":\"https:\/\/www.sonoraenequipo.com.mx\/derecho-a-la-salud-no-distingue-condicion-social-o-economica-de-las-personas-presidente\/\",\"url\":\"https:\/\/www.sonoraenequipo.com.mx\/derecho-a-la-salud-no-distingue-condicion-social-o-economica-de-las-personas-presidente\/\",\"name\":\"Sonora en Equipo. Derecho a la salud no distingue condici\u00f3n social o econ\u00f3mica de las personas: presidente Rep\u00fablica\",\"isPartOf\":{\"@id\":\"https:\/\/www.sonoraenequipo.com.mx\/#website\"},\"datePublished\":\"2024-04-23T20:00:54+00:00\",\"dateModified\":\"2024-04-24T17:49:03+00:00\",\"description\":\"CIUDAD DE M\u00c9XICO. MX. \u2014 \u201cLa salud no es un privilegio, es un derecho y no tiene que ver con la condici\u00f3n econ\u00f3mica o social de las personas\u201d, afirm\u00f3 el En Sonora en Equipo publicamos toda la informaci\u00f3n de Sonora, M\u00e9xico y el Mundo de manera oportuna y busca que la libertad de expresi\u00f3n sea real. Visita nuestro medio informativo publicado desde Hermosillo, Sonora. %\",\"breadcrumb\":{\"@id\":\"https:\/\/www.sonoraenequipo.com.mx\/derecho-a-la-salud-no-distingue-condicion-social-o-economica-de-las-personas-presidente\/#breadcrumb\"},\"inLanguage\":\"es\",\"potentialAction\":[{\"@type\":\"ReadAction\",\"target\":[\"https:\/\/www.sonoraenequipo.com.mx\/derecho-a-la-salud-no-distingue-condicion-social-o-economica-de-las-personas-presidente\/\"]}]},{\"@type\":\"BreadcrumbList\",\"@id\":\"https:\/\/www.sonoraenequipo.com.mx\/derecho-a-la-salud-no-distingue-condicion-social-o-economica-de-las-personas-presidente\/#breadcrumb\",\"itemListElement\":[{\"@type\":\"ListItem\",\"position\":1,\"name\":\"Portada\",\"item\":\"https:\/\/www.sonoraenequipo.com.mx\/\"},{\"@type\":\"ListItem\",\"position\":2,\"name\":\"Derecho a la salud no distingue condici\u00f3n social o econ\u00f3mica de las personas: presidente\"}]},{\"@type\":\"WebSite\",\"@id\":\"https:\/\/www.sonoraenequipo.com.mx\/#website\",\"url\":\"https:\/\/www.sonoraenequipo.com.mx\/\",\"name\":\"Sonora en Equipo.\",\"description\":\"Diario en l\u00ednea con Noticias desde Hermosillo, Sonora\",\"publisher\":{\"@id\":\"https:\/\/www.sonoraenequipo.com.mx\/#organization\"},\"potentialAction\":[{\"@type\":\"SearchAction\",\"target\":{\"@type\":\"EntryPoint\",\"urlTemplate\":\"https:\/\/www.sonoraenequipo.com.mx\/?s={search_term_string}\"},\"query-input\":{\"@type\":\"PropertyValueSpecification\",\"valueRequired\":true,\"valueName\":\"search_term_string\"}}],\"inLanguage\":\"es\"},{\"@type\":\"Organization\",\"@id\":\"https:\/\/www.sonoraenequipo.com.mx\/#organization\",\"name\":\"Sonoraenequipo.com.mx\",\"url\":\"https:\/\/www.sonoraenequipo.com.mx\/\",\"logo\":{\"@type\":\"ImageObject\",\"inLanguage\":\"es\",\"@id\":\"https:\/\/www.sonoraenequipo.com.mx\/#\/schema\/logo\/image\/\",\"url\":\"https:\/\/www.sonoraenequipo.com.mx\/storage\/2019\/01\/sonoraenequipo_opt.png\",\"contentUrl\":\"https:\/\/www.sonoraenequipo.com.mx\/storage\/2019\/01\/sonoraenequipo_opt.png\",\"width\":375,\"height\":125,\"caption\":\"Sonoraenequipo.com.mx\"},\"image\":{\"@id\":\"https:\/\/www.sonoraenequipo.com.mx\/#\/schema\/logo\/image\/\"},\"sameAs\":[\"https:\/\/www.facebook.com\/SonoraEE\/\",\"https:\/\/x.com\/sonoraenequipo\",\"https:\/\/www.youtube.com\/channel\/UC338nW-lPEYmJQs4ZABQ1SQ\"]},{\"@type\":\"Person\",\"@id\":\"https:\/\/www.sonoraenequipo.com.mx\/#\/schema\/person\/50102df0fb23a8fa9e8effad8fa81386\",\"name\":\"enequipo\",\"image\":{\"@type\":\"ImageObject\",\"inLanguage\":\"es\",\"@id\":\"https:\/\/www.sonoraenequipo.com.mx\/#\/schema\/person\/image\/\",\"url\":\"https:\/\/secure.gravatar.com\/avatar\/049821681b589dabc0bc20695993ccebb09f5b5d4d790cd9251b97faac7c652b?s=96&d=blank&r=g\",\"contentUrl\":\"https:\/\/secure.gravatar.com\/avatar\/049821681b589dabc0bc20695993ccebb09f5b5d4d790cd9251b97faac7c652b?s=96&d=blank&r=g\",\"caption\":\"enequipo\"},\"sameAs\":[\"https:\/\/www.facebook.com\/SonoraEE\"]}]}<\/script>\n ","yoast_head_json":{"title":"Sonora en Equipo. Derecho a la salud no distingue condici\u00f3n social o econ\u00f3mica de las personas: presidente Rep\u00fablica","description":"CIUDAD DE M\u00c9XICO. MX. \u2014 \u201cLa salud no es un privilegio, es un derecho y no tiene que ver con la condici\u00f3n econ\u00f3mica o social de las personas\u201d, afirm\u00f3 el En Sonora en Equipo publicamos toda la informaci\u00f3n de Sonora, M\u00e9xico y el Mundo de manera oportuna y busca que la libertad de expresi\u00f3n sea real. Visita nuestro medio informativo publicado desde Hermosillo, Sonora. %","robots":{"index":"index","follow":"follow","max-snippet":"max-snippet:-1","max-image-preview":"max-image-preview:large","max-video-preview":"max-video-preview:-1"},"canonical":"https:\/\/www.sonoraenequipo.com.mx\/derecho-a-la-salud-no-distingue-condicion-social-o-economica-de-las-personas-presidente\/","og_locale":"es_ES","og_type":"article","og_title":"Sonora en Equipo. Derecho a la salud no distingue condici\u00f3n social o econ\u00f3mica de las personas: presidente Rep\u00fablica","og_description":"CIUDAD DE M\u00c9XICO. MX. \u2014 \u201cLa salud no es un privilegio, es un derecho y no tiene que ver con la condici\u00f3n econ\u00f3mica o social de las personas\u201d, afirm\u00f3 el En Sonora en Equipo publicamos toda la informaci\u00f3n de Sonora, M\u00e9xico y el Mundo de manera oportuna y busca que la libertad de expresi\u00f3n sea real. Visita nuestro medio informativo publicado desde Hermosillo, Sonora. %","og_url":"https:\/\/www.sonoraenequipo.com.mx\/derecho-a-la-salud-no-distingue-condicion-social-o-economica-de-las-personas-presidente\/","og_site_name":"Sonora en Equipo.","article_publisher":"https:\/\/www.facebook.com\/SonoraEE\/","article_author":"https:\/\/www.facebook.com\/SonoraEE","article_published_time":"2024-04-23T20:00:54+00:00","article_modified_time":"2024-04-24T17:49:03+00:00","author":"enequipo","twitter_card":"summary_large_image","twitter_creator":"@sonoraenequipo","twitter_site":"@sonoraenequipo","twitter_misc":{"Escrito por":"enequipo","Tiempo de lectura":"1 minuto"},"schema":{"@context":"https:\/\/schema.org","@graph":[{"@type":"Article","@id":"https:\/\/www.sonoraenequipo.com.mx\/derecho-a-la-salud-no-distingue-condicion-social-o-economica-de-las-personas-presidente\/#article","isPartOf":{"@id":"https:\/\/www.sonoraenequipo.com.mx\/derecho-a-la-salud-no-distingue-condicion-social-o-economica-de-las-personas-presidente\/"},"author":{"name":"enequipo","@id":"https:\/\/www.sonoraenequipo.com.mx\/#\/schema\/person\/50102df0fb23a8fa9e8effad8fa81386"},"headline":"Derecho a la salud no distingue condici\u00f3n social o econ\u00f3mica de las personas: presidente","datePublished":"2024-04-23T20:00:54+00:00","dateModified":"2024-04-24T17:49:03+00:00","mainEntityOfPage":{"@id":"https:\/\/www.sonoraenequipo.com.mx\/derecho-a-la-salud-no-distingue-condicion-social-o-economica-de-las-personas-presidente\/"},"wordCount":302,"commentCount":0,"publisher":{"@id":"https:\/\/www.sonoraenequipo.com.mx\/#organization"},"articleSection":["Rep\u00fablica"],"inLanguage":"es","potentialAction":[{"@type":"CommentAction","name":"Comment","target":["https:\/\/www.sonoraenequipo.com.mx\/derecho-a-la-salud-no-distingue-condicion-social-o-economica-de-las-personas-presidente\/#respond"]}]},{"@type":"WebPage","@id":"https:\/\/www.sonoraenequipo.com.mx\/derecho-a-la-salud-no-distingue-condicion-social-o-economica-de-las-personas-presidente\/","url":"https:\/\/www.sonoraenequipo.com.mx\/derecho-a-la-salud-no-distingue-condicion-social-o-economica-de-las-personas-presidente\/","name":"Sonora en Equipo. Derecho a la salud no distingue condici\u00f3n social o econ\u00f3mica de las personas: presidente Rep\u00fablica","isPartOf":{"@id":"https:\/\/www.sonoraenequipo.com.mx\/#website"},"datePublished":"2024-04-23T20:00:54+00:00","dateModified":"2024-04-24T17:49:03+00:00","description":"CIUDAD DE M\u00c9XICO. MX. \u2014 \u201cLa salud no es un privilegio, es un derecho y no tiene que ver con la condici\u00f3n econ\u00f3mica o social de las personas\u201d, afirm\u00f3 el En Sonora en Equipo publicamos toda la informaci\u00f3n de Sonora, M\u00e9xico y el Mundo de manera oportuna y busca que la libertad de expresi\u00f3n sea real. Visita nuestro medio informativo publicado desde Hermosillo, Sonora. %","breadcrumb":{"@id":"https:\/\/www.sonoraenequipo.com.mx\/derecho-a-la-salud-no-distingue-condicion-social-o-economica-de-las-personas-presidente\/#breadcrumb"},"inLanguage":"es","potentialAction":[{"@type":"ReadAction","target":["https:\/\/www.sonoraenequipo.com.mx\/derecho-a-la-salud-no-distingue-condicion-social-o-economica-de-las-personas-presidente\/"]}]},{"@type":"BreadcrumbList","@id":"https:\/\/www.sonoraenequipo.com.mx\/derecho-a-la-salud-no-distingue-condicion-social-o-economica-de-las-personas-presidente\/#breadcrumb","itemListElement":[{"@type":"ListItem","position":1,"name":"Portada","item":"https:\/\/www.sonoraenequipo.com.mx\/"},{"@type":"ListItem","position":2,"name":"Derecho a la salud no distingue condici\u00f3n social o econ\u00f3mica de las personas: presidente"}]},{"@type":"WebSite","@id":"https:\/\/www.sonoraenequipo.com.mx\/#website","url":"https:\/\/www.sonoraenequipo.com.mx\/","name":"Sonora en Equipo.","description":"Diario en l\u00ednea con Noticias desde Hermosillo, Sonora","publisher":{"@id":"https:\/\/www.sonoraenequipo.com.mx\/#organization"},"potentialAction":[{"@type":"SearchAction","target":{"@type":"EntryPoint","urlTemplate":"https:\/\/www.sonoraenequipo.com.mx\/?s={search_term_string}"},"query-input":{"@type":"PropertyValueSpecification","valueRequired":true,"valueName":"search_term_string"}}],"inLanguage":"es"},{"@type":"Organization","@id":"https:\/\/www.sonoraenequipo.com.mx\/#organization","name":"Sonoraenequipo.com.mx","url":"https:\/\/www.sonoraenequipo.com.mx\/","logo":{"@type":"ImageObject","inLanguage":"es","@id":"https:\/\/www.sonoraenequipo.com.mx\/#\/schema\/logo\/image\/","url":"https:\/\/www.sonoraenequipo.com.mx\/storage\/2019\/01\/sonoraenequipo_opt.png","contentUrl":"https:\/\/www.sonoraenequipo.com.mx\/storage\/2019\/01\/sonoraenequipo_opt.png","width":375,"height":125,"caption":"Sonoraenequipo.com.mx"},"image":{"@id":"https:\/\/www.sonoraenequipo.com.mx\/#\/schema\/logo\/image\/"},"sameAs":["https:\/\/www.facebook.com\/SonoraEE\/","https:\/\/x.com\/sonoraenequipo","https:\/\/www.youtube.com\/channel\/UC338nW-lPEYmJQs4ZABQ1SQ"]},{"@type":"Person","@id":"https:\/\/www.sonoraenequipo.com.mx\/#\/schema\/person\/50102df0fb23a8fa9e8effad8fa81386","name":"enequipo","image":{"@type":"ImageObject","inLanguage":"es","@id":"https:\/\/www.sonoraenequipo.com.mx\/#\/schema\/person\/image\/","url":"https:\/\/secure.gravatar.com\/avatar\/049821681b589dabc0bc20695993ccebb09f5b5d4d790cd9251b97faac7c652b?s=96&d=blank&r=g","contentUrl":"https:\/\/secure.gravatar.com\/avatar\/049821681b589dabc0bc20695993ccebb09f5b5d4d790cd9251b97faac7c652b?s=96&d=blank&r=g","caption":"enequipo"},"sameAs":["https:\/\/www.facebook.com\/SonoraEE"]}]}},"jetpack_featured_media_url":"","_links":{"self":[{"href":"https:\/\/www.sonoraenequipo.com.mx\/api\/wp\/v2\/posts\/188273","targetHints":{"allow":["GET"]}}],"collection":[{"href":"https:\/\/www.sonoraenequipo.com.mx\/api\/wp\/v2\/posts"}],"about":[{"href":"https:\/\/www.sonoraenequipo.com.mx\/api\/wp\/v2\/types\/post"}],"author":[{"embeddable":true,"href":"https:\/\/www.sonoraenequipo.com.mx\/api\/wp\/v2\/users\/1"}],"replies":[{"embeddable":true,"href":"https:\/\/www.sonoraenequipo.com.mx\/api\/wp\/v2\/comments?post=188273"}],"version-history":[{"count":1,"href":"https:\/\/www.sonoraenequipo.com.mx\/api\/wp\/v2\/posts\/188273\/revisions"}],"predecessor-version":[{"id":188274,"href":"https:\/\/www.sonoraenequipo.com.mx\/api\/wp\/v2\/posts\/188273\/revisions\/188274"}],"wp:attachment":[{"href":"https:\/\/www.sonoraenequipo.com.mx\/api\/wp\/v2\/media?parent=188273"}],"wp:term":[{"taxonomy":"category","embeddable":true,"href":"https:\/\/www.sonoraenequipo.com.mx\/api\/wp\/v2\/categories?post=188273"},{"taxonomy":"post_tag","embeddable":true,"href":"https:\/\/www.sonoraenequipo.com.mx\/api\/wp\/v2\/tags?post=188273"}],"curies":[{"name":"wp","href":"https:\/\/api.w.org\/{rel}","templated":true}]}}