{"id":188292,"date":"2024-04-24T13:36:05","date_gmt":"2024-04-24T20:36:05","guid":{"rendered":"https:\/\/www.sonoraenequipo.com.mx\/?p=188292"},"modified":"2024-04-24T13:36:38","modified_gmt":"2024-04-24T20:36:38","slug":"se-une-a-programa-reciclase-escuela-primaria-adolfo-de-la-huerta","status":"publish","type":"post","link":"https:\/\/www.sonoraenequipo.com.mx\/se-une-a-programa-reciclase-escuela-primaria-adolfo-de-la-huerta\/","title":{"rendered":"Se une a programa Reciclase Escuela Primaria Adolfo de la Huerta"},"content":{"rendered":"<p><strong>HERMOSILLO, SONORA, MX.\u02d7\u02d7\u02d7 <\/strong>Ni\u00f1as y ni\u00f1os alumnos de la Escuela Primaria Adolfo de la Huerta se sumaron a las actividades del Ayuntamiento de Hermosillo dentro del programa Reciclase, que busca fomentar la separaci\u00f3n de los residuos que se pueden reutilizar.<\/p>\n<p>&nbsp;<\/p>\n<p>Funcionarios del Gobierno Municipal visitaron el plantel ubicado en la colonia San Bosco, en donde expusieron sobre el tema, para que los alumnos sepan c\u00f3mo separar los desechos que generen en su escuela, as\u00ed como en sus casas.<\/p>\n<p>&nbsp;<\/p>\n<p>Tambi\u00e9n les hablaron sobre la gran importancia del correcto uso y cuidado del agua en todas las actividades que desarrollan a diario y recibieron la visita de la botarga Tina Gotina, de Agua de Hermosillo; adem\u00e1s estuvo la de Unidad de Prevenci\u00f3n de Incendios de Bomberos llamada UPIH.<\/p>\n<p>&nbsp;<\/p>\n<p>Los estudiantes pudieron conocer de cerca dos de las patrullas el\u00e9ctricas que circulan por la ciudad en la vigilancia y atenci\u00f3n de reportes por parte de elementos de la Jefatura de Polic\u00eda Preventiva y Tr\u00e1nsito Municipal de Hermosillo.<\/p>\n<p><strong>Fecha de publicaci\u00f3n <\/strong><strong>mi\u00e9rcoles 24 de abril de 2024<\/strong><\/p>\n","protected":false},"excerpt":{"rendered":"<p>HERMOSILLO, SONORA, MX.\u02d7\u02d7\u02d7 Ni\u00f1as y ni\u00f1os alumnos de la Escuela Primaria Adolfo de la Huerta&#8230;<\/p>\n","protected":false},"author":1,"featured_media":188293,"comment_status":"open","ping_status":"open","sticky":false,"template":"","format":"standard","meta":{"_monsterinsights_skip_tracking":false,"_monsterinsights_sitenote_active":false,"_monsterinsights_sitenote_note":"","_monsterinsights_sitenote_category":0,"footnotes":""},"categories":[4],"tags":[],"class_list":["post"],"yoast_head":" \n<title>Sonora en Equipo. Se une a programa Reciclase Escuela Primaria Adolfo de la Huerta Municipios<\/title>\n<meta name=\"description\" content=\"HERMOSILLO, SONORA, MX.\u02d7\u02d7\u02d7 Ni\u00f1as y ni\u00f1os alumnos de la Escuela Primaria Adolfo de la Huerta se sumaron a las actividades del Ayuntamiento de Hermosillo En Sonora en Equipo publicamos toda la informaci\u00f3n de Sonora, M\u00e9xico y el Mundo de manera oportuna y busca que la libertad de expresi\u00f3n sea real. Visita nuestro medio informativo publicado desde Hermosillo, Sonora. %\" \/>\n<meta name=\"robots\" content=\"index, follow, max-snippet:-1, max-image-preview:large, max-video-preview:-1\" \/>\n<link rel=\"canonical\" href=\"https:\/\/www.sonoraenequipo.com.mx\/se-une-a-programa-reciclase-escuela-primaria-adolfo-de-la-huerta\/\" \/>\n<meta property=\"og:locale\" content=\"es_ES\" \/>\n<meta property=\"og:type\" content=\"article\" \/>\n<meta property=\"og:title\" content=\"Sonora en Equipo. Se une a programa Reciclase Escuela Primaria Adolfo de la Huerta Municipios\" \/>\n<meta property=\"og:description\" content=\"HERMOSILLO, SONORA, MX.\u02d7\u02d7\u02d7 Ni\u00f1as y ni\u00f1os alumnos de la Escuela Primaria Adolfo de la Huerta se sumaron a las actividades del Ayuntamiento de Hermosillo En Sonora en Equipo publicamos toda la informaci\u00f3n de Sonora, M\u00e9xico y el Mundo de manera oportuna y busca que la libertad de expresi\u00f3n sea real. Visita nuestro medio informativo publicado desde Hermosillo, Sonora. %\" \/>\n<meta property=\"og:url\" content=\"https:\/\/www.sonoraenequipo.com.mx\/se-une-a-programa-reciclase-escuela-primaria-adolfo-de-la-huerta\/\" \/>\n<meta property=\"og:site_name\" content=\"Sonora en Equipo.\" \/>\n<meta property=\"article:publisher\" content=\"https:\/\/www.facebook.com\/SonoraEE\/\" \/>\n<meta property=\"article:author\" content=\"https:\/\/www.facebook.com\/SonoraEE\" \/>\n<meta property=\"article:published_time\" content=\"2024-04-24T20:36:05+00:00\" \/>\n<meta property=\"article:modified_time\" content=\"2024-04-24T20:36:38+00:00\" \/>\n<meta property=\"og:image\" content=\"https:\/\/www.sonoraenequipo.com.mx\/storage\/2024\/04\/reciclase.jpg\" \/>\n\t<meta property=\"og:image:width\" content=\"900\" \/>\n\t<meta property=\"og:image:height\" content=\"665\" \/>\n\t<meta property=\"og:image:type\" content=\"image\/jpeg\" \/>\n<meta name=\"author\" content=\"enequipo\" \/>\n<meta name=\"twitter:card\" content=\"summary_large_image\" \/>\n<meta name=\"twitter:creator\" content=\"@sonoraenequipo\" \/>\n<meta name=\"twitter:site\" content=\"@sonoraenequipo\" \/>\n<meta name=\"twitter:label1\" content=\"Escrito por\" \/>\n\t<meta name=\"twitter:data1\" content=\"enequipo\" \/>\n\t<meta name=\"twitter:label2\" content=\"Tiempo de lectura\" \/>\n\t<meta name=\"twitter:data2\" content=\"1 minuto\" \/>\n<script type=\"application\/ld+json\" class=\"yoast-schema-graph\">{\"@context\":\"https:\/\/schema.org\",\"@graph\":[{\"@type\":\"Article\",\"@id\":\"https:\/\/www.sonoraenequipo.com.mx\/se-une-a-programa-reciclase-escuela-primaria-adolfo-de-la-huerta\/#article\",\"isPartOf\":{\"@id\":\"https:\/\/www.sonoraenequipo.com.mx\/se-une-a-programa-reciclase-escuela-primaria-adolfo-de-la-huerta\/\"},\"author\":{\"name\":\"enequipo\",\"@id\":\"https:\/\/www.sonoraenequipo.com.mx\/#\/schema\/person\/50102df0fb23a8fa9e8effad8fa81386\"},\"headline\":\"Se une a programa Reciclase Escuela Primaria Adolfo de la Huerta\",\"datePublished\":\"2024-04-24T20:36:05+00:00\",\"dateModified\":\"2024-04-24T20:36:38+00:00\",\"mainEntityOfPage\":{\"@id\":\"https:\/\/www.sonoraenequipo.com.mx\/se-une-a-programa-reciclase-escuela-primaria-adolfo-de-la-huerta\/\"},\"wordCount\":198,\"commentCount\":0,\"publisher\":{\"@id\":\"https:\/\/www.sonoraenequipo.com.mx\/#organization\"},\"image\":{\"@id\":\"https:\/\/www.sonoraenequipo.com.mx\/se-une-a-programa-reciclase-escuela-primaria-adolfo-de-la-huerta\/#primaryimage\"},\"thumbnailUrl\":\"https:\/\/www.sonoraenequipo.com.mx\/storage\/2024\/04\/reciclase.jpg\",\"articleSection\":[\"Municipios\"],\"inLanguage\":\"es\",\"potentialAction\":[{\"@type\":\"CommentAction\",\"name\":\"Comment\",\"target\":[\"https:\/\/www.sonoraenequipo.com.mx\/se-une-a-programa-reciclase-escuela-primaria-adolfo-de-la-huerta\/#respond\"]}]},{\"@type\":\"WebPage\",\"@id\":\"https:\/\/www.sonoraenequipo.com.mx\/se-une-a-programa-reciclase-escuela-primaria-adolfo-de-la-huerta\/\",\"url\":\"https:\/\/www.sonoraenequipo.com.mx\/se-une-a-programa-reciclase-escuela-primaria-adolfo-de-la-huerta\/\",\"name\":\"Sonora en Equipo. Se une a programa Reciclase Escuela Primaria Adolfo de la Huerta Municipios\",\"isPartOf\":{\"@id\":\"https:\/\/www.sonoraenequipo.com.mx\/#website\"},\"primaryImageOfPage\":{\"@id\":\"https:\/\/www.sonoraenequipo.com.mx\/se-une-a-programa-reciclase-escuela-primaria-adolfo-de-la-huerta\/#primaryimage\"},\"image\":{\"@id\":\"https:\/\/www.sonoraenequipo.com.mx\/se-une-a-programa-reciclase-escuela-primaria-adolfo-de-la-huerta\/#primaryimage\"},\"thumbnailUrl\":\"https:\/\/www.sonoraenequipo.com.mx\/storage\/2024\/04\/reciclase.jpg\",\"datePublished\":\"2024-04-24T20:36:05+00:00\",\"dateModified\":\"2024-04-24T20:36:38+00:00\",\"description\":\"HERMOSILLO, SONORA, MX.\u02d7\u02d7\u02d7 Ni\u00f1as y ni\u00f1os alumnos de la Escuela Primaria Adolfo de la Huerta se sumaron a las actividades del Ayuntamiento de Hermosillo En Sonora en Equipo publicamos toda la informaci\u00f3n de Sonora, M\u00e9xico y el Mundo de manera oportuna y busca que la libertad de expresi\u00f3n sea real. Visita nuestro medio informativo publicado desde Hermosillo, Sonora. %\",\"breadcrumb\":{\"@id\":\"https:\/\/www.sonoraenequipo.com.mx\/se-une-a-programa-reciclase-escuela-primaria-adolfo-de-la-huerta\/#breadcrumb\"},\"inLanguage\":\"es\",\"potentialAction\":[{\"@type\":\"ReadAction\",\"target\":[\"https:\/\/www.sonoraenequipo.com.mx\/se-une-a-programa-reciclase-escuela-primaria-adolfo-de-la-huerta\/\"]}]},{\"@type\":\"ImageObject\",\"inLanguage\":\"es\",\"@id\":\"https:\/\/www.sonoraenequipo.com.mx\/se-une-a-programa-reciclase-escuela-primaria-adolfo-de-la-huerta\/#primaryimage\",\"url\":\"https:\/\/www.sonoraenequipo.com.mx\/storage\/2024\/04\/reciclase.jpg\",\"contentUrl\":\"https:\/\/www.sonoraenequipo.com.mx\/storage\/2024\/04\/reciclase.jpg\",\"width\":900,\"height\":665},{\"@type\":\"BreadcrumbList\",\"@id\":\"https:\/\/www.sonoraenequipo.com.mx\/se-une-a-programa-reciclase-escuela-primaria-adolfo-de-la-huerta\/#breadcrumb\",\"itemListElement\":[{\"@type\":\"ListItem\",\"position\":1,\"name\":\"Portada\",\"item\":\"https:\/\/www.sonoraenequipo.com.mx\/\"},{\"@type\":\"ListItem\",\"position\":2,\"name\":\"Se une a programa Reciclase Escuela Primaria Adolfo de la Huerta\"}]},{\"@type\":\"WebSite\",\"@id\":\"https:\/\/www.sonoraenequipo.com.mx\/#website\",\"url\":\"https:\/\/www.sonoraenequipo.com.mx\/\",\"name\":\"Sonora en Equipo.\",\"description\":\"Diario en l\u00ednea con Noticias desde Hermosillo, Sonora\",\"publisher\":{\"@id\":\"https:\/\/www.sonoraenequipo.com.mx\/#organization\"},\"potentialAction\":[{\"@type\":\"SearchAction\",\"target\":{\"@type\":\"EntryPoint\",\"urlTemplate\":\"https:\/\/www.sonoraenequipo.com.mx\/?s={search_term_string}\"},\"query-input\":{\"@type\":\"PropertyValueSpecification\",\"valueRequired\":true,\"valueName\":\"search_term_string\"}}],\"inLanguage\":\"es\"},{\"@type\":\"Organization\",\"@id\":\"https:\/\/www.sonoraenequipo.com.mx\/#organization\",\"name\":\"Sonoraenequipo.com.mx\",\"url\":\"https:\/\/www.sonoraenequipo.com.mx\/\",\"logo\":{\"@type\":\"ImageObject\",\"inLanguage\":\"es\",\"@id\":\"https:\/\/www.sonoraenequipo.com.mx\/#\/schema\/logo\/image\/\",\"url\":\"https:\/\/www.sonoraenequipo.com.mx\/storage\/2019\/01\/sonoraenequipo_opt.png\",\"contentUrl\":\"https:\/\/www.sonoraenequipo.com.mx\/storage\/2019\/01\/sonoraenequipo_opt.png\",\"width\":375,\"height\":125,\"caption\":\"Sonoraenequipo.com.mx\"},\"image\":{\"@id\":\"https:\/\/www.sonoraenequipo.com.mx\/#\/schema\/logo\/image\/\"},\"sameAs\":[\"https:\/\/www.facebook.com\/SonoraEE\/\",\"https:\/\/x.com\/sonoraenequipo\",\"https:\/\/www.youtube.com\/channel\/UC338nW-lPEYmJQs4ZABQ1SQ\"]},{\"@type\":\"Person\",\"@id\":\"https:\/\/www.sonoraenequipo.com.mx\/#\/schema\/person\/50102df0fb23a8fa9e8effad8fa81386\",\"name\":\"enequipo\",\"image\":{\"@type\":\"ImageObject\",\"inLanguage\":\"es\",\"@id\":\"https:\/\/www.sonoraenequipo.com.mx\/#\/schema\/person\/image\/\",\"url\":\"https:\/\/secure.gravatar.com\/avatar\/049821681b589dabc0bc20695993ccebb09f5b5d4d790cd9251b97faac7c652b?s=96&d=blank&r=g\",\"contentUrl\":\"https:\/\/secure.gravatar.com\/avatar\/049821681b589dabc0bc20695993ccebb09f5b5d4d790cd9251b97faac7c652b?s=96&d=blank&r=g\",\"caption\":\"enequipo\"},\"sameAs\":[\"https:\/\/www.facebook.com\/SonoraEE\"]}]}<\/script>\n ","yoast_head_json":{"title":"Sonora en Equipo. Se une a programa Reciclase Escuela Primaria Adolfo de la Huerta Municipios","description":"HERMOSILLO, SONORA, MX.\u02d7\u02d7\u02d7 Ni\u00f1as y ni\u00f1os alumnos de la Escuela Primaria Adolfo de la Huerta se sumaron a las actividades del Ayuntamiento de Hermosillo En Sonora en Equipo publicamos toda la informaci\u00f3n de Sonora, M\u00e9xico y el Mundo de manera oportuna y busca que la libertad de expresi\u00f3n sea real. Visita nuestro medio informativo publicado desde Hermosillo, Sonora. %","robots":{"index":"index","follow":"follow","max-snippet":"max-snippet:-1","max-image-preview":"max-image-preview:large","max-video-preview":"max-video-preview:-1"},"canonical":"https:\/\/www.sonoraenequipo.com.mx\/se-une-a-programa-reciclase-escuela-primaria-adolfo-de-la-huerta\/","og_locale":"es_ES","og_type":"article","og_title":"Sonora en Equipo. Se une a programa Reciclase Escuela Primaria Adolfo de la Huerta Municipios","og_description":"HERMOSILLO, SONORA, MX.\u02d7\u02d7\u02d7 Ni\u00f1as y ni\u00f1os alumnos de la Escuela Primaria Adolfo de la Huerta se sumaron a las actividades del Ayuntamiento de Hermosillo En Sonora en Equipo publicamos toda la informaci\u00f3n de Sonora, M\u00e9xico y el Mundo de manera oportuna y busca que la libertad de expresi\u00f3n sea real. Visita nuestro medio informativo publicado desde Hermosillo, Sonora. %","og_url":"https:\/\/www.sonoraenequipo.com.mx\/se-une-a-programa-reciclase-escuela-primaria-adolfo-de-la-huerta\/","og_site_name":"Sonora en Equipo.","article_publisher":"https:\/\/www.facebook.com\/SonoraEE\/","article_author":"https:\/\/www.facebook.com\/SonoraEE","article_published_time":"2024-04-24T20:36:05+00:00","article_modified_time":"2024-04-24T20:36:38+00:00","og_image":[{"width":900,"height":665,"url":"https:\/\/www.sonoraenequipo.com.mx\/storage\/2024\/04\/reciclase.jpg","type":"image\/jpeg"}],"author":"enequipo","twitter_card":"summary_large_image","twitter_creator":"@sonoraenequipo","twitter_site":"@sonoraenequipo","twitter_misc":{"Escrito por":"enequipo","Tiempo de lectura":"1 minuto"},"schema":{"@context":"https:\/\/schema.org","@graph":[{"@type":"Article","@id":"https:\/\/www.sonoraenequipo.com.mx\/se-une-a-programa-reciclase-escuela-primaria-adolfo-de-la-huerta\/#article","isPartOf":{"@id":"https:\/\/www.sonoraenequipo.com.mx\/se-une-a-programa-reciclase-escuela-primaria-adolfo-de-la-huerta\/"},"author":{"name":"enequipo","@id":"https:\/\/www.sonoraenequipo.com.mx\/#\/schema\/person\/50102df0fb23a8fa9e8effad8fa81386"},"headline":"Se une a programa Reciclase Escuela Primaria Adolfo de la Huerta","datePublished":"2024-04-24T20:36:05+00:00","dateModified":"2024-04-24T20:36:38+00:00","mainEntityOfPage":{"@id":"https:\/\/www.sonoraenequipo.com.mx\/se-une-a-programa-reciclase-escuela-primaria-adolfo-de-la-huerta\/"},"wordCount":198,"commentCount":0,"publisher":{"@id":"https:\/\/www.sonoraenequipo.com.mx\/#organization"},"image":{"@id":"https:\/\/www.sonoraenequipo.com.mx\/se-une-a-programa-reciclase-escuela-primaria-adolfo-de-la-huerta\/#primaryimage"},"thumbnailUrl":"https:\/\/www.sonoraenequipo.com.mx\/storage\/2024\/04\/reciclase.jpg","articleSection":["Municipios"],"inLanguage":"es","potentialAction":[{"@type":"CommentAction","name":"Comment","target":["https:\/\/www.sonoraenequipo.com.mx\/se-une-a-programa-reciclase-escuela-primaria-adolfo-de-la-huerta\/#respond"]}]},{"@type":"WebPage","@id":"https:\/\/www.sonoraenequipo.com.mx\/se-une-a-programa-reciclase-escuela-primaria-adolfo-de-la-huerta\/","url":"https:\/\/www.sonoraenequipo.com.mx\/se-une-a-programa-reciclase-escuela-primaria-adolfo-de-la-huerta\/","name":"Sonora en Equipo. Se une a programa Reciclase Escuela Primaria Adolfo de la Huerta Municipios","isPartOf":{"@id":"https:\/\/www.sonoraenequipo.com.mx\/#website"},"primaryImageOfPage":{"@id":"https:\/\/www.sonoraenequipo.com.mx\/se-une-a-programa-reciclase-escuela-primaria-adolfo-de-la-huerta\/#primaryimage"},"image":{"@id":"https:\/\/www.sonoraenequipo.com.mx\/se-une-a-programa-reciclase-escuela-primaria-adolfo-de-la-huerta\/#primaryimage"},"thumbnailUrl":"https:\/\/www.sonoraenequipo.com.mx\/storage\/2024\/04\/reciclase.jpg","datePublished":"2024-04-24T20:36:05+00:00","dateModified":"2024-04-24T20:36:38+00:00","description":"HERMOSILLO, SONORA, MX.\u02d7\u02d7\u02d7 Ni\u00f1as y ni\u00f1os alumnos de la Escuela Primaria Adolfo de la Huerta se sumaron a las actividades del Ayuntamiento de Hermosillo En Sonora en Equipo publicamos toda la informaci\u00f3n de Sonora, M\u00e9xico y el Mundo de manera oportuna y busca que la libertad de expresi\u00f3n sea real. Visita nuestro medio informativo publicado desde Hermosillo, Sonora. %","breadcrumb":{"@id":"https:\/\/www.sonoraenequipo.com.mx\/se-une-a-programa-reciclase-escuela-primaria-adolfo-de-la-huerta\/#breadcrumb"},"inLanguage":"es","potentialAction":[{"@type":"ReadAction","target":["https:\/\/www.sonoraenequipo.com.mx\/se-une-a-programa-reciclase-escuela-primaria-adolfo-de-la-huerta\/"]}]},{"@type":"ImageObject","inLanguage":"es","@id":"https:\/\/www.sonoraenequipo.com.mx\/se-une-a-programa-reciclase-escuela-primaria-adolfo-de-la-huerta\/#primaryimage","url":"https:\/\/www.sonoraenequipo.com.mx\/storage\/2024\/04\/reciclase.jpg","contentUrl":"https:\/\/www.sonoraenequipo.com.mx\/storage\/2024\/04\/reciclase.jpg","width":900,"height":665},{"@type":"BreadcrumbList","@id":"https:\/\/www.sonoraenequipo.com.mx\/se-une-a-programa-reciclase-escuela-primaria-adolfo-de-la-huerta\/#breadcrumb","itemListElement":[{"@type":"ListItem","position":1,"name":"Portada","item":"https:\/\/www.sonoraenequipo.com.mx\/"},{"@type":"ListItem","position":2,"name":"Se une a programa Reciclase Escuela Primaria Adolfo de la Huerta"}]},{"@type":"WebSite","@id":"https:\/\/www.sonoraenequipo.com.mx\/#website","url":"https:\/\/www.sonoraenequipo.com.mx\/","name":"Sonora en Equipo.","description":"Diario en l\u00ednea con Noticias desde Hermosillo, Sonora","publisher":{"@id":"https:\/\/www.sonoraenequipo.com.mx\/#organization"},"potentialAction":[{"@type":"SearchAction","target":{"@type":"EntryPoint","urlTemplate":"https:\/\/www.sonoraenequipo.com.mx\/?s={search_term_string}"},"query-input":{"@type":"PropertyValueSpecification","valueRequired":true,"valueName":"search_term_string"}}],"inLanguage":"es"},{"@type":"Organization","@id":"https:\/\/www.sonoraenequipo.com.mx\/#organization","name":"Sonoraenequipo.com.mx","url":"https:\/\/www.sonoraenequipo.com.mx\/","logo":{"@type":"ImageObject","inLanguage":"es","@id":"https:\/\/www.sonoraenequipo.com.mx\/#\/schema\/logo\/image\/","url":"https:\/\/www.sonoraenequipo.com.mx\/storage\/2019\/01\/sonoraenequipo_opt.png","contentUrl":"https:\/\/www.sonoraenequipo.com.mx\/storage\/2019\/01\/sonoraenequipo_opt.png","width":375,"height":125,"caption":"Sonoraenequipo.com.mx"},"image":{"@id":"https:\/\/www.sonoraenequipo.com.mx\/#\/schema\/logo\/image\/"},"sameAs":["https:\/\/www.facebook.com\/SonoraEE\/","https:\/\/x.com\/sonoraenequipo","https:\/\/www.youtube.com\/channel\/UC338nW-lPEYmJQs4ZABQ1SQ"]},{"@type":"Person","@id":"https:\/\/www.sonoraenequipo.com.mx\/#\/schema\/person\/50102df0fb23a8fa9e8effad8fa81386","name":"enequipo","image":{"@type":"ImageObject","inLanguage":"es","@id":"https:\/\/www.sonoraenequipo.com.mx\/#\/schema\/person\/image\/","url":"https:\/\/secure.gravatar.com\/avatar\/049821681b589dabc0bc20695993ccebb09f5b5d4d790cd9251b97faac7c652b?s=96&d=blank&r=g","contentUrl":"https:\/\/secure.gravatar.com\/avatar\/049821681b589dabc0bc20695993ccebb09f5b5d4d790cd9251b97faac7c652b?s=96&d=blank&r=g","caption":"enequipo"},"sameAs":["https:\/\/www.facebook.com\/SonoraEE"]}]}},"jetpack_featured_media_url":"https:\/\/www.sonoraenequipo.com.mx\/storage\/2024\/04\/reciclase.jpg","_links":{"self":[{"href":"https:\/\/www.sonoraenequipo.com.mx\/api\/wp\/v2\/posts\/188292","targetHints":{"allow":["GET"]}}],"collection":[{"href":"https:\/\/www.sonoraenequipo.com.mx\/api\/wp\/v2\/posts"}],"about":[{"href":"https:\/\/www.sonoraenequipo.com.mx\/api\/wp\/v2\/types\/post"}],"author":[{"embeddable":true,"href":"https:\/\/www.sonoraenequipo.com.mx\/api\/wp\/v2\/users\/1"}],"replies":[{"embeddable":true,"href":"https:\/\/www.sonoraenequipo.com.mx\/api\/wp\/v2\/comments?post=188292"}],"version-history":[{"count":1,"href":"https:\/\/www.sonoraenequipo.com.mx\/api\/wp\/v2\/posts\/188292\/revisions"}],"predecessor-version":[{"id":188294,"href":"https:\/\/www.sonoraenequipo.com.mx\/api\/wp\/v2\/posts\/188292\/revisions\/188294"}],"wp:featuredmedia":[{"embeddable":true,"href":"https:\/\/www.sonoraenequipo.com.mx\/api\/wp\/v2\/media\/188293"}],"wp:attachment":[{"href":"https:\/\/www.sonoraenequipo.com.mx\/api\/wp\/v2\/media?parent=188292"}],"wp:term":[{"taxonomy":"category","embeddable":true,"href":"https:\/\/www.sonoraenequipo.com.mx\/api\/wp\/v2\/categories?post=188292"},{"taxonomy":"post_tag","embeddable":true,"href":"https:\/\/www.sonoraenequipo.com.mx\/api\/wp\/v2\/tags?post=188292"}],"curies":[{"name":"wp","href":"https:\/\/api.w.org\/{rel}","templated":true}]}}